{"id":40456,"date":"2025-03-14T13:21:10","date_gmt":"2025-03-14T11:21:10","guid":{"rendered":"https:\/\/www.psib-psoe.org\/eivissa\/?p=40456"},"modified":"2025-03-14T13:22:05","modified_gmt":"2025-03-14T11:22:05","slug":"el-psoe-reclama-a-vicent-mari-mes-recursos-i-personal-en-els-centres-datencio-social-del-consell-insular","status":"publish","type":"post","link":"https:\/\/www.psib-psoe.org\/eivissa\/el-psoe-reclama-a-vicent-mari-mes-recursos-i-personal-en-els-centres-datencio-social-del-consell-insular\/","title":{"rendered":"El PSOE reclama a Vicent Mar\u00ed m\u00e9s recursos i personal en els centres d\u2019atenci\u00f3 social del Consell Insular"},"content":{"rendered":"<p>El Grup Socialista al Consell Insular d\u2019Eivissa ha denunciat avui la falta de personal i recursos econ\u00f2mics en els centres d\u2019atenci\u00f3 social de l\u2019illa, una situaci\u00f3 que afecta especialment els serveis destinats als menors tutelats. La portaveu socialista, Elena L\u00f3pez, i el conseller socialista, V\u00edctor Torres, han advertit que el Consell Insular no est\u00e0 exercint la seva responsabilitat en la gesti\u00f3 d\u2019aquests serveis. El PSOE reclama una revisi\u00f3 de r\u00e0tios, m\u00e9s recursos econ\u00f2mics i de personal i la implementaci\u00f3 de m\u00e9s mesures de seguretat i suport.<\/p>\n<p>Elena L\u00f3pez ha recordat que el debat sobre la falta de recursos en aquest \u00e0mbit s\u2019ha intensificat arran del terrible assassinat d\u2019una educadora social a Extremadura, fet que ha evidenciat la precarietat i el d\u00e8ficit de mitjans en molts centres de l\u2019Estat. \u201cA Eivissa, els menors amb mesures judicials s\u00f3n traslladats a Mallorca, per\u00f2 aix\u00f2 no significa que els nostres centres no necessitin m\u00e9s recursos i personal per atendre correctament els menors tutelats\u201d, ha explicat.<\/p>\n<p>El PSOE han advertit que el Partit Popular de Vicent Mar\u00ed est\u00e0 privatitzant els serveis socials del Consell Insular, deixant-los en mans d\u2019empreses en lloc de garantir-ne una gesti\u00f3 p\u00fablica de qualitat. \u201cEl Consell Insular no est\u00e0 fent la seva feina: no es cobreixen les baixes, la falta de personal \u00e9s constant i, com a conseq\u00fc\u00e8ncia, els serveis s\u2019estan deteriorant\u201d, ha assenyalat Elena L\u00f3pez, qui ha donat suport a les mobilitzacions organitzades a Eivissa pels professionals del sector en les seues reivindicacions.<\/p>\n<p>El conseller V\u00edctor Torres ha recordat que el Consell Insular d\u2019Eivissa t\u00e9 totes les compet\u00e8ncies en mat\u00e8ria de menors i que, per tant, \u00e9s la seva responsabilitat garantir un servei adequat i segur. \u201cEl Consell ha de posar tots els mitjans i recursos necessaris per protegir aquests menors i donar suport als professionals que hi treballen\u201d, ha concl\u00f2s.<\/p>\n","protected":false},"excerpt":{"rendered":"<p>El Grup Socialista al Consell Insular d\u2019Eivissa ha denunciat avui la falta de personal i recursos econ\u00f2mics en els centres d\u2019atenci\u00f3 social de l\u2019illa, una situaci\u00f3 que afecta especialment els serveis destinats als menors tutelats. La portaveu socialista, Elena L\u00f3pez, i el conseller socialista, V\u00edctor Torres, han advertit que el Consell Insular no est\u00e0 exercint&hellip;<\/p>\n","protected":false},"author":1,"featured_media":40085,"comment_status":"closed","ping_status":"closed","sticky":false,"template":"","format":"standard","meta":{"footnotes":""},"categories":[192,1],"tags":[],"class_list":["post-40456","post","type-post","status-publish","format-standard","has-post-thumbnail","hentry","category-consell-deivissa","category-federacio-de-eivissa-portada"],"yoast_head":"<!-- This site is optimized with the Yoast SEO plugin v26.9 - https:\/\/yoast.com\/product\/yoast-seo-wordpress\/ -->\n<title>El PSOE reclama a Vicent Mar\u00ed m\u00e9s recursos i personal en els centres d\u2019atenci\u00f3 social del Consell Insular - Federaci\u00f3 Socialista d&#039;Eivissa<\/title>\n<meta name=\"robots\" content=\"index, follow, max-snippet:-1, max-image-preview:large, max-video-preview:-1\" \/>\n<link rel=\"canonical\" href=\"https:\/\/www.psib-psoe.org\/eivissa\/el-psoe-reclama-a-vicent-mari-mes-recursos-i-personal-en-els-centres-datencio-social-del-consell-insular\/\" \/>\n<meta property=\"og:locale\" content=\"ca_ES\" \/>\n<meta property=\"og:type\" content=\"article\" \/>\n<meta property=\"og:title\" content=\"El PSOE reclama a Vicent Mar\u00ed m\u00e9s recursos i personal en els centres d\u2019atenci\u00f3 social del Consell Insular - Federaci\u00f3 Socialista d&#039;Eivissa\" \/>\n<meta property=\"og:description\" content=\"El Grup Socialista al Consell Insular d\u2019Eivissa ha denunciat avui la falta de personal i recursos econ\u00f2mics en els centres d\u2019atenci\u00f3 social de l\u2019illa, una situaci\u00f3 que afecta especialment els serveis destinats als menors tutelats. La portaveu socialista, Elena L\u00f3pez, i el conseller socialista, V\u00edctor Torres, han advertit que el Consell Insular no est\u00e0 exercint&hellip;\" \/>\n<meta property=\"og:url\" content=\"https:\/\/www.psib-psoe.org\/eivissa\/el-psoe-reclama-a-vicent-mari-mes-recursos-i-personal-en-els-centres-datencio-social-del-consell-insular\/\" \/>\n<meta property=\"og:site_name\" content=\"Federaci\u00f3 Socialista d&#039;Eivissa\" \/>\n<meta property=\"article:published_time\" content=\"2025-03-14T11:21:10+00:00\" \/>\n<meta property=\"article:modified_time\" content=\"2025-03-14T11:22:05+00:00\" \/>\n<meta property=\"og:image\" content=\"https:\/\/www.psib-psoe.org\/eivissa\/wp-content\/uploads\/img_0426.jpg\" \/>\n\t<meta property=\"og:image:width\" content=\"2000\" \/>\n\t<meta property=\"og:image:height\" content=\"1500\" \/>\n\t<meta property=\"og:image:type\" content=\"image\/jpeg\" \/>\n<meta name=\"author\" content=\"adminpsib\" \/>\n<meta name=\"twitter:card\" content=\"summary_large_image\" \/>\n<meta name=\"twitter:label1\" content=\"Escrit per\" \/>\n\t<meta name=\"twitter:data1\" content=\"adminpsib\" \/>\n\t<meta name=\"twitter:label2\" content=\"Temps estimat de lectura\" \/>\n\t<meta name=\"twitter:data2\" content=\"2 minuts\" \/>\n<script type=\"application\/ld+json\" class=\"yoast-schema-graph\">{\"@context\":\"https:\/\/schema.org\",\"@graph\":[{\"@type\":[\"Article\",\"BlogPosting\"],\"@id\":\"https:\/\/www.psib-psoe.org\/eivissa\/el-psoe-reclama-a-vicent-mari-mes-recursos-i-personal-en-els-centres-datencio-social-del-consell-insular\/#article\",\"isPartOf\":{\"@id\":\"https:\/\/www.psib-psoe.org\/eivissa\/el-psoe-reclama-a-vicent-mari-mes-recursos-i-personal-en-els-centres-datencio-social-del-consell-insular\/\"},\"author\":{\"name\":\"adminpsib\",\"@id\":\"https:\/\/www.psib-psoe.org\/eivissa\/#\/schema\/person\/099ab3ef73a3645a1d7f303518e6ce24\"},\"headline\":\"El PSOE reclama a Vicent Mar\u00ed m\u00e9s recursos i personal en els centres d\u2019atenci\u00f3 social del Consell Insular\",\"datePublished\":\"2025-03-14T11:21:10+00:00\",\"dateModified\":\"2025-03-14T11:22:05+00:00\",\"mainEntityOfPage\":{\"@id\":\"https:\/\/www.psib-psoe.org\/eivissa\/el-psoe-reclama-a-vicent-mari-mes-recursos-i-personal-en-els-centres-datencio-social-del-consell-insular\/\"},\"wordCount\":349,\"publisher\":{\"@id\":\"https:\/\/www.psib-psoe.org\/eivissa\/#organization\"},\"image\":{\"@id\":\"https:\/\/www.psib-psoe.org\/eivissa\/el-psoe-reclama-a-vicent-mari-mes-recursos-i-personal-en-els-centres-datencio-social-del-consell-insular\/#primaryimage\"},\"thumbnailUrl\":\"https:\/\/www.psib-psoe.org\/eivissa\/wp-content\/uploads\/img_0426.jpg\",\"articleSection\":[\"Consell d'Eivissa\",\"Federaci\u00f3 d'Eivissa - Portada\"],\"inLanguage\":\"ca\"},{\"@type\":\"WebPage\",\"@id\":\"https:\/\/www.psib-psoe.org\/eivissa\/el-psoe-reclama-a-vicent-mari-mes-recursos-i-personal-en-els-centres-datencio-social-del-consell-insular\/\",\"url\":\"https:\/\/www.psib-psoe.org\/eivissa\/el-psoe-reclama-a-vicent-mari-mes-recursos-i-personal-en-els-centres-datencio-social-del-consell-insular\/\",\"name\":\"El PSOE reclama a Vicent Mar\u00ed m\u00e9s recursos i personal en els centres d\u2019atenci\u00f3 social del Consell Insular - Federaci\u00f3 Socialista d&#039;Eivissa\",\"isPartOf\":{\"@id\":\"https:\/\/www.psib-psoe.org\/eivissa\/#website\"},\"primaryImageOfPage\":{\"@id\":\"https:\/\/www.psib-psoe.org\/eivissa\/el-psoe-reclama-a-vicent-mari-mes-recursos-i-personal-en-els-centres-datencio-social-del-consell-insular\/#primaryimage\"},\"image\":{\"@id\":\"https:\/\/www.psib-psoe.org\/eivissa\/el-psoe-reclama-a-vicent-mari-mes-recursos-i-personal-en-els-centres-datencio-social-del-consell-insular\/#primaryimage\"},\"thumbnailUrl\":\"https:\/\/www.psib-psoe.org\/eivissa\/wp-content\/uploads\/img_0426.jpg\",\"datePublished\":\"2025-03-14T11:21:10+00:00\",\"dateModified\":\"2025-03-14T11:22:05+00:00\",\"breadcrumb\":{\"@id\":\"https:\/\/www.psib-psoe.org\/eivissa\/el-psoe-reclama-a-vicent-mari-mes-recursos-i-personal-en-els-centres-datencio-social-del-consell-insular\/#breadcrumb\"},\"inLanguage\":\"ca\",\"potentialAction\":[{\"@type\":\"ReadAction\",\"target\":[\"https:\/\/www.psib-psoe.org\/eivissa\/el-psoe-reclama-a-vicent-mari-mes-recursos-i-personal-en-els-centres-datencio-social-del-consell-insular\/\"]}]},{\"@type\":\"ImageObject\",\"inLanguage\":\"ca\",\"@id\":\"https:\/\/www.psib-psoe.org\/eivissa\/el-psoe-reclama-a-vicent-mari-mes-recursos-i-personal-en-els-centres-datencio-social-del-consell-insular\/#primaryimage\",\"url\":\"https:\/\/www.psib-psoe.org\/eivissa\/wp-content\/uploads\/img_0426.jpg\",\"contentUrl\":\"https:\/\/www.psib-psoe.org\/eivissa\/wp-content\/uploads\/img_0426.jpg\",\"width\":2000,\"height\":1500},{\"@type\":\"BreadcrumbList\",\"@id\":\"https:\/\/www.psib-psoe.org\/eivissa\/el-psoe-reclama-a-vicent-mari-mes-recursos-i-personal-en-els-centres-datencio-social-del-consell-insular\/#breadcrumb\",\"itemListElement\":[{\"@type\":\"ListItem\",\"position\":1,\"name\":\"Inici\",\"item\":\"https:\/\/www.psib-psoe.org\/eivissa\/\"},{\"@type\":\"ListItem\",\"position\":2,\"name\":\"El PSOE reclama a Vicent Mar\u00ed m\u00e9s recursos i personal en els centres d\u2019atenci\u00f3 social del Consell Insular\"}]},{\"@type\":\"WebSite\",\"@id\":\"https:\/\/www.psib-psoe.org\/eivissa\/#website\",\"url\":\"https:\/\/www.psib-psoe.org\/eivissa\/\",\"name\":\"Federaci\u00f3 Socialista d'Eivissa\",\"description\":\"Socialistes d&#039;Eivissa\",\"publisher\":{\"@id\":\"https:\/\/www.psib-psoe.org\/eivissa\/#organization\"},\"potentialAction\":[{\"@type\":\"SearchAction\",\"target\":{\"@type\":\"EntryPoint\",\"urlTemplate\":\"https:\/\/www.psib-psoe.org\/eivissa\/?s={search_term_string}\"},\"query-input\":{\"@type\":\"PropertyValueSpecification\",\"valueRequired\":true,\"valueName\":\"search_term_string\"}}],\"inLanguage\":\"ca\"},{\"@type\":\"Organization\",\"@id\":\"https:\/\/www.psib-psoe.org\/eivissa\/#organization\",\"name\":\"Federaci\u00f3 Socialista d'Eivissa\",\"url\":\"https:\/\/www.psib-psoe.org\/eivissa\/\",\"logo\":{\"@type\":\"ImageObject\",\"inLanguage\":\"ca\",\"@id\":\"https:\/\/www.psib-psoe.org\/eivissa\/#\/schema\/logo\/image\/\",\"url\":\"https:\/\/www.psib-psoe.org\/eivissa\/wp-content\/uploads\/LOGO-FSE-SOCIALISTA-DEIVISSA-HORI.png\",\"contentUrl\":\"https:\/\/www.psib-psoe.org\/eivissa\/wp-content\/uploads\/LOGO-FSE-SOCIALISTA-DEIVISSA-HORI.png\",\"width\":6000,\"height\":3104,\"caption\":\"Federaci\u00f3 Socialista d'Eivissa\"},\"image\":{\"@id\":\"https:\/\/www.psib-psoe.org\/eivissa\/#\/schema\/logo\/image\/\"}},{\"@type\":\"Person\",\"@id\":\"https:\/\/www.psib-psoe.org\/eivissa\/#\/schema\/person\/099ab3ef73a3645a1d7f303518e6ce24\",\"name\":\"adminpsib\",\"url\":\"https:\/\/www.psib-psoe.org\/eivissa\/author\/adminpsib\/\"}]}<\/script>\n<!-- \/ Yoast SEO plugin. -->","yoast_head_json":{"title":"El PSOE reclama a Vicent Mar\u00ed m\u00e9s recursos i personal en els centres d\u2019atenci\u00f3 social del Consell Insular - Federaci\u00f3 Socialista d&#039;Eivissa","robots":{"index":"index","follow":"follow","max-snippet":"max-snippet:-1","max-image-preview":"max-image-preview:large","max-video-preview":"max-video-preview:-1"},"canonical":"https:\/\/www.psib-psoe.org\/eivissa\/el-psoe-reclama-a-vicent-mari-mes-recursos-i-personal-en-els-centres-datencio-social-del-consell-insular\/","og_locale":"ca_ES","og_type":"article","og_title":"El PSOE reclama a Vicent Mar\u00ed m\u00e9s recursos i personal en els centres d\u2019atenci\u00f3 social del Consell Insular - Federaci\u00f3 Socialista d&#039;Eivissa","og_description":"El Grup Socialista al Consell Insular d\u2019Eivissa ha denunciat avui la falta de personal i recursos econ\u00f2mics en els centres d\u2019atenci\u00f3 social de l\u2019illa, una situaci\u00f3 que afecta especialment els serveis destinats als menors tutelats. La portaveu socialista, Elena L\u00f3pez, i el conseller socialista, V\u00edctor Torres, han advertit que el Consell Insular no est\u00e0 exercint&hellip;","og_url":"https:\/\/www.psib-psoe.org\/eivissa\/el-psoe-reclama-a-vicent-mari-mes-recursos-i-personal-en-els-centres-datencio-social-del-consell-insular\/","og_site_name":"Federaci\u00f3 Socialista d&#039;Eivissa","article_published_time":"2025-03-14T11:21:10+00:00","article_modified_time":"2025-03-14T11:22:05+00:00","og_image":[{"width":2000,"height":1500,"url":"https:\/\/www.psib-psoe.org\/eivissa\/wp-content\/uploads\/img_0426.jpg","type":"image\/jpeg"}],"author":"adminpsib","twitter_card":"summary_large_image","twitter_misc":{"Escrit per":"adminpsib","Temps estimat de lectura":"2 minuts"},"schema":{"@context":"https:\/\/schema.org","@graph":[{"@type":["Article","BlogPosting"],"@id":"https:\/\/www.psib-psoe.org\/eivissa\/el-psoe-reclama-a-vicent-mari-mes-recursos-i-personal-en-els-centres-datencio-social-del-consell-insular\/#article","isPartOf":{"@id":"https:\/\/www.psib-psoe.org\/eivissa\/el-psoe-reclama-a-vicent-mari-mes-recursos-i-personal-en-els-centres-datencio-social-del-consell-insular\/"},"author":{"name":"adminpsib","@id":"https:\/\/www.psib-psoe.org\/eivissa\/#\/schema\/person\/099ab3ef73a3645a1d7f303518e6ce24"},"headline":"El PSOE reclama a Vicent Mar\u00ed m\u00e9s recursos i personal en els centres d\u2019atenci\u00f3 social del Consell Insular","datePublished":"2025-03-14T11:21:10+00:00","dateModified":"2025-03-14T11:22:05+00:00","mainEntityOfPage":{"@id":"https:\/\/www.psib-psoe.org\/eivissa\/el-psoe-reclama-a-vicent-mari-mes-recursos-i-personal-en-els-centres-datencio-social-del-consell-insular\/"},"wordCount":349,"publisher":{"@id":"https:\/\/www.psib-psoe.org\/eivissa\/#organization"},"image":{"@id":"https:\/\/www.psib-psoe.org\/eivissa\/el-psoe-reclama-a-vicent-mari-mes-recursos-i-personal-en-els-centres-datencio-social-del-consell-insular\/#primaryimage"},"thumbnailUrl":"https:\/\/www.psib-psoe.org\/eivissa\/wp-content\/uploads\/img_0426.jpg","articleSection":["Consell d'Eivissa","Federaci\u00f3 d'Eivissa - Portada"],"inLanguage":"ca"},{"@type":"WebPage","@id":"https:\/\/www.psib-psoe.org\/eivissa\/el-psoe-reclama-a-vicent-mari-mes-recursos-i-personal-en-els-centres-datencio-social-del-consell-insular\/","url":"https:\/\/www.psib-psoe.org\/eivissa\/el-psoe-reclama-a-vicent-mari-mes-recursos-i-personal-en-els-centres-datencio-social-del-consell-insular\/","name":"El PSOE reclama a Vicent Mar\u00ed m\u00e9s recursos i personal en els centres d\u2019atenci\u00f3 social del Consell Insular - Federaci\u00f3 Socialista d&#039;Eivissa","isPartOf":{"@id":"https:\/\/www.psib-psoe.org\/eivissa\/#website"},"primaryImageOfPage":{"@id":"https:\/\/www.psib-psoe.org\/eivissa\/el-psoe-reclama-a-vicent-mari-mes-recursos-i-personal-en-els-centres-datencio-social-del-consell-insular\/#primaryimage"},"image":{"@id":"https:\/\/www.psib-psoe.org\/eivissa\/el-psoe-reclama-a-vicent-mari-mes-recursos-i-personal-en-els-centres-datencio-social-del-consell-insular\/#primaryimage"},"thumbnailUrl":"https:\/\/www.psib-psoe.org\/eivissa\/wp-content\/uploads\/img_0426.jpg","datePublished":"2025-03-14T11:21:10+00:00","dateModified":"2025-03-14T11:22:05+00:00","breadcrumb":{"@id":"https:\/\/www.psib-psoe.org\/eivissa\/el-psoe-reclama-a-vicent-mari-mes-recursos-i-personal-en-els-centres-datencio-social-del-consell-insular\/#breadcrumb"},"inLanguage":"ca","potentialAction":[{"@type":"ReadAction","target":["https:\/\/www.psib-psoe.org\/eivissa\/el-psoe-reclama-a-vicent-mari-mes-recursos-i-personal-en-els-centres-datencio-social-del-consell-insular\/"]}]},{"@type":"ImageObject","inLanguage":"ca","@id":"https:\/\/www.psib-psoe.org\/eivissa\/el-psoe-reclama-a-vicent-mari-mes-recursos-i-personal-en-els-centres-datencio-social-del-consell-insular\/#primaryimage","url":"https:\/\/www.psib-psoe.org\/eivissa\/wp-content\/uploads\/img_0426.jpg","contentUrl":"https:\/\/www.psib-psoe.org\/eivissa\/wp-content\/uploads\/img_0426.jpg","width":2000,"height":1500},{"@type":"BreadcrumbList","@id":"https:\/\/www.psib-psoe.org\/eivissa\/el-psoe-reclama-a-vicent-mari-mes-recursos-i-personal-en-els-centres-datencio-social-del-consell-insular\/#breadcrumb","itemListElement":[{"@type":"ListItem","position":1,"name":"Inici","item":"https:\/\/www.psib-psoe.org\/eivissa\/"},{"@type":"ListItem","position":2,"name":"El PSOE reclama a Vicent Mar\u00ed m\u00e9s recursos i personal en els centres d\u2019atenci\u00f3 social del Consell Insular"}]},{"@type":"WebSite","@id":"https:\/\/www.psib-psoe.org\/eivissa\/#website","url":"https:\/\/www.psib-psoe.org\/eivissa\/","name":"Federaci\u00f3 Socialista d'Eivissa","description":"Socialistes d&#039;Eivissa","publisher":{"@id":"https:\/\/www.psib-psoe.org\/eivissa\/#organization"},"potentialAction":[{"@type":"SearchAction","target":{"@type":"EntryPoint","urlTemplate":"https:\/\/www.psib-psoe.org\/eivissa\/?s={search_term_string}"},"query-input":{"@type":"PropertyValueSpecification","valueRequired":true,"valueName":"search_term_string"}}],"inLanguage":"ca"},{"@type":"Organization","@id":"https:\/\/www.psib-psoe.org\/eivissa\/#organization","name":"Federaci\u00f3 Socialista d'Eivissa","url":"https:\/\/www.psib-psoe.org\/eivissa\/","logo":{"@type":"ImageObject","inLanguage":"ca","@id":"https:\/\/www.psib-psoe.org\/eivissa\/#\/schema\/logo\/image\/","url":"https:\/\/www.psib-psoe.org\/eivissa\/wp-content\/uploads\/LOGO-FSE-SOCIALISTA-DEIVISSA-HORI.png","contentUrl":"https:\/\/www.psib-psoe.org\/eivissa\/wp-content\/uploads\/LOGO-FSE-SOCIALISTA-DEIVISSA-HORI.png","width":6000,"height":3104,"caption":"Federaci\u00f3 Socialista d'Eivissa"},"image":{"@id":"https:\/\/www.psib-psoe.org\/eivissa\/#\/schema\/logo\/image\/"}},{"@type":"Person","@id":"https:\/\/www.psib-psoe.org\/eivissa\/#\/schema\/person\/099ab3ef73a3645a1d7f303518e6ce24","name":"adminpsib","url":"https:\/\/www.psib-psoe.org\/eivissa\/author\/adminpsib\/"}]}},"_links":{"self":[{"href":"https:\/\/www.psib-psoe.org\/eivissa\/wp-json\/wp\/v2\/posts\/40456","targetHints":{"allow":["GET"]}}],"collection":[{"href":"https:\/\/www.psib-psoe.org\/eivissa\/wp-json\/wp\/v2\/posts"}],"about":[{"href":"https:\/\/www.psib-psoe.org\/eivissa\/wp-json\/wp\/v2\/types\/post"}],"author":[{"embeddable":true,"href":"https:\/\/www.psib-psoe.org\/eivissa\/wp-json\/wp\/v2\/users\/1"}],"replies":[{"embeddable":true,"href":"https:\/\/www.psib-psoe.org\/eivissa\/wp-json\/wp\/v2\/comments?post=40456"}],"version-history":[{"count":1,"href":"https:\/\/www.psib-psoe.org\/eivissa\/wp-json\/wp\/v2\/posts\/40456\/revisions"}],"predecessor-version":[{"id":40457,"href":"https:\/\/www.psib-psoe.org\/eivissa\/wp-json\/wp\/v2\/posts\/40456\/revisions\/40457"}],"wp:featuredmedia":[{"embeddable":true,"href":"https:\/\/www.psib-psoe.org\/eivissa\/wp-json\/wp\/v2\/media\/40085"}],"wp:attachment":[{"href":"https:\/\/www.psib-psoe.org\/eivissa\/wp-json\/wp\/v2\/media?parent=40456"}],"wp:term":[{"taxonomy":"category","embeddable":true,"href":"https:\/\/www.psib-psoe.org\/eivissa\/wp-json\/wp\/v2\/categories?post=40456"},{"taxonomy":"post_tag","embeddable":true,"href":"https:\/\/www.psib-psoe.org\/eivissa\/wp-json\/wp\/v2\/tags?post=40456"}],"curies":[{"name":"wp","href":"https:\/\/api.w.org\/{rel}","templated":true}]}}