{"id":40483,"date":"2025-03-21T12:30:04","date_gmt":"2025-03-21T10:30:04","guid":{"rendered":"https:\/\/www.psib-psoe.org\/eivissa\/?p=40483"},"modified":"2025-03-21T13:17:41","modified_gmt":"2025-03-21T11:17:41","slug":"pp-i-vox-consumen-en-el-parlament-la-retallada-de-sancions-a-les-festes-en-cases-turistiques-tot-el-contrari-del-que-havia-dit-el-consell-insular-de-vicent-mari","status":"publish","type":"post","link":"https:\/\/www.psib-psoe.org\/eivissa\/pp-i-vox-consumen-en-el-parlament-la-retallada-de-sancions-a-les-festes-en-cases-turistiques-tot-el-contrari-del-que-havia-dit-el-consell-insular-de-vicent-mari\/","title":{"rendered":"PP i Vox consumen en el Parlament la retallada de sancions a les festes en cases tur\u00edstiques, tot el contrari del que havia dit el Consell Insular de Vicent Mar\u00ed"},"content":{"rendered":"<p>PP i Vox han pactat en el Parlament de les Illes Balears una retallada a la proposici\u00f3 de llei sancionar les festes en habitatges tur\u00edstics, deixant sense efecte les propostes que havien presentat els grups progressistes. La dreta ha fet el contrari del que havia dit el Consell Insular de Vicent Mar\u00ed, a qui la proposta inicial li pareixia que es quedava \u201ccurta\u201d, com havia arribat a manifestar el conseller del PP Mariano Juan. <\/p>\n<p>Una desautoritzaci\u00f3 en tota regla al mateix Vicent Mar\u00ed, a pesar que tamb\u00e9 \u00e9s diputat del PP al Parlament, que es va consumar ahir a la tarda en reuni\u00f3 de la Pon\u00e8ncia de la Proposici\u00f3 de llei, registrada per M\u00e9s per Menorca, per modificar la Llei 7\/2013 amb l\u2019objectiu de protegir el descans dels residents evitant les festes en habitatges que es comercialitzen legalment com a habitatges tur\u00edstics. <\/p>\n<p>La proposta inicial establia multes per als infractors i sancions als propietaris o comercialitzadors de les cases, amb la p\u00e8rdua de l\u2019autoritzaci\u00f3 tur\u00edstica si no prenien mesures per tal d\u2019evitar-les.<\/p>\n<p>El diputat del PSOE d\u2019Eivissa membre de la pon\u00e8ncia, \u00c0lex Pitaluga, ha denunciat que el Partit Popular i Vox han pactat eliminar de la llei tota la proposta de M\u00e9s per Menorca i tamb\u00e9 les esmenes socialistes, consistents en afegir una disposici\u00f3 per prohibir festes i espectacles amb p\u00fablic en el domini p\u00fablic mar\u00edtim terrestre llevat d&#8217;excepcions justificades.<\/p>\n<p>La proposta del PSOE tenia per objectiu \u201cevitar la privatitzaci\u00f3 de les nostres platges i espais naturals fent negocis o festes privades\u201d. Una situaci\u00f3 que fa uns anys es viu, per exemple, a Cala Gracioneta, on els residents es troben que no poden ni accedir a la platja, com ha explicat \u00c0lex Pitaluga. <\/p>\n<p>El PP, amb la seva esmena pactada amb Vox, \u201cha buidat de contingut aquesta proposici\u00f3 de llei\u201d. \u201cPP i Vox han acordat eliminar la possibilitat que es retiri als propietaris la llic\u00e8ncia tur\u00edstica per permetre les festes, i ara nom\u00e9s haurien de fer un requeriment als seus clients perqu\u00e8 abandonin l\u2019habitatge en 24 hores\u201d. <\/p>\n<p>La norma es limita a dir que si al contracte signat entre propietari i client, no s\u2019especifica la prohibici\u00f3 o no s\u2019adopten mesures seria una infracci\u00f3 de la llei tur\u00edstica, per\u00f2 l\u2019esmena transaccionada amb Vox eximeix de responsabilitat al propietari si no hi ha evid\u00e8ncia clara que va consentir la festa, amb la qual cosa es produeix una passa enrere en la llei Tur\u00edstica actualment en vigor.<\/p>\n<p>Una actitud del PP al Parlament que contrasta i \u201cdeixa en evid\u00e8ncia les demandes que havia fet Mariano Juan del Consell d&#8217;Eivissa a la Proposici\u00f3 de M\u00e9s per Menorca, una Proposici\u00f3 que li semblava insuficient. <\/p>\n<p>\u201cEl Consell Insular i Vicent Mar\u00ed han quedat una vegada m\u00e9s desautoritzats pel seu propi partit amb aquest pacte entre el Partit Popular i Vox\u201d, ha manifestat el diputat socialista. \u201cEl PP d\u2019Eivissa nom\u00e9s es queixa i reclama mesures, per\u00f2 quan pot prendre-les no ho fa\u201d, ha denunciat \u00c0lex Pitaluga.<\/p>\n<p>La proposici\u00f3 de llei continuar\u00e0 el seu tr\u00e0mit en el Parlament perqu\u00e8 hi ha un vot particular dels proponents. El diputat eivissenc ha dit que els grups progressistes intentaran recuperar el contingut original de la mateixa amb les esmenes del PSOE. No obstant aix\u00f2, el PP i Vox ja han fet la primera passa amb l\u2019objectiu de tombar una iniciativa que pretenia protegir els residents de festes molestes i il\u00b7legals i de la privatitzaci\u00f3 dels espais p\u00fablics. <\/p>\n","protected":false},"excerpt":{"rendered":"<p>PP i Vox han pactat en el Parlament de les Illes Balears una retallada a la proposici\u00f3 de llei sancionar les festes en habitatges tur\u00edstics, deixant sense efecte les propostes que havien presentat els grups progressistes. La dreta ha fet el contrari del que havia dit el Consell Insular de Vicent Mar\u00ed, a qui la&hellip;<\/p>\n","protected":false},"author":1,"featured_media":40427,"comment_status":"closed","ping_status":"closed","sticky":false,"template":"","format":"standard","meta":{"footnotes":""},"categories":[192,1,191],"tags":[],"class_list":["post-40483","post","type-post","status-publish","format-standard","has-post-thumbnail","hentry","category-consell-deivissa","category-federacio-de-eivissa-portada","category-govern-de-les-illes-balears-parlament"],"yoast_head":"<!-- This site is optimized with the Yoast SEO plugin v26.9 - https:\/\/yoast.com\/product\/yoast-seo-wordpress\/ -->\n<title>PP i Vox consumen en el Parlament la retallada de sancions a les festes en cases tur\u00edstiques, tot el contrari del que havia dit el Consell Insular de Vicent Mar\u00ed - Federaci\u00f3 Socialista d&#039;Eivissa<\/title>\n<meta name=\"robots\" content=\"index, follow, max-snippet:-1, max-image-preview:large, max-video-preview:-1\" \/>\n<link rel=\"canonical\" href=\"https:\/\/www.psib-psoe.org\/eivissa\/pp-i-vox-consumen-en-el-parlament-la-retallada-de-sancions-a-les-festes-en-cases-turistiques-tot-el-contrari-del-que-havia-dit-el-consell-insular-de-vicent-mari\/\" \/>\n<meta property=\"og:locale\" content=\"ca_ES\" \/>\n<meta property=\"og:type\" content=\"article\" \/>\n<meta property=\"og:title\" content=\"PP i Vox consumen en el Parlament la retallada de sancions a les festes en cases tur\u00edstiques, tot el contrari del que havia dit el Consell Insular de Vicent Mar\u00ed - Federaci\u00f3 Socialista d&#039;Eivissa\" \/>\n<meta property=\"og:description\" content=\"PP i Vox han pactat en el Parlament de les Illes Balears una retallada a la proposici\u00f3 de llei sancionar les festes en habitatges tur\u00edstics, deixant sense efecte les propostes que havien presentat els grups progressistes. La dreta ha fet el contrari del que havia dit el Consell Insular de Vicent Mar\u00ed, a qui la&hellip;\" \/>\n<meta property=\"og:url\" content=\"https:\/\/www.psib-psoe.org\/eivissa\/pp-i-vox-consumen-en-el-parlament-la-retallada-de-sancions-a-les-festes-en-cases-turistiques-tot-el-contrari-del-que-havia-dit-el-consell-insular-de-vicent-mari\/\" \/>\n<meta property=\"og:site_name\" content=\"Federaci\u00f3 Socialista d&#039;Eivissa\" \/>\n<meta property=\"article:published_time\" content=\"2025-03-21T10:30:04+00:00\" \/>\n<meta property=\"article:modified_time\" content=\"2025-03-21T11:17:41+00:00\" \/>\n<meta property=\"og:image\" content=\"https:\/\/www.psib-psoe.org\/eivissa\/wp-content\/uploads\/pitaluga-parlament.png\" \/>\n\t<meta property=\"og:image:width\" content=\"413\" \/>\n\t<meta property=\"og:image:height\" content=\"228\" \/>\n\t<meta property=\"og:image:type\" content=\"image\/png\" \/>\n<meta name=\"author\" content=\"adminpsib\" \/>\n<meta name=\"twitter:card\" content=\"summary_large_image\" \/>\n<meta name=\"twitter:label1\" content=\"Escrit per\" \/>\n\t<meta name=\"twitter:data1\" content=\"adminpsib\" \/>\n\t<meta name=\"twitter:label2\" content=\"Temps estimat de lectura\" \/>\n\t<meta name=\"twitter:data2\" content=\"3 minuts\" \/>\n<script type=\"application\/ld+json\" class=\"yoast-schema-graph\">{\"@context\":\"https:\/\/schema.org\",\"@graph\":[{\"@type\":[\"Article\",\"BlogPosting\"],\"@id\":\"https:\/\/www.psib-psoe.org\/eivissa\/pp-i-vox-consumen-en-el-parlament-la-retallada-de-sancions-a-les-festes-en-cases-turistiques-tot-el-contrari-del-que-havia-dit-el-consell-insular-de-vicent-mari\/#article\",\"isPartOf\":{\"@id\":\"https:\/\/www.psib-psoe.org\/eivissa\/pp-i-vox-consumen-en-el-parlament-la-retallada-de-sancions-a-les-festes-en-cases-turistiques-tot-el-contrari-del-que-havia-dit-el-consell-insular-de-vicent-mari\/\"},\"author\":{\"name\":\"adminpsib\",\"@id\":\"https:\/\/www.psib-psoe.org\/eivissa\/#\/schema\/person\/099ab3ef73a3645a1d7f303518e6ce24\"},\"headline\":\"PP i Vox consumen en el Parlament la retallada de sancions a les festes en cases tur\u00edstiques, tot el contrari del que havia dit el Consell Insular de Vicent Mar\u00ed\",\"datePublished\":\"2025-03-21T10:30:04+00:00\",\"dateModified\":\"2025-03-21T11:17:41+00:00\",\"mainEntityOfPage\":{\"@id\":\"https:\/\/www.psib-psoe.org\/eivissa\/pp-i-vox-consumen-en-el-parlament-la-retallada-de-sancions-a-les-festes-en-cases-turistiques-tot-el-contrari-del-que-havia-dit-el-consell-insular-de-vicent-mari\/\"},\"wordCount\":629,\"publisher\":{\"@id\":\"https:\/\/www.psib-psoe.org\/eivissa\/#organization\"},\"image\":{\"@id\":\"https:\/\/www.psib-psoe.org\/eivissa\/pp-i-vox-consumen-en-el-parlament-la-retallada-de-sancions-a-les-festes-en-cases-turistiques-tot-el-contrari-del-que-havia-dit-el-consell-insular-de-vicent-mari\/#primaryimage\"},\"thumbnailUrl\":\"https:\/\/www.psib-psoe.org\/eivissa\/wp-content\/uploads\/pitaluga-parlament.png\",\"articleSection\":[\"Consell d'Eivissa\",\"Federaci\u00f3 d'Eivissa - Portada\",\"Govern de les Illes Balears - Parlament - PSIB-PSOE\"],\"inLanguage\":\"ca\"},{\"@type\":\"WebPage\",\"@id\":\"https:\/\/www.psib-psoe.org\/eivissa\/pp-i-vox-consumen-en-el-parlament-la-retallada-de-sancions-a-les-festes-en-cases-turistiques-tot-el-contrari-del-que-havia-dit-el-consell-insular-de-vicent-mari\/\",\"url\":\"https:\/\/www.psib-psoe.org\/eivissa\/pp-i-vox-consumen-en-el-parlament-la-retallada-de-sancions-a-les-festes-en-cases-turistiques-tot-el-contrari-del-que-havia-dit-el-consell-insular-de-vicent-mari\/\",\"name\":\"PP i Vox consumen en el Parlament la retallada de sancions a les festes en cases tur\u00edstiques, tot el contrari del que havia dit el Consell Insular de Vicent Mar\u00ed - Federaci\u00f3 Socialista d&#039;Eivissa\",\"isPartOf\":{\"@id\":\"https:\/\/www.psib-psoe.org\/eivissa\/#website\"},\"primaryImageOfPage\":{\"@id\":\"https:\/\/www.psib-psoe.org\/eivissa\/pp-i-vox-consumen-en-el-parlament-la-retallada-de-sancions-a-les-festes-en-cases-turistiques-tot-el-contrari-del-que-havia-dit-el-consell-insular-de-vicent-mari\/#primaryimage\"},\"image\":{\"@id\":\"https:\/\/www.psib-psoe.org\/eivissa\/pp-i-vox-consumen-en-el-parlament-la-retallada-de-sancions-a-les-festes-en-cases-turistiques-tot-el-contrari-del-que-havia-dit-el-consell-insular-de-vicent-mari\/#primaryimage\"},\"thumbnailUrl\":\"https:\/\/www.psib-psoe.org\/eivissa\/wp-content\/uploads\/pitaluga-parlament.png\",\"datePublished\":\"2025-03-21T10:30:04+00:00\",\"dateModified\":\"2025-03-21T11:17:41+00:00\",\"breadcrumb\":{\"@id\":\"https:\/\/www.psib-psoe.org\/eivissa\/pp-i-vox-consumen-en-el-parlament-la-retallada-de-sancions-a-les-festes-en-cases-turistiques-tot-el-contrari-del-que-havia-dit-el-consell-insular-de-vicent-mari\/#breadcrumb\"},\"inLanguage\":\"ca\",\"potentialAction\":[{\"@type\":\"ReadAction\",\"target\":[\"https:\/\/www.psib-psoe.org\/eivissa\/pp-i-vox-consumen-en-el-parlament-la-retallada-de-sancions-a-les-festes-en-cases-turistiques-tot-el-contrari-del-que-havia-dit-el-consell-insular-de-vicent-mari\/\"]}]},{\"@type\":\"ImageObject\",\"inLanguage\":\"ca\",\"@id\":\"https:\/\/www.psib-psoe.org\/eivissa\/pp-i-vox-consumen-en-el-parlament-la-retallada-de-sancions-a-les-festes-en-cases-turistiques-tot-el-contrari-del-que-havia-dit-el-consell-insular-de-vicent-mari\/#primaryimage\",\"url\":\"https:\/\/www.psib-psoe.org\/eivissa\/wp-content\/uploads\/pitaluga-parlament.png\",\"contentUrl\":\"https:\/\/www.psib-psoe.org\/eivissa\/wp-content\/uploads\/pitaluga-parlament.png\",\"width\":413,\"height\":228},{\"@type\":\"BreadcrumbList\",\"@id\":\"https:\/\/www.psib-psoe.org\/eivissa\/pp-i-vox-consumen-en-el-parlament-la-retallada-de-sancions-a-les-festes-en-cases-turistiques-tot-el-contrari-del-que-havia-dit-el-consell-insular-de-vicent-mari\/#breadcrumb\",\"itemListElement\":[{\"@type\":\"ListItem\",\"position\":1,\"name\":\"Inici\",\"item\":\"https:\/\/www.psib-psoe.org\/eivissa\/\"},{\"@type\":\"ListItem\",\"position\":2,\"name\":\"PP i Vox consumen en el Parlament la retallada de sancions a les festes en cases tur\u00edstiques, tot el contrari del que havia dit el Consell Insular de Vicent Mar\u00ed\"}]},{\"@type\":\"WebSite\",\"@id\":\"https:\/\/www.psib-psoe.org\/eivissa\/#website\",\"url\":\"https:\/\/www.psib-psoe.org\/eivissa\/\",\"name\":\"Federaci\u00f3 Socialista d'Eivissa\",\"description\":\"Socialistes d&#039;Eivissa\",\"publisher\":{\"@id\":\"https:\/\/www.psib-psoe.org\/eivissa\/#organization\"},\"potentialAction\":[{\"@type\":\"SearchAction\",\"target\":{\"@type\":\"EntryPoint\",\"urlTemplate\":\"https:\/\/www.psib-psoe.org\/eivissa\/?s={search_term_string}\"},\"query-input\":{\"@type\":\"PropertyValueSpecification\",\"valueRequired\":true,\"valueName\":\"search_term_string\"}}],\"inLanguage\":\"ca\"},{\"@type\":\"Organization\",\"@id\":\"https:\/\/www.psib-psoe.org\/eivissa\/#organization\",\"name\":\"Federaci\u00f3 Socialista d'Eivissa\",\"url\":\"https:\/\/www.psib-psoe.org\/eivissa\/\",\"logo\":{\"@type\":\"ImageObject\",\"inLanguage\":\"ca\",\"@id\":\"https:\/\/www.psib-psoe.org\/eivissa\/#\/schema\/logo\/image\/\",\"url\":\"https:\/\/www.psib-psoe.org\/eivissa\/wp-content\/uploads\/LOGO-FSE-SOCIALISTA-DEIVISSA-HORI.png\",\"contentUrl\":\"https:\/\/www.psib-psoe.org\/eivissa\/wp-content\/uploads\/LOGO-FSE-SOCIALISTA-DEIVISSA-HORI.png\",\"width\":6000,\"height\":3104,\"caption\":\"Federaci\u00f3 Socialista d'Eivissa\"},\"image\":{\"@id\":\"https:\/\/www.psib-psoe.org\/eivissa\/#\/schema\/logo\/image\/\"}},{\"@type\":\"Person\",\"@id\":\"https:\/\/www.psib-psoe.org\/eivissa\/#\/schema\/person\/099ab3ef73a3645a1d7f303518e6ce24\",\"name\":\"adminpsib\",\"url\":\"https:\/\/www.psib-psoe.org\/eivissa\/author\/adminpsib\/\"}]}<\/script>\n<!-- \/ Yoast SEO plugin. -->","yoast_head_json":{"title":"PP i Vox consumen en el Parlament la retallada de sancions a les festes en cases tur\u00edstiques, tot el contrari del que havia dit el Consell Insular de Vicent Mar\u00ed - Federaci\u00f3 Socialista d&#039;Eivissa","robots":{"index":"index","follow":"follow","max-snippet":"max-snippet:-1","max-image-preview":"max-image-preview:large","max-video-preview":"max-video-preview:-1"},"canonical":"https:\/\/www.psib-psoe.org\/eivissa\/pp-i-vox-consumen-en-el-parlament-la-retallada-de-sancions-a-les-festes-en-cases-turistiques-tot-el-contrari-del-que-havia-dit-el-consell-insular-de-vicent-mari\/","og_locale":"ca_ES","og_type":"article","og_title":"PP i Vox consumen en el Parlament la retallada de sancions a les festes en cases tur\u00edstiques, tot el contrari del que havia dit el Consell Insular de Vicent Mar\u00ed - Federaci\u00f3 Socialista d&#039;Eivissa","og_description":"PP i Vox han pactat en el Parlament de les Illes Balears una retallada a la proposici\u00f3 de llei sancionar les festes en habitatges tur\u00edstics, deixant sense efecte les propostes que havien presentat els grups progressistes. La dreta ha fet el contrari del que havia dit el Consell Insular de Vicent Mar\u00ed, a qui la&hellip;","og_url":"https:\/\/www.psib-psoe.org\/eivissa\/pp-i-vox-consumen-en-el-parlament-la-retallada-de-sancions-a-les-festes-en-cases-turistiques-tot-el-contrari-del-que-havia-dit-el-consell-insular-de-vicent-mari\/","og_site_name":"Federaci\u00f3 Socialista d&#039;Eivissa","article_published_time":"2025-03-21T10:30:04+00:00","article_modified_time":"2025-03-21T11:17:41+00:00","og_image":[{"width":413,"height":228,"url":"https:\/\/www.psib-psoe.org\/eivissa\/wp-content\/uploads\/pitaluga-parlament.png","type":"image\/png"}],"author":"adminpsib","twitter_card":"summary_large_image","twitter_misc":{"Escrit per":"adminpsib","Temps estimat de lectura":"3 minuts"},"schema":{"@context":"https:\/\/schema.org","@graph":[{"@type":["Article","BlogPosting"],"@id":"https:\/\/www.psib-psoe.org\/eivissa\/pp-i-vox-consumen-en-el-parlament-la-retallada-de-sancions-a-les-festes-en-cases-turistiques-tot-el-contrari-del-que-havia-dit-el-consell-insular-de-vicent-mari\/#article","isPartOf":{"@id":"https:\/\/www.psib-psoe.org\/eivissa\/pp-i-vox-consumen-en-el-parlament-la-retallada-de-sancions-a-les-festes-en-cases-turistiques-tot-el-contrari-del-que-havia-dit-el-consell-insular-de-vicent-mari\/"},"author":{"name":"adminpsib","@id":"https:\/\/www.psib-psoe.org\/eivissa\/#\/schema\/person\/099ab3ef73a3645a1d7f303518e6ce24"},"headline":"PP i Vox consumen en el Parlament la retallada de sancions a les festes en cases tur\u00edstiques, tot el contrari del que havia dit el Consell Insular de Vicent Mar\u00ed","datePublished":"2025-03-21T10:30:04+00:00","dateModified":"2025-03-21T11:17:41+00:00","mainEntityOfPage":{"@id":"https:\/\/www.psib-psoe.org\/eivissa\/pp-i-vox-consumen-en-el-parlament-la-retallada-de-sancions-a-les-festes-en-cases-turistiques-tot-el-contrari-del-que-havia-dit-el-consell-insular-de-vicent-mari\/"},"wordCount":629,"publisher":{"@id":"https:\/\/www.psib-psoe.org\/eivissa\/#organization"},"image":{"@id":"https:\/\/www.psib-psoe.org\/eivissa\/pp-i-vox-consumen-en-el-parlament-la-retallada-de-sancions-a-les-festes-en-cases-turistiques-tot-el-contrari-del-que-havia-dit-el-consell-insular-de-vicent-mari\/#primaryimage"},"thumbnailUrl":"https:\/\/www.psib-psoe.org\/eivissa\/wp-content\/uploads\/pitaluga-parlament.png","articleSection":["Consell d'Eivissa","Federaci\u00f3 d'Eivissa - Portada","Govern de les Illes Balears - Parlament - PSIB-PSOE"],"inLanguage":"ca"},{"@type":"WebPage","@id":"https:\/\/www.psib-psoe.org\/eivissa\/pp-i-vox-consumen-en-el-parlament-la-retallada-de-sancions-a-les-festes-en-cases-turistiques-tot-el-contrari-del-que-havia-dit-el-consell-insular-de-vicent-mari\/","url":"https:\/\/www.psib-psoe.org\/eivissa\/pp-i-vox-consumen-en-el-parlament-la-retallada-de-sancions-a-les-festes-en-cases-turistiques-tot-el-contrari-del-que-havia-dit-el-consell-insular-de-vicent-mari\/","name":"PP i Vox consumen en el Parlament la retallada de sancions a les festes en cases tur\u00edstiques, tot el contrari del que havia dit el Consell Insular de Vicent Mar\u00ed - Federaci\u00f3 Socialista d&#039;Eivissa","isPartOf":{"@id":"https:\/\/www.psib-psoe.org\/eivissa\/#website"},"primaryImageOfPage":{"@id":"https:\/\/www.psib-psoe.org\/eivissa\/pp-i-vox-consumen-en-el-parlament-la-retallada-de-sancions-a-les-festes-en-cases-turistiques-tot-el-contrari-del-que-havia-dit-el-consell-insular-de-vicent-mari\/#primaryimage"},"image":{"@id":"https:\/\/www.psib-psoe.org\/eivissa\/pp-i-vox-consumen-en-el-parlament-la-retallada-de-sancions-a-les-festes-en-cases-turistiques-tot-el-contrari-del-que-havia-dit-el-consell-insular-de-vicent-mari\/#primaryimage"},"thumbnailUrl":"https:\/\/www.psib-psoe.org\/eivissa\/wp-content\/uploads\/pitaluga-parlament.png","datePublished":"2025-03-21T10:30:04+00:00","dateModified":"2025-03-21T11:17:41+00:00","breadcrumb":{"@id":"https:\/\/www.psib-psoe.org\/eivissa\/pp-i-vox-consumen-en-el-parlament-la-retallada-de-sancions-a-les-festes-en-cases-turistiques-tot-el-contrari-del-que-havia-dit-el-consell-insular-de-vicent-mari\/#breadcrumb"},"inLanguage":"ca","potentialAction":[{"@type":"ReadAction","target":["https:\/\/www.psib-psoe.org\/eivissa\/pp-i-vox-consumen-en-el-parlament-la-retallada-de-sancions-a-les-festes-en-cases-turistiques-tot-el-contrari-del-que-havia-dit-el-consell-insular-de-vicent-mari\/"]}]},{"@type":"ImageObject","inLanguage":"ca","@id":"https:\/\/www.psib-psoe.org\/eivissa\/pp-i-vox-consumen-en-el-parlament-la-retallada-de-sancions-a-les-festes-en-cases-turistiques-tot-el-contrari-del-que-havia-dit-el-consell-insular-de-vicent-mari\/#primaryimage","url":"https:\/\/www.psib-psoe.org\/eivissa\/wp-content\/uploads\/pitaluga-parlament.png","contentUrl":"https:\/\/www.psib-psoe.org\/eivissa\/wp-content\/uploads\/pitaluga-parlament.png","width":413,"height":228},{"@type":"BreadcrumbList","@id":"https:\/\/www.psib-psoe.org\/eivissa\/pp-i-vox-consumen-en-el-parlament-la-retallada-de-sancions-a-les-festes-en-cases-turistiques-tot-el-contrari-del-que-havia-dit-el-consell-insular-de-vicent-mari\/#breadcrumb","itemListElement":[{"@type":"ListItem","position":1,"name":"Inici","item":"https:\/\/www.psib-psoe.org\/eivissa\/"},{"@type":"ListItem","position":2,"name":"PP i Vox consumen en el Parlament la retallada de sancions a les festes en cases tur\u00edstiques, tot el contrari del que havia dit el Consell Insular de Vicent Mar\u00ed"}]},{"@type":"WebSite","@id":"https:\/\/www.psib-psoe.org\/eivissa\/#website","url":"https:\/\/www.psib-psoe.org\/eivissa\/","name":"Federaci\u00f3 Socialista d'Eivissa","description":"Socialistes d&#039;Eivissa","publisher":{"@id":"https:\/\/www.psib-psoe.org\/eivissa\/#organization"},"potentialAction":[{"@type":"SearchAction","target":{"@type":"EntryPoint","urlTemplate":"https:\/\/www.psib-psoe.org\/eivissa\/?s={search_term_string}"},"query-input":{"@type":"PropertyValueSpecification","valueRequired":true,"valueName":"search_term_string"}}],"inLanguage":"ca"},{"@type":"Organization","@id":"https:\/\/www.psib-psoe.org\/eivissa\/#organization","name":"Federaci\u00f3 Socialista d'Eivissa","url":"https:\/\/www.psib-psoe.org\/eivissa\/","logo":{"@type":"ImageObject","inLanguage":"ca","@id":"https:\/\/www.psib-psoe.org\/eivissa\/#\/schema\/logo\/image\/","url":"https:\/\/www.psib-psoe.org\/eivissa\/wp-content\/uploads\/LOGO-FSE-SOCIALISTA-DEIVISSA-HORI.png","contentUrl":"https:\/\/www.psib-psoe.org\/eivissa\/wp-content\/uploads\/LOGO-FSE-SOCIALISTA-DEIVISSA-HORI.png","width":6000,"height":3104,"caption":"Federaci\u00f3 Socialista d'Eivissa"},"image":{"@id":"https:\/\/www.psib-psoe.org\/eivissa\/#\/schema\/logo\/image\/"}},{"@type":"Person","@id":"https:\/\/www.psib-psoe.org\/eivissa\/#\/schema\/person\/099ab3ef73a3645a1d7f303518e6ce24","name":"adminpsib","url":"https:\/\/www.psib-psoe.org\/eivissa\/author\/adminpsib\/"}]}},"_links":{"self":[{"href":"https:\/\/www.psib-psoe.org\/eivissa\/wp-json\/wp\/v2\/posts\/40483","targetHints":{"allow":["GET"]}}],"collection":[{"href":"https:\/\/www.psib-psoe.org\/eivissa\/wp-json\/wp\/v2\/posts"}],"about":[{"href":"https:\/\/www.psib-psoe.org\/eivissa\/wp-json\/wp\/v2\/types\/post"}],"author":[{"embeddable":true,"href":"https:\/\/www.psib-psoe.org\/eivissa\/wp-json\/wp\/v2\/users\/1"}],"replies":[{"embeddable":true,"href":"https:\/\/www.psib-psoe.org\/eivissa\/wp-json\/wp\/v2\/comments?post=40483"}],"version-history":[{"count":1,"href":"https:\/\/www.psib-psoe.org\/eivissa\/wp-json\/wp\/v2\/posts\/40483\/revisions"}],"predecessor-version":[{"id":40484,"href":"https:\/\/www.psib-psoe.org\/eivissa\/wp-json\/wp\/v2\/posts\/40483\/revisions\/40484"}],"wp:featuredmedia":[{"embeddable":true,"href":"https:\/\/www.psib-psoe.org\/eivissa\/wp-json\/wp\/v2\/media\/40427"}],"wp:attachment":[{"href":"https:\/\/www.psib-psoe.org\/eivissa\/wp-json\/wp\/v2\/media?parent=40483"}],"wp:term":[{"taxonomy":"category","embeddable":true,"href":"https:\/\/www.psib-psoe.org\/eivissa\/wp-json\/wp\/v2\/categories?post=40483"},{"taxonomy":"post_tag","embeddable":true,"href":"https:\/\/www.psib-psoe.org\/eivissa\/wp-json\/wp\/v2\/tags?post=40483"}],"curies":[{"name":"wp","href":"https:\/\/api.w.org\/{rel}","templated":true}]}}