{"id":40485,"date":"2025-03-22T18:23:56","date_gmt":"2025-03-22T16:23:56","guid":{"rendered":"https:\/\/www.psib-psoe.org\/eivissa\/?p=40485"},"modified":"2025-03-22T18:24:29","modified_gmt":"2025-03-22T16:24:29","slug":"vicent-rosello-defensa-en-el-15e-congres-del-psib-psoe-que-lhabitatge-es-un-dret-no-un-negoci","status":"publish","type":"post","link":"https:\/\/www.psib-psoe.org\/eivissa\/vicent-rosello-defensa-en-el-15e-congres-del-psib-psoe-que-lhabitatge-es-un-dret-no-un-negoci\/","title":{"rendered":"Vicent Rosell\u00f3 defensa en el 15\u00e8 Congr\u00e9s del PSIB-PSOE que \u201cl\u2019habitatge \u00e9s un dret, no un negoci\u201d"},"content":{"rendered":"<p>El secretari general de la Federaci\u00f3 Socialista d&#8217;Eivissa, Vicent Rosell\u00f3, ha defensat que \u201cper al PSOE l\u2019habitatge \u00e9s un dret&#8221;, mentre que &#8220;per al PP \u00e9s un negoci&#8221;. En la primera jornada del 15\u00e8 Congr\u00e9s del PSIB-PSOE, Vicent Rosell\u00f3 ha instat el Partit Popular a passar de la recollida de firmes a l&#8217;acci\u00f3 pol\u00edtica: \u201cSi la recollida de firmes del Partit Popular en contra de l&#8217;ocupaci\u00f3 els fa conscients que realment hi ha un problema i que davant d&#8217;un problema s&#8217;ha d&#8217;actuar, benvinguda sigui aquesta recollida\u201d.  <\/p>\n<p>\u201cEsperem que aix\u00f2 els serveixi per posar-se a fer feina a partir d&#8217;avui mateix&#8221;, ha manifestat Rosell\u00f3, recordant que &#8220;el Govern auton\u00f2mic t\u00e9 compet\u00e8ncies en mat\u00e8ria d&#8217;habitatge i serveis socials, i l&#8217;\u00fanic que fa falta \u00e9s voluntat de treballar per resoldre problemes i no simplement utilitzar-los com a eina pol\u00edtica&#8221;, ha afegit.<\/p>\n<p>Rosell\u00f3 ha denunciat que el Partit Popular no pot continuar apostant per m\u00e9s pressi\u00f3 tur\u00edstica i al mateix temps negar-se a regular el preu del lloguer, deixant a moltes persones sense possibilitat d&#8217;accedir a un habitatge digne. &#8220;\u00c9s una actitud c\u00ednica que no t\u00e9 coher\u00e8ncia. No es pot fomentar l&#8217;arribada de m\u00e9s treballadors sense garantir que tinguin on viure en condicions dignes&#8221;, ha advertit. Per aix\u00f2, ha reclamat l&#8217;aplicaci\u00f3 immediata del topall als preus del lloguer, una mesura que el Govern progressista de l&#8217;Estat ha legislat, per\u00f2 que encara no s&#8217;ha implementat a les Illes Balears per la negativa del PP.<\/p>\n<p>El secretari general socialista ha criticat que, mentre el PP diu voler combatre l\u2019ocupaci\u00f3, la seva gesti\u00f3 nom\u00e9s ha creat m\u00e9s problemes. &#8220;El que veiem \u00e9s que el Partit Popular se sent molt a gust creant situacions i generar problemes\u201d, ha denunciat Rosell\u00f3.<\/p>\n<p>A m\u00e9s, ha recordat que el PP, quan va entrar al Consell Insular el 2019, va prometre que no entraria cap caravana m\u00e9s a Eivissa, per\u00f2 en realitat el que s\u2019ha vist \u00e9s una proliferaci\u00f3 de campaments precaris. &#8220;Ara no nom\u00e9s hi ha caravanes, sin\u00f3 tamb\u00e9 tendes de campanya on moltes persones es veuen obligades a malviure&#8221;, ha criticat.<\/p>\n<p><img loading=\"lazy\" decoding=\"async\" src=\"https:\/\/www.psib-psoe.org\/eivissa\/wp-content\/uploads\/fotos-15-congres2-scaled.jpg\" alt=\"\" width=\"2560\" height=\"1920\" class=\"alignnone size-full wp-image-40487\" srcset=\"https:\/\/www.psib-psoe.org\/eivissa\/wp-content\/uploads\/fotos-15-congres2-scaled.jpg 2560w, https:\/\/www.psib-psoe.org\/eivissa\/wp-content\/uploads\/fotos-15-congres2-300x225.jpg 300w, https:\/\/www.psib-psoe.org\/eivissa\/wp-content\/uploads\/fotos-15-congres2-1024x768.jpg 1024w, https:\/\/www.psib-psoe.org\/eivissa\/wp-content\/uploads\/fotos-15-congres2-768x576.jpg 768w, https:\/\/www.psib-psoe.org\/eivissa\/wp-content\/uploads\/fotos-15-congres2-1536x1152.jpg 1536w, https:\/\/www.psib-psoe.org\/eivissa\/wp-content\/uploads\/fotos-15-congres2-2048x1536.jpg 2048w, https:\/\/www.psib-psoe.org\/eivissa\/wp-content\/uploads\/fotos-15-congres2-150x113.jpg 150w, https:\/\/www.psib-psoe.org\/eivissa\/wp-content\/uploads\/fotos-15-congres2-600x450.jpg 600w, https:\/\/www.psib-psoe.org\/eivissa\/wp-content\/uploads\/fotos-15-congres2-900x675.jpg 900w, https:\/\/www.psib-psoe.org\/eivissa\/wp-content\/uploads\/fotos-15-congres2-20x16.jpg 20w\" sizes=\"auto, (max-width: 2560px) 100vw, 2560px\" \/><\/p>\n<p>El secretari general socialista ha destacat la necessitat de pol\u00edtiques d\u2019habitatge \u201cvalentes\u201d que garanteixin l\u2019acc\u00e9s a un lloguer digne, especialment per a les persones treballadores i la gent jove que vol emancipar-se. &#8220;Demanam que es declari un topall als preus del lloguer perqu\u00e8 ning\u00fa es vegi abocat a viure en caravanes, tendes de campanya o infrahabitatges&#8221;, ha afirmat, recordant que a Eivissa el PP ha aprovat l\u2019amnistia urban\u00edstica nom\u00e9s amb l\u2019objectiu de \u201crevaloritzar propietats i vendre-les al millor postor\u201d.<\/p>\n<p>Rosell\u00f3 ha concl\u00f2s subratllant la difer\u00e8ncia de models entre el PP i el PSOE: &#8220;Per al Partit Popular, l\u2019habitatge \u00e9s un negoci; per al Partit Socialista, \u00e9s un dret. Naltros tenim clar quina feina s\u2019ha de fer i ho demostrarem amb propostes fermes i executables&#8221;. <\/p>\n<p>A m\u00e9s, ha destacat que el PSIB-PSOE sortir\u00e0 d\u2019aquest congr\u00e9s \u201crefor\u00e7at, amb il\u00b7lusi\u00f3 i energia per afrontar els reptes de futur en mat\u00e8ria d\u2019habitatge, sanitat, educaci\u00f3 i transport, amb l\u2019objectiu de millorar la vida de la ciutadania\u201d.<\/p>\n<p>Vicent Rosell\u00f3 ha encap\u00e7alat la delegaci\u00f3 d\u2019Eivissa en el 15\u00e8 Congr\u00e9s del PSIB-PSOE, formada per m\u00e9s de 40 persones entre c\u00e0rrecs, delegats i delegades i persones convidades, que han obert aquest mat\u00ed la secret\u00e0ria general del partit a les Illes Balears, Francina Armengol, i el secretari general del PSOE i president d\u2019Espanya, Pedro S\u00e1nchez.<\/p>\n<p>El congr\u00e9s del PSIB-PSOE ha escollit l\u2019exalcaldessa d\u2019Eivissa Lurdes Costa com a membre de la Mesa que dirigeix la cita congressual, d\u2019on sortir\u00e0 el full de ruta, la pon\u00e8ncia pol\u00edtica, dels i de les socialistes de les Illes Balears per als pr\u00f2xims quatre anys, amb Francina Armengol com a secret\u00e0ria general i amb una nova Comissi\u00f3 Executiva que ser\u00e0 escollida dem\u00e0 diumenge.<\/p>\n","protected":false},"excerpt":{"rendered":"<p>El secretari general de la Federaci\u00f3 Socialista d&#8217;Eivissa, Vicent Rosell\u00f3, ha defensat que \u201cper al PSOE l\u2019habitatge \u00e9s un dret&#8221;, mentre que &#8220;per al PP \u00e9s un negoci&#8221;. En la primera jornada del 15\u00e8 Congr\u00e9s del PSIB-PSOE, Vicent Rosell\u00f3 ha instat el Partit Popular a passar de la recollida de firmes a l&#8217;acci\u00f3 pol\u00edtica: \u201cSi&hellip;<\/p>\n","protected":false},"author":1,"featured_media":40486,"comment_status":"closed","ping_status":"closed","sticky":false,"template":"","format":"standard","meta":{"footnotes":""},"categories":[1,212],"tags":[],"class_list":["post-40485","post","type-post","status-publish","format-standard","has-post-thumbnail","hentry","category-federacio-de-eivissa-portada","category-fse-psoe"],"yoast_head":"<!-- This site is optimized with the Yoast SEO plugin v26.9 - https:\/\/yoast.com\/product\/yoast-seo-wordpress\/ -->\n<title>Vicent Rosell\u00f3 defensa en el 15\u00e8 Congr\u00e9s del PSIB-PSOE que \u201cl\u2019habitatge \u00e9s un dret, no un negoci\u201d - Federaci\u00f3 Socialista d&#039;Eivissa<\/title>\n<meta name=\"robots\" content=\"index, follow, max-snippet:-1, max-image-preview:large, max-video-preview:-1\" \/>\n<link rel=\"canonical\" href=\"https:\/\/www.psib-psoe.org\/eivissa\/vicent-rosello-defensa-en-el-15e-congres-del-psib-psoe-que-lhabitatge-es-un-dret-no-un-negoci\/\" \/>\n<meta property=\"og:locale\" content=\"ca_ES\" \/>\n<meta property=\"og:type\" content=\"article\" \/>\n<meta property=\"og:title\" content=\"Vicent Rosell\u00f3 defensa en el 15\u00e8 Congr\u00e9s del PSIB-PSOE que \u201cl\u2019habitatge \u00e9s un dret, no un negoci\u201d - Federaci\u00f3 Socialista d&#039;Eivissa\" \/>\n<meta property=\"og:description\" content=\"El secretari general de la Federaci\u00f3 Socialista d&#8217;Eivissa, Vicent Rosell\u00f3, ha defensat que \u201cper al PSOE l\u2019habitatge \u00e9s un dret&#8221;, mentre que &#8220;per al PP \u00e9s un negoci&#8221;. En la primera jornada del 15\u00e8 Congr\u00e9s del PSIB-PSOE, Vicent Rosell\u00f3 ha instat el Partit Popular a passar de la recollida de firmes a l&#8217;acci\u00f3 pol\u00edtica: \u201cSi&hellip;\" \/>\n<meta property=\"og:url\" content=\"https:\/\/www.psib-psoe.org\/eivissa\/vicent-rosello-defensa-en-el-15e-congres-del-psib-psoe-que-lhabitatge-es-un-dret-no-un-negoci\/\" \/>\n<meta property=\"og:site_name\" content=\"Federaci\u00f3 Socialista d&#039;Eivissa\" \/>\n<meta property=\"article:published_time\" content=\"2025-03-22T16:23:56+00:00\" \/>\n<meta property=\"article:modified_time\" content=\"2025-03-22T16:24:29+00:00\" \/>\n<meta property=\"og:image\" content=\"https:\/\/www.psib-psoe.org\/eivissa\/wp-content\/uploads\/fotos-15-congres3.jpg\" \/>\n\t<meta property=\"og:image:width\" content=\"1271\" \/>\n\t<meta property=\"og:image:height\" content=\"846\" \/>\n\t<meta property=\"og:image:type\" content=\"image\/jpeg\" \/>\n<meta name=\"author\" content=\"adminpsib\" \/>\n<meta name=\"twitter:card\" content=\"summary_large_image\" \/>\n<meta name=\"twitter:label1\" content=\"Escrit per\" \/>\n\t<meta name=\"twitter:data1\" content=\"adminpsib\" \/>\n\t<meta name=\"twitter:label2\" content=\"Temps estimat de lectura\" \/>\n\t<meta name=\"twitter:data2\" content=\"3 minuts\" \/>\n<script type=\"application\/ld+json\" class=\"yoast-schema-graph\">{\"@context\":\"https:\/\/schema.org\",\"@graph\":[{\"@type\":[\"Article\",\"BlogPosting\"],\"@id\":\"https:\/\/www.psib-psoe.org\/eivissa\/vicent-rosello-defensa-en-el-15e-congres-del-psib-psoe-que-lhabitatge-es-un-dret-no-un-negoci\/#article\",\"isPartOf\":{\"@id\":\"https:\/\/www.psib-psoe.org\/eivissa\/vicent-rosello-defensa-en-el-15e-congres-del-psib-psoe-que-lhabitatge-es-un-dret-no-un-negoci\/\"},\"author\":{\"name\":\"adminpsib\",\"@id\":\"https:\/\/www.psib-psoe.org\/eivissa\/#\/schema\/person\/099ab3ef73a3645a1d7f303518e6ce24\"},\"headline\":\"Vicent Rosell\u00f3 defensa en el 15\u00e8 Congr\u00e9s del PSIB-PSOE que \u201cl\u2019habitatge \u00e9s un dret, no un negoci\u201d\",\"datePublished\":\"2025-03-22T16:23:56+00:00\",\"dateModified\":\"2025-03-22T16:24:29+00:00\",\"mainEntityOfPage\":{\"@id\":\"https:\/\/www.psib-psoe.org\/eivissa\/vicent-rosello-defensa-en-el-15e-congres-del-psib-psoe-que-lhabitatge-es-un-dret-no-un-negoci\/\"},\"wordCount\":688,\"publisher\":{\"@id\":\"https:\/\/www.psib-psoe.org\/eivissa\/#organization\"},\"image\":{\"@id\":\"https:\/\/www.psib-psoe.org\/eivissa\/vicent-rosello-defensa-en-el-15e-congres-del-psib-psoe-que-lhabitatge-es-un-dret-no-un-negoci\/#primaryimage\"},\"thumbnailUrl\":\"https:\/\/www.psib-psoe.org\/eivissa\/wp-content\/uploads\/fotos-15-congres3.jpg\",\"articleSection\":[\"Federaci\u00f3 d'Eivissa - Portada\",\"FSE-PSOE\"],\"inLanguage\":\"ca\"},{\"@type\":\"WebPage\",\"@id\":\"https:\/\/www.psib-psoe.org\/eivissa\/vicent-rosello-defensa-en-el-15e-congres-del-psib-psoe-que-lhabitatge-es-un-dret-no-un-negoci\/\",\"url\":\"https:\/\/www.psib-psoe.org\/eivissa\/vicent-rosello-defensa-en-el-15e-congres-del-psib-psoe-que-lhabitatge-es-un-dret-no-un-negoci\/\",\"name\":\"Vicent Rosell\u00f3 defensa en el 15\u00e8 Congr\u00e9s del PSIB-PSOE que \u201cl\u2019habitatge \u00e9s un dret, no un negoci\u201d - Federaci\u00f3 Socialista d&#039;Eivissa\",\"isPartOf\":{\"@id\":\"https:\/\/www.psib-psoe.org\/eivissa\/#website\"},\"primaryImageOfPage\":{\"@id\":\"https:\/\/www.psib-psoe.org\/eivissa\/vicent-rosello-defensa-en-el-15e-congres-del-psib-psoe-que-lhabitatge-es-un-dret-no-un-negoci\/#primaryimage\"},\"image\":{\"@id\":\"https:\/\/www.psib-psoe.org\/eivissa\/vicent-rosello-defensa-en-el-15e-congres-del-psib-psoe-que-lhabitatge-es-un-dret-no-un-negoci\/#primaryimage\"},\"thumbnailUrl\":\"https:\/\/www.psib-psoe.org\/eivissa\/wp-content\/uploads\/fotos-15-congres3.jpg\",\"datePublished\":\"2025-03-22T16:23:56+00:00\",\"dateModified\":\"2025-03-22T16:24:29+00:00\",\"breadcrumb\":{\"@id\":\"https:\/\/www.psib-psoe.org\/eivissa\/vicent-rosello-defensa-en-el-15e-congres-del-psib-psoe-que-lhabitatge-es-un-dret-no-un-negoci\/#breadcrumb\"},\"inLanguage\":\"ca\",\"potentialAction\":[{\"@type\":\"ReadAction\",\"target\":[\"https:\/\/www.psib-psoe.org\/eivissa\/vicent-rosello-defensa-en-el-15e-congres-del-psib-psoe-que-lhabitatge-es-un-dret-no-un-negoci\/\"]}]},{\"@type\":\"ImageObject\",\"inLanguage\":\"ca\",\"@id\":\"https:\/\/www.psib-psoe.org\/eivissa\/vicent-rosello-defensa-en-el-15e-congres-del-psib-psoe-que-lhabitatge-es-un-dret-no-un-negoci\/#primaryimage\",\"url\":\"https:\/\/www.psib-psoe.org\/eivissa\/wp-content\/uploads\/fotos-15-congres3.jpg\",\"contentUrl\":\"https:\/\/www.psib-psoe.org\/eivissa\/wp-content\/uploads\/fotos-15-congres3.jpg\",\"width\":1271,\"height\":846},{\"@type\":\"BreadcrumbList\",\"@id\":\"https:\/\/www.psib-psoe.org\/eivissa\/vicent-rosello-defensa-en-el-15e-congres-del-psib-psoe-que-lhabitatge-es-un-dret-no-un-negoci\/#breadcrumb\",\"itemListElement\":[{\"@type\":\"ListItem\",\"position\":1,\"name\":\"Inici\",\"item\":\"https:\/\/www.psib-psoe.org\/eivissa\/\"},{\"@type\":\"ListItem\",\"position\":2,\"name\":\"Vicent Rosell\u00f3 defensa en el 15\u00e8 Congr\u00e9s del PSIB-PSOE que \u201cl\u2019habitatge \u00e9s un dret, no un negoci\u201d\"}]},{\"@type\":\"WebSite\",\"@id\":\"https:\/\/www.psib-psoe.org\/eivissa\/#website\",\"url\":\"https:\/\/www.psib-psoe.org\/eivissa\/\",\"name\":\"Federaci\u00f3 Socialista d'Eivissa\",\"description\":\"Socialistes d&#039;Eivissa\",\"publisher\":{\"@id\":\"https:\/\/www.psib-psoe.org\/eivissa\/#organization\"},\"potentialAction\":[{\"@type\":\"SearchAction\",\"target\":{\"@type\":\"EntryPoint\",\"urlTemplate\":\"https:\/\/www.psib-psoe.org\/eivissa\/?s={search_term_string}\"},\"query-input\":{\"@type\":\"PropertyValueSpecification\",\"valueRequired\":true,\"valueName\":\"search_term_string\"}}],\"inLanguage\":\"ca\"},{\"@type\":\"Organization\",\"@id\":\"https:\/\/www.psib-psoe.org\/eivissa\/#organization\",\"name\":\"Federaci\u00f3 Socialista d'Eivissa\",\"url\":\"https:\/\/www.psib-psoe.org\/eivissa\/\",\"logo\":{\"@type\":\"ImageObject\",\"inLanguage\":\"ca\",\"@id\":\"https:\/\/www.psib-psoe.org\/eivissa\/#\/schema\/logo\/image\/\",\"url\":\"https:\/\/www.psib-psoe.org\/eivissa\/wp-content\/uploads\/LOGO-FSE-SOCIALISTA-DEIVISSA-HORI.png\",\"contentUrl\":\"https:\/\/www.psib-psoe.org\/eivissa\/wp-content\/uploads\/LOGO-FSE-SOCIALISTA-DEIVISSA-HORI.png\",\"width\":6000,\"height\":3104,\"caption\":\"Federaci\u00f3 Socialista d'Eivissa\"},\"image\":{\"@id\":\"https:\/\/www.psib-psoe.org\/eivissa\/#\/schema\/logo\/image\/\"}},{\"@type\":\"Person\",\"@id\":\"https:\/\/www.psib-psoe.org\/eivissa\/#\/schema\/person\/099ab3ef73a3645a1d7f303518e6ce24\",\"name\":\"adminpsib\",\"url\":\"https:\/\/www.psib-psoe.org\/eivissa\/author\/adminpsib\/\"}]}<\/script>\n<!-- \/ Yoast SEO plugin. -->","yoast_head_json":{"title":"Vicent Rosell\u00f3 defensa en el 15\u00e8 Congr\u00e9s del PSIB-PSOE que \u201cl\u2019habitatge \u00e9s un dret, no un negoci\u201d - Federaci\u00f3 Socialista d&#039;Eivissa","robots":{"index":"index","follow":"follow","max-snippet":"max-snippet:-1","max-image-preview":"max-image-preview:large","max-video-preview":"max-video-preview:-1"},"canonical":"https:\/\/www.psib-psoe.org\/eivissa\/vicent-rosello-defensa-en-el-15e-congres-del-psib-psoe-que-lhabitatge-es-un-dret-no-un-negoci\/","og_locale":"ca_ES","og_type":"article","og_title":"Vicent Rosell\u00f3 defensa en el 15\u00e8 Congr\u00e9s del PSIB-PSOE que \u201cl\u2019habitatge \u00e9s un dret, no un negoci\u201d - Federaci\u00f3 Socialista d&#039;Eivissa","og_description":"El secretari general de la Federaci\u00f3 Socialista d&#8217;Eivissa, Vicent Rosell\u00f3, ha defensat que \u201cper al PSOE l\u2019habitatge \u00e9s un dret&#8221;, mentre que &#8220;per al PP \u00e9s un negoci&#8221;. En la primera jornada del 15\u00e8 Congr\u00e9s del PSIB-PSOE, Vicent Rosell\u00f3 ha instat el Partit Popular a passar de la recollida de firmes a l&#8217;acci\u00f3 pol\u00edtica: \u201cSi&hellip;","og_url":"https:\/\/www.psib-psoe.org\/eivissa\/vicent-rosello-defensa-en-el-15e-congres-del-psib-psoe-que-lhabitatge-es-un-dret-no-un-negoci\/","og_site_name":"Federaci\u00f3 Socialista d&#039;Eivissa","article_published_time":"2025-03-22T16:23:56+00:00","article_modified_time":"2025-03-22T16:24:29+00:00","og_image":[{"width":1271,"height":846,"url":"https:\/\/www.psib-psoe.org\/eivissa\/wp-content\/uploads\/fotos-15-congres3.jpg","type":"image\/jpeg"}],"author":"adminpsib","twitter_card":"summary_large_image","twitter_misc":{"Escrit per":"adminpsib","Temps estimat de lectura":"3 minuts"},"schema":{"@context":"https:\/\/schema.org","@graph":[{"@type":["Article","BlogPosting"],"@id":"https:\/\/www.psib-psoe.org\/eivissa\/vicent-rosello-defensa-en-el-15e-congres-del-psib-psoe-que-lhabitatge-es-un-dret-no-un-negoci\/#article","isPartOf":{"@id":"https:\/\/www.psib-psoe.org\/eivissa\/vicent-rosello-defensa-en-el-15e-congres-del-psib-psoe-que-lhabitatge-es-un-dret-no-un-negoci\/"},"author":{"name":"adminpsib","@id":"https:\/\/www.psib-psoe.org\/eivissa\/#\/schema\/person\/099ab3ef73a3645a1d7f303518e6ce24"},"headline":"Vicent Rosell\u00f3 defensa en el 15\u00e8 Congr\u00e9s del PSIB-PSOE que \u201cl\u2019habitatge \u00e9s un dret, no un negoci\u201d","datePublished":"2025-03-22T16:23:56+00:00","dateModified":"2025-03-22T16:24:29+00:00","mainEntityOfPage":{"@id":"https:\/\/www.psib-psoe.org\/eivissa\/vicent-rosello-defensa-en-el-15e-congres-del-psib-psoe-que-lhabitatge-es-un-dret-no-un-negoci\/"},"wordCount":688,"publisher":{"@id":"https:\/\/www.psib-psoe.org\/eivissa\/#organization"},"image":{"@id":"https:\/\/www.psib-psoe.org\/eivissa\/vicent-rosello-defensa-en-el-15e-congres-del-psib-psoe-que-lhabitatge-es-un-dret-no-un-negoci\/#primaryimage"},"thumbnailUrl":"https:\/\/www.psib-psoe.org\/eivissa\/wp-content\/uploads\/fotos-15-congres3.jpg","articleSection":["Federaci\u00f3 d'Eivissa - Portada","FSE-PSOE"],"inLanguage":"ca"},{"@type":"WebPage","@id":"https:\/\/www.psib-psoe.org\/eivissa\/vicent-rosello-defensa-en-el-15e-congres-del-psib-psoe-que-lhabitatge-es-un-dret-no-un-negoci\/","url":"https:\/\/www.psib-psoe.org\/eivissa\/vicent-rosello-defensa-en-el-15e-congres-del-psib-psoe-que-lhabitatge-es-un-dret-no-un-negoci\/","name":"Vicent Rosell\u00f3 defensa en el 15\u00e8 Congr\u00e9s del PSIB-PSOE que \u201cl\u2019habitatge \u00e9s un dret, no un negoci\u201d - Federaci\u00f3 Socialista d&#039;Eivissa","isPartOf":{"@id":"https:\/\/www.psib-psoe.org\/eivissa\/#website"},"primaryImageOfPage":{"@id":"https:\/\/www.psib-psoe.org\/eivissa\/vicent-rosello-defensa-en-el-15e-congres-del-psib-psoe-que-lhabitatge-es-un-dret-no-un-negoci\/#primaryimage"},"image":{"@id":"https:\/\/www.psib-psoe.org\/eivissa\/vicent-rosello-defensa-en-el-15e-congres-del-psib-psoe-que-lhabitatge-es-un-dret-no-un-negoci\/#primaryimage"},"thumbnailUrl":"https:\/\/www.psib-psoe.org\/eivissa\/wp-content\/uploads\/fotos-15-congres3.jpg","datePublished":"2025-03-22T16:23:56+00:00","dateModified":"2025-03-22T16:24:29+00:00","breadcrumb":{"@id":"https:\/\/www.psib-psoe.org\/eivissa\/vicent-rosello-defensa-en-el-15e-congres-del-psib-psoe-que-lhabitatge-es-un-dret-no-un-negoci\/#breadcrumb"},"inLanguage":"ca","potentialAction":[{"@type":"ReadAction","target":["https:\/\/www.psib-psoe.org\/eivissa\/vicent-rosello-defensa-en-el-15e-congres-del-psib-psoe-que-lhabitatge-es-un-dret-no-un-negoci\/"]}]},{"@type":"ImageObject","inLanguage":"ca","@id":"https:\/\/www.psib-psoe.org\/eivissa\/vicent-rosello-defensa-en-el-15e-congres-del-psib-psoe-que-lhabitatge-es-un-dret-no-un-negoci\/#primaryimage","url":"https:\/\/www.psib-psoe.org\/eivissa\/wp-content\/uploads\/fotos-15-congres3.jpg","contentUrl":"https:\/\/www.psib-psoe.org\/eivissa\/wp-content\/uploads\/fotos-15-congres3.jpg","width":1271,"height":846},{"@type":"BreadcrumbList","@id":"https:\/\/www.psib-psoe.org\/eivissa\/vicent-rosello-defensa-en-el-15e-congres-del-psib-psoe-que-lhabitatge-es-un-dret-no-un-negoci\/#breadcrumb","itemListElement":[{"@type":"ListItem","position":1,"name":"Inici","item":"https:\/\/www.psib-psoe.org\/eivissa\/"},{"@type":"ListItem","position":2,"name":"Vicent Rosell\u00f3 defensa en el 15\u00e8 Congr\u00e9s del PSIB-PSOE que \u201cl\u2019habitatge \u00e9s un dret, no un negoci\u201d"}]},{"@type":"WebSite","@id":"https:\/\/www.psib-psoe.org\/eivissa\/#website","url":"https:\/\/www.psib-psoe.org\/eivissa\/","name":"Federaci\u00f3 Socialista d'Eivissa","description":"Socialistes d&#039;Eivissa","publisher":{"@id":"https:\/\/www.psib-psoe.org\/eivissa\/#organization"},"potentialAction":[{"@type":"SearchAction","target":{"@type":"EntryPoint","urlTemplate":"https:\/\/www.psib-psoe.org\/eivissa\/?s={search_term_string}"},"query-input":{"@type":"PropertyValueSpecification","valueRequired":true,"valueName":"search_term_string"}}],"inLanguage":"ca"},{"@type":"Organization","@id":"https:\/\/www.psib-psoe.org\/eivissa\/#organization","name":"Federaci\u00f3 Socialista d'Eivissa","url":"https:\/\/www.psib-psoe.org\/eivissa\/","logo":{"@type":"ImageObject","inLanguage":"ca","@id":"https:\/\/www.psib-psoe.org\/eivissa\/#\/schema\/logo\/image\/","url":"https:\/\/www.psib-psoe.org\/eivissa\/wp-content\/uploads\/LOGO-FSE-SOCIALISTA-DEIVISSA-HORI.png","contentUrl":"https:\/\/www.psib-psoe.org\/eivissa\/wp-content\/uploads\/LOGO-FSE-SOCIALISTA-DEIVISSA-HORI.png","width":6000,"height":3104,"caption":"Federaci\u00f3 Socialista d'Eivissa"},"image":{"@id":"https:\/\/www.psib-psoe.org\/eivissa\/#\/schema\/logo\/image\/"}},{"@type":"Person","@id":"https:\/\/www.psib-psoe.org\/eivissa\/#\/schema\/person\/099ab3ef73a3645a1d7f303518e6ce24","name":"adminpsib","url":"https:\/\/www.psib-psoe.org\/eivissa\/author\/adminpsib\/"}]}},"_links":{"self":[{"href":"https:\/\/www.psib-psoe.org\/eivissa\/wp-json\/wp\/v2\/posts\/40485","targetHints":{"allow":["GET"]}}],"collection":[{"href":"https:\/\/www.psib-psoe.org\/eivissa\/wp-json\/wp\/v2\/posts"}],"about":[{"href":"https:\/\/www.psib-psoe.org\/eivissa\/wp-json\/wp\/v2\/types\/post"}],"author":[{"embeddable":true,"href":"https:\/\/www.psib-psoe.org\/eivissa\/wp-json\/wp\/v2\/users\/1"}],"replies":[{"embeddable":true,"href":"https:\/\/www.psib-psoe.org\/eivissa\/wp-json\/wp\/v2\/comments?post=40485"}],"version-history":[{"count":1,"href":"https:\/\/www.psib-psoe.org\/eivissa\/wp-json\/wp\/v2\/posts\/40485\/revisions"}],"predecessor-version":[{"id":40488,"href":"https:\/\/www.psib-psoe.org\/eivissa\/wp-json\/wp\/v2\/posts\/40485\/revisions\/40488"}],"wp:featuredmedia":[{"embeddable":true,"href":"https:\/\/www.psib-psoe.org\/eivissa\/wp-json\/wp\/v2\/media\/40486"}],"wp:attachment":[{"href":"https:\/\/www.psib-psoe.org\/eivissa\/wp-json\/wp\/v2\/media?parent=40485"}],"wp:term":[{"taxonomy":"category","embeddable":true,"href":"https:\/\/www.psib-psoe.org\/eivissa\/wp-json\/wp\/v2\/categories?post=40485"},{"taxonomy":"post_tag","embeddable":true,"href":"https:\/\/www.psib-psoe.org\/eivissa\/wp-json\/wp\/v2\/tags?post=40485"}],"curies":[{"name":"wp","href":"https:\/\/api.w.org\/{rel}","templated":true}]}}