{"id":40500,"date":"2025-03-24T10:00:18","date_gmt":"2025-03-24T08:00:18","guid":{"rendered":"https:\/\/www.psib-psoe.org\/eivissa\/?p=40500"},"modified":"2025-03-24T10:00:18","modified_gmt":"2025-03-24T08:00:18","slug":"josep-mari-ribas-agustinet-primer-eivissenc-que-presideix-el-partit-socialista-de-les-illes-balears-en-la-historia-del-partit-elena-lopez-secretaria-dhabitatge-milena-he","status":"publish","type":"post","link":"https:\/\/www.psib-psoe.org\/eivissa\/josep-mari-ribas-agustinet-primer-eivissenc-que-presideix-el-partit-socialista-de-les-illes-balears-en-la-historia-del-partit-elena-lopez-secretaria-dhabitatge-milena-he\/","title":{"rendered":"Josep Mar\u00ed Ribas \u2018Agustinet\u2019, primer eivissenc que presideix el Partit Socialista de les Illes Balears en la hist\u00f2ria del partit. Elena L\u00f3pez, secret\u00e0ria d\u2019Habitatge, Milena Herrera, secret\u00e0ria d\u2019Igualtat, Pilar Costa, secret\u00e0ria de Cultura, i V\u00edctor Torres, vocal, tamb\u00e9 acompanyen Francina Armengol en la nova Comissi\u00f3 Executiva del PSIB-PSOE."},"content":{"rendered":"<p>Josep Mar\u00ed Ribas \u2018Agustinet\u2019, ha set escollit avui president del Partit Socialista de les Illes Balears (PSIB-PSOE), el primer que no \u00e9s de l\u2019illa de Mallorca en la hist\u00f2ria del partit. En el 15\u00e8 Congr\u00e9s del PSIB-PSOE celebrat aquest cap de setmana a Palma, tamb\u00e9 han estat escollits Elena L\u00f3pez com a secret\u00e0ria d\u2019Habitatge, Milena Herrera com a secret\u00e0ria d\u2019Igualtat, Pilar Costa com a secret\u00e0ria de Cultura i V\u00edctor Torres com a vocal, en la nova Comissi\u00f3 Executiva dirigida per la secret\u00e0ria general, Francina Armengol.<\/p>\n<p><img loading=\"lazy\" decoding=\"async\" src=\"https:\/\/www.psib-psoe.org\/eivissa\/wp-content\/uploads\/fotos-15-congres-PSIB-PSOE1.jpg\" alt=\"\" width=\"1600\" height=\"1066\" class=\"alignnone size-full wp-image-40494\" srcset=\"https:\/\/www.psib-psoe.org\/eivissa\/wp-content\/uploads\/fotos-15-congres-PSIB-PSOE1.jpg 1600w, https:\/\/www.psib-psoe.org\/eivissa\/wp-content\/uploads\/fotos-15-congres-PSIB-PSOE1-300x200.jpg 300w, https:\/\/www.psib-psoe.org\/eivissa\/wp-content\/uploads\/fotos-15-congres-PSIB-PSOE1-1024x682.jpg 1024w, https:\/\/www.psib-psoe.org\/eivissa\/wp-content\/uploads\/fotos-15-congres-PSIB-PSOE1-768x512.jpg 768w, https:\/\/www.psib-psoe.org\/eivissa\/wp-content\/uploads\/fotos-15-congres-PSIB-PSOE1-1536x1023.jpg 1536w, https:\/\/www.psib-psoe.org\/eivissa\/wp-content\/uploads\/fotos-15-congres-PSIB-PSOE1-150x100.jpg 150w, https:\/\/www.psib-psoe.org\/eivissa\/wp-content\/uploads\/fotos-15-congres-PSIB-PSOE1-600x400.jpg 600w, https:\/\/www.psib-psoe.org\/eivissa\/wp-content\/uploads\/fotos-15-congres-PSIB-PSOE1-900x600.jpg 900w, https:\/\/www.psib-psoe.org\/eivissa\/wp-content\/uploads\/fotos-15-congres-PSIB-PSOE1-20x13.jpg 20w\" sizes=\"auto, (max-width: 1600px) 100vw, 1600px\" \/><\/p>\n<p>Vicent Rosell\u00f3, que \u00e9s membre nat de l\u2019Executiva del PSIB-PSOE com a secretari general de la Federaci\u00f3 Socialista d\u2019Eivissa (FSE-PSOE), ha manifestat &#8220;l\u2019emoci\u00f3 i l&#8217;orgull del partit a Eivissa per la confian\u00e7a de Francina Armengol en els i les socialistes de la nostra illa per ajudar a impulsar el partit a les Illes Balears cap a la vict\u00f2ria en el 2027&#8221; i, de manera molt destacada, pel nomenament, per primera vegada, d\u2019un socialista eivissenc com a president del Partit Socialista a les Illes Balears: \u201cA Pep \u2018Agustinet\u2019 se li reconeix la seua traject\u00f2ria de tots els anys en el partit, i estam conven\u00e7uts que far\u00e0 una molt bona feina d\u2019aglutinar totes les idees i tota la for\u00e7a amb l&#8217;objectiu clar de poder tornar a governar l&#8217;any 2027 totes les institucions del conjunt de les Illes Balears\u201d.<\/p>\n<p>Segons Vicent Rosell\u00f3, els i les socialistes d\u2019Eivissa faran \u201cuna aportaci\u00f3 fonamental i decisiva per guanyar a les dretes\u201d, dirigint mat\u00e8ries tan importants com s\u00f3n les pol\u00edtiques d\u2019habitatge, la igualtat i la cultura. En aquest sentit, \u201cen mat\u00e8ria d&#8217;habitatge s&#8217;ha insistit en la necessitat imperativa d\u2019aplicar la llei estatal en el conjunt de les Illes Balears per poder topar el preu de l&#8217;habitatge\u201d, ha explicat Rosell\u00f3.<\/p>\n<p><img loading=\"lazy\" decoding=\"async\" src=\"https:\/\/www.psib-psoe.org\/eivissa\/wp-content\/uploads\/fotos-15-congres-PSIB-PSOE3.jpg\" alt=\"\" width=\"1600\" height=\"1066\" class=\"alignnone size-full wp-image-40496\" srcset=\"https:\/\/www.psib-psoe.org\/eivissa\/wp-content\/uploads\/fotos-15-congres-PSIB-PSOE3.jpg 1600w, https:\/\/www.psib-psoe.org\/eivissa\/wp-content\/uploads\/fotos-15-congres-PSIB-PSOE3-300x200.jpg 300w, https:\/\/www.psib-psoe.org\/eivissa\/wp-content\/uploads\/fotos-15-congres-PSIB-PSOE3-1024x682.jpg 1024w, https:\/\/www.psib-psoe.org\/eivissa\/wp-content\/uploads\/fotos-15-congres-PSIB-PSOE3-768x512.jpg 768w, https:\/\/www.psib-psoe.org\/eivissa\/wp-content\/uploads\/fotos-15-congres-PSIB-PSOE3-1536x1023.jpg 1536w, https:\/\/www.psib-psoe.org\/eivissa\/wp-content\/uploads\/fotos-15-congres-PSIB-PSOE3-150x100.jpg 150w, https:\/\/www.psib-psoe.org\/eivissa\/wp-content\/uploads\/fotos-15-congres-PSIB-PSOE3-600x400.jpg 600w, https:\/\/www.psib-psoe.org\/eivissa\/wp-content\/uploads\/fotos-15-congres-PSIB-PSOE3-900x600.jpg 900w, https:\/\/www.psib-psoe.org\/eivissa\/wp-content\/uploads\/fotos-15-congres-PSIB-PSOE3-20x13.jpg 20w\" sizes=\"auto, (max-width: 1600px) 100vw, 1600px\" \/><\/p>\n<p>\u201cEls campaments no deixen de cr\u00e9ixer, les caravanes, les tendes de campanya, els infrahabitatges, i aix\u00f2 no ho podem permetre. Hi ha propostes que s&#8217;han d&#8217;executar\u201d, ha remarcat Rosell\u00f3, referint-se al conjunt molt ambici\u00f3s de propostes del PSIB-PSOE en mat\u00e8ria d\u2019habitatge aprovat durant la celebraci\u00f3 del 15\u00e8 Congr\u00e9s.<\/p>\n<p>La resta de nomenaments de socialistes d\u2019Eivissa que han sortit del 15\u00e8 Congr\u00e9s del PSIB-PSOE han set els seg\u00fcents: Vicent Rosell\u00f3, membre del Comit\u00e8 Federal del PSOE. Pilar Ribas, Micaela Comendeiro i Joan Mar\u00ed \u2018Marge\u2019, membres del Consell Pol\u00edtic del PSIB-PSOE, i Marga Tur, vocal de la Comissi\u00f3 d\u2019\u00c8tica i Garanties del PSIB-PSOE.<\/p>\n","protected":false},"excerpt":{"rendered":"<p>Josep Mar\u00ed Ribas \u2018Agustinet\u2019, ha set escollit avui president del Partit Socialista de les Illes Balears (PSIB-PSOE), el primer que no \u00e9s de l\u2019illa de Mallorca en la hist\u00f2ria del partit. En el 15\u00e8 Congr\u00e9s del PSIB-PSOE celebrat aquest cap de setmana a Palma, tamb\u00e9 han estat escollits Elena L\u00f3pez com a secret\u00e0ria d\u2019Habitatge, Milena&hellip;<\/p>\n","protected":false},"author":1,"featured_media":40497,"comment_status":"closed","ping_status":"closed","sticky":false,"template":"","format":"standard","meta":{"footnotes":""},"categories":[1,212],"tags":[],"class_list":["post-40500","post","type-post","status-publish","format-standard","has-post-thumbnail","hentry","category-federacio-de-eivissa-portada","category-fse-psoe"],"yoast_head":"<!-- This site is optimized with the Yoast SEO plugin v26.9 - https:\/\/yoast.com\/product\/yoast-seo-wordpress\/ -->\n<title>Josep Mar\u00ed Ribas \u2018Agustinet\u2019, primer eivissenc que presideix el Partit Socialista de les Illes Balears en la hist\u00f2ria del partit. Elena L\u00f3pez, secret\u00e0ria d\u2019Habitatge, Milena Herrera, secret\u00e0ria d\u2019Igualtat, Pilar Costa, secret\u00e0ria de Cultura, i V\u00edctor Torres, vocal, tamb\u00e9 acompanyen Francina Armengol en la nova Comissi\u00f3 Executiva del PSIB-PSOE. - Federaci\u00f3 Socialista d&#039;Eivissa<\/title>\n<meta name=\"robots\" content=\"index, follow, max-snippet:-1, max-image-preview:large, max-video-preview:-1\" \/>\n<link rel=\"canonical\" href=\"https:\/\/www.psib-psoe.org\/eivissa\/josep-mari-ribas-agustinet-primer-eivissenc-que-presideix-el-partit-socialista-de-les-illes-balears-en-la-historia-del-partit-elena-lopez-secretaria-dhabitatge-milena-he\/\" \/>\n<meta property=\"og:locale\" content=\"ca_ES\" \/>\n<meta property=\"og:type\" content=\"article\" \/>\n<meta property=\"og:title\" content=\"Josep Mar\u00ed Ribas \u2018Agustinet\u2019, primer eivissenc que presideix el Partit Socialista de les Illes Balears en la hist\u00f2ria del partit. Elena L\u00f3pez, secret\u00e0ria d\u2019Habitatge, Milena Herrera, secret\u00e0ria d\u2019Igualtat, Pilar Costa, secret\u00e0ria de Cultura, i V\u00edctor Torres, vocal, tamb\u00e9 acompanyen Francina Armengol en la nova Comissi\u00f3 Executiva del PSIB-PSOE. - Federaci\u00f3 Socialista d&#039;Eivissa\" \/>\n<meta property=\"og:description\" content=\"Josep Mar\u00ed Ribas \u2018Agustinet\u2019, ha set escollit avui president del Partit Socialista de les Illes Balears (PSIB-PSOE), el primer que no \u00e9s de l\u2019illa de Mallorca en la hist\u00f2ria del partit. En el 15\u00e8 Congr\u00e9s del PSIB-PSOE celebrat aquest cap de setmana a Palma, tamb\u00e9 han estat escollits Elena L\u00f3pez com a secret\u00e0ria d\u2019Habitatge, Milena&hellip;\" \/>\n<meta property=\"og:url\" content=\"https:\/\/www.psib-psoe.org\/eivissa\/josep-mari-ribas-agustinet-primer-eivissenc-que-presideix-el-partit-socialista-de-les-illes-balears-en-la-historia-del-partit-elena-lopez-secretaria-dhabitatge-milena-he\/\" \/>\n<meta property=\"og:site_name\" content=\"Federaci\u00f3 Socialista d&#039;Eivissa\" \/>\n<meta property=\"article:published_time\" content=\"2025-03-24T08:00:18+00:00\" \/>\n<meta property=\"og:image\" content=\"https:\/\/www.psib-psoe.org\/eivissa\/wp-content\/uploads\/fotos-15-congres-PSIB-PSOE4-scaled.jpg\" \/>\n\t<meta property=\"og:image:width\" content=\"2560\" \/>\n\t<meta property=\"og:image:height\" content=\"1199\" \/>\n\t<meta property=\"og:image:type\" content=\"image\/jpeg\" \/>\n<meta name=\"author\" content=\"adminpsib\" \/>\n<meta name=\"twitter:card\" content=\"summary_large_image\" \/>\n<meta name=\"twitter:label1\" content=\"Escrit per\" \/>\n\t<meta name=\"twitter:data1\" content=\"adminpsib\" \/>\n\t<meta name=\"twitter:label2\" content=\"Temps estimat de lectura\" \/>\n\t<meta name=\"twitter:data2\" content=\"2 minuts\" \/>\n<script type=\"application\/ld+json\" class=\"yoast-schema-graph\">{\"@context\":\"https:\/\/schema.org\",\"@graph\":[{\"@type\":[\"Article\",\"BlogPosting\"],\"@id\":\"https:\/\/www.psib-psoe.org\/eivissa\/josep-mari-ribas-agustinet-primer-eivissenc-que-presideix-el-partit-socialista-de-les-illes-balears-en-la-historia-del-partit-elena-lopez-secretaria-dhabitatge-milena-he\/#article\",\"isPartOf\":{\"@id\":\"https:\/\/www.psib-psoe.org\/eivissa\/josep-mari-ribas-agustinet-primer-eivissenc-que-presideix-el-partit-socialista-de-les-illes-balears-en-la-historia-del-partit-elena-lopez-secretaria-dhabitatge-milena-he\/\"},\"author\":{\"name\":\"adminpsib\",\"@id\":\"https:\/\/www.psib-psoe.org\/eivissa\/#\/schema\/person\/099ab3ef73a3645a1d7f303518e6ce24\"},\"headline\":\"Josep Mar\u00ed Ribas \u2018Agustinet\u2019, primer eivissenc que presideix el Partit Socialista de les Illes Balears en la hist\u00f2ria del partit. Elena L\u00f3pez, secret\u00e0ria d\u2019Habitatge, Milena Herrera, secret\u00e0ria d\u2019Igualtat, Pilar Costa, secret\u00e0ria de Cultura, i V\u00edctor Torres, vocal, tamb\u00e9 acompanyen Francina Armengol en la nova Comissi\u00f3 Executiva del PSIB-PSOE.\",\"datePublished\":\"2025-03-24T08:00:18+00:00\",\"mainEntityOfPage\":{\"@id\":\"https:\/\/www.psib-psoe.org\/eivissa\/josep-mari-ribas-agustinet-primer-eivissenc-que-presideix-el-partit-socialista-de-les-illes-balears-en-la-historia-del-partit-elena-lopez-secretaria-dhabitatge-milena-he\/\"},\"wordCount\":477,\"publisher\":{\"@id\":\"https:\/\/www.psib-psoe.org\/eivissa\/#organization\"},\"image\":{\"@id\":\"https:\/\/www.psib-psoe.org\/eivissa\/josep-mari-ribas-agustinet-primer-eivissenc-que-presideix-el-partit-socialista-de-les-illes-balears-en-la-historia-del-partit-elena-lopez-secretaria-dhabitatge-milena-he\/#primaryimage\"},\"thumbnailUrl\":\"https:\/\/www.psib-psoe.org\/eivissa\/wp-content\/uploads\/fotos-15-congres-PSIB-PSOE4-scaled.jpg\",\"articleSection\":[\"Federaci\u00f3 d'Eivissa - Portada\",\"FSE-PSOE\"],\"inLanguage\":\"ca\"},{\"@type\":\"WebPage\",\"@id\":\"https:\/\/www.psib-psoe.org\/eivissa\/josep-mari-ribas-agustinet-primer-eivissenc-que-presideix-el-partit-socialista-de-les-illes-balears-en-la-historia-del-partit-elena-lopez-secretaria-dhabitatge-milena-he\/\",\"url\":\"https:\/\/www.psib-psoe.org\/eivissa\/josep-mari-ribas-agustinet-primer-eivissenc-que-presideix-el-partit-socialista-de-les-illes-balears-en-la-historia-del-partit-elena-lopez-secretaria-dhabitatge-milena-he\/\",\"name\":\"Josep Mar\u00ed Ribas \u2018Agustinet\u2019, primer eivissenc que presideix el Partit Socialista de les Illes Balears en la hist\u00f2ria del partit. Elena L\u00f3pez, secret\u00e0ria d\u2019Habitatge, Milena Herrera, secret\u00e0ria d\u2019Igualtat, Pilar Costa, secret\u00e0ria de Cultura, i V\u00edctor Torres, vocal, tamb\u00e9 acompanyen Francina Armengol en la nova Comissi\u00f3 Executiva del PSIB-PSOE. - Federaci\u00f3 Socialista d&#039;Eivissa\",\"isPartOf\":{\"@id\":\"https:\/\/www.psib-psoe.org\/eivissa\/#website\"},\"primaryImageOfPage\":{\"@id\":\"https:\/\/www.psib-psoe.org\/eivissa\/josep-mari-ribas-agustinet-primer-eivissenc-que-presideix-el-partit-socialista-de-les-illes-balears-en-la-historia-del-partit-elena-lopez-secretaria-dhabitatge-milena-he\/#primaryimage\"},\"image\":{\"@id\":\"https:\/\/www.psib-psoe.org\/eivissa\/josep-mari-ribas-agustinet-primer-eivissenc-que-presideix-el-partit-socialista-de-les-illes-balears-en-la-historia-del-partit-elena-lopez-secretaria-dhabitatge-milena-he\/#primaryimage\"},\"thumbnailUrl\":\"https:\/\/www.psib-psoe.org\/eivissa\/wp-content\/uploads\/fotos-15-congres-PSIB-PSOE4-scaled.jpg\",\"datePublished\":\"2025-03-24T08:00:18+00:00\",\"breadcrumb\":{\"@id\":\"https:\/\/www.psib-psoe.org\/eivissa\/josep-mari-ribas-agustinet-primer-eivissenc-que-presideix-el-partit-socialista-de-les-illes-balears-en-la-historia-del-partit-elena-lopez-secretaria-dhabitatge-milena-he\/#breadcrumb\"},\"inLanguage\":\"ca\",\"potentialAction\":[{\"@type\":\"ReadAction\",\"target\":[\"https:\/\/www.psib-psoe.org\/eivissa\/josep-mari-ribas-agustinet-primer-eivissenc-que-presideix-el-partit-socialista-de-les-illes-balears-en-la-historia-del-partit-elena-lopez-secretaria-dhabitatge-milena-he\/\"]}]},{\"@type\":\"ImageObject\",\"inLanguage\":\"ca\",\"@id\":\"https:\/\/www.psib-psoe.org\/eivissa\/josep-mari-ribas-agustinet-primer-eivissenc-que-presideix-el-partit-socialista-de-les-illes-balears-en-la-historia-del-partit-elena-lopez-secretaria-dhabitatge-milena-he\/#primaryimage\",\"url\":\"https:\/\/www.psib-psoe.org\/eivissa\/wp-content\/uploads\/fotos-15-congres-PSIB-PSOE4-scaled.jpg\",\"contentUrl\":\"https:\/\/www.psib-psoe.org\/eivissa\/wp-content\/uploads\/fotos-15-congres-PSIB-PSOE4-scaled.jpg\",\"width\":2560,\"height\":1199},{\"@type\":\"BreadcrumbList\",\"@id\":\"https:\/\/www.psib-psoe.org\/eivissa\/josep-mari-ribas-agustinet-primer-eivissenc-que-presideix-el-partit-socialista-de-les-illes-balears-en-la-historia-del-partit-elena-lopez-secretaria-dhabitatge-milena-he\/#breadcrumb\",\"itemListElement\":[{\"@type\":\"ListItem\",\"position\":1,\"name\":\"Inici\",\"item\":\"https:\/\/www.psib-psoe.org\/eivissa\/\"},{\"@type\":\"ListItem\",\"position\":2,\"name\":\"Josep Mar\u00ed Ribas \u2018Agustinet\u2019, primer eivissenc que presideix el Partit Socialista de les Illes Balears en la hist\u00f2ria del partit. Elena L\u00f3pez, secret\u00e0ria d\u2019Habitatge, Milena Herrera, secret\u00e0ria d\u2019Igualtat, Pilar Costa, secret\u00e0ria de Cultura, i V\u00edctor Torres, vocal, tamb\u00e9 acompanyen Francina Armengol en la nova Comissi\u00f3 Executiva del PSIB-PSOE.\"}]},{\"@type\":\"WebSite\",\"@id\":\"https:\/\/www.psib-psoe.org\/eivissa\/#website\",\"url\":\"https:\/\/www.psib-psoe.org\/eivissa\/\",\"name\":\"Federaci\u00f3 Socialista d'Eivissa\",\"description\":\"Socialistes d&#039;Eivissa\",\"publisher\":{\"@id\":\"https:\/\/www.psib-psoe.org\/eivissa\/#organization\"},\"potentialAction\":[{\"@type\":\"SearchAction\",\"target\":{\"@type\":\"EntryPoint\",\"urlTemplate\":\"https:\/\/www.psib-psoe.org\/eivissa\/?s={search_term_string}\"},\"query-input\":{\"@type\":\"PropertyValueSpecification\",\"valueRequired\":true,\"valueName\":\"search_term_string\"}}],\"inLanguage\":\"ca\"},{\"@type\":\"Organization\",\"@id\":\"https:\/\/www.psib-psoe.org\/eivissa\/#organization\",\"name\":\"Federaci\u00f3 Socialista d'Eivissa\",\"url\":\"https:\/\/www.psib-psoe.org\/eivissa\/\",\"logo\":{\"@type\":\"ImageObject\",\"inLanguage\":\"ca\",\"@id\":\"https:\/\/www.psib-psoe.org\/eivissa\/#\/schema\/logo\/image\/\",\"url\":\"https:\/\/www.psib-psoe.org\/eivissa\/wp-content\/uploads\/LOGO-FSE-SOCIALISTA-DEIVISSA-HORI.png\",\"contentUrl\":\"https:\/\/www.psib-psoe.org\/eivissa\/wp-content\/uploads\/LOGO-FSE-SOCIALISTA-DEIVISSA-HORI.png\",\"width\":6000,\"height\":3104,\"caption\":\"Federaci\u00f3 Socialista d'Eivissa\"},\"image\":{\"@id\":\"https:\/\/www.psib-psoe.org\/eivissa\/#\/schema\/logo\/image\/\"}},{\"@type\":\"Person\",\"@id\":\"https:\/\/www.psib-psoe.org\/eivissa\/#\/schema\/person\/099ab3ef73a3645a1d7f303518e6ce24\",\"name\":\"adminpsib\",\"url\":\"https:\/\/www.psib-psoe.org\/eivissa\/author\/adminpsib\/\"}]}<\/script>\n<!-- \/ Yoast SEO plugin. -->","yoast_head_json":{"title":"Josep Mar\u00ed Ribas \u2018Agustinet\u2019, primer eivissenc que presideix el Partit Socialista de les Illes Balears en la hist\u00f2ria del partit. Elena L\u00f3pez, secret\u00e0ria d\u2019Habitatge, Milena Herrera, secret\u00e0ria d\u2019Igualtat, Pilar Costa, secret\u00e0ria de Cultura, i V\u00edctor Torres, vocal, tamb\u00e9 acompanyen Francina Armengol en la nova Comissi\u00f3 Executiva del PSIB-PSOE. - Federaci\u00f3 Socialista d&#039;Eivissa","robots":{"index":"index","follow":"follow","max-snippet":"max-snippet:-1","max-image-preview":"max-image-preview:large","max-video-preview":"max-video-preview:-1"},"canonical":"https:\/\/www.psib-psoe.org\/eivissa\/josep-mari-ribas-agustinet-primer-eivissenc-que-presideix-el-partit-socialista-de-les-illes-balears-en-la-historia-del-partit-elena-lopez-secretaria-dhabitatge-milena-he\/","og_locale":"ca_ES","og_type":"article","og_title":"Josep Mar\u00ed Ribas \u2018Agustinet\u2019, primer eivissenc que presideix el Partit Socialista de les Illes Balears en la hist\u00f2ria del partit. Elena L\u00f3pez, secret\u00e0ria d\u2019Habitatge, Milena Herrera, secret\u00e0ria d\u2019Igualtat, Pilar Costa, secret\u00e0ria de Cultura, i V\u00edctor Torres, vocal, tamb\u00e9 acompanyen Francina Armengol en la nova Comissi\u00f3 Executiva del PSIB-PSOE. - Federaci\u00f3 Socialista d&#039;Eivissa","og_description":"Josep Mar\u00ed Ribas \u2018Agustinet\u2019, ha set escollit avui president del Partit Socialista de les Illes Balears (PSIB-PSOE), el primer que no \u00e9s de l\u2019illa de Mallorca en la hist\u00f2ria del partit. En el 15\u00e8 Congr\u00e9s del PSIB-PSOE celebrat aquest cap de setmana a Palma, tamb\u00e9 han estat escollits Elena L\u00f3pez com a secret\u00e0ria d\u2019Habitatge, Milena&hellip;","og_url":"https:\/\/www.psib-psoe.org\/eivissa\/josep-mari-ribas-agustinet-primer-eivissenc-que-presideix-el-partit-socialista-de-les-illes-balears-en-la-historia-del-partit-elena-lopez-secretaria-dhabitatge-milena-he\/","og_site_name":"Federaci\u00f3 Socialista d&#039;Eivissa","article_published_time":"2025-03-24T08:00:18+00:00","og_image":[{"width":2560,"height":1199,"url":"https:\/\/www.psib-psoe.org\/eivissa\/wp-content\/uploads\/fotos-15-congres-PSIB-PSOE4-scaled.jpg","type":"image\/jpeg"}],"author":"adminpsib","twitter_card":"summary_large_image","twitter_misc":{"Escrit per":"adminpsib","Temps estimat de lectura":"2 minuts"},"schema":{"@context":"https:\/\/schema.org","@graph":[{"@type":["Article","BlogPosting"],"@id":"https:\/\/www.psib-psoe.org\/eivissa\/josep-mari-ribas-agustinet-primer-eivissenc-que-presideix-el-partit-socialista-de-les-illes-balears-en-la-historia-del-partit-elena-lopez-secretaria-dhabitatge-milena-he\/#article","isPartOf":{"@id":"https:\/\/www.psib-psoe.org\/eivissa\/josep-mari-ribas-agustinet-primer-eivissenc-que-presideix-el-partit-socialista-de-les-illes-balears-en-la-historia-del-partit-elena-lopez-secretaria-dhabitatge-milena-he\/"},"author":{"name":"adminpsib","@id":"https:\/\/www.psib-psoe.org\/eivissa\/#\/schema\/person\/099ab3ef73a3645a1d7f303518e6ce24"},"headline":"Josep Mar\u00ed Ribas \u2018Agustinet\u2019, primer eivissenc que presideix el Partit Socialista de les Illes Balears en la hist\u00f2ria del partit. Elena L\u00f3pez, secret\u00e0ria d\u2019Habitatge, Milena Herrera, secret\u00e0ria d\u2019Igualtat, Pilar Costa, secret\u00e0ria de Cultura, i V\u00edctor Torres, vocal, tamb\u00e9 acompanyen Francina Armengol en la nova Comissi\u00f3 Executiva del PSIB-PSOE.","datePublished":"2025-03-24T08:00:18+00:00","mainEntityOfPage":{"@id":"https:\/\/www.psib-psoe.org\/eivissa\/josep-mari-ribas-agustinet-primer-eivissenc-que-presideix-el-partit-socialista-de-les-illes-balears-en-la-historia-del-partit-elena-lopez-secretaria-dhabitatge-milena-he\/"},"wordCount":477,"publisher":{"@id":"https:\/\/www.psib-psoe.org\/eivissa\/#organization"},"image":{"@id":"https:\/\/www.psib-psoe.org\/eivissa\/josep-mari-ribas-agustinet-primer-eivissenc-que-presideix-el-partit-socialista-de-les-illes-balears-en-la-historia-del-partit-elena-lopez-secretaria-dhabitatge-milena-he\/#primaryimage"},"thumbnailUrl":"https:\/\/www.psib-psoe.org\/eivissa\/wp-content\/uploads\/fotos-15-congres-PSIB-PSOE4-scaled.jpg","articleSection":["Federaci\u00f3 d'Eivissa - Portada","FSE-PSOE"],"inLanguage":"ca"},{"@type":"WebPage","@id":"https:\/\/www.psib-psoe.org\/eivissa\/josep-mari-ribas-agustinet-primer-eivissenc-que-presideix-el-partit-socialista-de-les-illes-balears-en-la-historia-del-partit-elena-lopez-secretaria-dhabitatge-milena-he\/","url":"https:\/\/www.psib-psoe.org\/eivissa\/josep-mari-ribas-agustinet-primer-eivissenc-que-presideix-el-partit-socialista-de-les-illes-balears-en-la-historia-del-partit-elena-lopez-secretaria-dhabitatge-milena-he\/","name":"Josep Mar\u00ed Ribas \u2018Agustinet\u2019, primer eivissenc que presideix el Partit Socialista de les Illes Balears en la hist\u00f2ria del partit. Elena L\u00f3pez, secret\u00e0ria d\u2019Habitatge, Milena Herrera, secret\u00e0ria d\u2019Igualtat, Pilar Costa, secret\u00e0ria de Cultura, i V\u00edctor Torres, vocal, tamb\u00e9 acompanyen Francina Armengol en la nova Comissi\u00f3 Executiva del PSIB-PSOE. - Federaci\u00f3 Socialista d&#039;Eivissa","isPartOf":{"@id":"https:\/\/www.psib-psoe.org\/eivissa\/#website"},"primaryImageOfPage":{"@id":"https:\/\/www.psib-psoe.org\/eivissa\/josep-mari-ribas-agustinet-primer-eivissenc-que-presideix-el-partit-socialista-de-les-illes-balears-en-la-historia-del-partit-elena-lopez-secretaria-dhabitatge-milena-he\/#primaryimage"},"image":{"@id":"https:\/\/www.psib-psoe.org\/eivissa\/josep-mari-ribas-agustinet-primer-eivissenc-que-presideix-el-partit-socialista-de-les-illes-balears-en-la-historia-del-partit-elena-lopez-secretaria-dhabitatge-milena-he\/#primaryimage"},"thumbnailUrl":"https:\/\/www.psib-psoe.org\/eivissa\/wp-content\/uploads\/fotos-15-congres-PSIB-PSOE4-scaled.jpg","datePublished":"2025-03-24T08:00:18+00:00","breadcrumb":{"@id":"https:\/\/www.psib-psoe.org\/eivissa\/josep-mari-ribas-agustinet-primer-eivissenc-que-presideix-el-partit-socialista-de-les-illes-balears-en-la-historia-del-partit-elena-lopez-secretaria-dhabitatge-milena-he\/#breadcrumb"},"inLanguage":"ca","potentialAction":[{"@type":"ReadAction","target":["https:\/\/www.psib-psoe.org\/eivissa\/josep-mari-ribas-agustinet-primer-eivissenc-que-presideix-el-partit-socialista-de-les-illes-balears-en-la-historia-del-partit-elena-lopez-secretaria-dhabitatge-milena-he\/"]}]},{"@type":"ImageObject","inLanguage":"ca","@id":"https:\/\/www.psib-psoe.org\/eivissa\/josep-mari-ribas-agustinet-primer-eivissenc-que-presideix-el-partit-socialista-de-les-illes-balears-en-la-historia-del-partit-elena-lopez-secretaria-dhabitatge-milena-he\/#primaryimage","url":"https:\/\/www.psib-psoe.org\/eivissa\/wp-content\/uploads\/fotos-15-congres-PSIB-PSOE4-scaled.jpg","contentUrl":"https:\/\/www.psib-psoe.org\/eivissa\/wp-content\/uploads\/fotos-15-congres-PSIB-PSOE4-scaled.jpg","width":2560,"height":1199},{"@type":"BreadcrumbList","@id":"https:\/\/www.psib-psoe.org\/eivissa\/josep-mari-ribas-agustinet-primer-eivissenc-que-presideix-el-partit-socialista-de-les-illes-balears-en-la-historia-del-partit-elena-lopez-secretaria-dhabitatge-milena-he\/#breadcrumb","itemListElement":[{"@type":"ListItem","position":1,"name":"Inici","item":"https:\/\/www.psib-psoe.org\/eivissa\/"},{"@type":"ListItem","position":2,"name":"Josep Mar\u00ed Ribas \u2018Agustinet\u2019, primer eivissenc que presideix el Partit Socialista de les Illes Balears en la hist\u00f2ria del partit. Elena L\u00f3pez, secret\u00e0ria d\u2019Habitatge, Milena Herrera, secret\u00e0ria d\u2019Igualtat, Pilar Costa, secret\u00e0ria de Cultura, i V\u00edctor Torres, vocal, tamb\u00e9 acompanyen Francina Armengol en la nova Comissi\u00f3 Executiva del PSIB-PSOE."}]},{"@type":"WebSite","@id":"https:\/\/www.psib-psoe.org\/eivissa\/#website","url":"https:\/\/www.psib-psoe.org\/eivissa\/","name":"Federaci\u00f3 Socialista d'Eivissa","description":"Socialistes d&#039;Eivissa","publisher":{"@id":"https:\/\/www.psib-psoe.org\/eivissa\/#organization"},"potentialAction":[{"@type":"SearchAction","target":{"@type":"EntryPoint","urlTemplate":"https:\/\/www.psib-psoe.org\/eivissa\/?s={search_term_string}"},"query-input":{"@type":"PropertyValueSpecification","valueRequired":true,"valueName":"search_term_string"}}],"inLanguage":"ca"},{"@type":"Organization","@id":"https:\/\/www.psib-psoe.org\/eivissa\/#organization","name":"Federaci\u00f3 Socialista d'Eivissa","url":"https:\/\/www.psib-psoe.org\/eivissa\/","logo":{"@type":"ImageObject","inLanguage":"ca","@id":"https:\/\/www.psib-psoe.org\/eivissa\/#\/schema\/logo\/image\/","url":"https:\/\/www.psib-psoe.org\/eivissa\/wp-content\/uploads\/LOGO-FSE-SOCIALISTA-DEIVISSA-HORI.png","contentUrl":"https:\/\/www.psib-psoe.org\/eivissa\/wp-content\/uploads\/LOGO-FSE-SOCIALISTA-DEIVISSA-HORI.png","width":6000,"height":3104,"caption":"Federaci\u00f3 Socialista d'Eivissa"},"image":{"@id":"https:\/\/www.psib-psoe.org\/eivissa\/#\/schema\/logo\/image\/"}},{"@type":"Person","@id":"https:\/\/www.psib-psoe.org\/eivissa\/#\/schema\/person\/099ab3ef73a3645a1d7f303518e6ce24","name":"adminpsib","url":"https:\/\/www.psib-psoe.org\/eivissa\/author\/adminpsib\/"}]}},"_links":{"self":[{"href":"https:\/\/www.psib-psoe.org\/eivissa\/wp-json\/wp\/v2\/posts\/40500","targetHints":{"allow":["GET"]}}],"collection":[{"href":"https:\/\/www.psib-psoe.org\/eivissa\/wp-json\/wp\/v2\/posts"}],"about":[{"href":"https:\/\/www.psib-psoe.org\/eivissa\/wp-json\/wp\/v2\/types\/post"}],"author":[{"embeddable":true,"href":"https:\/\/www.psib-psoe.org\/eivissa\/wp-json\/wp\/v2\/users\/1"}],"replies":[{"embeddable":true,"href":"https:\/\/www.psib-psoe.org\/eivissa\/wp-json\/wp\/v2\/comments?post=40500"}],"version-history":[{"count":1,"href":"https:\/\/www.psib-psoe.org\/eivissa\/wp-json\/wp\/v2\/posts\/40500\/revisions"}],"predecessor-version":[{"id":40501,"href":"https:\/\/www.psib-psoe.org\/eivissa\/wp-json\/wp\/v2\/posts\/40500\/revisions\/40501"}],"wp:featuredmedia":[{"embeddable":true,"href":"https:\/\/www.psib-psoe.org\/eivissa\/wp-json\/wp\/v2\/media\/40497"}],"wp:attachment":[{"href":"https:\/\/www.psib-psoe.org\/eivissa\/wp-json\/wp\/v2\/media?parent=40500"}],"wp:term":[{"taxonomy":"category","embeddable":true,"href":"https:\/\/www.psib-psoe.org\/eivissa\/wp-json\/wp\/v2\/categories?post=40500"},{"taxonomy":"post_tag","embeddable":true,"href":"https:\/\/www.psib-psoe.org\/eivissa\/wp-json\/wp\/v2\/tags?post=40500"}],"curies":[{"name":"wp","href":"https:\/\/api.w.org\/{rel}","templated":true}]}}