{"id":40582,"date":"2025-04-05T11:45:26","date_gmt":"2025-04-05T09:45:26","guid":{"rendered":"https:\/\/www.psib-psoe.org\/eivissa\/?p=40582"},"modified":"2025-04-05T11:45:26","modified_gmt":"2025-04-05T09:45:26","slug":"vicent-rosello-anuncia-que-es-presentara-a-la-reeleccio-com-a-secretari-general-de-la-fse-psoe-en-el-vii-congres-del-partit-que-se-celebrara-el-21-de-juny","status":"publish","type":"post","link":"https:\/\/www.psib-psoe.org\/eivissa\/vicent-rosello-anuncia-que-es-presentara-a-la-reeleccio-com-a-secretari-general-de-la-fse-psoe-en-el-vii-congres-del-partit-que-se-celebrara-el-21-de-juny\/","title":{"rendered":"Vicent Rosell\u00f3 anuncia que es presentar\u00e0 a la reelecci\u00f3 com a secretari general de la FSE-PSOE en el VII Congr\u00e9s del partit, que se celebrar\u00e0 el 21 de juny"},"content":{"rendered":"<p>El Comit\u00e8 Insular de la Federaci\u00f3 Socialista d\u2019Eivissa (FSE-PSOE) ha aprovat aquest dissabte la convocat\u00f2ria del VII Congr\u00e9s del partit, que se celebrar\u00e0 el pr\u00f2xim 21 de juny. En el marc de la reuni\u00f3, el secretari general, Vicent Rosell\u00f3, ha anunciat que presentar\u00e0 la seua candidatura per continuar liderant el partit i el projecte pol\u00edtic iniciat fa nou mesos: \u201cTenc tota la il\u00b7lusi\u00f3 i totes les ganes de renovar la vostra confian\u00e7a, la confian\u00e7a de la milit\u00e0ncia, per continuar aquesta feina iniciada l\u2019any passat. Estam aqu\u00ed per lluitar, per una Eivissa millor, per una Eivissa m\u00e9s justa. Una Eivissa de futur per a totes i tots\u201d, ha dit Vicent Rosell\u00f3 davant dels membres del Comit\u00e8 Insular.<\/p>\n<p>Durant la seva intervenci\u00f3, el secretari general socialista ha fet un rep\u00e0s de la feina feta per l\u2019Executiva insular: \u201cAquesta nova etapa ha comen\u00e7at, est\u00e0 en marxa i ha avan\u00e7at amb una idea molt clara: comen\u00e7ar a construir all\u00f2 que em v\u00e0reu encarregar amb la vostra confian\u00e7a: un pla de feina amb la vista posada en el 2027, amb l\u2019objectiu de configurar un nou projecte socialista guanyador per a la nostra illa\u201d.<\/p>\n<p>Rosell\u00f3 ha denunciat la falta de voluntat pol\u00edtica de la dreta per resoldre els problemes de l\u2019illa: \u201cTenim un Partit Popular que governa totes les institucions, per\u00f2 que nom\u00e9s viu de la propaganda. L\u2019\u00fanica estrat\u00e8gia que tenen \u00e9s continuar enganyant i desviar l\u2019atenci\u00f3\u201d, recordant que &#8220;quan hi ha havia un govern progressista al Consell, amb Vicent Torres, tot era culpa del Consell; amb Francina Armengol, tots els problemes eren culpa del Govern balear; i ara que governen per tot, li donen la culpa de tot al Govern de Pedro S\u00e1nchez\u201d.<\/p>\n<p><strong>Habitatge com a prioritat<\/strong><\/p>\n<p>Vicent Rosell\u00f3 ha dedicat una part central del seu discurs a denunciar la inacci\u00f3 del Partit Popular davant la greu crisi d\u2019habitatge que pateix Eivissa. Ha denunciat que el PP est\u00e0 instal\u00b7lat en la propaganda i \u201cdesvia l\u2019atenci\u00f3, mentre s\u2019oblida del veritable problema de la nostra illa, l\u2019acc\u00e9s de l\u2019habitatge\u201d.<\/p>\n<p>\u201cEl preu de l\u2019habitatge, aquest s\u00ed que \u00e9s un problema alarmant. I ho \u00e9s perqu\u00e8 no hi ha una pol\u00edtica valenta per intervenir-hi. El Partit Popular t\u00e9 les compet\u00e8ncies i no fa res. Es nega a aplicar la Llei estatal que permet regular els preus. Es nega a construir habitatge p\u00fablic. I es nega a actuar\u201d, ha lamentat Rosell\u00f3.<\/p>\n<p>\u201cNo podem permetre que la gent hagi de viuren en campaments, com Can Rova o Can Raspalls\u201d, ha dit el secretari general, criticant la falta de mesures del Partit Popular, ja que \u201cper a ells, l\u2019habitatge \u00e9s un negoci, i no un dret\u201d.<\/p>\n<p>Davant aix\u00f2, ha assegurat que \u201cla primera mesura que posarem en marxa quan tornem a governar ser\u00e0 aplicar la Llei estatal d&#8217;habitatge per topar els preus dels lloguers\u201d, ha anunciat entre aplaudiments.<\/p>\n<p>A m\u00e9s, ha proposat \u201cuna aposta sense precedents en construcci\u00f3 d\u2019habitatge p\u00fablic amb un comprom\u00eds molt ambici\u00f3s, per\u00f2 molt necessari: aconseguir que aquestes illes tenguin un parc d\u2019habitatge protegit que arribi al 30% del total\u201d, recordant i manifestant &#8220;l&#8217;orgull&#8221; per feina d&#8217;anteriors governs socialistes, citant d&#8217;exemple de la ciutat d&#8217;Eivissa amb Rafa Ruiz. En aquest ha defensat que \u201cl\u2019habitatge ha de ser el cinqu\u00e8 pilar de l\u2019Estat del Benestar\u201d.<\/p>\n<p>Com ha dit, el model socioecon\u00f2mic d\u2019Eivissa no pot basar-se \u201cen una ind\u00fastria que passi per damunt de naltros\u201d, sin\u00f3 \u201cque reverteixi en Eivissa\u201d. En aquest punt, tamb\u00e9 s\u2019ha referit a la necessitat de mesures per protegir el territori i els recursos naturals de la nostra illa, davant d\u2019unes pol\u00edtiques del PP que no compleixen els compromisos: \u201cAquest estiu tendrem igual o m\u00e9s vehicles que l\u2019any passat\u201d, ha lamentat, criticant la limitaci\u00f3 proposada pel Consell Insular de Vicent Mar\u00ed.<\/p>\n<p>Finalment, Rosell\u00f3 ha dit que el PSOE ha d\u2019estar \u201cpreparat per guanyar, per recuperar els governs i posar en marxa el canvi progressista que amb urg\u00e8ncia comen\u00e7a a necessitar la nostra illa\u201d.<\/p>\n<p>El congr\u00e9s insular del 21 de juny servir\u00e0 per aprovar una pon\u00e8ncia pol\u00edtica que marcar\u00e0 el full de ruta dels socialistes eivissencs fins a 2030: \u201cUn congr\u00e9s en qu\u00e8 hem de renovar el nostre comprom\u00eds amb l\u2019illa i amb les pol\u00edtiques progressistes que necessitam per encarar les necessitats del present i els reptes del futur\u201d.<\/p>\n<p>En el seu discurs, Vicent Rosell\u00f3 tamb\u00e9 ha volgut felicitat el conjunt de la milit\u00e0ncia per l\u2019\u00e8xit del recent Congr\u00e9s del PSIB-PSOE, celebrat fa dos setmanes a Palma, i ha celebrat la pres\u00e8ncia refor\u00e7ada dels socialistes d\u2019Eivissa en els \u00f2rgans de direcci\u00f3 del PSIB: Elena L\u00f3pez, nova secret\u00e0ria d\u2019Habitatge; Milena Herrera, secret\u00e0ria d\u2019Igualtat, Pilar Costa, secret\u00e0ria de Cultura, i la nova presid\u00e8ncia del PSIB-PSOE, a c\u00e0rrec de Josep Mar\u00ed Ribas, \u2018Agustinet\u2019, per primera vegada un eivissenc ocupant aquest c\u00e0rrec, qui ha rebut un fort aplaudiment dels membres del Comit\u00e8 Insular de la FSE-PSOE.<\/p>\n","protected":false},"excerpt":{"rendered":"<p>El Comit\u00e8 Insular de la Federaci\u00f3 Socialista d\u2019Eivissa (FSE-PSOE) ha aprovat aquest dissabte la convocat\u00f2ria del VII Congr\u00e9s del partit, que se celebrar\u00e0 el pr\u00f2xim 21 de juny. En el marc de la reuni\u00f3, el secretari general, Vicent Rosell\u00f3, ha anunciat que presentar\u00e0 la seua candidatura per continuar liderant el partit i el projecte pol\u00edtic&hellip;<\/p>\n","protected":false},"author":1,"featured_media":40583,"comment_status":"closed","ping_status":"closed","sticky":false,"template":"","format":"standard","meta":{"footnotes":""},"categories":[1,212],"tags":[],"class_list":["post-40582","post","type-post","status-publish","format-standard","has-post-thumbnail","hentry","category-federacio-de-eivissa-portada","category-fse-psoe"],"yoast_head":"<!-- This site is optimized with the Yoast SEO plugin v26.9 - https:\/\/yoast.com\/product\/yoast-seo-wordpress\/ -->\n<title>Vicent Rosell\u00f3 anuncia que es presentar\u00e0 a la reelecci\u00f3 com a secretari general de la FSE-PSOE en el VII Congr\u00e9s del partit, que se celebrar\u00e0 el 21 de juny - Federaci\u00f3 Socialista d&#039;Eivissa<\/title>\n<meta name=\"robots\" content=\"index, follow, max-snippet:-1, max-image-preview:large, max-video-preview:-1\" \/>\n<link rel=\"canonical\" href=\"https:\/\/www.psib-psoe.org\/eivissa\/vicent-rosello-anuncia-que-es-presentara-a-la-reeleccio-com-a-secretari-general-de-la-fse-psoe-en-el-vii-congres-del-partit-que-se-celebrara-el-21-de-juny\/\" \/>\n<meta property=\"og:locale\" content=\"ca_ES\" \/>\n<meta property=\"og:type\" content=\"article\" \/>\n<meta property=\"og:title\" content=\"Vicent Rosell\u00f3 anuncia que es presentar\u00e0 a la reelecci\u00f3 com a secretari general de la FSE-PSOE en el VII Congr\u00e9s del partit, que se celebrar\u00e0 el 21 de juny - Federaci\u00f3 Socialista d&#039;Eivissa\" \/>\n<meta property=\"og:description\" content=\"El Comit\u00e8 Insular de la Federaci\u00f3 Socialista d\u2019Eivissa (FSE-PSOE) ha aprovat aquest dissabte la convocat\u00f2ria del VII Congr\u00e9s del partit, que se celebrar\u00e0 el pr\u00f2xim 21 de juny. En el marc de la reuni\u00f3, el secretari general, Vicent Rosell\u00f3, ha anunciat que presentar\u00e0 la seua candidatura per continuar liderant el partit i el projecte pol\u00edtic&hellip;\" \/>\n<meta property=\"og:url\" content=\"https:\/\/www.psib-psoe.org\/eivissa\/vicent-rosello-anuncia-que-es-presentara-a-la-reeleccio-com-a-secretari-general-de-la-fse-psoe-en-el-vii-congres-del-partit-que-se-celebrara-el-21-de-juny\/\" \/>\n<meta property=\"og:site_name\" content=\"Federaci\u00f3 Socialista d&#039;Eivissa\" \/>\n<meta property=\"article:published_time\" content=\"2025-04-05T09:45:26+00:00\" \/>\n<meta property=\"og:image\" content=\"https:\/\/www.psib-psoe.org\/eivissa\/wp-content\/uploads\/comite-insular-5-abril-25-1.jpeg\" \/>\n\t<meta property=\"og:image:width\" content=\"1920\" \/>\n\t<meta property=\"og:image:height\" content=\"1080\" \/>\n\t<meta property=\"og:image:type\" content=\"image\/jpeg\" \/>\n<meta name=\"author\" content=\"adminpsib\" \/>\n<meta name=\"twitter:card\" content=\"summary_large_image\" \/>\n<meta name=\"twitter:label1\" content=\"Escrit per\" \/>\n\t<meta name=\"twitter:data1\" content=\"adminpsib\" \/>\n\t<meta name=\"twitter:label2\" content=\"Temps estimat de lectura\" \/>\n\t<meta name=\"twitter:data2\" content=\"4 minuts\" \/>\n<script type=\"application\/ld+json\" class=\"yoast-schema-graph\">{\"@context\":\"https:\/\/schema.org\",\"@graph\":[{\"@type\":[\"Article\",\"BlogPosting\"],\"@id\":\"https:\/\/www.psib-psoe.org\/eivissa\/vicent-rosello-anuncia-que-es-presentara-a-la-reeleccio-com-a-secretari-general-de-la-fse-psoe-en-el-vii-congres-del-partit-que-se-celebrara-el-21-de-juny\/#article\",\"isPartOf\":{\"@id\":\"https:\/\/www.psib-psoe.org\/eivissa\/vicent-rosello-anuncia-que-es-presentara-a-la-reeleccio-com-a-secretari-general-de-la-fse-psoe-en-el-vii-congres-del-partit-que-se-celebrara-el-21-de-juny\/\"},\"author\":{\"name\":\"adminpsib\",\"@id\":\"https:\/\/www.psib-psoe.org\/eivissa\/#\/schema\/person\/099ab3ef73a3645a1d7f303518e6ce24\"},\"headline\":\"Vicent Rosell\u00f3 anuncia que es presentar\u00e0 a la reelecci\u00f3 com a secretari general de la FSE-PSOE en el VII Congr\u00e9s del partit, que se celebrar\u00e0 el 21 de juny\",\"datePublished\":\"2025-04-05T09:45:26+00:00\",\"mainEntityOfPage\":{\"@id\":\"https:\/\/www.psib-psoe.org\/eivissa\/vicent-rosello-anuncia-que-es-presentara-a-la-reeleccio-com-a-secretari-general-de-la-fse-psoe-en-el-vii-congres-del-partit-que-se-celebrara-el-21-de-juny\/\"},\"wordCount\":897,\"publisher\":{\"@id\":\"https:\/\/www.psib-psoe.org\/eivissa\/#organization\"},\"image\":{\"@id\":\"https:\/\/www.psib-psoe.org\/eivissa\/vicent-rosello-anuncia-que-es-presentara-a-la-reeleccio-com-a-secretari-general-de-la-fse-psoe-en-el-vii-congres-del-partit-que-se-celebrara-el-21-de-juny\/#primaryimage\"},\"thumbnailUrl\":\"https:\/\/www.psib-psoe.org\/eivissa\/wp-content\/uploads\/comite-insular-5-abril-25-1.jpeg\",\"articleSection\":[\"Federaci\u00f3 d'Eivissa - Portada\",\"FSE-PSOE\"],\"inLanguage\":\"ca\"},{\"@type\":\"WebPage\",\"@id\":\"https:\/\/www.psib-psoe.org\/eivissa\/vicent-rosello-anuncia-que-es-presentara-a-la-reeleccio-com-a-secretari-general-de-la-fse-psoe-en-el-vii-congres-del-partit-que-se-celebrara-el-21-de-juny\/\",\"url\":\"https:\/\/www.psib-psoe.org\/eivissa\/vicent-rosello-anuncia-que-es-presentara-a-la-reeleccio-com-a-secretari-general-de-la-fse-psoe-en-el-vii-congres-del-partit-que-se-celebrara-el-21-de-juny\/\",\"name\":\"Vicent Rosell\u00f3 anuncia que es presentar\u00e0 a la reelecci\u00f3 com a secretari general de la FSE-PSOE en el VII Congr\u00e9s del partit, que se celebrar\u00e0 el 21 de juny - Federaci\u00f3 Socialista d&#039;Eivissa\",\"isPartOf\":{\"@id\":\"https:\/\/www.psib-psoe.org\/eivissa\/#website\"},\"primaryImageOfPage\":{\"@id\":\"https:\/\/www.psib-psoe.org\/eivissa\/vicent-rosello-anuncia-que-es-presentara-a-la-reeleccio-com-a-secretari-general-de-la-fse-psoe-en-el-vii-congres-del-partit-que-se-celebrara-el-21-de-juny\/#primaryimage\"},\"image\":{\"@id\":\"https:\/\/www.psib-psoe.org\/eivissa\/vicent-rosello-anuncia-que-es-presentara-a-la-reeleccio-com-a-secretari-general-de-la-fse-psoe-en-el-vii-congres-del-partit-que-se-celebrara-el-21-de-juny\/#primaryimage\"},\"thumbnailUrl\":\"https:\/\/www.psib-psoe.org\/eivissa\/wp-content\/uploads\/comite-insular-5-abril-25-1.jpeg\",\"datePublished\":\"2025-04-05T09:45:26+00:00\",\"breadcrumb\":{\"@id\":\"https:\/\/www.psib-psoe.org\/eivissa\/vicent-rosello-anuncia-que-es-presentara-a-la-reeleccio-com-a-secretari-general-de-la-fse-psoe-en-el-vii-congres-del-partit-que-se-celebrara-el-21-de-juny\/#breadcrumb\"},\"inLanguage\":\"ca\",\"potentialAction\":[{\"@type\":\"ReadAction\",\"target\":[\"https:\/\/www.psib-psoe.org\/eivissa\/vicent-rosello-anuncia-que-es-presentara-a-la-reeleccio-com-a-secretari-general-de-la-fse-psoe-en-el-vii-congres-del-partit-que-se-celebrara-el-21-de-juny\/\"]}]},{\"@type\":\"ImageObject\",\"inLanguage\":\"ca\",\"@id\":\"https:\/\/www.psib-psoe.org\/eivissa\/vicent-rosello-anuncia-que-es-presentara-a-la-reeleccio-com-a-secretari-general-de-la-fse-psoe-en-el-vii-congres-del-partit-que-se-celebrara-el-21-de-juny\/#primaryimage\",\"url\":\"https:\/\/www.psib-psoe.org\/eivissa\/wp-content\/uploads\/comite-insular-5-abril-25-1.jpeg\",\"contentUrl\":\"https:\/\/www.psib-psoe.org\/eivissa\/wp-content\/uploads\/comite-insular-5-abril-25-1.jpeg\",\"width\":1920,\"height\":1080},{\"@type\":\"BreadcrumbList\",\"@id\":\"https:\/\/www.psib-psoe.org\/eivissa\/vicent-rosello-anuncia-que-es-presentara-a-la-reeleccio-com-a-secretari-general-de-la-fse-psoe-en-el-vii-congres-del-partit-que-se-celebrara-el-21-de-juny\/#breadcrumb\",\"itemListElement\":[{\"@type\":\"ListItem\",\"position\":1,\"name\":\"Inici\",\"item\":\"https:\/\/www.psib-psoe.org\/eivissa\/\"},{\"@type\":\"ListItem\",\"position\":2,\"name\":\"Vicent Rosell\u00f3 anuncia que es presentar\u00e0 a la reelecci\u00f3 com a secretari general de la FSE-PSOE en el VII Congr\u00e9s del partit, que se celebrar\u00e0 el 21 de juny\"}]},{\"@type\":\"WebSite\",\"@id\":\"https:\/\/www.psib-psoe.org\/eivissa\/#website\",\"url\":\"https:\/\/www.psib-psoe.org\/eivissa\/\",\"name\":\"Federaci\u00f3 Socialista d'Eivissa\",\"description\":\"Socialistes d&#039;Eivissa\",\"publisher\":{\"@id\":\"https:\/\/www.psib-psoe.org\/eivissa\/#organization\"},\"potentialAction\":[{\"@type\":\"SearchAction\",\"target\":{\"@type\":\"EntryPoint\",\"urlTemplate\":\"https:\/\/www.psib-psoe.org\/eivissa\/?s={search_term_string}\"},\"query-input\":{\"@type\":\"PropertyValueSpecification\",\"valueRequired\":true,\"valueName\":\"search_term_string\"}}],\"inLanguage\":\"ca\"},{\"@type\":\"Organization\",\"@id\":\"https:\/\/www.psib-psoe.org\/eivissa\/#organization\",\"name\":\"Federaci\u00f3 Socialista d'Eivissa\",\"url\":\"https:\/\/www.psib-psoe.org\/eivissa\/\",\"logo\":{\"@type\":\"ImageObject\",\"inLanguage\":\"ca\",\"@id\":\"https:\/\/www.psib-psoe.org\/eivissa\/#\/schema\/logo\/image\/\",\"url\":\"https:\/\/www.psib-psoe.org\/eivissa\/wp-content\/uploads\/LOGO-FSE-SOCIALISTA-DEIVISSA-HORI.png\",\"contentUrl\":\"https:\/\/www.psib-psoe.org\/eivissa\/wp-content\/uploads\/LOGO-FSE-SOCIALISTA-DEIVISSA-HORI.png\",\"width\":6000,\"height\":3104,\"caption\":\"Federaci\u00f3 Socialista d'Eivissa\"},\"image\":{\"@id\":\"https:\/\/www.psib-psoe.org\/eivissa\/#\/schema\/logo\/image\/\"}},{\"@type\":\"Person\",\"@id\":\"https:\/\/www.psib-psoe.org\/eivissa\/#\/schema\/person\/099ab3ef73a3645a1d7f303518e6ce24\",\"name\":\"adminpsib\",\"url\":\"https:\/\/www.psib-psoe.org\/eivissa\/author\/adminpsib\/\"}]}<\/script>\n<!-- \/ Yoast SEO plugin. -->","yoast_head_json":{"title":"Vicent Rosell\u00f3 anuncia que es presentar\u00e0 a la reelecci\u00f3 com a secretari general de la FSE-PSOE en el VII Congr\u00e9s del partit, que se celebrar\u00e0 el 21 de juny - Federaci\u00f3 Socialista d&#039;Eivissa","robots":{"index":"index","follow":"follow","max-snippet":"max-snippet:-1","max-image-preview":"max-image-preview:large","max-video-preview":"max-video-preview:-1"},"canonical":"https:\/\/www.psib-psoe.org\/eivissa\/vicent-rosello-anuncia-que-es-presentara-a-la-reeleccio-com-a-secretari-general-de-la-fse-psoe-en-el-vii-congres-del-partit-que-se-celebrara-el-21-de-juny\/","og_locale":"ca_ES","og_type":"article","og_title":"Vicent Rosell\u00f3 anuncia que es presentar\u00e0 a la reelecci\u00f3 com a secretari general de la FSE-PSOE en el VII Congr\u00e9s del partit, que se celebrar\u00e0 el 21 de juny - Federaci\u00f3 Socialista d&#039;Eivissa","og_description":"El Comit\u00e8 Insular de la Federaci\u00f3 Socialista d\u2019Eivissa (FSE-PSOE) ha aprovat aquest dissabte la convocat\u00f2ria del VII Congr\u00e9s del partit, que se celebrar\u00e0 el pr\u00f2xim 21 de juny. En el marc de la reuni\u00f3, el secretari general, Vicent Rosell\u00f3, ha anunciat que presentar\u00e0 la seua candidatura per continuar liderant el partit i el projecte pol\u00edtic&hellip;","og_url":"https:\/\/www.psib-psoe.org\/eivissa\/vicent-rosello-anuncia-que-es-presentara-a-la-reeleccio-com-a-secretari-general-de-la-fse-psoe-en-el-vii-congres-del-partit-que-se-celebrara-el-21-de-juny\/","og_site_name":"Federaci\u00f3 Socialista d&#039;Eivissa","article_published_time":"2025-04-05T09:45:26+00:00","og_image":[{"width":1920,"height":1080,"url":"https:\/\/www.psib-psoe.org\/eivissa\/wp-content\/uploads\/comite-insular-5-abril-25-1.jpeg","type":"image\/jpeg"}],"author":"adminpsib","twitter_card":"summary_large_image","twitter_misc":{"Escrit per":"adminpsib","Temps estimat de lectura":"4 minuts"},"schema":{"@context":"https:\/\/schema.org","@graph":[{"@type":["Article","BlogPosting"],"@id":"https:\/\/www.psib-psoe.org\/eivissa\/vicent-rosello-anuncia-que-es-presentara-a-la-reeleccio-com-a-secretari-general-de-la-fse-psoe-en-el-vii-congres-del-partit-que-se-celebrara-el-21-de-juny\/#article","isPartOf":{"@id":"https:\/\/www.psib-psoe.org\/eivissa\/vicent-rosello-anuncia-que-es-presentara-a-la-reeleccio-com-a-secretari-general-de-la-fse-psoe-en-el-vii-congres-del-partit-que-se-celebrara-el-21-de-juny\/"},"author":{"name":"adminpsib","@id":"https:\/\/www.psib-psoe.org\/eivissa\/#\/schema\/person\/099ab3ef73a3645a1d7f303518e6ce24"},"headline":"Vicent Rosell\u00f3 anuncia que es presentar\u00e0 a la reelecci\u00f3 com a secretari general de la FSE-PSOE en el VII Congr\u00e9s del partit, que se celebrar\u00e0 el 21 de juny","datePublished":"2025-04-05T09:45:26+00:00","mainEntityOfPage":{"@id":"https:\/\/www.psib-psoe.org\/eivissa\/vicent-rosello-anuncia-que-es-presentara-a-la-reeleccio-com-a-secretari-general-de-la-fse-psoe-en-el-vii-congres-del-partit-que-se-celebrara-el-21-de-juny\/"},"wordCount":897,"publisher":{"@id":"https:\/\/www.psib-psoe.org\/eivissa\/#organization"},"image":{"@id":"https:\/\/www.psib-psoe.org\/eivissa\/vicent-rosello-anuncia-que-es-presentara-a-la-reeleccio-com-a-secretari-general-de-la-fse-psoe-en-el-vii-congres-del-partit-que-se-celebrara-el-21-de-juny\/#primaryimage"},"thumbnailUrl":"https:\/\/www.psib-psoe.org\/eivissa\/wp-content\/uploads\/comite-insular-5-abril-25-1.jpeg","articleSection":["Federaci\u00f3 d'Eivissa - Portada","FSE-PSOE"],"inLanguage":"ca"},{"@type":"WebPage","@id":"https:\/\/www.psib-psoe.org\/eivissa\/vicent-rosello-anuncia-que-es-presentara-a-la-reeleccio-com-a-secretari-general-de-la-fse-psoe-en-el-vii-congres-del-partit-que-se-celebrara-el-21-de-juny\/","url":"https:\/\/www.psib-psoe.org\/eivissa\/vicent-rosello-anuncia-que-es-presentara-a-la-reeleccio-com-a-secretari-general-de-la-fse-psoe-en-el-vii-congres-del-partit-que-se-celebrara-el-21-de-juny\/","name":"Vicent Rosell\u00f3 anuncia que es presentar\u00e0 a la reelecci\u00f3 com a secretari general de la FSE-PSOE en el VII Congr\u00e9s del partit, que se celebrar\u00e0 el 21 de juny - Federaci\u00f3 Socialista d&#039;Eivissa","isPartOf":{"@id":"https:\/\/www.psib-psoe.org\/eivissa\/#website"},"primaryImageOfPage":{"@id":"https:\/\/www.psib-psoe.org\/eivissa\/vicent-rosello-anuncia-que-es-presentara-a-la-reeleccio-com-a-secretari-general-de-la-fse-psoe-en-el-vii-congres-del-partit-que-se-celebrara-el-21-de-juny\/#primaryimage"},"image":{"@id":"https:\/\/www.psib-psoe.org\/eivissa\/vicent-rosello-anuncia-que-es-presentara-a-la-reeleccio-com-a-secretari-general-de-la-fse-psoe-en-el-vii-congres-del-partit-que-se-celebrara-el-21-de-juny\/#primaryimage"},"thumbnailUrl":"https:\/\/www.psib-psoe.org\/eivissa\/wp-content\/uploads\/comite-insular-5-abril-25-1.jpeg","datePublished":"2025-04-05T09:45:26+00:00","breadcrumb":{"@id":"https:\/\/www.psib-psoe.org\/eivissa\/vicent-rosello-anuncia-que-es-presentara-a-la-reeleccio-com-a-secretari-general-de-la-fse-psoe-en-el-vii-congres-del-partit-que-se-celebrara-el-21-de-juny\/#breadcrumb"},"inLanguage":"ca","potentialAction":[{"@type":"ReadAction","target":["https:\/\/www.psib-psoe.org\/eivissa\/vicent-rosello-anuncia-que-es-presentara-a-la-reeleccio-com-a-secretari-general-de-la-fse-psoe-en-el-vii-congres-del-partit-que-se-celebrara-el-21-de-juny\/"]}]},{"@type":"ImageObject","inLanguage":"ca","@id":"https:\/\/www.psib-psoe.org\/eivissa\/vicent-rosello-anuncia-que-es-presentara-a-la-reeleccio-com-a-secretari-general-de-la-fse-psoe-en-el-vii-congres-del-partit-que-se-celebrara-el-21-de-juny\/#primaryimage","url":"https:\/\/www.psib-psoe.org\/eivissa\/wp-content\/uploads\/comite-insular-5-abril-25-1.jpeg","contentUrl":"https:\/\/www.psib-psoe.org\/eivissa\/wp-content\/uploads\/comite-insular-5-abril-25-1.jpeg","width":1920,"height":1080},{"@type":"BreadcrumbList","@id":"https:\/\/www.psib-psoe.org\/eivissa\/vicent-rosello-anuncia-que-es-presentara-a-la-reeleccio-com-a-secretari-general-de-la-fse-psoe-en-el-vii-congres-del-partit-que-se-celebrara-el-21-de-juny\/#breadcrumb","itemListElement":[{"@type":"ListItem","position":1,"name":"Inici","item":"https:\/\/www.psib-psoe.org\/eivissa\/"},{"@type":"ListItem","position":2,"name":"Vicent Rosell\u00f3 anuncia que es presentar\u00e0 a la reelecci\u00f3 com a secretari general de la FSE-PSOE en el VII Congr\u00e9s del partit, que se celebrar\u00e0 el 21 de juny"}]},{"@type":"WebSite","@id":"https:\/\/www.psib-psoe.org\/eivissa\/#website","url":"https:\/\/www.psib-psoe.org\/eivissa\/","name":"Federaci\u00f3 Socialista d'Eivissa","description":"Socialistes d&#039;Eivissa","publisher":{"@id":"https:\/\/www.psib-psoe.org\/eivissa\/#organization"},"potentialAction":[{"@type":"SearchAction","target":{"@type":"EntryPoint","urlTemplate":"https:\/\/www.psib-psoe.org\/eivissa\/?s={search_term_string}"},"query-input":{"@type":"PropertyValueSpecification","valueRequired":true,"valueName":"search_term_string"}}],"inLanguage":"ca"},{"@type":"Organization","@id":"https:\/\/www.psib-psoe.org\/eivissa\/#organization","name":"Federaci\u00f3 Socialista d'Eivissa","url":"https:\/\/www.psib-psoe.org\/eivissa\/","logo":{"@type":"ImageObject","inLanguage":"ca","@id":"https:\/\/www.psib-psoe.org\/eivissa\/#\/schema\/logo\/image\/","url":"https:\/\/www.psib-psoe.org\/eivissa\/wp-content\/uploads\/LOGO-FSE-SOCIALISTA-DEIVISSA-HORI.png","contentUrl":"https:\/\/www.psib-psoe.org\/eivissa\/wp-content\/uploads\/LOGO-FSE-SOCIALISTA-DEIVISSA-HORI.png","width":6000,"height":3104,"caption":"Federaci\u00f3 Socialista d'Eivissa"},"image":{"@id":"https:\/\/www.psib-psoe.org\/eivissa\/#\/schema\/logo\/image\/"}},{"@type":"Person","@id":"https:\/\/www.psib-psoe.org\/eivissa\/#\/schema\/person\/099ab3ef73a3645a1d7f303518e6ce24","name":"adminpsib","url":"https:\/\/www.psib-psoe.org\/eivissa\/author\/adminpsib\/"}]}},"_links":{"self":[{"href":"https:\/\/www.psib-psoe.org\/eivissa\/wp-json\/wp\/v2\/posts\/40582","targetHints":{"allow":["GET"]}}],"collection":[{"href":"https:\/\/www.psib-psoe.org\/eivissa\/wp-json\/wp\/v2\/posts"}],"about":[{"href":"https:\/\/www.psib-psoe.org\/eivissa\/wp-json\/wp\/v2\/types\/post"}],"author":[{"embeddable":true,"href":"https:\/\/www.psib-psoe.org\/eivissa\/wp-json\/wp\/v2\/users\/1"}],"replies":[{"embeddable":true,"href":"https:\/\/www.psib-psoe.org\/eivissa\/wp-json\/wp\/v2\/comments?post=40582"}],"version-history":[{"count":1,"href":"https:\/\/www.psib-psoe.org\/eivissa\/wp-json\/wp\/v2\/posts\/40582\/revisions"}],"predecessor-version":[{"id":40584,"href":"https:\/\/www.psib-psoe.org\/eivissa\/wp-json\/wp\/v2\/posts\/40582\/revisions\/40584"}],"wp:featuredmedia":[{"embeddable":true,"href":"https:\/\/www.psib-psoe.org\/eivissa\/wp-json\/wp\/v2\/media\/40583"}],"wp:attachment":[{"href":"https:\/\/www.psib-psoe.org\/eivissa\/wp-json\/wp\/v2\/media?parent=40582"}],"wp:term":[{"taxonomy":"category","embeddable":true,"href":"https:\/\/www.psib-psoe.org\/eivissa\/wp-json\/wp\/v2\/categories?post=40582"},{"taxonomy":"post_tag","embeddable":true,"href":"https:\/\/www.psib-psoe.org\/eivissa\/wp-json\/wp\/v2\/tags?post=40582"}],"curies":[{"name":"wp","href":"https:\/\/api.w.org\/{rel}","templated":true}]}}