{"id":40585,"date":"2025-04-07T11:09:18","date_gmt":"2025-04-07T09:09:18","guid":{"rendered":"https:\/\/www.psib-psoe.org\/eivissa\/?p=40585"},"modified":"2025-04-07T11:09:18","modified_gmt":"2025-04-07T09:09:18","slug":"gran-exit-de-participacio-en-la-ii-jornada-parlant-i-caminant-per-la-salut-en-que-sha-advertit-de-la-retallada-de-recursos-publics-en-salut-mental","status":"publish","type":"post","link":"https:\/\/www.psib-psoe.org\/eivissa\/gran-exit-de-participacio-en-la-ii-jornada-parlant-i-caminant-per-la-salut-en-que-sha-advertit-de-la-retallada-de-recursos-publics-en-salut-mental\/","title":{"rendered":"Gran \u00e8xit de participaci\u00f3 en la II Jornada \u201cParlant i Caminant per la Salut\u201d, en qu\u00e8 s\u2019ha advertit de la retallada de recursos p\u00fablics en salut mental"},"content":{"rendered":"<p>M\u00e9s d\u2019un centenar de persones han penjat el cartell d\u2019aforament complet en la II Jornada \u201cParlant i Caminant per la Salut\u201d, organitzada aquest diumenge per l\u2019Agrupaci\u00f3 Socialista de Santa Eul\u00e0ria des Riu i la secretaria de Salut de la Federaci\u00f3 Socialista d\u2019Eivissa (FSE-PSOE). Ha estat un \u00e8xit de participaci\u00f3 i ha servit per posar el focus sobre la relaci\u00f3 directa entre activitat f\u00edsica i salut mental i la necessitat de defensar i enfortir el servei p\u00fablic de Salut.<\/p>\n<p>La secret\u00e0ria de Salut de la FSE-PSOE, Estela Terrer, ha aprofitat la seua intervenci\u00f3 per denunciar la situaci\u00f3 de la salut mental a l\u2019illa: \u201cPatim una infradotaci\u00f3 en salut mental, tant en recursos personals com en infraestructures. No tenim un centre de dia infantojuvenil, i la falta de personal obliga els professionals a treballar baix una pressi\u00f3 constant, arribant fins i tot a haver de posposar les seues vacacions per poder garantir l\u2019atenci\u00f3\u201d, ha lamentat.<\/p>\n<p>A m\u00e9s a m\u00e9s, Estela Terrer ha reclamat que es cobreixi la pla\u00e7a de psic\u00f2leg en Salut Mental Infantojuvenil: \u201cNo pot ser que un servei tan important, continu\u00ef sense la pla\u00e7a de psic\u00f2leg, vacant des de fa mesos\u201d.<\/p>\n<p>La jornada, celebrada al Centre Sociocultural de Jes\u00fas coincidint amb el Dia Mundial de l\u2019Activitat F\u00edsica, va comen\u00e7ar a les 10.00 hores amb una taula rodona sobre els beneficis de l\u2019activitat f\u00edsica per a la salut mental. <\/p>\n<p>En aquesta sessi\u00f3 varen participar la psiquiatra Magdalena Valverde, que destac\u00e0 el valor terap\u00e8utic de l\u2019exercici f\u00edsic; la psic\u00f2loga Paloma Medina, que explic\u00e0 els efectes positius de l\u2019activitat f\u00edsica sobre el desenvolupament emocional i cognitiu; i El\u00edas Siscar, bomber, que ofer\u00ed el seu testimoni personal de com l\u2019activitat f\u00edsica, l\u2019atenci\u00f3 rebuda pels professionals de salut mental i l\u2019ajuda afectiva de la seua fam\u00edlia i amics varen ser un suport indispensable per recuperar-se del greu accident que va patir l\u2019any 2018 fent pr\u00e0ctiques d\u2019escalada amb el Grup de Rescat Vertical dels Bombers d\u2019Eivissa, un grup dels quals el varen acompanyar com a p\u00fablic. La taula rodona va ser moderada per la mateixa Estela Terrer.<\/p>\n<p>A continuaci\u00f3, les persones assistents varen participar en una caminada d\u20191,5 quil\u00f2metres pels voltants de Jes\u00fas, en una activitat suau i adaptada per a tots els p\u00fablics, pensada per promoure el moviment i el contacte amb l\u2019entorn natural com a instruments de benestar.<\/p>\n<p>La jornada va concloure amb una demostraci\u00f3 d\u2019exercicis f\u00edsics a c\u00e0rrec de l\u2019educadora f\u00edsica Mar\u00eda Jos\u00e9 Torres, que mostr\u00e0 rutines senzilles per incorporar l\u2019activitat f\u00edsica al dia a dia.<\/p>\n<p>Des del PSOE de Santa Eul\u00e0ria i la Federaci\u00f3 Socialista d\u2019Eivissa s\u2019ha fet una valoraci\u00f3 molt positiva de la jornada i s\u2019ha volgut agrair la participaci\u00f3 de totes les persones assistents. \u201cAmb iniciatives com aquesta volem fomentar un estil de vida actiu i saludable, per\u00f2 tamb\u00e9 posar damunt la taula les necessitats del nostre sistema p\u00fablic de salut i la urg\u00e8ncia de refor\u00e7ar serveis com el de salut mental\u201d, ha manifestat Estela Terrer.<\/p>\n<p><img loading=\"lazy\" decoding=\"async\" src=\"https:\/\/www.psib-psoe.org\/eivissa\/wp-content\/uploads\/foto-jornada-salut-2.jpg\" alt=\"\" width=\"1600\" height=\"1200\" class=\"alignnone size-full wp-image-40587\" srcset=\"https:\/\/www.psib-psoe.org\/eivissa\/wp-content\/uploads\/foto-jornada-salut-2.jpg 1600w, https:\/\/www.psib-psoe.org\/eivissa\/wp-content\/uploads\/foto-jornada-salut-2-300x225.jpg 300w, https:\/\/www.psib-psoe.org\/eivissa\/wp-content\/uploads\/foto-jornada-salut-2-1024x768.jpg 1024w, https:\/\/www.psib-psoe.org\/eivissa\/wp-content\/uploads\/foto-jornada-salut-2-768x576.jpg 768w, https:\/\/www.psib-psoe.org\/eivissa\/wp-content\/uploads\/foto-jornada-salut-2-1536x1152.jpg 1536w, https:\/\/www.psib-psoe.org\/eivissa\/wp-content\/uploads\/foto-jornada-salut-2-150x113.jpg 150w, https:\/\/www.psib-psoe.org\/eivissa\/wp-content\/uploads\/foto-jornada-salut-2-600x450.jpg 600w, https:\/\/www.psib-psoe.org\/eivissa\/wp-content\/uploads\/foto-jornada-salut-2-900x675.jpg 900w, https:\/\/www.psib-psoe.org\/eivissa\/wp-content\/uploads\/foto-jornada-salut-2-20x16.jpg 20w\" sizes=\"auto, (max-width: 1600px) 100vw, 1600px\" \/><\/p>\n","protected":false},"excerpt":{"rendered":"<p>M\u00e9s d\u2019un centenar de persones han penjat el cartell d\u2019aforament complet en la II Jornada \u201cParlant i Caminant per la Salut\u201d, organitzada aquest diumenge per l\u2019Agrupaci\u00f3 Socialista de Santa Eul\u00e0ria des Riu i la secretaria de Salut de la Federaci\u00f3 Socialista d\u2019Eivissa (FSE-PSOE). Ha estat un \u00e8xit de participaci\u00f3 i ha servit per posar el&hellip;<\/p>\n","protected":false},"author":1,"featured_media":40586,"comment_status":"closed","ping_status":"closed","sticky":false,"template":"","format":"standard","meta":{"footnotes":""},"categories":[1,212,234,186],"tags":[],"class_list":["post-40585","post","type-post","status-publish","format-standard","has-post-thumbnail","hentry","category-federacio-de-eivissa-portada","category-fse-psoe","category-municipis","category-santa-eularia-des-riu"],"yoast_head":"<!-- This site is optimized with the Yoast SEO plugin v26.9 - https:\/\/yoast.com\/product\/yoast-seo-wordpress\/ -->\n<title>Gran \u00e8xit de participaci\u00f3 en la II Jornada \u201cParlant i Caminant per la Salut\u201d, en qu\u00e8 s\u2019ha advertit de la retallada de recursos p\u00fablics en salut mental - Federaci\u00f3 Socialista d&#039;Eivissa<\/title>\n<meta name=\"robots\" content=\"index, follow, max-snippet:-1, max-image-preview:large, max-video-preview:-1\" \/>\n<link rel=\"canonical\" href=\"https:\/\/www.psib-psoe.org\/eivissa\/gran-exit-de-participacio-en-la-ii-jornada-parlant-i-caminant-per-la-salut-en-que-sha-advertit-de-la-retallada-de-recursos-publics-en-salut-mental\/\" \/>\n<meta property=\"og:locale\" content=\"ca_ES\" \/>\n<meta property=\"og:type\" content=\"article\" \/>\n<meta property=\"og:title\" content=\"Gran \u00e8xit de participaci\u00f3 en la II Jornada \u201cParlant i Caminant per la Salut\u201d, en qu\u00e8 s\u2019ha advertit de la retallada de recursos p\u00fablics en salut mental - Federaci\u00f3 Socialista d&#039;Eivissa\" \/>\n<meta property=\"og:description\" content=\"M\u00e9s d\u2019un centenar de persones han penjat el cartell d\u2019aforament complet en la II Jornada \u201cParlant i Caminant per la Salut\u201d, organitzada aquest diumenge per l\u2019Agrupaci\u00f3 Socialista de Santa Eul\u00e0ria des Riu i la secretaria de Salut de la Federaci\u00f3 Socialista d\u2019Eivissa (FSE-PSOE). Ha estat un \u00e8xit de participaci\u00f3 i ha servit per posar el&hellip;\" \/>\n<meta property=\"og:url\" content=\"https:\/\/www.psib-psoe.org\/eivissa\/gran-exit-de-participacio-en-la-ii-jornada-parlant-i-caminant-per-la-salut-en-que-sha-advertit-de-la-retallada-de-recursos-publics-en-salut-mental\/\" \/>\n<meta property=\"og:site_name\" content=\"Federaci\u00f3 Socialista d&#039;Eivissa\" \/>\n<meta property=\"article:published_time\" content=\"2025-04-07T09:09:18+00:00\" \/>\n<meta property=\"og:image\" content=\"https:\/\/www.psib-psoe.org\/eivissa\/wp-content\/uploads\/foto-jornada-salut-1.jpg\" \/>\n\t<meta property=\"og:image:width\" content=\"2048\" \/>\n\t<meta property=\"og:image:height\" content=\"1536\" \/>\n\t<meta property=\"og:image:type\" content=\"image\/jpeg\" \/>\n<meta name=\"author\" content=\"adminpsib\" \/>\n<meta name=\"twitter:card\" content=\"summary_large_image\" \/>\n<meta name=\"twitter:label1\" content=\"Escrit per\" \/>\n\t<meta name=\"twitter:data1\" content=\"adminpsib\" \/>\n\t<meta name=\"twitter:label2\" content=\"Temps estimat de lectura\" \/>\n\t<meta name=\"twitter:data2\" content=\"3 minuts\" \/>\n<script type=\"application\/ld+json\" class=\"yoast-schema-graph\">{\"@context\":\"https:\/\/schema.org\",\"@graph\":[{\"@type\":[\"Article\",\"BlogPosting\"],\"@id\":\"https:\/\/www.psib-psoe.org\/eivissa\/gran-exit-de-participacio-en-la-ii-jornada-parlant-i-caminant-per-la-salut-en-que-sha-advertit-de-la-retallada-de-recursos-publics-en-salut-mental\/#article\",\"isPartOf\":{\"@id\":\"https:\/\/www.psib-psoe.org\/eivissa\/gran-exit-de-participacio-en-la-ii-jornada-parlant-i-caminant-per-la-salut-en-que-sha-advertit-de-la-retallada-de-recursos-publics-en-salut-mental\/\"},\"author\":{\"name\":\"adminpsib\",\"@id\":\"https:\/\/www.psib-psoe.org\/eivissa\/#\/schema\/person\/099ab3ef73a3645a1d7f303518e6ce24\"},\"headline\":\"Gran \u00e8xit de participaci\u00f3 en la II Jornada \u201cParlant i Caminant per la Salut\u201d, en qu\u00e8 s\u2019ha advertit de la retallada de recursos p\u00fablics en salut mental\",\"datePublished\":\"2025-04-07T09:09:18+00:00\",\"mainEntityOfPage\":{\"@id\":\"https:\/\/www.psib-psoe.org\/eivissa\/gran-exit-de-participacio-en-la-ii-jornada-parlant-i-caminant-per-la-salut-en-que-sha-advertit-de-la-retallada-de-recursos-publics-en-salut-mental\/\"},\"wordCount\":572,\"publisher\":{\"@id\":\"https:\/\/www.psib-psoe.org\/eivissa\/#organization\"},\"image\":{\"@id\":\"https:\/\/www.psib-psoe.org\/eivissa\/gran-exit-de-participacio-en-la-ii-jornada-parlant-i-caminant-per-la-salut-en-que-sha-advertit-de-la-retallada-de-recursos-publics-en-salut-mental\/#primaryimage\"},\"thumbnailUrl\":\"https:\/\/www.psib-psoe.org\/eivissa\/wp-content\/uploads\/foto-jornada-salut-1.jpg\",\"articleSection\":[\"Federaci\u00f3 d'Eivissa - Portada\",\"FSE-PSOE\",\"Municipis\",\"Santa Eul\u00e0ria des Riu\"],\"inLanguage\":\"ca\"},{\"@type\":\"WebPage\",\"@id\":\"https:\/\/www.psib-psoe.org\/eivissa\/gran-exit-de-participacio-en-la-ii-jornada-parlant-i-caminant-per-la-salut-en-que-sha-advertit-de-la-retallada-de-recursos-publics-en-salut-mental\/\",\"url\":\"https:\/\/www.psib-psoe.org\/eivissa\/gran-exit-de-participacio-en-la-ii-jornada-parlant-i-caminant-per-la-salut-en-que-sha-advertit-de-la-retallada-de-recursos-publics-en-salut-mental\/\",\"name\":\"Gran \u00e8xit de participaci\u00f3 en la II Jornada \u201cParlant i Caminant per la Salut\u201d, en qu\u00e8 s\u2019ha advertit de la retallada de recursos p\u00fablics en salut mental - Federaci\u00f3 Socialista d&#039;Eivissa\",\"isPartOf\":{\"@id\":\"https:\/\/www.psib-psoe.org\/eivissa\/#website\"},\"primaryImageOfPage\":{\"@id\":\"https:\/\/www.psib-psoe.org\/eivissa\/gran-exit-de-participacio-en-la-ii-jornada-parlant-i-caminant-per-la-salut-en-que-sha-advertit-de-la-retallada-de-recursos-publics-en-salut-mental\/#primaryimage\"},\"image\":{\"@id\":\"https:\/\/www.psib-psoe.org\/eivissa\/gran-exit-de-participacio-en-la-ii-jornada-parlant-i-caminant-per-la-salut-en-que-sha-advertit-de-la-retallada-de-recursos-publics-en-salut-mental\/#primaryimage\"},\"thumbnailUrl\":\"https:\/\/www.psib-psoe.org\/eivissa\/wp-content\/uploads\/foto-jornada-salut-1.jpg\",\"datePublished\":\"2025-04-07T09:09:18+00:00\",\"breadcrumb\":{\"@id\":\"https:\/\/www.psib-psoe.org\/eivissa\/gran-exit-de-participacio-en-la-ii-jornada-parlant-i-caminant-per-la-salut-en-que-sha-advertit-de-la-retallada-de-recursos-publics-en-salut-mental\/#breadcrumb\"},\"inLanguage\":\"ca\",\"potentialAction\":[{\"@type\":\"ReadAction\",\"target\":[\"https:\/\/www.psib-psoe.org\/eivissa\/gran-exit-de-participacio-en-la-ii-jornada-parlant-i-caminant-per-la-salut-en-que-sha-advertit-de-la-retallada-de-recursos-publics-en-salut-mental\/\"]}]},{\"@type\":\"ImageObject\",\"inLanguage\":\"ca\",\"@id\":\"https:\/\/www.psib-psoe.org\/eivissa\/gran-exit-de-participacio-en-la-ii-jornada-parlant-i-caminant-per-la-salut-en-que-sha-advertit-de-la-retallada-de-recursos-publics-en-salut-mental\/#primaryimage\",\"url\":\"https:\/\/www.psib-psoe.org\/eivissa\/wp-content\/uploads\/foto-jornada-salut-1.jpg\",\"contentUrl\":\"https:\/\/www.psib-psoe.org\/eivissa\/wp-content\/uploads\/foto-jornada-salut-1.jpg\",\"width\":2048,\"height\":1536},{\"@type\":\"BreadcrumbList\",\"@id\":\"https:\/\/www.psib-psoe.org\/eivissa\/gran-exit-de-participacio-en-la-ii-jornada-parlant-i-caminant-per-la-salut-en-que-sha-advertit-de-la-retallada-de-recursos-publics-en-salut-mental\/#breadcrumb\",\"itemListElement\":[{\"@type\":\"ListItem\",\"position\":1,\"name\":\"Inici\",\"item\":\"https:\/\/www.psib-psoe.org\/eivissa\/\"},{\"@type\":\"ListItem\",\"position\":2,\"name\":\"Gran \u00e8xit de participaci\u00f3 en la II Jornada \u201cParlant i Caminant per la Salut\u201d, en qu\u00e8 s\u2019ha advertit de la retallada de recursos p\u00fablics en salut mental\"}]},{\"@type\":\"WebSite\",\"@id\":\"https:\/\/www.psib-psoe.org\/eivissa\/#website\",\"url\":\"https:\/\/www.psib-psoe.org\/eivissa\/\",\"name\":\"Federaci\u00f3 Socialista d'Eivissa\",\"description\":\"Socialistes d&#039;Eivissa\",\"publisher\":{\"@id\":\"https:\/\/www.psib-psoe.org\/eivissa\/#organization\"},\"potentialAction\":[{\"@type\":\"SearchAction\",\"target\":{\"@type\":\"EntryPoint\",\"urlTemplate\":\"https:\/\/www.psib-psoe.org\/eivissa\/?s={search_term_string}\"},\"query-input\":{\"@type\":\"PropertyValueSpecification\",\"valueRequired\":true,\"valueName\":\"search_term_string\"}}],\"inLanguage\":\"ca\"},{\"@type\":\"Organization\",\"@id\":\"https:\/\/www.psib-psoe.org\/eivissa\/#organization\",\"name\":\"Federaci\u00f3 Socialista d'Eivissa\",\"url\":\"https:\/\/www.psib-psoe.org\/eivissa\/\",\"logo\":{\"@type\":\"ImageObject\",\"inLanguage\":\"ca\",\"@id\":\"https:\/\/www.psib-psoe.org\/eivissa\/#\/schema\/logo\/image\/\",\"url\":\"https:\/\/www.psib-psoe.org\/eivissa\/wp-content\/uploads\/LOGO-FSE-SOCIALISTA-DEIVISSA-HORI.png\",\"contentUrl\":\"https:\/\/www.psib-psoe.org\/eivissa\/wp-content\/uploads\/LOGO-FSE-SOCIALISTA-DEIVISSA-HORI.png\",\"width\":6000,\"height\":3104,\"caption\":\"Federaci\u00f3 Socialista d'Eivissa\"},\"image\":{\"@id\":\"https:\/\/www.psib-psoe.org\/eivissa\/#\/schema\/logo\/image\/\"}},{\"@type\":\"Person\",\"@id\":\"https:\/\/www.psib-psoe.org\/eivissa\/#\/schema\/person\/099ab3ef73a3645a1d7f303518e6ce24\",\"name\":\"adminpsib\",\"url\":\"https:\/\/www.psib-psoe.org\/eivissa\/author\/adminpsib\/\"}]}<\/script>\n<!-- \/ Yoast SEO plugin. -->","yoast_head_json":{"title":"Gran \u00e8xit de participaci\u00f3 en la II Jornada \u201cParlant i Caminant per la Salut\u201d, en qu\u00e8 s\u2019ha advertit de la retallada de recursos p\u00fablics en salut mental - Federaci\u00f3 Socialista d&#039;Eivissa","robots":{"index":"index","follow":"follow","max-snippet":"max-snippet:-1","max-image-preview":"max-image-preview:large","max-video-preview":"max-video-preview:-1"},"canonical":"https:\/\/www.psib-psoe.org\/eivissa\/gran-exit-de-participacio-en-la-ii-jornada-parlant-i-caminant-per-la-salut-en-que-sha-advertit-de-la-retallada-de-recursos-publics-en-salut-mental\/","og_locale":"ca_ES","og_type":"article","og_title":"Gran \u00e8xit de participaci\u00f3 en la II Jornada \u201cParlant i Caminant per la Salut\u201d, en qu\u00e8 s\u2019ha advertit de la retallada de recursos p\u00fablics en salut mental - Federaci\u00f3 Socialista d&#039;Eivissa","og_description":"M\u00e9s d\u2019un centenar de persones han penjat el cartell d\u2019aforament complet en la II Jornada \u201cParlant i Caminant per la Salut\u201d, organitzada aquest diumenge per l\u2019Agrupaci\u00f3 Socialista de Santa Eul\u00e0ria des Riu i la secretaria de Salut de la Federaci\u00f3 Socialista d\u2019Eivissa (FSE-PSOE). Ha estat un \u00e8xit de participaci\u00f3 i ha servit per posar el&hellip;","og_url":"https:\/\/www.psib-psoe.org\/eivissa\/gran-exit-de-participacio-en-la-ii-jornada-parlant-i-caminant-per-la-salut-en-que-sha-advertit-de-la-retallada-de-recursos-publics-en-salut-mental\/","og_site_name":"Federaci\u00f3 Socialista d&#039;Eivissa","article_published_time":"2025-04-07T09:09:18+00:00","og_image":[{"width":2048,"height":1536,"url":"https:\/\/www.psib-psoe.org\/eivissa\/wp-content\/uploads\/foto-jornada-salut-1.jpg","type":"image\/jpeg"}],"author":"adminpsib","twitter_card":"summary_large_image","twitter_misc":{"Escrit per":"adminpsib","Temps estimat de lectura":"3 minuts"},"schema":{"@context":"https:\/\/schema.org","@graph":[{"@type":["Article","BlogPosting"],"@id":"https:\/\/www.psib-psoe.org\/eivissa\/gran-exit-de-participacio-en-la-ii-jornada-parlant-i-caminant-per-la-salut-en-que-sha-advertit-de-la-retallada-de-recursos-publics-en-salut-mental\/#article","isPartOf":{"@id":"https:\/\/www.psib-psoe.org\/eivissa\/gran-exit-de-participacio-en-la-ii-jornada-parlant-i-caminant-per-la-salut-en-que-sha-advertit-de-la-retallada-de-recursos-publics-en-salut-mental\/"},"author":{"name":"adminpsib","@id":"https:\/\/www.psib-psoe.org\/eivissa\/#\/schema\/person\/099ab3ef73a3645a1d7f303518e6ce24"},"headline":"Gran \u00e8xit de participaci\u00f3 en la II Jornada \u201cParlant i Caminant per la Salut\u201d, en qu\u00e8 s\u2019ha advertit de la retallada de recursos p\u00fablics en salut mental","datePublished":"2025-04-07T09:09:18+00:00","mainEntityOfPage":{"@id":"https:\/\/www.psib-psoe.org\/eivissa\/gran-exit-de-participacio-en-la-ii-jornada-parlant-i-caminant-per-la-salut-en-que-sha-advertit-de-la-retallada-de-recursos-publics-en-salut-mental\/"},"wordCount":572,"publisher":{"@id":"https:\/\/www.psib-psoe.org\/eivissa\/#organization"},"image":{"@id":"https:\/\/www.psib-psoe.org\/eivissa\/gran-exit-de-participacio-en-la-ii-jornada-parlant-i-caminant-per-la-salut-en-que-sha-advertit-de-la-retallada-de-recursos-publics-en-salut-mental\/#primaryimage"},"thumbnailUrl":"https:\/\/www.psib-psoe.org\/eivissa\/wp-content\/uploads\/foto-jornada-salut-1.jpg","articleSection":["Federaci\u00f3 d'Eivissa - Portada","FSE-PSOE","Municipis","Santa Eul\u00e0ria des Riu"],"inLanguage":"ca"},{"@type":"WebPage","@id":"https:\/\/www.psib-psoe.org\/eivissa\/gran-exit-de-participacio-en-la-ii-jornada-parlant-i-caminant-per-la-salut-en-que-sha-advertit-de-la-retallada-de-recursos-publics-en-salut-mental\/","url":"https:\/\/www.psib-psoe.org\/eivissa\/gran-exit-de-participacio-en-la-ii-jornada-parlant-i-caminant-per-la-salut-en-que-sha-advertit-de-la-retallada-de-recursos-publics-en-salut-mental\/","name":"Gran \u00e8xit de participaci\u00f3 en la II Jornada \u201cParlant i Caminant per la Salut\u201d, en qu\u00e8 s\u2019ha advertit de la retallada de recursos p\u00fablics en salut mental - Federaci\u00f3 Socialista d&#039;Eivissa","isPartOf":{"@id":"https:\/\/www.psib-psoe.org\/eivissa\/#website"},"primaryImageOfPage":{"@id":"https:\/\/www.psib-psoe.org\/eivissa\/gran-exit-de-participacio-en-la-ii-jornada-parlant-i-caminant-per-la-salut-en-que-sha-advertit-de-la-retallada-de-recursos-publics-en-salut-mental\/#primaryimage"},"image":{"@id":"https:\/\/www.psib-psoe.org\/eivissa\/gran-exit-de-participacio-en-la-ii-jornada-parlant-i-caminant-per-la-salut-en-que-sha-advertit-de-la-retallada-de-recursos-publics-en-salut-mental\/#primaryimage"},"thumbnailUrl":"https:\/\/www.psib-psoe.org\/eivissa\/wp-content\/uploads\/foto-jornada-salut-1.jpg","datePublished":"2025-04-07T09:09:18+00:00","breadcrumb":{"@id":"https:\/\/www.psib-psoe.org\/eivissa\/gran-exit-de-participacio-en-la-ii-jornada-parlant-i-caminant-per-la-salut-en-que-sha-advertit-de-la-retallada-de-recursos-publics-en-salut-mental\/#breadcrumb"},"inLanguage":"ca","potentialAction":[{"@type":"ReadAction","target":["https:\/\/www.psib-psoe.org\/eivissa\/gran-exit-de-participacio-en-la-ii-jornada-parlant-i-caminant-per-la-salut-en-que-sha-advertit-de-la-retallada-de-recursos-publics-en-salut-mental\/"]}]},{"@type":"ImageObject","inLanguage":"ca","@id":"https:\/\/www.psib-psoe.org\/eivissa\/gran-exit-de-participacio-en-la-ii-jornada-parlant-i-caminant-per-la-salut-en-que-sha-advertit-de-la-retallada-de-recursos-publics-en-salut-mental\/#primaryimage","url":"https:\/\/www.psib-psoe.org\/eivissa\/wp-content\/uploads\/foto-jornada-salut-1.jpg","contentUrl":"https:\/\/www.psib-psoe.org\/eivissa\/wp-content\/uploads\/foto-jornada-salut-1.jpg","width":2048,"height":1536},{"@type":"BreadcrumbList","@id":"https:\/\/www.psib-psoe.org\/eivissa\/gran-exit-de-participacio-en-la-ii-jornada-parlant-i-caminant-per-la-salut-en-que-sha-advertit-de-la-retallada-de-recursos-publics-en-salut-mental\/#breadcrumb","itemListElement":[{"@type":"ListItem","position":1,"name":"Inici","item":"https:\/\/www.psib-psoe.org\/eivissa\/"},{"@type":"ListItem","position":2,"name":"Gran \u00e8xit de participaci\u00f3 en la II Jornada \u201cParlant i Caminant per la Salut\u201d, en qu\u00e8 s\u2019ha advertit de la retallada de recursos p\u00fablics en salut mental"}]},{"@type":"WebSite","@id":"https:\/\/www.psib-psoe.org\/eivissa\/#website","url":"https:\/\/www.psib-psoe.org\/eivissa\/","name":"Federaci\u00f3 Socialista d'Eivissa","description":"Socialistes d&#039;Eivissa","publisher":{"@id":"https:\/\/www.psib-psoe.org\/eivissa\/#organization"},"potentialAction":[{"@type":"SearchAction","target":{"@type":"EntryPoint","urlTemplate":"https:\/\/www.psib-psoe.org\/eivissa\/?s={search_term_string}"},"query-input":{"@type":"PropertyValueSpecification","valueRequired":true,"valueName":"search_term_string"}}],"inLanguage":"ca"},{"@type":"Organization","@id":"https:\/\/www.psib-psoe.org\/eivissa\/#organization","name":"Federaci\u00f3 Socialista d'Eivissa","url":"https:\/\/www.psib-psoe.org\/eivissa\/","logo":{"@type":"ImageObject","inLanguage":"ca","@id":"https:\/\/www.psib-psoe.org\/eivissa\/#\/schema\/logo\/image\/","url":"https:\/\/www.psib-psoe.org\/eivissa\/wp-content\/uploads\/LOGO-FSE-SOCIALISTA-DEIVISSA-HORI.png","contentUrl":"https:\/\/www.psib-psoe.org\/eivissa\/wp-content\/uploads\/LOGO-FSE-SOCIALISTA-DEIVISSA-HORI.png","width":6000,"height":3104,"caption":"Federaci\u00f3 Socialista d'Eivissa"},"image":{"@id":"https:\/\/www.psib-psoe.org\/eivissa\/#\/schema\/logo\/image\/"}},{"@type":"Person","@id":"https:\/\/www.psib-psoe.org\/eivissa\/#\/schema\/person\/099ab3ef73a3645a1d7f303518e6ce24","name":"adminpsib","url":"https:\/\/www.psib-psoe.org\/eivissa\/author\/adminpsib\/"}]}},"_links":{"self":[{"href":"https:\/\/www.psib-psoe.org\/eivissa\/wp-json\/wp\/v2\/posts\/40585","targetHints":{"allow":["GET"]}}],"collection":[{"href":"https:\/\/www.psib-psoe.org\/eivissa\/wp-json\/wp\/v2\/posts"}],"about":[{"href":"https:\/\/www.psib-psoe.org\/eivissa\/wp-json\/wp\/v2\/types\/post"}],"author":[{"embeddable":true,"href":"https:\/\/www.psib-psoe.org\/eivissa\/wp-json\/wp\/v2\/users\/1"}],"replies":[{"embeddable":true,"href":"https:\/\/www.psib-psoe.org\/eivissa\/wp-json\/wp\/v2\/comments?post=40585"}],"version-history":[{"count":1,"href":"https:\/\/www.psib-psoe.org\/eivissa\/wp-json\/wp\/v2\/posts\/40585\/revisions"}],"predecessor-version":[{"id":40588,"href":"https:\/\/www.psib-psoe.org\/eivissa\/wp-json\/wp\/v2\/posts\/40585\/revisions\/40588"}],"wp:featuredmedia":[{"embeddable":true,"href":"https:\/\/www.psib-psoe.org\/eivissa\/wp-json\/wp\/v2\/media\/40586"}],"wp:attachment":[{"href":"https:\/\/www.psib-psoe.org\/eivissa\/wp-json\/wp\/v2\/media?parent=40585"}],"wp:term":[{"taxonomy":"category","embeddable":true,"href":"https:\/\/www.psib-psoe.org\/eivissa\/wp-json\/wp\/v2\/categories?post=40585"},{"taxonomy":"post_tag","embeddable":true,"href":"https:\/\/www.psib-psoe.org\/eivissa\/wp-json\/wp\/v2\/tags?post=40585"}],"curies":[{"name":"wp","href":"https:\/\/api.w.org\/{rel}","templated":true}]}}