{"id":40589,"date":"2025-04-07T12:49:39","date_gmt":"2025-04-07T10:49:39","guid":{"rendered":"https:\/\/www.psib-psoe.org\/eivissa\/?p=40589"},"modified":"2025-04-07T12:49:39","modified_gmt":"2025-04-07T10:49:39","slug":"vicent-rosello-registra-la-seua-candidatura-a-la-secretaria-general-de-la-fse-psoe-en-linici-del-proces-de-primaries-del-7e-congres-del-partit","status":"publish","type":"post","link":"https:\/\/www.psib-psoe.org\/eivissa\/vicent-rosello-registra-la-seua-candidatura-a-la-secretaria-general-de-la-fse-psoe-en-linici-del-proces-de-primaries-del-7e-congres-del-partit\/","title":{"rendered":"Vicent Rosell\u00f3 registra la seua candidatura a la secretaria general de la FSE-PSOE, en l\u2019inici del proc\u00e9s de prim\u00e0ries del 7\u00e8 Congr\u00e9s del partit"},"content":{"rendered":"<p>Vicent Rosell\u00f3 Ribas, secretari general de la Federaci\u00f3 Socialista d\u2019Eivissa (FSE-PSOE), ha registrat oficialment aquest dilluns la seua candidatura a renovar el lideratge del partit, en el marc de l\u2019inici del proc\u00e9s de prim\u00e0ries del 7\u00e8 Congr\u00e9s.<\/p>\n<p>D\u2019acord amb el calendari aprovat pel Comit\u00e8 Insular el passat dissabte, les persones aspirants poden presentar la seua candidatura fins al dimarts 8 d\u2019abril a les 12 hores. Una vegada presentades, el per\u00edode per a la recollida i presentaci\u00f3 d\u2019avals s\u2019estendr\u00e0 del 8 al 15 d\u2019abril. El dia 16 es proclamaran les candidatures.<\/p>\n<p>En el cas que hi hagi diferents candidats, la campanya informativa es dur\u00e0 a terme entre el 17 i el 28 d\u2019abril, i la jornada de votaci\u00f3 de la primera volta tindr\u00e0 lloc el 29 d\u2019abril. En cas necessari, la segona volta es celebrar\u00e0 el 8 de maig.<\/p>\n<p>El 7\u00e8 Congr\u00e9s de la FSE se celebrar\u00e0 el pr\u00f2xim 21 de juny de 2025, despr\u00e9s del proc\u00e9s precongressual d\u2019elecci\u00f3 de delegats i elaboraci\u00f3 d\u2019esmenes a la pon\u00e8ncia del congr\u00e9s, que es far\u00e0 durant les diferents assemblees locals que tendran lloc en el mes de maig.<\/p>\n","protected":false},"excerpt":{"rendered":"<p>Vicent Rosell\u00f3 Ribas, secretari general de la Federaci\u00f3 Socialista d\u2019Eivissa (FSE-PSOE), ha registrat oficialment aquest dilluns la seua candidatura a renovar el lideratge del partit, en el marc de l\u2019inici del proc\u00e9s de prim\u00e0ries del 7\u00e8 Congr\u00e9s. D\u2019acord amb el calendari aprovat pel Comit\u00e8 Insular el passat dissabte, les persones aspirants poden presentar la seua&hellip;<\/p>\n","protected":false},"author":1,"featured_media":40590,"comment_status":"closed","ping_status":"closed","sticky":false,"template":"","format":"standard","meta":{"footnotes":""},"categories":[1,212],"tags":[],"class_list":["post-40589","post","type-post","status-publish","format-standard","has-post-thumbnail","hentry","category-federacio-de-eivissa-portada","category-fse-psoe"],"yoast_head":"<!-- This site is optimized with the Yoast SEO plugin v26.9 - https:\/\/yoast.com\/product\/yoast-seo-wordpress\/ -->\n<title>Vicent Rosell\u00f3 registra la seua candidatura a la secretaria general de la FSE-PSOE, en l\u2019inici del proc\u00e9s de prim\u00e0ries del 7\u00e8 Congr\u00e9s del partit - Federaci\u00f3 Socialista d&#039;Eivissa<\/title>\n<meta name=\"robots\" content=\"index, follow, max-snippet:-1, max-image-preview:large, max-video-preview:-1\" \/>\n<link rel=\"canonical\" href=\"https:\/\/www.psib-psoe.org\/eivissa\/vicent-rosello-registra-la-seua-candidatura-a-la-secretaria-general-de-la-fse-psoe-en-linici-del-proces-de-primaries-del-7e-congres-del-partit\/\" \/>\n<meta property=\"og:locale\" content=\"ca_ES\" \/>\n<meta property=\"og:type\" content=\"article\" \/>\n<meta property=\"og:title\" content=\"Vicent Rosell\u00f3 registra la seua candidatura a la secretaria general de la FSE-PSOE, en l\u2019inici del proc\u00e9s de prim\u00e0ries del 7\u00e8 Congr\u00e9s del partit - Federaci\u00f3 Socialista d&#039;Eivissa\" \/>\n<meta property=\"og:description\" content=\"Vicent Rosell\u00f3 Ribas, secretari general de la Federaci\u00f3 Socialista d\u2019Eivissa (FSE-PSOE), ha registrat oficialment aquest dilluns la seua candidatura a renovar el lideratge del partit, en el marc de l\u2019inici del proc\u00e9s de prim\u00e0ries del 7\u00e8 Congr\u00e9s. D\u2019acord amb el calendari aprovat pel Comit\u00e8 Insular el passat dissabte, les persones aspirants poden presentar la seua&hellip;\" \/>\n<meta property=\"og:url\" content=\"https:\/\/www.psib-psoe.org\/eivissa\/vicent-rosello-registra-la-seua-candidatura-a-la-secretaria-general-de-la-fse-psoe-en-linici-del-proces-de-primaries-del-7e-congres-del-partit\/\" \/>\n<meta property=\"og:site_name\" content=\"Federaci\u00f3 Socialista d&#039;Eivissa\" \/>\n<meta property=\"article:published_time\" content=\"2025-04-07T10:49:39+00:00\" \/>\n<meta property=\"og:image\" content=\"https:\/\/www.psib-psoe.org\/eivissa\/wp-content\/uploads\/vicent-rosello-candidatura-scaled.jpg\" \/>\n\t<meta property=\"og:image:width\" content=\"2560\" \/>\n\t<meta property=\"og:image:height\" content=\"1920\" \/>\n\t<meta property=\"og:image:type\" content=\"image\/jpeg\" \/>\n<meta name=\"author\" content=\"adminpsib\" \/>\n<meta name=\"twitter:card\" content=\"summary_large_image\" \/>\n<meta name=\"twitter:label1\" content=\"Escrit per\" \/>\n\t<meta name=\"twitter:data1\" content=\"adminpsib\" \/>\n\t<meta name=\"twitter:label2\" content=\"Temps estimat de lectura\" \/>\n\t<meta name=\"twitter:data2\" content=\"1 minut\" \/>\n<script type=\"application\/ld+json\" class=\"yoast-schema-graph\">{\"@context\":\"https:\/\/schema.org\",\"@graph\":[{\"@type\":[\"Article\",\"BlogPosting\"],\"@id\":\"https:\/\/www.psib-psoe.org\/eivissa\/vicent-rosello-registra-la-seua-candidatura-a-la-secretaria-general-de-la-fse-psoe-en-linici-del-proces-de-primaries-del-7e-congres-del-partit\/#article\",\"isPartOf\":{\"@id\":\"https:\/\/www.psib-psoe.org\/eivissa\/vicent-rosello-registra-la-seua-candidatura-a-la-secretaria-general-de-la-fse-psoe-en-linici-del-proces-de-primaries-del-7e-congres-del-partit\/\"},\"author\":{\"name\":\"adminpsib\",\"@id\":\"https:\/\/www.psib-psoe.org\/eivissa\/#\/schema\/person\/099ab3ef73a3645a1d7f303518e6ce24\"},\"headline\":\"Vicent Rosell\u00f3 registra la seua candidatura a la secretaria general de la FSE-PSOE, en l\u2019inici del proc\u00e9s de prim\u00e0ries del 7\u00e8 Congr\u00e9s del partit\",\"datePublished\":\"2025-04-07T10:49:39+00:00\",\"mainEntityOfPage\":{\"@id\":\"https:\/\/www.psib-psoe.org\/eivissa\/vicent-rosello-registra-la-seua-candidatura-a-la-secretaria-general-de-la-fse-psoe-en-linici-del-proces-de-primaries-del-7e-congres-del-partit\/\"},\"wordCount\":219,\"publisher\":{\"@id\":\"https:\/\/www.psib-psoe.org\/eivissa\/#organization\"},\"image\":{\"@id\":\"https:\/\/www.psib-psoe.org\/eivissa\/vicent-rosello-registra-la-seua-candidatura-a-la-secretaria-general-de-la-fse-psoe-en-linici-del-proces-de-primaries-del-7e-congres-del-partit\/#primaryimage\"},\"thumbnailUrl\":\"https:\/\/www.psib-psoe.org\/eivissa\/wp-content\/uploads\/vicent-rosello-candidatura-scaled.jpg\",\"articleSection\":[\"Federaci\u00f3 d'Eivissa - Portada\",\"FSE-PSOE\"],\"inLanguage\":\"ca\"},{\"@type\":\"WebPage\",\"@id\":\"https:\/\/www.psib-psoe.org\/eivissa\/vicent-rosello-registra-la-seua-candidatura-a-la-secretaria-general-de-la-fse-psoe-en-linici-del-proces-de-primaries-del-7e-congres-del-partit\/\",\"url\":\"https:\/\/www.psib-psoe.org\/eivissa\/vicent-rosello-registra-la-seua-candidatura-a-la-secretaria-general-de-la-fse-psoe-en-linici-del-proces-de-primaries-del-7e-congres-del-partit\/\",\"name\":\"Vicent Rosell\u00f3 registra la seua candidatura a la secretaria general de la FSE-PSOE, en l\u2019inici del proc\u00e9s de prim\u00e0ries del 7\u00e8 Congr\u00e9s del partit - Federaci\u00f3 Socialista d&#039;Eivissa\",\"isPartOf\":{\"@id\":\"https:\/\/www.psib-psoe.org\/eivissa\/#website\"},\"primaryImageOfPage\":{\"@id\":\"https:\/\/www.psib-psoe.org\/eivissa\/vicent-rosello-registra-la-seua-candidatura-a-la-secretaria-general-de-la-fse-psoe-en-linici-del-proces-de-primaries-del-7e-congres-del-partit\/#primaryimage\"},\"image\":{\"@id\":\"https:\/\/www.psib-psoe.org\/eivissa\/vicent-rosello-registra-la-seua-candidatura-a-la-secretaria-general-de-la-fse-psoe-en-linici-del-proces-de-primaries-del-7e-congres-del-partit\/#primaryimage\"},\"thumbnailUrl\":\"https:\/\/www.psib-psoe.org\/eivissa\/wp-content\/uploads\/vicent-rosello-candidatura-scaled.jpg\",\"datePublished\":\"2025-04-07T10:49:39+00:00\",\"breadcrumb\":{\"@id\":\"https:\/\/www.psib-psoe.org\/eivissa\/vicent-rosello-registra-la-seua-candidatura-a-la-secretaria-general-de-la-fse-psoe-en-linici-del-proces-de-primaries-del-7e-congres-del-partit\/#breadcrumb\"},\"inLanguage\":\"ca\",\"potentialAction\":[{\"@type\":\"ReadAction\",\"target\":[\"https:\/\/www.psib-psoe.org\/eivissa\/vicent-rosello-registra-la-seua-candidatura-a-la-secretaria-general-de-la-fse-psoe-en-linici-del-proces-de-primaries-del-7e-congres-del-partit\/\"]}]},{\"@type\":\"ImageObject\",\"inLanguage\":\"ca\",\"@id\":\"https:\/\/www.psib-psoe.org\/eivissa\/vicent-rosello-registra-la-seua-candidatura-a-la-secretaria-general-de-la-fse-psoe-en-linici-del-proces-de-primaries-del-7e-congres-del-partit\/#primaryimage\",\"url\":\"https:\/\/www.psib-psoe.org\/eivissa\/wp-content\/uploads\/vicent-rosello-candidatura-scaled.jpg\",\"contentUrl\":\"https:\/\/www.psib-psoe.org\/eivissa\/wp-content\/uploads\/vicent-rosello-candidatura-scaled.jpg\",\"width\":2560,\"height\":1920},{\"@type\":\"BreadcrumbList\",\"@id\":\"https:\/\/www.psib-psoe.org\/eivissa\/vicent-rosello-registra-la-seua-candidatura-a-la-secretaria-general-de-la-fse-psoe-en-linici-del-proces-de-primaries-del-7e-congres-del-partit\/#breadcrumb\",\"itemListElement\":[{\"@type\":\"ListItem\",\"position\":1,\"name\":\"Inici\",\"item\":\"https:\/\/www.psib-psoe.org\/eivissa\/\"},{\"@type\":\"ListItem\",\"position\":2,\"name\":\"Vicent Rosell\u00f3 registra la seua candidatura a la secretaria general de la FSE-PSOE, en l\u2019inici del proc\u00e9s de prim\u00e0ries del 7\u00e8 Congr\u00e9s del partit\"}]},{\"@type\":\"WebSite\",\"@id\":\"https:\/\/www.psib-psoe.org\/eivissa\/#website\",\"url\":\"https:\/\/www.psib-psoe.org\/eivissa\/\",\"name\":\"Federaci\u00f3 Socialista d'Eivissa\",\"description\":\"Socialistes d&#039;Eivissa\",\"publisher\":{\"@id\":\"https:\/\/www.psib-psoe.org\/eivissa\/#organization\"},\"potentialAction\":[{\"@type\":\"SearchAction\",\"target\":{\"@type\":\"EntryPoint\",\"urlTemplate\":\"https:\/\/www.psib-psoe.org\/eivissa\/?s={search_term_string}\"},\"query-input\":{\"@type\":\"PropertyValueSpecification\",\"valueRequired\":true,\"valueName\":\"search_term_string\"}}],\"inLanguage\":\"ca\"},{\"@type\":\"Organization\",\"@id\":\"https:\/\/www.psib-psoe.org\/eivissa\/#organization\",\"name\":\"Federaci\u00f3 Socialista d'Eivissa\",\"url\":\"https:\/\/www.psib-psoe.org\/eivissa\/\",\"logo\":{\"@type\":\"ImageObject\",\"inLanguage\":\"ca\",\"@id\":\"https:\/\/www.psib-psoe.org\/eivissa\/#\/schema\/logo\/image\/\",\"url\":\"https:\/\/www.psib-psoe.org\/eivissa\/wp-content\/uploads\/LOGO-FSE-SOCIALISTA-DEIVISSA-HORI.png\",\"contentUrl\":\"https:\/\/www.psib-psoe.org\/eivissa\/wp-content\/uploads\/LOGO-FSE-SOCIALISTA-DEIVISSA-HORI.png\",\"width\":6000,\"height\":3104,\"caption\":\"Federaci\u00f3 Socialista d'Eivissa\"},\"image\":{\"@id\":\"https:\/\/www.psib-psoe.org\/eivissa\/#\/schema\/logo\/image\/\"}},{\"@type\":\"Person\",\"@id\":\"https:\/\/www.psib-psoe.org\/eivissa\/#\/schema\/person\/099ab3ef73a3645a1d7f303518e6ce24\",\"name\":\"adminpsib\",\"url\":\"https:\/\/www.psib-psoe.org\/eivissa\/author\/adminpsib\/\"}]}<\/script>\n<!-- \/ Yoast SEO plugin. -->","yoast_head_json":{"title":"Vicent Rosell\u00f3 registra la seua candidatura a la secretaria general de la FSE-PSOE, en l\u2019inici del proc\u00e9s de prim\u00e0ries del 7\u00e8 Congr\u00e9s del partit - Federaci\u00f3 Socialista d&#039;Eivissa","robots":{"index":"index","follow":"follow","max-snippet":"max-snippet:-1","max-image-preview":"max-image-preview:large","max-video-preview":"max-video-preview:-1"},"canonical":"https:\/\/www.psib-psoe.org\/eivissa\/vicent-rosello-registra-la-seua-candidatura-a-la-secretaria-general-de-la-fse-psoe-en-linici-del-proces-de-primaries-del-7e-congres-del-partit\/","og_locale":"ca_ES","og_type":"article","og_title":"Vicent Rosell\u00f3 registra la seua candidatura a la secretaria general de la FSE-PSOE, en l\u2019inici del proc\u00e9s de prim\u00e0ries del 7\u00e8 Congr\u00e9s del partit - Federaci\u00f3 Socialista d&#039;Eivissa","og_description":"Vicent Rosell\u00f3 Ribas, secretari general de la Federaci\u00f3 Socialista d\u2019Eivissa (FSE-PSOE), ha registrat oficialment aquest dilluns la seua candidatura a renovar el lideratge del partit, en el marc de l\u2019inici del proc\u00e9s de prim\u00e0ries del 7\u00e8 Congr\u00e9s. D\u2019acord amb el calendari aprovat pel Comit\u00e8 Insular el passat dissabte, les persones aspirants poden presentar la seua&hellip;","og_url":"https:\/\/www.psib-psoe.org\/eivissa\/vicent-rosello-registra-la-seua-candidatura-a-la-secretaria-general-de-la-fse-psoe-en-linici-del-proces-de-primaries-del-7e-congres-del-partit\/","og_site_name":"Federaci\u00f3 Socialista d&#039;Eivissa","article_published_time":"2025-04-07T10:49:39+00:00","og_image":[{"width":2560,"height":1920,"url":"https:\/\/www.psib-psoe.org\/eivissa\/wp-content\/uploads\/vicent-rosello-candidatura-scaled.jpg","type":"image\/jpeg"}],"author":"adminpsib","twitter_card":"summary_large_image","twitter_misc":{"Escrit per":"adminpsib","Temps estimat de lectura":"1 minut"},"schema":{"@context":"https:\/\/schema.org","@graph":[{"@type":["Article","BlogPosting"],"@id":"https:\/\/www.psib-psoe.org\/eivissa\/vicent-rosello-registra-la-seua-candidatura-a-la-secretaria-general-de-la-fse-psoe-en-linici-del-proces-de-primaries-del-7e-congres-del-partit\/#article","isPartOf":{"@id":"https:\/\/www.psib-psoe.org\/eivissa\/vicent-rosello-registra-la-seua-candidatura-a-la-secretaria-general-de-la-fse-psoe-en-linici-del-proces-de-primaries-del-7e-congres-del-partit\/"},"author":{"name":"adminpsib","@id":"https:\/\/www.psib-psoe.org\/eivissa\/#\/schema\/person\/099ab3ef73a3645a1d7f303518e6ce24"},"headline":"Vicent Rosell\u00f3 registra la seua candidatura a la secretaria general de la FSE-PSOE, en l\u2019inici del proc\u00e9s de prim\u00e0ries del 7\u00e8 Congr\u00e9s del partit","datePublished":"2025-04-07T10:49:39+00:00","mainEntityOfPage":{"@id":"https:\/\/www.psib-psoe.org\/eivissa\/vicent-rosello-registra-la-seua-candidatura-a-la-secretaria-general-de-la-fse-psoe-en-linici-del-proces-de-primaries-del-7e-congres-del-partit\/"},"wordCount":219,"publisher":{"@id":"https:\/\/www.psib-psoe.org\/eivissa\/#organization"},"image":{"@id":"https:\/\/www.psib-psoe.org\/eivissa\/vicent-rosello-registra-la-seua-candidatura-a-la-secretaria-general-de-la-fse-psoe-en-linici-del-proces-de-primaries-del-7e-congres-del-partit\/#primaryimage"},"thumbnailUrl":"https:\/\/www.psib-psoe.org\/eivissa\/wp-content\/uploads\/vicent-rosello-candidatura-scaled.jpg","articleSection":["Federaci\u00f3 d'Eivissa - Portada","FSE-PSOE"],"inLanguage":"ca"},{"@type":"WebPage","@id":"https:\/\/www.psib-psoe.org\/eivissa\/vicent-rosello-registra-la-seua-candidatura-a-la-secretaria-general-de-la-fse-psoe-en-linici-del-proces-de-primaries-del-7e-congres-del-partit\/","url":"https:\/\/www.psib-psoe.org\/eivissa\/vicent-rosello-registra-la-seua-candidatura-a-la-secretaria-general-de-la-fse-psoe-en-linici-del-proces-de-primaries-del-7e-congres-del-partit\/","name":"Vicent Rosell\u00f3 registra la seua candidatura a la secretaria general de la FSE-PSOE, en l\u2019inici del proc\u00e9s de prim\u00e0ries del 7\u00e8 Congr\u00e9s del partit - Federaci\u00f3 Socialista d&#039;Eivissa","isPartOf":{"@id":"https:\/\/www.psib-psoe.org\/eivissa\/#website"},"primaryImageOfPage":{"@id":"https:\/\/www.psib-psoe.org\/eivissa\/vicent-rosello-registra-la-seua-candidatura-a-la-secretaria-general-de-la-fse-psoe-en-linici-del-proces-de-primaries-del-7e-congres-del-partit\/#primaryimage"},"image":{"@id":"https:\/\/www.psib-psoe.org\/eivissa\/vicent-rosello-registra-la-seua-candidatura-a-la-secretaria-general-de-la-fse-psoe-en-linici-del-proces-de-primaries-del-7e-congres-del-partit\/#primaryimage"},"thumbnailUrl":"https:\/\/www.psib-psoe.org\/eivissa\/wp-content\/uploads\/vicent-rosello-candidatura-scaled.jpg","datePublished":"2025-04-07T10:49:39+00:00","breadcrumb":{"@id":"https:\/\/www.psib-psoe.org\/eivissa\/vicent-rosello-registra-la-seua-candidatura-a-la-secretaria-general-de-la-fse-psoe-en-linici-del-proces-de-primaries-del-7e-congres-del-partit\/#breadcrumb"},"inLanguage":"ca","potentialAction":[{"@type":"ReadAction","target":["https:\/\/www.psib-psoe.org\/eivissa\/vicent-rosello-registra-la-seua-candidatura-a-la-secretaria-general-de-la-fse-psoe-en-linici-del-proces-de-primaries-del-7e-congres-del-partit\/"]}]},{"@type":"ImageObject","inLanguage":"ca","@id":"https:\/\/www.psib-psoe.org\/eivissa\/vicent-rosello-registra-la-seua-candidatura-a-la-secretaria-general-de-la-fse-psoe-en-linici-del-proces-de-primaries-del-7e-congres-del-partit\/#primaryimage","url":"https:\/\/www.psib-psoe.org\/eivissa\/wp-content\/uploads\/vicent-rosello-candidatura-scaled.jpg","contentUrl":"https:\/\/www.psib-psoe.org\/eivissa\/wp-content\/uploads\/vicent-rosello-candidatura-scaled.jpg","width":2560,"height":1920},{"@type":"BreadcrumbList","@id":"https:\/\/www.psib-psoe.org\/eivissa\/vicent-rosello-registra-la-seua-candidatura-a-la-secretaria-general-de-la-fse-psoe-en-linici-del-proces-de-primaries-del-7e-congres-del-partit\/#breadcrumb","itemListElement":[{"@type":"ListItem","position":1,"name":"Inici","item":"https:\/\/www.psib-psoe.org\/eivissa\/"},{"@type":"ListItem","position":2,"name":"Vicent Rosell\u00f3 registra la seua candidatura a la secretaria general de la FSE-PSOE, en l\u2019inici del proc\u00e9s de prim\u00e0ries del 7\u00e8 Congr\u00e9s del partit"}]},{"@type":"WebSite","@id":"https:\/\/www.psib-psoe.org\/eivissa\/#website","url":"https:\/\/www.psib-psoe.org\/eivissa\/","name":"Federaci\u00f3 Socialista d'Eivissa","description":"Socialistes d&#039;Eivissa","publisher":{"@id":"https:\/\/www.psib-psoe.org\/eivissa\/#organization"},"potentialAction":[{"@type":"SearchAction","target":{"@type":"EntryPoint","urlTemplate":"https:\/\/www.psib-psoe.org\/eivissa\/?s={search_term_string}"},"query-input":{"@type":"PropertyValueSpecification","valueRequired":true,"valueName":"search_term_string"}}],"inLanguage":"ca"},{"@type":"Organization","@id":"https:\/\/www.psib-psoe.org\/eivissa\/#organization","name":"Federaci\u00f3 Socialista d'Eivissa","url":"https:\/\/www.psib-psoe.org\/eivissa\/","logo":{"@type":"ImageObject","inLanguage":"ca","@id":"https:\/\/www.psib-psoe.org\/eivissa\/#\/schema\/logo\/image\/","url":"https:\/\/www.psib-psoe.org\/eivissa\/wp-content\/uploads\/LOGO-FSE-SOCIALISTA-DEIVISSA-HORI.png","contentUrl":"https:\/\/www.psib-psoe.org\/eivissa\/wp-content\/uploads\/LOGO-FSE-SOCIALISTA-DEIVISSA-HORI.png","width":6000,"height":3104,"caption":"Federaci\u00f3 Socialista d'Eivissa"},"image":{"@id":"https:\/\/www.psib-psoe.org\/eivissa\/#\/schema\/logo\/image\/"}},{"@type":"Person","@id":"https:\/\/www.psib-psoe.org\/eivissa\/#\/schema\/person\/099ab3ef73a3645a1d7f303518e6ce24","name":"adminpsib","url":"https:\/\/www.psib-psoe.org\/eivissa\/author\/adminpsib\/"}]}},"_links":{"self":[{"href":"https:\/\/www.psib-psoe.org\/eivissa\/wp-json\/wp\/v2\/posts\/40589","targetHints":{"allow":["GET"]}}],"collection":[{"href":"https:\/\/www.psib-psoe.org\/eivissa\/wp-json\/wp\/v2\/posts"}],"about":[{"href":"https:\/\/www.psib-psoe.org\/eivissa\/wp-json\/wp\/v2\/types\/post"}],"author":[{"embeddable":true,"href":"https:\/\/www.psib-psoe.org\/eivissa\/wp-json\/wp\/v2\/users\/1"}],"replies":[{"embeddable":true,"href":"https:\/\/www.psib-psoe.org\/eivissa\/wp-json\/wp\/v2\/comments?post=40589"}],"version-history":[{"count":1,"href":"https:\/\/www.psib-psoe.org\/eivissa\/wp-json\/wp\/v2\/posts\/40589\/revisions"}],"predecessor-version":[{"id":40591,"href":"https:\/\/www.psib-psoe.org\/eivissa\/wp-json\/wp\/v2\/posts\/40589\/revisions\/40591"}],"wp:featuredmedia":[{"embeddable":true,"href":"https:\/\/www.psib-psoe.org\/eivissa\/wp-json\/wp\/v2\/media\/40590"}],"wp:attachment":[{"href":"https:\/\/www.psib-psoe.org\/eivissa\/wp-json\/wp\/v2\/media?parent=40589"}],"wp:term":[{"taxonomy":"category","embeddable":true,"href":"https:\/\/www.psib-psoe.org\/eivissa\/wp-json\/wp\/v2\/categories?post=40589"},{"taxonomy":"post_tag","embeddable":true,"href":"https:\/\/www.psib-psoe.org\/eivissa\/wp-json\/wp\/v2\/tags?post=40589"}],"curies":[{"name":"wp","href":"https:\/\/api.w.org\/{rel}","templated":true}]}}