{"id":40592,"date":"2025-04-07T13:45:18","date_gmt":"2025-04-07T11:45:18","guid":{"rendered":"https:\/\/www.psib-psoe.org\/eivissa\/?p=40592"},"modified":"2025-04-07T13:45:18","modified_gmt":"2025-04-07T11:45:18","slug":"triguero-continua-mentint-a-la-ciutadania-per-ocultar-la-seva-incapacitat-per-a-gestionar-la-ciutat-deivissa","status":"publish","type":"post","link":"https:\/\/www.psib-psoe.org\/eivissa\/triguero-continua-mentint-a-la-ciutadania-per-ocultar-la-seva-incapacitat-per-a-gestionar-la-ciutat-deivissa\/","title":{"rendered":"Triguero continua mentint a la ciutadania per ocultar la seva incapacitat per a gestionar la Ciutat d&#8217;Eivissa"},"content":{"rendered":"<p>El grup municipal socialista acusa Triguero de mentir, una vegada m\u00e9s, a la ciutadania en el seu incompliment d&#8217;un dels principals compromisos electorals, quan va prometre que eliminaria la taxa de fems fins que  la ciutat no estigu\u00e9s neta.<\/p>\n<p> Dos anys despr\u00e9s d&#8217;arribar mentint a l&#8217;alcaldia de l&#8217;Ajuntament d&#8217;Eivissa, Triguero ha fet un nou gir per justificar no haver eliminat la taxa de recollida de fems a la ciutat.<\/p>\n<p>Mentre en campanya electoral feia declaracions p\u00fabliques dient que &#8216;el ve\u00efnat de la ciutat no pot pagar per un servei que no s&#8217;est\u00e0 fent de manera correcta, i per aix\u00f2 no es cobrar\u00e0 la taxa de fems&#8217;, un cop al  govern de la ciutat,Triguero i va recon\u00e8ixer en un v\u00eddeo penjat a les xarxes de la instituci\u00f3 que no podia complir aquesta promesa electoral. Lluny de disculpar-se amb la ciutadania, ara acusa altres administracions del seu incompliment.<\/p>\n<p>Triguero no assumeix  que va prometre en fals a  la ciutadania que votant al PP no pagarien la taxa de fems. En comptes de dir que s&#8217;ha equivocat, que ha enganyat la ciutadania amb falses promeses, ara es parapeta darrere d&#8217;una altra mentida responsabilitzant al govern de l\u2019Estat dels incompliments del PP d\u2019Eivissa.<\/p>\n<p>El que no explica Triguero \u00e9s que hi ha una directiva europea, d&#8217;obligat compliment per a tots els pa\u00efsos de la UE, que recull que els ajuntaments han d&#8217;assumir el cost \u00edntegre de la recollida de fems. Cal assenyalar que el PP no va votar en contra de la seva transpossici\u00f3 en el parlament, i que la comissi\u00f3 europea estava presidida per Jean Claude Juncker, pol\u00edtic  dem\u00f2crata cristi\u00e0 molt m\u00e9s pr\u00f2xim al PP que al PSOE, en el moment d&#8217;aprovaci\u00f3  de la directiva al mes de novembre de l&#8217;any 2018.<\/p>\n<p>Triguero ha enganyat ja dues vegades a la ciutadania: ocultant la informaci\u00f3 real i, pitjor encara, manipulant a les i els residents al municipi.<\/p>\n<p>La ciutadania mereix saber que l&#8217;increment m\u00e9s gran que contemplan els pressupostos de l&#8217;Ajuntament d&#8217;Eivissa \u00e9s a causa de la decisi\u00f3 pol\u00edtica adoptada pel govern socialista de l&#8217;Estat d&#8217;augmentar la partida destinada als governs municipals. En concret, la partida de participaci\u00f3 en tributs de l&#8217;estat augmenta dels 16.263.815,80 \u20ac de 2024 fins als 21.803.040,43 \u20ac, un increment de 5.539.224,63 \u20ac, un 34,059% d&#8217;increment degut, insistim, a una decisi\u00f3 pol\u00edtica del govern de la naci\u00f3. <\/p>\n<p>Aix\u00ed que Triguero, en lloc d&#8217;embolicar i embullar, hauria d&#8217;estar agra\u00eft al govern central per facilitar-li recursos per a desenvolupar pol\u00edtiques per a la ciutadania.<\/p>\n<p>La ciutadania mereix saber que l&#8217;increment m\u00e9s gran que contemplen els pressupostos municipals \u00e9s gr\u00e0cies a  les transfer\u00e8ncies econ\u00f2miques que provenen del Govern socialista de l&#8217;Estat. Pedro S\u00e1nchez ha ingressat als comptes municipals 21,8 milions d\u2019euros, la qual cosa suposa una pujada del 34 per cent en les aportacions de l&#8217;Estat a la ciutat d&#8217;Eivissa.<\/p>\n<p>La seva negligent gesti\u00f3 i la utilitzaci\u00f3 pol\u00edtica que fa del seu c\u00e0rrec no \u00e9s pr\u00f2pia de l&#8217;alcalde que es mereix la ciutat d&#8217;Eivissa.<\/p>\n<p>El PSOE demana a Triguero que deixi de mentir a la ciutadania, que deixi de fer trilerisme econ\u00f2mic, que es posi a fer feina, i que gestioni els pressupostos municipal com correspon.<\/p>\n","protected":false},"excerpt":{"rendered":"<p>El grup municipal socialista acusa Triguero de mentir, una vegada m\u00e9s, a la ciutadania en el seu incompliment d&#8217;un dels principals compromisos electorals, quan va prometre que eliminaria la taxa de fems fins que la ciutat no estigu\u00e9s neta. Dos anys despr\u00e9s d&#8217;arribar mentint a l&#8217;alcaldia de l&#8217;Ajuntament d&#8217;Eivissa, Triguero ha fet un nou gir&hellip;<\/p>\n","protected":false},"author":1,"featured_media":27067,"comment_status":"closed","ping_status":"closed","sticky":false,"template":"","format":"standard","meta":{"footnotes":""},"categories":[183,1],"tags":[],"class_list":["post-40592","post","type-post","status-publish","format-standard","has-post-thumbnail","hentry","category-ciutat-deivissa","category-federacio-de-eivissa-portada"],"yoast_head":"<!-- This site is optimized with the Yoast SEO plugin v26.9 - https:\/\/yoast.com\/product\/yoast-seo-wordpress\/ -->\n<title>Triguero continua mentint a la ciutadania per ocultar la seva incapacitat per a gestionar la Ciutat d&#039;Eivissa - Federaci\u00f3 Socialista d&#039;Eivissa<\/title>\n<meta name=\"robots\" content=\"index, follow, max-snippet:-1, max-image-preview:large, max-video-preview:-1\" \/>\n<link rel=\"canonical\" href=\"https:\/\/www.psib-psoe.org\/eivissa\/triguero-continua-mentint-a-la-ciutadania-per-ocultar-la-seva-incapacitat-per-a-gestionar-la-ciutat-deivissa\/\" \/>\n<meta property=\"og:locale\" content=\"ca_ES\" \/>\n<meta property=\"og:type\" content=\"article\" \/>\n<meta property=\"og:title\" content=\"Triguero continua mentint a la ciutadania per ocultar la seva incapacitat per a gestionar la Ciutat d&#039;Eivissa - Federaci\u00f3 Socialista d&#039;Eivissa\" \/>\n<meta property=\"og:description\" content=\"El grup municipal socialista acusa Triguero de mentir, una vegada m\u00e9s, a la ciutadania en el seu incompliment d&#8217;un dels principals compromisos electorals, quan va prometre que eliminaria la taxa de fems fins que la ciutat no estigu\u00e9s neta. Dos anys despr\u00e9s d&#8217;arribar mentint a l&#8217;alcaldia de l&#8217;Ajuntament d&#8217;Eivissa, Triguero ha fet un nou gir&hellip;\" \/>\n<meta property=\"og:url\" content=\"https:\/\/www.psib-psoe.org\/eivissa\/triguero-continua-mentint-a-la-ciutadania-per-ocultar-la-seva-incapacitat-per-a-gestionar-la-ciutat-deivissa\/\" \/>\n<meta property=\"og:site_name\" content=\"Federaci\u00f3 Socialista d&#039;Eivissa\" \/>\n<meta property=\"article:published_time\" content=\"2025-04-07T11:45:18+00:00\" \/>\n<meta property=\"og:image\" content=\"https:\/\/www.psib-psoe.org\/eivissa\/wp-content\/uploads\/IMATGE-CETIS-AJUNTAMENT.jpg\" \/>\n\t<meta property=\"og:image:width\" content=\"255\" \/>\n\t<meta property=\"og:image:height\" content=\"140\" \/>\n\t<meta property=\"og:image:type\" content=\"image\/jpeg\" \/>\n<meta name=\"author\" content=\"adminpsib\" \/>\n<meta name=\"twitter:card\" content=\"summary_large_image\" \/>\n<meta name=\"twitter:label1\" content=\"Escrit per\" \/>\n\t<meta name=\"twitter:data1\" content=\"adminpsib\" \/>\n\t<meta name=\"twitter:label2\" content=\"Temps estimat de lectura\" \/>\n\t<meta name=\"twitter:data2\" content=\"3 minuts\" \/>\n<script type=\"application\/ld+json\" class=\"yoast-schema-graph\">{\"@context\":\"https:\/\/schema.org\",\"@graph\":[{\"@type\":[\"Article\",\"BlogPosting\"],\"@id\":\"https:\/\/www.psib-psoe.org\/eivissa\/triguero-continua-mentint-a-la-ciutadania-per-ocultar-la-seva-incapacitat-per-a-gestionar-la-ciutat-deivissa\/#article\",\"isPartOf\":{\"@id\":\"https:\/\/www.psib-psoe.org\/eivissa\/triguero-continua-mentint-a-la-ciutadania-per-ocultar-la-seva-incapacitat-per-a-gestionar-la-ciutat-deivissa\/\"},\"author\":{\"name\":\"adminpsib\",\"@id\":\"https:\/\/www.psib-psoe.org\/eivissa\/#\/schema\/person\/099ab3ef73a3645a1d7f303518e6ce24\"},\"headline\":\"Triguero continua mentint a la ciutadania per ocultar la seva incapacitat per a gestionar la Ciutat d&#8217;Eivissa\",\"datePublished\":\"2025-04-07T11:45:18+00:00\",\"mainEntityOfPage\":{\"@id\":\"https:\/\/www.psib-psoe.org\/eivissa\/triguero-continua-mentint-a-la-ciutadania-per-ocultar-la-seva-incapacitat-per-a-gestionar-la-ciutat-deivissa\/\"},\"wordCount\":559,\"publisher\":{\"@id\":\"https:\/\/www.psib-psoe.org\/eivissa\/#organization\"},\"image\":{\"@id\":\"https:\/\/www.psib-psoe.org\/eivissa\/triguero-continua-mentint-a-la-ciutadania-per-ocultar-la-seva-incapacitat-per-a-gestionar-la-ciutat-deivissa\/#primaryimage\"},\"thumbnailUrl\":\"https:\/\/www.psib-psoe.org\/eivissa\/wp-content\/uploads\/IMATGE-CETIS-AJUNTAMENT.jpg\",\"articleSection\":[\"Ciutat d'Eivissa\",\"Federaci\u00f3 d'Eivissa - Portada\"],\"inLanguage\":\"ca\"},{\"@type\":\"WebPage\",\"@id\":\"https:\/\/www.psib-psoe.org\/eivissa\/triguero-continua-mentint-a-la-ciutadania-per-ocultar-la-seva-incapacitat-per-a-gestionar-la-ciutat-deivissa\/\",\"url\":\"https:\/\/www.psib-psoe.org\/eivissa\/triguero-continua-mentint-a-la-ciutadania-per-ocultar-la-seva-incapacitat-per-a-gestionar-la-ciutat-deivissa\/\",\"name\":\"Triguero continua mentint a la ciutadania per ocultar la seva incapacitat per a gestionar la Ciutat d'Eivissa - Federaci\u00f3 Socialista d&#039;Eivissa\",\"isPartOf\":{\"@id\":\"https:\/\/www.psib-psoe.org\/eivissa\/#website\"},\"primaryImageOfPage\":{\"@id\":\"https:\/\/www.psib-psoe.org\/eivissa\/triguero-continua-mentint-a-la-ciutadania-per-ocultar-la-seva-incapacitat-per-a-gestionar-la-ciutat-deivissa\/#primaryimage\"},\"image\":{\"@id\":\"https:\/\/www.psib-psoe.org\/eivissa\/triguero-continua-mentint-a-la-ciutadania-per-ocultar-la-seva-incapacitat-per-a-gestionar-la-ciutat-deivissa\/#primaryimage\"},\"thumbnailUrl\":\"https:\/\/www.psib-psoe.org\/eivissa\/wp-content\/uploads\/IMATGE-CETIS-AJUNTAMENT.jpg\",\"datePublished\":\"2025-04-07T11:45:18+00:00\",\"breadcrumb\":{\"@id\":\"https:\/\/www.psib-psoe.org\/eivissa\/triguero-continua-mentint-a-la-ciutadania-per-ocultar-la-seva-incapacitat-per-a-gestionar-la-ciutat-deivissa\/#breadcrumb\"},\"inLanguage\":\"ca\",\"potentialAction\":[{\"@type\":\"ReadAction\",\"target\":[\"https:\/\/www.psib-psoe.org\/eivissa\/triguero-continua-mentint-a-la-ciutadania-per-ocultar-la-seva-incapacitat-per-a-gestionar-la-ciutat-deivissa\/\"]}]},{\"@type\":\"ImageObject\",\"inLanguage\":\"ca\",\"@id\":\"https:\/\/www.psib-psoe.org\/eivissa\/triguero-continua-mentint-a-la-ciutadania-per-ocultar-la-seva-incapacitat-per-a-gestionar-la-ciutat-deivissa\/#primaryimage\",\"url\":\"https:\/\/www.psib-psoe.org\/eivissa\/wp-content\/uploads\/IMATGE-CETIS-AJUNTAMENT.jpg\",\"contentUrl\":\"https:\/\/www.psib-psoe.org\/eivissa\/wp-content\/uploads\/IMATGE-CETIS-AJUNTAMENT.jpg\",\"width\":255,\"height\":140},{\"@type\":\"BreadcrumbList\",\"@id\":\"https:\/\/www.psib-psoe.org\/eivissa\/triguero-continua-mentint-a-la-ciutadania-per-ocultar-la-seva-incapacitat-per-a-gestionar-la-ciutat-deivissa\/#breadcrumb\",\"itemListElement\":[{\"@type\":\"ListItem\",\"position\":1,\"name\":\"Inici\",\"item\":\"https:\/\/www.psib-psoe.org\/eivissa\/\"},{\"@type\":\"ListItem\",\"position\":2,\"name\":\"Triguero continua mentint a la ciutadania per ocultar la seva incapacitat per a gestionar la Ciutat d&#8217;Eivissa\"}]},{\"@type\":\"WebSite\",\"@id\":\"https:\/\/www.psib-psoe.org\/eivissa\/#website\",\"url\":\"https:\/\/www.psib-psoe.org\/eivissa\/\",\"name\":\"Federaci\u00f3 Socialista d'Eivissa\",\"description\":\"Socialistes d&#039;Eivissa\",\"publisher\":{\"@id\":\"https:\/\/www.psib-psoe.org\/eivissa\/#organization\"},\"potentialAction\":[{\"@type\":\"SearchAction\",\"target\":{\"@type\":\"EntryPoint\",\"urlTemplate\":\"https:\/\/www.psib-psoe.org\/eivissa\/?s={search_term_string}\"},\"query-input\":{\"@type\":\"PropertyValueSpecification\",\"valueRequired\":true,\"valueName\":\"search_term_string\"}}],\"inLanguage\":\"ca\"},{\"@type\":\"Organization\",\"@id\":\"https:\/\/www.psib-psoe.org\/eivissa\/#organization\",\"name\":\"Federaci\u00f3 Socialista d'Eivissa\",\"url\":\"https:\/\/www.psib-psoe.org\/eivissa\/\",\"logo\":{\"@type\":\"ImageObject\",\"inLanguage\":\"ca\",\"@id\":\"https:\/\/www.psib-psoe.org\/eivissa\/#\/schema\/logo\/image\/\",\"url\":\"https:\/\/www.psib-psoe.org\/eivissa\/wp-content\/uploads\/LOGO-FSE-SOCIALISTA-DEIVISSA-HORI.png\",\"contentUrl\":\"https:\/\/www.psib-psoe.org\/eivissa\/wp-content\/uploads\/LOGO-FSE-SOCIALISTA-DEIVISSA-HORI.png\",\"width\":6000,\"height\":3104,\"caption\":\"Federaci\u00f3 Socialista d'Eivissa\"},\"image\":{\"@id\":\"https:\/\/www.psib-psoe.org\/eivissa\/#\/schema\/logo\/image\/\"}},{\"@type\":\"Person\",\"@id\":\"https:\/\/www.psib-psoe.org\/eivissa\/#\/schema\/person\/099ab3ef73a3645a1d7f303518e6ce24\",\"name\":\"adminpsib\",\"url\":\"https:\/\/www.psib-psoe.org\/eivissa\/author\/adminpsib\/\"}]}<\/script>\n<!-- \/ Yoast SEO plugin. -->","yoast_head_json":{"title":"Triguero continua mentint a la ciutadania per ocultar la seva incapacitat per a gestionar la Ciutat d'Eivissa - Federaci\u00f3 Socialista d&#039;Eivissa","robots":{"index":"index","follow":"follow","max-snippet":"max-snippet:-1","max-image-preview":"max-image-preview:large","max-video-preview":"max-video-preview:-1"},"canonical":"https:\/\/www.psib-psoe.org\/eivissa\/triguero-continua-mentint-a-la-ciutadania-per-ocultar-la-seva-incapacitat-per-a-gestionar-la-ciutat-deivissa\/","og_locale":"ca_ES","og_type":"article","og_title":"Triguero continua mentint a la ciutadania per ocultar la seva incapacitat per a gestionar la Ciutat d'Eivissa - Federaci\u00f3 Socialista d&#039;Eivissa","og_description":"El grup municipal socialista acusa Triguero de mentir, una vegada m\u00e9s, a la ciutadania en el seu incompliment d&#8217;un dels principals compromisos electorals, quan va prometre que eliminaria la taxa de fems fins que la ciutat no estigu\u00e9s neta. Dos anys despr\u00e9s d&#8217;arribar mentint a l&#8217;alcaldia de l&#8217;Ajuntament d&#8217;Eivissa, Triguero ha fet un nou gir&hellip;","og_url":"https:\/\/www.psib-psoe.org\/eivissa\/triguero-continua-mentint-a-la-ciutadania-per-ocultar-la-seva-incapacitat-per-a-gestionar-la-ciutat-deivissa\/","og_site_name":"Federaci\u00f3 Socialista d&#039;Eivissa","article_published_time":"2025-04-07T11:45:18+00:00","og_image":[{"width":255,"height":140,"url":"https:\/\/www.psib-psoe.org\/eivissa\/wp-content\/uploads\/IMATGE-CETIS-AJUNTAMENT.jpg","type":"image\/jpeg"}],"author":"adminpsib","twitter_card":"summary_large_image","twitter_misc":{"Escrit per":"adminpsib","Temps estimat de lectura":"3 minuts"},"schema":{"@context":"https:\/\/schema.org","@graph":[{"@type":["Article","BlogPosting"],"@id":"https:\/\/www.psib-psoe.org\/eivissa\/triguero-continua-mentint-a-la-ciutadania-per-ocultar-la-seva-incapacitat-per-a-gestionar-la-ciutat-deivissa\/#article","isPartOf":{"@id":"https:\/\/www.psib-psoe.org\/eivissa\/triguero-continua-mentint-a-la-ciutadania-per-ocultar-la-seva-incapacitat-per-a-gestionar-la-ciutat-deivissa\/"},"author":{"name":"adminpsib","@id":"https:\/\/www.psib-psoe.org\/eivissa\/#\/schema\/person\/099ab3ef73a3645a1d7f303518e6ce24"},"headline":"Triguero continua mentint a la ciutadania per ocultar la seva incapacitat per a gestionar la Ciutat d&#8217;Eivissa","datePublished":"2025-04-07T11:45:18+00:00","mainEntityOfPage":{"@id":"https:\/\/www.psib-psoe.org\/eivissa\/triguero-continua-mentint-a-la-ciutadania-per-ocultar-la-seva-incapacitat-per-a-gestionar-la-ciutat-deivissa\/"},"wordCount":559,"publisher":{"@id":"https:\/\/www.psib-psoe.org\/eivissa\/#organization"},"image":{"@id":"https:\/\/www.psib-psoe.org\/eivissa\/triguero-continua-mentint-a-la-ciutadania-per-ocultar-la-seva-incapacitat-per-a-gestionar-la-ciutat-deivissa\/#primaryimage"},"thumbnailUrl":"https:\/\/www.psib-psoe.org\/eivissa\/wp-content\/uploads\/IMATGE-CETIS-AJUNTAMENT.jpg","articleSection":["Ciutat d'Eivissa","Federaci\u00f3 d'Eivissa - Portada"],"inLanguage":"ca"},{"@type":"WebPage","@id":"https:\/\/www.psib-psoe.org\/eivissa\/triguero-continua-mentint-a-la-ciutadania-per-ocultar-la-seva-incapacitat-per-a-gestionar-la-ciutat-deivissa\/","url":"https:\/\/www.psib-psoe.org\/eivissa\/triguero-continua-mentint-a-la-ciutadania-per-ocultar-la-seva-incapacitat-per-a-gestionar-la-ciutat-deivissa\/","name":"Triguero continua mentint a la ciutadania per ocultar la seva incapacitat per a gestionar la Ciutat d'Eivissa - Federaci\u00f3 Socialista d&#039;Eivissa","isPartOf":{"@id":"https:\/\/www.psib-psoe.org\/eivissa\/#website"},"primaryImageOfPage":{"@id":"https:\/\/www.psib-psoe.org\/eivissa\/triguero-continua-mentint-a-la-ciutadania-per-ocultar-la-seva-incapacitat-per-a-gestionar-la-ciutat-deivissa\/#primaryimage"},"image":{"@id":"https:\/\/www.psib-psoe.org\/eivissa\/triguero-continua-mentint-a-la-ciutadania-per-ocultar-la-seva-incapacitat-per-a-gestionar-la-ciutat-deivissa\/#primaryimage"},"thumbnailUrl":"https:\/\/www.psib-psoe.org\/eivissa\/wp-content\/uploads\/IMATGE-CETIS-AJUNTAMENT.jpg","datePublished":"2025-04-07T11:45:18+00:00","breadcrumb":{"@id":"https:\/\/www.psib-psoe.org\/eivissa\/triguero-continua-mentint-a-la-ciutadania-per-ocultar-la-seva-incapacitat-per-a-gestionar-la-ciutat-deivissa\/#breadcrumb"},"inLanguage":"ca","potentialAction":[{"@type":"ReadAction","target":["https:\/\/www.psib-psoe.org\/eivissa\/triguero-continua-mentint-a-la-ciutadania-per-ocultar-la-seva-incapacitat-per-a-gestionar-la-ciutat-deivissa\/"]}]},{"@type":"ImageObject","inLanguage":"ca","@id":"https:\/\/www.psib-psoe.org\/eivissa\/triguero-continua-mentint-a-la-ciutadania-per-ocultar-la-seva-incapacitat-per-a-gestionar-la-ciutat-deivissa\/#primaryimage","url":"https:\/\/www.psib-psoe.org\/eivissa\/wp-content\/uploads\/IMATGE-CETIS-AJUNTAMENT.jpg","contentUrl":"https:\/\/www.psib-psoe.org\/eivissa\/wp-content\/uploads\/IMATGE-CETIS-AJUNTAMENT.jpg","width":255,"height":140},{"@type":"BreadcrumbList","@id":"https:\/\/www.psib-psoe.org\/eivissa\/triguero-continua-mentint-a-la-ciutadania-per-ocultar-la-seva-incapacitat-per-a-gestionar-la-ciutat-deivissa\/#breadcrumb","itemListElement":[{"@type":"ListItem","position":1,"name":"Inici","item":"https:\/\/www.psib-psoe.org\/eivissa\/"},{"@type":"ListItem","position":2,"name":"Triguero continua mentint a la ciutadania per ocultar la seva incapacitat per a gestionar la Ciutat d&#8217;Eivissa"}]},{"@type":"WebSite","@id":"https:\/\/www.psib-psoe.org\/eivissa\/#website","url":"https:\/\/www.psib-psoe.org\/eivissa\/","name":"Federaci\u00f3 Socialista d'Eivissa","description":"Socialistes d&#039;Eivissa","publisher":{"@id":"https:\/\/www.psib-psoe.org\/eivissa\/#organization"},"potentialAction":[{"@type":"SearchAction","target":{"@type":"EntryPoint","urlTemplate":"https:\/\/www.psib-psoe.org\/eivissa\/?s={search_term_string}"},"query-input":{"@type":"PropertyValueSpecification","valueRequired":true,"valueName":"search_term_string"}}],"inLanguage":"ca"},{"@type":"Organization","@id":"https:\/\/www.psib-psoe.org\/eivissa\/#organization","name":"Federaci\u00f3 Socialista d'Eivissa","url":"https:\/\/www.psib-psoe.org\/eivissa\/","logo":{"@type":"ImageObject","inLanguage":"ca","@id":"https:\/\/www.psib-psoe.org\/eivissa\/#\/schema\/logo\/image\/","url":"https:\/\/www.psib-psoe.org\/eivissa\/wp-content\/uploads\/LOGO-FSE-SOCIALISTA-DEIVISSA-HORI.png","contentUrl":"https:\/\/www.psib-psoe.org\/eivissa\/wp-content\/uploads\/LOGO-FSE-SOCIALISTA-DEIVISSA-HORI.png","width":6000,"height":3104,"caption":"Federaci\u00f3 Socialista d'Eivissa"},"image":{"@id":"https:\/\/www.psib-psoe.org\/eivissa\/#\/schema\/logo\/image\/"}},{"@type":"Person","@id":"https:\/\/www.psib-psoe.org\/eivissa\/#\/schema\/person\/099ab3ef73a3645a1d7f303518e6ce24","name":"adminpsib","url":"https:\/\/www.psib-psoe.org\/eivissa\/author\/adminpsib\/"}]}},"_links":{"self":[{"href":"https:\/\/www.psib-psoe.org\/eivissa\/wp-json\/wp\/v2\/posts\/40592","targetHints":{"allow":["GET"]}}],"collection":[{"href":"https:\/\/www.psib-psoe.org\/eivissa\/wp-json\/wp\/v2\/posts"}],"about":[{"href":"https:\/\/www.psib-psoe.org\/eivissa\/wp-json\/wp\/v2\/types\/post"}],"author":[{"embeddable":true,"href":"https:\/\/www.psib-psoe.org\/eivissa\/wp-json\/wp\/v2\/users\/1"}],"replies":[{"embeddable":true,"href":"https:\/\/www.psib-psoe.org\/eivissa\/wp-json\/wp\/v2\/comments?post=40592"}],"version-history":[{"count":1,"href":"https:\/\/www.psib-psoe.org\/eivissa\/wp-json\/wp\/v2\/posts\/40592\/revisions"}],"predecessor-version":[{"id":40593,"href":"https:\/\/www.psib-psoe.org\/eivissa\/wp-json\/wp\/v2\/posts\/40592\/revisions\/40593"}],"wp:featuredmedia":[{"embeddable":true,"href":"https:\/\/www.psib-psoe.org\/eivissa\/wp-json\/wp\/v2\/media\/27067"}],"wp:attachment":[{"href":"https:\/\/www.psib-psoe.org\/eivissa\/wp-json\/wp\/v2\/media?parent=40592"}],"wp:term":[{"taxonomy":"category","embeddable":true,"href":"https:\/\/www.psib-psoe.org\/eivissa\/wp-json\/wp\/v2\/categories?post=40592"},{"taxonomy":"post_tag","embeddable":true,"href":"https:\/\/www.psib-psoe.org\/eivissa\/wp-json\/wp\/v2\/tags?post=40592"}],"curies":[{"name":"wp","href":"https:\/\/api.w.org\/{rel}","templated":true}]}}