{"id":40594,"date":"2025-04-07T13:47:51","date_gmt":"2025-04-07T11:47:51","guid":{"rendered":"https:\/\/www.psib-psoe.org\/eivissa\/?p=40594"},"modified":"2025-04-07T13:47:51","modified_gmt":"2025-04-07T11:47:51","slug":"el-psoe-denuncia-la-falta-de-respecte-institucional-del-pp-en-la-inauguracio-del-centre-bit-deivissa","status":"publish","type":"post","link":"https:\/\/www.psib-psoe.org\/eivissa\/el-psoe-denuncia-la-falta-de-respecte-institucional-del-pp-en-la-inauguracio-del-centre-bit-deivissa\/","title":{"rendered":"El PSOE denuncia la falta de respecte institucional del PP en la inauguraci\u00f3 del Centre Bit d\u2019Eivissa"},"content":{"rendered":"<p>La Federaci\u00f3 Socialista d\u2019Eivissa (FSE-PSOE) vol expressar la seua profunda indignaci\u00f3 per la manera absolutament irrespectuosa i partidista amb qu\u00e8 el Partit Popular ha gestionat l\u2019acte d\u2019inauguraci\u00f3 del Centre Bit d\u2019Eivissa, celebrat avui, en el qual s\u2019ha intentat esborrar deliberadament el paper del Govern d\u2019Espanya i dels representants institucionals socialistes.<\/p>\n<p>La situaci\u00f3 ha arribat a un punt ins\u00f2lit quan, en el moment de l\u2019acte institucional, s\u2019ha col\u00b7locat a la directora insular de l\u2019Administraci\u00f3 de l\u2019Estat, representant del Govern de l\u2019Estat, Raquel Guasch, a les darreres files de la sala, a pesar que l\u2019obra ha estat finan\u00e7ada \u00edntegrament amb fons del Factor d\u2019Insularitat aportats pel Govern d\u2019Espanya, amb m\u00e9s d\u20191 mili\u00f3 d\u2019euros.<\/p>\n<p>Durant tota la visita al nou espai, nom\u00e9s la presidenta del Govern balear, Marga Prohens, i el president del Consell, Vicent Mar\u00ed, han rebut explicacions per part de la direcci\u00f3 del centre, mentre la resta de representants institucionals i socials, entre ells sindicats i patronals, eren relegats a un paper de meres comparses. Totes les fotos oficials s\u2019han fet tamb\u00e9 sense convidar la directora insular a participar-hi.<\/p>\n<p>No menys greu ha estat el tracte rebut per part de la diputada al Congr\u00e9s, Milena Herrera, la portaveu socialista al Consell Insular, Elena L\u00f3pez, i altres representants del PSOE, que han hagut de seguir l\u2019acte dretes o assegudes a la darrera fila, mentre que els c\u00e0rrecs del PP ocupaven en bloc les primeres files. Un gest de menyspreu institucional injustificable i vergony\u00f3s.<\/p>\n<p>Una vegada m\u00e9s, el PP ha evidenciat la seua concepci\u00f3 excloent de les institucions, utilitzant un acte institucional per fer-se propaganda i invisibilitzar qualsevol representant que no sigui del seu partit.<\/p>\n<p>No nom\u00e9s s\u2019han saltat el protocol b\u00e0sic que estableix el respecte entre institucions, sin\u00f3 que han pret\u00e8s esborrar el fet que el Centre Bit d\u2019Eivissa \u00e9s una realitat gr\u00e0cies a la inversi\u00f3 del Govern d\u2019Espanya, com ha fet Vicent Mar\u00ed en el seu discurs, afirmant que l\u2019obra ha estat finan\u00e7ada pel Govern balear, obviant totalment que l\u2019origen dels fons \u00e9s el Govern d\u2019Espanya, i quan despr\u00e9s intenta fer veure que aquest no inverteix a l\u2019illa d\u2019Eivissa.<\/p>\n<p>Des del Partit Socialista exigim una disculpa p\u00fablica per part del Govern balear i del Consell Insular, i reclamam tamb\u00e9 que no es tornin a repetir episodis tan lamentables, on es menysprea la representaci\u00f3 institucional del Govern d\u2019Espanya i dels c\u00e0rrecs institucional que no s\u00f3n del Partit Popular, utilitzant actes i espais p\u00fablics per al llu\u00efment partidista del PP.<\/p>\n<p>Lamentablement, el Centre Bit d\u2019Eivissa, una iniciativa impulsada pels anteriors governs progressistes d\u2019Eivissa i Balears, s\u2019est\u00e0 convertint des del primer dia en un instrument al servei del PP, no nom\u00e9s pel lamentable acte d\u2019inauguraci\u00f3 d\u2019avui, sin\u00f3 per haver escollit com a gerent a Daniel Juan, que t\u00e9 com a principal m\u00e8rit ser el president de les Noves Generacions del Partit Popular a Eivissa, en comptes de nomenar com a responsable a una personalitat independent, amb \u00e0mplia experi\u00e8ncia i de refer\u00e8ncia en l\u2019\u00e0mbit de les noves tecnologies.<\/p>\n","protected":false},"excerpt":{"rendered":"<p>La Federaci\u00f3 Socialista d\u2019Eivissa (FSE-PSOE) vol expressar la seua profunda indignaci\u00f3 per la manera absolutament irrespectuosa i partidista amb qu\u00e8 el Partit Popular ha gestionat l\u2019acte d\u2019inauguraci\u00f3 del Centre Bit d\u2019Eivissa, celebrat avui, en el qual s\u2019ha intentat esborrar deliberadament el paper del Govern d\u2019Espanya i dels representants institucionals socialistes. La situaci\u00f3 ha arribat a&hellip;<\/p>\n","protected":false},"author":1,"featured_media":40596,"comment_status":"closed","ping_status":"closed","sticky":false,"template":"","format":"standard","meta":{"footnotes":""},"categories":[192,1,212,190,191],"tags":[],"class_list":["post-40594","post","type-post","status-publish","format-standard","has-post-thumbnail","hentry","category-consell-deivissa","category-federacio-de-eivissa-portada","category-fse-psoe","category-govern-despanya-congres-senat","category-govern-de-les-illes-balears-parlament"],"yoast_head":"<!-- This site is optimized with the Yoast SEO plugin v26.9 - https:\/\/yoast.com\/product\/yoast-seo-wordpress\/ -->\n<title>El PSOE denuncia la falta de respecte institucional del PP en la inauguraci\u00f3 del Centre Bit d\u2019Eivissa - Federaci\u00f3 Socialista d&#039;Eivissa<\/title>\n<meta name=\"robots\" content=\"index, follow, max-snippet:-1, max-image-preview:large, max-video-preview:-1\" \/>\n<link rel=\"canonical\" href=\"https:\/\/www.psib-psoe.org\/eivissa\/el-psoe-denuncia-la-falta-de-respecte-institucional-del-pp-en-la-inauguracio-del-centre-bit-deivissa\/\" \/>\n<meta property=\"og:locale\" content=\"ca_ES\" \/>\n<meta property=\"og:type\" content=\"article\" \/>\n<meta property=\"og:title\" content=\"El PSOE denuncia la falta de respecte institucional del PP en la inauguraci\u00f3 del Centre Bit d\u2019Eivissa - Federaci\u00f3 Socialista d&#039;Eivissa\" \/>\n<meta property=\"og:description\" content=\"La Federaci\u00f3 Socialista d\u2019Eivissa (FSE-PSOE) vol expressar la seua profunda indignaci\u00f3 per la manera absolutament irrespectuosa i partidista amb qu\u00e8 el Partit Popular ha gestionat l\u2019acte d\u2019inauguraci\u00f3 del Centre Bit d\u2019Eivissa, celebrat avui, en el qual s\u2019ha intentat esborrar deliberadament el paper del Govern d\u2019Espanya i dels representants institucionals socialistes. La situaci\u00f3 ha arribat a&hellip;\" \/>\n<meta property=\"og:url\" content=\"https:\/\/www.psib-psoe.org\/eivissa\/el-psoe-denuncia-la-falta-de-respecte-institucional-del-pp-en-la-inauguracio-del-centre-bit-deivissa\/\" \/>\n<meta property=\"og:site_name\" content=\"Federaci\u00f3 Socialista d&#039;Eivissa\" \/>\n<meta property=\"article:published_time\" content=\"2025-04-07T11:47:51+00:00\" \/>\n<meta property=\"og:image\" content=\"https:\/\/www.psib-psoe.org\/eivissa\/wp-content\/uploads\/centre-bit-eivissa2.jpg\" \/>\n\t<meta property=\"og:image:width\" content=\"1599\" \/>\n\t<meta property=\"og:image:height\" content=\"899\" \/>\n\t<meta property=\"og:image:type\" content=\"image\/jpeg\" \/>\n<meta name=\"author\" content=\"adminpsib\" \/>\n<meta name=\"twitter:card\" content=\"summary_large_image\" \/>\n<meta name=\"twitter:label1\" content=\"Escrit per\" \/>\n\t<meta name=\"twitter:data1\" content=\"adminpsib\" \/>\n\t<meta name=\"twitter:label2\" content=\"Temps estimat de lectura\" \/>\n\t<meta name=\"twitter:data2\" content=\"3 minuts\" \/>\n<script type=\"application\/ld+json\" class=\"yoast-schema-graph\">{\"@context\":\"https:\/\/schema.org\",\"@graph\":[{\"@type\":[\"Article\",\"BlogPosting\"],\"@id\":\"https:\/\/www.psib-psoe.org\/eivissa\/el-psoe-denuncia-la-falta-de-respecte-institucional-del-pp-en-la-inauguracio-del-centre-bit-deivissa\/#article\",\"isPartOf\":{\"@id\":\"https:\/\/www.psib-psoe.org\/eivissa\/el-psoe-denuncia-la-falta-de-respecte-institucional-del-pp-en-la-inauguracio-del-centre-bit-deivissa\/\"},\"author\":{\"name\":\"adminpsib\",\"@id\":\"https:\/\/www.psib-psoe.org\/eivissa\/#\/schema\/person\/099ab3ef73a3645a1d7f303518e6ce24\"},\"headline\":\"El PSOE denuncia la falta de respecte institucional del PP en la inauguraci\u00f3 del Centre Bit d\u2019Eivissa\",\"datePublished\":\"2025-04-07T11:47:51+00:00\",\"mainEntityOfPage\":{\"@id\":\"https:\/\/www.psib-psoe.org\/eivissa\/el-psoe-denuncia-la-falta-de-respecte-institucional-del-pp-en-la-inauguracio-del-centre-bit-deivissa\/\"},\"wordCount\":568,\"publisher\":{\"@id\":\"https:\/\/www.psib-psoe.org\/eivissa\/#organization\"},\"image\":{\"@id\":\"https:\/\/www.psib-psoe.org\/eivissa\/el-psoe-denuncia-la-falta-de-respecte-institucional-del-pp-en-la-inauguracio-del-centre-bit-deivissa\/#primaryimage\"},\"thumbnailUrl\":\"https:\/\/www.psib-psoe.org\/eivissa\/wp-content\/uploads\/centre-bit-eivissa2.jpg\",\"articleSection\":[\"Consell d'Eivissa\",\"Federaci\u00f3 d'Eivissa - Portada\",\"FSE-PSOE\",\"Govern d'Espanya - Congr\u00e9s - Senat - PSOE Federal\",\"Govern de les Illes Balears - Parlament - PSIB-PSOE\"],\"inLanguage\":\"ca\"},{\"@type\":\"WebPage\",\"@id\":\"https:\/\/www.psib-psoe.org\/eivissa\/el-psoe-denuncia-la-falta-de-respecte-institucional-del-pp-en-la-inauguracio-del-centre-bit-deivissa\/\",\"url\":\"https:\/\/www.psib-psoe.org\/eivissa\/el-psoe-denuncia-la-falta-de-respecte-institucional-del-pp-en-la-inauguracio-del-centre-bit-deivissa\/\",\"name\":\"El PSOE denuncia la falta de respecte institucional del PP en la inauguraci\u00f3 del Centre Bit d\u2019Eivissa - Federaci\u00f3 Socialista d&#039;Eivissa\",\"isPartOf\":{\"@id\":\"https:\/\/www.psib-psoe.org\/eivissa\/#website\"},\"primaryImageOfPage\":{\"@id\":\"https:\/\/www.psib-psoe.org\/eivissa\/el-psoe-denuncia-la-falta-de-respecte-institucional-del-pp-en-la-inauguracio-del-centre-bit-deivissa\/#primaryimage\"},\"image\":{\"@id\":\"https:\/\/www.psib-psoe.org\/eivissa\/el-psoe-denuncia-la-falta-de-respecte-institucional-del-pp-en-la-inauguracio-del-centre-bit-deivissa\/#primaryimage\"},\"thumbnailUrl\":\"https:\/\/www.psib-psoe.org\/eivissa\/wp-content\/uploads\/centre-bit-eivissa2.jpg\",\"datePublished\":\"2025-04-07T11:47:51+00:00\",\"breadcrumb\":{\"@id\":\"https:\/\/www.psib-psoe.org\/eivissa\/el-psoe-denuncia-la-falta-de-respecte-institucional-del-pp-en-la-inauguracio-del-centre-bit-deivissa\/#breadcrumb\"},\"inLanguage\":\"ca\",\"potentialAction\":[{\"@type\":\"ReadAction\",\"target\":[\"https:\/\/www.psib-psoe.org\/eivissa\/el-psoe-denuncia-la-falta-de-respecte-institucional-del-pp-en-la-inauguracio-del-centre-bit-deivissa\/\"]}]},{\"@type\":\"ImageObject\",\"inLanguage\":\"ca\",\"@id\":\"https:\/\/www.psib-psoe.org\/eivissa\/el-psoe-denuncia-la-falta-de-respecte-institucional-del-pp-en-la-inauguracio-del-centre-bit-deivissa\/#primaryimage\",\"url\":\"https:\/\/www.psib-psoe.org\/eivissa\/wp-content\/uploads\/centre-bit-eivissa2.jpg\",\"contentUrl\":\"https:\/\/www.psib-psoe.org\/eivissa\/wp-content\/uploads\/centre-bit-eivissa2.jpg\",\"width\":1599,\"height\":899},{\"@type\":\"BreadcrumbList\",\"@id\":\"https:\/\/www.psib-psoe.org\/eivissa\/el-psoe-denuncia-la-falta-de-respecte-institucional-del-pp-en-la-inauguracio-del-centre-bit-deivissa\/#breadcrumb\",\"itemListElement\":[{\"@type\":\"ListItem\",\"position\":1,\"name\":\"Inici\",\"item\":\"https:\/\/www.psib-psoe.org\/eivissa\/\"},{\"@type\":\"ListItem\",\"position\":2,\"name\":\"El PSOE denuncia la falta de respecte institucional del PP en la inauguraci\u00f3 del Centre Bit d\u2019Eivissa\"}]},{\"@type\":\"WebSite\",\"@id\":\"https:\/\/www.psib-psoe.org\/eivissa\/#website\",\"url\":\"https:\/\/www.psib-psoe.org\/eivissa\/\",\"name\":\"Federaci\u00f3 Socialista d'Eivissa\",\"description\":\"Socialistes d&#039;Eivissa\",\"publisher\":{\"@id\":\"https:\/\/www.psib-psoe.org\/eivissa\/#organization\"},\"potentialAction\":[{\"@type\":\"SearchAction\",\"target\":{\"@type\":\"EntryPoint\",\"urlTemplate\":\"https:\/\/www.psib-psoe.org\/eivissa\/?s={search_term_string}\"},\"query-input\":{\"@type\":\"PropertyValueSpecification\",\"valueRequired\":true,\"valueName\":\"search_term_string\"}}],\"inLanguage\":\"ca\"},{\"@type\":\"Organization\",\"@id\":\"https:\/\/www.psib-psoe.org\/eivissa\/#organization\",\"name\":\"Federaci\u00f3 Socialista d'Eivissa\",\"url\":\"https:\/\/www.psib-psoe.org\/eivissa\/\",\"logo\":{\"@type\":\"ImageObject\",\"inLanguage\":\"ca\",\"@id\":\"https:\/\/www.psib-psoe.org\/eivissa\/#\/schema\/logo\/image\/\",\"url\":\"https:\/\/www.psib-psoe.org\/eivissa\/wp-content\/uploads\/LOGO-FSE-SOCIALISTA-DEIVISSA-HORI.png\",\"contentUrl\":\"https:\/\/www.psib-psoe.org\/eivissa\/wp-content\/uploads\/LOGO-FSE-SOCIALISTA-DEIVISSA-HORI.png\",\"width\":6000,\"height\":3104,\"caption\":\"Federaci\u00f3 Socialista d'Eivissa\"},\"image\":{\"@id\":\"https:\/\/www.psib-psoe.org\/eivissa\/#\/schema\/logo\/image\/\"}},{\"@type\":\"Person\",\"@id\":\"https:\/\/www.psib-psoe.org\/eivissa\/#\/schema\/person\/099ab3ef73a3645a1d7f303518e6ce24\",\"name\":\"adminpsib\",\"url\":\"https:\/\/www.psib-psoe.org\/eivissa\/author\/adminpsib\/\"}]}<\/script>\n<!-- \/ Yoast SEO plugin. -->","yoast_head_json":{"title":"El PSOE denuncia la falta de respecte institucional del PP en la inauguraci\u00f3 del Centre Bit d\u2019Eivissa - Federaci\u00f3 Socialista d&#039;Eivissa","robots":{"index":"index","follow":"follow","max-snippet":"max-snippet:-1","max-image-preview":"max-image-preview:large","max-video-preview":"max-video-preview:-1"},"canonical":"https:\/\/www.psib-psoe.org\/eivissa\/el-psoe-denuncia-la-falta-de-respecte-institucional-del-pp-en-la-inauguracio-del-centre-bit-deivissa\/","og_locale":"ca_ES","og_type":"article","og_title":"El PSOE denuncia la falta de respecte institucional del PP en la inauguraci\u00f3 del Centre Bit d\u2019Eivissa - Federaci\u00f3 Socialista d&#039;Eivissa","og_description":"La Federaci\u00f3 Socialista d\u2019Eivissa (FSE-PSOE) vol expressar la seua profunda indignaci\u00f3 per la manera absolutament irrespectuosa i partidista amb qu\u00e8 el Partit Popular ha gestionat l\u2019acte d\u2019inauguraci\u00f3 del Centre Bit d\u2019Eivissa, celebrat avui, en el qual s\u2019ha intentat esborrar deliberadament el paper del Govern d\u2019Espanya i dels representants institucionals socialistes. La situaci\u00f3 ha arribat a&hellip;","og_url":"https:\/\/www.psib-psoe.org\/eivissa\/el-psoe-denuncia-la-falta-de-respecte-institucional-del-pp-en-la-inauguracio-del-centre-bit-deivissa\/","og_site_name":"Federaci\u00f3 Socialista d&#039;Eivissa","article_published_time":"2025-04-07T11:47:51+00:00","og_image":[{"width":1599,"height":899,"url":"https:\/\/www.psib-psoe.org\/eivissa\/wp-content\/uploads\/centre-bit-eivissa2.jpg","type":"image\/jpeg"}],"author":"adminpsib","twitter_card":"summary_large_image","twitter_misc":{"Escrit per":"adminpsib","Temps estimat de lectura":"3 minuts"},"schema":{"@context":"https:\/\/schema.org","@graph":[{"@type":["Article","BlogPosting"],"@id":"https:\/\/www.psib-psoe.org\/eivissa\/el-psoe-denuncia-la-falta-de-respecte-institucional-del-pp-en-la-inauguracio-del-centre-bit-deivissa\/#article","isPartOf":{"@id":"https:\/\/www.psib-psoe.org\/eivissa\/el-psoe-denuncia-la-falta-de-respecte-institucional-del-pp-en-la-inauguracio-del-centre-bit-deivissa\/"},"author":{"name":"adminpsib","@id":"https:\/\/www.psib-psoe.org\/eivissa\/#\/schema\/person\/099ab3ef73a3645a1d7f303518e6ce24"},"headline":"El PSOE denuncia la falta de respecte institucional del PP en la inauguraci\u00f3 del Centre Bit d\u2019Eivissa","datePublished":"2025-04-07T11:47:51+00:00","mainEntityOfPage":{"@id":"https:\/\/www.psib-psoe.org\/eivissa\/el-psoe-denuncia-la-falta-de-respecte-institucional-del-pp-en-la-inauguracio-del-centre-bit-deivissa\/"},"wordCount":568,"publisher":{"@id":"https:\/\/www.psib-psoe.org\/eivissa\/#organization"},"image":{"@id":"https:\/\/www.psib-psoe.org\/eivissa\/el-psoe-denuncia-la-falta-de-respecte-institucional-del-pp-en-la-inauguracio-del-centre-bit-deivissa\/#primaryimage"},"thumbnailUrl":"https:\/\/www.psib-psoe.org\/eivissa\/wp-content\/uploads\/centre-bit-eivissa2.jpg","articleSection":["Consell d'Eivissa","Federaci\u00f3 d'Eivissa - Portada","FSE-PSOE","Govern d'Espanya - Congr\u00e9s - Senat - PSOE Federal","Govern de les Illes Balears - Parlament - PSIB-PSOE"],"inLanguage":"ca"},{"@type":"WebPage","@id":"https:\/\/www.psib-psoe.org\/eivissa\/el-psoe-denuncia-la-falta-de-respecte-institucional-del-pp-en-la-inauguracio-del-centre-bit-deivissa\/","url":"https:\/\/www.psib-psoe.org\/eivissa\/el-psoe-denuncia-la-falta-de-respecte-institucional-del-pp-en-la-inauguracio-del-centre-bit-deivissa\/","name":"El PSOE denuncia la falta de respecte institucional del PP en la inauguraci\u00f3 del Centre Bit d\u2019Eivissa - Federaci\u00f3 Socialista d&#039;Eivissa","isPartOf":{"@id":"https:\/\/www.psib-psoe.org\/eivissa\/#website"},"primaryImageOfPage":{"@id":"https:\/\/www.psib-psoe.org\/eivissa\/el-psoe-denuncia-la-falta-de-respecte-institucional-del-pp-en-la-inauguracio-del-centre-bit-deivissa\/#primaryimage"},"image":{"@id":"https:\/\/www.psib-psoe.org\/eivissa\/el-psoe-denuncia-la-falta-de-respecte-institucional-del-pp-en-la-inauguracio-del-centre-bit-deivissa\/#primaryimage"},"thumbnailUrl":"https:\/\/www.psib-psoe.org\/eivissa\/wp-content\/uploads\/centre-bit-eivissa2.jpg","datePublished":"2025-04-07T11:47:51+00:00","breadcrumb":{"@id":"https:\/\/www.psib-psoe.org\/eivissa\/el-psoe-denuncia-la-falta-de-respecte-institucional-del-pp-en-la-inauguracio-del-centre-bit-deivissa\/#breadcrumb"},"inLanguage":"ca","potentialAction":[{"@type":"ReadAction","target":["https:\/\/www.psib-psoe.org\/eivissa\/el-psoe-denuncia-la-falta-de-respecte-institucional-del-pp-en-la-inauguracio-del-centre-bit-deivissa\/"]}]},{"@type":"ImageObject","inLanguage":"ca","@id":"https:\/\/www.psib-psoe.org\/eivissa\/el-psoe-denuncia-la-falta-de-respecte-institucional-del-pp-en-la-inauguracio-del-centre-bit-deivissa\/#primaryimage","url":"https:\/\/www.psib-psoe.org\/eivissa\/wp-content\/uploads\/centre-bit-eivissa2.jpg","contentUrl":"https:\/\/www.psib-psoe.org\/eivissa\/wp-content\/uploads\/centre-bit-eivissa2.jpg","width":1599,"height":899},{"@type":"BreadcrumbList","@id":"https:\/\/www.psib-psoe.org\/eivissa\/el-psoe-denuncia-la-falta-de-respecte-institucional-del-pp-en-la-inauguracio-del-centre-bit-deivissa\/#breadcrumb","itemListElement":[{"@type":"ListItem","position":1,"name":"Inici","item":"https:\/\/www.psib-psoe.org\/eivissa\/"},{"@type":"ListItem","position":2,"name":"El PSOE denuncia la falta de respecte institucional del PP en la inauguraci\u00f3 del Centre Bit d\u2019Eivissa"}]},{"@type":"WebSite","@id":"https:\/\/www.psib-psoe.org\/eivissa\/#website","url":"https:\/\/www.psib-psoe.org\/eivissa\/","name":"Federaci\u00f3 Socialista d'Eivissa","description":"Socialistes d&#039;Eivissa","publisher":{"@id":"https:\/\/www.psib-psoe.org\/eivissa\/#organization"},"potentialAction":[{"@type":"SearchAction","target":{"@type":"EntryPoint","urlTemplate":"https:\/\/www.psib-psoe.org\/eivissa\/?s={search_term_string}"},"query-input":{"@type":"PropertyValueSpecification","valueRequired":true,"valueName":"search_term_string"}}],"inLanguage":"ca"},{"@type":"Organization","@id":"https:\/\/www.psib-psoe.org\/eivissa\/#organization","name":"Federaci\u00f3 Socialista d'Eivissa","url":"https:\/\/www.psib-psoe.org\/eivissa\/","logo":{"@type":"ImageObject","inLanguage":"ca","@id":"https:\/\/www.psib-psoe.org\/eivissa\/#\/schema\/logo\/image\/","url":"https:\/\/www.psib-psoe.org\/eivissa\/wp-content\/uploads\/LOGO-FSE-SOCIALISTA-DEIVISSA-HORI.png","contentUrl":"https:\/\/www.psib-psoe.org\/eivissa\/wp-content\/uploads\/LOGO-FSE-SOCIALISTA-DEIVISSA-HORI.png","width":6000,"height":3104,"caption":"Federaci\u00f3 Socialista d'Eivissa"},"image":{"@id":"https:\/\/www.psib-psoe.org\/eivissa\/#\/schema\/logo\/image\/"}},{"@type":"Person","@id":"https:\/\/www.psib-psoe.org\/eivissa\/#\/schema\/person\/099ab3ef73a3645a1d7f303518e6ce24","name":"adminpsib","url":"https:\/\/www.psib-psoe.org\/eivissa\/author\/adminpsib\/"}]}},"_links":{"self":[{"href":"https:\/\/www.psib-psoe.org\/eivissa\/wp-json\/wp\/v2\/posts\/40594","targetHints":{"allow":["GET"]}}],"collection":[{"href":"https:\/\/www.psib-psoe.org\/eivissa\/wp-json\/wp\/v2\/posts"}],"about":[{"href":"https:\/\/www.psib-psoe.org\/eivissa\/wp-json\/wp\/v2\/types\/post"}],"author":[{"embeddable":true,"href":"https:\/\/www.psib-psoe.org\/eivissa\/wp-json\/wp\/v2\/users\/1"}],"replies":[{"embeddable":true,"href":"https:\/\/www.psib-psoe.org\/eivissa\/wp-json\/wp\/v2\/comments?post=40594"}],"version-history":[{"count":1,"href":"https:\/\/www.psib-psoe.org\/eivissa\/wp-json\/wp\/v2\/posts\/40594\/revisions"}],"predecessor-version":[{"id":40597,"href":"https:\/\/www.psib-psoe.org\/eivissa\/wp-json\/wp\/v2\/posts\/40594\/revisions\/40597"}],"wp:featuredmedia":[{"embeddable":true,"href":"https:\/\/www.psib-psoe.org\/eivissa\/wp-json\/wp\/v2\/media\/40596"}],"wp:attachment":[{"href":"https:\/\/www.psib-psoe.org\/eivissa\/wp-json\/wp\/v2\/media?parent=40594"}],"wp:term":[{"taxonomy":"category","embeddable":true,"href":"https:\/\/www.psib-psoe.org\/eivissa\/wp-json\/wp\/v2\/categories?post=40594"},{"taxonomy":"post_tag","embeddable":true,"href":"https:\/\/www.psib-psoe.org\/eivissa\/wp-json\/wp\/v2\/tags?post=40594"}],"curies":[{"name":"wp","href":"https:\/\/api.w.org\/{rel}","templated":true}]}}