{"id":40602,"date":"2025-04-08T17:18:08","date_gmt":"2025-04-08T15:18:08","guid":{"rendered":"https:\/\/www.psib-psoe.org\/eivissa\/?p=40602"},"modified":"2025-04-08T17:18:08","modified_gmt":"2025-04-08T15:18:08","slug":"milena-herrera-defensa-laportacio-de-319-milions-deuros-per-part-del-govern-despanya-per-garantir-el-descompte-de-resident-en-vols-amb-la-peninsula","status":"publish","type":"post","link":"https:\/\/www.psib-psoe.org\/eivissa\/milena-herrera-defensa-laportacio-de-319-milions-deuros-per-part-del-govern-despanya-per-garantir-el-descompte-de-resident-en-vols-amb-la-peninsula\/","title":{"rendered":"Milena Herrera defensa l\u2019aportaci\u00f3 de 319 milions d\u2019euros per part del Govern d\u2019Espanya per garantir el descompte de resident en vols amb la pen\u00ednsula"},"content":{"rendered":"\n<p>La Comissi\u00f3 de Transports del Congr\u00e9s dels Diputats ha aprovat avui una esmena del PSOE per incorporar a la nova Llei de Navegaci\u00f3 i Seguretat A\u00e8ria una disposici\u00f3 que permetr\u00e0 posar al dia els pagaments pendents a les companyies a\u00e8ries pel descompte de resident. Aix\u00ed, el Govern de l\u2019Estat aportar\u00e0 319 milions d\u2019euros destinats a sufragar la subvenci\u00f3 del 75% del preu dels bitllets que reben els residents a les Illes Balears per volar a la pen\u00ednsula.<\/p>\n\n\n\n<p>La diputada eivissenca del PSOE i ponent de la llei, Milena Herrera, ha defensat que \u201cel Govern d\u2019Espanya compleix els seus compromisos amb Balears\u201d, i ha remarcat que aquesta mesura permetr\u00e0 normalitzar els pagaments a les companyies a\u00e8ries i, amb aix\u00f2, \u201cgarantir el dret a la mobilitat dels residents balears\u201d.<\/p>\n\n\n\n<p>Durant la seva intervenci\u00f3 a la Comissi\u00f3, Herrera ha lamentat \u201cl\u2019alarma innecess\u00e0ria i exagerada que alguns representants pol\u00edtics han volgut sembrar\u201d i ha criticat \u201cla incoher\u00e8ncia del Partit Popular, que fa poc va votar en contra d\u2019una llei adduint alteracions pressupost\u00e0ries i avui presenta propostes inflades i sense rigor\u201d.<\/p>\n\n\n\n<p>La diputada socialista ha destacat que aquesta reforma legal \u201cno nom\u00e9s dona resposta a una demanda dels territoris insulars, sin\u00f3 que tamb\u00e9 actualitza i simplifica el marc normatiu del sector aeri, estrat\u00e8gic per a l\u2019economia i el turisme del nostre pa\u00eds\u201d.<\/p>\n\n\n\n<p>\u201cAvui feim un pas endavant per garantir la seguretat, l\u2019efici\u00e8ncia i la just\u00edcia en la navegaci\u00f3 a\u00e8ria, i per protegir els drets de les persones que vivim en territoris insulars\u201d, ha exposat Herrera.<\/p>\n\n\n\n<p>La Comissi\u00f3 de Transports ha enllestit el projecte de nova Llei de Navegaci\u00f3 i Seguretat A\u00e8ria, que inclou modificacions de gran abast que responen als reptes actuals del sector aeron\u00e0utic, especialment en relaci\u00f3 amb la innovaci\u00f3 tecnol\u00f2gica i les exig\u00e8ncies europees. Milena Herrera ha destacat que es tracta d\u2019una reforma \u201cnecess\u00e0ria per adaptar dues lleis que dataven del 1960 i del 2003 a la realitat del segle XXI\u201d.<\/p>\n\n\n\n<p>Una aportaci\u00f3 rellevant \u00e9s la creaci\u00f3 d\u2019una Comissi\u00f3 Mixta Mediambiental \u00fanica per cada aeroport de l\u2019Estat, que substitueix els m\u00faltiples \u00f2rgans existents actualment. Aquesta unificaci\u00f3, segons Herrera, permetr\u00e0 \u201cuna simplificaci\u00f3 administrativa i una millor coordinaci\u00f3 entre l\u2019Estat, les comunitats aut\u00f2nomes i les entitats locals\u201d.<\/p>\n\n\n\n<p>Entre les novetats m\u00e9s destacades, la llei contempla la regulaci\u00f3 i integraci\u00f3 del r\u00e8gim aplicable als drons, reconeixent com a personal aeron\u00e0utic els operadors d\u2019aeronaus no tripulades i equiparant-los en drets i obligacions amb el personal de vol i de terra. Tamb\u00e9 s\u2019hi incorporen mesures per agilitzar les autoritzacions en casos d\u2019aviaci\u00f3 general, esportiva, vols m\u00e8dics i d\u2019emerg\u00e8ncia.<\/p>\n\n\n\n<p>Tamb\u00e9 s\u2019introdueix una millor integraci\u00f3 entre els plans directors i les servituds aeron\u00e0utiques, per tal de garantir una planificaci\u00f3 coherent amb les necessitats reals del sector i evitar conflictes amb l\u2019ordenaci\u00f3 territorial i urban\u00edstica.<\/p>\n\n\n\n<p>La diputada eivissenca ha concl\u00f2s que aquesta llei suposa \u201cuna passa endavant per garantir un sector aeri m\u00e9s segur, eficient i just, i per protegir els drets dels territoris insulars en mat\u00e8ria de mobilitat\u201d.<\/p>\n\n\n\n<p>\u201cEl transport aeri \u00e9s estrat\u00e8gic per al nostre pa\u00eds i essencial per a la cohesi\u00f3 territorial. Amb aquesta llei donam resposta a necessitats urgents i ens preparem per afrontar amb garanties els reptes del futur\u201d, ha concl\u00f2s la diputada&nbsp;eivissenca.<\/p>\n","protected":false},"excerpt":{"rendered":"<p>La Comissi\u00f3 de Transports del Congr\u00e9s dels Diputats ha aprovat avui una esmena del PSOE per incorporar a la nova Llei de Navegaci\u00f3 i Seguretat A\u00e8ria una disposici\u00f3 que permetr\u00e0 posar al dia els pagaments pendents a les companyies a\u00e8ries pel descompte de resident. Aix\u00ed, el Govern de l\u2019Estat aportar\u00e0 319 milions d\u2019euros destinats a&hellip;<\/p>\n","protected":false},"author":1,"featured_media":40601,"comment_status":"closed","ping_status":"closed","sticky":false,"template":"","format":"standard","meta":{"footnotes":""},"categories":[1,190],"tags":[],"class_list":["post-40602","post","type-post","status-publish","format-standard","has-post-thumbnail","hentry","category-federacio-de-eivissa-portada","category-govern-despanya-congres-senat"],"yoast_head":"<!-- This site is optimized with the Yoast SEO plugin v26.9 - https:\/\/yoast.com\/product\/yoast-seo-wordpress\/ -->\n<title>Milena Herrera defensa l\u2019aportaci\u00f3 de 319 milions d\u2019euros per part del Govern d\u2019Espanya per garantir el descompte de resident en vols amb la pen\u00ednsula - Federaci\u00f3 Socialista d&#039;Eivissa<\/title>\n<meta name=\"robots\" content=\"index, follow, max-snippet:-1, max-image-preview:large, max-video-preview:-1\" \/>\n<link rel=\"canonical\" href=\"https:\/\/www.psib-psoe.org\/eivissa\/milena-herrera-defensa-laportacio-de-319-milions-deuros-per-part-del-govern-despanya-per-garantir-el-descompte-de-resident-en-vols-amb-la-peninsula\/\" \/>\n<meta property=\"og:locale\" content=\"ca_ES\" \/>\n<meta property=\"og:type\" content=\"article\" \/>\n<meta property=\"og:title\" content=\"Milena Herrera defensa l\u2019aportaci\u00f3 de 319 milions d\u2019euros per part del Govern d\u2019Espanya per garantir el descompte de resident en vols amb la pen\u00ednsula - Federaci\u00f3 Socialista d&#039;Eivissa\" \/>\n<meta property=\"og:description\" content=\"La Comissi\u00f3 de Transports del Congr\u00e9s dels Diputats ha aprovat avui una esmena del PSOE per incorporar a la nova Llei de Navegaci\u00f3 i Seguretat A\u00e8ria una disposici\u00f3 que permetr\u00e0 posar al dia els pagaments pendents a les companyies a\u00e8ries pel descompte de resident. Aix\u00ed, el Govern de l\u2019Estat aportar\u00e0 319 milions d\u2019euros destinats a&hellip;\" \/>\n<meta property=\"og:url\" content=\"https:\/\/www.psib-psoe.org\/eivissa\/milena-herrera-defensa-laportacio-de-319-milions-deuros-per-part-del-govern-despanya-per-garantir-el-descompte-de-resident-en-vols-amb-la-peninsula\/\" \/>\n<meta property=\"og:site_name\" content=\"Federaci\u00f3 Socialista d&#039;Eivissa\" \/>\n<meta property=\"article:published_time\" content=\"2025-04-08T15:18:08+00:00\" \/>\n<meta property=\"og:image\" content=\"https:\/\/www.psib-psoe.org\/eivissa\/wp-content\/uploads\/milena-herrera-1.jpg\" \/>\n\t<meta property=\"og:image:width\" content=\"799\" \/>\n\t<meta property=\"og:image:height\" content=\"533\" \/>\n\t<meta property=\"og:image:type\" content=\"image\/jpeg\" \/>\n<meta name=\"author\" content=\"adminpsib\" \/>\n<meta name=\"twitter:card\" content=\"summary_large_image\" \/>\n<meta name=\"twitter:label1\" content=\"Escrit per\" \/>\n\t<meta name=\"twitter:data1\" content=\"adminpsib\" \/>\n\t<meta name=\"twitter:label2\" content=\"Temps estimat de lectura\" \/>\n\t<meta name=\"twitter:data2\" content=\"3 minuts\" \/>\n<script type=\"application\/ld+json\" class=\"yoast-schema-graph\">{\"@context\":\"https:\/\/schema.org\",\"@graph\":[{\"@type\":[\"Article\",\"BlogPosting\"],\"@id\":\"https:\/\/www.psib-psoe.org\/eivissa\/milena-herrera-defensa-laportacio-de-319-milions-deuros-per-part-del-govern-despanya-per-garantir-el-descompte-de-resident-en-vols-amb-la-peninsula\/#article\",\"isPartOf\":{\"@id\":\"https:\/\/www.psib-psoe.org\/eivissa\/milena-herrera-defensa-laportacio-de-319-milions-deuros-per-part-del-govern-despanya-per-garantir-el-descompte-de-resident-en-vols-amb-la-peninsula\/\"},\"author\":{\"name\":\"adminpsib\",\"@id\":\"https:\/\/www.psib-psoe.org\/eivissa\/#\/schema\/person\/099ab3ef73a3645a1d7f303518e6ce24\"},\"headline\":\"Milena Herrera defensa l\u2019aportaci\u00f3 de 319 milions d\u2019euros per part del Govern d\u2019Espanya per garantir el descompte de resident en vols amb la pen\u00ednsula\",\"datePublished\":\"2025-04-08T15:18:08+00:00\",\"mainEntityOfPage\":{\"@id\":\"https:\/\/www.psib-psoe.org\/eivissa\/milena-herrera-defensa-laportacio-de-319-milions-deuros-per-part-del-govern-despanya-per-garantir-el-descompte-de-resident-en-vols-amb-la-peninsula\/\"},\"wordCount\":604,\"publisher\":{\"@id\":\"https:\/\/www.psib-psoe.org\/eivissa\/#organization\"},\"image\":{\"@id\":\"https:\/\/www.psib-psoe.org\/eivissa\/milena-herrera-defensa-laportacio-de-319-milions-deuros-per-part-del-govern-despanya-per-garantir-el-descompte-de-resident-en-vols-amb-la-peninsula\/#primaryimage\"},\"thumbnailUrl\":\"https:\/\/www.psib-psoe.org\/eivissa\/wp-content\/uploads\/milena-herrera-1.jpg\",\"articleSection\":[\"Federaci\u00f3 d'Eivissa - Portada\",\"Govern d'Espanya - Congr\u00e9s - Senat - PSOE Federal\"],\"inLanguage\":\"ca\"},{\"@type\":\"WebPage\",\"@id\":\"https:\/\/www.psib-psoe.org\/eivissa\/milena-herrera-defensa-laportacio-de-319-milions-deuros-per-part-del-govern-despanya-per-garantir-el-descompte-de-resident-en-vols-amb-la-peninsula\/\",\"url\":\"https:\/\/www.psib-psoe.org\/eivissa\/milena-herrera-defensa-laportacio-de-319-milions-deuros-per-part-del-govern-despanya-per-garantir-el-descompte-de-resident-en-vols-amb-la-peninsula\/\",\"name\":\"Milena Herrera defensa l\u2019aportaci\u00f3 de 319 milions d\u2019euros per part del Govern d\u2019Espanya per garantir el descompte de resident en vols amb la pen\u00ednsula - Federaci\u00f3 Socialista d&#039;Eivissa\",\"isPartOf\":{\"@id\":\"https:\/\/www.psib-psoe.org\/eivissa\/#website\"},\"primaryImageOfPage\":{\"@id\":\"https:\/\/www.psib-psoe.org\/eivissa\/milena-herrera-defensa-laportacio-de-319-milions-deuros-per-part-del-govern-despanya-per-garantir-el-descompte-de-resident-en-vols-amb-la-peninsula\/#primaryimage\"},\"image\":{\"@id\":\"https:\/\/www.psib-psoe.org\/eivissa\/milena-herrera-defensa-laportacio-de-319-milions-deuros-per-part-del-govern-despanya-per-garantir-el-descompte-de-resident-en-vols-amb-la-peninsula\/#primaryimage\"},\"thumbnailUrl\":\"https:\/\/www.psib-psoe.org\/eivissa\/wp-content\/uploads\/milena-herrera-1.jpg\",\"datePublished\":\"2025-04-08T15:18:08+00:00\",\"breadcrumb\":{\"@id\":\"https:\/\/www.psib-psoe.org\/eivissa\/milena-herrera-defensa-laportacio-de-319-milions-deuros-per-part-del-govern-despanya-per-garantir-el-descompte-de-resident-en-vols-amb-la-peninsula\/#breadcrumb\"},\"inLanguage\":\"ca\",\"potentialAction\":[{\"@type\":\"ReadAction\",\"target\":[\"https:\/\/www.psib-psoe.org\/eivissa\/milena-herrera-defensa-laportacio-de-319-milions-deuros-per-part-del-govern-despanya-per-garantir-el-descompte-de-resident-en-vols-amb-la-peninsula\/\"]}]},{\"@type\":\"ImageObject\",\"inLanguage\":\"ca\",\"@id\":\"https:\/\/www.psib-psoe.org\/eivissa\/milena-herrera-defensa-laportacio-de-319-milions-deuros-per-part-del-govern-despanya-per-garantir-el-descompte-de-resident-en-vols-amb-la-peninsula\/#primaryimage\",\"url\":\"https:\/\/www.psib-psoe.org\/eivissa\/wp-content\/uploads\/milena-herrera-1.jpg\",\"contentUrl\":\"https:\/\/www.psib-psoe.org\/eivissa\/wp-content\/uploads\/milena-herrera-1.jpg\",\"width\":799,\"height\":533},{\"@type\":\"BreadcrumbList\",\"@id\":\"https:\/\/www.psib-psoe.org\/eivissa\/milena-herrera-defensa-laportacio-de-319-milions-deuros-per-part-del-govern-despanya-per-garantir-el-descompte-de-resident-en-vols-amb-la-peninsula\/#breadcrumb\",\"itemListElement\":[{\"@type\":\"ListItem\",\"position\":1,\"name\":\"Inici\",\"item\":\"https:\/\/www.psib-psoe.org\/eivissa\/\"},{\"@type\":\"ListItem\",\"position\":2,\"name\":\"Milena Herrera defensa l\u2019aportaci\u00f3 de 319 milions d\u2019euros per part del Govern d\u2019Espanya per garantir el descompte de resident en vols amb la pen\u00ednsula\"}]},{\"@type\":\"WebSite\",\"@id\":\"https:\/\/www.psib-psoe.org\/eivissa\/#website\",\"url\":\"https:\/\/www.psib-psoe.org\/eivissa\/\",\"name\":\"Federaci\u00f3 Socialista d'Eivissa\",\"description\":\"Socialistes d&#039;Eivissa\",\"publisher\":{\"@id\":\"https:\/\/www.psib-psoe.org\/eivissa\/#organization\"},\"potentialAction\":[{\"@type\":\"SearchAction\",\"target\":{\"@type\":\"EntryPoint\",\"urlTemplate\":\"https:\/\/www.psib-psoe.org\/eivissa\/?s={search_term_string}\"},\"query-input\":{\"@type\":\"PropertyValueSpecification\",\"valueRequired\":true,\"valueName\":\"search_term_string\"}}],\"inLanguage\":\"ca\"},{\"@type\":\"Organization\",\"@id\":\"https:\/\/www.psib-psoe.org\/eivissa\/#organization\",\"name\":\"Federaci\u00f3 Socialista d'Eivissa\",\"url\":\"https:\/\/www.psib-psoe.org\/eivissa\/\",\"logo\":{\"@type\":\"ImageObject\",\"inLanguage\":\"ca\",\"@id\":\"https:\/\/www.psib-psoe.org\/eivissa\/#\/schema\/logo\/image\/\",\"url\":\"https:\/\/www.psib-psoe.org\/eivissa\/wp-content\/uploads\/LOGO-FSE-SOCIALISTA-DEIVISSA-HORI.png\",\"contentUrl\":\"https:\/\/www.psib-psoe.org\/eivissa\/wp-content\/uploads\/LOGO-FSE-SOCIALISTA-DEIVISSA-HORI.png\",\"width\":6000,\"height\":3104,\"caption\":\"Federaci\u00f3 Socialista d'Eivissa\"},\"image\":{\"@id\":\"https:\/\/www.psib-psoe.org\/eivissa\/#\/schema\/logo\/image\/\"}},{\"@type\":\"Person\",\"@id\":\"https:\/\/www.psib-psoe.org\/eivissa\/#\/schema\/person\/099ab3ef73a3645a1d7f303518e6ce24\",\"name\":\"adminpsib\",\"url\":\"https:\/\/www.psib-psoe.org\/eivissa\/author\/adminpsib\/\"}]}<\/script>\n<!-- \/ Yoast SEO plugin. -->","yoast_head_json":{"title":"Milena Herrera defensa l\u2019aportaci\u00f3 de 319 milions d\u2019euros per part del Govern d\u2019Espanya per garantir el descompte de resident en vols amb la pen\u00ednsula - Federaci\u00f3 Socialista d&#039;Eivissa","robots":{"index":"index","follow":"follow","max-snippet":"max-snippet:-1","max-image-preview":"max-image-preview:large","max-video-preview":"max-video-preview:-1"},"canonical":"https:\/\/www.psib-psoe.org\/eivissa\/milena-herrera-defensa-laportacio-de-319-milions-deuros-per-part-del-govern-despanya-per-garantir-el-descompte-de-resident-en-vols-amb-la-peninsula\/","og_locale":"ca_ES","og_type":"article","og_title":"Milena Herrera defensa l\u2019aportaci\u00f3 de 319 milions d\u2019euros per part del Govern d\u2019Espanya per garantir el descompte de resident en vols amb la pen\u00ednsula - Federaci\u00f3 Socialista d&#039;Eivissa","og_description":"La Comissi\u00f3 de Transports del Congr\u00e9s dels Diputats ha aprovat avui una esmena del PSOE per incorporar a la nova Llei de Navegaci\u00f3 i Seguretat A\u00e8ria una disposici\u00f3 que permetr\u00e0 posar al dia els pagaments pendents a les companyies a\u00e8ries pel descompte de resident. Aix\u00ed, el Govern de l\u2019Estat aportar\u00e0 319 milions d\u2019euros destinats a&hellip;","og_url":"https:\/\/www.psib-psoe.org\/eivissa\/milena-herrera-defensa-laportacio-de-319-milions-deuros-per-part-del-govern-despanya-per-garantir-el-descompte-de-resident-en-vols-amb-la-peninsula\/","og_site_name":"Federaci\u00f3 Socialista d&#039;Eivissa","article_published_time":"2025-04-08T15:18:08+00:00","og_image":[{"width":799,"height":533,"url":"https:\/\/www.psib-psoe.org\/eivissa\/wp-content\/uploads\/milena-herrera-1.jpg","type":"image\/jpeg"}],"author":"adminpsib","twitter_card":"summary_large_image","twitter_misc":{"Escrit per":"adminpsib","Temps estimat de lectura":"3 minuts"},"schema":{"@context":"https:\/\/schema.org","@graph":[{"@type":["Article","BlogPosting"],"@id":"https:\/\/www.psib-psoe.org\/eivissa\/milena-herrera-defensa-laportacio-de-319-milions-deuros-per-part-del-govern-despanya-per-garantir-el-descompte-de-resident-en-vols-amb-la-peninsula\/#article","isPartOf":{"@id":"https:\/\/www.psib-psoe.org\/eivissa\/milena-herrera-defensa-laportacio-de-319-milions-deuros-per-part-del-govern-despanya-per-garantir-el-descompte-de-resident-en-vols-amb-la-peninsula\/"},"author":{"name":"adminpsib","@id":"https:\/\/www.psib-psoe.org\/eivissa\/#\/schema\/person\/099ab3ef73a3645a1d7f303518e6ce24"},"headline":"Milena Herrera defensa l\u2019aportaci\u00f3 de 319 milions d\u2019euros per part del Govern d\u2019Espanya per garantir el descompte de resident en vols amb la pen\u00ednsula","datePublished":"2025-04-08T15:18:08+00:00","mainEntityOfPage":{"@id":"https:\/\/www.psib-psoe.org\/eivissa\/milena-herrera-defensa-laportacio-de-319-milions-deuros-per-part-del-govern-despanya-per-garantir-el-descompte-de-resident-en-vols-amb-la-peninsula\/"},"wordCount":604,"publisher":{"@id":"https:\/\/www.psib-psoe.org\/eivissa\/#organization"},"image":{"@id":"https:\/\/www.psib-psoe.org\/eivissa\/milena-herrera-defensa-laportacio-de-319-milions-deuros-per-part-del-govern-despanya-per-garantir-el-descompte-de-resident-en-vols-amb-la-peninsula\/#primaryimage"},"thumbnailUrl":"https:\/\/www.psib-psoe.org\/eivissa\/wp-content\/uploads\/milena-herrera-1.jpg","articleSection":["Federaci\u00f3 d'Eivissa - Portada","Govern d'Espanya - Congr\u00e9s - Senat - PSOE Federal"],"inLanguage":"ca"},{"@type":"WebPage","@id":"https:\/\/www.psib-psoe.org\/eivissa\/milena-herrera-defensa-laportacio-de-319-milions-deuros-per-part-del-govern-despanya-per-garantir-el-descompte-de-resident-en-vols-amb-la-peninsula\/","url":"https:\/\/www.psib-psoe.org\/eivissa\/milena-herrera-defensa-laportacio-de-319-milions-deuros-per-part-del-govern-despanya-per-garantir-el-descompte-de-resident-en-vols-amb-la-peninsula\/","name":"Milena Herrera defensa l\u2019aportaci\u00f3 de 319 milions d\u2019euros per part del Govern d\u2019Espanya per garantir el descompte de resident en vols amb la pen\u00ednsula - Federaci\u00f3 Socialista d&#039;Eivissa","isPartOf":{"@id":"https:\/\/www.psib-psoe.org\/eivissa\/#website"},"primaryImageOfPage":{"@id":"https:\/\/www.psib-psoe.org\/eivissa\/milena-herrera-defensa-laportacio-de-319-milions-deuros-per-part-del-govern-despanya-per-garantir-el-descompte-de-resident-en-vols-amb-la-peninsula\/#primaryimage"},"image":{"@id":"https:\/\/www.psib-psoe.org\/eivissa\/milena-herrera-defensa-laportacio-de-319-milions-deuros-per-part-del-govern-despanya-per-garantir-el-descompte-de-resident-en-vols-amb-la-peninsula\/#primaryimage"},"thumbnailUrl":"https:\/\/www.psib-psoe.org\/eivissa\/wp-content\/uploads\/milena-herrera-1.jpg","datePublished":"2025-04-08T15:18:08+00:00","breadcrumb":{"@id":"https:\/\/www.psib-psoe.org\/eivissa\/milena-herrera-defensa-laportacio-de-319-milions-deuros-per-part-del-govern-despanya-per-garantir-el-descompte-de-resident-en-vols-amb-la-peninsula\/#breadcrumb"},"inLanguage":"ca","potentialAction":[{"@type":"ReadAction","target":["https:\/\/www.psib-psoe.org\/eivissa\/milena-herrera-defensa-laportacio-de-319-milions-deuros-per-part-del-govern-despanya-per-garantir-el-descompte-de-resident-en-vols-amb-la-peninsula\/"]}]},{"@type":"ImageObject","inLanguage":"ca","@id":"https:\/\/www.psib-psoe.org\/eivissa\/milena-herrera-defensa-laportacio-de-319-milions-deuros-per-part-del-govern-despanya-per-garantir-el-descompte-de-resident-en-vols-amb-la-peninsula\/#primaryimage","url":"https:\/\/www.psib-psoe.org\/eivissa\/wp-content\/uploads\/milena-herrera-1.jpg","contentUrl":"https:\/\/www.psib-psoe.org\/eivissa\/wp-content\/uploads\/milena-herrera-1.jpg","width":799,"height":533},{"@type":"BreadcrumbList","@id":"https:\/\/www.psib-psoe.org\/eivissa\/milena-herrera-defensa-laportacio-de-319-milions-deuros-per-part-del-govern-despanya-per-garantir-el-descompte-de-resident-en-vols-amb-la-peninsula\/#breadcrumb","itemListElement":[{"@type":"ListItem","position":1,"name":"Inici","item":"https:\/\/www.psib-psoe.org\/eivissa\/"},{"@type":"ListItem","position":2,"name":"Milena Herrera defensa l\u2019aportaci\u00f3 de 319 milions d\u2019euros per part del Govern d\u2019Espanya per garantir el descompte de resident en vols amb la pen\u00ednsula"}]},{"@type":"WebSite","@id":"https:\/\/www.psib-psoe.org\/eivissa\/#website","url":"https:\/\/www.psib-psoe.org\/eivissa\/","name":"Federaci\u00f3 Socialista d'Eivissa","description":"Socialistes d&#039;Eivissa","publisher":{"@id":"https:\/\/www.psib-psoe.org\/eivissa\/#organization"},"potentialAction":[{"@type":"SearchAction","target":{"@type":"EntryPoint","urlTemplate":"https:\/\/www.psib-psoe.org\/eivissa\/?s={search_term_string}"},"query-input":{"@type":"PropertyValueSpecification","valueRequired":true,"valueName":"search_term_string"}}],"inLanguage":"ca"},{"@type":"Organization","@id":"https:\/\/www.psib-psoe.org\/eivissa\/#organization","name":"Federaci\u00f3 Socialista d'Eivissa","url":"https:\/\/www.psib-psoe.org\/eivissa\/","logo":{"@type":"ImageObject","inLanguage":"ca","@id":"https:\/\/www.psib-psoe.org\/eivissa\/#\/schema\/logo\/image\/","url":"https:\/\/www.psib-psoe.org\/eivissa\/wp-content\/uploads\/LOGO-FSE-SOCIALISTA-DEIVISSA-HORI.png","contentUrl":"https:\/\/www.psib-psoe.org\/eivissa\/wp-content\/uploads\/LOGO-FSE-SOCIALISTA-DEIVISSA-HORI.png","width":6000,"height":3104,"caption":"Federaci\u00f3 Socialista d'Eivissa"},"image":{"@id":"https:\/\/www.psib-psoe.org\/eivissa\/#\/schema\/logo\/image\/"}},{"@type":"Person","@id":"https:\/\/www.psib-psoe.org\/eivissa\/#\/schema\/person\/099ab3ef73a3645a1d7f303518e6ce24","name":"adminpsib","url":"https:\/\/www.psib-psoe.org\/eivissa\/author\/adminpsib\/"}]}},"_links":{"self":[{"href":"https:\/\/www.psib-psoe.org\/eivissa\/wp-json\/wp\/v2\/posts\/40602","targetHints":{"allow":["GET"]}}],"collection":[{"href":"https:\/\/www.psib-psoe.org\/eivissa\/wp-json\/wp\/v2\/posts"}],"about":[{"href":"https:\/\/www.psib-psoe.org\/eivissa\/wp-json\/wp\/v2\/types\/post"}],"author":[{"embeddable":true,"href":"https:\/\/www.psib-psoe.org\/eivissa\/wp-json\/wp\/v2\/users\/1"}],"replies":[{"embeddable":true,"href":"https:\/\/www.psib-psoe.org\/eivissa\/wp-json\/wp\/v2\/comments?post=40602"}],"version-history":[{"count":1,"href":"https:\/\/www.psib-psoe.org\/eivissa\/wp-json\/wp\/v2\/posts\/40602\/revisions"}],"predecessor-version":[{"id":40603,"href":"https:\/\/www.psib-psoe.org\/eivissa\/wp-json\/wp\/v2\/posts\/40602\/revisions\/40603"}],"wp:featuredmedia":[{"embeddable":true,"href":"https:\/\/www.psib-psoe.org\/eivissa\/wp-json\/wp\/v2\/media\/40601"}],"wp:attachment":[{"href":"https:\/\/www.psib-psoe.org\/eivissa\/wp-json\/wp\/v2\/media?parent=40602"}],"wp:term":[{"taxonomy":"category","embeddable":true,"href":"https:\/\/www.psib-psoe.org\/eivissa\/wp-json\/wp\/v2\/categories?post=40602"},{"taxonomy":"post_tag","embeddable":true,"href":"https:\/\/www.psib-psoe.org\/eivissa\/wp-json\/wp\/v2\/tags?post=40602"}],"curies":[{"name":"wp","href":"https:\/\/api.w.org\/{rel}","templated":true}]}}