{"id":40607,"date":"2025-04-09T13:34:29","date_gmt":"2025-04-09T11:34:29","guid":{"rendered":"https:\/\/www.psib-psoe.org\/eivissa\/?p=40607"},"modified":"2025-04-09T13:34:29","modified_gmt":"2025-04-09T11:34:29","slug":"el-partit-socialista-deivissa-te-idees-te-projectes-i-te-equip-per-transformar-lilla-vicent-rosello-reelegit-secretari-general-de-la-fse-psoe","status":"publish","type":"post","link":"https:\/\/www.psib-psoe.org\/eivissa\/el-partit-socialista-deivissa-te-idees-te-projectes-i-te-equip-per-transformar-lilla-vicent-rosello-reelegit-secretari-general-de-la-fse-psoe\/","title":{"rendered":"\u201cEl Partit Socialista d\u2019Eivissa t\u00e9 idees, t\u00e9 projectes i t\u00e9 equip per transformar l\u2019illa\u201d. Vicent Rosell\u00f3, reelegit secretari general de la FSE-PSOE."},"content":{"rendered":"<p>Vicent Rosell\u00f3 Ribas ha set proclamat avui, de nou, secretari general de la Federaci\u00f3 Socialista d\u2019Eivissa, en ser l\u2019\u00fanica candidatura presentada al proc\u00e9s de prim\u00e0ries amb motiu de la celebraci\u00f3 del 7\u00e8 Congr\u00e9s del partit, que tendr\u00e0 lloc el 21 de juny.<\/p>\n<p>Vicent Rosell\u00f3 ha mostrat la seva satisfacci\u00f3 per renovar la confian\u00e7a de la milit\u00e0ncia i ha destacat la il\u00b7lusi\u00f3 del projecte socialista per continuar transformant Eivissa, amb l\u2019objectiu fonamental de preparar el partit guanyar les eleccions del 2027: \u201cEstic molt content i molt agra\u00eft per haver rebut el suport de tots els meus companys i companyes de la Federaci\u00f3 Socialista d\u2019Eivissa per poder continuar explicant aquest projecte a l\u2019illa\u201d, ha expressat Rosell\u00f3. \u201cEl Partit Socialista d\u2019Eivissa t\u00e9 idees, t\u00e9 projectes i t\u00e9 equip per tirar endavant propostes que fan falta a la ciutadania.\u201d<\/p>\n<p>Durant una intervenci\u00f3 amb motiu de la reelecci\u00f3 en el c\u00e0rrec, el secretari general ha tornat a destacar l\u2019habitatge com un dels grans reptes de l\u2019illa i prioritats per al PSOE d\u2019Eivissa. \u201cUn dels temes fonamentals i que no podem esquivar \u00e9s l\u2019habitatge\u201d, ha afirmat, i ha assegurat que quan el Partit Socialista torni a governar les institucions de l\u2019illa impulsar\u00e0 mesures clares: \u201cProposarem topar el preu del lloguer de l\u2019habitatge a Eivissa, aix\u00ed com continuar construint habitatge fins a arribar al 30% d\u2019habitatge p\u00fablic, perqu\u00e8 tothom pugui accedir a un habitatge en condicions de dignitat.\u201d<\/p>\n<p>Vicent Rosell\u00f3 ha reivindicat que \u201cels socialistes d\u2019Eivissa tenim molt clar qu\u00e8 \u00e9s el necessari per continuar desenvolupant la nostra vida, el nostre dia a dia, d\u2019una forma digna i amb totes les garanties\u201d.<\/p>\n","protected":false},"excerpt":{"rendered":"<p>Vicent Rosell\u00f3 Ribas ha set proclamat avui, de nou, secretari general de la Federaci\u00f3 Socialista d\u2019Eivissa, en ser l\u2019\u00fanica candidatura presentada al proc\u00e9s de prim\u00e0ries amb motiu de la celebraci\u00f3 del 7\u00e8 Congr\u00e9s del partit, que tendr\u00e0 lloc el 21 de juny. Vicent Rosell\u00f3 ha mostrat la seva satisfacci\u00f3 per renovar la confian\u00e7a de la&hellip;<\/p>\n","protected":false},"author":1,"featured_media":40100,"comment_status":"closed","ping_status":"closed","sticky":false,"template":"","format":"standard","meta":{"footnotes":""},"categories":[1,212],"tags":[],"class_list":["post-40607","post","type-post","status-publish","format-standard","has-post-thumbnail","hentry","category-federacio-de-eivissa-portada","category-fse-psoe"],"yoast_head":"<!-- This site is optimized with the Yoast SEO plugin v26.9 - https:\/\/yoast.com\/product\/yoast-seo-wordpress\/ -->\n<title>\u201cEl Partit Socialista d\u2019Eivissa t\u00e9 idees, t\u00e9 projectes i t\u00e9 equip per transformar l\u2019illa\u201d. Vicent Rosell\u00f3, reelegit secretari general de la FSE-PSOE. - Federaci\u00f3 Socialista d&#039;Eivissa<\/title>\n<meta name=\"robots\" content=\"index, follow, max-snippet:-1, max-image-preview:large, max-video-preview:-1\" \/>\n<link rel=\"canonical\" href=\"https:\/\/www.psib-psoe.org\/eivissa\/el-partit-socialista-deivissa-te-idees-te-projectes-i-te-equip-per-transformar-lilla-vicent-rosello-reelegit-secretari-general-de-la-fse-psoe\/\" \/>\n<meta property=\"og:locale\" content=\"ca_ES\" \/>\n<meta property=\"og:type\" content=\"article\" \/>\n<meta property=\"og:title\" content=\"\u201cEl Partit Socialista d\u2019Eivissa t\u00e9 idees, t\u00e9 projectes i t\u00e9 equip per transformar l\u2019illa\u201d. Vicent Rosell\u00f3, reelegit secretari general de la FSE-PSOE. - Federaci\u00f3 Socialista d&#039;Eivissa\" \/>\n<meta property=\"og:description\" content=\"Vicent Rosell\u00f3 Ribas ha set proclamat avui, de nou, secretari general de la Federaci\u00f3 Socialista d\u2019Eivissa, en ser l\u2019\u00fanica candidatura presentada al proc\u00e9s de prim\u00e0ries amb motiu de la celebraci\u00f3 del 7\u00e8 Congr\u00e9s del partit, que tendr\u00e0 lloc el 21 de juny. Vicent Rosell\u00f3 ha mostrat la seva satisfacci\u00f3 per renovar la confian\u00e7a de la&hellip;\" \/>\n<meta property=\"og:url\" content=\"https:\/\/www.psib-psoe.org\/eivissa\/el-partit-socialista-deivissa-te-idees-te-projectes-i-te-equip-per-transformar-lilla-vicent-rosello-reelegit-secretari-general-de-la-fse-psoe\/\" \/>\n<meta property=\"og:site_name\" content=\"Federaci\u00f3 Socialista d&#039;Eivissa\" \/>\n<meta property=\"article:published_time\" content=\"2025-04-09T11:34:29+00:00\" \/>\n<meta property=\"og:image\" content=\"https:\/\/www.psib-psoe.org\/eivissa\/wp-content\/uploads\/FOTO-VICENT-ROSELLO-CONGRES-688x1024.png\" \/>\n\t<meta property=\"og:image:width\" content=\"688\" \/>\n\t<meta property=\"og:image:height\" content=\"1024\" \/>\n\t<meta property=\"og:image:type\" content=\"image\/png\" \/>\n<meta name=\"author\" content=\"adminpsib\" \/>\n<meta name=\"twitter:card\" content=\"summary_large_image\" \/>\n<meta name=\"twitter:label1\" content=\"Escrit per\" \/>\n\t<meta name=\"twitter:data1\" content=\"adminpsib\" \/>\n\t<meta name=\"twitter:label2\" content=\"Temps estimat de lectura\" \/>\n\t<meta name=\"twitter:data2\" content=\"1 minut\" \/>\n<script type=\"application\/ld+json\" class=\"yoast-schema-graph\">{\"@context\":\"https:\/\/schema.org\",\"@graph\":[{\"@type\":[\"Article\",\"BlogPosting\"],\"@id\":\"https:\/\/www.psib-psoe.org\/eivissa\/el-partit-socialista-deivissa-te-idees-te-projectes-i-te-equip-per-transformar-lilla-vicent-rosello-reelegit-secretari-general-de-la-fse-psoe\/#article\",\"isPartOf\":{\"@id\":\"https:\/\/www.psib-psoe.org\/eivissa\/el-partit-socialista-deivissa-te-idees-te-projectes-i-te-equip-per-transformar-lilla-vicent-rosello-reelegit-secretari-general-de-la-fse-psoe\/\"},\"author\":{\"name\":\"adminpsib\",\"@id\":\"https:\/\/www.psib-psoe.org\/eivissa\/#\/schema\/person\/099ab3ef73a3645a1d7f303518e6ce24\"},\"headline\":\"\u201cEl Partit Socialista d\u2019Eivissa t\u00e9 idees, t\u00e9 projectes i t\u00e9 equip per transformar l\u2019illa\u201d. Vicent Rosell\u00f3, reelegit secretari general de la FSE-PSOE.\",\"datePublished\":\"2025-04-09T11:34:29+00:00\",\"mainEntityOfPage\":{\"@id\":\"https:\/\/www.psib-psoe.org\/eivissa\/el-partit-socialista-deivissa-te-idees-te-projectes-i-te-equip-per-transformar-lilla-vicent-rosello-reelegit-secretari-general-de-la-fse-psoe\/\"},\"wordCount\":309,\"publisher\":{\"@id\":\"https:\/\/www.psib-psoe.org\/eivissa\/#organization\"},\"image\":{\"@id\":\"https:\/\/www.psib-psoe.org\/eivissa\/el-partit-socialista-deivissa-te-idees-te-projectes-i-te-equip-per-transformar-lilla-vicent-rosello-reelegit-secretari-general-de-la-fse-psoe\/#primaryimage\"},\"thumbnailUrl\":\"https:\/\/www.psib-psoe.org\/eivissa\/wp-content\/uploads\/FOTO-VICENT-ROSELLO-CONGRES.png\",\"articleSection\":[\"Federaci\u00f3 d'Eivissa - Portada\",\"FSE-PSOE\"],\"inLanguage\":\"ca\"},{\"@type\":\"WebPage\",\"@id\":\"https:\/\/www.psib-psoe.org\/eivissa\/el-partit-socialista-deivissa-te-idees-te-projectes-i-te-equip-per-transformar-lilla-vicent-rosello-reelegit-secretari-general-de-la-fse-psoe\/\",\"url\":\"https:\/\/www.psib-psoe.org\/eivissa\/el-partit-socialista-deivissa-te-idees-te-projectes-i-te-equip-per-transformar-lilla-vicent-rosello-reelegit-secretari-general-de-la-fse-psoe\/\",\"name\":\"\u201cEl Partit Socialista d\u2019Eivissa t\u00e9 idees, t\u00e9 projectes i t\u00e9 equip per transformar l\u2019illa\u201d. Vicent Rosell\u00f3, reelegit secretari general de la FSE-PSOE. - Federaci\u00f3 Socialista d&#039;Eivissa\",\"isPartOf\":{\"@id\":\"https:\/\/www.psib-psoe.org\/eivissa\/#website\"},\"primaryImageOfPage\":{\"@id\":\"https:\/\/www.psib-psoe.org\/eivissa\/el-partit-socialista-deivissa-te-idees-te-projectes-i-te-equip-per-transformar-lilla-vicent-rosello-reelegit-secretari-general-de-la-fse-psoe\/#primaryimage\"},\"image\":{\"@id\":\"https:\/\/www.psib-psoe.org\/eivissa\/el-partit-socialista-deivissa-te-idees-te-projectes-i-te-equip-per-transformar-lilla-vicent-rosello-reelegit-secretari-general-de-la-fse-psoe\/#primaryimage\"},\"thumbnailUrl\":\"https:\/\/www.psib-psoe.org\/eivissa\/wp-content\/uploads\/FOTO-VICENT-ROSELLO-CONGRES.png\",\"datePublished\":\"2025-04-09T11:34:29+00:00\",\"breadcrumb\":{\"@id\":\"https:\/\/www.psib-psoe.org\/eivissa\/el-partit-socialista-deivissa-te-idees-te-projectes-i-te-equip-per-transformar-lilla-vicent-rosello-reelegit-secretari-general-de-la-fse-psoe\/#breadcrumb\"},\"inLanguage\":\"ca\",\"potentialAction\":[{\"@type\":\"ReadAction\",\"target\":[\"https:\/\/www.psib-psoe.org\/eivissa\/el-partit-socialista-deivissa-te-idees-te-projectes-i-te-equip-per-transformar-lilla-vicent-rosello-reelegit-secretari-general-de-la-fse-psoe\/\"]}]},{\"@type\":\"ImageObject\",\"inLanguage\":\"ca\",\"@id\":\"https:\/\/www.psib-psoe.org\/eivissa\/el-partit-socialista-deivissa-te-idees-te-projectes-i-te-equip-per-transformar-lilla-vicent-rosello-reelegit-secretari-general-de-la-fse-psoe\/#primaryimage\",\"url\":\"https:\/\/www.psib-psoe.org\/eivissa\/wp-content\/uploads\/FOTO-VICENT-ROSELLO-CONGRES.png\",\"contentUrl\":\"https:\/\/www.psib-psoe.org\/eivissa\/wp-content\/uploads\/FOTO-VICENT-ROSELLO-CONGRES.png\",\"width\":1204,\"height\":1792},{\"@type\":\"BreadcrumbList\",\"@id\":\"https:\/\/www.psib-psoe.org\/eivissa\/el-partit-socialista-deivissa-te-idees-te-projectes-i-te-equip-per-transformar-lilla-vicent-rosello-reelegit-secretari-general-de-la-fse-psoe\/#breadcrumb\",\"itemListElement\":[{\"@type\":\"ListItem\",\"position\":1,\"name\":\"Inici\",\"item\":\"https:\/\/www.psib-psoe.org\/eivissa\/\"},{\"@type\":\"ListItem\",\"position\":2,\"name\":\"\u201cEl Partit Socialista d\u2019Eivissa t\u00e9 idees, t\u00e9 projectes i t\u00e9 equip per transformar l\u2019illa\u201d. Vicent Rosell\u00f3, reelegit secretari general de la FSE-PSOE.\"}]},{\"@type\":\"WebSite\",\"@id\":\"https:\/\/www.psib-psoe.org\/eivissa\/#website\",\"url\":\"https:\/\/www.psib-psoe.org\/eivissa\/\",\"name\":\"Federaci\u00f3 Socialista d'Eivissa\",\"description\":\"Socialistes d&#039;Eivissa\",\"publisher\":{\"@id\":\"https:\/\/www.psib-psoe.org\/eivissa\/#organization\"},\"potentialAction\":[{\"@type\":\"SearchAction\",\"target\":{\"@type\":\"EntryPoint\",\"urlTemplate\":\"https:\/\/www.psib-psoe.org\/eivissa\/?s={search_term_string}\"},\"query-input\":{\"@type\":\"PropertyValueSpecification\",\"valueRequired\":true,\"valueName\":\"search_term_string\"}}],\"inLanguage\":\"ca\"},{\"@type\":\"Organization\",\"@id\":\"https:\/\/www.psib-psoe.org\/eivissa\/#organization\",\"name\":\"Federaci\u00f3 Socialista d'Eivissa\",\"url\":\"https:\/\/www.psib-psoe.org\/eivissa\/\",\"logo\":{\"@type\":\"ImageObject\",\"inLanguage\":\"ca\",\"@id\":\"https:\/\/www.psib-psoe.org\/eivissa\/#\/schema\/logo\/image\/\",\"url\":\"https:\/\/www.psib-psoe.org\/eivissa\/wp-content\/uploads\/LOGO-FSE-SOCIALISTA-DEIVISSA-HORI.png\",\"contentUrl\":\"https:\/\/www.psib-psoe.org\/eivissa\/wp-content\/uploads\/LOGO-FSE-SOCIALISTA-DEIVISSA-HORI.png\",\"width\":6000,\"height\":3104,\"caption\":\"Federaci\u00f3 Socialista d'Eivissa\"},\"image\":{\"@id\":\"https:\/\/www.psib-psoe.org\/eivissa\/#\/schema\/logo\/image\/\"}},{\"@type\":\"Person\",\"@id\":\"https:\/\/www.psib-psoe.org\/eivissa\/#\/schema\/person\/099ab3ef73a3645a1d7f303518e6ce24\",\"name\":\"adminpsib\",\"url\":\"https:\/\/www.psib-psoe.org\/eivissa\/author\/adminpsib\/\"}]}<\/script>\n<!-- \/ Yoast SEO plugin. -->","yoast_head_json":{"title":"\u201cEl Partit Socialista d\u2019Eivissa t\u00e9 idees, t\u00e9 projectes i t\u00e9 equip per transformar l\u2019illa\u201d. Vicent Rosell\u00f3, reelegit secretari general de la FSE-PSOE. - Federaci\u00f3 Socialista d&#039;Eivissa","robots":{"index":"index","follow":"follow","max-snippet":"max-snippet:-1","max-image-preview":"max-image-preview:large","max-video-preview":"max-video-preview:-1"},"canonical":"https:\/\/www.psib-psoe.org\/eivissa\/el-partit-socialista-deivissa-te-idees-te-projectes-i-te-equip-per-transformar-lilla-vicent-rosello-reelegit-secretari-general-de-la-fse-psoe\/","og_locale":"ca_ES","og_type":"article","og_title":"\u201cEl Partit Socialista d\u2019Eivissa t\u00e9 idees, t\u00e9 projectes i t\u00e9 equip per transformar l\u2019illa\u201d. Vicent Rosell\u00f3, reelegit secretari general de la FSE-PSOE. - Federaci\u00f3 Socialista d&#039;Eivissa","og_description":"Vicent Rosell\u00f3 Ribas ha set proclamat avui, de nou, secretari general de la Federaci\u00f3 Socialista d\u2019Eivissa, en ser l\u2019\u00fanica candidatura presentada al proc\u00e9s de prim\u00e0ries amb motiu de la celebraci\u00f3 del 7\u00e8 Congr\u00e9s del partit, que tendr\u00e0 lloc el 21 de juny. Vicent Rosell\u00f3 ha mostrat la seva satisfacci\u00f3 per renovar la confian\u00e7a de la&hellip;","og_url":"https:\/\/www.psib-psoe.org\/eivissa\/el-partit-socialista-deivissa-te-idees-te-projectes-i-te-equip-per-transformar-lilla-vicent-rosello-reelegit-secretari-general-de-la-fse-psoe\/","og_site_name":"Federaci\u00f3 Socialista d&#039;Eivissa","article_published_time":"2025-04-09T11:34:29+00:00","og_image":[{"width":688,"height":1024,"url":"https:\/\/www.psib-psoe.org\/eivissa\/wp-content\/uploads\/FOTO-VICENT-ROSELLO-CONGRES-688x1024.png","type":"image\/png"}],"author":"adminpsib","twitter_card":"summary_large_image","twitter_misc":{"Escrit per":"adminpsib","Temps estimat de lectura":"1 minut"},"schema":{"@context":"https:\/\/schema.org","@graph":[{"@type":["Article","BlogPosting"],"@id":"https:\/\/www.psib-psoe.org\/eivissa\/el-partit-socialista-deivissa-te-idees-te-projectes-i-te-equip-per-transformar-lilla-vicent-rosello-reelegit-secretari-general-de-la-fse-psoe\/#article","isPartOf":{"@id":"https:\/\/www.psib-psoe.org\/eivissa\/el-partit-socialista-deivissa-te-idees-te-projectes-i-te-equip-per-transformar-lilla-vicent-rosello-reelegit-secretari-general-de-la-fse-psoe\/"},"author":{"name":"adminpsib","@id":"https:\/\/www.psib-psoe.org\/eivissa\/#\/schema\/person\/099ab3ef73a3645a1d7f303518e6ce24"},"headline":"\u201cEl Partit Socialista d\u2019Eivissa t\u00e9 idees, t\u00e9 projectes i t\u00e9 equip per transformar l\u2019illa\u201d. Vicent Rosell\u00f3, reelegit secretari general de la FSE-PSOE.","datePublished":"2025-04-09T11:34:29+00:00","mainEntityOfPage":{"@id":"https:\/\/www.psib-psoe.org\/eivissa\/el-partit-socialista-deivissa-te-idees-te-projectes-i-te-equip-per-transformar-lilla-vicent-rosello-reelegit-secretari-general-de-la-fse-psoe\/"},"wordCount":309,"publisher":{"@id":"https:\/\/www.psib-psoe.org\/eivissa\/#organization"},"image":{"@id":"https:\/\/www.psib-psoe.org\/eivissa\/el-partit-socialista-deivissa-te-idees-te-projectes-i-te-equip-per-transformar-lilla-vicent-rosello-reelegit-secretari-general-de-la-fse-psoe\/#primaryimage"},"thumbnailUrl":"https:\/\/www.psib-psoe.org\/eivissa\/wp-content\/uploads\/FOTO-VICENT-ROSELLO-CONGRES.png","articleSection":["Federaci\u00f3 d'Eivissa - Portada","FSE-PSOE"],"inLanguage":"ca"},{"@type":"WebPage","@id":"https:\/\/www.psib-psoe.org\/eivissa\/el-partit-socialista-deivissa-te-idees-te-projectes-i-te-equip-per-transformar-lilla-vicent-rosello-reelegit-secretari-general-de-la-fse-psoe\/","url":"https:\/\/www.psib-psoe.org\/eivissa\/el-partit-socialista-deivissa-te-idees-te-projectes-i-te-equip-per-transformar-lilla-vicent-rosello-reelegit-secretari-general-de-la-fse-psoe\/","name":"\u201cEl Partit Socialista d\u2019Eivissa t\u00e9 idees, t\u00e9 projectes i t\u00e9 equip per transformar l\u2019illa\u201d. Vicent Rosell\u00f3, reelegit secretari general de la FSE-PSOE. - Federaci\u00f3 Socialista d&#039;Eivissa","isPartOf":{"@id":"https:\/\/www.psib-psoe.org\/eivissa\/#website"},"primaryImageOfPage":{"@id":"https:\/\/www.psib-psoe.org\/eivissa\/el-partit-socialista-deivissa-te-idees-te-projectes-i-te-equip-per-transformar-lilla-vicent-rosello-reelegit-secretari-general-de-la-fse-psoe\/#primaryimage"},"image":{"@id":"https:\/\/www.psib-psoe.org\/eivissa\/el-partit-socialista-deivissa-te-idees-te-projectes-i-te-equip-per-transformar-lilla-vicent-rosello-reelegit-secretari-general-de-la-fse-psoe\/#primaryimage"},"thumbnailUrl":"https:\/\/www.psib-psoe.org\/eivissa\/wp-content\/uploads\/FOTO-VICENT-ROSELLO-CONGRES.png","datePublished":"2025-04-09T11:34:29+00:00","breadcrumb":{"@id":"https:\/\/www.psib-psoe.org\/eivissa\/el-partit-socialista-deivissa-te-idees-te-projectes-i-te-equip-per-transformar-lilla-vicent-rosello-reelegit-secretari-general-de-la-fse-psoe\/#breadcrumb"},"inLanguage":"ca","potentialAction":[{"@type":"ReadAction","target":["https:\/\/www.psib-psoe.org\/eivissa\/el-partit-socialista-deivissa-te-idees-te-projectes-i-te-equip-per-transformar-lilla-vicent-rosello-reelegit-secretari-general-de-la-fse-psoe\/"]}]},{"@type":"ImageObject","inLanguage":"ca","@id":"https:\/\/www.psib-psoe.org\/eivissa\/el-partit-socialista-deivissa-te-idees-te-projectes-i-te-equip-per-transformar-lilla-vicent-rosello-reelegit-secretari-general-de-la-fse-psoe\/#primaryimage","url":"https:\/\/www.psib-psoe.org\/eivissa\/wp-content\/uploads\/FOTO-VICENT-ROSELLO-CONGRES.png","contentUrl":"https:\/\/www.psib-psoe.org\/eivissa\/wp-content\/uploads\/FOTO-VICENT-ROSELLO-CONGRES.png","width":1204,"height":1792},{"@type":"BreadcrumbList","@id":"https:\/\/www.psib-psoe.org\/eivissa\/el-partit-socialista-deivissa-te-idees-te-projectes-i-te-equip-per-transformar-lilla-vicent-rosello-reelegit-secretari-general-de-la-fse-psoe\/#breadcrumb","itemListElement":[{"@type":"ListItem","position":1,"name":"Inici","item":"https:\/\/www.psib-psoe.org\/eivissa\/"},{"@type":"ListItem","position":2,"name":"\u201cEl Partit Socialista d\u2019Eivissa t\u00e9 idees, t\u00e9 projectes i t\u00e9 equip per transformar l\u2019illa\u201d. Vicent Rosell\u00f3, reelegit secretari general de la FSE-PSOE."}]},{"@type":"WebSite","@id":"https:\/\/www.psib-psoe.org\/eivissa\/#website","url":"https:\/\/www.psib-psoe.org\/eivissa\/","name":"Federaci\u00f3 Socialista d'Eivissa","description":"Socialistes d&#039;Eivissa","publisher":{"@id":"https:\/\/www.psib-psoe.org\/eivissa\/#organization"},"potentialAction":[{"@type":"SearchAction","target":{"@type":"EntryPoint","urlTemplate":"https:\/\/www.psib-psoe.org\/eivissa\/?s={search_term_string}"},"query-input":{"@type":"PropertyValueSpecification","valueRequired":true,"valueName":"search_term_string"}}],"inLanguage":"ca"},{"@type":"Organization","@id":"https:\/\/www.psib-psoe.org\/eivissa\/#organization","name":"Federaci\u00f3 Socialista d'Eivissa","url":"https:\/\/www.psib-psoe.org\/eivissa\/","logo":{"@type":"ImageObject","inLanguage":"ca","@id":"https:\/\/www.psib-psoe.org\/eivissa\/#\/schema\/logo\/image\/","url":"https:\/\/www.psib-psoe.org\/eivissa\/wp-content\/uploads\/LOGO-FSE-SOCIALISTA-DEIVISSA-HORI.png","contentUrl":"https:\/\/www.psib-psoe.org\/eivissa\/wp-content\/uploads\/LOGO-FSE-SOCIALISTA-DEIVISSA-HORI.png","width":6000,"height":3104,"caption":"Federaci\u00f3 Socialista d'Eivissa"},"image":{"@id":"https:\/\/www.psib-psoe.org\/eivissa\/#\/schema\/logo\/image\/"}},{"@type":"Person","@id":"https:\/\/www.psib-psoe.org\/eivissa\/#\/schema\/person\/099ab3ef73a3645a1d7f303518e6ce24","name":"adminpsib","url":"https:\/\/www.psib-psoe.org\/eivissa\/author\/adminpsib\/"}]}},"_links":{"self":[{"href":"https:\/\/www.psib-psoe.org\/eivissa\/wp-json\/wp\/v2\/posts\/40607","targetHints":{"allow":["GET"]}}],"collection":[{"href":"https:\/\/www.psib-psoe.org\/eivissa\/wp-json\/wp\/v2\/posts"}],"about":[{"href":"https:\/\/www.psib-psoe.org\/eivissa\/wp-json\/wp\/v2\/types\/post"}],"author":[{"embeddable":true,"href":"https:\/\/www.psib-psoe.org\/eivissa\/wp-json\/wp\/v2\/users\/1"}],"replies":[{"embeddable":true,"href":"https:\/\/www.psib-psoe.org\/eivissa\/wp-json\/wp\/v2\/comments?post=40607"}],"version-history":[{"count":1,"href":"https:\/\/www.psib-psoe.org\/eivissa\/wp-json\/wp\/v2\/posts\/40607\/revisions"}],"predecessor-version":[{"id":40608,"href":"https:\/\/www.psib-psoe.org\/eivissa\/wp-json\/wp\/v2\/posts\/40607\/revisions\/40608"}],"wp:featuredmedia":[{"embeddable":true,"href":"https:\/\/www.psib-psoe.org\/eivissa\/wp-json\/wp\/v2\/media\/40100"}],"wp:attachment":[{"href":"https:\/\/www.psib-psoe.org\/eivissa\/wp-json\/wp\/v2\/media?parent=40607"}],"wp:term":[{"taxonomy":"category","embeddable":true,"href":"https:\/\/www.psib-psoe.org\/eivissa\/wp-json\/wp\/v2\/categories?post=40607"},{"taxonomy":"post_tag","embeddable":true,"href":"https:\/\/www.psib-psoe.org\/eivissa\/wp-json\/wp\/v2\/tags?post=40607"}],"curies":[{"name":"wp","href":"https:\/\/api.w.org\/{rel}","templated":true}]}}