{"id":40620,"date":"2025-04-14T13:30:06","date_gmt":"2025-04-14T11:30:06","guid":{"rendered":"https:\/\/www.psib-psoe.org\/eivissa\/?p=40620"},"modified":"2025-04-14T13:30:06","modified_gmt":"2025-04-14T11:30:06","slug":"el-psoe-denuncia-els-decrets-de-bomba-turistica-i-bomba-de-ciment-del-pp-i-vox-que-agreugen-lemergencia-habitacional-i-ambiental-deivissa","status":"publish","type":"post","link":"https:\/\/www.psib-psoe.org\/eivissa\/el-psoe-denuncia-els-decrets-de-bomba-turistica-i-bomba-de-ciment-del-pp-i-vox-que-agreugen-lemergencia-habitacional-i-ambiental-deivissa\/","title":{"rendered":"El PSOE denuncia els decrets de \u201cbomba tur\u00edstica\u201d i \u201cbomba de ciment\u201d del PP i VOX, que agreugen l\u2019emerg\u00e8ncia habitacional i ambiental d\u2019Eivissa"},"content":{"rendered":"<p>El PSOE ha qualificat de \u201cbomba tur\u00edstica\u201d i \u201cbomba de ciment\u201d per a l\u2019illa d\u2019Eivissa els decrets llei de turisme i de requalificaci\u00f3 urban\u00edstica acordats entre el PP i VOX. Com ha assenyalat la portaveu socialista al Consell Insular d\u2019Eivissa, Elena L\u00f3pez Bonet, aquests decrets \u201cconsoliden un model de creixement il\u00b7limitat, sense l\u00edmits ni responsabilitat, que condemna la nostra illa a una major saturaci\u00f3 tur\u00edstica, especulaci\u00f3 urban\u00edstica i a l\u2019empobriment de la seua ciutadania\u201d.<\/p>\n<p>En roda de premsa conjunta amb la diputada del PSOE al Parlament balear Pilar Costa, la portaveu socialista al Consell ha qualificat de \u201cbomba tur\u00edstica\u201d el decret aprovat divendres pel Govern de Marga Prohens, que suposa la recuperaci\u00f3 de 24.000 places tur\u00edstiques a Eivissa i 8.900 a Formentera. \u201cEns volen vendre aquest decret com una mesura de contenci\u00f3, per\u00f2 en realitat \u00e9s tot el contrari: \u00e9s un xec en blanc per continuar alimentant un model de massificaci\u00f3 insostenible\u201d, ha declarat L\u00f3pez.<\/p>\n<p>A m\u00e9s, L\u00f3pez ha afegit que aquest decret se suma a la \u201cbomba de ciment\u201d anunciada aquest mat\u00ed pel PP i VOX, que permetr\u00e0 requalificar s\u00f2l r\u00fastic en municipis de m\u00e9s de 10.000 habitants: \u201cAquest acord entre el PP i Vox suposa obrir la porta a una nova onada constructiva sense precedents. \u00c9s una temeritat absoluta que hipoteca el territori i el paisatge de generacions futures\u201d, ha advertit.<\/p>\n<p><strong>Un model antisocial i especulatiu<\/strong><\/p>\n<p>Segons les socialistes, aquests dos decrets s\u00f3n una clara mostra de \u201cla deriva antisocial i especulativa del Partit Popular i de Vox, amb la complicitat silenciosa de Vicent Mar\u00ed\u201d. Elena L\u00f3pez ha lamentat que Mar\u00ed \u201cdigui una cosa a Eivissa i en faci una altra a Palma\u201d, i ha recordat que tant ell com Mariano Juan s\u2019havien pronunciat p\u00fablicament en contra de continuar creixent en places tur\u00edstiques. \u201c\u00c9s una presa de p\u00e8l i una mostra de la seua falta absoluta de credibilitat. Ens menteixen, ens enganyen i ens menystenen\u201d, ha afirmat.<\/p>\n<p>L\u00f3pez ha remarcat que aquest model de creixement il\u00b7limitat \u201ct\u00e9 conseq\u00fc\u00e8ncies devastadores sobre el territori, per\u00f2 tamb\u00e9 sobre les persones\u201d. En aquest sentit, ha posat com a exemple la situaci\u00f3 l\u00edmit de centenars de treballadors i treballadores que es veuen obligats a viure en caravanes o campaments per no poder accedir a un habitatge: \u201cEl que est\u00e0 fent el PP \u00e9s abocar la classe treballadora i les fam\u00edlies amb menys recursos a la precarietat m\u00e9s absoluta, a la pobresa habitacional m\u00e9s cruel. Aix\u00f2 no \u00e9s sostenibilitat, aix\u00f2 \u00e9s una indec\u00e8ncia\u201d, ha dit.<\/p>\n<p><strong>Pilar Costa: \u201c\u00c9s un atemptat a la dignitat humana\u201d<\/strong><\/p>\n<p>Per la seua banda, la diputada socialista Pilar Costa ha desgranat el contingut del decret llei tur\u00edstic que, segons ha explicat, \u201cindulta 24.000 places tur\u00edstiques a Eivissa\u201d. D\u2019una banda, la borsa de 9.000 places hoteleres, que haurien desaparegut si el Consell no les reconvertia abans de febrer de 2026. De l\u2019altra, 15.000 places tur\u00edstiques en habitatges que queden \u201cindultades\u201d i que, per tant, no desapareixeran progressivament, com preveia l\u2019anterior llei progressista, sin\u00f3 que podran ser reutilitzades per altres habitatges, ja que passaran a formar part d\u2019una borsa que les posar\u00e0 a la venda.<\/p>\n<p>\u201cAquesta maniobra no \u00e9s altra cosa que una legalitzaci\u00f3 massiva d\u2019un model que fa anys que sab\u00edem que era insostenible. L\u2019aposta del PP \u00e9s clara: m\u00e9s turisme a qualsevol preu, encara que aix\u00f2 signifiqui deixar milers de residents sense casa. \u00c9s un aut\u00e8ntic atemptat contra la dignitat humana\u201d, ha asseverat.<\/p>\n<p>La diputada ha recordat que aquestes mesures s\u2019han pres al marge del Pacte per la Sostenibilitat impulsat pel mateix Govern, deixant en evid\u00e8ncia la seva nul\u00b7la voluntat de di\u00e0leg. \u201cHan menyspreat totes les entitats que treballaven de bona fe per un model m\u00e9s just i equilibrat. El PP ha triat: ha triat l\u2019especulaci\u00f3, ha triat els lobbies tur\u00edstics i ha girat l\u2019esquena als treballadors i treballadores que cada dia fan funcionar aquesta illa\u201d.<\/p>\n<p><strong>Un model urban\u00edstic per als rics<\/strong><\/p>\n<p>En refer\u00e8ncia al segon decret pactat entre PP i Vox, el de construcci\u00f3, Pilar Costa ha criticat durament que es permeti requalificar s\u00f2l r\u00fastic per fer habitatges, que en absolut es destinaran a habitatge social: \u201cEl 50% ser\u00e0 de lliure mercat, \u00e9s a dir, 500 mil, 600 mil, 700 mil\u2026 o un mili\u00f3 per amunt, el que costa avui en dia qualsevol habitatge de preu lliure. I un 50% que se li diu \u2018de preu limitat\u2019. Per\u00f2 aix\u00f2 no s\u00f3n habitatges de protecci\u00f3 oficial, perqu\u00e8 els preus m\u00ednims poden ser 300 mil, 400 mil per amunt. Per tant, que ning\u00fa s&#8217;enganyi quan el PP est\u00e0 dient que obre la m\u00e0niga en aquesta construcci\u00f3 per aix\u00ed poder fer m\u00e9s habitatge per a residents, No, aix\u00f2 \u00e9s mentida\u201d, ha declarat Pilar Costa. \u201cAix\u00f2 no \u00e9s habitatge assequible, aix\u00f2 no \u00e9s habitatge per a residents. Aix\u00f2 \u00e9s habitatge per a rics\u201d, ha denunciat la diputada socialista.<\/p>\n<p>Segons Costa, \u201cel PP utilitza el drama de l\u2019acc\u00e9s a l\u2019habitatge com a excusa per continuar alimentant un model de construcci\u00f3 salvatge, que no t\u00e9 res a veure amb cobrir les necessitats reals de la poblaci\u00f3\u201d. A m\u00e9s, ha advertit que aquestes mesures \u201cafavoriran encara m\u00e9s l\u2019oferta il\u00b7legal i deixaran el Consell sense capacitat per fer inspeccions eficients\u201d.<\/p>\n<p><strong>\u201cNo callarem\u201d<\/strong><\/p>\n<p>Finalment, Elena L\u00f3pez ha deixat clar que el PSOE no quedar\u00e0 en silenci davant \u201caquest nou frau massiu contra la ciutadania i contra el territori\u201d. \u201cHo denunciarem tantes vegades com faci falta. No permetrem que continu\u00efn venent fum, amagant la veritat i traint el futur d\u2019Eivissa. Naltros tenim clar que governar \u00e9s posar l\u00edmits, \u00e9s protegir, \u00e9s prioritzar la vida de les persones per damunt dels interessos econ\u00f2mics d\u2019uns pocs\u201d, ha concl\u00f2s.<\/p>\n","protected":false},"excerpt":{"rendered":"<p>El PSOE ha qualificat de \u201cbomba tur\u00edstica\u201d i \u201cbomba de ciment\u201d per a l\u2019illa d\u2019Eivissa els decrets llei de turisme i de requalificaci\u00f3 urban\u00edstica acordats entre el PP i VOX. Com ha assenyalat la portaveu socialista al Consell Insular d\u2019Eivissa, Elena L\u00f3pez Bonet, aquests decrets \u201cconsoliden un model de creixement il\u00b7limitat, sense l\u00edmits ni responsabilitat,&hellip;<\/p>\n","protected":false},"author":1,"featured_media":40622,"comment_status":"closed","ping_status":"closed","sticky":false,"template":"","format":"standard","meta":{"footnotes":""},"categories":[192,1,191],"tags":[],"class_list":["post-40620","post","type-post","status-publish","format-standard","has-post-thumbnail","hentry","category-consell-deivissa","category-federacio-de-eivissa-portada","category-govern-de-les-illes-balears-parlament"],"yoast_head":"<!-- This site is optimized with the Yoast SEO plugin v26.9 - https:\/\/yoast.com\/product\/yoast-seo-wordpress\/ -->\n<title>El PSOE denuncia els decrets de \u201cbomba tur\u00edstica\u201d i \u201cbomba de ciment\u201d del PP i VOX, que agreugen l\u2019emerg\u00e8ncia habitacional i ambiental d\u2019Eivissa - Federaci\u00f3 Socialista d&#039;Eivissa<\/title>\n<meta name=\"robots\" content=\"index, follow, max-snippet:-1, max-image-preview:large, max-video-preview:-1\" \/>\n<link rel=\"canonical\" href=\"https:\/\/www.psib-psoe.org\/eivissa\/el-psoe-denuncia-els-decrets-de-bomba-turistica-i-bomba-de-ciment-del-pp-i-vox-que-agreugen-lemergencia-habitacional-i-ambiental-deivissa\/\" \/>\n<meta property=\"og:locale\" content=\"ca_ES\" \/>\n<meta property=\"og:type\" content=\"article\" \/>\n<meta property=\"og:title\" content=\"El PSOE denuncia els decrets de \u201cbomba tur\u00edstica\u201d i \u201cbomba de ciment\u201d del PP i VOX, que agreugen l\u2019emerg\u00e8ncia habitacional i ambiental d\u2019Eivissa - Federaci\u00f3 Socialista d&#039;Eivissa\" \/>\n<meta property=\"og:description\" content=\"El PSOE ha qualificat de \u201cbomba tur\u00edstica\u201d i \u201cbomba de ciment\u201d per a l\u2019illa d\u2019Eivissa els decrets llei de turisme i de requalificaci\u00f3 urban\u00edstica acordats entre el PP i VOX. Com ha assenyalat la portaveu socialista al Consell Insular d\u2019Eivissa, Elena L\u00f3pez Bonet, aquests decrets \u201cconsoliden un model de creixement il\u00b7limitat, sense l\u00edmits ni responsabilitat,&hellip;\" \/>\n<meta property=\"og:url\" content=\"https:\/\/www.psib-psoe.org\/eivissa\/el-psoe-denuncia-els-decrets-de-bomba-turistica-i-bomba-de-ciment-del-pp-i-vox-que-agreugen-lemergencia-habitacional-i-ambiental-deivissa\/\" \/>\n<meta property=\"og:site_name\" content=\"Federaci\u00f3 Socialista d&#039;Eivissa\" \/>\n<meta property=\"article:published_time\" content=\"2025-04-14T11:30:06+00:00\" \/>\n<meta property=\"og:image\" content=\"https:\/\/www.psib-psoe.org\/eivissa\/wp-content\/uploads\/FOTO-ELENA-PILAR.jpg\" \/>\n\t<meta property=\"og:image:width\" content=\"1920\" \/>\n\t<meta property=\"og:image:height\" content=\"1080\" \/>\n\t<meta property=\"og:image:type\" content=\"image\/jpeg\" \/>\n<meta name=\"author\" content=\"adminpsib\" \/>\n<meta name=\"twitter:card\" content=\"summary_large_image\" \/>\n<meta name=\"twitter:label1\" content=\"Escrit per\" \/>\n\t<meta name=\"twitter:data1\" content=\"adminpsib\" \/>\n\t<meta name=\"twitter:label2\" content=\"Temps estimat de lectura\" \/>\n\t<meta name=\"twitter:data2\" content=\"5 minuts\" \/>\n<script type=\"application\/ld+json\" class=\"yoast-schema-graph\">{\"@context\":\"https:\/\/schema.org\",\"@graph\":[{\"@type\":[\"Article\",\"BlogPosting\"],\"@id\":\"https:\/\/www.psib-psoe.org\/eivissa\/el-psoe-denuncia-els-decrets-de-bomba-turistica-i-bomba-de-ciment-del-pp-i-vox-que-agreugen-lemergencia-habitacional-i-ambiental-deivissa\/#article\",\"isPartOf\":{\"@id\":\"https:\/\/www.psib-psoe.org\/eivissa\/el-psoe-denuncia-els-decrets-de-bomba-turistica-i-bomba-de-ciment-del-pp-i-vox-que-agreugen-lemergencia-habitacional-i-ambiental-deivissa\/\"},\"author\":{\"name\":\"adminpsib\",\"@id\":\"https:\/\/www.psib-psoe.org\/eivissa\/#\/schema\/person\/099ab3ef73a3645a1d7f303518e6ce24\"},\"headline\":\"El PSOE denuncia els decrets de \u201cbomba tur\u00edstica\u201d i \u201cbomba de ciment\u201d del PP i VOX, que agreugen l\u2019emerg\u00e8ncia habitacional i ambiental d\u2019Eivissa\",\"datePublished\":\"2025-04-14T11:30:06+00:00\",\"mainEntityOfPage\":{\"@id\":\"https:\/\/www.psib-psoe.org\/eivissa\/el-psoe-denuncia-els-decrets-de-bomba-turistica-i-bomba-de-ciment-del-pp-i-vox-que-agreugen-lemergencia-habitacional-i-ambiental-deivissa\/\"},\"wordCount\":1015,\"publisher\":{\"@id\":\"https:\/\/www.psib-psoe.org\/eivissa\/#organization\"},\"image\":{\"@id\":\"https:\/\/www.psib-psoe.org\/eivissa\/el-psoe-denuncia-els-decrets-de-bomba-turistica-i-bomba-de-ciment-del-pp-i-vox-que-agreugen-lemergencia-habitacional-i-ambiental-deivissa\/#primaryimage\"},\"thumbnailUrl\":\"https:\/\/www.psib-psoe.org\/eivissa\/wp-content\/uploads\/FOTO-ELENA-PILAR.jpg\",\"articleSection\":[\"Consell d'Eivissa\",\"Federaci\u00f3 d'Eivissa - Portada\",\"Govern de les Illes Balears - Parlament - PSIB-PSOE\"],\"inLanguage\":\"ca\"},{\"@type\":\"WebPage\",\"@id\":\"https:\/\/www.psib-psoe.org\/eivissa\/el-psoe-denuncia-els-decrets-de-bomba-turistica-i-bomba-de-ciment-del-pp-i-vox-que-agreugen-lemergencia-habitacional-i-ambiental-deivissa\/\",\"url\":\"https:\/\/www.psib-psoe.org\/eivissa\/el-psoe-denuncia-els-decrets-de-bomba-turistica-i-bomba-de-ciment-del-pp-i-vox-que-agreugen-lemergencia-habitacional-i-ambiental-deivissa\/\",\"name\":\"El PSOE denuncia els decrets de \u201cbomba tur\u00edstica\u201d i \u201cbomba de ciment\u201d del PP i VOX, que agreugen l\u2019emerg\u00e8ncia habitacional i ambiental d\u2019Eivissa - Federaci\u00f3 Socialista d&#039;Eivissa\",\"isPartOf\":{\"@id\":\"https:\/\/www.psib-psoe.org\/eivissa\/#website\"},\"primaryImageOfPage\":{\"@id\":\"https:\/\/www.psib-psoe.org\/eivissa\/el-psoe-denuncia-els-decrets-de-bomba-turistica-i-bomba-de-ciment-del-pp-i-vox-que-agreugen-lemergencia-habitacional-i-ambiental-deivissa\/#primaryimage\"},\"image\":{\"@id\":\"https:\/\/www.psib-psoe.org\/eivissa\/el-psoe-denuncia-els-decrets-de-bomba-turistica-i-bomba-de-ciment-del-pp-i-vox-que-agreugen-lemergencia-habitacional-i-ambiental-deivissa\/#primaryimage\"},\"thumbnailUrl\":\"https:\/\/www.psib-psoe.org\/eivissa\/wp-content\/uploads\/FOTO-ELENA-PILAR.jpg\",\"datePublished\":\"2025-04-14T11:30:06+00:00\",\"breadcrumb\":{\"@id\":\"https:\/\/www.psib-psoe.org\/eivissa\/el-psoe-denuncia-els-decrets-de-bomba-turistica-i-bomba-de-ciment-del-pp-i-vox-que-agreugen-lemergencia-habitacional-i-ambiental-deivissa\/#breadcrumb\"},\"inLanguage\":\"ca\",\"potentialAction\":[{\"@type\":\"ReadAction\",\"target\":[\"https:\/\/www.psib-psoe.org\/eivissa\/el-psoe-denuncia-els-decrets-de-bomba-turistica-i-bomba-de-ciment-del-pp-i-vox-que-agreugen-lemergencia-habitacional-i-ambiental-deivissa\/\"]}]},{\"@type\":\"ImageObject\",\"inLanguage\":\"ca\",\"@id\":\"https:\/\/www.psib-psoe.org\/eivissa\/el-psoe-denuncia-els-decrets-de-bomba-turistica-i-bomba-de-ciment-del-pp-i-vox-que-agreugen-lemergencia-habitacional-i-ambiental-deivissa\/#primaryimage\",\"url\":\"https:\/\/www.psib-psoe.org\/eivissa\/wp-content\/uploads\/FOTO-ELENA-PILAR.jpg\",\"contentUrl\":\"https:\/\/www.psib-psoe.org\/eivissa\/wp-content\/uploads\/FOTO-ELENA-PILAR.jpg\",\"width\":1920,\"height\":1080},{\"@type\":\"BreadcrumbList\",\"@id\":\"https:\/\/www.psib-psoe.org\/eivissa\/el-psoe-denuncia-els-decrets-de-bomba-turistica-i-bomba-de-ciment-del-pp-i-vox-que-agreugen-lemergencia-habitacional-i-ambiental-deivissa\/#breadcrumb\",\"itemListElement\":[{\"@type\":\"ListItem\",\"position\":1,\"name\":\"Inici\",\"item\":\"https:\/\/www.psib-psoe.org\/eivissa\/\"},{\"@type\":\"ListItem\",\"position\":2,\"name\":\"El PSOE denuncia els decrets de \u201cbomba tur\u00edstica\u201d i \u201cbomba de ciment\u201d del PP i VOX, que agreugen l\u2019emerg\u00e8ncia habitacional i ambiental d\u2019Eivissa\"}]},{\"@type\":\"WebSite\",\"@id\":\"https:\/\/www.psib-psoe.org\/eivissa\/#website\",\"url\":\"https:\/\/www.psib-psoe.org\/eivissa\/\",\"name\":\"Federaci\u00f3 Socialista d'Eivissa\",\"description\":\"Socialistes d&#039;Eivissa\",\"publisher\":{\"@id\":\"https:\/\/www.psib-psoe.org\/eivissa\/#organization\"},\"potentialAction\":[{\"@type\":\"SearchAction\",\"target\":{\"@type\":\"EntryPoint\",\"urlTemplate\":\"https:\/\/www.psib-psoe.org\/eivissa\/?s={search_term_string}\"},\"query-input\":{\"@type\":\"PropertyValueSpecification\",\"valueRequired\":true,\"valueName\":\"search_term_string\"}}],\"inLanguage\":\"ca\"},{\"@type\":\"Organization\",\"@id\":\"https:\/\/www.psib-psoe.org\/eivissa\/#organization\",\"name\":\"Federaci\u00f3 Socialista d'Eivissa\",\"url\":\"https:\/\/www.psib-psoe.org\/eivissa\/\",\"logo\":{\"@type\":\"ImageObject\",\"inLanguage\":\"ca\",\"@id\":\"https:\/\/www.psib-psoe.org\/eivissa\/#\/schema\/logo\/image\/\",\"url\":\"https:\/\/www.psib-psoe.org\/eivissa\/wp-content\/uploads\/LOGO-FSE-SOCIALISTA-DEIVISSA-HORI.png\",\"contentUrl\":\"https:\/\/www.psib-psoe.org\/eivissa\/wp-content\/uploads\/LOGO-FSE-SOCIALISTA-DEIVISSA-HORI.png\",\"width\":6000,\"height\":3104,\"caption\":\"Federaci\u00f3 Socialista d'Eivissa\"},\"image\":{\"@id\":\"https:\/\/www.psib-psoe.org\/eivissa\/#\/schema\/logo\/image\/\"}},{\"@type\":\"Person\",\"@id\":\"https:\/\/www.psib-psoe.org\/eivissa\/#\/schema\/person\/099ab3ef73a3645a1d7f303518e6ce24\",\"name\":\"adminpsib\",\"url\":\"https:\/\/www.psib-psoe.org\/eivissa\/author\/adminpsib\/\"}]}<\/script>\n<!-- \/ Yoast SEO plugin. -->","yoast_head_json":{"title":"El PSOE denuncia els decrets de \u201cbomba tur\u00edstica\u201d i \u201cbomba de ciment\u201d del PP i VOX, que agreugen l\u2019emerg\u00e8ncia habitacional i ambiental d\u2019Eivissa - Federaci\u00f3 Socialista d&#039;Eivissa","robots":{"index":"index","follow":"follow","max-snippet":"max-snippet:-1","max-image-preview":"max-image-preview:large","max-video-preview":"max-video-preview:-1"},"canonical":"https:\/\/www.psib-psoe.org\/eivissa\/el-psoe-denuncia-els-decrets-de-bomba-turistica-i-bomba-de-ciment-del-pp-i-vox-que-agreugen-lemergencia-habitacional-i-ambiental-deivissa\/","og_locale":"ca_ES","og_type":"article","og_title":"El PSOE denuncia els decrets de \u201cbomba tur\u00edstica\u201d i \u201cbomba de ciment\u201d del PP i VOX, que agreugen l\u2019emerg\u00e8ncia habitacional i ambiental d\u2019Eivissa - Federaci\u00f3 Socialista d&#039;Eivissa","og_description":"El PSOE ha qualificat de \u201cbomba tur\u00edstica\u201d i \u201cbomba de ciment\u201d per a l\u2019illa d\u2019Eivissa els decrets llei de turisme i de requalificaci\u00f3 urban\u00edstica acordats entre el PP i VOX. Com ha assenyalat la portaveu socialista al Consell Insular d\u2019Eivissa, Elena L\u00f3pez Bonet, aquests decrets \u201cconsoliden un model de creixement il\u00b7limitat, sense l\u00edmits ni responsabilitat,&hellip;","og_url":"https:\/\/www.psib-psoe.org\/eivissa\/el-psoe-denuncia-els-decrets-de-bomba-turistica-i-bomba-de-ciment-del-pp-i-vox-que-agreugen-lemergencia-habitacional-i-ambiental-deivissa\/","og_site_name":"Federaci\u00f3 Socialista d&#039;Eivissa","article_published_time":"2025-04-14T11:30:06+00:00","og_image":[{"width":1920,"height":1080,"url":"https:\/\/www.psib-psoe.org\/eivissa\/wp-content\/uploads\/FOTO-ELENA-PILAR.jpg","type":"image\/jpeg"}],"author":"adminpsib","twitter_card":"summary_large_image","twitter_misc":{"Escrit per":"adminpsib","Temps estimat de lectura":"5 minuts"},"schema":{"@context":"https:\/\/schema.org","@graph":[{"@type":["Article","BlogPosting"],"@id":"https:\/\/www.psib-psoe.org\/eivissa\/el-psoe-denuncia-els-decrets-de-bomba-turistica-i-bomba-de-ciment-del-pp-i-vox-que-agreugen-lemergencia-habitacional-i-ambiental-deivissa\/#article","isPartOf":{"@id":"https:\/\/www.psib-psoe.org\/eivissa\/el-psoe-denuncia-els-decrets-de-bomba-turistica-i-bomba-de-ciment-del-pp-i-vox-que-agreugen-lemergencia-habitacional-i-ambiental-deivissa\/"},"author":{"name":"adminpsib","@id":"https:\/\/www.psib-psoe.org\/eivissa\/#\/schema\/person\/099ab3ef73a3645a1d7f303518e6ce24"},"headline":"El PSOE denuncia els decrets de \u201cbomba tur\u00edstica\u201d i \u201cbomba de ciment\u201d del PP i VOX, que agreugen l\u2019emerg\u00e8ncia habitacional i ambiental d\u2019Eivissa","datePublished":"2025-04-14T11:30:06+00:00","mainEntityOfPage":{"@id":"https:\/\/www.psib-psoe.org\/eivissa\/el-psoe-denuncia-els-decrets-de-bomba-turistica-i-bomba-de-ciment-del-pp-i-vox-que-agreugen-lemergencia-habitacional-i-ambiental-deivissa\/"},"wordCount":1015,"publisher":{"@id":"https:\/\/www.psib-psoe.org\/eivissa\/#organization"},"image":{"@id":"https:\/\/www.psib-psoe.org\/eivissa\/el-psoe-denuncia-els-decrets-de-bomba-turistica-i-bomba-de-ciment-del-pp-i-vox-que-agreugen-lemergencia-habitacional-i-ambiental-deivissa\/#primaryimage"},"thumbnailUrl":"https:\/\/www.psib-psoe.org\/eivissa\/wp-content\/uploads\/FOTO-ELENA-PILAR.jpg","articleSection":["Consell d'Eivissa","Federaci\u00f3 d'Eivissa - Portada","Govern de les Illes Balears - Parlament - PSIB-PSOE"],"inLanguage":"ca"},{"@type":"WebPage","@id":"https:\/\/www.psib-psoe.org\/eivissa\/el-psoe-denuncia-els-decrets-de-bomba-turistica-i-bomba-de-ciment-del-pp-i-vox-que-agreugen-lemergencia-habitacional-i-ambiental-deivissa\/","url":"https:\/\/www.psib-psoe.org\/eivissa\/el-psoe-denuncia-els-decrets-de-bomba-turistica-i-bomba-de-ciment-del-pp-i-vox-que-agreugen-lemergencia-habitacional-i-ambiental-deivissa\/","name":"El PSOE denuncia els decrets de \u201cbomba tur\u00edstica\u201d i \u201cbomba de ciment\u201d del PP i VOX, que agreugen l\u2019emerg\u00e8ncia habitacional i ambiental d\u2019Eivissa - Federaci\u00f3 Socialista d&#039;Eivissa","isPartOf":{"@id":"https:\/\/www.psib-psoe.org\/eivissa\/#website"},"primaryImageOfPage":{"@id":"https:\/\/www.psib-psoe.org\/eivissa\/el-psoe-denuncia-els-decrets-de-bomba-turistica-i-bomba-de-ciment-del-pp-i-vox-que-agreugen-lemergencia-habitacional-i-ambiental-deivissa\/#primaryimage"},"image":{"@id":"https:\/\/www.psib-psoe.org\/eivissa\/el-psoe-denuncia-els-decrets-de-bomba-turistica-i-bomba-de-ciment-del-pp-i-vox-que-agreugen-lemergencia-habitacional-i-ambiental-deivissa\/#primaryimage"},"thumbnailUrl":"https:\/\/www.psib-psoe.org\/eivissa\/wp-content\/uploads\/FOTO-ELENA-PILAR.jpg","datePublished":"2025-04-14T11:30:06+00:00","breadcrumb":{"@id":"https:\/\/www.psib-psoe.org\/eivissa\/el-psoe-denuncia-els-decrets-de-bomba-turistica-i-bomba-de-ciment-del-pp-i-vox-que-agreugen-lemergencia-habitacional-i-ambiental-deivissa\/#breadcrumb"},"inLanguage":"ca","potentialAction":[{"@type":"ReadAction","target":["https:\/\/www.psib-psoe.org\/eivissa\/el-psoe-denuncia-els-decrets-de-bomba-turistica-i-bomba-de-ciment-del-pp-i-vox-que-agreugen-lemergencia-habitacional-i-ambiental-deivissa\/"]}]},{"@type":"ImageObject","inLanguage":"ca","@id":"https:\/\/www.psib-psoe.org\/eivissa\/el-psoe-denuncia-els-decrets-de-bomba-turistica-i-bomba-de-ciment-del-pp-i-vox-que-agreugen-lemergencia-habitacional-i-ambiental-deivissa\/#primaryimage","url":"https:\/\/www.psib-psoe.org\/eivissa\/wp-content\/uploads\/FOTO-ELENA-PILAR.jpg","contentUrl":"https:\/\/www.psib-psoe.org\/eivissa\/wp-content\/uploads\/FOTO-ELENA-PILAR.jpg","width":1920,"height":1080},{"@type":"BreadcrumbList","@id":"https:\/\/www.psib-psoe.org\/eivissa\/el-psoe-denuncia-els-decrets-de-bomba-turistica-i-bomba-de-ciment-del-pp-i-vox-que-agreugen-lemergencia-habitacional-i-ambiental-deivissa\/#breadcrumb","itemListElement":[{"@type":"ListItem","position":1,"name":"Inici","item":"https:\/\/www.psib-psoe.org\/eivissa\/"},{"@type":"ListItem","position":2,"name":"El PSOE denuncia els decrets de \u201cbomba tur\u00edstica\u201d i \u201cbomba de ciment\u201d del PP i VOX, que agreugen l\u2019emerg\u00e8ncia habitacional i ambiental d\u2019Eivissa"}]},{"@type":"WebSite","@id":"https:\/\/www.psib-psoe.org\/eivissa\/#website","url":"https:\/\/www.psib-psoe.org\/eivissa\/","name":"Federaci\u00f3 Socialista d'Eivissa","description":"Socialistes d&#039;Eivissa","publisher":{"@id":"https:\/\/www.psib-psoe.org\/eivissa\/#organization"},"potentialAction":[{"@type":"SearchAction","target":{"@type":"EntryPoint","urlTemplate":"https:\/\/www.psib-psoe.org\/eivissa\/?s={search_term_string}"},"query-input":{"@type":"PropertyValueSpecification","valueRequired":true,"valueName":"search_term_string"}}],"inLanguage":"ca"},{"@type":"Organization","@id":"https:\/\/www.psib-psoe.org\/eivissa\/#organization","name":"Federaci\u00f3 Socialista d'Eivissa","url":"https:\/\/www.psib-psoe.org\/eivissa\/","logo":{"@type":"ImageObject","inLanguage":"ca","@id":"https:\/\/www.psib-psoe.org\/eivissa\/#\/schema\/logo\/image\/","url":"https:\/\/www.psib-psoe.org\/eivissa\/wp-content\/uploads\/LOGO-FSE-SOCIALISTA-DEIVISSA-HORI.png","contentUrl":"https:\/\/www.psib-psoe.org\/eivissa\/wp-content\/uploads\/LOGO-FSE-SOCIALISTA-DEIVISSA-HORI.png","width":6000,"height":3104,"caption":"Federaci\u00f3 Socialista d'Eivissa"},"image":{"@id":"https:\/\/www.psib-psoe.org\/eivissa\/#\/schema\/logo\/image\/"}},{"@type":"Person","@id":"https:\/\/www.psib-psoe.org\/eivissa\/#\/schema\/person\/099ab3ef73a3645a1d7f303518e6ce24","name":"adminpsib","url":"https:\/\/www.psib-psoe.org\/eivissa\/author\/adminpsib\/"}]}},"_links":{"self":[{"href":"https:\/\/www.psib-psoe.org\/eivissa\/wp-json\/wp\/v2\/posts\/40620","targetHints":{"allow":["GET"]}}],"collection":[{"href":"https:\/\/www.psib-psoe.org\/eivissa\/wp-json\/wp\/v2\/posts"}],"about":[{"href":"https:\/\/www.psib-psoe.org\/eivissa\/wp-json\/wp\/v2\/types\/post"}],"author":[{"embeddable":true,"href":"https:\/\/www.psib-psoe.org\/eivissa\/wp-json\/wp\/v2\/users\/1"}],"replies":[{"embeddable":true,"href":"https:\/\/www.psib-psoe.org\/eivissa\/wp-json\/wp\/v2\/comments?post=40620"}],"version-history":[{"count":1,"href":"https:\/\/www.psib-psoe.org\/eivissa\/wp-json\/wp\/v2\/posts\/40620\/revisions"}],"predecessor-version":[{"id":40623,"href":"https:\/\/www.psib-psoe.org\/eivissa\/wp-json\/wp\/v2\/posts\/40620\/revisions\/40623"}],"wp:featuredmedia":[{"embeddable":true,"href":"https:\/\/www.psib-psoe.org\/eivissa\/wp-json\/wp\/v2\/media\/40622"}],"wp:attachment":[{"href":"https:\/\/www.psib-psoe.org\/eivissa\/wp-json\/wp\/v2\/media?parent=40620"}],"wp:term":[{"taxonomy":"category","embeddable":true,"href":"https:\/\/www.psib-psoe.org\/eivissa\/wp-json\/wp\/v2\/categories?post=40620"},{"taxonomy":"post_tag","embeddable":true,"href":"https:\/\/www.psib-psoe.org\/eivissa\/wp-json\/wp\/v2\/tags?post=40620"}],"curies":[{"name":"wp","href":"https:\/\/api.w.org\/{rel}","templated":true}]}}