{"id":40685,"date":"2025-05-06T13:29:52","date_gmt":"2025-05-06T11:29:52","guid":{"rendered":"https:\/\/www.psib-psoe.org\/eivissa\/?p=40685"},"modified":"2025-05-06T13:29:52","modified_gmt":"2025-05-06T11:29:52","slug":"marco-guerrero-denuncia-que-amb-el-decret-turistic-pp-i-vox-condemnen-la-convivencia-i-dinamiten-les-possibilitats-daccedir-a-un-habitatge","status":"publish","type":"post","link":"https:\/\/www.psib-psoe.org\/eivissa\/marco-guerrero-denuncia-que-amb-el-decret-turistic-pp-i-vox-condemnen-la-convivencia-i-dinamiten-les-possibilitats-daccedir-a-un-habitatge\/","title":{"rendered":"Marco Guerrero denuncia que amb el decret tur\u00edstic PP i Vox \u201ccondemnen la conviv\u00e8ncia i dinamiten les possibilitats d\u2019accedir a un habitatge\u201d"},"content":{"rendered":"<p>El diputat eivissenc del Grup Parlamentari Socialista Marco Guerrero ha denunciat aquest dimarts que el decret impulsat pel Govern balear suposa un retroc\u00e9s en mat\u00e8ria d\u2019habitatge i conviv\u00e8ncia i afavoreix l\u2019expansi\u00f3 del lloguer tur\u00edstic en detriment del dret a residir dignament a les Illes.<\/p>\n<p>\u201cAmb l&#8217;aprovaci\u00f3 del decret, avui vost\u00e8s condemnen la conviv\u00e8ncia i dinamiten les possibilitats d\u2019accedir a un habitatge, tot pel benefici d&#8217;uns pocs\u201d, ha afirmat Guerrero, que ha demanat al conseller de Turisme, Jaume Bauz\u00e1: \u201cDavant l&#8217;increment dels lloguers tur\u00edstics il\u00b7legals, quants pisos o places han retirat del mercat?\u201d.<\/p>\n<p>El diputat ha advertit que la inacci\u00f3 del Govern davant l\u2019oferta il\u00b7legal \u00e9s evident: \u201cNom\u00e9s faltaria que no actuaran contra l\u2019oferta il\u00b7legal\u2026 per\u00f2 amb no massa \u00e8xit li he de dir\u201d. En aquest sentit, ha recordat que, segons un informe del Ministeri de Consum, \u201cm\u00e9s de 7.000 pisos a les Illes Balears es lloguen sense llic\u00e8ncia via plataformes digitals\u201d.<\/p>\n<p>Marco Guerrero ha retret al conseller Bauz\u00e0 que el Govern \u201cest\u00e0 m\u00e9s preocupat per defensar el lloguer tur\u00edstic vacacional, que la conviv\u00e8ncia i les opcions de resid\u00e8ncia per a la ciutadania\u201d. I ha advertit: \u201cAix\u00f2 nom\u00e9s potser per dues coses: o desconeixen la realitat de les nostres illes, o tenen altres interessos\u201d.<\/p>\n<p>Segons ha explicat el diputat socialista, el decret consolida places tur\u00edstiques que amb la legislaci\u00f3 anterior haurien desaparegut i retornat al mercat residencial. \u201cVost\u00e8s avui han decidit protegir-la, i fomentar-la, consolidant unes places que amb la legislaci\u00f3 progressista anterior desapareixerien i tornarien al lloguer residencial\u201d, ha dit, recordant les paraules del vicepresident Costa.<\/p>\n<p>Marco Guerrero tamb\u00e9 ha assenyalat que \u201cper m\u00e9s que busc a la Constituci\u00f3, no hi trob cap article que defensi el dret a explotar un lloguer tur\u00edstic de temporada; en canvi, a l\u2019article 47, s\u00ed que trob que tots els espanyols tenen dret a un habitatge digne\u201d.<\/p>\n<p>\u201cVost\u00e8s han decidit repartir les plusv\u00e0lues urban\u00edstiques, i tur\u00edstiques, entre promotors i rentistes. En canvi, repartir els problemes de conviv\u00e8ncia i la falta d\u2019habitatge nom\u00e9s entre els residents\u201d, ha afegit. I ha concl\u00f2s: \u201cVost\u00e8s avui cronificaran un problema legitimant que cada casa sigui un hotel. Rectifiquin, i defensin als residents, recuperin la conviv\u00e8ncia, no aprovin el Decret i deixin als turistes als hotels\u201d.<\/p>\n","protected":false},"excerpt":{"rendered":"<p>El diputat eivissenc del Grup Parlamentari Socialista Marco Guerrero ha denunciat aquest dimarts que el decret impulsat pel Govern balear suposa un retroc\u00e9s en mat\u00e8ria d\u2019habitatge i conviv\u00e8ncia i afavoreix l\u2019expansi\u00f3 del lloguer tur\u00edstic en detriment del dret a residir dignament a les Illes. \u201cAmb l&#8217;aprovaci\u00f3 del decret, avui vost\u00e8s condemnen la conviv\u00e8ncia i dinamiten&hellip;<\/p>\n","protected":false},"author":1,"featured_media":40686,"comment_status":"closed","ping_status":"closed","sticky":false,"template":"","format":"standard","meta":{"footnotes":""},"categories":[1,191],"tags":[],"class_list":["post-40685","post","type-post","status-publish","format-standard","has-post-thumbnail","hentry","category-federacio-de-eivissa-portada","category-govern-de-les-illes-balears-parlament"],"yoast_head":"<!-- This site is optimized with the Yoast SEO plugin v26.9 - https:\/\/yoast.com\/product\/yoast-seo-wordpress\/ -->\n<title>Marco Guerrero denuncia que amb el decret tur\u00edstic PP i Vox \u201ccondemnen la conviv\u00e8ncia i dinamiten les possibilitats d\u2019accedir a un habitatge\u201d - Federaci\u00f3 Socialista d&#039;Eivissa<\/title>\n<meta name=\"robots\" content=\"index, follow, max-snippet:-1, max-image-preview:large, max-video-preview:-1\" \/>\n<link rel=\"canonical\" href=\"https:\/\/www.psib-psoe.org\/eivissa\/marco-guerrero-denuncia-que-amb-el-decret-turistic-pp-i-vox-condemnen-la-convivencia-i-dinamiten-les-possibilitats-daccedir-a-un-habitatge\/\" \/>\n<meta property=\"og:locale\" content=\"ca_ES\" \/>\n<meta property=\"og:type\" content=\"article\" \/>\n<meta property=\"og:title\" content=\"Marco Guerrero denuncia que amb el decret tur\u00edstic PP i Vox \u201ccondemnen la conviv\u00e8ncia i dinamiten les possibilitats d\u2019accedir a un habitatge\u201d - Federaci\u00f3 Socialista d&#039;Eivissa\" \/>\n<meta property=\"og:description\" content=\"El diputat eivissenc del Grup Parlamentari Socialista Marco Guerrero ha denunciat aquest dimarts que el decret impulsat pel Govern balear suposa un retroc\u00e9s en mat\u00e8ria d\u2019habitatge i conviv\u00e8ncia i afavoreix l\u2019expansi\u00f3 del lloguer tur\u00edstic en detriment del dret a residir dignament a les Illes. \u201cAmb l&#8217;aprovaci\u00f3 del decret, avui vost\u00e8s condemnen la conviv\u00e8ncia i dinamiten&hellip;\" \/>\n<meta property=\"og:url\" content=\"https:\/\/www.psib-psoe.org\/eivissa\/marco-guerrero-denuncia-que-amb-el-decret-turistic-pp-i-vox-condemnen-la-convivencia-i-dinamiten-les-possibilitats-daccedir-a-un-habitatge\/\" \/>\n<meta property=\"og:site_name\" content=\"Federaci\u00f3 Socialista d&#039;Eivissa\" \/>\n<meta property=\"article:published_time\" content=\"2025-05-06T11:29:52+00:00\" \/>\n<meta property=\"og:image\" content=\"https:\/\/www.psib-psoe.org\/eivissa\/wp-content\/uploads\/marco-06-05-2025.png\" \/>\n\t<meta property=\"og:image:width\" content=\"443\" \/>\n\t<meta property=\"og:image:height\" content=\"242\" \/>\n\t<meta property=\"og:image:type\" content=\"image\/png\" \/>\n<meta name=\"author\" content=\"adminpsib\" \/>\n<meta name=\"twitter:card\" content=\"summary_large_image\" \/>\n<meta name=\"twitter:label1\" content=\"Escrit per\" \/>\n\t<meta name=\"twitter:data1\" content=\"adminpsib\" \/>\n\t<meta name=\"twitter:label2\" content=\"Temps estimat de lectura\" \/>\n\t<meta name=\"twitter:data2\" content=\"2 minuts\" \/>\n<script type=\"application\/ld+json\" class=\"yoast-schema-graph\">{\"@context\":\"https:\/\/schema.org\",\"@graph\":[{\"@type\":[\"Article\",\"BlogPosting\"],\"@id\":\"https:\/\/www.psib-psoe.org\/eivissa\/marco-guerrero-denuncia-que-amb-el-decret-turistic-pp-i-vox-condemnen-la-convivencia-i-dinamiten-les-possibilitats-daccedir-a-un-habitatge\/#article\",\"isPartOf\":{\"@id\":\"https:\/\/www.psib-psoe.org\/eivissa\/marco-guerrero-denuncia-que-amb-el-decret-turistic-pp-i-vox-condemnen-la-convivencia-i-dinamiten-les-possibilitats-daccedir-a-un-habitatge\/\"},\"author\":{\"name\":\"adminpsib\",\"@id\":\"https:\/\/www.psib-psoe.org\/eivissa\/#\/schema\/person\/099ab3ef73a3645a1d7f303518e6ce24\"},\"headline\":\"Marco Guerrero denuncia que amb el decret tur\u00edstic PP i Vox \u201ccondemnen la conviv\u00e8ncia i dinamiten les possibilitats d\u2019accedir a un habitatge\u201d\",\"datePublished\":\"2025-05-06T11:29:52+00:00\",\"mainEntityOfPage\":{\"@id\":\"https:\/\/www.psib-psoe.org\/eivissa\/marco-guerrero-denuncia-que-amb-el-decret-turistic-pp-i-vox-condemnen-la-convivencia-i-dinamiten-les-possibilitats-daccedir-a-un-habitatge\/\"},\"wordCount\":427,\"publisher\":{\"@id\":\"https:\/\/www.psib-psoe.org\/eivissa\/#organization\"},\"image\":{\"@id\":\"https:\/\/www.psib-psoe.org\/eivissa\/marco-guerrero-denuncia-que-amb-el-decret-turistic-pp-i-vox-condemnen-la-convivencia-i-dinamiten-les-possibilitats-daccedir-a-un-habitatge\/#primaryimage\"},\"thumbnailUrl\":\"https:\/\/www.psib-psoe.org\/eivissa\/wp-content\/uploads\/marco-06-05-2025.png\",\"articleSection\":[\"Federaci\u00f3 d'Eivissa - Portada\",\"Govern de les Illes Balears - Parlament - PSIB-PSOE\"],\"inLanguage\":\"ca\"},{\"@type\":\"WebPage\",\"@id\":\"https:\/\/www.psib-psoe.org\/eivissa\/marco-guerrero-denuncia-que-amb-el-decret-turistic-pp-i-vox-condemnen-la-convivencia-i-dinamiten-les-possibilitats-daccedir-a-un-habitatge\/\",\"url\":\"https:\/\/www.psib-psoe.org\/eivissa\/marco-guerrero-denuncia-que-amb-el-decret-turistic-pp-i-vox-condemnen-la-convivencia-i-dinamiten-les-possibilitats-daccedir-a-un-habitatge\/\",\"name\":\"Marco Guerrero denuncia que amb el decret tur\u00edstic PP i Vox \u201ccondemnen la conviv\u00e8ncia i dinamiten les possibilitats d\u2019accedir a un habitatge\u201d - Federaci\u00f3 Socialista d&#039;Eivissa\",\"isPartOf\":{\"@id\":\"https:\/\/www.psib-psoe.org\/eivissa\/#website\"},\"primaryImageOfPage\":{\"@id\":\"https:\/\/www.psib-psoe.org\/eivissa\/marco-guerrero-denuncia-que-amb-el-decret-turistic-pp-i-vox-condemnen-la-convivencia-i-dinamiten-les-possibilitats-daccedir-a-un-habitatge\/#primaryimage\"},\"image\":{\"@id\":\"https:\/\/www.psib-psoe.org\/eivissa\/marco-guerrero-denuncia-que-amb-el-decret-turistic-pp-i-vox-condemnen-la-convivencia-i-dinamiten-les-possibilitats-daccedir-a-un-habitatge\/#primaryimage\"},\"thumbnailUrl\":\"https:\/\/www.psib-psoe.org\/eivissa\/wp-content\/uploads\/marco-06-05-2025.png\",\"datePublished\":\"2025-05-06T11:29:52+00:00\",\"breadcrumb\":{\"@id\":\"https:\/\/www.psib-psoe.org\/eivissa\/marco-guerrero-denuncia-que-amb-el-decret-turistic-pp-i-vox-condemnen-la-convivencia-i-dinamiten-les-possibilitats-daccedir-a-un-habitatge\/#breadcrumb\"},\"inLanguage\":\"ca\",\"potentialAction\":[{\"@type\":\"ReadAction\",\"target\":[\"https:\/\/www.psib-psoe.org\/eivissa\/marco-guerrero-denuncia-que-amb-el-decret-turistic-pp-i-vox-condemnen-la-convivencia-i-dinamiten-les-possibilitats-daccedir-a-un-habitatge\/\"]}]},{\"@type\":\"ImageObject\",\"inLanguage\":\"ca\",\"@id\":\"https:\/\/www.psib-psoe.org\/eivissa\/marco-guerrero-denuncia-que-amb-el-decret-turistic-pp-i-vox-condemnen-la-convivencia-i-dinamiten-les-possibilitats-daccedir-a-un-habitatge\/#primaryimage\",\"url\":\"https:\/\/www.psib-psoe.org\/eivissa\/wp-content\/uploads\/marco-06-05-2025.png\",\"contentUrl\":\"https:\/\/www.psib-psoe.org\/eivissa\/wp-content\/uploads\/marco-06-05-2025.png\",\"width\":443,\"height\":242},{\"@type\":\"BreadcrumbList\",\"@id\":\"https:\/\/www.psib-psoe.org\/eivissa\/marco-guerrero-denuncia-que-amb-el-decret-turistic-pp-i-vox-condemnen-la-convivencia-i-dinamiten-les-possibilitats-daccedir-a-un-habitatge\/#breadcrumb\",\"itemListElement\":[{\"@type\":\"ListItem\",\"position\":1,\"name\":\"Inici\",\"item\":\"https:\/\/www.psib-psoe.org\/eivissa\/\"},{\"@type\":\"ListItem\",\"position\":2,\"name\":\"Marco Guerrero denuncia que amb el decret tur\u00edstic PP i Vox \u201ccondemnen la conviv\u00e8ncia i dinamiten les possibilitats d\u2019accedir a un habitatge\u201d\"}]},{\"@type\":\"WebSite\",\"@id\":\"https:\/\/www.psib-psoe.org\/eivissa\/#website\",\"url\":\"https:\/\/www.psib-psoe.org\/eivissa\/\",\"name\":\"Federaci\u00f3 Socialista d'Eivissa\",\"description\":\"Socialistes d&#039;Eivissa\",\"publisher\":{\"@id\":\"https:\/\/www.psib-psoe.org\/eivissa\/#organization\"},\"potentialAction\":[{\"@type\":\"SearchAction\",\"target\":{\"@type\":\"EntryPoint\",\"urlTemplate\":\"https:\/\/www.psib-psoe.org\/eivissa\/?s={search_term_string}\"},\"query-input\":{\"@type\":\"PropertyValueSpecification\",\"valueRequired\":true,\"valueName\":\"search_term_string\"}}],\"inLanguage\":\"ca\"},{\"@type\":\"Organization\",\"@id\":\"https:\/\/www.psib-psoe.org\/eivissa\/#organization\",\"name\":\"Federaci\u00f3 Socialista d'Eivissa\",\"url\":\"https:\/\/www.psib-psoe.org\/eivissa\/\",\"logo\":{\"@type\":\"ImageObject\",\"inLanguage\":\"ca\",\"@id\":\"https:\/\/www.psib-psoe.org\/eivissa\/#\/schema\/logo\/image\/\",\"url\":\"https:\/\/www.psib-psoe.org\/eivissa\/wp-content\/uploads\/LOGO-FSE-SOCIALISTA-DEIVISSA-HORI.png\",\"contentUrl\":\"https:\/\/www.psib-psoe.org\/eivissa\/wp-content\/uploads\/LOGO-FSE-SOCIALISTA-DEIVISSA-HORI.png\",\"width\":6000,\"height\":3104,\"caption\":\"Federaci\u00f3 Socialista d'Eivissa\"},\"image\":{\"@id\":\"https:\/\/www.psib-psoe.org\/eivissa\/#\/schema\/logo\/image\/\"}},{\"@type\":\"Person\",\"@id\":\"https:\/\/www.psib-psoe.org\/eivissa\/#\/schema\/person\/099ab3ef73a3645a1d7f303518e6ce24\",\"name\":\"adminpsib\",\"url\":\"https:\/\/www.psib-psoe.org\/eivissa\/author\/adminpsib\/\"}]}<\/script>\n<!-- \/ Yoast SEO plugin. -->","yoast_head_json":{"title":"Marco Guerrero denuncia que amb el decret tur\u00edstic PP i Vox \u201ccondemnen la conviv\u00e8ncia i dinamiten les possibilitats d\u2019accedir a un habitatge\u201d - Federaci\u00f3 Socialista d&#039;Eivissa","robots":{"index":"index","follow":"follow","max-snippet":"max-snippet:-1","max-image-preview":"max-image-preview:large","max-video-preview":"max-video-preview:-1"},"canonical":"https:\/\/www.psib-psoe.org\/eivissa\/marco-guerrero-denuncia-que-amb-el-decret-turistic-pp-i-vox-condemnen-la-convivencia-i-dinamiten-les-possibilitats-daccedir-a-un-habitatge\/","og_locale":"ca_ES","og_type":"article","og_title":"Marco Guerrero denuncia que amb el decret tur\u00edstic PP i Vox \u201ccondemnen la conviv\u00e8ncia i dinamiten les possibilitats d\u2019accedir a un habitatge\u201d - Federaci\u00f3 Socialista d&#039;Eivissa","og_description":"El diputat eivissenc del Grup Parlamentari Socialista Marco Guerrero ha denunciat aquest dimarts que el decret impulsat pel Govern balear suposa un retroc\u00e9s en mat\u00e8ria d\u2019habitatge i conviv\u00e8ncia i afavoreix l\u2019expansi\u00f3 del lloguer tur\u00edstic en detriment del dret a residir dignament a les Illes. \u201cAmb l&#8217;aprovaci\u00f3 del decret, avui vost\u00e8s condemnen la conviv\u00e8ncia i dinamiten&hellip;","og_url":"https:\/\/www.psib-psoe.org\/eivissa\/marco-guerrero-denuncia-que-amb-el-decret-turistic-pp-i-vox-condemnen-la-convivencia-i-dinamiten-les-possibilitats-daccedir-a-un-habitatge\/","og_site_name":"Federaci\u00f3 Socialista d&#039;Eivissa","article_published_time":"2025-05-06T11:29:52+00:00","og_image":[{"width":443,"height":242,"url":"https:\/\/www.psib-psoe.org\/eivissa\/wp-content\/uploads\/marco-06-05-2025.png","type":"image\/png"}],"author":"adminpsib","twitter_card":"summary_large_image","twitter_misc":{"Escrit per":"adminpsib","Temps estimat de lectura":"2 minuts"},"schema":{"@context":"https:\/\/schema.org","@graph":[{"@type":["Article","BlogPosting"],"@id":"https:\/\/www.psib-psoe.org\/eivissa\/marco-guerrero-denuncia-que-amb-el-decret-turistic-pp-i-vox-condemnen-la-convivencia-i-dinamiten-les-possibilitats-daccedir-a-un-habitatge\/#article","isPartOf":{"@id":"https:\/\/www.psib-psoe.org\/eivissa\/marco-guerrero-denuncia-que-amb-el-decret-turistic-pp-i-vox-condemnen-la-convivencia-i-dinamiten-les-possibilitats-daccedir-a-un-habitatge\/"},"author":{"name":"adminpsib","@id":"https:\/\/www.psib-psoe.org\/eivissa\/#\/schema\/person\/099ab3ef73a3645a1d7f303518e6ce24"},"headline":"Marco Guerrero denuncia que amb el decret tur\u00edstic PP i Vox \u201ccondemnen la conviv\u00e8ncia i dinamiten les possibilitats d\u2019accedir a un habitatge\u201d","datePublished":"2025-05-06T11:29:52+00:00","mainEntityOfPage":{"@id":"https:\/\/www.psib-psoe.org\/eivissa\/marco-guerrero-denuncia-que-amb-el-decret-turistic-pp-i-vox-condemnen-la-convivencia-i-dinamiten-les-possibilitats-daccedir-a-un-habitatge\/"},"wordCount":427,"publisher":{"@id":"https:\/\/www.psib-psoe.org\/eivissa\/#organization"},"image":{"@id":"https:\/\/www.psib-psoe.org\/eivissa\/marco-guerrero-denuncia-que-amb-el-decret-turistic-pp-i-vox-condemnen-la-convivencia-i-dinamiten-les-possibilitats-daccedir-a-un-habitatge\/#primaryimage"},"thumbnailUrl":"https:\/\/www.psib-psoe.org\/eivissa\/wp-content\/uploads\/marco-06-05-2025.png","articleSection":["Federaci\u00f3 d'Eivissa - Portada","Govern de les Illes Balears - Parlament - PSIB-PSOE"],"inLanguage":"ca"},{"@type":"WebPage","@id":"https:\/\/www.psib-psoe.org\/eivissa\/marco-guerrero-denuncia-que-amb-el-decret-turistic-pp-i-vox-condemnen-la-convivencia-i-dinamiten-les-possibilitats-daccedir-a-un-habitatge\/","url":"https:\/\/www.psib-psoe.org\/eivissa\/marco-guerrero-denuncia-que-amb-el-decret-turistic-pp-i-vox-condemnen-la-convivencia-i-dinamiten-les-possibilitats-daccedir-a-un-habitatge\/","name":"Marco Guerrero denuncia que amb el decret tur\u00edstic PP i Vox \u201ccondemnen la conviv\u00e8ncia i dinamiten les possibilitats d\u2019accedir a un habitatge\u201d - Federaci\u00f3 Socialista d&#039;Eivissa","isPartOf":{"@id":"https:\/\/www.psib-psoe.org\/eivissa\/#website"},"primaryImageOfPage":{"@id":"https:\/\/www.psib-psoe.org\/eivissa\/marco-guerrero-denuncia-que-amb-el-decret-turistic-pp-i-vox-condemnen-la-convivencia-i-dinamiten-les-possibilitats-daccedir-a-un-habitatge\/#primaryimage"},"image":{"@id":"https:\/\/www.psib-psoe.org\/eivissa\/marco-guerrero-denuncia-que-amb-el-decret-turistic-pp-i-vox-condemnen-la-convivencia-i-dinamiten-les-possibilitats-daccedir-a-un-habitatge\/#primaryimage"},"thumbnailUrl":"https:\/\/www.psib-psoe.org\/eivissa\/wp-content\/uploads\/marco-06-05-2025.png","datePublished":"2025-05-06T11:29:52+00:00","breadcrumb":{"@id":"https:\/\/www.psib-psoe.org\/eivissa\/marco-guerrero-denuncia-que-amb-el-decret-turistic-pp-i-vox-condemnen-la-convivencia-i-dinamiten-les-possibilitats-daccedir-a-un-habitatge\/#breadcrumb"},"inLanguage":"ca","potentialAction":[{"@type":"ReadAction","target":["https:\/\/www.psib-psoe.org\/eivissa\/marco-guerrero-denuncia-que-amb-el-decret-turistic-pp-i-vox-condemnen-la-convivencia-i-dinamiten-les-possibilitats-daccedir-a-un-habitatge\/"]}]},{"@type":"ImageObject","inLanguage":"ca","@id":"https:\/\/www.psib-psoe.org\/eivissa\/marco-guerrero-denuncia-que-amb-el-decret-turistic-pp-i-vox-condemnen-la-convivencia-i-dinamiten-les-possibilitats-daccedir-a-un-habitatge\/#primaryimage","url":"https:\/\/www.psib-psoe.org\/eivissa\/wp-content\/uploads\/marco-06-05-2025.png","contentUrl":"https:\/\/www.psib-psoe.org\/eivissa\/wp-content\/uploads\/marco-06-05-2025.png","width":443,"height":242},{"@type":"BreadcrumbList","@id":"https:\/\/www.psib-psoe.org\/eivissa\/marco-guerrero-denuncia-que-amb-el-decret-turistic-pp-i-vox-condemnen-la-convivencia-i-dinamiten-les-possibilitats-daccedir-a-un-habitatge\/#breadcrumb","itemListElement":[{"@type":"ListItem","position":1,"name":"Inici","item":"https:\/\/www.psib-psoe.org\/eivissa\/"},{"@type":"ListItem","position":2,"name":"Marco Guerrero denuncia que amb el decret tur\u00edstic PP i Vox \u201ccondemnen la conviv\u00e8ncia i dinamiten les possibilitats d\u2019accedir a un habitatge\u201d"}]},{"@type":"WebSite","@id":"https:\/\/www.psib-psoe.org\/eivissa\/#website","url":"https:\/\/www.psib-psoe.org\/eivissa\/","name":"Federaci\u00f3 Socialista d'Eivissa","description":"Socialistes d&#039;Eivissa","publisher":{"@id":"https:\/\/www.psib-psoe.org\/eivissa\/#organization"},"potentialAction":[{"@type":"SearchAction","target":{"@type":"EntryPoint","urlTemplate":"https:\/\/www.psib-psoe.org\/eivissa\/?s={search_term_string}"},"query-input":{"@type":"PropertyValueSpecification","valueRequired":true,"valueName":"search_term_string"}}],"inLanguage":"ca"},{"@type":"Organization","@id":"https:\/\/www.psib-psoe.org\/eivissa\/#organization","name":"Federaci\u00f3 Socialista d'Eivissa","url":"https:\/\/www.psib-psoe.org\/eivissa\/","logo":{"@type":"ImageObject","inLanguage":"ca","@id":"https:\/\/www.psib-psoe.org\/eivissa\/#\/schema\/logo\/image\/","url":"https:\/\/www.psib-psoe.org\/eivissa\/wp-content\/uploads\/LOGO-FSE-SOCIALISTA-DEIVISSA-HORI.png","contentUrl":"https:\/\/www.psib-psoe.org\/eivissa\/wp-content\/uploads\/LOGO-FSE-SOCIALISTA-DEIVISSA-HORI.png","width":6000,"height":3104,"caption":"Federaci\u00f3 Socialista d'Eivissa"},"image":{"@id":"https:\/\/www.psib-psoe.org\/eivissa\/#\/schema\/logo\/image\/"}},{"@type":"Person","@id":"https:\/\/www.psib-psoe.org\/eivissa\/#\/schema\/person\/099ab3ef73a3645a1d7f303518e6ce24","name":"adminpsib","url":"https:\/\/www.psib-psoe.org\/eivissa\/author\/adminpsib\/"}]}},"_links":{"self":[{"href":"https:\/\/www.psib-psoe.org\/eivissa\/wp-json\/wp\/v2\/posts\/40685","targetHints":{"allow":["GET"]}}],"collection":[{"href":"https:\/\/www.psib-psoe.org\/eivissa\/wp-json\/wp\/v2\/posts"}],"about":[{"href":"https:\/\/www.psib-psoe.org\/eivissa\/wp-json\/wp\/v2\/types\/post"}],"author":[{"embeddable":true,"href":"https:\/\/www.psib-psoe.org\/eivissa\/wp-json\/wp\/v2\/users\/1"}],"replies":[{"embeddable":true,"href":"https:\/\/www.psib-psoe.org\/eivissa\/wp-json\/wp\/v2\/comments?post=40685"}],"version-history":[{"count":1,"href":"https:\/\/www.psib-psoe.org\/eivissa\/wp-json\/wp\/v2\/posts\/40685\/revisions"}],"predecessor-version":[{"id":40687,"href":"https:\/\/www.psib-psoe.org\/eivissa\/wp-json\/wp\/v2\/posts\/40685\/revisions\/40687"}],"wp:featuredmedia":[{"embeddable":true,"href":"https:\/\/www.psib-psoe.org\/eivissa\/wp-json\/wp\/v2\/media\/40686"}],"wp:attachment":[{"href":"https:\/\/www.psib-psoe.org\/eivissa\/wp-json\/wp\/v2\/media?parent=40685"}],"wp:term":[{"taxonomy":"category","embeddable":true,"href":"https:\/\/www.psib-psoe.org\/eivissa\/wp-json\/wp\/v2\/categories?post=40685"},{"taxonomy":"post_tag","embeddable":true,"href":"https:\/\/www.psib-psoe.org\/eivissa\/wp-json\/wp\/v2\/tags?post=40685"}],"curies":[{"name":"wp","href":"https:\/\/api.w.org\/{rel}","templated":true}]}}