{"id":40735,"date":"2025-05-15T10:40:57","date_gmt":"2025-05-15T08:40:57","guid":{"rendered":"https:\/\/www.psib-psoe.org\/eivissa\/?p=40735"},"modified":"2025-05-15T10:40:57","modified_gmt":"2025-05-15T08:40:57","slug":"queixes-de-pudors-al-port-de-sant-miquel-per-culpa-de-la-depuradora-el-psoe-exigeix-una-actuacio-urgent-a-lajuntament-de-sant-joan-i-al-govern-balear","status":"publish","type":"post","link":"https:\/\/www.psib-psoe.org\/eivissa\/queixes-de-pudors-al-port-de-sant-miquel-per-culpa-de-la-depuradora-el-psoe-exigeix-una-actuacio-urgent-a-lajuntament-de-sant-joan-i-al-govern-balear\/","title":{"rendered":"Queixes de pudors al Port de Sant Miquel per culpa de la depuradora. El PSOE exigeix una actuaci\u00f3 urgent a l\u2019Ajuntament de Sant Joan i al Govern balear"},"content":{"rendered":"<p>El Grup Municipal Socialista de Sant Joan de Labritja ha denunciat el mal funcionament de la depuradora del Port de Sant Miquel, una situaci\u00f3 que est\u00e0 generant greus mol\u00e8sties de pudors a residents i negocis de la zona, quan la temporada tur\u00edstica ja est\u00e0 en marxa.<\/p>\n<p>&#8220;\u00c9s inadmissible que una zona com el Port de Sant Miquel, que viu en bona part del turisme, hagi de patir les conseq\u00fc\u00e8ncies d\u2019un servei essencial que no funciona com toca&#8221;, ha denunciat Pep Torres \u2018Peret\u2019, portaveu del Grup Socialista.<\/p>\n<p>Els vesins i empresaris del sector tur\u00edstic traslladen les seves queixes sense obtenir una resposta clara ni cap soluci\u00f3 efectiva per part de l\u2019Ajuntament de Tania Mar\u00ed ni del Govern balear. Davant aquesta situaci\u00f3, el PSOE de Sant Joan exigeix una actuaci\u00f3 immediata i coordinada entre l\u2019Ajuntament i l\u2019Ag\u00e8ncia Balear de l\u2019Aigua i de la Qualitat Ambiental (ABAQUA).<\/p>\n<p>&#8220;La inacci\u00f3 de l\u2019equip de govern \u00e9s total. No pot ser que es tapin els ulls davant un problema tan evident, que afecta la vida di\u00e0ria de la gent i la reputaci\u00f3 del nostre municipi i d\u2019un dels nuclis tur\u00edstics m\u00e9s importants que tenim&#8221;, ha remarcat Torres.<\/p>\n<p>El grup Socialista exigeix mesures concretes, com ara una auditoria t\u00e8cnica urgent del funcionament de la depuradora, la redacci\u00f3 d\u2019un pla de millora per eliminar les pudors i la seua execuci\u00f3 immediata.<\/p>\n<p>&#8220;Aquest no \u00e9s un tema menor. Parlam de salut, de medi ambient i de respecte als nostres vesins i visitants. Si no actuen, hauran de donar explicacions&#8221;, ha advertit Pep Torres.<\/p>\n","protected":false},"excerpt":{"rendered":"<p>El Grup Municipal Socialista de Sant Joan de Labritja ha denunciat el mal funcionament de la depuradora del Port de Sant Miquel, una situaci\u00f3 que est\u00e0 generant greus mol\u00e8sties de pudors a residents i negocis de la zona, quan la temporada tur\u00edstica ja est\u00e0 en marxa. &#8220;\u00c9s inadmissible que una zona com el Port de&hellip;<\/p>\n","protected":false},"author":1,"featured_media":40736,"comment_status":"closed","ping_status":"closed","sticky":false,"template":"","format":"standard","meta":{"footnotes":""},"categories":[1,234,189],"tags":[],"class_list":["post-40735","post","type-post","status-publish","format-standard","has-post-thumbnail","hentry","category-federacio-de-eivissa-portada","category-municipis","category-sant-joan-de-labritja"],"yoast_head":"<!-- This site is optimized with the Yoast SEO plugin v26.9 - https:\/\/yoast.com\/product\/yoast-seo-wordpress\/ -->\n<title>Queixes de pudors al Port de Sant Miquel per culpa de la depuradora. El PSOE exigeix una actuaci\u00f3 urgent a l\u2019Ajuntament de Sant Joan i al Govern balear - Federaci\u00f3 Socialista d&#039;Eivissa<\/title>\n<meta name=\"robots\" content=\"index, follow, max-snippet:-1, max-image-preview:large, max-video-preview:-1\" \/>\n<link rel=\"canonical\" href=\"https:\/\/www.psib-psoe.org\/eivissa\/queixes-de-pudors-al-port-de-sant-miquel-per-culpa-de-la-depuradora-el-psoe-exigeix-una-actuacio-urgent-a-lajuntament-de-sant-joan-i-al-govern-balear\/\" \/>\n<meta property=\"og:locale\" content=\"ca_ES\" \/>\n<meta property=\"og:type\" content=\"article\" \/>\n<meta property=\"og:title\" content=\"Queixes de pudors al Port de Sant Miquel per culpa de la depuradora. El PSOE exigeix una actuaci\u00f3 urgent a l\u2019Ajuntament de Sant Joan i al Govern balear - Federaci\u00f3 Socialista d&#039;Eivissa\" \/>\n<meta property=\"og:description\" content=\"El Grup Municipal Socialista de Sant Joan de Labritja ha denunciat el mal funcionament de la depuradora del Port de Sant Miquel, una situaci\u00f3 que est\u00e0 generant greus mol\u00e8sties de pudors a residents i negocis de la zona, quan la temporada tur\u00edstica ja est\u00e0 en marxa. &#8220;\u00c9s inadmissible que una zona com el Port de&hellip;\" \/>\n<meta property=\"og:url\" content=\"https:\/\/www.psib-psoe.org\/eivissa\/queixes-de-pudors-al-port-de-sant-miquel-per-culpa-de-la-depuradora-el-psoe-exigeix-una-actuacio-urgent-a-lajuntament-de-sant-joan-i-al-govern-balear\/\" \/>\n<meta property=\"og:site_name\" content=\"Federaci\u00f3 Socialista d&#039;Eivissa\" \/>\n<meta property=\"article:published_time\" content=\"2025-05-15T08:40:57+00:00\" \/>\n<meta property=\"og:image\" content=\"https:\/\/www.psib-psoe.org\/eivissa\/wp-content\/uploads\/port-de-sant-miquel.png\" \/>\n\t<meta property=\"og:image:width\" content=\"1208\" \/>\n\t<meta property=\"og:image:height\" content=\"756\" \/>\n\t<meta property=\"og:image:type\" content=\"image\/png\" \/>\n<meta name=\"author\" content=\"adminpsib\" \/>\n<meta name=\"twitter:card\" content=\"summary_large_image\" \/>\n<meta name=\"twitter:label1\" content=\"Escrit per\" \/>\n\t<meta name=\"twitter:data1\" content=\"adminpsib\" \/>\n\t<meta name=\"twitter:label2\" content=\"Temps estimat de lectura\" \/>\n\t<meta name=\"twitter:data2\" content=\"1 minut\" \/>\n<script type=\"application\/ld+json\" class=\"yoast-schema-graph\">{\"@context\":\"https:\/\/schema.org\",\"@graph\":[{\"@type\":[\"Article\",\"BlogPosting\"],\"@id\":\"https:\/\/www.psib-psoe.org\/eivissa\/queixes-de-pudors-al-port-de-sant-miquel-per-culpa-de-la-depuradora-el-psoe-exigeix-una-actuacio-urgent-a-lajuntament-de-sant-joan-i-al-govern-balear\/#article\",\"isPartOf\":{\"@id\":\"https:\/\/www.psib-psoe.org\/eivissa\/queixes-de-pudors-al-port-de-sant-miquel-per-culpa-de-la-depuradora-el-psoe-exigeix-una-actuacio-urgent-a-lajuntament-de-sant-joan-i-al-govern-balear\/\"},\"author\":{\"name\":\"adminpsib\",\"@id\":\"https:\/\/www.psib-psoe.org\/eivissa\/#\/schema\/person\/099ab3ef73a3645a1d7f303518e6ce24\"},\"headline\":\"Queixes de pudors al Port de Sant Miquel per culpa de la depuradora. El PSOE exigeix una actuaci\u00f3 urgent a l\u2019Ajuntament de Sant Joan i al Govern balear\",\"datePublished\":\"2025-05-15T08:40:57+00:00\",\"mainEntityOfPage\":{\"@id\":\"https:\/\/www.psib-psoe.org\/eivissa\/queixes-de-pudors-al-port-de-sant-miquel-per-culpa-de-la-depuradora-el-psoe-exigeix-una-actuacio-urgent-a-lajuntament-de-sant-joan-i-al-govern-balear\/\"},\"wordCount\":300,\"publisher\":{\"@id\":\"https:\/\/www.psib-psoe.org\/eivissa\/#organization\"},\"image\":{\"@id\":\"https:\/\/www.psib-psoe.org\/eivissa\/queixes-de-pudors-al-port-de-sant-miquel-per-culpa-de-la-depuradora-el-psoe-exigeix-una-actuacio-urgent-a-lajuntament-de-sant-joan-i-al-govern-balear\/#primaryimage\"},\"thumbnailUrl\":\"https:\/\/www.psib-psoe.org\/eivissa\/wp-content\/uploads\/port-de-sant-miquel.png\",\"articleSection\":[\"Federaci\u00f3 d'Eivissa - Portada\",\"Municipis\",\"Sant Joan de Labritja\"],\"inLanguage\":\"ca\"},{\"@type\":\"WebPage\",\"@id\":\"https:\/\/www.psib-psoe.org\/eivissa\/queixes-de-pudors-al-port-de-sant-miquel-per-culpa-de-la-depuradora-el-psoe-exigeix-una-actuacio-urgent-a-lajuntament-de-sant-joan-i-al-govern-balear\/\",\"url\":\"https:\/\/www.psib-psoe.org\/eivissa\/queixes-de-pudors-al-port-de-sant-miquel-per-culpa-de-la-depuradora-el-psoe-exigeix-una-actuacio-urgent-a-lajuntament-de-sant-joan-i-al-govern-balear\/\",\"name\":\"Queixes de pudors al Port de Sant Miquel per culpa de la depuradora. El PSOE exigeix una actuaci\u00f3 urgent a l\u2019Ajuntament de Sant Joan i al Govern balear - Federaci\u00f3 Socialista d&#039;Eivissa\",\"isPartOf\":{\"@id\":\"https:\/\/www.psib-psoe.org\/eivissa\/#website\"},\"primaryImageOfPage\":{\"@id\":\"https:\/\/www.psib-psoe.org\/eivissa\/queixes-de-pudors-al-port-de-sant-miquel-per-culpa-de-la-depuradora-el-psoe-exigeix-una-actuacio-urgent-a-lajuntament-de-sant-joan-i-al-govern-balear\/#primaryimage\"},\"image\":{\"@id\":\"https:\/\/www.psib-psoe.org\/eivissa\/queixes-de-pudors-al-port-de-sant-miquel-per-culpa-de-la-depuradora-el-psoe-exigeix-una-actuacio-urgent-a-lajuntament-de-sant-joan-i-al-govern-balear\/#primaryimage\"},\"thumbnailUrl\":\"https:\/\/www.psib-psoe.org\/eivissa\/wp-content\/uploads\/port-de-sant-miquel.png\",\"datePublished\":\"2025-05-15T08:40:57+00:00\",\"breadcrumb\":{\"@id\":\"https:\/\/www.psib-psoe.org\/eivissa\/queixes-de-pudors-al-port-de-sant-miquel-per-culpa-de-la-depuradora-el-psoe-exigeix-una-actuacio-urgent-a-lajuntament-de-sant-joan-i-al-govern-balear\/#breadcrumb\"},\"inLanguage\":\"ca\",\"potentialAction\":[{\"@type\":\"ReadAction\",\"target\":[\"https:\/\/www.psib-psoe.org\/eivissa\/queixes-de-pudors-al-port-de-sant-miquel-per-culpa-de-la-depuradora-el-psoe-exigeix-una-actuacio-urgent-a-lajuntament-de-sant-joan-i-al-govern-balear\/\"]}]},{\"@type\":\"ImageObject\",\"inLanguage\":\"ca\",\"@id\":\"https:\/\/www.psib-psoe.org\/eivissa\/queixes-de-pudors-al-port-de-sant-miquel-per-culpa-de-la-depuradora-el-psoe-exigeix-una-actuacio-urgent-a-lajuntament-de-sant-joan-i-al-govern-balear\/#primaryimage\",\"url\":\"https:\/\/www.psib-psoe.org\/eivissa\/wp-content\/uploads\/port-de-sant-miquel.png\",\"contentUrl\":\"https:\/\/www.psib-psoe.org\/eivissa\/wp-content\/uploads\/port-de-sant-miquel.png\",\"width\":1208,\"height\":756},{\"@type\":\"BreadcrumbList\",\"@id\":\"https:\/\/www.psib-psoe.org\/eivissa\/queixes-de-pudors-al-port-de-sant-miquel-per-culpa-de-la-depuradora-el-psoe-exigeix-una-actuacio-urgent-a-lajuntament-de-sant-joan-i-al-govern-balear\/#breadcrumb\",\"itemListElement\":[{\"@type\":\"ListItem\",\"position\":1,\"name\":\"Inici\",\"item\":\"https:\/\/www.psib-psoe.org\/eivissa\/\"},{\"@type\":\"ListItem\",\"position\":2,\"name\":\"Queixes de pudors al Port de Sant Miquel per culpa de la depuradora. El PSOE exigeix una actuaci\u00f3 urgent a l\u2019Ajuntament de Sant Joan i al Govern balear\"}]},{\"@type\":\"WebSite\",\"@id\":\"https:\/\/www.psib-psoe.org\/eivissa\/#website\",\"url\":\"https:\/\/www.psib-psoe.org\/eivissa\/\",\"name\":\"Federaci\u00f3 Socialista d'Eivissa\",\"description\":\"Socialistes d&#039;Eivissa\",\"publisher\":{\"@id\":\"https:\/\/www.psib-psoe.org\/eivissa\/#organization\"},\"potentialAction\":[{\"@type\":\"SearchAction\",\"target\":{\"@type\":\"EntryPoint\",\"urlTemplate\":\"https:\/\/www.psib-psoe.org\/eivissa\/?s={search_term_string}\"},\"query-input\":{\"@type\":\"PropertyValueSpecification\",\"valueRequired\":true,\"valueName\":\"search_term_string\"}}],\"inLanguage\":\"ca\"},{\"@type\":\"Organization\",\"@id\":\"https:\/\/www.psib-psoe.org\/eivissa\/#organization\",\"name\":\"Federaci\u00f3 Socialista d'Eivissa\",\"url\":\"https:\/\/www.psib-psoe.org\/eivissa\/\",\"logo\":{\"@type\":\"ImageObject\",\"inLanguage\":\"ca\",\"@id\":\"https:\/\/www.psib-psoe.org\/eivissa\/#\/schema\/logo\/image\/\",\"url\":\"https:\/\/www.psib-psoe.org\/eivissa\/wp-content\/uploads\/LOGO-FSE-SOCIALISTA-DEIVISSA-HORI.png\",\"contentUrl\":\"https:\/\/www.psib-psoe.org\/eivissa\/wp-content\/uploads\/LOGO-FSE-SOCIALISTA-DEIVISSA-HORI.png\",\"width\":6000,\"height\":3104,\"caption\":\"Federaci\u00f3 Socialista d'Eivissa\"},\"image\":{\"@id\":\"https:\/\/www.psib-psoe.org\/eivissa\/#\/schema\/logo\/image\/\"}},{\"@type\":\"Person\",\"@id\":\"https:\/\/www.psib-psoe.org\/eivissa\/#\/schema\/person\/099ab3ef73a3645a1d7f303518e6ce24\",\"name\":\"adminpsib\",\"url\":\"https:\/\/www.psib-psoe.org\/eivissa\/author\/adminpsib\/\"}]}<\/script>\n<!-- \/ Yoast SEO plugin. -->","yoast_head_json":{"title":"Queixes de pudors al Port de Sant Miquel per culpa de la depuradora. El PSOE exigeix una actuaci\u00f3 urgent a l\u2019Ajuntament de Sant Joan i al Govern balear - Federaci\u00f3 Socialista d&#039;Eivissa","robots":{"index":"index","follow":"follow","max-snippet":"max-snippet:-1","max-image-preview":"max-image-preview:large","max-video-preview":"max-video-preview:-1"},"canonical":"https:\/\/www.psib-psoe.org\/eivissa\/queixes-de-pudors-al-port-de-sant-miquel-per-culpa-de-la-depuradora-el-psoe-exigeix-una-actuacio-urgent-a-lajuntament-de-sant-joan-i-al-govern-balear\/","og_locale":"ca_ES","og_type":"article","og_title":"Queixes de pudors al Port de Sant Miquel per culpa de la depuradora. El PSOE exigeix una actuaci\u00f3 urgent a l\u2019Ajuntament de Sant Joan i al Govern balear - Federaci\u00f3 Socialista d&#039;Eivissa","og_description":"El Grup Municipal Socialista de Sant Joan de Labritja ha denunciat el mal funcionament de la depuradora del Port de Sant Miquel, una situaci\u00f3 que est\u00e0 generant greus mol\u00e8sties de pudors a residents i negocis de la zona, quan la temporada tur\u00edstica ja est\u00e0 en marxa. &#8220;\u00c9s inadmissible que una zona com el Port de&hellip;","og_url":"https:\/\/www.psib-psoe.org\/eivissa\/queixes-de-pudors-al-port-de-sant-miquel-per-culpa-de-la-depuradora-el-psoe-exigeix-una-actuacio-urgent-a-lajuntament-de-sant-joan-i-al-govern-balear\/","og_site_name":"Federaci\u00f3 Socialista d&#039;Eivissa","article_published_time":"2025-05-15T08:40:57+00:00","og_image":[{"width":1208,"height":756,"url":"https:\/\/www.psib-psoe.org\/eivissa\/wp-content\/uploads\/port-de-sant-miquel.png","type":"image\/png"}],"author":"adminpsib","twitter_card":"summary_large_image","twitter_misc":{"Escrit per":"adminpsib","Temps estimat de lectura":"1 minut"},"schema":{"@context":"https:\/\/schema.org","@graph":[{"@type":["Article","BlogPosting"],"@id":"https:\/\/www.psib-psoe.org\/eivissa\/queixes-de-pudors-al-port-de-sant-miquel-per-culpa-de-la-depuradora-el-psoe-exigeix-una-actuacio-urgent-a-lajuntament-de-sant-joan-i-al-govern-balear\/#article","isPartOf":{"@id":"https:\/\/www.psib-psoe.org\/eivissa\/queixes-de-pudors-al-port-de-sant-miquel-per-culpa-de-la-depuradora-el-psoe-exigeix-una-actuacio-urgent-a-lajuntament-de-sant-joan-i-al-govern-balear\/"},"author":{"name":"adminpsib","@id":"https:\/\/www.psib-psoe.org\/eivissa\/#\/schema\/person\/099ab3ef73a3645a1d7f303518e6ce24"},"headline":"Queixes de pudors al Port de Sant Miquel per culpa de la depuradora. El PSOE exigeix una actuaci\u00f3 urgent a l\u2019Ajuntament de Sant Joan i al Govern balear","datePublished":"2025-05-15T08:40:57+00:00","mainEntityOfPage":{"@id":"https:\/\/www.psib-psoe.org\/eivissa\/queixes-de-pudors-al-port-de-sant-miquel-per-culpa-de-la-depuradora-el-psoe-exigeix-una-actuacio-urgent-a-lajuntament-de-sant-joan-i-al-govern-balear\/"},"wordCount":300,"publisher":{"@id":"https:\/\/www.psib-psoe.org\/eivissa\/#organization"},"image":{"@id":"https:\/\/www.psib-psoe.org\/eivissa\/queixes-de-pudors-al-port-de-sant-miquel-per-culpa-de-la-depuradora-el-psoe-exigeix-una-actuacio-urgent-a-lajuntament-de-sant-joan-i-al-govern-balear\/#primaryimage"},"thumbnailUrl":"https:\/\/www.psib-psoe.org\/eivissa\/wp-content\/uploads\/port-de-sant-miquel.png","articleSection":["Federaci\u00f3 d'Eivissa - Portada","Municipis","Sant Joan de Labritja"],"inLanguage":"ca"},{"@type":"WebPage","@id":"https:\/\/www.psib-psoe.org\/eivissa\/queixes-de-pudors-al-port-de-sant-miquel-per-culpa-de-la-depuradora-el-psoe-exigeix-una-actuacio-urgent-a-lajuntament-de-sant-joan-i-al-govern-balear\/","url":"https:\/\/www.psib-psoe.org\/eivissa\/queixes-de-pudors-al-port-de-sant-miquel-per-culpa-de-la-depuradora-el-psoe-exigeix-una-actuacio-urgent-a-lajuntament-de-sant-joan-i-al-govern-balear\/","name":"Queixes de pudors al Port de Sant Miquel per culpa de la depuradora. El PSOE exigeix una actuaci\u00f3 urgent a l\u2019Ajuntament de Sant Joan i al Govern balear - Federaci\u00f3 Socialista d&#039;Eivissa","isPartOf":{"@id":"https:\/\/www.psib-psoe.org\/eivissa\/#website"},"primaryImageOfPage":{"@id":"https:\/\/www.psib-psoe.org\/eivissa\/queixes-de-pudors-al-port-de-sant-miquel-per-culpa-de-la-depuradora-el-psoe-exigeix-una-actuacio-urgent-a-lajuntament-de-sant-joan-i-al-govern-balear\/#primaryimage"},"image":{"@id":"https:\/\/www.psib-psoe.org\/eivissa\/queixes-de-pudors-al-port-de-sant-miquel-per-culpa-de-la-depuradora-el-psoe-exigeix-una-actuacio-urgent-a-lajuntament-de-sant-joan-i-al-govern-balear\/#primaryimage"},"thumbnailUrl":"https:\/\/www.psib-psoe.org\/eivissa\/wp-content\/uploads\/port-de-sant-miquel.png","datePublished":"2025-05-15T08:40:57+00:00","breadcrumb":{"@id":"https:\/\/www.psib-psoe.org\/eivissa\/queixes-de-pudors-al-port-de-sant-miquel-per-culpa-de-la-depuradora-el-psoe-exigeix-una-actuacio-urgent-a-lajuntament-de-sant-joan-i-al-govern-balear\/#breadcrumb"},"inLanguage":"ca","potentialAction":[{"@type":"ReadAction","target":["https:\/\/www.psib-psoe.org\/eivissa\/queixes-de-pudors-al-port-de-sant-miquel-per-culpa-de-la-depuradora-el-psoe-exigeix-una-actuacio-urgent-a-lajuntament-de-sant-joan-i-al-govern-balear\/"]}]},{"@type":"ImageObject","inLanguage":"ca","@id":"https:\/\/www.psib-psoe.org\/eivissa\/queixes-de-pudors-al-port-de-sant-miquel-per-culpa-de-la-depuradora-el-psoe-exigeix-una-actuacio-urgent-a-lajuntament-de-sant-joan-i-al-govern-balear\/#primaryimage","url":"https:\/\/www.psib-psoe.org\/eivissa\/wp-content\/uploads\/port-de-sant-miquel.png","contentUrl":"https:\/\/www.psib-psoe.org\/eivissa\/wp-content\/uploads\/port-de-sant-miquel.png","width":1208,"height":756},{"@type":"BreadcrumbList","@id":"https:\/\/www.psib-psoe.org\/eivissa\/queixes-de-pudors-al-port-de-sant-miquel-per-culpa-de-la-depuradora-el-psoe-exigeix-una-actuacio-urgent-a-lajuntament-de-sant-joan-i-al-govern-balear\/#breadcrumb","itemListElement":[{"@type":"ListItem","position":1,"name":"Inici","item":"https:\/\/www.psib-psoe.org\/eivissa\/"},{"@type":"ListItem","position":2,"name":"Queixes de pudors al Port de Sant Miquel per culpa de la depuradora. El PSOE exigeix una actuaci\u00f3 urgent a l\u2019Ajuntament de Sant Joan i al Govern balear"}]},{"@type":"WebSite","@id":"https:\/\/www.psib-psoe.org\/eivissa\/#website","url":"https:\/\/www.psib-psoe.org\/eivissa\/","name":"Federaci\u00f3 Socialista d'Eivissa","description":"Socialistes d&#039;Eivissa","publisher":{"@id":"https:\/\/www.psib-psoe.org\/eivissa\/#organization"},"potentialAction":[{"@type":"SearchAction","target":{"@type":"EntryPoint","urlTemplate":"https:\/\/www.psib-psoe.org\/eivissa\/?s={search_term_string}"},"query-input":{"@type":"PropertyValueSpecification","valueRequired":true,"valueName":"search_term_string"}}],"inLanguage":"ca"},{"@type":"Organization","@id":"https:\/\/www.psib-psoe.org\/eivissa\/#organization","name":"Federaci\u00f3 Socialista d'Eivissa","url":"https:\/\/www.psib-psoe.org\/eivissa\/","logo":{"@type":"ImageObject","inLanguage":"ca","@id":"https:\/\/www.psib-psoe.org\/eivissa\/#\/schema\/logo\/image\/","url":"https:\/\/www.psib-psoe.org\/eivissa\/wp-content\/uploads\/LOGO-FSE-SOCIALISTA-DEIVISSA-HORI.png","contentUrl":"https:\/\/www.psib-psoe.org\/eivissa\/wp-content\/uploads\/LOGO-FSE-SOCIALISTA-DEIVISSA-HORI.png","width":6000,"height":3104,"caption":"Federaci\u00f3 Socialista d'Eivissa"},"image":{"@id":"https:\/\/www.psib-psoe.org\/eivissa\/#\/schema\/logo\/image\/"}},{"@type":"Person","@id":"https:\/\/www.psib-psoe.org\/eivissa\/#\/schema\/person\/099ab3ef73a3645a1d7f303518e6ce24","name":"adminpsib","url":"https:\/\/www.psib-psoe.org\/eivissa\/author\/adminpsib\/"}]}},"_links":{"self":[{"href":"https:\/\/www.psib-psoe.org\/eivissa\/wp-json\/wp\/v2\/posts\/40735","targetHints":{"allow":["GET"]}}],"collection":[{"href":"https:\/\/www.psib-psoe.org\/eivissa\/wp-json\/wp\/v2\/posts"}],"about":[{"href":"https:\/\/www.psib-psoe.org\/eivissa\/wp-json\/wp\/v2\/types\/post"}],"author":[{"embeddable":true,"href":"https:\/\/www.psib-psoe.org\/eivissa\/wp-json\/wp\/v2\/users\/1"}],"replies":[{"embeddable":true,"href":"https:\/\/www.psib-psoe.org\/eivissa\/wp-json\/wp\/v2\/comments?post=40735"}],"version-history":[{"count":1,"href":"https:\/\/www.psib-psoe.org\/eivissa\/wp-json\/wp\/v2\/posts\/40735\/revisions"}],"predecessor-version":[{"id":40737,"href":"https:\/\/www.psib-psoe.org\/eivissa\/wp-json\/wp\/v2\/posts\/40735\/revisions\/40737"}],"wp:featuredmedia":[{"embeddable":true,"href":"https:\/\/www.psib-psoe.org\/eivissa\/wp-json\/wp\/v2\/media\/40736"}],"wp:attachment":[{"href":"https:\/\/www.psib-psoe.org\/eivissa\/wp-json\/wp\/v2\/media?parent=40735"}],"wp:term":[{"taxonomy":"category","embeddable":true,"href":"https:\/\/www.psib-psoe.org\/eivissa\/wp-json\/wp\/v2\/categories?post=40735"},{"taxonomy":"post_tag","embeddable":true,"href":"https:\/\/www.psib-psoe.org\/eivissa\/wp-json\/wp\/v2\/tags?post=40735"}],"curies":[{"name":"wp","href":"https:\/\/api.w.org\/{rel}","templated":true}]}}