{"id":40783,"date":"2025-05-20T12:39:38","date_gmt":"2025-05-20T10:39:38","guid":{"rendered":"https:\/\/www.psib-psoe.org\/eivissa\/?p=40783"},"modified":"2025-05-20T12:39:38","modified_gmt":"2025-05-20T10:39:38","slug":"el-psoe-de-sant-antoni-torna-a-exigir-a-marcos-serra-la-creacio-duna-taula-de-dialeg-social-per-abordar-un-nou-model-turistic-davant-un-inici-de-temporada-tragic","status":"publish","type":"post","link":"https:\/\/www.psib-psoe.org\/eivissa\/el-psoe-de-sant-antoni-torna-a-exigir-a-marcos-serra-la-creacio-duna-taula-de-dialeg-social-per-abordar-un-nou-model-turistic-davant-un-inici-de-temporada-tragic\/","title":{"rendered":"El PSOE de Sant Antoni torna a exigir a Marcos Serra la creaci\u00f3 d\u2019una taula de di\u00e0leg social per abordar un nou model tur\u00edstic, davant un inici de temporada tr\u00e0gic"},"content":{"rendered":"<p>El PSOE ha tornat a exigir a l\u2019alcalde de Sant Antoni de Portmany, Marcos Serra, la creaci\u00f3 urgent d\u2019una taula de di\u00e0leg social per abordar un canvi de model tur\u00edstic que prioritzi la conviv\u00e8ncia i la seguretat al municipi. Les socialistes consideren imprescindible obrir un debat ser\u00e8, rigor\u00f3s i plural sobre la situaci\u00f3 actual i les causes que l\u2019han provocada, davant un inici de temporada tr\u00e0gic, amb tres turistes morts i un quart en estat cr\u00edtic.<\/p>\n<p>\u00abLa realitat ens obliga a actuar amb responsabilitat. Tres turistes han mort en el que portam de maig i encara no ha comen\u00e7at la temporada alta. \u00c9s evident que alguna cosa no funciona i no podem continuar mirant cap a una altra banda\u00bb, ha advertit el portaveu socialista, Antonio Lorenzo.<\/p>\n<p>Des del PSOE es proposa que aquesta taula de di\u00e0leg inclogui tots els agents implicats en la vida del municipi: empresariat, sector hoteler, associacions ve\u00efnals, sindicats, cossos i forces de seguretat, i tots els grups pol\u00edtics amb representaci\u00f3 plen\u00e0ria. \u00abNo pot ser que les decisions es prenguin de manera unilateral des del despatx de l\u2019alcalde, ignorant una majoria social que tamb\u00e9 t\u00e9 molt a dir sobre el futur del municipi\u00bb, ha afegit Lorenzo.<\/p>\n<p>Per a les socialistes, el model tur\u00edstic actual est\u00e0 esgotat i genera un clima de descontrol que posa en risc tant els residents com els visitants. \u00abSant Antoni no va en la direcci\u00f3 adequada. No podem continuar essent percebuts com un parc tem\u00e0tic on tot s\u2019hi val. Volem turisme, s\u00ed, per\u00f2 de m\u00e9s qualitat, amb m\u00e9s control i m\u00e9s respecte per a qui vivim aqu\u00ed tot l\u2019any\u00bb, ha manifestat el portaveu socialista.<\/p>\n<p>Des de fa mesos, el grup municipal del PSOE ha demanat formalment la creaci\u00f3 d\u2019aquesta taula sense haver obtingut cap resposta per part de l\u2019alcalde ni del seu equip del Partit Popular. \u00abMarcos Serra s\u2019escuda en la seva majoria absoluta per continuar alimentant un model que afavoreix uns pocs i perjudica molts. Est\u00e0 promovent i permetent esdeveniments privats que escapen a tot control, i que estan contribuint al deteriorament de la conviv\u00e8ncia al nostre poble\u00bb, ha denunciat Lorenzo.<\/p>\n<p>\u00abL\u2019Ajuntament t\u00e9 l\u2019obligaci\u00f3 de fer complir les ordenances i de garantir un entorn segur i habitable per a tothom, residents i turistes. No pot continuar mirant cap a una altra banda. \u00c9s hora de dir \u2018prou\u2019. Sant Antoni no es mereix aquest cam\u00ed d\u2019autodestrucci\u00f3\u00bb, ha concl\u00f2s el portaveu del PSOE.<\/p>\n","protected":false},"excerpt":{"rendered":"<p>El PSOE ha tornat a exigir a l\u2019alcalde de Sant Antoni de Portmany, Marcos Serra, la creaci\u00f3 urgent d\u2019una taula de di\u00e0leg social per abordar un canvi de model tur\u00edstic que prioritzi la conviv\u00e8ncia i la seguretat al municipi. Les socialistes consideren imprescindible obrir un debat ser\u00e8, rigor\u00f3s i plural sobre la situaci\u00f3 actual i&hellip;<\/p>\n","protected":false},"author":1,"featured_media":36001,"comment_status":"closed","ping_status":"closed","sticky":false,"template":"","format":"standard","meta":{"footnotes":""},"categories":[1,234,188],"tags":[],"class_list":["post-40783","post","type-post","status-publish","format-standard","has-post-thumbnail","hentry","category-federacio-de-eivissa-portada","category-municipis","category-sant-antoni-de-portmany"],"yoast_head":"<!-- This site is optimized with the Yoast SEO plugin v26.9 - https:\/\/yoast.com\/product\/yoast-seo-wordpress\/ -->\n<title>El PSOE de Sant Antoni torna a exigir a Marcos Serra la creaci\u00f3 d\u2019una taula de di\u00e0leg social per abordar un nou model tur\u00edstic, davant un inici de temporada tr\u00e0gic - Federaci\u00f3 Socialista d&#039;Eivissa<\/title>\n<meta name=\"robots\" content=\"index, follow, max-snippet:-1, max-image-preview:large, max-video-preview:-1\" \/>\n<link rel=\"canonical\" href=\"https:\/\/www.psib-psoe.org\/eivissa\/el-psoe-de-sant-antoni-torna-a-exigir-a-marcos-serra-la-creacio-duna-taula-de-dialeg-social-per-abordar-un-nou-model-turistic-davant-un-inici-de-temporada-tragic\/\" \/>\n<meta property=\"og:locale\" content=\"ca_ES\" \/>\n<meta property=\"og:type\" content=\"article\" \/>\n<meta property=\"og:title\" content=\"El PSOE de Sant Antoni torna a exigir a Marcos Serra la creaci\u00f3 d\u2019una taula de di\u00e0leg social per abordar un nou model tur\u00edstic, davant un inici de temporada tr\u00e0gic - Federaci\u00f3 Socialista d&#039;Eivissa\" \/>\n<meta property=\"og:description\" content=\"El PSOE ha tornat a exigir a l\u2019alcalde de Sant Antoni de Portmany, Marcos Serra, la creaci\u00f3 urgent d\u2019una taula de di\u00e0leg social per abordar un canvi de model tur\u00edstic que prioritzi la conviv\u00e8ncia i la seguretat al municipi. Les socialistes consideren imprescindible obrir un debat ser\u00e8, rigor\u00f3s i plural sobre la situaci\u00f3 actual i&hellip;\" \/>\n<meta property=\"og:url\" content=\"https:\/\/www.psib-psoe.org\/eivissa\/el-psoe-de-sant-antoni-torna-a-exigir-a-marcos-serra-la-creacio-duna-taula-de-dialeg-social-per-abordar-un-nou-model-turistic-davant-un-inici-de-temporada-tragic\/\" \/>\n<meta property=\"og:site_name\" content=\"Federaci\u00f3 Socialista d&#039;Eivissa\" \/>\n<meta property=\"article:published_time\" content=\"2025-05-20T10:39:38+00:00\" \/>\n<meta property=\"og:image\" content=\"https:\/\/www.psib-psoe.org\/eivissa\/wp-content\/uploads\/sant-antoni-passeig.png\" \/>\n\t<meta property=\"og:image:width\" content=\"1454\" \/>\n\t<meta property=\"og:image:height\" content=\"624\" \/>\n\t<meta property=\"og:image:type\" content=\"image\/png\" \/>\n<meta name=\"author\" content=\"adminpsib\" \/>\n<meta name=\"twitter:card\" content=\"summary_large_image\" \/>\n<meta name=\"twitter:label1\" content=\"Escrit per\" \/>\n\t<meta name=\"twitter:data1\" content=\"adminpsib\" \/>\n\t<meta name=\"twitter:label2\" content=\"Temps estimat de lectura\" \/>\n\t<meta name=\"twitter:data2\" content=\"2 minuts\" \/>\n<script type=\"application\/ld+json\" class=\"yoast-schema-graph\">{\"@context\":\"https:\/\/schema.org\",\"@graph\":[{\"@type\":[\"Article\",\"BlogPosting\"],\"@id\":\"https:\/\/www.psib-psoe.org\/eivissa\/el-psoe-de-sant-antoni-torna-a-exigir-a-marcos-serra-la-creacio-duna-taula-de-dialeg-social-per-abordar-un-nou-model-turistic-davant-un-inici-de-temporada-tragic\/#article\",\"isPartOf\":{\"@id\":\"https:\/\/www.psib-psoe.org\/eivissa\/el-psoe-de-sant-antoni-torna-a-exigir-a-marcos-serra-la-creacio-duna-taula-de-dialeg-social-per-abordar-un-nou-model-turistic-davant-un-inici-de-temporada-tragic\/\"},\"author\":{\"name\":\"adminpsib\",\"@id\":\"https:\/\/www.psib-psoe.org\/eivissa\/#\/schema\/person\/099ab3ef73a3645a1d7f303518e6ce24\"},\"headline\":\"El PSOE de Sant Antoni torna a exigir a Marcos Serra la creaci\u00f3 d\u2019una taula de di\u00e0leg social per abordar un nou model tur\u00edstic, davant un inici de temporada tr\u00e0gic\",\"datePublished\":\"2025-05-20T10:39:38+00:00\",\"mainEntityOfPage\":{\"@id\":\"https:\/\/www.psib-psoe.org\/eivissa\/el-psoe-de-sant-antoni-torna-a-exigir-a-marcos-serra-la-creacio-duna-taula-de-dialeg-social-per-abordar-un-nou-model-turistic-davant-un-inici-de-temporada-tragic\/\"},\"wordCount\":463,\"publisher\":{\"@id\":\"https:\/\/www.psib-psoe.org\/eivissa\/#organization\"},\"image\":{\"@id\":\"https:\/\/www.psib-psoe.org\/eivissa\/el-psoe-de-sant-antoni-torna-a-exigir-a-marcos-serra-la-creacio-duna-taula-de-dialeg-social-per-abordar-un-nou-model-turistic-davant-un-inici-de-temporada-tragic\/#primaryimage\"},\"thumbnailUrl\":\"https:\/\/www.psib-psoe.org\/eivissa\/wp-content\/uploads\/sant-antoni-passeig.png\",\"articleSection\":[\"Federaci\u00f3 d'Eivissa - Portada\",\"Municipis\",\"Sant Antoni de Portmany\"],\"inLanguage\":\"ca\"},{\"@type\":\"WebPage\",\"@id\":\"https:\/\/www.psib-psoe.org\/eivissa\/el-psoe-de-sant-antoni-torna-a-exigir-a-marcos-serra-la-creacio-duna-taula-de-dialeg-social-per-abordar-un-nou-model-turistic-davant-un-inici-de-temporada-tragic\/\",\"url\":\"https:\/\/www.psib-psoe.org\/eivissa\/el-psoe-de-sant-antoni-torna-a-exigir-a-marcos-serra-la-creacio-duna-taula-de-dialeg-social-per-abordar-un-nou-model-turistic-davant-un-inici-de-temporada-tragic\/\",\"name\":\"El PSOE de Sant Antoni torna a exigir a Marcos Serra la creaci\u00f3 d\u2019una taula de di\u00e0leg social per abordar un nou model tur\u00edstic, davant un inici de temporada tr\u00e0gic - Federaci\u00f3 Socialista d&#039;Eivissa\",\"isPartOf\":{\"@id\":\"https:\/\/www.psib-psoe.org\/eivissa\/#website\"},\"primaryImageOfPage\":{\"@id\":\"https:\/\/www.psib-psoe.org\/eivissa\/el-psoe-de-sant-antoni-torna-a-exigir-a-marcos-serra-la-creacio-duna-taula-de-dialeg-social-per-abordar-un-nou-model-turistic-davant-un-inici-de-temporada-tragic\/#primaryimage\"},\"image\":{\"@id\":\"https:\/\/www.psib-psoe.org\/eivissa\/el-psoe-de-sant-antoni-torna-a-exigir-a-marcos-serra-la-creacio-duna-taula-de-dialeg-social-per-abordar-un-nou-model-turistic-davant-un-inici-de-temporada-tragic\/#primaryimage\"},\"thumbnailUrl\":\"https:\/\/www.psib-psoe.org\/eivissa\/wp-content\/uploads\/sant-antoni-passeig.png\",\"datePublished\":\"2025-05-20T10:39:38+00:00\",\"breadcrumb\":{\"@id\":\"https:\/\/www.psib-psoe.org\/eivissa\/el-psoe-de-sant-antoni-torna-a-exigir-a-marcos-serra-la-creacio-duna-taula-de-dialeg-social-per-abordar-un-nou-model-turistic-davant-un-inici-de-temporada-tragic\/#breadcrumb\"},\"inLanguage\":\"ca\",\"potentialAction\":[{\"@type\":\"ReadAction\",\"target\":[\"https:\/\/www.psib-psoe.org\/eivissa\/el-psoe-de-sant-antoni-torna-a-exigir-a-marcos-serra-la-creacio-duna-taula-de-dialeg-social-per-abordar-un-nou-model-turistic-davant-un-inici-de-temporada-tragic\/\"]}]},{\"@type\":\"ImageObject\",\"inLanguage\":\"ca\",\"@id\":\"https:\/\/www.psib-psoe.org\/eivissa\/el-psoe-de-sant-antoni-torna-a-exigir-a-marcos-serra-la-creacio-duna-taula-de-dialeg-social-per-abordar-un-nou-model-turistic-davant-un-inici-de-temporada-tragic\/#primaryimage\",\"url\":\"https:\/\/www.psib-psoe.org\/eivissa\/wp-content\/uploads\/sant-antoni-passeig.png\",\"contentUrl\":\"https:\/\/www.psib-psoe.org\/eivissa\/wp-content\/uploads\/sant-antoni-passeig.png\",\"width\":1454,\"height\":624},{\"@type\":\"BreadcrumbList\",\"@id\":\"https:\/\/www.psib-psoe.org\/eivissa\/el-psoe-de-sant-antoni-torna-a-exigir-a-marcos-serra-la-creacio-duna-taula-de-dialeg-social-per-abordar-un-nou-model-turistic-davant-un-inici-de-temporada-tragic\/#breadcrumb\",\"itemListElement\":[{\"@type\":\"ListItem\",\"position\":1,\"name\":\"Inici\",\"item\":\"https:\/\/www.psib-psoe.org\/eivissa\/\"},{\"@type\":\"ListItem\",\"position\":2,\"name\":\"El PSOE de Sant Antoni torna a exigir a Marcos Serra la creaci\u00f3 d\u2019una taula de di\u00e0leg social per abordar un nou model tur\u00edstic, davant un inici de temporada tr\u00e0gic\"}]},{\"@type\":\"WebSite\",\"@id\":\"https:\/\/www.psib-psoe.org\/eivissa\/#website\",\"url\":\"https:\/\/www.psib-psoe.org\/eivissa\/\",\"name\":\"Federaci\u00f3 Socialista d'Eivissa\",\"description\":\"Socialistes d&#039;Eivissa\",\"publisher\":{\"@id\":\"https:\/\/www.psib-psoe.org\/eivissa\/#organization\"},\"potentialAction\":[{\"@type\":\"SearchAction\",\"target\":{\"@type\":\"EntryPoint\",\"urlTemplate\":\"https:\/\/www.psib-psoe.org\/eivissa\/?s={search_term_string}\"},\"query-input\":{\"@type\":\"PropertyValueSpecification\",\"valueRequired\":true,\"valueName\":\"search_term_string\"}}],\"inLanguage\":\"ca\"},{\"@type\":\"Organization\",\"@id\":\"https:\/\/www.psib-psoe.org\/eivissa\/#organization\",\"name\":\"Federaci\u00f3 Socialista d'Eivissa\",\"url\":\"https:\/\/www.psib-psoe.org\/eivissa\/\",\"logo\":{\"@type\":\"ImageObject\",\"inLanguage\":\"ca\",\"@id\":\"https:\/\/www.psib-psoe.org\/eivissa\/#\/schema\/logo\/image\/\",\"url\":\"https:\/\/www.psib-psoe.org\/eivissa\/wp-content\/uploads\/LOGO-FSE-SOCIALISTA-DEIVISSA-HORI.png\",\"contentUrl\":\"https:\/\/www.psib-psoe.org\/eivissa\/wp-content\/uploads\/LOGO-FSE-SOCIALISTA-DEIVISSA-HORI.png\",\"width\":6000,\"height\":3104,\"caption\":\"Federaci\u00f3 Socialista d'Eivissa\"},\"image\":{\"@id\":\"https:\/\/www.psib-psoe.org\/eivissa\/#\/schema\/logo\/image\/\"}},{\"@type\":\"Person\",\"@id\":\"https:\/\/www.psib-psoe.org\/eivissa\/#\/schema\/person\/099ab3ef73a3645a1d7f303518e6ce24\",\"name\":\"adminpsib\",\"url\":\"https:\/\/www.psib-psoe.org\/eivissa\/author\/adminpsib\/\"}]}<\/script>\n<!-- \/ Yoast SEO plugin. -->","yoast_head_json":{"title":"El PSOE de Sant Antoni torna a exigir a Marcos Serra la creaci\u00f3 d\u2019una taula de di\u00e0leg social per abordar un nou model tur\u00edstic, davant un inici de temporada tr\u00e0gic - Federaci\u00f3 Socialista d&#039;Eivissa","robots":{"index":"index","follow":"follow","max-snippet":"max-snippet:-1","max-image-preview":"max-image-preview:large","max-video-preview":"max-video-preview:-1"},"canonical":"https:\/\/www.psib-psoe.org\/eivissa\/el-psoe-de-sant-antoni-torna-a-exigir-a-marcos-serra-la-creacio-duna-taula-de-dialeg-social-per-abordar-un-nou-model-turistic-davant-un-inici-de-temporada-tragic\/","og_locale":"ca_ES","og_type":"article","og_title":"El PSOE de Sant Antoni torna a exigir a Marcos Serra la creaci\u00f3 d\u2019una taula de di\u00e0leg social per abordar un nou model tur\u00edstic, davant un inici de temporada tr\u00e0gic - Federaci\u00f3 Socialista d&#039;Eivissa","og_description":"El PSOE ha tornat a exigir a l\u2019alcalde de Sant Antoni de Portmany, Marcos Serra, la creaci\u00f3 urgent d\u2019una taula de di\u00e0leg social per abordar un canvi de model tur\u00edstic que prioritzi la conviv\u00e8ncia i la seguretat al municipi. Les socialistes consideren imprescindible obrir un debat ser\u00e8, rigor\u00f3s i plural sobre la situaci\u00f3 actual i&hellip;","og_url":"https:\/\/www.psib-psoe.org\/eivissa\/el-psoe-de-sant-antoni-torna-a-exigir-a-marcos-serra-la-creacio-duna-taula-de-dialeg-social-per-abordar-un-nou-model-turistic-davant-un-inici-de-temporada-tragic\/","og_site_name":"Federaci\u00f3 Socialista d&#039;Eivissa","article_published_time":"2025-05-20T10:39:38+00:00","og_image":[{"width":1454,"height":624,"url":"https:\/\/www.psib-psoe.org\/eivissa\/wp-content\/uploads\/sant-antoni-passeig.png","type":"image\/png"}],"author":"adminpsib","twitter_card":"summary_large_image","twitter_misc":{"Escrit per":"adminpsib","Temps estimat de lectura":"2 minuts"},"schema":{"@context":"https:\/\/schema.org","@graph":[{"@type":["Article","BlogPosting"],"@id":"https:\/\/www.psib-psoe.org\/eivissa\/el-psoe-de-sant-antoni-torna-a-exigir-a-marcos-serra-la-creacio-duna-taula-de-dialeg-social-per-abordar-un-nou-model-turistic-davant-un-inici-de-temporada-tragic\/#article","isPartOf":{"@id":"https:\/\/www.psib-psoe.org\/eivissa\/el-psoe-de-sant-antoni-torna-a-exigir-a-marcos-serra-la-creacio-duna-taula-de-dialeg-social-per-abordar-un-nou-model-turistic-davant-un-inici-de-temporada-tragic\/"},"author":{"name":"adminpsib","@id":"https:\/\/www.psib-psoe.org\/eivissa\/#\/schema\/person\/099ab3ef73a3645a1d7f303518e6ce24"},"headline":"El PSOE de Sant Antoni torna a exigir a Marcos Serra la creaci\u00f3 d\u2019una taula de di\u00e0leg social per abordar un nou model tur\u00edstic, davant un inici de temporada tr\u00e0gic","datePublished":"2025-05-20T10:39:38+00:00","mainEntityOfPage":{"@id":"https:\/\/www.psib-psoe.org\/eivissa\/el-psoe-de-sant-antoni-torna-a-exigir-a-marcos-serra-la-creacio-duna-taula-de-dialeg-social-per-abordar-un-nou-model-turistic-davant-un-inici-de-temporada-tragic\/"},"wordCount":463,"publisher":{"@id":"https:\/\/www.psib-psoe.org\/eivissa\/#organization"},"image":{"@id":"https:\/\/www.psib-psoe.org\/eivissa\/el-psoe-de-sant-antoni-torna-a-exigir-a-marcos-serra-la-creacio-duna-taula-de-dialeg-social-per-abordar-un-nou-model-turistic-davant-un-inici-de-temporada-tragic\/#primaryimage"},"thumbnailUrl":"https:\/\/www.psib-psoe.org\/eivissa\/wp-content\/uploads\/sant-antoni-passeig.png","articleSection":["Federaci\u00f3 d'Eivissa - Portada","Municipis","Sant Antoni de Portmany"],"inLanguage":"ca"},{"@type":"WebPage","@id":"https:\/\/www.psib-psoe.org\/eivissa\/el-psoe-de-sant-antoni-torna-a-exigir-a-marcos-serra-la-creacio-duna-taula-de-dialeg-social-per-abordar-un-nou-model-turistic-davant-un-inici-de-temporada-tragic\/","url":"https:\/\/www.psib-psoe.org\/eivissa\/el-psoe-de-sant-antoni-torna-a-exigir-a-marcos-serra-la-creacio-duna-taula-de-dialeg-social-per-abordar-un-nou-model-turistic-davant-un-inici-de-temporada-tragic\/","name":"El PSOE de Sant Antoni torna a exigir a Marcos Serra la creaci\u00f3 d\u2019una taula de di\u00e0leg social per abordar un nou model tur\u00edstic, davant un inici de temporada tr\u00e0gic - Federaci\u00f3 Socialista d&#039;Eivissa","isPartOf":{"@id":"https:\/\/www.psib-psoe.org\/eivissa\/#website"},"primaryImageOfPage":{"@id":"https:\/\/www.psib-psoe.org\/eivissa\/el-psoe-de-sant-antoni-torna-a-exigir-a-marcos-serra-la-creacio-duna-taula-de-dialeg-social-per-abordar-un-nou-model-turistic-davant-un-inici-de-temporada-tragic\/#primaryimage"},"image":{"@id":"https:\/\/www.psib-psoe.org\/eivissa\/el-psoe-de-sant-antoni-torna-a-exigir-a-marcos-serra-la-creacio-duna-taula-de-dialeg-social-per-abordar-un-nou-model-turistic-davant-un-inici-de-temporada-tragic\/#primaryimage"},"thumbnailUrl":"https:\/\/www.psib-psoe.org\/eivissa\/wp-content\/uploads\/sant-antoni-passeig.png","datePublished":"2025-05-20T10:39:38+00:00","breadcrumb":{"@id":"https:\/\/www.psib-psoe.org\/eivissa\/el-psoe-de-sant-antoni-torna-a-exigir-a-marcos-serra-la-creacio-duna-taula-de-dialeg-social-per-abordar-un-nou-model-turistic-davant-un-inici-de-temporada-tragic\/#breadcrumb"},"inLanguage":"ca","potentialAction":[{"@type":"ReadAction","target":["https:\/\/www.psib-psoe.org\/eivissa\/el-psoe-de-sant-antoni-torna-a-exigir-a-marcos-serra-la-creacio-duna-taula-de-dialeg-social-per-abordar-un-nou-model-turistic-davant-un-inici-de-temporada-tragic\/"]}]},{"@type":"ImageObject","inLanguage":"ca","@id":"https:\/\/www.psib-psoe.org\/eivissa\/el-psoe-de-sant-antoni-torna-a-exigir-a-marcos-serra-la-creacio-duna-taula-de-dialeg-social-per-abordar-un-nou-model-turistic-davant-un-inici-de-temporada-tragic\/#primaryimage","url":"https:\/\/www.psib-psoe.org\/eivissa\/wp-content\/uploads\/sant-antoni-passeig.png","contentUrl":"https:\/\/www.psib-psoe.org\/eivissa\/wp-content\/uploads\/sant-antoni-passeig.png","width":1454,"height":624},{"@type":"BreadcrumbList","@id":"https:\/\/www.psib-psoe.org\/eivissa\/el-psoe-de-sant-antoni-torna-a-exigir-a-marcos-serra-la-creacio-duna-taula-de-dialeg-social-per-abordar-un-nou-model-turistic-davant-un-inici-de-temporada-tragic\/#breadcrumb","itemListElement":[{"@type":"ListItem","position":1,"name":"Inici","item":"https:\/\/www.psib-psoe.org\/eivissa\/"},{"@type":"ListItem","position":2,"name":"El PSOE de Sant Antoni torna a exigir a Marcos Serra la creaci\u00f3 d\u2019una taula de di\u00e0leg social per abordar un nou model tur\u00edstic, davant un inici de temporada tr\u00e0gic"}]},{"@type":"WebSite","@id":"https:\/\/www.psib-psoe.org\/eivissa\/#website","url":"https:\/\/www.psib-psoe.org\/eivissa\/","name":"Federaci\u00f3 Socialista d'Eivissa","description":"Socialistes d&#039;Eivissa","publisher":{"@id":"https:\/\/www.psib-psoe.org\/eivissa\/#organization"},"potentialAction":[{"@type":"SearchAction","target":{"@type":"EntryPoint","urlTemplate":"https:\/\/www.psib-psoe.org\/eivissa\/?s={search_term_string}"},"query-input":{"@type":"PropertyValueSpecification","valueRequired":true,"valueName":"search_term_string"}}],"inLanguage":"ca"},{"@type":"Organization","@id":"https:\/\/www.psib-psoe.org\/eivissa\/#organization","name":"Federaci\u00f3 Socialista d'Eivissa","url":"https:\/\/www.psib-psoe.org\/eivissa\/","logo":{"@type":"ImageObject","inLanguage":"ca","@id":"https:\/\/www.psib-psoe.org\/eivissa\/#\/schema\/logo\/image\/","url":"https:\/\/www.psib-psoe.org\/eivissa\/wp-content\/uploads\/LOGO-FSE-SOCIALISTA-DEIVISSA-HORI.png","contentUrl":"https:\/\/www.psib-psoe.org\/eivissa\/wp-content\/uploads\/LOGO-FSE-SOCIALISTA-DEIVISSA-HORI.png","width":6000,"height":3104,"caption":"Federaci\u00f3 Socialista d'Eivissa"},"image":{"@id":"https:\/\/www.psib-psoe.org\/eivissa\/#\/schema\/logo\/image\/"}},{"@type":"Person","@id":"https:\/\/www.psib-psoe.org\/eivissa\/#\/schema\/person\/099ab3ef73a3645a1d7f303518e6ce24","name":"adminpsib","url":"https:\/\/www.psib-psoe.org\/eivissa\/author\/adminpsib\/"}]}},"_links":{"self":[{"href":"https:\/\/www.psib-psoe.org\/eivissa\/wp-json\/wp\/v2\/posts\/40783","targetHints":{"allow":["GET"]}}],"collection":[{"href":"https:\/\/www.psib-psoe.org\/eivissa\/wp-json\/wp\/v2\/posts"}],"about":[{"href":"https:\/\/www.psib-psoe.org\/eivissa\/wp-json\/wp\/v2\/types\/post"}],"author":[{"embeddable":true,"href":"https:\/\/www.psib-psoe.org\/eivissa\/wp-json\/wp\/v2\/users\/1"}],"replies":[{"embeddable":true,"href":"https:\/\/www.psib-psoe.org\/eivissa\/wp-json\/wp\/v2\/comments?post=40783"}],"version-history":[{"count":1,"href":"https:\/\/www.psib-psoe.org\/eivissa\/wp-json\/wp\/v2\/posts\/40783\/revisions"}],"predecessor-version":[{"id":40784,"href":"https:\/\/www.psib-psoe.org\/eivissa\/wp-json\/wp\/v2\/posts\/40783\/revisions\/40784"}],"wp:featuredmedia":[{"embeddable":true,"href":"https:\/\/www.psib-psoe.org\/eivissa\/wp-json\/wp\/v2\/media\/36001"}],"wp:attachment":[{"href":"https:\/\/www.psib-psoe.org\/eivissa\/wp-json\/wp\/v2\/media?parent=40783"}],"wp:term":[{"taxonomy":"category","embeddable":true,"href":"https:\/\/www.psib-psoe.org\/eivissa\/wp-json\/wp\/v2\/categories?post=40783"},{"taxonomy":"post_tag","embeddable":true,"href":"https:\/\/www.psib-psoe.org\/eivissa\/wp-json\/wp\/v2\/tags?post=40783"}],"curies":[{"name":"wp","href":"https:\/\/api.w.org\/{rel}","templated":true}]}}