{"id":40865,"date":"2025-05-31T12:41:08","date_gmt":"2025-05-31T10:41:08","guid":{"rendered":"https:\/\/www.psib-psoe.org\/eivissa\/?p=40865"},"modified":"2025-05-31T12:41:08","modified_gmt":"2025-05-31T10:41:08","slug":"vicent-rosello-acusa-el-pp-de-claudicar-davant-lextrema-dreta-i-alerta-que-el-pacte-amb-vox-sera-desastros-per-a-eivissa-vicent-mari-es-complice","status":"publish","type":"post","link":"https:\/\/www.psib-psoe.org\/eivissa\/vicent-rosello-acusa-el-pp-de-claudicar-davant-lextrema-dreta-i-alerta-que-el-pacte-amb-vox-sera-desastros-per-a-eivissa-vicent-mari-es-complice\/","title":{"rendered":"Vicent Rosell\u00f3 acusa el PP de \u201cclaudicar davant l\u2019extrema dreta\u201d i alerta que el pacte amb Vox ser\u00e0 \u201cdesastr\u00f3s per a Eivissa\u201d. \u201cVicent Mar\u00ed \u00e9s c\u00f2mplice actiu del pacte de la vergonya\u201d."},"content":{"rendered":"\n<p>El secretari general de la Federaci\u00f3 Socialista d\u2019Eivissa (FSE-PSOE), Vicent Rosell\u00f3, ha assenyalat directament Vicent Mar\u00ed com a \u201cc\u00f2mplice actiu del pacte de la vergonya\u201d entre el Partit Popular de Marga Prohens i Vox, el que suposa \u201cclaudicar davant l\u2019extrema dreta per conservar el poder a les Illes Balears\u201d.&nbsp;<\/p>\n\n\n\n<p>Segons Rosell\u00f3, \u201cels acords que el PP ha tancat amb Vox s\u00f3n una recepta desastrosa per a Eivissa, que es traduiran en m\u00e9s especulaci\u00f3, menys drets socials, nous atacs a la llengua i m\u00e9s divisi\u00f3\u201d.<\/p>\n\n\n\n<p>Rosell\u00f3 ha llan\u00e7at aquest advertiment durant la seua participaci\u00f3 a la taula informativa de la campanya dels Socialistes d\u2019Eivissa en defensa del dret a l\u2019habitatge, celebrada avui a Cala de Bou.&nbsp;<\/p>\n\n\n\n<p>El secretari general socialista ha insistit que \u201cels treballadors i les classes mitjanes d\u2019Eivissa estan patint de forma molt dura la negativa del PP a aplicar mesures com la limitaci\u00f3 dels preus del lloguer\u201d, i ha lamentat que \u201cl\u2019\u00fanica pol\u00edtica del PP i Vox \u00e9s premiar els promotors perqu\u00e8 construeixin pisos de luxe, mentre cada vegada hi ha m\u00e9s gent expulsada de l\u2019illa per no poder pagar un habitatge digne o condemnada a viure de forma absolutament prec\u00e0ria\u201d.<\/p>\n\n\n\n<p>Sobre el pacte PP-Vox, Rosell\u00f3 ha denunciat el que considera un \u201ccolp molt dur a l\u2019autogovern i a la dignitat democr\u00e0tica\u201d. Ha acusat el PP i la presidenta del Govern, Marga Prohens, de \u201ctrencar la paraula donada i dinamitar els acords d\u2019Estat a les Illes Balears que es varen construir per responsabilitat i sentit institucional\u201d.<\/p>\n\n\n\n<p>\u201c\u00c9s molt greu el que ha passat: han posat la cadira per davant dels principis i han escollit pactar amb Vox, blanquejant el seu discurs autoritari i reaccionari\u201d, ha afirmat.&nbsp;<\/p>\n\n\n\n<p>\u201cAmb aquest pacte, el PP ha renunciat a defensar la mem\u00f2ria de les v\u00edctimes del franquisme, han fet seus els discursos d\u2019odi de Vox, ha tornat a posar en perill el territori amb modificacions urban\u00edstiques fetes a mida per uns pocs especuladors i han obert un nou front de confrontaci\u00f3 cultural i ling\u00fc\u00edstica\u201d.<\/p>\n\n\n\n<p>Pel l\u00edder socialista, aquest pacte suposa un abans i un despr\u00e9s: \u201cDespr\u00e9s de vuit anys de governs progressistes a Balears amb pressupostos aprovats en temps i forma, ara ens trobam enmig d\u2019una legislatura ca\u00f2tica, sense pressupost i amb negociacions fetes als despatxos de Madrid entre el PP i l\u2019extrema dreta\u201d.<\/p>\n\n\n\n<p>Rosell\u00f3 ha insistit que \u201cno es pot intercanviar poder i plusv\u00e0lues urban\u00edstiques per drets i llibertats\u201d, i ha assegurat que \u201cel PP, amb Marga Prohens i Vicent Mar\u00ed, ha tengut l\u2019oportunitat de triar entre democr\u00e0cia i regressi\u00f3, i finalment ha triat Vox, el suposar\u00e0 tornar a un passat en blanc i negre que ser\u00e0 nefast per a les nostres illes\u201d.<\/p>\n\n\n\n<p>Davant aquest escenari, Rosell\u00f3 ha anunciat que el PSOE intensificar\u00e0 els contactes amb la societat civil i les forces progressistes per \u201creafirmar el comprom\u00eds amb una Eivissa i unes Illes Balears m\u00e9s justes, ecol\u00f2giques, integradores i democr\u00e0tiques\u201d.<\/p>\n\n\n\n<p>\u201cNo callarem. Ens tendran al davant, defensant el que som i el que volem ser com a societat\u201d.<\/p>\n","protected":false},"excerpt":{"rendered":"<p>El secretari general de la Federaci\u00f3 Socialista d\u2019Eivissa (FSE-PSOE), Vicent Rosell\u00f3, ha assenyalat directament Vicent Mar\u00ed com a \u201cc\u00f2mplice actiu del pacte de la vergonya\u201d entre el Partit Popular de Marga Prohens i Vox, el que suposa \u201cclaudicar davant l\u2019extrema dreta per conservar el poder a les Illes Balears\u201d.&nbsp; Segons Rosell\u00f3, \u201cels acords que el&hellip;<\/p>\n","protected":false},"author":1,"featured_media":40864,"comment_status":"closed","ping_status":"closed","sticky":false,"template":"","format":"standard","meta":{"footnotes":""},"categories":[192,1,212,234,187],"tags":[],"class_list":["post-40865","post","type-post","status-publish","format-standard","has-post-thumbnail","hentry","category-consell-deivissa","category-federacio-de-eivissa-portada","category-fse-psoe","category-municipis","category-sant-josep-de-sa-talaia"],"yoast_head":"<!-- This site is optimized with the Yoast SEO plugin v26.9 - https:\/\/yoast.com\/product\/yoast-seo-wordpress\/ -->\n<title>Vicent Rosell\u00f3 acusa el PP de \u201cclaudicar davant l\u2019extrema dreta\u201d i alerta que el pacte amb Vox ser\u00e0 \u201cdesastr\u00f3s per a Eivissa\u201d. \u201cVicent Mar\u00ed \u00e9s c\u00f2mplice actiu del pacte de la vergonya\u201d. - Federaci\u00f3 Socialista d&#039;Eivissa<\/title>\n<meta name=\"robots\" content=\"index, follow, max-snippet:-1, max-image-preview:large, max-video-preview:-1\" \/>\n<link rel=\"canonical\" href=\"https:\/\/www.psib-psoe.org\/eivissa\/vicent-rosello-acusa-el-pp-de-claudicar-davant-lextrema-dreta-i-alerta-que-el-pacte-amb-vox-sera-desastros-per-a-eivissa-vicent-mari-es-complice\/\" \/>\n<meta property=\"og:locale\" content=\"ca_ES\" \/>\n<meta property=\"og:type\" content=\"article\" \/>\n<meta property=\"og:title\" content=\"Vicent Rosell\u00f3 acusa el PP de \u201cclaudicar davant l\u2019extrema dreta\u201d i alerta que el pacte amb Vox ser\u00e0 \u201cdesastr\u00f3s per a Eivissa\u201d. \u201cVicent Mar\u00ed \u00e9s c\u00f2mplice actiu del pacte de la vergonya\u201d. - Federaci\u00f3 Socialista d&#039;Eivissa\" \/>\n<meta property=\"og:description\" content=\"El secretari general de la Federaci\u00f3 Socialista d\u2019Eivissa (FSE-PSOE), Vicent Rosell\u00f3, ha assenyalat directament Vicent Mar\u00ed com a \u201cc\u00f2mplice actiu del pacte de la vergonya\u201d entre el Partit Popular de Marga Prohens i Vox, el que suposa \u201cclaudicar davant l\u2019extrema dreta per conservar el poder a les Illes Balears\u201d.&nbsp; Segons Rosell\u00f3, \u201cels acords que el&hellip;\" \/>\n<meta property=\"og:url\" content=\"https:\/\/www.psib-psoe.org\/eivissa\/vicent-rosello-acusa-el-pp-de-claudicar-davant-lextrema-dreta-i-alerta-que-el-pacte-amb-vox-sera-desastros-per-a-eivissa-vicent-mari-es-complice\/\" \/>\n<meta property=\"og:site_name\" content=\"Federaci\u00f3 Socialista d&#039;Eivissa\" \/>\n<meta property=\"article:published_time\" content=\"2025-05-31T10:41:08+00:00\" \/>\n<meta property=\"og:image\" content=\"https:\/\/www.psib-psoe.org\/eivissa\/wp-content\/uploads\/59f52fe6-47c5-4571-ab51-765303c8e2d0-1.jpg\" \/>\n\t<meta property=\"og:image:width\" content=\"1195\" \/>\n\t<meta property=\"og:image:height\" content=\"896\" \/>\n\t<meta property=\"og:image:type\" content=\"image\/jpeg\" \/>\n<meta name=\"author\" content=\"adminpsib\" \/>\n<meta name=\"twitter:card\" content=\"summary_large_image\" \/>\n<meta name=\"twitter:label1\" content=\"Escrit per\" \/>\n\t<meta name=\"twitter:data1\" content=\"adminpsib\" \/>\n\t<meta name=\"twitter:label2\" content=\"Temps estimat de lectura\" \/>\n\t<meta name=\"twitter:data2\" content=\"3 minuts\" \/>\n<script type=\"application\/ld+json\" class=\"yoast-schema-graph\">{\"@context\":\"https:\/\/schema.org\",\"@graph\":[{\"@type\":[\"Article\",\"BlogPosting\"],\"@id\":\"https:\/\/www.psib-psoe.org\/eivissa\/vicent-rosello-acusa-el-pp-de-claudicar-davant-lextrema-dreta-i-alerta-que-el-pacte-amb-vox-sera-desastros-per-a-eivissa-vicent-mari-es-complice\/#article\",\"isPartOf\":{\"@id\":\"https:\/\/www.psib-psoe.org\/eivissa\/vicent-rosello-acusa-el-pp-de-claudicar-davant-lextrema-dreta-i-alerta-que-el-pacte-amb-vox-sera-desastros-per-a-eivissa-vicent-mari-es-complice\/\"},\"author\":{\"name\":\"adminpsib\",\"@id\":\"https:\/\/www.psib-psoe.org\/eivissa\/#\/schema\/person\/099ab3ef73a3645a1d7f303518e6ce24\"},\"headline\":\"Vicent Rosell\u00f3 acusa el PP de \u201cclaudicar davant l\u2019extrema dreta\u201d i alerta que el pacte amb Vox ser\u00e0 \u201cdesastr\u00f3s per a Eivissa\u201d. \u201cVicent Mar\u00ed \u00e9s c\u00f2mplice actiu del pacte de la vergonya\u201d.\",\"datePublished\":\"2025-05-31T10:41:08+00:00\",\"mainEntityOfPage\":{\"@id\":\"https:\/\/www.psib-psoe.org\/eivissa\/vicent-rosello-acusa-el-pp-de-claudicar-davant-lextrema-dreta-i-alerta-que-el-pacte-amb-vox-sera-desastros-per-a-eivissa-vicent-mari-es-complice\/\"},\"wordCount\":571,\"publisher\":{\"@id\":\"https:\/\/www.psib-psoe.org\/eivissa\/#organization\"},\"image\":{\"@id\":\"https:\/\/www.psib-psoe.org\/eivissa\/vicent-rosello-acusa-el-pp-de-claudicar-davant-lextrema-dreta-i-alerta-que-el-pacte-amb-vox-sera-desastros-per-a-eivissa-vicent-mari-es-complice\/#primaryimage\"},\"thumbnailUrl\":\"https:\/\/www.psib-psoe.org\/eivissa\/wp-content\/uploads\/59f52fe6-47c5-4571-ab51-765303c8e2d0-1.jpg\",\"articleSection\":[\"Consell d'Eivissa\",\"Federaci\u00f3 d'Eivissa - Portada\",\"FSE-PSOE\",\"Municipis\",\"Sant Josep de sa Talaia\"],\"inLanguage\":\"ca\"},{\"@type\":\"WebPage\",\"@id\":\"https:\/\/www.psib-psoe.org\/eivissa\/vicent-rosello-acusa-el-pp-de-claudicar-davant-lextrema-dreta-i-alerta-que-el-pacte-amb-vox-sera-desastros-per-a-eivissa-vicent-mari-es-complice\/\",\"url\":\"https:\/\/www.psib-psoe.org\/eivissa\/vicent-rosello-acusa-el-pp-de-claudicar-davant-lextrema-dreta-i-alerta-que-el-pacte-amb-vox-sera-desastros-per-a-eivissa-vicent-mari-es-complice\/\",\"name\":\"Vicent Rosell\u00f3 acusa el PP de \u201cclaudicar davant l\u2019extrema dreta\u201d i alerta que el pacte amb Vox ser\u00e0 \u201cdesastr\u00f3s per a Eivissa\u201d. \u201cVicent Mar\u00ed \u00e9s c\u00f2mplice actiu del pacte de la vergonya\u201d. - Federaci\u00f3 Socialista d&#039;Eivissa\",\"isPartOf\":{\"@id\":\"https:\/\/www.psib-psoe.org\/eivissa\/#website\"},\"primaryImageOfPage\":{\"@id\":\"https:\/\/www.psib-psoe.org\/eivissa\/vicent-rosello-acusa-el-pp-de-claudicar-davant-lextrema-dreta-i-alerta-que-el-pacte-amb-vox-sera-desastros-per-a-eivissa-vicent-mari-es-complice\/#primaryimage\"},\"image\":{\"@id\":\"https:\/\/www.psib-psoe.org\/eivissa\/vicent-rosello-acusa-el-pp-de-claudicar-davant-lextrema-dreta-i-alerta-que-el-pacte-amb-vox-sera-desastros-per-a-eivissa-vicent-mari-es-complice\/#primaryimage\"},\"thumbnailUrl\":\"https:\/\/www.psib-psoe.org\/eivissa\/wp-content\/uploads\/59f52fe6-47c5-4571-ab51-765303c8e2d0-1.jpg\",\"datePublished\":\"2025-05-31T10:41:08+00:00\",\"breadcrumb\":{\"@id\":\"https:\/\/www.psib-psoe.org\/eivissa\/vicent-rosello-acusa-el-pp-de-claudicar-davant-lextrema-dreta-i-alerta-que-el-pacte-amb-vox-sera-desastros-per-a-eivissa-vicent-mari-es-complice\/#breadcrumb\"},\"inLanguage\":\"ca\",\"potentialAction\":[{\"@type\":\"ReadAction\",\"target\":[\"https:\/\/www.psib-psoe.org\/eivissa\/vicent-rosello-acusa-el-pp-de-claudicar-davant-lextrema-dreta-i-alerta-que-el-pacte-amb-vox-sera-desastros-per-a-eivissa-vicent-mari-es-complice\/\"]}]},{\"@type\":\"ImageObject\",\"inLanguage\":\"ca\",\"@id\":\"https:\/\/www.psib-psoe.org\/eivissa\/vicent-rosello-acusa-el-pp-de-claudicar-davant-lextrema-dreta-i-alerta-que-el-pacte-amb-vox-sera-desastros-per-a-eivissa-vicent-mari-es-complice\/#primaryimage\",\"url\":\"https:\/\/www.psib-psoe.org\/eivissa\/wp-content\/uploads\/59f52fe6-47c5-4571-ab51-765303c8e2d0-1.jpg\",\"contentUrl\":\"https:\/\/www.psib-psoe.org\/eivissa\/wp-content\/uploads\/59f52fe6-47c5-4571-ab51-765303c8e2d0-1.jpg\",\"width\":1195,\"height\":896},{\"@type\":\"BreadcrumbList\",\"@id\":\"https:\/\/www.psib-psoe.org\/eivissa\/vicent-rosello-acusa-el-pp-de-claudicar-davant-lextrema-dreta-i-alerta-que-el-pacte-amb-vox-sera-desastros-per-a-eivissa-vicent-mari-es-complice\/#breadcrumb\",\"itemListElement\":[{\"@type\":\"ListItem\",\"position\":1,\"name\":\"Inici\",\"item\":\"https:\/\/www.psib-psoe.org\/eivissa\/\"},{\"@type\":\"ListItem\",\"position\":2,\"name\":\"Vicent Rosell\u00f3 acusa el PP de \u201cclaudicar davant l\u2019extrema dreta\u201d i alerta que el pacte amb Vox ser\u00e0 \u201cdesastr\u00f3s per a Eivissa\u201d. \u201cVicent Mar\u00ed \u00e9s c\u00f2mplice actiu del pacte de la vergonya\u201d.\"}]},{\"@type\":\"WebSite\",\"@id\":\"https:\/\/www.psib-psoe.org\/eivissa\/#website\",\"url\":\"https:\/\/www.psib-psoe.org\/eivissa\/\",\"name\":\"Federaci\u00f3 Socialista d'Eivissa\",\"description\":\"Socialistes d&#039;Eivissa\",\"publisher\":{\"@id\":\"https:\/\/www.psib-psoe.org\/eivissa\/#organization\"},\"potentialAction\":[{\"@type\":\"SearchAction\",\"target\":{\"@type\":\"EntryPoint\",\"urlTemplate\":\"https:\/\/www.psib-psoe.org\/eivissa\/?s={search_term_string}\"},\"query-input\":{\"@type\":\"PropertyValueSpecification\",\"valueRequired\":true,\"valueName\":\"search_term_string\"}}],\"inLanguage\":\"ca\"},{\"@type\":\"Organization\",\"@id\":\"https:\/\/www.psib-psoe.org\/eivissa\/#organization\",\"name\":\"Federaci\u00f3 Socialista d'Eivissa\",\"url\":\"https:\/\/www.psib-psoe.org\/eivissa\/\",\"logo\":{\"@type\":\"ImageObject\",\"inLanguage\":\"ca\",\"@id\":\"https:\/\/www.psib-psoe.org\/eivissa\/#\/schema\/logo\/image\/\",\"url\":\"https:\/\/www.psib-psoe.org\/eivissa\/wp-content\/uploads\/LOGO-FSE-SOCIALISTA-DEIVISSA-HORI.png\",\"contentUrl\":\"https:\/\/www.psib-psoe.org\/eivissa\/wp-content\/uploads\/LOGO-FSE-SOCIALISTA-DEIVISSA-HORI.png\",\"width\":6000,\"height\":3104,\"caption\":\"Federaci\u00f3 Socialista d'Eivissa\"},\"image\":{\"@id\":\"https:\/\/www.psib-psoe.org\/eivissa\/#\/schema\/logo\/image\/\"}},{\"@type\":\"Person\",\"@id\":\"https:\/\/www.psib-psoe.org\/eivissa\/#\/schema\/person\/099ab3ef73a3645a1d7f303518e6ce24\",\"name\":\"adminpsib\",\"url\":\"https:\/\/www.psib-psoe.org\/eivissa\/author\/adminpsib\/\"}]}<\/script>\n<!-- \/ Yoast SEO plugin. -->","yoast_head_json":{"title":"Vicent Rosell\u00f3 acusa el PP de \u201cclaudicar davant l\u2019extrema dreta\u201d i alerta que el pacte amb Vox ser\u00e0 \u201cdesastr\u00f3s per a Eivissa\u201d. \u201cVicent Mar\u00ed \u00e9s c\u00f2mplice actiu del pacte de la vergonya\u201d. - Federaci\u00f3 Socialista d&#039;Eivissa","robots":{"index":"index","follow":"follow","max-snippet":"max-snippet:-1","max-image-preview":"max-image-preview:large","max-video-preview":"max-video-preview:-1"},"canonical":"https:\/\/www.psib-psoe.org\/eivissa\/vicent-rosello-acusa-el-pp-de-claudicar-davant-lextrema-dreta-i-alerta-que-el-pacte-amb-vox-sera-desastros-per-a-eivissa-vicent-mari-es-complice\/","og_locale":"ca_ES","og_type":"article","og_title":"Vicent Rosell\u00f3 acusa el PP de \u201cclaudicar davant l\u2019extrema dreta\u201d i alerta que el pacte amb Vox ser\u00e0 \u201cdesastr\u00f3s per a Eivissa\u201d. \u201cVicent Mar\u00ed \u00e9s c\u00f2mplice actiu del pacte de la vergonya\u201d. - Federaci\u00f3 Socialista d&#039;Eivissa","og_description":"El secretari general de la Federaci\u00f3 Socialista d\u2019Eivissa (FSE-PSOE), Vicent Rosell\u00f3, ha assenyalat directament Vicent Mar\u00ed com a \u201cc\u00f2mplice actiu del pacte de la vergonya\u201d entre el Partit Popular de Marga Prohens i Vox, el que suposa \u201cclaudicar davant l\u2019extrema dreta per conservar el poder a les Illes Balears\u201d.&nbsp; Segons Rosell\u00f3, \u201cels acords que el&hellip;","og_url":"https:\/\/www.psib-psoe.org\/eivissa\/vicent-rosello-acusa-el-pp-de-claudicar-davant-lextrema-dreta-i-alerta-que-el-pacte-amb-vox-sera-desastros-per-a-eivissa-vicent-mari-es-complice\/","og_site_name":"Federaci\u00f3 Socialista d&#039;Eivissa","article_published_time":"2025-05-31T10:41:08+00:00","og_image":[{"width":1195,"height":896,"url":"https:\/\/www.psib-psoe.org\/eivissa\/wp-content\/uploads\/59f52fe6-47c5-4571-ab51-765303c8e2d0-1.jpg","type":"image\/jpeg"}],"author":"adminpsib","twitter_card":"summary_large_image","twitter_misc":{"Escrit per":"adminpsib","Temps estimat de lectura":"3 minuts"},"schema":{"@context":"https:\/\/schema.org","@graph":[{"@type":["Article","BlogPosting"],"@id":"https:\/\/www.psib-psoe.org\/eivissa\/vicent-rosello-acusa-el-pp-de-claudicar-davant-lextrema-dreta-i-alerta-que-el-pacte-amb-vox-sera-desastros-per-a-eivissa-vicent-mari-es-complice\/#article","isPartOf":{"@id":"https:\/\/www.psib-psoe.org\/eivissa\/vicent-rosello-acusa-el-pp-de-claudicar-davant-lextrema-dreta-i-alerta-que-el-pacte-amb-vox-sera-desastros-per-a-eivissa-vicent-mari-es-complice\/"},"author":{"name":"adminpsib","@id":"https:\/\/www.psib-psoe.org\/eivissa\/#\/schema\/person\/099ab3ef73a3645a1d7f303518e6ce24"},"headline":"Vicent Rosell\u00f3 acusa el PP de \u201cclaudicar davant l\u2019extrema dreta\u201d i alerta que el pacte amb Vox ser\u00e0 \u201cdesastr\u00f3s per a Eivissa\u201d. \u201cVicent Mar\u00ed \u00e9s c\u00f2mplice actiu del pacte de la vergonya\u201d.","datePublished":"2025-05-31T10:41:08+00:00","mainEntityOfPage":{"@id":"https:\/\/www.psib-psoe.org\/eivissa\/vicent-rosello-acusa-el-pp-de-claudicar-davant-lextrema-dreta-i-alerta-que-el-pacte-amb-vox-sera-desastros-per-a-eivissa-vicent-mari-es-complice\/"},"wordCount":571,"publisher":{"@id":"https:\/\/www.psib-psoe.org\/eivissa\/#organization"},"image":{"@id":"https:\/\/www.psib-psoe.org\/eivissa\/vicent-rosello-acusa-el-pp-de-claudicar-davant-lextrema-dreta-i-alerta-que-el-pacte-amb-vox-sera-desastros-per-a-eivissa-vicent-mari-es-complice\/#primaryimage"},"thumbnailUrl":"https:\/\/www.psib-psoe.org\/eivissa\/wp-content\/uploads\/59f52fe6-47c5-4571-ab51-765303c8e2d0-1.jpg","articleSection":["Consell d'Eivissa","Federaci\u00f3 d'Eivissa - Portada","FSE-PSOE","Municipis","Sant Josep de sa Talaia"],"inLanguage":"ca"},{"@type":"WebPage","@id":"https:\/\/www.psib-psoe.org\/eivissa\/vicent-rosello-acusa-el-pp-de-claudicar-davant-lextrema-dreta-i-alerta-que-el-pacte-amb-vox-sera-desastros-per-a-eivissa-vicent-mari-es-complice\/","url":"https:\/\/www.psib-psoe.org\/eivissa\/vicent-rosello-acusa-el-pp-de-claudicar-davant-lextrema-dreta-i-alerta-que-el-pacte-amb-vox-sera-desastros-per-a-eivissa-vicent-mari-es-complice\/","name":"Vicent Rosell\u00f3 acusa el PP de \u201cclaudicar davant l\u2019extrema dreta\u201d i alerta que el pacte amb Vox ser\u00e0 \u201cdesastr\u00f3s per a Eivissa\u201d. \u201cVicent Mar\u00ed \u00e9s c\u00f2mplice actiu del pacte de la vergonya\u201d. - Federaci\u00f3 Socialista d&#039;Eivissa","isPartOf":{"@id":"https:\/\/www.psib-psoe.org\/eivissa\/#website"},"primaryImageOfPage":{"@id":"https:\/\/www.psib-psoe.org\/eivissa\/vicent-rosello-acusa-el-pp-de-claudicar-davant-lextrema-dreta-i-alerta-que-el-pacte-amb-vox-sera-desastros-per-a-eivissa-vicent-mari-es-complice\/#primaryimage"},"image":{"@id":"https:\/\/www.psib-psoe.org\/eivissa\/vicent-rosello-acusa-el-pp-de-claudicar-davant-lextrema-dreta-i-alerta-que-el-pacte-amb-vox-sera-desastros-per-a-eivissa-vicent-mari-es-complice\/#primaryimage"},"thumbnailUrl":"https:\/\/www.psib-psoe.org\/eivissa\/wp-content\/uploads\/59f52fe6-47c5-4571-ab51-765303c8e2d0-1.jpg","datePublished":"2025-05-31T10:41:08+00:00","breadcrumb":{"@id":"https:\/\/www.psib-psoe.org\/eivissa\/vicent-rosello-acusa-el-pp-de-claudicar-davant-lextrema-dreta-i-alerta-que-el-pacte-amb-vox-sera-desastros-per-a-eivissa-vicent-mari-es-complice\/#breadcrumb"},"inLanguage":"ca","potentialAction":[{"@type":"ReadAction","target":["https:\/\/www.psib-psoe.org\/eivissa\/vicent-rosello-acusa-el-pp-de-claudicar-davant-lextrema-dreta-i-alerta-que-el-pacte-amb-vox-sera-desastros-per-a-eivissa-vicent-mari-es-complice\/"]}]},{"@type":"ImageObject","inLanguage":"ca","@id":"https:\/\/www.psib-psoe.org\/eivissa\/vicent-rosello-acusa-el-pp-de-claudicar-davant-lextrema-dreta-i-alerta-que-el-pacte-amb-vox-sera-desastros-per-a-eivissa-vicent-mari-es-complice\/#primaryimage","url":"https:\/\/www.psib-psoe.org\/eivissa\/wp-content\/uploads\/59f52fe6-47c5-4571-ab51-765303c8e2d0-1.jpg","contentUrl":"https:\/\/www.psib-psoe.org\/eivissa\/wp-content\/uploads\/59f52fe6-47c5-4571-ab51-765303c8e2d0-1.jpg","width":1195,"height":896},{"@type":"BreadcrumbList","@id":"https:\/\/www.psib-psoe.org\/eivissa\/vicent-rosello-acusa-el-pp-de-claudicar-davant-lextrema-dreta-i-alerta-que-el-pacte-amb-vox-sera-desastros-per-a-eivissa-vicent-mari-es-complice\/#breadcrumb","itemListElement":[{"@type":"ListItem","position":1,"name":"Inici","item":"https:\/\/www.psib-psoe.org\/eivissa\/"},{"@type":"ListItem","position":2,"name":"Vicent Rosell\u00f3 acusa el PP de \u201cclaudicar davant l\u2019extrema dreta\u201d i alerta que el pacte amb Vox ser\u00e0 \u201cdesastr\u00f3s per a Eivissa\u201d. \u201cVicent Mar\u00ed \u00e9s c\u00f2mplice actiu del pacte de la vergonya\u201d."}]},{"@type":"WebSite","@id":"https:\/\/www.psib-psoe.org\/eivissa\/#website","url":"https:\/\/www.psib-psoe.org\/eivissa\/","name":"Federaci\u00f3 Socialista d'Eivissa","description":"Socialistes d&#039;Eivissa","publisher":{"@id":"https:\/\/www.psib-psoe.org\/eivissa\/#organization"},"potentialAction":[{"@type":"SearchAction","target":{"@type":"EntryPoint","urlTemplate":"https:\/\/www.psib-psoe.org\/eivissa\/?s={search_term_string}"},"query-input":{"@type":"PropertyValueSpecification","valueRequired":true,"valueName":"search_term_string"}}],"inLanguage":"ca"},{"@type":"Organization","@id":"https:\/\/www.psib-psoe.org\/eivissa\/#organization","name":"Federaci\u00f3 Socialista d'Eivissa","url":"https:\/\/www.psib-psoe.org\/eivissa\/","logo":{"@type":"ImageObject","inLanguage":"ca","@id":"https:\/\/www.psib-psoe.org\/eivissa\/#\/schema\/logo\/image\/","url":"https:\/\/www.psib-psoe.org\/eivissa\/wp-content\/uploads\/LOGO-FSE-SOCIALISTA-DEIVISSA-HORI.png","contentUrl":"https:\/\/www.psib-psoe.org\/eivissa\/wp-content\/uploads\/LOGO-FSE-SOCIALISTA-DEIVISSA-HORI.png","width":6000,"height":3104,"caption":"Federaci\u00f3 Socialista d'Eivissa"},"image":{"@id":"https:\/\/www.psib-psoe.org\/eivissa\/#\/schema\/logo\/image\/"}},{"@type":"Person","@id":"https:\/\/www.psib-psoe.org\/eivissa\/#\/schema\/person\/099ab3ef73a3645a1d7f303518e6ce24","name":"adminpsib","url":"https:\/\/www.psib-psoe.org\/eivissa\/author\/adminpsib\/"}]}},"_links":{"self":[{"href":"https:\/\/www.psib-psoe.org\/eivissa\/wp-json\/wp\/v2\/posts\/40865","targetHints":{"allow":["GET"]}}],"collection":[{"href":"https:\/\/www.psib-psoe.org\/eivissa\/wp-json\/wp\/v2\/posts"}],"about":[{"href":"https:\/\/www.psib-psoe.org\/eivissa\/wp-json\/wp\/v2\/types\/post"}],"author":[{"embeddable":true,"href":"https:\/\/www.psib-psoe.org\/eivissa\/wp-json\/wp\/v2\/users\/1"}],"replies":[{"embeddable":true,"href":"https:\/\/www.psib-psoe.org\/eivissa\/wp-json\/wp\/v2\/comments?post=40865"}],"version-history":[{"count":1,"href":"https:\/\/www.psib-psoe.org\/eivissa\/wp-json\/wp\/v2\/posts\/40865\/revisions"}],"predecessor-version":[{"id":40866,"href":"https:\/\/www.psib-psoe.org\/eivissa\/wp-json\/wp\/v2\/posts\/40865\/revisions\/40866"}],"wp:featuredmedia":[{"embeddable":true,"href":"https:\/\/www.psib-psoe.org\/eivissa\/wp-json\/wp\/v2\/media\/40864"}],"wp:attachment":[{"href":"https:\/\/www.psib-psoe.org\/eivissa\/wp-json\/wp\/v2\/media?parent=40865"}],"wp:term":[{"taxonomy":"category","embeddable":true,"href":"https:\/\/www.psib-psoe.org\/eivissa\/wp-json\/wp\/v2\/categories?post=40865"},{"taxonomy":"post_tag","embeddable":true,"href":"https:\/\/www.psib-psoe.org\/eivissa\/wp-json\/wp\/v2\/tags?post=40865"}],"curies":[{"name":"wp","href":"https:\/\/api.w.org\/{rel}","templated":true}]}}