{"id":40905,"date":"2025-06-11T15:45:07","date_gmt":"2025-06-11T13:45:07","guid":{"rendered":"https:\/\/www.psib-psoe.org\/eivissa\/?p=40905"},"modified":"2025-06-11T15:45:07","modified_gmt":"2025-06-11T13:45:07","slug":"el-psoe-exigeix-la-cancellacio-de-la-collaboracio-entre-lajuntament-deivissa-i-la-naviliera-transmed-en-la-iniciativa-transmed-weekend","status":"publish","type":"post","link":"https:\/\/www.psib-psoe.org\/eivissa\/el-psoe-exigeix-la-cancellacio-de-la-collaboracio-entre-lajuntament-deivissa-i-la-naviliera-transmed-en-la-iniciativa-transmed-weekend\/","title":{"rendered":"El PSOE exigeix la cancel\u00b7laci\u00f3 de la col\u00b7laboraci\u00f3 entre l&#8217;Ajuntament d&#8217;Eivissa i la naviliera Transmed en la iniciativa Transmed-Weekend"},"content":{"rendered":"<p>El grup municipal socialista exigeix a l&#8217;alcalde d&#8217;Eivissa, Rafa Triguero, i al responsable de Turisme de l&#8217;Ajuntament d&#8217;Eivissa, Rub\u00e8n Sousa, la cancel\u00b7laci\u00f3 immediata de qualsevol classe de col\u00b7laboraci\u00f3 amb la iniciativa que dur a terme la naviliera Grimaldi relacionada amb la Transmed Weekend.<\/p>\n<p>Segons la nota de premsa enviada per la companyia naviliera amb relaci\u00f3 a la &#8216;Transmed Weekend&#8221;, iniciativa tur\u00edstica que permet que els passatgers passin el cap de setmana a Eivissa allotjats al vaixell que fa la ruta Val\u00e8ncia-Eivissa, l&#8217;Ajuntament d&#8217;Eivissa hi col\u00b7labora amb &#8216;un acord&#8217; mitjan\u00e7ant el qual s&#8217;ofereix als turistes la possibilitat de fer visites guiades gratu\u00eftes acompanyats d&#8217;un guia oficial.<\/p>\n<p>Des del PSOE es critica la descoordinaci\u00f3 constant i absoluta entre el Consell Insular i l&#8217;Ajuntament d&#8217;Eivissa, ambd\u00f3s governats pel Partit Popular, en temes que afecten la ciutat d&#8217;Eivissa i a les pol\u00edtiques que duen a terme.<\/p>\n<p>En aquest cas, mentre el Consell Insular d&#8217;Eivissa qualifica la proposta de Transmed Weekend, en una nota de premsa publicada avui als mitjans escrits locals, com &#8220;inacceptable&#8221; i acusa a la naviliera de funcionar &#8220;com un hotel encobert&#8221;, Triguero i Sousa es pleguen a aquesta iniciativa oferint visites guiades amb guia de manera gratu\u00efta pagades amb sous p\u00fablics de la ciutadania d&#8217;Eivissa.<\/p>\n<p>&#8216;\u00c9s inacceptable la manca de criteri, la descoordinaci\u00f3 amb altres administracions i la improvisaci\u00f3 constant amb la qual actuen Triguero i Sousa&#8217;, ha afirmat el portaveu del grup municipal, Rafa Ruiz.<\/p>\n<p>Donat que aquesta actuaci\u00f3 ha estat duta a terme amb manca de transpar\u00e8ncia p\u00fablica, ja que no hi ha cap conveni en actiu signat ni publicat per l&#8217;Ajuntament d&#8217;Eivissa i Transmed, els i les socialistes demanarem avui mateix per escrit informaci\u00f3 relativa a qualsevol classe d&#8217;acord entre l&#8217;Ajuntament d&#8217;Eivissa i Transmed.<\/p>\n<p>Es d\u00f3na la circumst\u00e0ncia que fa uns dies el regidor de platges, Rub\u00e8n Sousa, es feia una foto i s&#8217;enviava nota de premsa des del gabinet de comunicaci\u00f3 municipal amb relaci\u00f3 al trasllat gratu\u00eft a Eivissa, per part de Transmed, d&#8217;una infraestructura per a persones amb mobilitat redu\u00efda instal\u00b7lada a la platja de ses Figueretes. <\/p>\n","protected":false},"excerpt":{"rendered":"<p>El grup municipal socialista exigeix a l&#8217;alcalde d&#8217;Eivissa, Rafa Triguero, i al responsable de Turisme de l&#8217;Ajuntament d&#8217;Eivissa, Rub\u00e8n Sousa, la cancel\u00b7laci\u00f3 immediata de qualsevol classe de col\u00b7laboraci\u00f3 amb la iniciativa que dur a terme la naviliera Grimaldi relacionada amb la Transmed Weekend. Segons la nota de premsa enviada per la companyia naviliera amb relaci\u00f3&hellip;<\/p>\n","protected":false},"author":1,"featured_media":40906,"comment_status":"closed","ping_status":"closed","sticky":false,"template":"","format":"standard","meta":{"footnotes":""},"categories":[183,1],"tags":[],"class_list":["post-40905","post","type-post","status-publish","format-standard","has-post-thumbnail","hentry","category-ciutat-deivissa","category-federacio-de-eivissa-portada"],"yoast_head":"<!-- This site is optimized with the Yoast SEO plugin v26.9 - https:\/\/yoast.com\/product\/yoast-seo-wordpress\/ -->\n<title>El PSOE exigeix la cancel\u00b7laci\u00f3 de la col\u00b7laboraci\u00f3 entre l&#039;Ajuntament d&#039;Eivissa i la naviliera Transmed en la iniciativa Transmed-Weekend - Federaci\u00f3 Socialista d&#039;Eivissa<\/title>\n<meta name=\"robots\" content=\"index, follow, max-snippet:-1, max-image-preview:large, max-video-preview:-1\" \/>\n<link rel=\"canonical\" href=\"https:\/\/www.psib-psoe.org\/eivissa\/el-psoe-exigeix-la-cancellacio-de-la-collaboracio-entre-lajuntament-deivissa-i-la-naviliera-transmed-en-la-iniciativa-transmed-weekend\/\" \/>\n<meta property=\"og:locale\" content=\"ca_ES\" \/>\n<meta property=\"og:type\" content=\"article\" \/>\n<meta property=\"og:title\" content=\"El PSOE exigeix la cancel\u00b7laci\u00f3 de la col\u00b7laboraci\u00f3 entre l&#039;Ajuntament d&#039;Eivissa i la naviliera Transmed en la iniciativa Transmed-Weekend - Federaci\u00f3 Socialista d&#039;Eivissa\" \/>\n<meta property=\"og:description\" content=\"El grup municipal socialista exigeix a l&#8217;alcalde d&#8217;Eivissa, Rafa Triguero, i al responsable de Turisme de l&#8217;Ajuntament d&#8217;Eivissa, Rub\u00e8n Sousa, la cancel\u00b7laci\u00f3 immediata de qualsevol classe de col\u00b7laboraci\u00f3 amb la iniciativa que dur a terme la naviliera Grimaldi relacionada amb la Transmed Weekend. Segons la nota de premsa enviada per la companyia naviliera amb relaci\u00f3&hellip;\" \/>\n<meta property=\"og:url\" content=\"https:\/\/www.psib-psoe.org\/eivissa\/el-psoe-exigeix-la-cancellacio-de-la-collaboracio-entre-lajuntament-deivissa-i-la-naviliera-transmed-en-la-iniciativa-transmed-weekend\/\" \/>\n<meta property=\"og:site_name\" content=\"Federaci\u00f3 Socialista d&#039;Eivissa\" \/>\n<meta property=\"article:published_time\" content=\"2025-06-11T13:45:07+00:00\" \/>\n<meta property=\"og:image\" content=\"https:\/\/www.psib-psoe.org\/eivissa\/wp-content\/uploads\/Port.jpg\" \/>\n\t<meta property=\"og:image:width\" content=\"1290\" \/>\n\t<meta property=\"og:image:height\" content=\"1243\" \/>\n\t<meta property=\"og:image:type\" content=\"image\/jpeg\" \/>\n<meta name=\"author\" content=\"adminpsib\" \/>\n<meta name=\"twitter:card\" content=\"summary_large_image\" \/>\n<meta name=\"twitter:label1\" content=\"Escrit per\" \/>\n\t<meta name=\"twitter:data1\" content=\"adminpsib\" \/>\n\t<meta name=\"twitter:label2\" content=\"Temps estimat de lectura\" \/>\n\t<meta name=\"twitter:data2\" content=\"2 minuts\" \/>\n<script type=\"application\/ld+json\" class=\"yoast-schema-graph\">{\"@context\":\"https:\/\/schema.org\",\"@graph\":[{\"@type\":[\"Article\",\"BlogPosting\"],\"@id\":\"https:\/\/www.psib-psoe.org\/eivissa\/el-psoe-exigeix-la-cancellacio-de-la-collaboracio-entre-lajuntament-deivissa-i-la-naviliera-transmed-en-la-iniciativa-transmed-weekend\/#article\",\"isPartOf\":{\"@id\":\"https:\/\/www.psib-psoe.org\/eivissa\/el-psoe-exigeix-la-cancellacio-de-la-collaboracio-entre-lajuntament-deivissa-i-la-naviliera-transmed-en-la-iniciativa-transmed-weekend\/\"},\"author\":{\"name\":\"adminpsib\",\"@id\":\"https:\/\/www.psib-psoe.org\/eivissa\/#\/schema\/person\/099ab3ef73a3645a1d7f303518e6ce24\"},\"headline\":\"El PSOE exigeix la cancel\u00b7laci\u00f3 de la col\u00b7laboraci\u00f3 entre l&#8217;Ajuntament d&#8217;Eivissa i la naviliera Transmed en la iniciativa Transmed-Weekend\",\"datePublished\":\"2025-06-11T13:45:07+00:00\",\"mainEntityOfPage\":{\"@id\":\"https:\/\/www.psib-psoe.org\/eivissa\/el-psoe-exigeix-la-cancellacio-de-la-collaboracio-entre-lajuntament-deivissa-i-la-naviliera-transmed-en-la-iniciativa-transmed-weekend\/\"},\"wordCount\":383,\"publisher\":{\"@id\":\"https:\/\/www.psib-psoe.org\/eivissa\/#organization\"},\"image\":{\"@id\":\"https:\/\/www.psib-psoe.org\/eivissa\/el-psoe-exigeix-la-cancellacio-de-la-collaboracio-entre-lajuntament-deivissa-i-la-naviliera-transmed-en-la-iniciativa-transmed-weekend\/#primaryimage\"},\"thumbnailUrl\":\"https:\/\/www.psib-psoe.org\/eivissa\/wp-content\/uploads\/Port.jpg\",\"articleSection\":[\"Ciutat d'Eivissa\",\"Federaci\u00f3 d'Eivissa - Portada\"],\"inLanguage\":\"ca\"},{\"@type\":\"WebPage\",\"@id\":\"https:\/\/www.psib-psoe.org\/eivissa\/el-psoe-exigeix-la-cancellacio-de-la-collaboracio-entre-lajuntament-deivissa-i-la-naviliera-transmed-en-la-iniciativa-transmed-weekend\/\",\"url\":\"https:\/\/www.psib-psoe.org\/eivissa\/el-psoe-exigeix-la-cancellacio-de-la-collaboracio-entre-lajuntament-deivissa-i-la-naviliera-transmed-en-la-iniciativa-transmed-weekend\/\",\"name\":\"El PSOE exigeix la cancel\u00b7laci\u00f3 de la col\u00b7laboraci\u00f3 entre l'Ajuntament d'Eivissa i la naviliera Transmed en la iniciativa Transmed-Weekend - Federaci\u00f3 Socialista d&#039;Eivissa\",\"isPartOf\":{\"@id\":\"https:\/\/www.psib-psoe.org\/eivissa\/#website\"},\"primaryImageOfPage\":{\"@id\":\"https:\/\/www.psib-psoe.org\/eivissa\/el-psoe-exigeix-la-cancellacio-de-la-collaboracio-entre-lajuntament-deivissa-i-la-naviliera-transmed-en-la-iniciativa-transmed-weekend\/#primaryimage\"},\"image\":{\"@id\":\"https:\/\/www.psib-psoe.org\/eivissa\/el-psoe-exigeix-la-cancellacio-de-la-collaboracio-entre-lajuntament-deivissa-i-la-naviliera-transmed-en-la-iniciativa-transmed-weekend\/#primaryimage\"},\"thumbnailUrl\":\"https:\/\/www.psib-psoe.org\/eivissa\/wp-content\/uploads\/Port.jpg\",\"datePublished\":\"2025-06-11T13:45:07+00:00\",\"breadcrumb\":{\"@id\":\"https:\/\/www.psib-psoe.org\/eivissa\/el-psoe-exigeix-la-cancellacio-de-la-collaboracio-entre-lajuntament-deivissa-i-la-naviliera-transmed-en-la-iniciativa-transmed-weekend\/#breadcrumb\"},\"inLanguage\":\"ca\",\"potentialAction\":[{\"@type\":\"ReadAction\",\"target\":[\"https:\/\/www.psib-psoe.org\/eivissa\/el-psoe-exigeix-la-cancellacio-de-la-collaboracio-entre-lajuntament-deivissa-i-la-naviliera-transmed-en-la-iniciativa-transmed-weekend\/\"]}]},{\"@type\":\"ImageObject\",\"inLanguage\":\"ca\",\"@id\":\"https:\/\/www.psib-psoe.org\/eivissa\/el-psoe-exigeix-la-cancellacio-de-la-collaboracio-entre-lajuntament-deivissa-i-la-naviliera-transmed-en-la-iniciativa-transmed-weekend\/#primaryimage\",\"url\":\"https:\/\/www.psib-psoe.org\/eivissa\/wp-content\/uploads\/Port.jpg\",\"contentUrl\":\"https:\/\/www.psib-psoe.org\/eivissa\/wp-content\/uploads\/Port.jpg\",\"width\":1290,\"height\":1243,\"caption\":\"Screenshot\"},{\"@type\":\"BreadcrumbList\",\"@id\":\"https:\/\/www.psib-psoe.org\/eivissa\/el-psoe-exigeix-la-cancellacio-de-la-collaboracio-entre-lajuntament-deivissa-i-la-naviliera-transmed-en-la-iniciativa-transmed-weekend\/#breadcrumb\",\"itemListElement\":[{\"@type\":\"ListItem\",\"position\":1,\"name\":\"Inici\",\"item\":\"https:\/\/www.psib-psoe.org\/eivissa\/\"},{\"@type\":\"ListItem\",\"position\":2,\"name\":\"El PSOE exigeix la cancel\u00b7laci\u00f3 de la col\u00b7laboraci\u00f3 entre l&#8217;Ajuntament d&#8217;Eivissa i la naviliera Transmed en la iniciativa Transmed-Weekend\"}]},{\"@type\":\"WebSite\",\"@id\":\"https:\/\/www.psib-psoe.org\/eivissa\/#website\",\"url\":\"https:\/\/www.psib-psoe.org\/eivissa\/\",\"name\":\"Federaci\u00f3 Socialista d'Eivissa\",\"description\":\"Socialistes d&#039;Eivissa\",\"publisher\":{\"@id\":\"https:\/\/www.psib-psoe.org\/eivissa\/#organization\"},\"potentialAction\":[{\"@type\":\"SearchAction\",\"target\":{\"@type\":\"EntryPoint\",\"urlTemplate\":\"https:\/\/www.psib-psoe.org\/eivissa\/?s={search_term_string}\"},\"query-input\":{\"@type\":\"PropertyValueSpecification\",\"valueRequired\":true,\"valueName\":\"search_term_string\"}}],\"inLanguage\":\"ca\"},{\"@type\":\"Organization\",\"@id\":\"https:\/\/www.psib-psoe.org\/eivissa\/#organization\",\"name\":\"Federaci\u00f3 Socialista d'Eivissa\",\"url\":\"https:\/\/www.psib-psoe.org\/eivissa\/\",\"logo\":{\"@type\":\"ImageObject\",\"inLanguage\":\"ca\",\"@id\":\"https:\/\/www.psib-psoe.org\/eivissa\/#\/schema\/logo\/image\/\",\"url\":\"https:\/\/www.psib-psoe.org\/eivissa\/wp-content\/uploads\/LOGO-FSE-SOCIALISTA-DEIVISSA-HORI.png\",\"contentUrl\":\"https:\/\/www.psib-psoe.org\/eivissa\/wp-content\/uploads\/LOGO-FSE-SOCIALISTA-DEIVISSA-HORI.png\",\"width\":6000,\"height\":3104,\"caption\":\"Federaci\u00f3 Socialista d'Eivissa\"},\"image\":{\"@id\":\"https:\/\/www.psib-psoe.org\/eivissa\/#\/schema\/logo\/image\/\"}},{\"@type\":\"Person\",\"@id\":\"https:\/\/www.psib-psoe.org\/eivissa\/#\/schema\/person\/099ab3ef73a3645a1d7f303518e6ce24\",\"name\":\"adminpsib\",\"url\":\"https:\/\/www.psib-psoe.org\/eivissa\/author\/adminpsib\/\"}]}<\/script>\n<!-- \/ Yoast SEO plugin. -->","yoast_head_json":{"title":"El PSOE exigeix la cancel\u00b7laci\u00f3 de la col\u00b7laboraci\u00f3 entre l'Ajuntament d'Eivissa i la naviliera Transmed en la iniciativa Transmed-Weekend - Federaci\u00f3 Socialista d&#039;Eivissa","robots":{"index":"index","follow":"follow","max-snippet":"max-snippet:-1","max-image-preview":"max-image-preview:large","max-video-preview":"max-video-preview:-1"},"canonical":"https:\/\/www.psib-psoe.org\/eivissa\/el-psoe-exigeix-la-cancellacio-de-la-collaboracio-entre-lajuntament-deivissa-i-la-naviliera-transmed-en-la-iniciativa-transmed-weekend\/","og_locale":"ca_ES","og_type":"article","og_title":"El PSOE exigeix la cancel\u00b7laci\u00f3 de la col\u00b7laboraci\u00f3 entre l'Ajuntament d'Eivissa i la naviliera Transmed en la iniciativa Transmed-Weekend - Federaci\u00f3 Socialista d&#039;Eivissa","og_description":"El grup municipal socialista exigeix a l&#8217;alcalde d&#8217;Eivissa, Rafa Triguero, i al responsable de Turisme de l&#8217;Ajuntament d&#8217;Eivissa, Rub\u00e8n Sousa, la cancel\u00b7laci\u00f3 immediata de qualsevol classe de col\u00b7laboraci\u00f3 amb la iniciativa que dur a terme la naviliera Grimaldi relacionada amb la Transmed Weekend. Segons la nota de premsa enviada per la companyia naviliera amb relaci\u00f3&hellip;","og_url":"https:\/\/www.psib-psoe.org\/eivissa\/el-psoe-exigeix-la-cancellacio-de-la-collaboracio-entre-lajuntament-deivissa-i-la-naviliera-transmed-en-la-iniciativa-transmed-weekend\/","og_site_name":"Federaci\u00f3 Socialista d&#039;Eivissa","article_published_time":"2025-06-11T13:45:07+00:00","og_image":[{"width":1290,"height":1243,"url":"https:\/\/www.psib-psoe.org\/eivissa\/wp-content\/uploads\/Port.jpg","type":"image\/jpeg"}],"author":"adminpsib","twitter_card":"summary_large_image","twitter_misc":{"Escrit per":"adminpsib","Temps estimat de lectura":"2 minuts"},"schema":{"@context":"https:\/\/schema.org","@graph":[{"@type":["Article","BlogPosting"],"@id":"https:\/\/www.psib-psoe.org\/eivissa\/el-psoe-exigeix-la-cancellacio-de-la-collaboracio-entre-lajuntament-deivissa-i-la-naviliera-transmed-en-la-iniciativa-transmed-weekend\/#article","isPartOf":{"@id":"https:\/\/www.psib-psoe.org\/eivissa\/el-psoe-exigeix-la-cancellacio-de-la-collaboracio-entre-lajuntament-deivissa-i-la-naviliera-transmed-en-la-iniciativa-transmed-weekend\/"},"author":{"name":"adminpsib","@id":"https:\/\/www.psib-psoe.org\/eivissa\/#\/schema\/person\/099ab3ef73a3645a1d7f303518e6ce24"},"headline":"El PSOE exigeix la cancel\u00b7laci\u00f3 de la col\u00b7laboraci\u00f3 entre l&#8217;Ajuntament d&#8217;Eivissa i la naviliera Transmed en la iniciativa Transmed-Weekend","datePublished":"2025-06-11T13:45:07+00:00","mainEntityOfPage":{"@id":"https:\/\/www.psib-psoe.org\/eivissa\/el-psoe-exigeix-la-cancellacio-de-la-collaboracio-entre-lajuntament-deivissa-i-la-naviliera-transmed-en-la-iniciativa-transmed-weekend\/"},"wordCount":383,"publisher":{"@id":"https:\/\/www.psib-psoe.org\/eivissa\/#organization"},"image":{"@id":"https:\/\/www.psib-psoe.org\/eivissa\/el-psoe-exigeix-la-cancellacio-de-la-collaboracio-entre-lajuntament-deivissa-i-la-naviliera-transmed-en-la-iniciativa-transmed-weekend\/#primaryimage"},"thumbnailUrl":"https:\/\/www.psib-psoe.org\/eivissa\/wp-content\/uploads\/Port.jpg","articleSection":["Ciutat d'Eivissa","Federaci\u00f3 d'Eivissa - Portada"],"inLanguage":"ca"},{"@type":"WebPage","@id":"https:\/\/www.psib-psoe.org\/eivissa\/el-psoe-exigeix-la-cancellacio-de-la-collaboracio-entre-lajuntament-deivissa-i-la-naviliera-transmed-en-la-iniciativa-transmed-weekend\/","url":"https:\/\/www.psib-psoe.org\/eivissa\/el-psoe-exigeix-la-cancellacio-de-la-collaboracio-entre-lajuntament-deivissa-i-la-naviliera-transmed-en-la-iniciativa-transmed-weekend\/","name":"El PSOE exigeix la cancel\u00b7laci\u00f3 de la col\u00b7laboraci\u00f3 entre l'Ajuntament d'Eivissa i la naviliera Transmed en la iniciativa Transmed-Weekend - Federaci\u00f3 Socialista d&#039;Eivissa","isPartOf":{"@id":"https:\/\/www.psib-psoe.org\/eivissa\/#website"},"primaryImageOfPage":{"@id":"https:\/\/www.psib-psoe.org\/eivissa\/el-psoe-exigeix-la-cancellacio-de-la-collaboracio-entre-lajuntament-deivissa-i-la-naviliera-transmed-en-la-iniciativa-transmed-weekend\/#primaryimage"},"image":{"@id":"https:\/\/www.psib-psoe.org\/eivissa\/el-psoe-exigeix-la-cancellacio-de-la-collaboracio-entre-lajuntament-deivissa-i-la-naviliera-transmed-en-la-iniciativa-transmed-weekend\/#primaryimage"},"thumbnailUrl":"https:\/\/www.psib-psoe.org\/eivissa\/wp-content\/uploads\/Port.jpg","datePublished":"2025-06-11T13:45:07+00:00","breadcrumb":{"@id":"https:\/\/www.psib-psoe.org\/eivissa\/el-psoe-exigeix-la-cancellacio-de-la-collaboracio-entre-lajuntament-deivissa-i-la-naviliera-transmed-en-la-iniciativa-transmed-weekend\/#breadcrumb"},"inLanguage":"ca","potentialAction":[{"@type":"ReadAction","target":["https:\/\/www.psib-psoe.org\/eivissa\/el-psoe-exigeix-la-cancellacio-de-la-collaboracio-entre-lajuntament-deivissa-i-la-naviliera-transmed-en-la-iniciativa-transmed-weekend\/"]}]},{"@type":"ImageObject","inLanguage":"ca","@id":"https:\/\/www.psib-psoe.org\/eivissa\/el-psoe-exigeix-la-cancellacio-de-la-collaboracio-entre-lajuntament-deivissa-i-la-naviliera-transmed-en-la-iniciativa-transmed-weekend\/#primaryimage","url":"https:\/\/www.psib-psoe.org\/eivissa\/wp-content\/uploads\/Port.jpg","contentUrl":"https:\/\/www.psib-psoe.org\/eivissa\/wp-content\/uploads\/Port.jpg","width":1290,"height":1243,"caption":"Screenshot"},{"@type":"BreadcrumbList","@id":"https:\/\/www.psib-psoe.org\/eivissa\/el-psoe-exigeix-la-cancellacio-de-la-collaboracio-entre-lajuntament-deivissa-i-la-naviliera-transmed-en-la-iniciativa-transmed-weekend\/#breadcrumb","itemListElement":[{"@type":"ListItem","position":1,"name":"Inici","item":"https:\/\/www.psib-psoe.org\/eivissa\/"},{"@type":"ListItem","position":2,"name":"El PSOE exigeix la cancel\u00b7laci\u00f3 de la col\u00b7laboraci\u00f3 entre l&#8217;Ajuntament d&#8217;Eivissa i la naviliera Transmed en la iniciativa Transmed-Weekend"}]},{"@type":"WebSite","@id":"https:\/\/www.psib-psoe.org\/eivissa\/#website","url":"https:\/\/www.psib-psoe.org\/eivissa\/","name":"Federaci\u00f3 Socialista d'Eivissa","description":"Socialistes d&#039;Eivissa","publisher":{"@id":"https:\/\/www.psib-psoe.org\/eivissa\/#organization"},"potentialAction":[{"@type":"SearchAction","target":{"@type":"EntryPoint","urlTemplate":"https:\/\/www.psib-psoe.org\/eivissa\/?s={search_term_string}"},"query-input":{"@type":"PropertyValueSpecification","valueRequired":true,"valueName":"search_term_string"}}],"inLanguage":"ca"},{"@type":"Organization","@id":"https:\/\/www.psib-psoe.org\/eivissa\/#organization","name":"Federaci\u00f3 Socialista d'Eivissa","url":"https:\/\/www.psib-psoe.org\/eivissa\/","logo":{"@type":"ImageObject","inLanguage":"ca","@id":"https:\/\/www.psib-psoe.org\/eivissa\/#\/schema\/logo\/image\/","url":"https:\/\/www.psib-psoe.org\/eivissa\/wp-content\/uploads\/LOGO-FSE-SOCIALISTA-DEIVISSA-HORI.png","contentUrl":"https:\/\/www.psib-psoe.org\/eivissa\/wp-content\/uploads\/LOGO-FSE-SOCIALISTA-DEIVISSA-HORI.png","width":6000,"height":3104,"caption":"Federaci\u00f3 Socialista d'Eivissa"},"image":{"@id":"https:\/\/www.psib-psoe.org\/eivissa\/#\/schema\/logo\/image\/"}},{"@type":"Person","@id":"https:\/\/www.psib-psoe.org\/eivissa\/#\/schema\/person\/099ab3ef73a3645a1d7f303518e6ce24","name":"adminpsib","url":"https:\/\/www.psib-psoe.org\/eivissa\/author\/adminpsib\/"}]}},"_links":{"self":[{"href":"https:\/\/www.psib-psoe.org\/eivissa\/wp-json\/wp\/v2\/posts\/40905","targetHints":{"allow":["GET"]}}],"collection":[{"href":"https:\/\/www.psib-psoe.org\/eivissa\/wp-json\/wp\/v2\/posts"}],"about":[{"href":"https:\/\/www.psib-psoe.org\/eivissa\/wp-json\/wp\/v2\/types\/post"}],"author":[{"embeddable":true,"href":"https:\/\/www.psib-psoe.org\/eivissa\/wp-json\/wp\/v2\/users\/1"}],"replies":[{"embeddable":true,"href":"https:\/\/www.psib-psoe.org\/eivissa\/wp-json\/wp\/v2\/comments?post=40905"}],"version-history":[{"count":1,"href":"https:\/\/www.psib-psoe.org\/eivissa\/wp-json\/wp\/v2\/posts\/40905\/revisions"}],"predecessor-version":[{"id":40907,"href":"https:\/\/www.psib-psoe.org\/eivissa\/wp-json\/wp\/v2\/posts\/40905\/revisions\/40907"}],"wp:featuredmedia":[{"embeddable":true,"href":"https:\/\/www.psib-psoe.org\/eivissa\/wp-json\/wp\/v2\/media\/40906"}],"wp:attachment":[{"href":"https:\/\/www.psib-psoe.org\/eivissa\/wp-json\/wp\/v2\/media?parent=40905"}],"wp:term":[{"taxonomy":"category","embeddable":true,"href":"https:\/\/www.psib-psoe.org\/eivissa\/wp-json\/wp\/v2\/categories?post=40905"},{"taxonomy":"post_tag","embeddable":true,"href":"https:\/\/www.psib-psoe.org\/eivissa\/wp-json\/wp\/v2\/tags?post=40905"}],"curies":[{"name":"wp","href":"https:\/\/api.w.org\/{rel}","templated":true}]}}