{"id":40942,"date":"2025-06-25T13:14:02","date_gmt":"2025-06-25T11:14:02","guid":{"rendered":"https:\/\/www.psib-psoe.org\/eivissa\/?p=40942"},"modified":"2025-06-25T13:14:02","modified_gmt":"2025-06-25T11:14:02","slug":"el-psoe-adverteix-de-la-destruccio-deivissa-que-suposara-la-llei-bomba-despeculacio-urbanistica-pactada-entre-el-pp-i-vox-com-reconeix-el-mateix-vicent-mari-amb-el","status":"publish","type":"post","link":"https:\/\/www.psib-psoe.org\/eivissa\/el-psoe-adverteix-de-la-destruccio-deivissa-que-suposara-la-llei-bomba-despeculacio-urbanistica-pactada-entre-el-pp-i-vox-com-reconeix-el-mateix-vicent-mari-amb-el\/","title":{"rendered":"El PSOE adverteix de la \u201cdestrucci\u00f3 d\u2019Eivissa\u201d que suposar\u00e0 la llei bomba d\u2019especulaci\u00f3 urban\u00edstica pactada entre el PP i Vox, com reconeix el mateix Vicent Mar\u00ed amb el seu intent de maquillar-la. El Partit Socialista n\u2019exigeix la retirada total i immediata."},"content":{"rendered":"<p>El PSOE alerta de les greus conseq\u00fc\u00e8ncies que tendr\u00e0 per al territori, el paisatge i el model de desenvolupament de l\u2019illa l\u2019aprovaci\u00f3 de la nova llei urban\u00edstica del PP i Vox, que obre la porta a la construcci\u00f3 massiva en s\u00f2l r\u00fastic. Una \u201cllei bomba\u201d que \u201cprovocar\u00e0 la pitjor onada de destrucci\u00f3 del territori a la nostra illa en m\u00e9s de 20 anys\u201d, com ha dit la portaveu del PSOE al Consell Insular d\u2019Eivissa, Elena L\u00f3pez Bonet. <\/p>\n<p>\u201cLluny de resoldre el problema de l\u2019habitatge, aquesta norma t\u00e9 com a \u00fanic objectiu una onada d\u2019especulaci\u00f3 urban\u00edstica sense precedents, tira en terra anys de planificaci\u00f3 urban\u00edstica a l\u2019illa i suposar\u00e0 una amena\u00e7a definitiva contra l\u2019equilibri ambiental i urban\u00edstic i social de la nostra illa\u201d.<\/p>\n<p>El Partit Socialista denuncia que el Consell Insular, lluny d\u2019oposar-se a aquesta llei destructiva, \u201cproposa esmenes per intentar maquillar els seus efectes i fer veure que protegeix, quan \u00e9s tot el contrari\u201d. \u201cAmb aquest anunci d\u2019esmenes, el mateix Vicent Mar\u00ed reconeix els perills d\u2019una llei que, segons els seus impulsors, hauria de servir per resoldre el problema de l\u2019habitatge, per\u00f2 que en realitat nom\u00e9s obre noves vies per reactivar sectors urbanitzables obsolets i especulatius\u201d.<\/p>\n<p>L\u2019intent de maquillar la llei per part de Vicent Mar\u00ed \u00e9s \u201cun enorme engany que no pot tapar la realitat: el PP d\u2019Eivissa \u00e9s c\u00f2mplice d\u2019una llei que permetr\u00e0 la construcci\u00f3 en \u00e0rees r\u00fastiques, fins i tot en zones de gran valor ambiental o afectades per riscos naturals com inundacions\u201d. A m\u00e9s, aquesta norma \u201cpodria obrir una escletxa legal per reactivar sectors que el Pla Territorial Insular havia deixat en suspens o que es preveia desclassificar, per molt que ara diguin que volen autoesmenar-se\u201d.<\/p>\n<p>El PSOE exigeix \u201cla retirada immediata d\u2019aquesta llei bomba d\u2019especulaci\u00f3 urban\u00edstica i fa una crida a tota la societat eivissenca a defensar el territori davant la greu amena\u00e7a del pacte de la vergonya del PP i Vox\u201d. \u201cConstruir en r\u00fastic no \u00e9s la soluci\u00f3 al problema de l\u2019habitatge, si no una excusa per continuar destruint l\u2019illa\u201d, denuncia Elena L\u00f3pez.<\/p>\n<p>\u201c\u00c9s hora de posar fre a l\u2019ambici\u00f3 dels qui volen convertir Eivissa en un negoci sense l\u00edmits. El futur de l\u2019illa ha de passar per un model equilibrat i respectu\u00f3s amb el territori, amb pol\u00edtiques d\u2019habitatge destinades a la ciutadania, i no a mida dels interessos urban\u00edstics de sempre\u201d, ha advertit la portaveu del PSOE al Consell Insular.<\/p>\n","protected":false},"excerpt":{"rendered":"<p>El PSOE alerta de les greus conseq\u00fc\u00e8ncies que tendr\u00e0 per al territori, el paisatge i el model de desenvolupament de l\u2019illa l\u2019aprovaci\u00f3 de la nova llei urban\u00edstica del PP i Vox, que obre la porta a la construcci\u00f3 massiva en s\u00f2l r\u00fastic. Una \u201cllei bomba\u201d que \u201cprovocar\u00e0 la pitjor onada de destrucci\u00f3 del territori a&hellip;<\/p>\n","protected":false},"author":1,"featured_media":36714,"comment_status":"closed","ping_status":"closed","sticky":false,"template":"","format":"standard","meta":{"footnotes":""},"categories":[192,1,191],"tags":[],"class_list":["post-40942","post","type-post","status-publish","format-standard","has-post-thumbnail","hentry","category-consell-deivissa","category-federacio-de-eivissa-portada","category-govern-de-les-illes-balears-parlament"],"yoast_head":"<!-- This site is optimized with the Yoast SEO plugin v26.9 - https:\/\/yoast.com\/product\/yoast-seo-wordpress\/ -->\n<title>El PSOE adverteix de la \u201cdestrucci\u00f3 d\u2019Eivissa\u201d que suposar\u00e0 la llei bomba d\u2019especulaci\u00f3 urban\u00edstica pactada entre el PP i Vox, com reconeix el mateix Vicent Mar\u00ed amb el seu intent de maquillar-la. El Partit Socialista n\u2019exigeix la retirada total i immediata. - Federaci\u00f3 Socialista d&#039;Eivissa<\/title>\n<meta name=\"robots\" content=\"index, follow, max-snippet:-1, max-image-preview:large, max-video-preview:-1\" \/>\n<link rel=\"canonical\" href=\"https:\/\/www.psib-psoe.org\/eivissa\/el-psoe-adverteix-de-la-destruccio-deivissa-que-suposara-la-llei-bomba-despeculacio-urbanistica-pactada-entre-el-pp-i-vox-com-reconeix-el-mateix-vicent-mari-amb-el\/\" \/>\n<meta property=\"og:locale\" content=\"ca_ES\" \/>\n<meta property=\"og:type\" content=\"article\" \/>\n<meta property=\"og:title\" content=\"El PSOE adverteix de la \u201cdestrucci\u00f3 d\u2019Eivissa\u201d que suposar\u00e0 la llei bomba d\u2019especulaci\u00f3 urban\u00edstica pactada entre el PP i Vox, com reconeix el mateix Vicent Mar\u00ed amb el seu intent de maquillar-la. El Partit Socialista n\u2019exigeix la retirada total i immediata. - Federaci\u00f3 Socialista d&#039;Eivissa\" \/>\n<meta property=\"og:description\" content=\"El PSOE alerta de les greus conseq\u00fc\u00e8ncies que tendr\u00e0 per al territori, el paisatge i el model de desenvolupament de l\u2019illa l\u2019aprovaci\u00f3 de la nova llei urban\u00edstica del PP i Vox, que obre la porta a la construcci\u00f3 massiva en s\u00f2l r\u00fastic. Una \u201cllei bomba\u201d que \u201cprovocar\u00e0 la pitjor onada de destrucci\u00f3 del territori a&hellip;\" \/>\n<meta property=\"og:url\" content=\"https:\/\/www.psib-psoe.org\/eivissa\/el-psoe-adverteix-de-la-destruccio-deivissa-que-suposara-la-llei-bomba-despeculacio-urbanistica-pactada-entre-el-pp-i-vox-com-reconeix-el-mateix-vicent-mari-amb-el\/\" \/>\n<meta property=\"og:site_name\" content=\"Federaci\u00f3 Socialista d&#039;Eivissa\" \/>\n<meta property=\"article:published_time\" content=\"2025-06-25T11:14:02+00:00\" \/>\n<meta property=\"og:image\" content=\"https:\/\/www.psib-psoe.org\/eivissa\/wp-content\/uploads\/FOTO-VISTES-EIVISSA5-1024x768.jpg\" \/>\n\t<meta property=\"og:image:width\" content=\"1024\" \/>\n\t<meta property=\"og:image:height\" content=\"768\" \/>\n\t<meta property=\"og:image:type\" content=\"image\/jpeg\" \/>\n<meta name=\"author\" content=\"adminpsib\" \/>\n<meta name=\"twitter:card\" content=\"summary_large_image\" \/>\n<meta name=\"twitter:label1\" content=\"Escrit per\" \/>\n\t<meta name=\"twitter:data1\" content=\"adminpsib\" \/>\n\t<meta name=\"twitter:label2\" content=\"Temps estimat de lectura\" \/>\n\t<meta name=\"twitter:data2\" content=\"2 minuts\" \/>\n<script type=\"application\/ld+json\" class=\"yoast-schema-graph\">{\"@context\":\"https:\/\/schema.org\",\"@graph\":[{\"@type\":[\"Article\",\"BlogPosting\"],\"@id\":\"https:\/\/www.psib-psoe.org\/eivissa\/el-psoe-adverteix-de-la-destruccio-deivissa-que-suposara-la-llei-bomba-despeculacio-urbanistica-pactada-entre-el-pp-i-vox-com-reconeix-el-mateix-vicent-mari-amb-el\/#article\",\"isPartOf\":{\"@id\":\"https:\/\/www.psib-psoe.org\/eivissa\/el-psoe-adverteix-de-la-destruccio-deivissa-que-suposara-la-llei-bomba-despeculacio-urbanistica-pactada-entre-el-pp-i-vox-com-reconeix-el-mateix-vicent-mari-amb-el\/\"},\"author\":{\"name\":\"adminpsib\",\"@id\":\"https:\/\/www.psib-psoe.org\/eivissa\/#\/schema\/person\/099ab3ef73a3645a1d7f303518e6ce24\"},\"headline\":\"El PSOE adverteix de la \u201cdestrucci\u00f3 d\u2019Eivissa\u201d que suposar\u00e0 la llei bomba d\u2019especulaci\u00f3 urban\u00edstica pactada entre el PP i Vox, com reconeix el mateix Vicent Mar\u00ed amb el seu intent de maquillar-la. El Partit Socialista n\u2019exigeix la retirada total i immediata.\",\"datePublished\":\"2025-06-25T11:14:02+00:00\",\"mainEntityOfPage\":{\"@id\":\"https:\/\/www.psib-psoe.org\/eivissa\/el-psoe-adverteix-de-la-destruccio-deivissa-que-suposara-la-llei-bomba-despeculacio-urbanistica-pactada-entre-el-pp-i-vox-com-reconeix-el-mateix-vicent-mari-amb-el\/\"},\"wordCount\":484,\"publisher\":{\"@id\":\"https:\/\/www.psib-psoe.org\/eivissa\/#organization\"},\"image\":{\"@id\":\"https:\/\/www.psib-psoe.org\/eivissa\/el-psoe-adverteix-de-la-destruccio-deivissa-que-suposara-la-llei-bomba-despeculacio-urbanistica-pactada-entre-el-pp-i-vox-com-reconeix-el-mateix-vicent-mari-amb-el\/#primaryimage\"},\"thumbnailUrl\":\"https:\/\/www.psib-psoe.org\/eivissa\/wp-content\/uploads\/FOTO-VISTES-EIVISSA5.jpg\",\"articleSection\":[\"Consell d'Eivissa\",\"Federaci\u00f3 d'Eivissa - Portada\",\"Govern de les Illes Balears - Parlament - PSIB-PSOE\"],\"inLanguage\":\"ca\"},{\"@type\":\"WebPage\",\"@id\":\"https:\/\/www.psib-psoe.org\/eivissa\/el-psoe-adverteix-de-la-destruccio-deivissa-que-suposara-la-llei-bomba-despeculacio-urbanistica-pactada-entre-el-pp-i-vox-com-reconeix-el-mateix-vicent-mari-amb-el\/\",\"url\":\"https:\/\/www.psib-psoe.org\/eivissa\/el-psoe-adverteix-de-la-destruccio-deivissa-que-suposara-la-llei-bomba-despeculacio-urbanistica-pactada-entre-el-pp-i-vox-com-reconeix-el-mateix-vicent-mari-amb-el\/\",\"name\":\"El PSOE adverteix de la \u201cdestrucci\u00f3 d\u2019Eivissa\u201d que suposar\u00e0 la llei bomba d\u2019especulaci\u00f3 urban\u00edstica pactada entre el PP i Vox, com reconeix el mateix Vicent Mar\u00ed amb el seu intent de maquillar-la. El Partit Socialista n\u2019exigeix la retirada total i immediata. - Federaci\u00f3 Socialista d&#039;Eivissa\",\"isPartOf\":{\"@id\":\"https:\/\/www.psib-psoe.org\/eivissa\/#website\"},\"primaryImageOfPage\":{\"@id\":\"https:\/\/www.psib-psoe.org\/eivissa\/el-psoe-adverteix-de-la-destruccio-deivissa-que-suposara-la-llei-bomba-despeculacio-urbanistica-pactada-entre-el-pp-i-vox-com-reconeix-el-mateix-vicent-mari-amb-el\/#primaryimage\"},\"image\":{\"@id\":\"https:\/\/www.psib-psoe.org\/eivissa\/el-psoe-adverteix-de-la-destruccio-deivissa-que-suposara-la-llei-bomba-despeculacio-urbanistica-pactada-entre-el-pp-i-vox-com-reconeix-el-mateix-vicent-mari-amb-el\/#primaryimage\"},\"thumbnailUrl\":\"https:\/\/www.psib-psoe.org\/eivissa\/wp-content\/uploads\/FOTO-VISTES-EIVISSA5.jpg\",\"datePublished\":\"2025-06-25T11:14:02+00:00\",\"breadcrumb\":{\"@id\":\"https:\/\/www.psib-psoe.org\/eivissa\/el-psoe-adverteix-de-la-destruccio-deivissa-que-suposara-la-llei-bomba-despeculacio-urbanistica-pactada-entre-el-pp-i-vox-com-reconeix-el-mateix-vicent-mari-amb-el\/#breadcrumb\"},\"inLanguage\":\"ca\",\"potentialAction\":[{\"@type\":\"ReadAction\",\"target\":[\"https:\/\/www.psib-psoe.org\/eivissa\/el-psoe-adverteix-de-la-destruccio-deivissa-que-suposara-la-llei-bomba-despeculacio-urbanistica-pactada-entre-el-pp-i-vox-com-reconeix-el-mateix-vicent-mari-amb-el\/\"]}]},{\"@type\":\"ImageObject\",\"inLanguage\":\"ca\",\"@id\":\"https:\/\/www.psib-psoe.org\/eivissa\/el-psoe-adverteix-de-la-destruccio-deivissa-que-suposara-la-llei-bomba-despeculacio-urbanistica-pactada-entre-el-pp-i-vox-com-reconeix-el-mateix-vicent-mari-amb-el\/#primaryimage\",\"url\":\"https:\/\/www.psib-psoe.org\/eivissa\/wp-content\/uploads\/FOTO-VISTES-EIVISSA5.jpg\",\"contentUrl\":\"https:\/\/www.psib-psoe.org\/eivissa\/wp-content\/uploads\/FOTO-VISTES-EIVISSA5.jpg\",\"width\":3851,\"height\":2888},{\"@type\":\"BreadcrumbList\",\"@id\":\"https:\/\/www.psib-psoe.org\/eivissa\/el-psoe-adverteix-de-la-destruccio-deivissa-que-suposara-la-llei-bomba-despeculacio-urbanistica-pactada-entre-el-pp-i-vox-com-reconeix-el-mateix-vicent-mari-amb-el\/#breadcrumb\",\"itemListElement\":[{\"@type\":\"ListItem\",\"position\":1,\"name\":\"Inici\",\"item\":\"https:\/\/www.psib-psoe.org\/eivissa\/\"},{\"@type\":\"ListItem\",\"position\":2,\"name\":\"El PSOE adverteix de la \u201cdestrucci\u00f3 d\u2019Eivissa\u201d que suposar\u00e0 la llei bomba d\u2019especulaci\u00f3 urban\u00edstica pactada entre el PP i Vox, com reconeix el mateix Vicent Mar\u00ed amb el seu intent de maquillar-la. El Partit Socialista n\u2019exigeix la retirada total i immediata.\"}]},{\"@type\":\"WebSite\",\"@id\":\"https:\/\/www.psib-psoe.org\/eivissa\/#website\",\"url\":\"https:\/\/www.psib-psoe.org\/eivissa\/\",\"name\":\"Federaci\u00f3 Socialista d'Eivissa\",\"description\":\"Socialistes d&#039;Eivissa\",\"publisher\":{\"@id\":\"https:\/\/www.psib-psoe.org\/eivissa\/#organization\"},\"potentialAction\":[{\"@type\":\"SearchAction\",\"target\":{\"@type\":\"EntryPoint\",\"urlTemplate\":\"https:\/\/www.psib-psoe.org\/eivissa\/?s={search_term_string}\"},\"query-input\":{\"@type\":\"PropertyValueSpecification\",\"valueRequired\":true,\"valueName\":\"search_term_string\"}}],\"inLanguage\":\"ca\"},{\"@type\":\"Organization\",\"@id\":\"https:\/\/www.psib-psoe.org\/eivissa\/#organization\",\"name\":\"Federaci\u00f3 Socialista d'Eivissa\",\"url\":\"https:\/\/www.psib-psoe.org\/eivissa\/\",\"logo\":{\"@type\":\"ImageObject\",\"inLanguage\":\"ca\",\"@id\":\"https:\/\/www.psib-psoe.org\/eivissa\/#\/schema\/logo\/image\/\",\"url\":\"https:\/\/www.psib-psoe.org\/eivissa\/wp-content\/uploads\/LOGO-FSE-SOCIALISTA-DEIVISSA-HORI.png\",\"contentUrl\":\"https:\/\/www.psib-psoe.org\/eivissa\/wp-content\/uploads\/LOGO-FSE-SOCIALISTA-DEIVISSA-HORI.png\",\"width\":6000,\"height\":3104,\"caption\":\"Federaci\u00f3 Socialista d'Eivissa\"},\"image\":{\"@id\":\"https:\/\/www.psib-psoe.org\/eivissa\/#\/schema\/logo\/image\/\"}},{\"@type\":\"Person\",\"@id\":\"https:\/\/www.psib-psoe.org\/eivissa\/#\/schema\/person\/099ab3ef73a3645a1d7f303518e6ce24\",\"name\":\"adminpsib\",\"url\":\"https:\/\/www.psib-psoe.org\/eivissa\/author\/adminpsib\/\"}]}<\/script>\n<!-- \/ Yoast SEO plugin. -->","yoast_head_json":{"title":"El PSOE adverteix de la \u201cdestrucci\u00f3 d\u2019Eivissa\u201d que suposar\u00e0 la llei bomba d\u2019especulaci\u00f3 urban\u00edstica pactada entre el PP i Vox, com reconeix el mateix Vicent Mar\u00ed amb el seu intent de maquillar-la. El Partit Socialista n\u2019exigeix la retirada total i immediata. - Federaci\u00f3 Socialista d&#039;Eivissa","robots":{"index":"index","follow":"follow","max-snippet":"max-snippet:-1","max-image-preview":"max-image-preview:large","max-video-preview":"max-video-preview:-1"},"canonical":"https:\/\/www.psib-psoe.org\/eivissa\/el-psoe-adverteix-de-la-destruccio-deivissa-que-suposara-la-llei-bomba-despeculacio-urbanistica-pactada-entre-el-pp-i-vox-com-reconeix-el-mateix-vicent-mari-amb-el\/","og_locale":"ca_ES","og_type":"article","og_title":"El PSOE adverteix de la \u201cdestrucci\u00f3 d\u2019Eivissa\u201d que suposar\u00e0 la llei bomba d\u2019especulaci\u00f3 urban\u00edstica pactada entre el PP i Vox, com reconeix el mateix Vicent Mar\u00ed amb el seu intent de maquillar-la. El Partit Socialista n\u2019exigeix la retirada total i immediata. - Federaci\u00f3 Socialista d&#039;Eivissa","og_description":"El PSOE alerta de les greus conseq\u00fc\u00e8ncies que tendr\u00e0 per al territori, el paisatge i el model de desenvolupament de l\u2019illa l\u2019aprovaci\u00f3 de la nova llei urban\u00edstica del PP i Vox, que obre la porta a la construcci\u00f3 massiva en s\u00f2l r\u00fastic. Una \u201cllei bomba\u201d que \u201cprovocar\u00e0 la pitjor onada de destrucci\u00f3 del territori a&hellip;","og_url":"https:\/\/www.psib-psoe.org\/eivissa\/el-psoe-adverteix-de-la-destruccio-deivissa-que-suposara-la-llei-bomba-despeculacio-urbanistica-pactada-entre-el-pp-i-vox-com-reconeix-el-mateix-vicent-mari-amb-el\/","og_site_name":"Federaci\u00f3 Socialista d&#039;Eivissa","article_published_time":"2025-06-25T11:14:02+00:00","og_image":[{"width":1024,"height":768,"url":"https:\/\/www.psib-psoe.org\/eivissa\/wp-content\/uploads\/FOTO-VISTES-EIVISSA5-1024x768.jpg","type":"image\/jpeg"}],"author":"adminpsib","twitter_card":"summary_large_image","twitter_misc":{"Escrit per":"adminpsib","Temps estimat de lectura":"2 minuts"},"schema":{"@context":"https:\/\/schema.org","@graph":[{"@type":["Article","BlogPosting"],"@id":"https:\/\/www.psib-psoe.org\/eivissa\/el-psoe-adverteix-de-la-destruccio-deivissa-que-suposara-la-llei-bomba-despeculacio-urbanistica-pactada-entre-el-pp-i-vox-com-reconeix-el-mateix-vicent-mari-amb-el\/#article","isPartOf":{"@id":"https:\/\/www.psib-psoe.org\/eivissa\/el-psoe-adverteix-de-la-destruccio-deivissa-que-suposara-la-llei-bomba-despeculacio-urbanistica-pactada-entre-el-pp-i-vox-com-reconeix-el-mateix-vicent-mari-amb-el\/"},"author":{"name":"adminpsib","@id":"https:\/\/www.psib-psoe.org\/eivissa\/#\/schema\/person\/099ab3ef73a3645a1d7f303518e6ce24"},"headline":"El PSOE adverteix de la \u201cdestrucci\u00f3 d\u2019Eivissa\u201d que suposar\u00e0 la llei bomba d\u2019especulaci\u00f3 urban\u00edstica pactada entre el PP i Vox, com reconeix el mateix Vicent Mar\u00ed amb el seu intent de maquillar-la. El Partit Socialista n\u2019exigeix la retirada total i immediata.","datePublished":"2025-06-25T11:14:02+00:00","mainEntityOfPage":{"@id":"https:\/\/www.psib-psoe.org\/eivissa\/el-psoe-adverteix-de-la-destruccio-deivissa-que-suposara-la-llei-bomba-despeculacio-urbanistica-pactada-entre-el-pp-i-vox-com-reconeix-el-mateix-vicent-mari-amb-el\/"},"wordCount":484,"publisher":{"@id":"https:\/\/www.psib-psoe.org\/eivissa\/#organization"},"image":{"@id":"https:\/\/www.psib-psoe.org\/eivissa\/el-psoe-adverteix-de-la-destruccio-deivissa-que-suposara-la-llei-bomba-despeculacio-urbanistica-pactada-entre-el-pp-i-vox-com-reconeix-el-mateix-vicent-mari-amb-el\/#primaryimage"},"thumbnailUrl":"https:\/\/www.psib-psoe.org\/eivissa\/wp-content\/uploads\/FOTO-VISTES-EIVISSA5.jpg","articleSection":["Consell d'Eivissa","Federaci\u00f3 d'Eivissa - Portada","Govern de les Illes Balears - Parlament - PSIB-PSOE"],"inLanguage":"ca"},{"@type":"WebPage","@id":"https:\/\/www.psib-psoe.org\/eivissa\/el-psoe-adverteix-de-la-destruccio-deivissa-que-suposara-la-llei-bomba-despeculacio-urbanistica-pactada-entre-el-pp-i-vox-com-reconeix-el-mateix-vicent-mari-amb-el\/","url":"https:\/\/www.psib-psoe.org\/eivissa\/el-psoe-adverteix-de-la-destruccio-deivissa-que-suposara-la-llei-bomba-despeculacio-urbanistica-pactada-entre-el-pp-i-vox-com-reconeix-el-mateix-vicent-mari-amb-el\/","name":"El PSOE adverteix de la \u201cdestrucci\u00f3 d\u2019Eivissa\u201d que suposar\u00e0 la llei bomba d\u2019especulaci\u00f3 urban\u00edstica pactada entre el PP i Vox, com reconeix el mateix Vicent Mar\u00ed amb el seu intent de maquillar-la. El Partit Socialista n\u2019exigeix la retirada total i immediata. - Federaci\u00f3 Socialista d&#039;Eivissa","isPartOf":{"@id":"https:\/\/www.psib-psoe.org\/eivissa\/#website"},"primaryImageOfPage":{"@id":"https:\/\/www.psib-psoe.org\/eivissa\/el-psoe-adverteix-de-la-destruccio-deivissa-que-suposara-la-llei-bomba-despeculacio-urbanistica-pactada-entre-el-pp-i-vox-com-reconeix-el-mateix-vicent-mari-amb-el\/#primaryimage"},"image":{"@id":"https:\/\/www.psib-psoe.org\/eivissa\/el-psoe-adverteix-de-la-destruccio-deivissa-que-suposara-la-llei-bomba-despeculacio-urbanistica-pactada-entre-el-pp-i-vox-com-reconeix-el-mateix-vicent-mari-amb-el\/#primaryimage"},"thumbnailUrl":"https:\/\/www.psib-psoe.org\/eivissa\/wp-content\/uploads\/FOTO-VISTES-EIVISSA5.jpg","datePublished":"2025-06-25T11:14:02+00:00","breadcrumb":{"@id":"https:\/\/www.psib-psoe.org\/eivissa\/el-psoe-adverteix-de-la-destruccio-deivissa-que-suposara-la-llei-bomba-despeculacio-urbanistica-pactada-entre-el-pp-i-vox-com-reconeix-el-mateix-vicent-mari-amb-el\/#breadcrumb"},"inLanguage":"ca","potentialAction":[{"@type":"ReadAction","target":["https:\/\/www.psib-psoe.org\/eivissa\/el-psoe-adverteix-de-la-destruccio-deivissa-que-suposara-la-llei-bomba-despeculacio-urbanistica-pactada-entre-el-pp-i-vox-com-reconeix-el-mateix-vicent-mari-amb-el\/"]}]},{"@type":"ImageObject","inLanguage":"ca","@id":"https:\/\/www.psib-psoe.org\/eivissa\/el-psoe-adverteix-de-la-destruccio-deivissa-que-suposara-la-llei-bomba-despeculacio-urbanistica-pactada-entre-el-pp-i-vox-com-reconeix-el-mateix-vicent-mari-amb-el\/#primaryimage","url":"https:\/\/www.psib-psoe.org\/eivissa\/wp-content\/uploads\/FOTO-VISTES-EIVISSA5.jpg","contentUrl":"https:\/\/www.psib-psoe.org\/eivissa\/wp-content\/uploads\/FOTO-VISTES-EIVISSA5.jpg","width":3851,"height":2888},{"@type":"BreadcrumbList","@id":"https:\/\/www.psib-psoe.org\/eivissa\/el-psoe-adverteix-de-la-destruccio-deivissa-que-suposara-la-llei-bomba-despeculacio-urbanistica-pactada-entre-el-pp-i-vox-com-reconeix-el-mateix-vicent-mari-amb-el\/#breadcrumb","itemListElement":[{"@type":"ListItem","position":1,"name":"Inici","item":"https:\/\/www.psib-psoe.org\/eivissa\/"},{"@type":"ListItem","position":2,"name":"El PSOE adverteix de la \u201cdestrucci\u00f3 d\u2019Eivissa\u201d que suposar\u00e0 la llei bomba d\u2019especulaci\u00f3 urban\u00edstica pactada entre el PP i Vox, com reconeix el mateix Vicent Mar\u00ed amb el seu intent de maquillar-la. El Partit Socialista n\u2019exigeix la retirada total i immediata."}]},{"@type":"WebSite","@id":"https:\/\/www.psib-psoe.org\/eivissa\/#website","url":"https:\/\/www.psib-psoe.org\/eivissa\/","name":"Federaci\u00f3 Socialista d'Eivissa","description":"Socialistes d&#039;Eivissa","publisher":{"@id":"https:\/\/www.psib-psoe.org\/eivissa\/#organization"},"potentialAction":[{"@type":"SearchAction","target":{"@type":"EntryPoint","urlTemplate":"https:\/\/www.psib-psoe.org\/eivissa\/?s={search_term_string}"},"query-input":{"@type":"PropertyValueSpecification","valueRequired":true,"valueName":"search_term_string"}}],"inLanguage":"ca"},{"@type":"Organization","@id":"https:\/\/www.psib-psoe.org\/eivissa\/#organization","name":"Federaci\u00f3 Socialista d'Eivissa","url":"https:\/\/www.psib-psoe.org\/eivissa\/","logo":{"@type":"ImageObject","inLanguage":"ca","@id":"https:\/\/www.psib-psoe.org\/eivissa\/#\/schema\/logo\/image\/","url":"https:\/\/www.psib-psoe.org\/eivissa\/wp-content\/uploads\/LOGO-FSE-SOCIALISTA-DEIVISSA-HORI.png","contentUrl":"https:\/\/www.psib-psoe.org\/eivissa\/wp-content\/uploads\/LOGO-FSE-SOCIALISTA-DEIVISSA-HORI.png","width":6000,"height":3104,"caption":"Federaci\u00f3 Socialista d'Eivissa"},"image":{"@id":"https:\/\/www.psib-psoe.org\/eivissa\/#\/schema\/logo\/image\/"}},{"@type":"Person","@id":"https:\/\/www.psib-psoe.org\/eivissa\/#\/schema\/person\/099ab3ef73a3645a1d7f303518e6ce24","name":"adminpsib","url":"https:\/\/www.psib-psoe.org\/eivissa\/author\/adminpsib\/"}]}},"_links":{"self":[{"href":"https:\/\/www.psib-psoe.org\/eivissa\/wp-json\/wp\/v2\/posts\/40942","targetHints":{"allow":["GET"]}}],"collection":[{"href":"https:\/\/www.psib-psoe.org\/eivissa\/wp-json\/wp\/v2\/posts"}],"about":[{"href":"https:\/\/www.psib-psoe.org\/eivissa\/wp-json\/wp\/v2\/types\/post"}],"author":[{"embeddable":true,"href":"https:\/\/www.psib-psoe.org\/eivissa\/wp-json\/wp\/v2\/users\/1"}],"replies":[{"embeddable":true,"href":"https:\/\/www.psib-psoe.org\/eivissa\/wp-json\/wp\/v2\/comments?post=40942"}],"version-history":[{"count":1,"href":"https:\/\/www.psib-psoe.org\/eivissa\/wp-json\/wp\/v2\/posts\/40942\/revisions"}],"predecessor-version":[{"id":40943,"href":"https:\/\/www.psib-psoe.org\/eivissa\/wp-json\/wp\/v2\/posts\/40942\/revisions\/40943"}],"wp:featuredmedia":[{"embeddable":true,"href":"https:\/\/www.psib-psoe.org\/eivissa\/wp-json\/wp\/v2\/media\/36714"}],"wp:attachment":[{"href":"https:\/\/www.psib-psoe.org\/eivissa\/wp-json\/wp\/v2\/media?parent=40942"}],"wp:term":[{"taxonomy":"category","embeddable":true,"href":"https:\/\/www.psib-psoe.org\/eivissa\/wp-json\/wp\/v2\/categories?post=40942"},{"taxonomy":"post_tag","embeddable":true,"href":"https:\/\/www.psib-psoe.org\/eivissa\/wp-json\/wp\/v2\/tags?post=40942"}],"curies":[{"name":"wp","href":"https:\/\/api.w.org\/{rel}","templated":true}]}}