{"id":40944,"date":"2025-06-26T14:08:39","date_gmt":"2025-06-26T12:08:39","guid":{"rendered":"https:\/\/www.psib-psoe.org\/eivissa\/?p=40944"},"modified":"2025-06-26T14:08:39","modified_gmt":"2025-06-26T12:08:39","slug":"les-consequencies-de-la-llei-bomba-urbanistica-de-pp-vox-pisos-per-a-rics-en-sol-rustic-cap-habitatge-de-proteccio-oficial-doblar-la-densitat-dhabitants-a-vila-ordenacio","status":"publish","type":"post","link":"https:\/\/www.psib-psoe.org\/eivissa\/les-consequencies-de-la-llei-bomba-urbanistica-de-pp-vox-pisos-per-a-rics-en-sol-rustic-cap-habitatge-de-proteccio-oficial-doblar-la-densitat-dhabitants-a-vila-ordenacio\/","title":{"rendered":"Les conseq\u00fc\u00e8ncies de la \u201cLlei bomba\u201d urban\u00edstica de PP-Vox: Pisos per a rics en s\u00f2l r\u00fastic, cap habitatge de protecci\u00f3 oficial, doblar la densitat d\u2019habitants a Vila, ordenaci\u00f3 urban\u00edstica en mans dels promotors&#8230; \u201cmai cap govern del PP s\u2019havia atrevit a arribar tan lluny\u201d."},"content":{"rendered":"<p>La portaveu socialista al Consell Insular d\u2019Eivissa, Elena L\u00f3pez, i la diputada al Parlament i portaveu de la FSE-PSOE, Pilar Costa, han denunciat avui en roda de premsa les greus conseq\u00fc\u00e8ncies per a Eivissa de la \u201cllei bomba\u201d urban\u00edstica impulsada pel Govern del PP amb el suport de Vox. Una norma tramitada per la porta del darrere i que, segons han advertit, suposa \u201cla pitjor agressi\u00f3 urban\u00edstica i territorial a Eivissa de les darreres d\u00e8cades\u201d, ja que \u201cmai cap govern del PP s\u2019havia atrevit a arribar tan lluny\u201d.<\/p>\n<p>Una llei \u201caberrant\u201d, amb uns greus impactes que ha denunciat Elena L\u00f3pez: \u201cAmb l\u2019excusa de l\u2019habitatge, el PP vol permetre construir edificis en s\u00f2l r\u00fastic, destruir territori i beneficiar determinats promotors. No \u00e9s una pol\u00edtica per garantir habitatge assequible, \u00e9s una operaci\u00f3 per fer pisos de luxe per a rics\u201d. Ha afegit que el nou model \u201cposa en perill tota la feina feta en planificaci\u00f3 urban\u00edstica des de fa anys\u201d, com el recent Pla General de Vila, aprovat amb criteris de sostenibilitat i decreixement.<\/p>\n<p>Per la seua banda, Pilar Costa ha explicat els detalls de les esmenes aprovades ahir a la Comissi\u00f3 de Territori del Parlament, advertint que \u201cper primera vegada, es permetr\u00e0 construir edificis plurifamiliars en s\u00f2l r\u00fastic qualificat d\u2019\u00e0rees de transici\u00f3, sense necessitat d\u2019esgotar abans el s\u00f2l urb\u00e0 o urbanitzable\u201d. I tot, ha afegit, \u201cgr\u00e0cies a una trampa legal: declarar totes les Balears com a zona d\u2019emerg\u00e8ncia habitacional per justificar la destrucci\u00f3 de s\u00f2l r\u00fastic, mentre es neguen a limitar els preus del lloguer o garantir habitatges protegits\u201d.<\/p>\n<p>Entre les conseq\u00fc\u00e8ncies m\u00e9s greus d\u2019aquesta normativa, les portaveus socialistes han denunciat que es permetr\u00e0 construir edificis en s\u00f2l r\u00fastic sense tenir en compte els ingressos dels compradors. \u201cUn multimilionari, per molt resident que sigui, podr\u00e0 adquirir aquests habitatges que ara es faran de nou construint a s\u00f2l r\u00fastic\u201d, ha advertit Pilar Costa, subratllant que no es tracta en cap cas d\u2019una mesura pensada per facilitar l\u2019acc\u00e9s a l\u2019habitatge a la poblaci\u00f3 local, sin\u00f3 per afavorir els que poden pagar.<\/p>\n<p>Aquesta operaci\u00f3, han denunciat, no comporta cap obligaci\u00f3 de construir habitatges de protecci\u00f3 oficial. \u201cTot aix\u00f2 que estam parlant ara que es podr\u00e0 construir de m\u00e9s, incl\u00fas en s\u00f2l r\u00fastic, no \u00e9s tampoc per a habitatges de protecci\u00f3 oficial\u201d, ha remarcat Costa, insistint que la figura d\u2019\u201chabitatge a preu limitat\u201d que recull la llei no t\u00e9 res a veure amb les HPO, ja que no exigeix tenir en compte els ingressos del comprador, i a m\u00e9s a m\u00e9s els preus dels habitatges podran ser un 30% superiors respecte als protegits.<\/p>\n<p>Una de les mesures que afectar\u00e0 especialment la ciutat d\u2019Eivissa \u00e9s l\u2019increment de la densitat de poblaci\u00f3 prevista al planejament. Si la proposta inicial del PP-VOX establia un m\u00e0xim de 180 habitants per hect\u00e0rea, ara la llei recull que a la ciutat d\u2019Eivissa es podr\u00e0 arribar fins a 225, m\u00e9s del doble dels m\u00e0xims que preveu el Pla General de l\u2019anterior govern progressista, que en total rebaixava en 50.000 habitants la poblaci\u00f3 del municipi.<\/p>\n<p>\u201cAix\u00f2 \u00e9s una barbaritat \u2014ha criticat Pilar Costa\u2014 perqu\u00e8 estam parlant d\u2019un dels municipis amb m\u00e9s densitat de poblaci\u00f3 de les Illes Balears. Semblar\u00e0 aix\u00f2 formiguetes caminant per dins Vila\u201d.<\/p>\n<p>Un altre canvi introdu\u00eft pel PP durant el tr\u00e0mit d\u2019esmenes \u00e9s la rebaixa del radi d\u2019afectaci\u00f3 per poder construir en els terrenys r\u00fastics de transici\u00f3, que passa de 350 a nom\u00e9s 100 metres. <\/p>\n<p>Aquesta modificaci\u00f3 es va presentar ahir \u201ca \u00faltima hora i sense debat\u201d, segons Costa, amb l\u2019\u00fanic objectiu de permetre que m\u00e9s terrenys puguin ser urbanitzats. \u201cEl Partit Popular haur\u00e0 d\u2019explicar per qu\u00e8 ha canviat de 350 metres a cent metres aquest di\u00e0metre\u201d, ha demanat.<\/p>\n<p>A tot aix\u00f2 s\u2019hi suma un trasllat de responsabilitats que, segons les socialistes, desmantella la planificaci\u00f3 urban\u00edstica p\u00fablica. \u201cSeran els promotors els que podran modificar o incl\u00fas reduir els sistemes generals de serveis\u201d, ha explicat Pilar Costa, referint-se a infraestructures com escoles, zones verdes o vials. \u201c\u00c9s entregar el territori a qui vol fer negoci\u201d, com ha dit Elena L\u00f3pez.<\/p>\n<p>Per acabar, les socialistes han denunciat tamb\u00e9 la p\u00e8rdua de compet\u00e8ncies dels ajuntaments, que es veuen relegats a un paper merament formal. \u201cUna vegada l\u2019Ajuntament decideixi quines zones vol reconvertir, ser\u00e0 el Consell Insular qui far\u00e0 tota la tramitaci\u00f3\u201d, han exposat, el suposa una \u201cinvasi\u00f3 de compet\u00e8ncies\u201d i tira per en terra \u201canys de feina de planificaci\u00f3 urban\u00edstica consensuada\u201d.<\/p>\n","protected":false},"excerpt":{"rendered":"<p>La portaveu socialista al Consell Insular d\u2019Eivissa, Elena L\u00f3pez, i la diputada al Parlament i portaveu de la FSE-PSOE, Pilar Costa, han denunciat avui en roda de premsa les greus conseq\u00fc\u00e8ncies per a Eivissa de la \u201cllei bomba\u201d urban\u00edstica impulsada pel Govern del PP amb el suport de Vox. Una norma tramitada per la porta&hellip;<\/p>\n","protected":false},"author":1,"featured_media":40945,"comment_status":"closed","ping_status":"closed","sticky":false,"template":"","format":"standard","meta":{"footnotes":""},"categories":[192,1,191],"tags":[],"class_list":["post-40944","post","type-post","status-publish","format-standard","has-post-thumbnail","hentry","category-consell-deivissa","category-federacio-de-eivissa-portada","category-govern-de-les-illes-balears-parlament"],"yoast_head":"<!-- This site is optimized with the Yoast SEO plugin v26.9 - https:\/\/yoast.com\/product\/yoast-seo-wordpress\/ -->\n<title>Les conseq\u00fc\u00e8ncies de la \u201cLlei bomba\u201d urban\u00edstica de PP-Vox: Pisos per a rics en s\u00f2l r\u00fastic, cap habitatge de protecci\u00f3 oficial, doblar la densitat d\u2019habitants a Vila, ordenaci\u00f3 urban\u00edstica en mans dels promotors... \u201cmai cap govern del PP s\u2019havia atrevit a arribar tan lluny\u201d. - Federaci\u00f3 Socialista d&#039;Eivissa<\/title>\n<meta name=\"robots\" content=\"index, follow, max-snippet:-1, max-image-preview:large, max-video-preview:-1\" \/>\n<link rel=\"canonical\" href=\"https:\/\/www.psib-psoe.org\/eivissa\/les-consequencies-de-la-llei-bomba-urbanistica-de-pp-vox-pisos-per-a-rics-en-sol-rustic-cap-habitatge-de-proteccio-oficial-doblar-la-densitat-dhabitants-a-vila-ordenacio\/\" \/>\n<meta property=\"og:locale\" content=\"ca_ES\" \/>\n<meta property=\"og:type\" content=\"article\" \/>\n<meta property=\"og:title\" content=\"Les conseq\u00fc\u00e8ncies de la \u201cLlei bomba\u201d urban\u00edstica de PP-Vox: Pisos per a rics en s\u00f2l r\u00fastic, cap habitatge de protecci\u00f3 oficial, doblar la densitat d\u2019habitants a Vila, ordenaci\u00f3 urban\u00edstica en mans dels promotors... \u201cmai cap govern del PP s\u2019havia atrevit a arribar tan lluny\u201d. - Federaci\u00f3 Socialista d&#039;Eivissa\" \/>\n<meta property=\"og:description\" content=\"La portaveu socialista al Consell Insular d\u2019Eivissa, Elena L\u00f3pez, i la diputada al Parlament i portaveu de la FSE-PSOE, Pilar Costa, han denunciat avui en roda de premsa les greus conseq\u00fc\u00e8ncies per a Eivissa de la \u201cllei bomba\u201d urban\u00edstica impulsada pel Govern del PP amb el suport de Vox. Una norma tramitada per la porta&hellip;\" \/>\n<meta property=\"og:url\" content=\"https:\/\/www.psib-psoe.org\/eivissa\/les-consequencies-de-la-llei-bomba-urbanistica-de-pp-vox-pisos-per-a-rics-en-sol-rustic-cap-habitatge-de-proteccio-oficial-doblar-la-densitat-dhabitants-a-vila-ordenacio\/\" \/>\n<meta property=\"og:site_name\" content=\"Federaci\u00f3 Socialista d&#039;Eivissa\" \/>\n<meta property=\"article:published_time\" content=\"2025-06-26T12:08:39+00:00\" \/>\n<meta property=\"og:image\" content=\"https:\/\/www.psib-psoe.org\/eivissa\/wp-content\/uploads\/roda-de-premsa-elena-pilar.jpg\" \/>\n\t<meta property=\"og:image:width\" content=\"1920\" \/>\n\t<meta property=\"og:image:height\" content=\"1080\" \/>\n\t<meta property=\"og:image:type\" content=\"image\/jpeg\" \/>\n<meta name=\"author\" content=\"adminpsib\" \/>\n<meta name=\"twitter:card\" content=\"summary_large_image\" \/>\n<meta name=\"twitter:label1\" content=\"Escrit per\" \/>\n\t<meta name=\"twitter:data1\" content=\"adminpsib\" \/>\n\t<meta name=\"twitter:label2\" content=\"Temps estimat de lectura\" \/>\n\t<meta name=\"twitter:data2\" content=\"4 minuts\" \/>\n<script type=\"application\/ld+json\" class=\"yoast-schema-graph\">{\"@context\":\"https:\/\/schema.org\",\"@graph\":[{\"@type\":[\"Article\",\"BlogPosting\"],\"@id\":\"https:\/\/www.psib-psoe.org\/eivissa\/les-consequencies-de-la-llei-bomba-urbanistica-de-pp-vox-pisos-per-a-rics-en-sol-rustic-cap-habitatge-de-proteccio-oficial-doblar-la-densitat-dhabitants-a-vila-ordenacio\/#article\",\"isPartOf\":{\"@id\":\"https:\/\/www.psib-psoe.org\/eivissa\/les-consequencies-de-la-llei-bomba-urbanistica-de-pp-vox-pisos-per-a-rics-en-sol-rustic-cap-habitatge-de-proteccio-oficial-doblar-la-densitat-dhabitants-a-vila-ordenacio\/\"},\"author\":{\"name\":\"adminpsib\",\"@id\":\"https:\/\/www.psib-psoe.org\/eivissa\/#\/schema\/person\/099ab3ef73a3645a1d7f303518e6ce24\"},\"headline\":\"Les conseq\u00fc\u00e8ncies de la \u201cLlei bomba\u201d urban\u00edstica de PP-Vox: Pisos per a rics en s\u00f2l r\u00fastic, cap habitatge de protecci\u00f3 oficial, doblar la densitat d\u2019habitants a Vila, ordenaci\u00f3 urban\u00edstica en mans dels promotors&#8230; \u201cmai cap govern del PP s\u2019havia atrevit a arribar tan lluny\u201d.\",\"datePublished\":\"2025-06-26T12:08:39+00:00\",\"mainEntityOfPage\":{\"@id\":\"https:\/\/www.psib-psoe.org\/eivissa\/les-consequencies-de-la-llei-bomba-urbanistica-de-pp-vox-pisos-per-a-rics-en-sol-rustic-cap-habitatge-de-proteccio-oficial-doblar-la-densitat-dhabitants-a-vila-ordenacio\/\"},\"wordCount\":844,\"publisher\":{\"@id\":\"https:\/\/www.psib-psoe.org\/eivissa\/#organization\"},\"image\":{\"@id\":\"https:\/\/www.psib-psoe.org\/eivissa\/les-consequencies-de-la-llei-bomba-urbanistica-de-pp-vox-pisos-per-a-rics-en-sol-rustic-cap-habitatge-de-proteccio-oficial-doblar-la-densitat-dhabitants-a-vila-ordenacio\/#primaryimage\"},\"thumbnailUrl\":\"https:\/\/www.psib-psoe.org\/eivissa\/wp-content\/uploads\/roda-de-premsa-elena-pilar.jpg\",\"articleSection\":[\"Consell d'Eivissa\",\"Federaci\u00f3 d'Eivissa - Portada\",\"Govern de les Illes Balears - Parlament - PSIB-PSOE\"],\"inLanguage\":\"ca\"},{\"@type\":\"WebPage\",\"@id\":\"https:\/\/www.psib-psoe.org\/eivissa\/les-consequencies-de-la-llei-bomba-urbanistica-de-pp-vox-pisos-per-a-rics-en-sol-rustic-cap-habitatge-de-proteccio-oficial-doblar-la-densitat-dhabitants-a-vila-ordenacio\/\",\"url\":\"https:\/\/www.psib-psoe.org\/eivissa\/les-consequencies-de-la-llei-bomba-urbanistica-de-pp-vox-pisos-per-a-rics-en-sol-rustic-cap-habitatge-de-proteccio-oficial-doblar-la-densitat-dhabitants-a-vila-ordenacio\/\",\"name\":\"Les conseq\u00fc\u00e8ncies de la \u201cLlei bomba\u201d urban\u00edstica de PP-Vox: Pisos per a rics en s\u00f2l r\u00fastic, cap habitatge de protecci\u00f3 oficial, doblar la densitat d\u2019habitants a Vila, ordenaci\u00f3 urban\u00edstica en mans dels promotors... \u201cmai cap govern del PP s\u2019havia atrevit a arribar tan lluny\u201d. - Federaci\u00f3 Socialista d&#039;Eivissa\",\"isPartOf\":{\"@id\":\"https:\/\/www.psib-psoe.org\/eivissa\/#website\"},\"primaryImageOfPage\":{\"@id\":\"https:\/\/www.psib-psoe.org\/eivissa\/les-consequencies-de-la-llei-bomba-urbanistica-de-pp-vox-pisos-per-a-rics-en-sol-rustic-cap-habitatge-de-proteccio-oficial-doblar-la-densitat-dhabitants-a-vila-ordenacio\/#primaryimage\"},\"image\":{\"@id\":\"https:\/\/www.psib-psoe.org\/eivissa\/les-consequencies-de-la-llei-bomba-urbanistica-de-pp-vox-pisos-per-a-rics-en-sol-rustic-cap-habitatge-de-proteccio-oficial-doblar-la-densitat-dhabitants-a-vila-ordenacio\/#primaryimage\"},\"thumbnailUrl\":\"https:\/\/www.psib-psoe.org\/eivissa\/wp-content\/uploads\/roda-de-premsa-elena-pilar.jpg\",\"datePublished\":\"2025-06-26T12:08:39+00:00\",\"breadcrumb\":{\"@id\":\"https:\/\/www.psib-psoe.org\/eivissa\/les-consequencies-de-la-llei-bomba-urbanistica-de-pp-vox-pisos-per-a-rics-en-sol-rustic-cap-habitatge-de-proteccio-oficial-doblar-la-densitat-dhabitants-a-vila-ordenacio\/#breadcrumb\"},\"inLanguage\":\"ca\",\"potentialAction\":[{\"@type\":\"ReadAction\",\"target\":[\"https:\/\/www.psib-psoe.org\/eivissa\/les-consequencies-de-la-llei-bomba-urbanistica-de-pp-vox-pisos-per-a-rics-en-sol-rustic-cap-habitatge-de-proteccio-oficial-doblar-la-densitat-dhabitants-a-vila-ordenacio\/\"]}]},{\"@type\":\"ImageObject\",\"inLanguage\":\"ca\",\"@id\":\"https:\/\/www.psib-psoe.org\/eivissa\/les-consequencies-de-la-llei-bomba-urbanistica-de-pp-vox-pisos-per-a-rics-en-sol-rustic-cap-habitatge-de-proteccio-oficial-doblar-la-densitat-dhabitants-a-vila-ordenacio\/#primaryimage\",\"url\":\"https:\/\/www.psib-psoe.org\/eivissa\/wp-content\/uploads\/roda-de-premsa-elena-pilar.jpg\",\"contentUrl\":\"https:\/\/www.psib-psoe.org\/eivissa\/wp-content\/uploads\/roda-de-premsa-elena-pilar.jpg\",\"width\":1920,\"height\":1080},{\"@type\":\"BreadcrumbList\",\"@id\":\"https:\/\/www.psib-psoe.org\/eivissa\/les-consequencies-de-la-llei-bomba-urbanistica-de-pp-vox-pisos-per-a-rics-en-sol-rustic-cap-habitatge-de-proteccio-oficial-doblar-la-densitat-dhabitants-a-vila-ordenacio\/#breadcrumb\",\"itemListElement\":[{\"@type\":\"ListItem\",\"position\":1,\"name\":\"Inici\",\"item\":\"https:\/\/www.psib-psoe.org\/eivissa\/\"},{\"@type\":\"ListItem\",\"position\":2,\"name\":\"Les conseq\u00fc\u00e8ncies de la \u201cLlei bomba\u201d urban\u00edstica de PP-Vox: Pisos per a rics en s\u00f2l r\u00fastic, cap habitatge de protecci\u00f3 oficial, doblar la densitat d\u2019habitants a Vila, ordenaci\u00f3 urban\u00edstica en mans dels promotors&#8230; \u201cmai cap govern del PP s\u2019havia atrevit a arribar tan lluny\u201d.\"}]},{\"@type\":\"WebSite\",\"@id\":\"https:\/\/www.psib-psoe.org\/eivissa\/#website\",\"url\":\"https:\/\/www.psib-psoe.org\/eivissa\/\",\"name\":\"Federaci\u00f3 Socialista d'Eivissa\",\"description\":\"Socialistes d&#039;Eivissa\",\"publisher\":{\"@id\":\"https:\/\/www.psib-psoe.org\/eivissa\/#organization\"},\"potentialAction\":[{\"@type\":\"SearchAction\",\"target\":{\"@type\":\"EntryPoint\",\"urlTemplate\":\"https:\/\/www.psib-psoe.org\/eivissa\/?s={search_term_string}\"},\"query-input\":{\"@type\":\"PropertyValueSpecification\",\"valueRequired\":true,\"valueName\":\"search_term_string\"}}],\"inLanguage\":\"ca\"},{\"@type\":\"Organization\",\"@id\":\"https:\/\/www.psib-psoe.org\/eivissa\/#organization\",\"name\":\"Federaci\u00f3 Socialista d'Eivissa\",\"url\":\"https:\/\/www.psib-psoe.org\/eivissa\/\",\"logo\":{\"@type\":\"ImageObject\",\"inLanguage\":\"ca\",\"@id\":\"https:\/\/www.psib-psoe.org\/eivissa\/#\/schema\/logo\/image\/\",\"url\":\"https:\/\/www.psib-psoe.org\/eivissa\/wp-content\/uploads\/LOGO-FSE-SOCIALISTA-DEIVISSA-HORI.png\",\"contentUrl\":\"https:\/\/www.psib-psoe.org\/eivissa\/wp-content\/uploads\/LOGO-FSE-SOCIALISTA-DEIVISSA-HORI.png\",\"width\":6000,\"height\":3104,\"caption\":\"Federaci\u00f3 Socialista d'Eivissa\"},\"image\":{\"@id\":\"https:\/\/www.psib-psoe.org\/eivissa\/#\/schema\/logo\/image\/\"}},{\"@type\":\"Person\",\"@id\":\"https:\/\/www.psib-psoe.org\/eivissa\/#\/schema\/person\/099ab3ef73a3645a1d7f303518e6ce24\",\"name\":\"adminpsib\",\"url\":\"https:\/\/www.psib-psoe.org\/eivissa\/author\/adminpsib\/\"}]}<\/script>\n<!-- \/ Yoast SEO plugin. -->","yoast_head_json":{"title":"Les conseq\u00fc\u00e8ncies de la \u201cLlei bomba\u201d urban\u00edstica de PP-Vox: Pisos per a rics en s\u00f2l r\u00fastic, cap habitatge de protecci\u00f3 oficial, doblar la densitat d\u2019habitants a Vila, ordenaci\u00f3 urban\u00edstica en mans dels promotors... \u201cmai cap govern del PP s\u2019havia atrevit a arribar tan lluny\u201d. - Federaci\u00f3 Socialista d&#039;Eivissa","robots":{"index":"index","follow":"follow","max-snippet":"max-snippet:-1","max-image-preview":"max-image-preview:large","max-video-preview":"max-video-preview:-1"},"canonical":"https:\/\/www.psib-psoe.org\/eivissa\/les-consequencies-de-la-llei-bomba-urbanistica-de-pp-vox-pisos-per-a-rics-en-sol-rustic-cap-habitatge-de-proteccio-oficial-doblar-la-densitat-dhabitants-a-vila-ordenacio\/","og_locale":"ca_ES","og_type":"article","og_title":"Les conseq\u00fc\u00e8ncies de la \u201cLlei bomba\u201d urban\u00edstica de PP-Vox: Pisos per a rics en s\u00f2l r\u00fastic, cap habitatge de protecci\u00f3 oficial, doblar la densitat d\u2019habitants a Vila, ordenaci\u00f3 urban\u00edstica en mans dels promotors... \u201cmai cap govern del PP s\u2019havia atrevit a arribar tan lluny\u201d. - Federaci\u00f3 Socialista d&#039;Eivissa","og_description":"La portaveu socialista al Consell Insular d\u2019Eivissa, Elena L\u00f3pez, i la diputada al Parlament i portaveu de la FSE-PSOE, Pilar Costa, han denunciat avui en roda de premsa les greus conseq\u00fc\u00e8ncies per a Eivissa de la \u201cllei bomba\u201d urban\u00edstica impulsada pel Govern del PP amb el suport de Vox. Una norma tramitada per la porta&hellip;","og_url":"https:\/\/www.psib-psoe.org\/eivissa\/les-consequencies-de-la-llei-bomba-urbanistica-de-pp-vox-pisos-per-a-rics-en-sol-rustic-cap-habitatge-de-proteccio-oficial-doblar-la-densitat-dhabitants-a-vila-ordenacio\/","og_site_name":"Federaci\u00f3 Socialista d&#039;Eivissa","article_published_time":"2025-06-26T12:08:39+00:00","og_image":[{"width":1920,"height":1080,"url":"https:\/\/www.psib-psoe.org\/eivissa\/wp-content\/uploads\/roda-de-premsa-elena-pilar.jpg","type":"image\/jpeg"}],"author":"adminpsib","twitter_card":"summary_large_image","twitter_misc":{"Escrit per":"adminpsib","Temps estimat de lectura":"4 minuts"},"schema":{"@context":"https:\/\/schema.org","@graph":[{"@type":["Article","BlogPosting"],"@id":"https:\/\/www.psib-psoe.org\/eivissa\/les-consequencies-de-la-llei-bomba-urbanistica-de-pp-vox-pisos-per-a-rics-en-sol-rustic-cap-habitatge-de-proteccio-oficial-doblar-la-densitat-dhabitants-a-vila-ordenacio\/#article","isPartOf":{"@id":"https:\/\/www.psib-psoe.org\/eivissa\/les-consequencies-de-la-llei-bomba-urbanistica-de-pp-vox-pisos-per-a-rics-en-sol-rustic-cap-habitatge-de-proteccio-oficial-doblar-la-densitat-dhabitants-a-vila-ordenacio\/"},"author":{"name":"adminpsib","@id":"https:\/\/www.psib-psoe.org\/eivissa\/#\/schema\/person\/099ab3ef73a3645a1d7f303518e6ce24"},"headline":"Les conseq\u00fc\u00e8ncies de la \u201cLlei bomba\u201d urban\u00edstica de PP-Vox: Pisos per a rics en s\u00f2l r\u00fastic, cap habitatge de protecci\u00f3 oficial, doblar la densitat d\u2019habitants a Vila, ordenaci\u00f3 urban\u00edstica en mans dels promotors&#8230; \u201cmai cap govern del PP s\u2019havia atrevit a arribar tan lluny\u201d.","datePublished":"2025-06-26T12:08:39+00:00","mainEntityOfPage":{"@id":"https:\/\/www.psib-psoe.org\/eivissa\/les-consequencies-de-la-llei-bomba-urbanistica-de-pp-vox-pisos-per-a-rics-en-sol-rustic-cap-habitatge-de-proteccio-oficial-doblar-la-densitat-dhabitants-a-vila-ordenacio\/"},"wordCount":844,"publisher":{"@id":"https:\/\/www.psib-psoe.org\/eivissa\/#organization"},"image":{"@id":"https:\/\/www.psib-psoe.org\/eivissa\/les-consequencies-de-la-llei-bomba-urbanistica-de-pp-vox-pisos-per-a-rics-en-sol-rustic-cap-habitatge-de-proteccio-oficial-doblar-la-densitat-dhabitants-a-vila-ordenacio\/#primaryimage"},"thumbnailUrl":"https:\/\/www.psib-psoe.org\/eivissa\/wp-content\/uploads\/roda-de-premsa-elena-pilar.jpg","articleSection":["Consell d'Eivissa","Federaci\u00f3 d'Eivissa - Portada","Govern de les Illes Balears - Parlament - PSIB-PSOE"],"inLanguage":"ca"},{"@type":"WebPage","@id":"https:\/\/www.psib-psoe.org\/eivissa\/les-consequencies-de-la-llei-bomba-urbanistica-de-pp-vox-pisos-per-a-rics-en-sol-rustic-cap-habitatge-de-proteccio-oficial-doblar-la-densitat-dhabitants-a-vila-ordenacio\/","url":"https:\/\/www.psib-psoe.org\/eivissa\/les-consequencies-de-la-llei-bomba-urbanistica-de-pp-vox-pisos-per-a-rics-en-sol-rustic-cap-habitatge-de-proteccio-oficial-doblar-la-densitat-dhabitants-a-vila-ordenacio\/","name":"Les conseq\u00fc\u00e8ncies de la \u201cLlei bomba\u201d urban\u00edstica de PP-Vox: Pisos per a rics en s\u00f2l r\u00fastic, cap habitatge de protecci\u00f3 oficial, doblar la densitat d\u2019habitants a Vila, ordenaci\u00f3 urban\u00edstica en mans dels promotors... \u201cmai cap govern del PP s\u2019havia atrevit a arribar tan lluny\u201d. - Federaci\u00f3 Socialista d&#039;Eivissa","isPartOf":{"@id":"https:\/\/www.psib-psoe.org\/eivissa\/#website"},"primaryImageOfPage":{"@id":"https:\/\/www.psib-psoe.org\/eivissa\/les-consequencies-de-la-llei-bomba-urbanistica-de-pp-vox-pisos-per-a-rics-en-sol-rustic-cap-habitatge-de-proteccio-oficial-doblar-la-densitat-dhabitants-a-vila-ordenacio\/#primaryimage"},"image":{"@id":"https:\/\/www.psib-psoe.org\/eivissa\/les-consequencies-de-la-llei-bomba-urbanistica-de-pp-vox-pisos-per-a-rics-en-sol-rustic-cap-habitatge-de-proteccio-oficial-doblar-la-densitat-dhabitants-a-vila-ordenacio\/#primaryimage"},"thumbnailUrl":"https:\/\/www.psib-psoe.org\/eivissa\/wp-content\/uploads\/roda-de-premsa-elena-pilar.jpg","datePublished":"2025-06-26T12:08:39+00:00","breadcrumb":{"@id":"https:\/\/www.psib-psoe.org\/eivissa\/les-consequencies-de-la-llei-bomba-urbanistica-de-pp-vox-pisos-per-a-rics-en-sol-rustic-cap-habitatge-de-proteccio-oficial-doblar-la-densitat-dhabitants-a-vila-ordenacio\/#breadcrumb"},"inLanguage":"ca","potentialAction":[{"@type":"ReadAction","target":["https:\/\/www.psib-psoe.org\/eivissa\/les-consequencies-de-la-llei-bomba-urbanistica-de-pp-vox-pisos-per-a-rics-en-sol-rustic-cap-habitatge-de-proteccio-oficial-doblar-la-densitat-dhabitants-a-vila-ordenacio\/"]}]},{"@type":"ImageObject","inLanguage":"ca","@id":"https:\/\/www.psib-psoe.org\/eivissa\/les-consequencies-de-la-llei-bomba-urbanistica-de-pp-vox-pisos-per-a-rics-en-sol-rustic-cap-habitatge-de-proteccio-oficial-doblar-la-densitat-dhabitants-a-vila-ordenacio\/#primaryimage","url":"https:\/\/www.psib-psoe.org\/eivissa\/wp-content\/uploads\/roda-de-premsa-elena-pilar.jpg","contentUrl":"https:\/\/www.psib-psoe.org\/eivissa\/wp-content\/uploads\/roda-de-premsa-elena-pilar.jpg","width":1920,"height":1080},{"@type":"BreadcrumbList","@id":"https:\/\/www.psib-psoe.org\/eivissa\/les-consequencies-de-la-llei-bomba-urbanistica-de-pp-vox-pisos-per-a-rics-en-sol-rustic-cap-habitatge-de-proteccio-oficial-doblar-la-densitat-dhabitants-a-vila-ordenacio\/#breadcrumb","itemListElement":[{"@type":"ListItem","position":1,"name":"Inici","item":"https:\/\/www.psib-psoe.org\/eivissa\/"},{"@type":"ListItem","position":2,"name":"Les conseq\u00fc\u00e8ncies de la \u201cLlei bomba\u201d urban\u00edstica de PP-Vox: Pisos per a rics en s\u00f2l r\u00fastic, cap habitatge de protecci\u00f3 oficial, doblar la densitat d\u2019habitants a Vila, ordenaci\u00f3 urban\u00edstica en mans dels promotors&#8230; \u201cmai cap govern del PP s\u2019havia atrevit a arribar tan lluny\u201d."}]},{"@type":"WebSite","@id":"https:\/\/www.psib-psoe.org\/eivissa\/#website","url":"https:\/\/www.psib-psoe.org\/eivissa\/","name":"Federaci\u00f3 Socialista d'Eivissa","description":"Socialistes d&#039;Eivissa","publisher":{"@id":"https:\/\/www.psib-psoe.org\/eivissa\/#organization"},"potentialAction":[{"@type":"SearchAction","target":{"@type":"EntryPoint","urlTemplate":"https:\/\/www.psib-psoe.org\/eivissa\/?s={search_term_string}"},"query-input":{"@type":"PropertyValueSpecification","valueRequired":true,"valueName":"search_term_string"}}],"inLanguage":"ca"},{"@type":"Organization","@id":"https:\/\/www.psib-psoe.org\/eivissa\/#organization","name":"Federaci\u00f3 Socialista d'Eivissa","url":"https:\/\/www.psib-psoe.org\/eivissa\/","logo":{"@type":"ImageObject","inLanguage":"ca","@id":"https:\/\/www.psib-psoe.org\/eivissa\/#\/schema\/logo\/image\/","url":"https:\/\/www.psib-psoe.org\/eivissa\/wp-content\/uploads\/LOGO-FSE-SOCIALISTA-DEIVISSA-HORI.png","contentUrl":"https:\/\/www.psib-psoe.org\/eivissa\/wp-content\/uploads\/LOGO-FSE-SOCIALISTA-DEIVISSA-HORI.png","width":6000,"height":3104,"caption":"Federaci\u00f3 Socialista d'Eivissa"},"image":{"@id":"https:\/\/www.psib-psoe.org\/eivissa\/#\/schema\/logo\/image\/"}},{"@type":"Person","@id":"https:\/\/www.psib-psoe.org\/eivissa\/#\/schema\/person\/099ab3ef73a3645a1d7f303518e6ce24","name":"adminpsib","url":"https:\/\/www.psib-psoe.org\/eivissa\/author\/adminpsib\/"}]}},"_links":{"self":[{"href":"https:\/\/www.psib-psoe.org\/eivissa\/wp-json\/wp\/v2\/posts\/40944","targetHints":{"allow":["GET"]}}],"collection":[{"href":"https:\/\/www.psib-psoe.org\/eivissa\/wp-json\/wp\/v2\/posts"}],"about":[{"href":"https:\/\/www.psib-psoe.org\/eivissa\/wp-json\/wp\/v2\/types\/post"}],"author":[{"embeddable":true,"href":"https:\/\/www.psib-psoe.org\/eivissa\/wp-json\/wp\/v2\/users\/1"}],"replies":[{"embeddable":true,"href":"https:\/\/www.psib-psoe.org\/eivissa\/wp-json\/wp\/v2\/comments?post=40944"}],"version-history":[{"count":1,"href":"https:\/\/www.psib-psoe.org\/eivissa\/wp-json\/wp\/v2\/posts\/40944\/revisions"}],"predecessor-version":[{"id":40946,"href":"https:\/\/www.psib-psoe.org\/eivissa\/wp-json\/wp\/v2\/posts\/40944\/revisions\/40946"}],"wp:featuredmedia":[{"embeddable":true,"href":"https:\/\/www.psib-psoe.org\/eivissa\/wp-json\/wp\/v2\/media\/40945"}],"wp:attachment":[{"href":"https:\/\/www.psib-psoe.org\/eivissa\/wp-json\/wp\/v2\/media?parent=40944"}],"wp:term":[{"taxonomy":"category","embeddable":true,"href":"https:\/\/www.psib-psoe.org\/eivissa\/wp-json\/wp\/v2\/categories?post=40944"},{"taxonomy":"post_tag","embeddable":true,"href":"https:\/\/www.psib-psoe.org\/eivissa\/wp-json\/wp\/v2\/tags?post=40944"}],"curies":[{"name":"wp","href":"https:\/\/api.w.org\/{rel}","templated":true}]}}