{"id":40987,"date":"2025-07-11T10:13:21","date_gmt":"2025-07-11T08:13:21","guid":{"rendered":"https:\/\/www.psib-psoe.org\/eivissa\/?p=40987"},"modified":"2025-07-11T10:56:33","modified_gmt":"2025-07-11T08:56:33","slug":"el-psoe-exigeix-una-solucio-immediata-i-definitiva-davant-labandonament-reiterat-del-pas-subterrani-entre-jesus-i-es-puig-den-valls","status":"publish","type":"post","link":"https:\/\/www.psib-psoe.org\/eivissa\/el-psoe-exigeix-una-solucio-immediata-i-definitiva-davant-labandonament-reiterat-del-pas-subterrani-entre-jesus-i-es-puig-den-valls\/","title":{"rendered":"El PSOE exigeix una soluci\u00f3 immediata i definitiva davant l\u2019abandonament reiterat del pas subterrani entre Jes\u00fas i es Puig d\u2019en Valls"},"content":{"rendered":"<p>El Grup Socialista del Consell Insular d\u2019Eivissa i el Grup Municipal Socialista de l\u2019Ajuntament de Santa Eul\u00e0ria des Riu denuncien, una vegada m\u00e9s, el lamentable estat del pas subterrani que connecta les localitats de Jes\u00fas i es Puig d\u2019en Valls. Novament, vesines i vesins de les dos localitats ens han traslladat la seua indignaci\u00f3 davant l\u2019estat d\u2019abandonament, la brutor i la falta de manteniment que persisteixen en aquesta infraestructura, que hauria de ser un itinerari segur, accessible i digne per a vianants i ciclistes.<\/p>\n<p>A pesar de les nombroses promeses institucionals al llarg dels anys, l\u2019entorn del pas subterrani presenta una imatge inacceptable, amb brutor acumulada, excrements, fangs, males herbes descontrolades i restes de materials d\u2019obra. Aquesta situaci\u00f3 compromet la salubritat i la seguretat de l\u2019espai, i demostra el menyspreu de les institucions governades pel Partit Popular cap a una infraestructura essencial per a la mobilitat sostenible.<\/p>\n<p>Els vesins tamb\u00e9 han tornat a advertir sobre la inseguretat per creuar la carretera al punt del Cash Loto, que permet accedir al cam\u00ed que discorre darrere una botiga de mobles i enlla\u00e7a amb el pas subterrani. El dia d&#8217;avui, i despr\u00e9s d\u2019anys de reivindicacions i promeses incomplertes per part de l\u2019Ajuntament de Carmen Ferrer, infants, persones majors, persones amb mobilitat redu\u00efda i ciclistes es veuen obligats a travessar una carretera molt transitada sense garanties m\u00ednimes de seguretat.<\/p>\n<p>Des del PSOE lamentam que l&#8217;\u201caposta\u201d del Partit Popular per la mobilitat sostenible hagi quedat en una foto d\u2019inauguraci\u00f3 i titulars buits. Ni el president del Consell, Vicent Mar\u00ed, ni l&#8217;alcaldessa de Santa Eul\u00e0ria, Carmen Ferrer, han set capa\u00e7os d\u2019oferir solucions reals en aquests sis anys.<\/p>\n<p>La responsabilitat directa del manteniment i la neteja del pas subterrani entre Jes\u00fas i es Puig d\u2019en Valls recau en el Consell Insular de Vicent Mar\u00ed. De la mateixa manera, correspon a l\u2019Ajuntament de Santa Eul\u00e0ria la responsabilitat d\u2019executar la connexi\u00f3 segura del carril bici amb aquest punt clau, una obra anunciada en m\u00faltiples ocasions i ajornada any rere any per l\u2019ajuntament de Carmen Ferrer. El temps continua passant i la connexi\u00f3 continua sense realitzar-se, en perjudici de centenars de vesins i vesines.<\/p>\n<p>Per tot aix\u00f2, des del Grup PSOE del Consell Insular d\u2019Eivissa i el Grup Municipal Socialista de Santa Eul\u00e0ria reclamam una intervenci\u00f3 immediata, completa i coordinada per part de les dos institucions. Aquesta ha d\u2019incloure, en primer lloc, la neteja peri\u00f2dica i efectiva del pas subterrani i del seu entorn, feina que correspon directament al Consell Insular. Aix\u00ed mateix, instam novament l\u2019Ajuntament de Santa Eul\u00e0ria a executar d\u2019una vegada per totes la connexi\u00f3 segura del carril bici amb aquest punt estrat\u00e8gic, i a resoldre de manera definitiva la situaci\u00f3 de risc al pas del Cash Loto, on actualment moltes persones es veuen obligades a travessar una carretera amb un elevat volum de tr\u00e0nsit sense cap mesura de protecci\u00f3.<br \/>\n<img loading=\"lazy\" decoding=\"async\" src=\"https:\/\/www.psib-psoe.org\/eivissa\/wp-content\/uploads\/pas-soterrat8.jpg\" alt=\"\" width=\"1290\" height=\"967\" class=\"alignnone size-full wp-image-40988\" srcset=\"https:\/\/www.psib-psoe.org\/eivissa\/wp-content\/uploads\/pas-soterrat8.jpg 1290w, https:\/\/www.psib-psoe.org\/eivissa\/wp-content\/uploads\/pas-soterrat8-300x225.jpg 300w, https:\/\/www.psib-psoe.org\/eivissa\/wp-content\/uploads\/pas-soterrat8-1024x768.jpg 1024w, https:\/\/www.psib-psoe.org\/eivissa\/wp-content\/uploads\/pas-soterrat8-768x576.jpg 768w, https:\/\/www.psib-psoe.org\/eivissa\/wp-content\/uploads\/pas-soterrat8-150x112.jpg 150w, https:\/\/www.psib-psoe.org\/eivissa\/wp-content\/uploads\/pas-soterrat8-600x450.jpg 600w, https:\/\/www.psib-psoe.org\/eivissa\/wp-content\/uploads\/pas-soterrat8-900x675.jpg 900w, https:\/\/www.psib-psoe.org\/eivissa\/wp-content\/uploads\/pas-soterrat8-20x16.jpg 20w\" sizes=\"auto, (max-width: 1290px) 100vw, 1290px\" \/><\/p>\n<p><img loading=\"lazy\" decoding=\"async\" src=\"https:\/\/www.psib-psoe.org\/eivissa\/wp-content\/uploads\/pas-soterrat7.jpg\" alt=\"\" width=\"1290\" height=\"967\" class=\"alignnone size-full wp-image-40989\" srcset=\"https:\/\/www.psib-psoe.org\/eivissa\/wp-content\/uploads\/pas-soterrat7.jpg 1290w, https:\/\/www.psib-psoe.org\/eivissa\/wp-content\/uploads\/pas-soterrat7-300x225.jpg 300w, https:\/\/www.psib-psoe.org\/eivissa\/wp-content\/uploads\/pas-soterrat7-1024x768.jpg 1024w, https:\/\/www.psib-psoe.org\/eivissa\/wp-content\/uploads\/pas-soterrat7-768x576.jpg 768w, https:\/\/www.psib-psoe.org\/eivissa\/wp-content\/uploads\/pas-soterrat7-150x112.jpg 150w, https:\/\/www.psib-psoe.org\/eivissa\/wp-content\/uploads\/pas-soterrat7-600x450.jpg 600w, https:\/\/www.psib-psoe.org\/eivissa\/wp-content\/uploads\/pas-soterrat7-900x675.jpg 900w, https:\/\/www.psib-psoe.org\/eivissa\/wp-content\/uploads\/pas-soterrat7-20x16.jpg 20w\" sizes=\"auto, (max-width: 1290px) 100vw, 1290px\" \/><\/p>\n<p><img loading=\"lazy\" decoding=\"async\" src=\"https:\/\/www.psib-psoe.org\/eivissa\/wp-content\/uploads\/pas-soterrat6.jpg\" alt=\"\" width=\"1290\" height=\"967\" class=\"alignnone size-full wp-image-40990\" srcset=\"https:\/\/www.psib-psoe.org\/eivissa\/wp-content\/uploads\/pas-soterrat6.jpg 1290w, https:\/\/www.psib-psoe.org\/eivissa\/wp-content\/uploads\/pas-soterrat6-300x225.jpg 300w, https:\/\/www.psib-psoe.org\/eivissa\/wp-content\/uploads\/pas-soterrat6-1024x768.jpg 1024w, https:\/\/www.psib-psoe.org\/eivissa\/wp-content\/uploads\/pas-soterrat6-768x576.jpg 768w, https:\/\/www.psib-psoe.org\/eivissa\/wp-content\/uploads\/pas-soterrat6-150x112.jpg 150w, https:\/\/www.psib-psoe.org\/eivissa\/wp-content\/uploads\/pas-soterrat6-600x450.jpg 600w, https:\/\/www.psib-psoe.org\/eivissa\/wp-content\/uploads\/pas-soterrat6-900x675.jpg 900w, https:\/\/www.psib-psoe.org\/eivissa\/wp-content\/uploads\/pas-soterrat6-20x16.jpg 20w\" sizes=\"auto, (max-width: 1290px) 100vw, 1290px\" \/><\/p>\n<p><img loading=\"lazy\" decoding=\"async\" src=\"https:\/\/www.psib-psoe.org\/eivissa\/wp-content\/uploads\/pas-soterrat5.jpg\" alt=\"\" width=\"1290\" height=\"967\" class=\"alignnone size-full wp-image-40991\" srcset=\"https:\/\/www.psib-psoe.org\/eivissa\/wp-content\/uploads\/pas-soterrat5.jpg 1290w, https:\/\/www.psib-psoe.org\/eivissa\/wp-content\/uploads\/pas-soterrat5-300x225.jpg 300w, https:\/\/www.psib-psoe.org\/eivissa\/wp-content\/uploads\/pas-soterrat5-1024x768.jpg 1024w, https:\/\/www.psib-psoe.org\/eivissa\/wp-content\/uploads\/pas-soterrat5-768x576.jpg 768w, https:\/\/www.psib-psoe.org\/eivissa\/wp-content\/uploads\/pas-soterrat5-150x112.jpg 150w, https:\/\/www.psib-psoe.org\/eivissa\/wp-content\/uploads\/pas-soterrat5-600x450.jpg 600w, https:\/\/www.psib-psoe.org\/eivissa\/wp-content\/uploads\/pas-soterrat5-900x675.jpg 900w, https:\/\/www.psib-psoe.org\/eivissa\/wp-content\/uploads\/pas-soterrat5-20x16.jpg 20w\" sizes=\"auto, (max-width: 1290px) 100vw, 1290px\" \/><\/p>\n<p><img loading=\"lazy\" decoding=\"async\" src=\"https:\/\/www.psib-psoe.org\/eivissa\/wp-content\/uploads\/pas-soterrat3.jpg\" alt=\"\" width=\"1290\" height=\"967\" class=\"alignnone size-full wp-image-40992\" srcset=\"https:\/\/www.psib-psoe.org\/eivissa\/wp-content\/uploads\/pas-soterrat3.jpg 1290w, https:\/\/www.psib-psoe.org\/eivissa\/wp-content\/uploads\/pas-soterrat3-300x225.jpg 300w, https:\/\/www.psib-psoe.org\/eivissa\/wp-content\/uploads\/pas-soterrat3-1024x768.jpg 1024w, https:\/\/www.psib-psoe.org\/eivissa\/wp-content\/uploads\/pas-soterrat3-768x576.jpg 768w, https:\/\/www.psib-psoe.org\/eivissa\/wp-content\/uploads\/pas-soterrat3-150x112.jpg 150w, https:\/\/www.psib-psoe.org\/eivissa\/wp-content\/uploads\/pas-soterrat3-600x450.jpg 600w, https:\/\/www.psib-psoe.org\/eivissa\/wp-content\/uploads\/pas-soterrat3-900x675.jpg 900w, https:\/\/www.psib-psoe.org\/eivissa\/wp-content\/uploads\/pas-soterrat3-20x16.jpg 20w\" sizes=\"auto, (max-width: 1290px) 100vw, 1290px\" \/><\/p>\n<p><img loading=\"lazy\" decoding=\"async\" src=\"https:\/\/www.psib-psoe.org\/eivissa\/wp-content\/uploads\/pas-soterrat2.jpg\" alt=\"\" width=\"1290\" height=\"967\" class=\"alignnone size-full wp-image-40993\" srcset=\"https:\/\/www.psib-psoe.org\/eivissa\/wp-content\/uploads\/pas-soterrat2.jpg 1290w, https:\/\/www.psib-psoe.org\/eivissa\/wp-content\/uploads\/pas-soterrat2-300x225.jpg 300w, https:\/\/www.psib-psoe.org\/eivissa\/wp-content\/uploads\/pas-soterrat2-1024x768.jpg 1024w, https:\/\/www.psib-psoe.org\/eivissa\/wp-content\/uploads\/pas-soterrat2-768x576.jpg 768w, https:\/\/www.psib-psoe.org\/eivissa\/wp-content\/uploads\/pas-soterrat2-150x112.jpg 150w, https:\/\/www.psib-psoe.org\/eivissa\/wp-content\/uploads\/pas-soterrat2-600x450.jpg 600w, https:\/\/www.psib-psoe.org\/eivissa\/wp-content\/uploads\/pas-soterrat2-900x675.jpg 900w, https:\/\/www.psib-psoe.org\/eivissa\/wp-content\/uploads\/pas-soterrat2-20x16.jpg 20w\" sizes=\"auto, (max-width: 1290px) 100vw, 1290px\" \/><\/p>\n<p><img loading=\"lazy\" decoding=\"async\" src=\"https:\/\/www.psib-psoe.org\/eivissa\/wp-content\/uploads\/pas-soterrat1.jpg\" alt=\"\" width=\"1290\" height=\"967\" class=\"alignnone size-full wp-image-40994\" srcset=\"https:\/\/www.psib-psoe.org\/eivissa\/wp-content\/uploads\/pas-soterrat1.jpg 1290w, https:\/\/www.psib-psoe.org\/eivissa\/wp-content\/uploads\/pas-soterrat1-300x225.jpg 300w, https:\/\/www.psib-psoe.org\/eivissa\/wp-content\/uploads\/pas-soterrat1-1024x768.jpg 1024w, https:\/\/www.psib-psoe.org\/eivissa\/wp-content\/uploads\/pas-soterrat1-768x576.jpg 768w, https:\/\/www.psib-psoe.org\/eivissa\/wp-content\/uploads\/pas-soterrat1-150x112.jpg 150w, https:\/\/www.psib-psoe.org\/eivissa\/wp-content\/uploads\/pas-soterrat1-600x450.jpg 600w, https:\/\/www.psib-psoe.org\/eivissa\/wp-content\/uploads\/pas-soterrat1-900x675.jpg 900w, https:\/\/www.psib-psoe.org\/eivissa\/wp-content\/uploads\/pas-soterrat1-20x16.jpg 20w\" sizes=\"auto, (max-width: 1290px) 100vw, 1290px\" \/><\/p>\n","protected":false},"excerpt":{"rendered":"<p>El Grup Socialista del Consell Insular d\u2019Eivissa i el Grup Municipal Socialista de l\u2019Ajuntament de Santa Eul\u00e0ria des Riu denuncien, una vegada m\u00e9s, el lamentable estat del pas subterrani que connecta les localitats de Jes\u00fas i es Puig d\u2019en Valls. Novament, vesines i vesins de les dos localitats ens han traslladat la seua indignaci\u00f3 davant&hellip;<\/p>\n","protected":false},"author":1,"featured_media":40995,"comment_status":"closed","ping_status":"closed","sticky":false,"template":"","format":"standard","meta":{"footnotes":""},"categories":[192,1,234,186],"tags":[],"class_list":["post-40987","post","type-post","status-publish","format-standard","has-post-thumbnail","hentry","category-consell-deivissa","category-federacio-de-eivissa-portada","category-municipis","category-santa-eularia-des-riu"],"yoast_head":"<!-- This site is optimized with the Yoast SEO plugin v26.9 - https:\/\/yoast.com\/product\/yoast-seo-wordpress\/ -->\n<title>El PSOE exigeix una soluci\u00f3 immediata i definitiva davant l\u2019abandonament reiterat del pas subterrani entre Jes\u00fas i es Puig d\u2019en Valls - Federaci\u00f3 Socialista d&#039;Eivissa<\/title>\n<meta name=\"robots\" content=\"index, follow, max-snippet:-1, max-image-preview:large, max-video-preview:-1\" \/>\n<link rel=\"canonical\" href=\"https:\/\/www.psib-psoe.org\/eivissa\/el-psoe-exigeix-una-solucio-immediata-i-definitiva-davant-labandonament-reiterat-del-pas-subterrani-entre-jesus-i-es-puig-den-valls\/\" \/>\n<meta property=\"og:locale\" content=\"ca_ES\" \/>\n<meta property=\"og:type\" content=\"article\" \/>\n<meta property=\"og:title\" content=\"El PSOE exigeix una soluci\u00f3 immediata i definitiva davant l\u2019abandonament reiterat del pas subterrani entre Jes\u00fas i es Puig d\u2019en Valls - Federaci\u00f3 Socialista d&#039;Eivissa\" \/>\n<meta property=\"og:description\" content=\"El Grup Socialista del Consell Insular d\u2019Eivissa i el Grup Municipal Socialista de l\u2019Ajuntament de Santa Eul\u00e0ria des Riu denuncien, una vegada m\u00e9s, el lamentable estat del pas subterrani que connecta les localitats de Jes\u00fas i es Puig d\u2019en Valls. Novament, vesines i vesins de les dos localitats ens han traslladat la seua indignaci\u00f3 davant&hellip;\" \/>\n<meta property=\"og:url\" content=\"https:\/\/www.psib-psoe.org\/eivissa\/el-psoe-exigeix-una-solucio-immediata-i-definitiva-davant-labandonament-reiterat-del-pas-subterrani-entre-jesus-i-es-puig-den-valls\/\" \/>\n<meta property=\"og:site_name\" content=\"Federaci\u00f3 Socialista d&#039;Eivissa\" \/>\n<meta property=\"article:published_time\" content=\"2025-07-11T08:13:21+00:00\" \/>\n<meta property=\"article:modified_time\" content=\"2025-07-11T08:56:33+00:00\" \/>\n<meta property=\"og:image\" content=\"https:\/\/www.psib-psoe.org\/eivissa\/wp-content\/uploads\/pas-soterrat4.jpg\" \/>\n\t<meta property=\"og:image:width\" content=\"1290\" \/>\n\t<meta property=\"og:image:height\" content=\"967\" \/>\n\t<meta property=\"og:image:type\" content=\"image\/jpeg\" \/>\n<meta name=\"author\" content=\"adminpsib\" \/>\n<meta name=\"twitter:card\" content=\"summary_large_image\" \/>\n<meta name=\"twitter:label1\" content=\"Escrit per\" \/>\n\t<meta name=\"twitter:data1\" content=\"adminpsib\" \/>\n\t<meta name=\"twitter:label2\" content=\"Temps estimat de lectura\" \/>\n\t<meta name=\"twitter:data2\" content=\"3 minuts\" \/>\n<script type=\"application\/ld+json\" class=\"yoast-schema-graph\">{\"@context\":\"https:\/\/schema.org\",\"@graph\":[{\"@type\":[\"Article\",\"BlogPosting\"],\"@id\":\"https:\/\/www.psib-psoe.org\/eivissa\/el-psoe-exigeix-una-solucio-immediata-i-definitiva-davant-labandonament-reiterat-del-pas-subterrani-entre-jesus-i-es-puig-den-valls\/#article\",\"isPartOf\":{\"@id\":\"https:\/\/www.psib-psoe.org\/eivissa\/el-psoe-exigeix-una-solucio-immediata-i-definitiva-davant-labandonament-reiterat-del-pas-subterrani-entre-jesus-i-es-puig-den-valls\/\"},\"author\":{\"name\":\"adminpsib\",\"@id\":\"https:\/\/www.psib-psoe.org\/eivissa\/#\/schema\/person\/099ab3ef73a3645a1d7f303518e6ce24\"},\"headline\":\"El PSOE exigeix una soluci\u00f3 immediata i definitiva davant l\u2019abandonament reiterat del pas subterrani entre Jes\u00fas i es Puig d\u2019en Valls\",\"datePublished\":\"2025-07-11T08:13:21+00:00\",\"dateModified\":\"2025-07-11T08:56:33+00:00\",\"mainEntityOfPage\":{\"@id\":\"https:\/\/www.psib-psoe.org\/eivissa\/el-psoe-exigeix-una-solucio-immediata-i-definitiva-davant-labandonament-reiterat-del-pas-subterrani-entre-jesus-i-es-puig-den-valls\/\"},\"wordCount\":534,\"publisher\":{\"@id\":\"https:\/\/www.psib-psoe.org\/eivissa\/#organization\"},\"image\":{\"@id\":\"https:\/\/www.psib-psoe.org\/eivissa\/el-psoe-exigeix-una-solucio-immediata-i-definitiva-davant-labandonament-reiterat-del-pas-subterrani-entre-jesus-i-es-puig-den-valls\/#primaryimage\"},\"thumbnailUrl\":\"https:\/\/www.psib-psoe.org\/eivissa\/wp-content\/uploads\/pas-soterrat4.jpg\",\"articleSection\":[\"Consell d'Eivissa\",\"Federaci\u00f3 d'Eivissa - Portada\",\"Municipis\",\"Santa Eul\u00e0ria des Riu\"],\"inLanguage\":\"ca\"},{\"@type\":\"WebPage\",\"@id\":\"https:\/\/www.psib-psoe.org\/eivissa\/el-psoe-exigeix-una-solucio-immediata-i-definitiva-davant-labandonament-reiterat-del-pas-subterrani-entre-jesus-i-es-puig-den-valls\/\",\"url\":\"https:\/\/www.psib-psoe.org\/eivissa\/el-psoe-exigeix-una-solucio-immediata-i-definitiva-davant-labandonament-reiterat-del-pas-subterrani-entre-jesus-i-es-puig-den-valls\/\",\"name\":\"El PSOE exigeix una soluci\u00f3 immediata i definitiva davant l\u2019abandonament reiterat del pas subterrani entre Jes\u00fas i es Puig d\u2019en Valls - Federaci\u00f3 Socialista d&#039;Eivissa\",\"isPartOf\":{\"@id\":\"https:\/\/www.psib-psoe.org\/eivissa\/#website\"},\"primaryImageOfPage\":{\"@id\":\"https:\/\/www.psib-psoe.org\/eivissa\/el-psoe-exigeix-una-solucio-immediata-i-definitiva-davant-labandonament-reiterat-del-pas-subterrani-entre-jesus-i-es-puig-den-valls\/#primaryimage\"},\"image\":{\"@id\":\"https:\/\/www.psib-psoe.org\/eivissa\/el-psoe-exigeix-una-solucio-immediata-i-definitiva-davant-labandonament-reiterat-del-pas-subterrani-entre-jesus-i-es-puig-den-valls\/#primaryimage\"},\"thumbnailUrl\":\"https:\/\/www.psib-psoe.org\/eivissa\/wp-content\/uploads\/pas-soterrat4.jpg\",\"datePublished\":\"2025-07-11T08:13:21+00:00\",\"dateModified\":\"2025-07-11T08:56:33+00:00\",\"breadcrumb\":{\"@id\":\"https:\/\/www.psib-psoe.org\/eivissa\/el-psoe-exigeix-una-solucio-immediata-i-definitiva-davant-labandonament-reiterat-del-pas-subterrani-entre-jesus-i-es-puig-den-valls\/#breadcrumb\"},\"inLanguage\":\"ca\",\"potentialAction\":[{\"@type\":\"ReadAction\",\"target\":[\"https:\/\/www.psib-psoe.org\/eivissa\/el-psoe-exigeix-una-solucio-immediata-i-definitiva-davant-labandonament-reiterat-del-pas-subterrani-entre-jesus-i-es-puig-den-valls\/\"]}]},{\"@type\":\"ImageObject\",\"inLanguage\":\"ca\",\"@id\":\"https:\/\/www.psib-psoe.org\/eivissa\/el-psoe-exigeix-una-solucio-immediata-i-definitiva-davant-labandonament-reiterat-del-pas-subterrani-entre-jesus-i-es-puig-den-valls\/#primaryimage\",\"url\":\"https:\/\/www.psib-psoe.org\/eivissa\/wp-content\/uploads\/pas-soterrat4.jpg\",\"contentUrl\":\"https:\/\/www.psib-psoe.org\/eivissa\/wp-content\/uploads\/pas-soterrat4.jpg\",\"width\":1290,\"height\":967},{\"@type\":\"BreadcrumbList\",\"@id\":\"https:\/\/www.psib-psoe.org\/eivissa\/el-psoe-exigeix-una-solucio-immediata-i-definitiva-davant-labandonament-reiterat-del-pas-subterrani-entre-jesus-i-es-puig-den-valls\/#breadcrumb\",\"itemListElement\":[{\"@type\":\"ListItem\",\"position\":1,\"name\":\"Inici\",\"item\":\"https:\/\/www.psib-psoe.org\/eivissa\/\"},{\"@type\":\"ListItem\",\"position\":2,\"name\":\"El PSOE exigeix una soluci\u00f3 immediata i definitiva davant l\u2019abandonament reiterat del pas subterrani entre Jes\u00fas i es Puig d\u2019en Valls\"}]},{\"@type\":\"WebSite\",\"@id\":\"https:\/\/www.psib-psoe.org\/eivissa\/#website\",\"url\":\"https:\/\/www.psib-psoe.org\/eivissa\/\",\"name\":\"Federaci\u00f3 Socialista d'Eivissa\",\"description\":\"Socialistes d&#039;Eivissa\",\"publisher\":{\"@id\":\"https:\/\/www.psib-psoe.org\/eivissa\/#organization\"},\"potentialAction\":[{\"@type\":\"SearchAction\",\"target\":{\"@type\":\"EntryPoint\",\"urlTemplate\":\"https:\/\/www.psib-psoe.org\/eivissa\/?s={search_term_string}\"},\"query-input\":{\"@type\":\"PropertyValueSpecification\",\"valueRequired\":true,\"valueName\":\"search_term_string\"}}],\"inLanguage\":\"ca\"},{\"@type\":\"Organization\",\"@id\":\"https:\/\/www.psib-psoe.org\/eivissa\/#organization\",\"name\":\"Federaci\u00f3 Socialista d'Eivissa\",\"url\":\"https:\/\/www.psib-psoe.org\/eivissa\/\",\"logo\":{\"@type\":\"ImageObject\",\"inLanguage\":\"ca\",\"@id\":\"https:\/\/www.psib-psoe.org\/eivissa\/#\/schema\/logo\/image\/\",\"url\":\"https:\/\/www.psib-psoe.org\/eivissa\/wp-content\/uploads\/LOGO-FSE-SOCIALISTA-DEIVISSA-HORI.png\",\"contentUrl\":\"https:\/\/www.psib-psoe.org\/eivissa\/wp-content\/uploads\/LOGO-FSE-SOCIALISTA-DEIVISSA-HORI.png\",\"width\":6000,\"height\":3104,\"caption\":\"Federaci\u00f3 Socialista d'Eivissa\"},\"image\":{\"@id\":\"https:\/\/www.psib-psoe.org\/eivissa\/#\/schema\/logo\/image\/\"}},{\"@type\":\"Person\",\"@id\":\"https:\/\/www.psib-psoe.org\/eivissa\/#\/schema\/person\/099ab3ef73a3645a1d7f303518e6ce24\",\"name\":\"adminpsib\",\"url\":\"https:\/\/www.psib-psoe.org\/eivissa\/author\/adminpsib\/\"}]}<\/script>\n<!-- \/ Yoast SEO plugin. -->","yoast_head_json":{"title":"El PSOE exigeix una soluci\u00f3 immediata i definitiva davant l\u2019abandonament reiterat del pas subterrani entre Jes\u00fas i es Puig d\u2019en Valls - Federaci\u00f3 Socialista d&#039;Eivissa","robots":{"index":"index","follow":"follow","max-snippet":"max-snippet:-1","max-image-preview":"max-image-preview:large","max-video-preview":"max-video-preview:-1"},"canonical":"https:\/\/www.psib-psoe.org\/eivissa\/el-psoe-exigeix-una-solucio-immediata-i-definitiva-davant-labandonament-reiterat-del-pas-subterrani-entre-jesus-i-es-puig-den-valls\/","og_locale":"ca_ES","og_type":"article","og_title":"El PSOE exigeix una soluci\u00f3 immediata i definitiva davant l\u2019abandonament reiterat del pas subterrani entre Jes\u00fas i es Puig d\u2019en Valls - Federaci\u00f3 Socialista d&#039;Eivissa","og_description":"El Grup Socialista del Consell Insular d\u2019Eivissa i el Grup Municipal Socialista de l\u2019Ajuntament de Santa Eul\u00e0ria des Riu denuncien, una vegada m\u00e9s, el lamentable estat del pas subterrani que connecta les localitats de Jes\u00fas i es Puig d\u2019en Valls. Novament, vesines i vesins de les dos localitats ens han traslladat la seua indignaci\u00f3 davant&hellip;","og_url":"https:\/\/www.psib-psoe.org\/eivissa\/el-psoe-exigeix-una-solucio-immediata-i-definitiva-davant-labandonament-reiterat-del-pas-subterrani-entre-jesus-i-es-puig-den-valls\/","og_site_name":"Federaci\u00f3 Socialista d&#039;Eivissa","article_published_time":"2025-07-11T08:13:21+00:00","article_modified_time":"2025-07-11T08:56:33+00:00","og_image":[{"width":1290,"height":967,"url":"https:\/\/www.psib-psoe.org\/eivissa\/wp-content\/uploads\/pas-soterrat4.jpg","type":"image\/jpeg"}],"author":"adminpsib","twitter_card":"summary_large_image","twitter_misc":{"Escrit per":"adminpsib","Temps estimat de lectura":"3 minuts"},"schema":{"@context":"https:\/\/schema.org","@graph":[{"@type":["Article","BlogPosting"],"@id":"https:\/\/www.psib-psoe.org\/eivissa\/el-psoe-exigeix-una-solucio-immediata-i-definitiva-davant-labandonament-reiterat-del-pas-subterrani-entre-jesus-i-es-puig-den-valls\/#article","isPartOf":{"@id":"https:\/\/www.psib-psoe.org\/eivissa\/el-psoe-exigeix-una-solucio-immediata-i-definitiva-davant-labandonament-reiterat-del-pas-subterrani-entre-jesus-i-es-puig-den-valls\/"},"author":{"name":"adminpsib","@id":"https:\/\/www.psib-psoe.org\/eivissa\/#\/schema\/person\/099ab3ef73a3645a1d7f303518e6ce24"},"headline":"El PSOE exigeix una soluci\u00f3 immediata i definitiva davant l\u2019abandonament reiterat del pas subterrani entre Jes\u00fas i es Puig d\u2019en Valls","datePublished":"2025-07-11T08:13:21+00:00","dateModified":"2025-07-11T08:56:33+00:00","mainEntityOfPage":{"@id":"https:\/\/www.psib-psoe.org\/eivissa\/el-psoe-exigeix-una-solucio-immediata-i-definitiva-davant-labandonament-reiterat-del-pas-subterrani-entre-jesus-i-es-puig-den-valls\/"},"wordCount":534,"publisher":{"@id":"https:\/\/www.psib-psoe.org\/eivissa\/#organization"},"image":{"@id":"https:\/\/www.psib-psoe.org\/eivissa\/el-psoe-exigeix-una-solucio-immediata-i-definitiva-davant-labandonament-reiterat-del-pas-subterrani-entre-jesus-i-es-puig-den-valls\/#primaryimage"},"thumbnailUrl":"https:\/\/www.psib-psoe.org\/eivissa\/wp-content\/uploads\/pas-soterrat4.jpg","articleSection":["Consell d'Eivissa","Federaci\u00f3 d'Eivissa - Portada","Municipis","Santa Eul\u00e0ria des Riu"],"inLanguage":"ca"},{"@type":"WebPage","@id":"https:\/\/www.psib-psoe.org\/eivissa\/el-psoe-exigeix-una-solucio-immediata-i-definitiva-davant-labandonament-reiterat-del-pas-subterrani-entre-jesus-i-es-puig-den-valls\/","url":"https:\/\/www.psib-psoe.org\/eivissa\/el-psoe-exigeix-una-solucio-immediata-i-definitiva-davant-labandonament-reiterat-del-pas-subterrani-entre-jesus-i-es-puig-den-valls\/","name":"El PSOE exigeix una soluci\u00f3 immediata i definitiva davant l\u2019abandonament reiterat del pas subterrani entre Jes\u00fas i es Puig d\u2019en Valls - Federaci\u00f3 Socialista d&#039;Eivissa","isPartOf":{"@id":"https:\/\/www.psib-psoe.org\/eivissa\/#website"},"primaryImageOfPage":{"@id":"https:\/\/www.psib-psoe.org\/eivissa\/el-psoe-exigeix-una-solucio-immediata-i-definitiva-davant-labandonament-reiterat-del-pas-subterrani-entre-jesus-i-es-puig-den-valls\/#primaryimage"},"image":{"@id":"https:\/\/www.psib-psoe.org\/eivissa\/el-psoe-exigeix-una-solucio-immediata-i-definitiva-davant-labandonament-reiterat-del-pas-subterrani-entre-jesus-i-es-puig-den-valls\/#primaryimage"},"thumbnailUrl":"https:\/\/www.psib-psoe.org\/eivissa\/wp-content\/uploads\/pas-soterrat4.jpg","datePublished":"2025-07-11T08:13:21+00:00","dateModified":"2025-07-11T08:56:33+00:00","breadcrumb":{"@id":"https:\/\/www.psib-psoe.org\/eivissa\/el-psoe-exigeix-una-solucio-immediata-i-definitiva-davant-labandonament-reiterat-del-pas-subterrani-entre-jesus-i-es-puig-den-valls\/#breadcrumb"},"inLanguage":"ca","potentialAction":[{"@type":"ReadAction","target":["https:\/\/www.psib-psoe.org\/eivissa\/el-psoe-exigeix-una-solucio-immediata-i-definitiva-davant-labandonament-reiterat-del-pas-subterrani-entre-jesus-i-es-puig-den-valls\/"]}]},{"@type":"ImageObject","inLanguage":"ca","@id":"https:\/\/www.psib-psoe.org\/eivissa\/el-psoe-exigeix-una-solucio-immediata-i-definitiva-davant-labandonament-reiterat-del-pas-subterrani-entre-jesus-i-es-puig-den-valls\/#primaryimage","url":"https:\/\/www.psib-psoe.org\/eivissa\/wp-content\/uploads\/pas-soterrat4.jpg","contentUrl":"https:\/\/www.psib-psoe.org\/eivissa\/wp-content\/uploads\/pas-soterrat4.jpg","width":1290,"height":967},{"@type":"BreadcrumbList","@id":"https:\/\/www.psib-psoe.org\/eivissa\/el-psoe-exigeix-una-solucio-immediata-i-definitiva-davant-labandonament-reiterat-del-pas-subterrani-entre-jesus-i-es-puig-den-valls\/#breadcrumb","itemListElement":[{"@type":"ListItem","position":1,"name":"Inici","item":"https:\/\/www.psib-psoe.org\/eivissa\/"},{"@type":"ListItem","position":2,"name":"El PSOE exigeix una soluci\u00f3 immediata i definitiva davant l\u2019abandonament reiterat del pas subterrani entre Jes\u00fas i es Puig d\u2019en Valls"}]},{"@type":"WebSite","@id":"https:\/\/www.psib-psoe.org\/eivissa\/#website","url":"https:\/\/www.psib-psoe.org\/eivissa\/","name":"Federaci\u00f3 Socialista d'Eivissa","description":"Socialistes d&#039;Eivissa","publisher":{"@id":"https:\/\/www.psib-psoe.org\/eivissa\/#organization"},"potentialAction":[{"@type":"SearchAction","target":{"@type":"EntryPoint","urlTemplate":"https:\/\/www.psib-psoe.org\/eivissa\/?s={search_term_string}"},"query-input":{"@type":"PropertyValueSpecification","valueRequired":true,"valueName":"search_term_string"}}],"inLanguage":"ca"},{"@type":"Organization","@id":"https:\/\/www.psib-psoe.org\/eivissa\/#organization","name":"Federaci\u00f3 Socialista d'Eivissa","url":"https:\/\/www.psib-psoe.org\/eivissa\/","logo":{"@type":"ImageObject","inLanguage":"ca","@id":"https:\/\/www.psib-psoe.org\/eivissa\/#\/schema\/logo\/image\/","url":"https:\/\/www.psib-psoe.org\/eivissa\/wp-content\/uploads\/LOGO-FSE-SOCIALISTA-DEIVISSA-HORI.png","contentUrl":"https:\/\/www.psib-psoe.org\/eivissa\/wp-content\/uploads\/LOGO-FSE-SOCIALISTA-DEIVISSA-HORI.png","width":6000,"height":3104,"caption":"Federaci\u00f3 Socialista d'Eivissa"},"image":{"@id":"https:\/\/www.psib-psoe.org\/eivissa\/#\/schema\/logo\/image\/"}},{"@type":"Person","@id":"https:\/\/www.psib-psoe.org\/eivissa\/#\/schema\/person\/099ab3ef73a3645a1d7f303518e6ce24","name":"adminpsib","url":"https:\/\/www.psib-psoe.org\/eivissa\/author\/adminpsib\/"}]}},"_links":{"self":[{"href":"https:\/\/www.psib-psoe.org\/eivissa\/wp-json\/wp\/v2\/posts\/40987","targetHints":{"allow":["GET"]}}],"collection":[{"href":"https:\/\/www.psib-psoe.org\/eivissa\/wp-json\/wp\/v2\/posts"}],"about":[{"href":"https:\/\/www.psib-psoe.org\/eivissa\/wp-json\/wp\/v2\/types\/post"}],"author":[{"embeddable":true,"href":"https:\/\/www.psib-psoe.org\/eivissa\/wp-json\/wp\/v2\/users\/1"}],"replies":[{"embeddable":true,"href":"https:\/\/www.psib-psoe.org\/eivissa\/wp-json\/wp\/v2\/comments?post=40987"}],"version-history":[{"count":1,"href":"https:\/\/www.psib-psoe.org\/eivissa\/wp-json\/wp\/v2\/posts\/40987\/revisions"}],"predecessor-version":[{"id":40996,"href":"https:\/\/www.psib-psoe.org\/eivissa\/wp-json\/wp\/v2\/posts\/40987\/revisions\/40996"}],"wp:featuredmedia":[{"embeddable":true,"href":"https:\/\/www.psib-psoe.org\/eivissa\/wp-json\/wp\/v2\/media\/40995"}],"wp:attachment":[{"href":"https:\/\/www.psib-psoe.org\/eivissa\/wp-json\/wp\/v2\/media?parent=40987"}],"wp:term":[{"taxonomy":"category","embeddable":true,"href":"https:\/\/www.psib-psoe.org\/eivissa\/wp-json\/wp\/v2\/categories?post=40987"},{"taxonomy":"post_tag","embeddable":true,"href":"https:\/\/www.psib-psoe.org\/eivissa\/wp-json\/wp\/v2\/tags?post=40987"}],"curies":[{"name":"wp","href":"https:\/\/api.w.org\/{rel}","templated":true}]}}