{"id":41016,"date":"2025-07-17T14:24:41","date_gmt":"2025-07-17T12:24:41","guid":{"rendered":"https:\/\/www.psib-psoe.org\/eivissa\/?p=41016"},"modified":"2025-07-17T14:40:59","modified_gmt":"2025-07-17T12:40:59","slug":"vicent-mari-esta-convertint-eivissa-en-una-illa-de-luxe-i-de-xaboles-la-portaveu-socialista-elena-lopez-bonet-carrega-contra-el-balanc-triomfalista-i-buit-de-vic","status":"publish","type":"post","link":"https:\/\/www.psib-psoe.org\/eivissa\/vicent-mari-esta-convertint-eivissa-en-una-illa-de-luxe-i-de-xaboles-la-portaveu-socialista-elena-lopez-bonet-carrega-contra-el-balanc-triomfalista-i-buit-de-vic\/","title":{"rendered":"\u201cVicent Mar\u00ed est\u00e0 convertint Eivissa en una illa de luxe i de xaboles\u201d. La portaveu socialista, Elena L\u00f3pez Bonet, carrega contra el balan\u00e7 \u201ctriomfalista i buit\u201d de Vicent Mar\u00ed i denuncia sis anys de govern del PP que han empitjorat la vida de la ciutadania."},"content":{"rendered":"<p>La portaveu del Grup PSOE al Consell Insular d\u2019Eivissa, Elena L\u00f3pez Bonet, denunciat que Vicent Mar\u00ed \u201cest\u00e0 convertint Eivissa en una illa de luxe i de xaboles. Cada vegada hi ha m\u00e9s gent sense una casa on viure, mentre uns pocs s\u2019enriqueixen amb un model tur\u00edstic massificat i descontrolat\u201d. En el Ple extraordinari de debat de pol\u00edtica general de l\u2019illa d\u2019Eivissa, Elena L\u00f3pez ha comen\u00e7at la seva intervenci\u00f3 afirmant que \u201cEivissa cada dia va a pitjor\u201d, i ha criticat durament el discurs de Vicent Mar\u00ed per ser \u201ctriomfalista, allunyat de la realitat i mancat d\u2019autocr\u00edtica\u201d. \u201cEns hem de demanar a quina Eivissa viu, senyor Mar\u00ed. Vost\u00e8 ha sortit al carrer a parlar amb la gent? Vost\u00e8 s\u2019ha demanat si estan millor que fa sis anys? Nosaltres s\u00ed, i la resposta \u00e9s clara: no\u201d, ha assegurat.<\/p>\n<p>La portaveu socialista ha denunciat que \u201camb Vicent Mar\u00ed hem perdut sis anys. No hi ha hagut ni un pas cap endavant en el progr\u00e9s col\u00b7lectiu, en la protecci\u00f3 del territori, en la millora de la mobilitat o en els serveis p\u00fablics\u201d. En aquest sentit, ha qualificat el govern del PP d\u2019\u201cincapa\u00e7 d\u2019oferir solucions reals als problemes reals de la gent\u201d, i ha acusat l\u2019equip de govern de \u201cviure de la propaganda i els titulars buits\u201d.<\/p>\n<p>Entre els exemples, ha recordat l\u2019anunci del \u201cgran pacte social\u201d fet pel mateix Vicent Mar\u00ed en aquest mateix debat fa un any: \u201cQuins resultats ha tengut aquest pacte? Quines mesures s\u2019han impulsat? On \u00e9s? Una altra promesa m\u00e9s que ha quedat en res\u201d, ha retret.<\/p>\n<p>Una illa per a rics i sense futur per a la classe treballadora<br \/>\nElena L\u00f3pez ha posat el focus sobre l\u2019agreujament de les desigualtats socials a Eivissa: \u201cNosaltres veiem cada dia m\u00e9s fam\u00edlies que no arriben a final de mes, m\u00e9s joves que no poden emancipar-se, m\u00e9s persones grans sense els serveis que mereixen. Cada vegada m\u00e9s persones viuen en infrahabitatges o directament en xaboles. Aix\u00f2 no \u00e9s casualitat, \u00e9s conseq\u00fc\u00e8ncia directa de les seves pol\u00edtiques\u201d.<\/p>\n<p>\u201c\u00c9s molt trist veure imatges de desnonaments, fam\u00edlies sense alternativa, gent vivint als marges. I vost\u00e8 encara diu que estan impulsant \u2018accions que resolguin problemes reals\u2019. Qu\u00e8 hi ha de real a fer fora la gent de ca seva sense cap soluci\u00f3?\u201d, ha lamentat.<\/p>\n<p>La portaveu socialista ha advertit que \u201cmentre vost\u00e8s diuen que faran habitatge, el que realment estan impulsant s\u00f3n construccions per a rics i per a segones resid\u00e8ncies\u201d. Ha recordat que amb la reforma del PTI s\u2019aixecar\u00e0 la morat\u00f2ria i es permetran \u201c1.400 noves cases tur\u00edstiques, 400 de les quals en s\u00f2l r\u00fastic\u201d: \u201cAix\u00f2 no \u00e9s habitatge per a la gent, aix\u00f2 \u00e9s destruir el territori i expulsar la poblaci\u00f3 resident\u201d.<\/p>\n<p><strong>Urbanisme i territori: \u201cEl pitjor atemptat territorial en d\u00e8cades\u201d<\/strong><br \/>\nEn mat\u00e8ria d\u2019urbanisme, la portaveu socialista ha denunciat \u201cuna planificaci\u00f3 que amena\u00e7a greument el futur de l\u2019illa\u201d, amb \u201clleis i normes en tramitaci\u00f3 que suposaran el pitjor atemptat territorial que ha patit Eivissa en d\u00e8cades\u201d. Ha acusat el Consell d\u2019actuar \u201csense di\u00e0leg ni consens\u201d, i ha recordat que \u201cquan varen aprovar les ordenances per regular l\u2019entrada de vehicles, ho varen fer tot sols. Ara tenen un problema perqu\u00e8 no han volgut escoltar ning\u00fa\u201d.<\/p>\n<p>Tamb\u00e9 ha denunciat el descontrol en el transport il\u00b7legal: \u201cSi fa sis anys hi havia 600 taxis pirates, ara n\u2019hi ha 1.400. I vost\u00e8s diuen que no n\u2019han trobat cap a l\u2019aeroport? Si fins i tot tenen webs!\u201d, ha criticat. I ha preguntat directament al conseller Mariano Juan: \u201cQuantes inspeccions han fet vost\u00e8s en sis anys a pisos tur\u00edstics il\u00b7legals? Quants n\u2019han tancat? Vost\u00e8s s\u2019omplen la boca, per\u00f2 els resultats s\u00f3n zero\u201d.<\/p>\n<p><strong>Un govern que castiga la classe mitjana<\/strong><br \/>\n\u201cVost\u00e8s estan acabant amb la classe mitjana d\u2019aquesta illa\u201d, ha sentenciat la portaveu del PSOE, recordant que \u201cno hi ha terme mig: o ets ric, o vius en una xabola\u201d. \u201cSi aix\u00f2 no ho veuen, tenim un problema encara m\u00e9s gros\u201d, ha afegit.<br \/>\nTamb\u00e9 ha criticat l\u2019acumulaci\u00f3 de recursos sense utilitzar per part del Consell, mentre reclama m\u00e9s finan\u00e7ament: \u201cAmb 80 milions d\u2019euros als bancs, com poden demanar m\u00e9s finan\u00e7ament? Quan el Govern balear del PP ha perdonat 460 milions en impostos a grans hereus, com poden venir aqu\u00ed a queixar-se?\u201d, ha dit, mostrant la informaci\u00f3 que nom\u00e9s tres hereus s\u2019han estalviat 55 milions cada un gr\u00e0cies a la rebaixa fiscal de Marga Prohens. \u201cQuantes carreteres podrien fer amb aquestos sous?\u201d<\/p>\n<p>La portaveu socialista ha acabat el seu discurs amb un missatge d\u2019alternativa: \u201cNosaltres creiem que una altra Eivissa s\u00ed que \u00e9s possible. Una Eivissa de benestar, de progr\u00e9s compartit, on tothom tingui dret a viure-hi dignament\u201d. Ha reclamat mesures urgents per topar els preus del lloguer, una nova pol\u00edtica d\u2019habitatge, una mobilitat sostenible i un model tur\u00edstic respectu\u00f3s: \u201cNo volem una illa pitjor per als nostres fills. Volem una Eivissa millor\u201d.<\/p>\n<p>Finalment, ha remarcat que \u201cel senyor Mar\u00ed repeteix cada any les mateixes promeses, les mateixes excuses, i cada vegada s\u2019acosta m\u00e9s al discurs de l\u2019extrema dreta\u201d. I ha sentenciat: \u201cNo podem compartir ni el seu balan\u00e7 ni el seu model. Perqu\u00e8 la idea que vost\u00e8s tenen d\u2019Eivissa \u00e9s exactament el contrari del que defensa el Partit Socialista\u201d.<\/p>\n<p><strong>El PP de Vicent Mar\u00ed, sense propostes en habitatge<\/strong><\/p>\n<p>El conseller socialista V\u00edctor Torres ha denunciat durant el debat de les propostes de resoluci\u00f3 del Ple de pol\u00edtica general del Consell Insular l\u2019abs\u00e8ncia total de mesures per part del Partit Popular per fer front al principal problema que pateix Eivissa: l\u2019acc\u00e9s a un habitatge digne.<\/p>\n<p>El PP ha votat en contra de la majoria de les propostes del PSOE en mat\u00e8ria d\u2019habitatge, quedant aprovades nom\u00e9s 2 de les 12 que havia presentat el grup socialista. (vegeu resultat de la votaci\u00f3 de les propostes al final de la nota).<\/p>\n<p>V\u00edctor Torres ha contraposat \u201cdos models d\u2019afrontar els problemes de la nostra illa\u201d. \u201cUn \u00e9s el seu, el del Partit Popular, que ve a aquest ple sense cap proposta per al principal problema de la nostra illa: l\u2019acc\u00e9s a un habitatge digne\u201d, ha afirmat. Davant la inacci\u00f3 del PP, el grup socialista ha presentat un total de dotze propostes centrades en l\u2019habitatge i en la just\u00edcia social.<\/p>\n<p>El conseller ha criticat durament que el PP no hagi tingut ni una sola paraula per a les persones que viuen en assentaments d\u2019infrahabitatges: \u201cS\u2019han oblidat del drama de centenars de persones que viuen en condicions absolutament indignes.\u201d I ha afegit: \u201cEl problema no es resol nom\u00e9s desallotjant o amagant la pobresa. Aix\u00f2 no la fa desapar\u00e8ixer.\u201d<\/p>\n<p>Per al PSOE, aquests assentaments no s\u00f3n casos a\u00efllats, sin\u00f3 \u201cuna expressi\u00f3 clara del frac\u00e0s en mat\u00e8ria d\u2019habitatge\u201d. Torres ha volgut posar \u00e8mfasi en la realitat que hi ha darrere de cada situaci\u00f3 de precarietat: \u201cDarrere cada caravana, cada xabola, cada persona dormint entre runes, hi ha una hist\u00f2ria de desnonament, de falta d\u2019alternatives, de vulnerabilitat extrema.\u201d<\/p>\n<p>El PSOE ha denunciat tamb\u00e9 la par\u00e0lisi absoluta del Consell Insular: \u201cNo hi ha cap proposta concreta, cap pla de coordinaci\u00f3 amb ajuntaments, cap mapa d\u2019actuaci\u00f3 priorit\u00e0ria, cap mesura real per evitar que aquestes situacions segueixin creixent\u201d, ha lamentat Torres.<\/p>\n<p>El grup socialista ha reclamat accions valentes, coordinaci\u00f3 institucional i comprom\u00eds pol\u00edtic per posar fi a aquesta situaci\u00f3 de greu emerg\u00e8ncia social. \u201cEl nostre model \u00e9s clar: no giram la cara davant la realitat, hi feim front amb propostes i comprom\u00eds\u201d, ha concl\u00f2s Torres.<\/p>\n<p><strong>A\u00edda Alcaraz denuncia l\u2019abandonament de les pol\u00edtiques socials per part del Consell de Vicent Mar\u00ed<\/strong><\/p>\n<p>La consellera socialista A\u00edda Alcaraz ha defensat la resta propostes del PSOE, explicant que \u201ccom a representants de l\u2019esquerra creim fermament en la necessitat de construir una Eivissa justa, equitativa, solid\u00e0ria i sostenible, on les oportunitats no siguin privilegis, sin\u00f3 drets universals\u201d.<br \/>\nAlcaraz ha afirmat que \u201cuna societat es mesura per com tracta els seus membres m\u00e9s vulnerables\u201d i ha remarcat que aquesta \u00e9s la convicci\u00f3 amb qu\u00e8 el PSOE ha presentat les seves propostes. Davant l\u2019abs\u00e8ncia de mesures concretes del PP, ha exigit una resposta decidida: \u201cLa realitat social de la nostra illa ens exigeix una resposta valenta i compromesa, que no hem trobat en les propostes del Partit Popular.\u201d<\/p>\n<p>La consellera ha denunciat la situaci\u00f3 insostenible de les resid\u00e8ncies d\u2019Eivissa: \u201cNo podem mirar cap a una altra banda quan les persones majors veuen afectada la seva qualitat de vida i la seva dignitat per les llargues llistes d\u2019espera, la manca de personal, les den\u00fancies constants de fam\u00edlies i usuaris, i unes condicions laborals deficients.\u201d<br \/>\nAlcaraz tamb\u00e9 ha expressat la seva preocupaci\u00f3 per la situaci\u00f3 dels menors migrants no acompanyats, i ha criticat el discurs del president del Consell i l\u2019actitud dels governs auton\u00f2mics del PP, \u201cque avui han sabotejat la reuni\u00f3 sectorial d\u2019inf\u00e0ncia i adolesc\u00e8ncia, demostrant un cop m\u00e9s com poc els importa la situaci\u00f3 d\u2019aquests menors\u201d.<br \/>\nLa consellera del PSOE tamb\u00e9 s\u2019ha referit a l\u2019incompliment del PP del Consell de crear el centre de crisi 24 hores d\u2019atenci\u00f3 a dones v\u00edctimes d\u2019agressions sexuals, deixant perdre una subvenci\u00f3 europea de 550.000 euros i a pesar que la seua creaci\u00f3 \u00e9s obligat\u00f2ria per la nova llei estatal contra la viol\u00e8ncia de g\u00e8nere.<\/p>\n<p>Finalment, la consellera socialista ha remarcat la necessitat de repensar el model econ\u00f2mic de l\u2019illa: \u201c\u00c9s imprescindible diversificar l\u2019economia i reduir la pressi\u00f3 insostenible sobre el territori. El turisme \u00e9s vital, per\u00f2 ha de ser m\u00e9s just i respectu\u00f3s amb la vida dels residents.\u201d<br \/>\n\u201cEl nostre model aposta per una Eivissa on l&#8217;especulaci\u00f3 no guanyi terreny a l&#8217;habitatge digne, on el territori sigui protegit per a les futures generacions i on els serveis p\u00fablics siguin el pilar d\u2019una societat cohesionada\u201d.<\/p>\n<p><strong>PROPOSTES DE RESOLUCI\u00d3 DEL GRUP PSOE AL PLE DE DEBAT DE POL\u00cdTICA GENERAL DEL CONSELL INSULAR D\u2019EIVISSA 17 DE JULIOL DE 2025 <\/strong><\/p>\n<p>El Ple del Consell Insular d\u2019Eivissa insta l\u2019Executiu a aplicar, a partir de l\u2019any 2026, una limitaci\u00f3 efectiva de l\u2019entrada de vehicles de motor a l\u2019illa, amb una proposta que fixi els l\u00edmits per sota de les xifres de saturaci\u00f3 extrema establertes pels estudis encarregats pel mateix Consell Insular d\u2019Eivissa, que inclogui les motocicletes i que compti amb tots els mitjans humans i t\u00e8cnics necessaris per garantir un control efectiu de la regulaci\u00f3. REBUTJADA<\/p>\n<p>El Ple del Consell Insular d\u2019Eivissa insta l\u2019Executiu a posar en marxa, amb car\u00e0cter urgent, el Consorci de Mobilitat d\u2019Eivissa previst en la normativa vigent, amb l\u2019objectiu de coordinar de manera efectiva les pol\u00edtiques de transport entre les diferents administracions competents, dotant-ho dels recursos t\u00e8cnics i humans necessaris. REBUTJADA<\/p>\n<p>El Ple del Consell Insular d\u2019Eivissa insta l\u2019Executiu a impulsar amb urg\u00e8ncia l\u2019elaboraci\u00f3 i aprovaci\u00f3 del Pla de Mobilitat Sostenible de l\u2019illa d\u2019Eivissa, garantint la participaci\u00f3 activa de la ciutadania i dels sectors implicats, dotant el proc\u00e9s dels recursos t\u00e8cnics i humans necessaris, i informant peri\u00f2dicament el Ple sobre la seva evoluci\u00f3, amb el m\u00e0xim de transpar\u00e8ncia. REBUTJADA<\/p>\n<p>El Ple del Consell Insular d\u2019Eivissa insta l\u2019Executiu a qu\u00e8, en el marc de la Comissi\u00f3 de Consells i amb el consens d&#8217;aquests, s\u2019estableixi un mecanisme objectiu i transparent per al c\u00e0lcul dels costos reals dels serveis de mobilitat transferits. Aquest c\u00e0lcul haur\u00e0 de garantir que tant la dotaci\u00f3 econ\u00f2mica assignada al Consell de Mallorca com les transfer\u00e8ncies als Consells de<br \/>\nMenorca, Eivissa i Formentera responguin als mateixos criteris t\u00e8cnics i par\u00e0metres econ\u00f2mics, assegurant una distribuci\u00f3 equitativa i ajustada a les necessitats reals de cada illa. APROVADA<\/p>\n<p>El Ple del Consell Insular d&#8217;Eivissa insta l\u2019Executiu a garantir la gratu\u00eftat del transport p\u00fablic per als residents m\u00e9s enll\u00e0 de 2025, apostant per un servei gratu\u00eft, universal i de qualitat, considerant-lo un dret social i una eina fonamental per reduir la depend\u00e8ncia del vehicle privat. REBUTJADA<\/p>\n<p>El Ple del Consell Insular d\u2019Eivissa insta l\u2019Executiu a posar en marxa, amb car\u00e0cter urgent, el Pla Integral d\u2019Adequaci\u00f3 de Parades d\u2019Autob\u00fas, complint tots els criteris d\u2019accessibilitat i qualitat del servei, incloent-hi la dotaci\u00f3 de serveis per a persones amb discapacitat, la senyalitzaci\u00f3 vertical, la informaci\u00f3 en temps real, la visibilitat, la il\u00b7luminaci\u00f3, la instal\u00b7laci\u00f3 de marquesines, la millora dels espais de parada i la incorporaci\u00f3 d\u2019aparcabicicletes. APROVADA<\/p>\n<p>El Ple del Consell Insular d\u2019Eivissa insta l\u2019Executiu a iniciar les gestions oportunes davant el Govern de les Illes Balears per tal de sol\u00b7licitar la transfer\u00e8ncia de la compet\u00e8ncia en mat\u00e8ria de gesti\u00f3 dels recursos h\u00eddrics a l\u2019\u00e0mbit insular. Aquesta transfer\u00e8ncia haur\u00e0 d\u2019anar acompanyada d\u2019un pla de finan\u00e7ament suficient que asseguri els recursos humans, t\u00e8cnics i materials necessaris. APROVADA<\/p>\n<p>El Ple del Consell Insular d\u2019Eivissa insta l\u2019Executiu a impulsar la creaci\u00f3 d\u2019una Ag\u00e8ncia Insular de l\u2019Aigua per gestionar de manera integral i sostenible el cicle de l\u2019aigua a l\u2019illa, amb participaci\u00f3 dels ajuntaments, agents socials, ambientals i cient\u00edfics. REBUTJADA<\/p>\n<p>El Ple del Consell Insular d\u2019Eivissa insta l\u2019Executiu a promoure l\u2019elaboraci\u00f3 d\u2019un Pla Hidrol\u00f2gic Insular, que serveixi com a eina estrat\u00e8gica per a la planificaci\u00f3, gesti\u00f3 i seguiment del conjunt dels recursos h\u00eddrics de l\u2019illa. Aquest pla haur\u00e0 d\u2019incloure un diagn\u00f2stic rigor\u00f3s de la situaci\u00f3 actual, identificar riscos i oportunitats, i establir mesures concretes i calendaritzades per garantir la sostenibilitat h\u00eddrica d\u2019Eivissa a mitj\u00e0 i llarg termini. REBUTJADA<\/p>\n<p>El Ple del Consell Insular d\u2019Eivissa insta l&#8217;Executiu a dur a terme, amb car\u00e0cter urgent, les inversions necess\u00e0ries i aplicar les mesures t\u00e8cniques i de gesti\u00f3 adequades per corregir les defici\u00e8ncies detectades en el disseny i funcionament de les instal\u00b7lacions de tractament de residus de Ca na Putxa, amb l\u2019objectiu de garantir l\u2019efici\u00e8ncia operativa, reduir les emissions d\u2019olors i eliminar les mol\u00e8sties que afecten greument la qualitat de vida de la ciutadania de les zones properes. APROVADA<\/p>\n<p>El Ple del Consell Insular d\u2019Eivissa insta l\u2019Executiu a sol\u00b7licitar al Govern de les Illes Balears l\u2019elaboraci\u00f3, en el termini m\u00e0xim de dotze mesos i amb la participaci\u00f3 efectiva dels consells insulars i ajuntaments, un Pla Auton\u00f2mic Integral de Prevenci\u00f3 i Gesti\u00f3 de Residus, d\u2019aplicaci\u00f3 coordinada a tot el territori balear, d&#8217;acord amb la normativa vigent. REBUTJADA<\/p>\n<p>El Ple del Consell Insular d\u2019Eivissa insta l\u2019Executiu a establir un pla d\u2019actuaci\u00f3 per al Servei de prevenci\u00f3 i extinci\u00f3 d\u2019incendis que inclogui la renovaci\u00f3 d\u2019equipaments, materials i de tota la flota de vehicles dels Bombers d\u2019Eivissa, aix\u00ed com la construcci\u00f3 de dos subparcs de Bombers al nord i sud de l\u2019illa que faciliti una prevenci\u00f3 i una r\u00e0pida resposta davant un incendi. APROVADA<\/p>\n<p>El Ple del Consell Insular d\u2019Eivissa insta l\u2019Executiu a assumir amb urg\u00e8ncia la gesti\u00f3 directa de les resid\u00e8ncies p\u00fabliques Can Blai, Can Raspalls i Cas Serres, i a exigir al Govern balear la dotaci\u00f3 econ\u00f2mica suficient i immediata per al trasp\u00e0s, d\u2019acord amb les compet\u00e8ncies legals i amb criteris objectius, transparents i actualitzats. REBUTJADA<\/p>\n<p>El Ple del Consell Insular d\u2019Eivissa insta l\u2019Executiu i els ajuntaments de l\u2019illa d\u2019Eivissa a identificar i posar a disposici\u00f3 terrenys aptes per a la construcci\u00f3 de resid\u00e8ncies p\u00fabliques, mitjan\u00e7ant cessi\u00f3 gratu\u00efta o convenis interadministratius, afavorint aix\u00ed el desenvolupament territorial equilibrat d\u2019aquestes infraestructures. REBUTJADA<\/p>\n<p>El Ple del Consell Insular d\u2019Eivissa insta l\u2019Executiu a assumir la seva responsabilitat i posar a disposicio\u0301 menors migrants no acompanyats itineraris d\u2019inclusio\u0301 que garanteixin la seua salut fi\u0301sica i mental, la seva educacio\u0301 i formacio\u0301 professional i la seva inclusio\u0301 social, me\u0301s enlla\u0300 de la mera atencio\u0301 en una situacio\u0301 d\u2019emerge\u0300ncia. APROVADA<\/p>\n<p>El Ple del Consell Insular d\u2019Eivissa insta l\u2019Executiu a impulsar i coordinar, en col\u00b7laboracio\u0301 amb l\u2019Executiu autono\u0300mic, la creacio\u0301 d\u2019alternatives residencials dignes per als joves ex tutelats. Aquestes alternatives, com pisos tutelats o recursos amb acompanyament social i formatiu, han de garantir una transicio\u0301 segura i efectiva cap a la vida auto\u0300noma i la plena insercio\u0301 social. APROVADA<\/p>\n<p>El Ple del Consell Insular d\u2019Eivissa insta el Govern de les Illes Balears a refor\u00e7ar i garantir l&#8217;acc\u00e9s al primer habitatge per als joves residents a Eivissa mitjan\u00e7ant una s\u00e8rie de mesures actives i efectives: l&#8217;establiment de drets de compra preferent per a menors de 35 anys en promocions p\u00fabliques o protegides, la creaci\u00f3 de programes de lloguer social per a aquells que inicien la seva vida laboral, i la implementaci\u00f3 d&#8217;ajudes directes per a la compra o el lloguer. APROVADA<\/p>\n<p>El Ple del Consell Insular d\u2019Eivissa insta el Govern de les Illes Balears que endureixi la Llei de l\u2019Habitatge de les Illes Balears perqu\u00e8 contempli la cessi\u00f3 obligat\u00f2ria a la gesti\u00f3 p\u00fablica per al lloguer assequible dels habitatges que s\u2019estiguin dedicant al lloguer tur\u00edstic il\u00b7legal. REBUTJADA<\/p>\n<p>El Ple del Consell Insular d\u2019Eivissa insta l\u2019Executiu, als ajuntaments de l\u2019illa d\u2019Eivissa i al Govern de les Illes Balears a l\u2019adopci\u00f3 de les noves t\u00e8cniques innovadores de construcci\u00f3 d\u2019habitatges industrialitzats i modulars en la creaci\u00f3 d\u2019habitatge p\u00fablic de lloguer, juntament amb una agilitzaci\u00f3 dels processos de licitaci\u00f3 i d\u2019obtenci\u00f3 de llic\u00e8ncies. APROVADA<\/p>\n<p>El Ple del Consell Insular d\u2019Eivissa insta l\u2019Executiu a la compra d\u2019habitatges a gran escala a grans tenidors seguint el model recentment aplicat a Catalunya, promovent la remodelaci\u00f3 d\u2019actius tur\u00edstics obsolets, edificis inacabats, en des\u00fas o obsolets per a l\u2019ampliaci\u00f3 del parc p\u00fablic d\u2019habitatge de lloguer assequible. REBUTJADA<\/p>\n<p>El Ple del Consell Insular d\u2019Eivissa insta l\u2019Executiu a establir mecanismes legals perqu\u00e8 les institucions p\u00fabliques gaudeixin de drets prioritaris de compra sobre habitatge i s\u00f2ls per tal d&#8217;augmentar de forma r\u00e0pida i efectiva els actius immobiliaris que es poden dedicar a habitatge assequible. REBUTJADA<\/p>\n<p>El Ple del Consell Insular d\u2019Eivissa insta l\u2019Executiu a augmentar els mecanismes d\u2019emerg\u00e8ncia social enfront del fenomen dels assentaments d\u2019infrahabitatges per atendre aquests casos oferint alternativa residencial d\u2019emerg\u00e8ncia. REBUTJADA<\/p>\n<p>El Ple del Consell Insular d\u2019Eivissa insta el Govern de les Illes Balears a defensar i refor\u00e7ar els mecanismes de l\u2019administraci\u00f3 per detectar, denunciar i suprimir pr\u00e0ctiques abusives per part de particulars o empreses que, aprofitant-se de la vulnerabilitat i alta necessitat de determinades fam\u00edlies d\u2019accedir a un habitatge, els cobren comissions i preus abusius alhora que els imposen condicions contractuals que en moltes ocasions suposen un clar ab\u00fas. REBUTJADA<\/p>\n<p>El Ple del Consell Insular d\u2019Eivissa insta el Govern de les Illes Balears a regular el r\u00e8gim de lloguer d&#8217;habitacions. Fer-ho amb garanties i una regulaci\u00f3 m\u00ednima per a evitar els abusos que es poden donar avui davant la falta de regulaci\u00f3. REBUTJADA<\/p>\n<p>El Ple del Consell Insular d\u2019Eivissa insta el Govern de les Illes Balears a regular la compravenda d\u2019habitatges als no residents a l\u2019illa d\u2019Eivissa, at\u00e8s que en el nostre territori concorren les circumst\u00e0ncies que podrien justificar aquesta mesura: insularitat, sobrepoblaci\u00f3 i tensi\u00f3 demogr\u00e0fica provocada pel turisme i l\u2019especulaci\u00f3. REBUTJADA<\/p>\n<p>El Ple del Consell Insular d\u2019Eivissa insta l\u2019Executiu a la prohibici\u00f3 de construcci\u00f3 d\u2019habitatge de luxe, fins a assolir els objectius d\u2019habitatges a preu assequible. REBUTJADA<\/p>\n<p>El Ple del Consell Insular d\u2019Eivissa insta l\u2019Executiu a posar en marxa de manera immediata el Centre de crisis 24 hores per a les v\u00edctimes de viol\u00e8ncia sexual. Aquest centre facilitar\u00e0 l\u2019atenci\u00f3 psicol\u00f2gica, jur\u00eddica i social per a v\u00edctimes de viol\u00e8ncia sexual, els familiars i les persones de l\u2019entorn, aix\u00ed com atenci\u00f3 telef\u00f2nica, telem\u00e0tica i presencial les 24 hores del dia, cada dia de l\u2019any. APROVADA<\/p>\n<p>El Ple del Consell Insular d\u2019Eivissa insta l\u2019Executiu insular a la retirada de la Modificaci\u00f3 2 del PTI, ja que permet l\u2019autoritzaci\u00f3 d\u2019un total de 1.363 noves cases tur\u00edstiques, de les quals 424 serien en espais protegits, construcci\u00f3 de 320 noves cases al camp en nom\u00e9s 10 anys, legalitzaci\u00f3 de les \u201cdiscoteques\u201d constru\u00efdes en soterranis de cases, incrementar els par\u00e0metres de construcci\u00f3 i facilitar les condicions de parcel\u00b7laci\u00f3 per poder construir en s\u00f2l r\u00fastic. REBUTJADA<\/p>\n<p>El Ple del Consell d\u2019Eivissa insta l\u2019Executiu a treballar cap a un pla d\u2019extincio\u0301 progressiva del lloguer turi\u0301stic residencial sempre que es mantinguin les condicions de territori de mercat residencial tensat. REBUTJADA<\/p>\n<p>El Ple del Consell Insular d\u2019Eivissa insta l\u2019Executiu a establir un Pla Estrat\u00e8gic d\u2019infraestructures i espais p\u00fablics, urbans i naturals, susceptibles de ser utilitzats per a la pr\u00e0ctica de l\u2019activitat f\u00edsica, consensuat amb els t\u00e8cnics de la pr\u00e0ctica esportiva, i on es recullin les actuacions necess\u00e0ries a realitzar a mitj\u00e0 i llarg termini, la seva prioritzaci\u00f3, aix\u00ed com les condicions m\u00ednimes que les instal\u00b7lacions han de reunir per assegurar l\u2019accessibilitat i la inclusivitat dels esportistes. REBUTJADA<\/p>\n<p>El Ple del Consell d\u2019Eivissa insta l\u2019Executiu a consolidar i millorar una xarxa d\u2019itineraris esportius a l\u2019aire lliure \u2014 senderisme, trail running, bicicleta de muntanya (BTT) i circuits saludables\u2014 integrada en la planificacio\u0301 urbani\u0301stica i en les poli\u0301tiques de mobilitat sostenible i conservacio\u0301 del territori. Aquests espais han d\u2019esdevenir una eina de salut comunita\u0300ria, dinamitzacio\u0301 local i vertebracio\u0301 social entre entorns urbans i rurals. REBUTJADA<\/p>\n<p>El Ple del Consell Insular d\u2019Eivissa insta les institucions de les Illes Balears a la defensa del patrimoni, cultura i els trets culturals propis garantint la defensa i promocio\u0301 de la llengua i la cultura pro\u0300pies de la Comunitat com a elements de cohesio\u0301 i identitat. APROVADA<\/p>\n","protected":false},"excerpt":{"rendered":"<p>La portaveu del Grup PSOE al Consell Insular d\u2019Eivissa, Elena L\u00f3pez Bonet, denunciat que Vicent Mar\u00ed \u201cest\u00e0 convertint Eivissa en una illa de luxe i de xaboles. Cada vegada hi ha m\u00e9s gent sense una casa on viure, mentre uns pocs s\u2019enriqueixen amb un model tur\u00edstic massificat i descontrolat\u201d. En el Ple extraordinari de debat&hellip;<\/p>\n","protected":false},"author":1,"featured_media":41018,"comment_status":"closed","ping_status":"closed","sticky":false,"template":"","format":"standard","meta":{"footnotes":""},"categories":[192,1],"tags":[],"class_list":["post-41016","post","type-post","status-publish","format-standard","has-post-thumbnail","hentry","category-consell-deivissa","category-federacio-de-eivissa-portada"],"yoast_head":"<!-- This site is optimized with the Yoast SEO plugin v26.9 - https:\/\/yoast.com\/product\/yoast-seo-wordpress\/ -->\n<title>\u201cVicent Mar\u00ed est\u00e0 convertint Eivissa en una illa de luxe i de xaboles\u201d. La portaveu socialista, Elena L\u00f3pez Bonet, carrega contra el balan\u00e7 \u201ctriomfalista i buit\u201d de Vicent Mar\u00ed i denuncia sis anys de govern del PP que han empitjorat la vida de la ciutadania. - Federaci\u00f3 Socialista d&#039;Eivissa<\/title>\n<meta name=\"robots\" content=\"index, follow, max-snippet:-1, max-image-preview:large, max-video-preview:-1\" \/>\n<link rel=\"canonical\" href=\"https:\/\/www.psib-psoe.org\/eivissa\/vicent-mari-esta-convertint-eivissa-en-una-illa-de-luxe-i-de-xaboles-la-portaveu-socialista-elena-lopez-bonet-carrega-contra-el-balanc-triomfalista-i-buit-de-vic\/\" \/>\n<meta property=\"og:locale\" content=\"ca_ES\" \/>\n<meta property=\"og:type\" content=\"article\" \/>\n<meta property=\"og:title\" content=\"\u201cVicent Mar\u00ed est\u00e0 convertint Eivissa en una illa de luxe i de xaboles\u201d. La portaveu socialista, Elena L\u00f3pez Bonet, carrega contra el balan\u00e7 \u201ctriomfalista i buit\u201d de Vicent Mar\u00ed i denuncia sis anys de govern del PP que han empitjorat la vida de la ciutadania. - Federaci\u00f3 Socialista d&#039;Eivissa\" \/>\n<meta property=\"og:description\" content=\"La portaveu del Grup PSOE al Consell Insular d\u2019Eivissa, Elena L\u00f3pez Bonet, denunciat que Vicent Mar\u00ed \u201cest\u00e0 convertint Eivissa en una illa de luxe i de xaboles. Cada vegada hi ha m\u00e9s gent sense una casa on viure, mentre uns pocs s\u2019enriqueixen amb un model tur\u00edstic massificat i descontrolat\u201d. En el Ple extraordinari de debat&hellip;\" \/>\n<meta property=\"og:url\" content=\"https:\/\/www.psib-psoe.org\/eivissa\/vicent-mari-esta-convertint-eivissa-en-una-illa-de-luxe-i-de-xaboles-la-portaveu-socialista-elena-lopez-bonet-carrega-contra-el-balanc-triomfalista-i-buit-de-vic\/\" \/>\n<meta property=\"og:site_name\" content=\"Federaci\u00f3 Socialista d&#039;Eivissa\" \/>\n<meta property=\"article:published_time\" content=\"2025-07-17T12:24:41+00:00\" \/>\n<meta property=\"article:modified_time\" content=\"2025-07-17T12:40:59+00:00\" \/>\n<meta property=\"og:image\" content=\"https:\/\/www.psib-psoe.org\/eivissa\/wp-content\/uploads\/img_4981-1.jpg\" \/>\n\t<meta property=\"og:image:width\" content=\"2000\" \/>\n\t<meta property=\"og:image:height\" content=\"1500\" \/>\n\t<meta property=\"og:image:type\" content=\"image\/jpeg\" \/>\n<meta name=\"author\" content=\"adminpsib\" \/>\n<meta name=\"twitter:card\" content=\"summary_large_image\" \/>\n<meta name=\"twitter:label1\" content=\"Escrit per\" \/>\n\t<meta name=\"twitter:data1\" content=\"adminpsib\" \/>\n\t<meta name=\"twitter:label2\" content=\"Temps estimat de lectura\" \/>\n\t<meta name=\"twitter:data2\" content=\"19 minuts\" \/>\n<script type=\"application\/ld+json\" class=\"yoast-schema-graph\">{\"@context\":\"https:\/\/schema.org\",\"@graph\":[{\"@type\":[\"Article\",\"BlogPosting\"],\"@id\":\"https:\/\/www.psib-psoe.org\/eivissa\/vicent-mari-esta-convertint-eivissa-en-una-illa-de-luxe-i-de-xaboles-la-portaveu-socialista-elena-lopez-bonet-carrega-contra-el-balanc-triomfalista-i-buit-de-vic\/#article\",\"isPartOf\":{\"@id\":\"https:\/\/www.psib-psoe.org\/eivissa\/vicent-mari-esta-convertint-eivissa-en-una-illa-de-luxe-i-de-xaboles-la-portaveu-socialista-elena-lopez-bonet-carrega-contra-el-balanc-triomfalista-i-buit-de-vic\/\"},\"author\":{\"name\":\"adminpsib\",\"@id\":\"https:\/\/www.psib-psoe.org\/eivissa\/#\/schema\/person\/099ab3ef73a3645a1d7f303518e6ce24\"},\"headline\":\"\u201cVicent Mar\u00ed est\u00e0 convertint Eivissa en una illa de luxe i de xaboles\u201d. La portaveu socialista, Elena L\u00f3pez Bonet, carrega contra el balan\u00e7 \u201ctriomfalista i buit\u201d de Vicent Mar\u00ed i denuncia sis anys de govern del PP que han empitjorat la vida de la ciutadania.\",\"datePublished\":\"2025-07-17T12:24:41+00:00\",\"dateModified\":\"2025-07-17T12:40:59+00:00\",\"mainEntityOfPage\":{\"@id\":\"https:\/\/www.psib-psoe.org\/eivissa\/vicent-mari-esta-convertint-eivissa-en-una-illa-de-luxe-i-de-xaboles-la-portaveu-socialista-elena-lopez-bonet-carrega-contra-el-balanc-triomfalista-i-buit-de-vic\/\"},\"wordCount\":3858,\"publisher\":{\"@id\":\"https:\/\/www.psib-psoe.org\/eivissa\/#organization\"},\"image\":{\"@id\":\"https:\/\/www.psib-psoe.org\/eivissa\/vicent-mari-esta-convertint-eivissa-en-una-illa-de-luxe-i-de-xaboles-la-portaveu-socialista-elena-lopez-bonet-carrega-contra-el-balanc-triomfalista-i-buit-de-vic\/#primaryimage\"},\"thumbnailUrl\":\"https:\/\/www.psib-psoe.org\/eivissa\/wp-content\/uploads\/img_4981-1.jpg\",\"articleSection\":[\"Consell d'Eivissa\",\"Federaci\u00f3 d'Eivissa - Portada\"],\"inLanguage\":\"ca\"},{\"@type\":\"WebPage\",\"@id\":\"https:\/\/www.psib-psoe.org\/eivissa\/vicent-mari-esta-convertint-eivissa-en-una-illa-de-luxe-i-de-xaboles-la-portaveu-socialista-elena-lopez-bonet-carrega-contra-el-balanc-triomfalista-i-buit-de-vic\/\",\"url\":\"https:\/\/www.psib-psoe.org\/eivissa\/vicent-mari-esta-convertint-eivissa-en-una-illa-de-luxe-i-de-xaboles-la-portaveu-socialista-elena-lopez-bonet-carrega-contra-el-balanc-triomfalista-i-buit-de-vic\/\",\"name\":\"\u201cVicent Mar\u00ed est\u00e0 convertint Eivissa en una illa de luxe i de xaboles\u201d. La portaveu socialista, Elena L\u00f3pez Bonet, carrega contra el balan\u00e7 \u201ctriomfalista i buit\u201d de Vicent Mar\u00ed i denuncia sis anys de govern del PP que han empitjorat la vida de la ciutadania. - Federaci\u00f3 Socialista d&#039;Eivissa\",\"isPartOf\":{\"@id\":\"https:\/\/www.psib-psoe.org\/eivissa\/#website\"},\"primaryImageOfPage\":{\"@id\":\"https:\/\/www.psib-psoe.org\/eivissa\/vicent-mari-esta-convertint-eivissa-en-una-illa-de-luxe-i-de-xaboles-la-portaveu-socialista-elena-lopez-bonet-carrega-contra-el-balanc-triomfalista-i-buit-de-vic\/#primaryimage\"},\"image\":{\"@id\":\"https:\/\/www.psib-psoe.org\/eivissa\/vicent-mari-esta-convertint-eivissa-en-una-illa-de-luxe-i-de-xaboles-la-portaveu-socialista-elena-lopez-bonet-carrega-contra-el-balanc-triomfalista-i-buit-de-vic\/#primaryimage\"},\"thumbnailUrl\":\"https:\/\/www.psib-psoe.org\/eivissa\/wp-content\/uploads\/img_4981-1.jpg\",\"datePublished\":\"2025-07-17T12:24:41+00:00\",\"dateModified\":\"2025-07-17T12:40:59+00:00\",\"breadcrumb\":{\"@id\":\"https:\/\/www.psib-psoe.org\/eivissa\/vicent-mari-esta-convertint-eivissa-en-una-illa-de-luxe-i-de-xaboles-la-portaveu-socialista-elena-lopez-bonet-carrega-contra-el-balanc-triomfalista-i-buit-de-vic\/#breadcrumb\"},\"inLanguage\":\"ca\",\"potentialAction\":[{\"@type\":\"ReadAction\",\"target\":[\"https:\/\/www.psib-psoe.org\/eivissa\/vicent-mari-esta-convertint-eivissa-en-una-illa-de-luxe-i-de-xaboles-la-portaveu-socialista-elena-lopez-bonet-carrega-contra-el-balanc-triomfalista-i-buit-de-vic\/\"]}]},{\"@type\":\"ImageObject\",\"inLanguage\":\"ca\",\"@id\":\"https:\/\/www.psib-psoe.org\/eivissa\/vicent-mari-esta-convertint-eivissa-en-una-illa-de-luxe-i-de-xaboles-la-portaveu-socialista-elena-lopez-bonet-carrega-contra-el-balanc-triomfalista-i-buit-de-vic\/#primaryimage\",\"url\":\"https:\/\/www.psib-psoe.org\/eivissa\/wp-content\/uploads\/img_4981-1.jpg\",\"contentUrl\":\"https:\/\/www.psib-psoe.org\/eivissa\/wp-content\/uploads\/img_4981-1.jpg\",\"width\":2000,\"height\":1500},{\"@type\":\"BreadcrumbList\",\"@id\":\"https:\/\/www.psib-psoe.org\/eivissa\/vicent-mari-esta-convertint-eivissa-en-una-illa-de-luxe-i-de-xaboles-la-portaveu-socialista-elena-lopez-bonet-carrega-contra-el-balanc-triomfalista-i-buit-de-vic\/#breadcrumb\",\"itemListElement\":[{\"@type\":\"ListItem\",\"position\":1,\"name\":\"Inici\",\"item\":\"https:\/\/www.psib-psoe.org\/eivissa\/\"},{\"@type\":\"ListItem\",\"position\":2,\"name\":\"\u201cVicent Mar\u00ed est\u00e0 convertint Eivissa en una illa de luxe i de xaboles\u201d. La portaveu socialista, Elena L\u00f3pez Bonet, carrega contra el balan\u00e7 \u201ctriomfalista i buit\u201d de Vicent Mar\u00ed i denuncia sis anys de govern del PP que han empitjorat la vida de la ciutadania.\"}]},{\"@type\":\"WebSite\",\"@id\":\"https:\/\/www.psib-psoe.org\/eivissa\/#website\",\"url\":\"https:\/\/www.psib-psoe.org\/eivissa\/\",\"name\":\"Federaci\u00f3 Socialista d'Eivissa\",\"description\":\"Socialistes d&#039;Eivissa\",\"publisher\":{\"@id\":\"https:\/\/www.psib-psoe.org\/eivissa\/#organization\"},\"potentialAction\":[{\"@type\":\"SearchAction\",\"target\":{\"@type\":\"EntryPoint\",\"urlTemplate\":\"https:\/\/www.psib-psoe.org\/eivissa\/?s={search_term_string}\"},\"query-input\":{\"@type\":\"PropertyValueSpecification\",\"valueRequired\":true,\"valueName\":\"search_term_string\"}}],\"inLanguage\":\"ca\"},{\"@type\":\"Organization\",\"@id\":\"https:\/\/www.psib-psoe.org\/eivissa\/#organization\",\"name\":\"Federaci\u00f3 Socialista d'Eivissa\",\"url\":\"https:\/\/www.psib-psoe.org\/eivissa\/\",\"logo\":{\"@type\":\"ImageObject\",\"inLanguage\":\"ca\",\"@id\":\"https:\/\/www.psib-psoe.org\/eivissa\/#\/schema\/logo\/image\/\",\"url\":\"https:\/\/www.psib-psoe.org\/eivissa\/wp-content\/uploads\/LOGO-FSE-SOCIALISTA-DEIVISSA-HORI.png\",\"contentUrl\":\"https:\/\/www.psib-psoe.org\/eivissa\/wp-content\/uploads\/LOGO-FSE-SOCIALISTA-DEIVISSA-HORI.png\",\"width\":6000,\"height\":3104,\"caption\":\"Federaci\u00f3 Socialista d'Eivissa\"},\"image\":{\"@id\":\"https:\/\/www.psib-psoe.org\/eivissa\/#\/schema\/logo\/image\/\"}},{\"@type\":\"Person\",\"@id\":\"https:\/\/www.psib-psoe.org\/eivissa\/#\/schema\/person\/099ab3ef73a3645a1d7f303518e6ce24\",\"name\":\"adminpsib\",\"url\":\"https:\/\/www.psib-psoe.org\/eivissa\/author\/adminpsib\/\"}]}<\/script>\n<!-- \/ Yoast SEO plugin. -->","yoast_head_json":{"title":"\u201cVicent Mar\u00ed est\u00e0 convertint Eivissa en una illa de luxe i de xaboles\u201d. La portaveu socialista, Elena L\u00f3pez Bonet, carrega contra el balan\u00e7 \u201ctriomfalista i buit\u201d de Vicent Mar\u00ed i denuncia sis anys de govern del PP que han empitjorat la vida de la ciutadania. - Federaci\u00f3 Socialista d&#039;Eivissa","robots":{"index":"index","follow":"follow","max-snippet":"max-snippet:-1","max-image-preview":"max-image-preview:large","max-video-preview":"max-video-preview:-1"},"canonical":"https:\/\/www.psib-psoe.org\/eivissa\/vicent-mari-esta-convertint-eivissa-en-una-illa-de-luxe-i-de-xaboles-la-portaveu-socialista-elena-lopez-bonet-carrega-contra-el-balanc-triomfalista-i-buit-de-vic\/","og_locale":"ca_ES","og_type":"article","og_title":"\u201cVicent Mar\u00ed est\u00e0 convertint Eivissa en una illa de luxe i de xaboles\u201d. La portaveu socialista, Elena L\u00f3pez Bonet, carrega contra el balan\u00e7 \u201ctriomfalista i buit\u201d de Vicent Mar\u00ed i denuncia sis anys de govern del PP que han empitjorat la vida de la ciutadania. - Federaci\u00f3 Socialista d&#039;Eivissa","og_description":"La portaveu del Grup PSOE al Consell Insular d\u2019Eivissa, Elena L\u00f3pez Bonet, denunciat que Vicent Mar\u00ed \u201cest\u00e0 convertint Eivissa en una illa de luxe i de xaboles. Cada vegada hi ha m\u00e9s gent sense una casa on viure, mentre uns pocs s\u2019enriqueixen amb un model tur\u00edstic massificat i descontrolat\u201d. En el Ple extraordinari de debat&hellip;","og_url":"https:\/\/www.psib-psoe.org\/eivissa\/vicent-mari-esta-convertint-eivissa-en-una-illa-de-luxe-i-de-xaboles-la-portaveu-socialista-elena-lopez-bonet-carrega-contra-el-balanc-triomfalista-i-buit-de-vic\/","og_site_name":"Federaci\u00f3 Socialista d&#039;Eivissa","article_published_time":"2025-07-17T12:24:41+00:00","article_modified_time":"2025-07-17T12:40:59+00:00","og_image":[{"width":2000,"height":1500,"url":"https:\/\/www.psib-psoe.org\/eivissa\/wp-content\/uploads\/img_4981-1.jpg","type":"image\/jpeg"}],"author":"adminpsib","twitter_card":"summary_large_image","twitter_misc":{"Escrit per":"adminpsib","Temps estimat de lectura":"19 minuts"},"schema":{"@context":"https:\/\/schema.org","@graph":[{"@type":["Article","BlogPosting"],"@id":"https:\/\/www.psib-psoe.org\/eivissa\/vicent-mari-esta-convertint-eivissa-en-una-illa-de-luxe-i-de-xaboles-la-portaveu-socialista-elena-lopez-bonet-carrega-contra-el-balanc-triomfalista-i-buit-de-vic\/#article","isPartOf":{"@id":"https:\/\/www.psib-psoe.org\/eivissa\/vicent-mari-esta-convertint-eivissa-en-una-illa-de-luxe-i-de-xaboles-la-portaveu-socialista-elena-lopez-bonet-carrega-contra-el-balanc-triomfalista-i-buit-de-vic\/"},"author":{"name":"adminpsib","@id":"https:\/\/www.psib-psoe.org\/eivissa\/#\/schema\/person\/099ab3ef73a3645a1d7f303518e6ce24"},"headline":"\u201cVicent Mar\u00ed est\u00e0 convertint Eivissa en una illa de luxe i de xaboles\u201d. La portaveu socialista, Elena L\u00f3pez Bonet, carrega contra el balan\u00e7 \u201ctriomfalista i buit\u201d de Vicent Mar\u00ed i denuncia sis anys de govern del PP que han empitjorat la vida de la ciutadania.","datePublished":"2025-07-17T12:24:41+00:00","dateModified":"2025-07-17T12:40:59+00:00","mainEntityOfPage":{"@id":"https:\/\/www.psib-psoe.org\/eivissa\/vicent-mari-esta-convertint-eivissa-en-una-illa-de-luxe-i-de-xaboles-la-portaveu-socialista-elena-lopez-bonet-carrega-contra-el-balanc-triomfalista-i-buit-de-vic\/"},"wordCount":3858,"publisher":{"@id":"https:\/\/www.psib-psoe.org\/eivissa\/#organization"},"image":{"@id":"https:\/\/www.psib-psoe.org\/eivissa\/vicent-mari-esta-convertint-eivissa-en-una-illa-de-luxe-i-de-xaboles-la-portaveu-socialista-elena-lopez-bonet-carrega-contra-el-balanc-triomfalista-i-buit-de-vic\/#primaryimage"},"thumbnailUrl":"https:\/\/www.psib-psoe.org\/eivissa\/wp-content\/uploads\/img_4981-1.jpg","articleSection":["Consell d'Eivissa","Federaci\u00f3 d'Eivissa - Portada"],"inLanguage":"ca"},{"@type":"WebPage","@id":"https:\/\/www.psib-psoe.org\/eivissa\/vicent-mari-esta-convertint-eivissa-en-una-illa-de-luxe-i-de-xaboles-la-portaveu-socialista-elena-lopez-bonet-carrega-contra-el-balanc-triomfalista-i-buit-de-vic\/","url":"https:\/\/www.psib-psoe.org\/eivissa\/vicent-mari-esta-convertint-eivissa-en-una-illa-de-luxe-i-de-xaboles-la-portaveu-socialista-elena-lopez-bonet-carrega-contra-el-balanc-triomfalista-i-buit-de-vic\/","name":"\u201cVicent Mar\u00ed est\u00e0 convertint Eivissa en una illa de luxe i de xaboles\u201d. La portaveu socialista, Elena L\u00f3pez Bonet, carrega contra el balan\u00e7 \u201ctriomfalista i buit\u201d de Vicent Mar\u00ed i denuncia sis anys de govern del PP que han empitjorat la vida de la ciutadania. - Federaci\u00f3 Socialista d&#039;Eivissa","isPartOf":{"@id":"https:\/\/www.psib-psoe.org\/eivissa\/#website"},"primaryImageOfPage":{"@id":"https:\/\/www.psib-psoe.org\/eivissa\/vicent-mari-esta-convertint-eivissa-en-una-illa-de-luxe-i-de-xaboles-la-portaveu-socialista-elena-lopez-bonet-carrega-contra-el-balanc-triomfalista-i-buit-de-vic\/#primaryimage"},"image":{"@id":"https:\/\/www.psib-psoe.org\/eivissa\/vicent-mari-esta-convertint-eivissa-en-una-illa-de-luxe-i-de-xaboles-la-portaveu-socialista-elena-lopez-bonet-carrega-contra-el-balanc-triomfalista-i-buit-de-vic\/#primaryimage"},"thumbnailUrl":"https:\/\/www.psib-psoe.org\/eivissa\/wp-content\/uploads\/img_4981-1.jpg","datePublished":"2025-07-17T12:24:41+00:00","dateModified":"2025-07-17T12:40:59+00:00","breadcrumb":{"@id":"https:\/\/www.psib-psoe.org\/eivissa\/vicent-mari-esta-convertint-eivissa-en-una-illa-de-luxe-i-de-xaboles-la-portaveu-socialista-elena-lopez-bonet-carrega-contra-el-balanc-triomfalista-i-buit-de-vic\/#breadcrumb"},"inLanguage":"ca","potentialAction":[{"@type":"ReadAction","target":["https:\/\/www.psib-psoe.org\/eivissa\/vicent-mari-esta-convertint-eivissa-en-una-illa-de-luxe-i-de-xaboles-la-portaveu-socialista-elena-lopez-bonet-carrega-contra-el-balanc-triomfalista-i-buit-de-vic\/"]}]},{"@type":"ImageObject","inLanguage":"ca","@id":"https:\/\/www.psib-psoe.org\/eivissa\/vicent-mari-esta-convertint-eivissa-en-una-illa-de-luxe-i-de-xaboles-la-portaveu-socialista-elena-lopez-bonet-carrega-contra-el-balanc-triomfalista-i-buit-de-vic\/#primaryimage","url":"https:\/\/www.psib-psoe.org\/eivissa\/wp-content\/uploads\/img_4981-1.jpg","contentUrl":"https:\/\/www.psib-psoe.org\/eivissa\/wp-content\/uploads\/img_4981-1.jpg","width":2000,"height":1500},{"@type":"BreadcrumbList","@id":"https:\/\/www.psib-psoe.org\/eivissa\/vicent-mari-esta-convertint-eivissa-en-una-illa-de-luxe-i-de-xaboles-la-portaveu-socialista-elena-lopez-bonet-carrega-contra-el-balanc-triomfalista-i-buit-de-vic\/#breadcrumb","itemListElement":[{"@type":"ListItem","position":1,"name":"Inici","item":"https:\/\/www.psib-psoe.org\/eivissa\/"},{"@type":"ListItem","position":2,"name":"\u201cVicent Mar\u00ed est\u00e0 convertint Eivissa en una illa de luxe i de xaboles\u201d. La portaveu socialista, Elena L\u00f3pez Bonet, carrega contra el balan\u00e7 \u201ctriomfalista i buit\u201d de Vicent Mar\u00ed i denuncia sis anys de govern del PP que han empitjorat la vida de la ciutadania."}]},{"@type":"WebSite","@id":"https:\/\/www.psib-psoe.org\/eivissa\/#website","url":"https:\/\/www.psib-psoe.org\/eivissa\/","name":"Federaci\u00f3 Socialista d'Eivissa","description":"Socialistes d&#039;Eivissa","publisher":{"@id":"https:\/\/www.psib-psoe.org\/eivissa\/#organization"},"potentialAction":[{"@type":"SearchAction","target":{"@type":"EntryPoint","urlTemplate":"https:\/\/www.psib-psoe.org\/eivissa\/?s={search_term_string}"},"query-input":{"@type":"PropertyValueSpecification","valueRequired":true,"valueName":"search_term_string"}}],"inLanguage":"ca"},{"@type":"Organization","@id":"https:\/\/www.psib-psoe.org\/eivissa\/#organization","name":"Federaci\u00f3 Socialista d'Eivissa","url":"https:\/\/www.psib-psoe.org\/eivissa\/","logo":{"@type":"ImageObject","inLanguage":"ca","@id":"https:\/\/www.psib-psoe.org\/eivissa\/#\/schema\/logo\/image\/","url":"https:\/\/www.psib-psoe.org\/eivissa\/wp-content\/uploads\/LOGO-FSE-SOCIALISTA-DEIVISSA-HORI.png","contentUrl":"https:\/\/www.psib-psoe.org\/eivissa\/wp-content\/uploads\/LOGO-FSE-SOCIALISTA-DEIVISSA-HORI.png","width":6000,"height":3104,"caption":"Federaci\u00f3 Socialista d'Eivissa"},"image":{"@id":"https:\/\/www.psib-psoe.org\/eivissa\/#\/schema\/logo\/image\/"}},{"@type":"Person","@id":"https:\/\/www.psib-psoe.org\/eivissa\/#\/schema\/person\/099ab3ef73a3645a1d7f303518e6ce24","name":"adminpsib","url":"https:\/\/www.psib-psoe.org\/eivissa\/author\/adminpsib\/"}]}},"_links":{"self":[{"href":"https:\/\/www.psib-psoe.org\/eivissa\/wp-json\/wp\/v2\/posts\/41016","targetHints":{"allow":["GET"]}}],"collection":[{"href":"https:\/\/www.psib-psoe.org\/eivissa\/wp-json\/wp\/v2\/posts"}],"about":[{"href":"https:\/\/www.psib-psoe.org\/eivissa\/wp-json\/wp\/v2\/types\/post"}],"author":[{"embeddable":true,"href":"https:\/\/www.psib-psoe.org\/eivissa\/wp-json\/wp\/v2\/users\/1"}],"replies":[{"embeddable":true,"href":"https:\/\/www.psib-psoe.org\/eivissa\/wp-json\/wp\/v2\/comments?post=41016"}],"version-history":[{"count":2,"href":"https:\/\/www.psib-psoe.org\/eivissa\/wp-json\/wp\/v2\/posts\/41016\/revisions"}],"predecessor-version":[{"id":41019,"href":"https:\/\/www.psib-psoe.org\/eivissa\/wp-json\/wp\/v2\/posts\/41016\/revisions\/41019"}],"wp:featuredmedia":[{"embeddable":true,"href":"https:\/\/www.psib-psoe.org\/eivissa\/wp-json\/wp\/v2\/media\/41018"}],"wp:attachment":[{"href":"https:\/\/www.psib-psoe.org\/eivissa\/wp-json\/wp\/v2\/media?parent=41016"}],"wp:term":[{"taxonomy":"category","embeddable":true,"href":"https:\/\/www.psib-psoe.org\/eivissa\/wp-json\/wp\/v2\/categories?post=41016"},{"taxonomy":"post_tag","embeddable":true,"href":"https:\/\/www.psib-psoe.org\/eivissa\/wp-json\/wp\/v2\/tags?post=41016"}],"curies":[{"name":"wp","href":"https:\/\/api.w.org\/{rel}","templated":true}]}}