{"id":41021,"date":"2025-07-18T12:05:11","date_gmt":"2025-07-18T10:05:11","guid":{"rendered":"https:\/\/www.psib-psoe.org\/eivissa\/?p=41021"},"modified":"2025-07-18T12:05:11","modified_gmt":"2025-07-18T10:05:11","slug":"el-psoe-de-sant-joan-denuncia-la-degradacio-de-cala-xarraca-per-les-continues-festes-privades-en-habitatges-turistics","status":"publish","type":"post","link":"https:\/\/www.psib-psoe.org\/eivissa\/el-psoe-de-sant-joan-denuncia-la-degradacio-de-cala-xarraca-per-les-continues-festes-privades-en-habitatges-turistics\/","title":{"rendered":"El PSOE de Sant Joan denuncia la degradaci\u00f3 de Cala Xarraca per les cont\u00ednues festes privades en habitatges tur\u00edstics"},"content":{"rendered":"<p>El Grup Municipal del PSOE a l\u2019Ajuntament de Sant Joan de Labritja denuncia p\u00fablicament la greu p\u00e8rdua de tranquil\u00b7litat que pateix Cala Xarraca, un dels espais naturals m\u00e9s estimats del nostre municipi, a causa de l\u2019organitzaci\u00f3 reiterada de festes privades en habitatges d\u2019\u00fas tur\u00edstic, que generen remors, mol\u00e8sties i una degradaci\u00f3 progressiva del seu entorn.<\/p>\n<p>En les darreres setmanes, vesins i visitants ens han fet arribar nombroses queixes per la pres\u00e8ncia constant de remor i festes en diferents habitatges de la zona. Aquestes activitats, que es repeteixen una o m\u00e9s vegades per setmana, perjudiquen greument la conviv\u00e8ncia i trenquen amb el car\u00e0cter natural i tranquil que ha definit tradicionalment Cala Xarraca.<\/p>\n<p>El portaveu del PSOE, Pep Torres \u2018Peret\u2019, ha dit que \u201cdes del grup Socialista consideram inacceptable que no s\u2019estigui actuant amb fermesa davant aquests fets\u201d, i ha exigit a l\u2019equip de govern de l\u2019Ajuntament de Sant Joan i al Consell d\u2019Eivissa \u201cque prenguin mesures immediates per controlar l\u2019activitat dels habitatges tur\u00edstics que vulneren les normatives, que garanteixin el compliment de les ordenances sobre remor i conviv\u00e8ncia i que protegeixin l\u2019equilibri mediambiental i paisatg\u00edstic de la zona\u201d.<\/p>\n<p>\u201cCala Xarraca no es pot permetre convertir-se en una discoteca a l\u2019aire lliure. \u00c9s responsabilitat de l\u2019ajuntament vetllar perqu\u00e8 espais com aquest segueixin sent un lloc de descans, respecte i natura\u201d.<\/p>\n<p>El PSOE de Sant Joan de Labritja reitera el seu comprom\u00eds en la defensa de la ciutadania i que treballar\u00e0 \u201cper un municipi que posi l\u00edmits al turisme descontrolat, defensi el benestar vesinal i protegeixi els seus espais naturals davant la inacci\u00f3 de l\u2019Ajuntament i el Consell Insular del PP\u201d.<\/p>\n<p>Justament, en el mes de juny, PP i Vox varen sumar els seus vots en el Parlament de les Illes Balears per tombar definitivament les propostes legislatives dels partits progressistes per perseguir i endurir les sancions a les festes en cases, platges i espais naturals, fent tot el contrari del que havia prom\u00e8s el Consell Insular governat pel mateix Partit Popular de Vicent Mar\u00ed.<\/p>\n","protected":false},"excerpt":{"rendered":"<p>El Grup Municipal del PSOE a l\u2019Ajuntament de Sant Joan de Labritja denuncia p\u00fablicament la greu p\u00e8rdua de tranquil\u00b7litat que pateix Cala Xarraca, un dels espais naturals m\u00e9s estimats del nostre municipi, a causa de l\u2019organitzaci\u00f3 reiterada de festes privades en habitatges d\u2019\u00fas tur\u00edstic, que generen remors, mol\u00e8sties i una degradaci\u00f3 progressiva del seu entorn.&hellip;<\/p>\n","protected":false},"author":1,"featured_media":41022,"comment_status":"closed","ping_status":"closed","sticky":false,"template":"","format":"standard","meta":{"footnotes":""},"categories":[1,234,189],"tags":[],"class_list":["post-41021","post","type-post","status-publish","format-standard","has-post-thumbnail","hentry","category-federacio-de-eivissa-portada","category-municipis","category-sant-joan-de-labritja"],"yoast_head":"<!-- This site is optimized with the Yoast SEO plugin v26.9 - https:\/\/yoast.com\/product\/yoast-seo-wordpress\/ -->\n<title>El PSOE de Sant Joan denuncia la degradaci\u00f3 de Cala Xarraca per les cont\u00ednues festes privades en habitatges tur\u00edstics - Federaci\u00f3 Socialista d&#039;Eivissa<\/title>\n<meta name=\"robots\" content=\"index, follow, max-snippet:-1, max-image-preview:large, max-video-preview:-1\" \/>\n<link rel=\"canonical\" href=\"https:\/\/www.psib-psoe.org\/eivissa\/el-psoe-de-sant-joan-denuncia-la-degradacio-de-cala-xarraca-per-les-continues-festes-privades-en-habitatges-turistics\/\" \/>\n<meta property=\"og:locale\" content=\"ca_ES\" \/>\n<meta property=\"og:type\" content=\"article\" \/>\n<meta property=\"og:title\" content=\"El PSOE de Sant Joan denuncia la degradaci\u00f3 de Cala Xarraca per les cont\u00ednues festes privades en habitatges tur\u00edstics - Federaci\u00f3 Socialista d&#039;Eivissa\" \/>\n<meta property=\"og:description\" content=\"El Grup Municipal del PSOE a l\u2019Ajuntament de Sant Joan de Labritja denuncia p\u00fablicament la greu p\u00e8rdua de tranquil\u00b7litat que pateix Cala Xarraca, un dels espais naturals m\u00e9s estimats del nostre municipi, a causa de l\u2019organitzaci\u00f3 reiterada de festes privades en habitatges d\u2019\u00fas tur\u00edstic, que generen remors, mol\u00e8sties i una degradaci\u00f3 progressiva del seu entorn.&hellip;\" \/>\n<meta property=\"og:url\" content=\"https:\/\/www.psib-psoe.org\/eivissa\/el-psoe-de-sant-joan-denuncia-la-degradacio-de-cala-xarraca-per-les-continues-festes-privades-en-habitatges-turistics\/\" \/>\n<meta property=\"og:site_name\" content=\"Federaci\u00f3 Socialista d&#039;Eivissa\" \/>\n<meta property=\"article:published_time\" content=\"2025-07-18T10:05:11+00:00\" \/>\n<meta property=\"og:image\" content=\"https:\/\/www.psib-psoe.org\/eivissa\/wp-content\/uploads\/festes-cala-xarraca1.jpeg\" \/>\n\t<meta property=\"og:image:width\" content=\"1200\" \/>\n\t<meta property=\"og:image:height\" content=\"1600\" \/>\n\t<meta property=\"og:image:type\" content=\"image\/jpeg\" \/>\n<meta name=\"author\" content=\"adminpsib\" \/>\n<meta name=\"twitter:card\" content=\"summary_large_image\" \/>\n<meta name=\"twitter:label1\" content=\"Escrit per\" \/>\n\t<meta name=\"twitter:data1\" content=\"adminpsib\" \/>\n\t<meta name=\"twitter:label2\" content=\"Temps estimat de lectura\" \/>\n\t<meta name=\"twitter:data2\" content=\"2 minuts\" \/>\n<script type=\"application\/ld+json\" class=\"yoast-schema-graph\">{\"@context\":\"https:\/\/schema.org\",\"@graph\":[{\"@type\":[\"Article\",\"BlogPosting\"],\"@id\":\"https:\/\/www.psib-psoe.org\/eivissa\/el-psoe-de-sant-joan-denuncia-la-degradacio-de-cala-xarraca-per-les-continues-festes-privades-en-habitatges-turistics\/#article\",\"isPartOf\":{\"@id\":\"https:\/\/www.psib-psoe.org\/eivissa\/el-psoe-de-sant-joan-denuncia-la-degradacio-de-cala-xarraca-per-les-continues-festes-privades-en-habitatges-turistics\/\"},\"author\":{\"name\":\"adminpsib\",\"@id\":\"https:\/\/www.psib-psoe.org\/eivissa\/#\/schema\/person\/099ab3ef73a3645a1d7f303518e6ce24\"},\"headline\":\"El PSOE de Sant Joan denuncia la degradaci\u00f3 de Cala Xarraca per les cont\u00ednues festes privades en habitatges tur\u00edstics\",\"datePublished\":\"2025-07-18T10:05:11+00:00\",\"mainEntityOfPage\":{\"@id\":\"https:\/\/www.psib-psoe.org\/eivissa\/el-psoe-de-sant-joan-denuncia-la-degradacio-de-cala-xarraca-per-les-continues-festes-privades-en-habitatges-turistics\/\"},\"wordCount\":381,\"publisher\":{\"@id\":\"https:\/\/www.psib-psoe.org\/eivissa\/#organization\"},\"image\":{\"@id\":\"https:\/\/www.psib-psoe.org\/eivissa\/el-psoe-de-sant-joan-denuncia-la-degradacio-de-cala-xarraca-per-les-continues-festes-privades-en-habitatges-turistics\/#primaryimage\"},\"thumbnailUrl\":\"https:\/\/www.psib-psoe.org\/eivissa\/wp-content\/uploads\/festes-cala-xarraca1.jpeg\",\"articleSection\":[\"Federaci\u00f3 d'Eivissa - Portada\",\"Municipis\",\"Sant Joan de Labritja\"],\"inLanguage\":\"ca\"},{\"@type\":\"WebPage\",\"@id\":\"https:\/\/www.psib-psoe.org\/eivissa\/el-psoe-de-sant-joan-denuncia-la-degradacio-de-cala-xarraca-per-les-continues-festes-privades-en-habitatges-turistics\/\",\"url\":\"https:\/\/www.psib-psoe.org\/eivissa\/el-psoe-de-sant-joan-denuncia-la-degradacio-de-cala-xarraca-per-les-continues-festes-privades-en-habitatges-turistics\/\",\"name\":\"El PSOE de Sant Joan denuncia la degradaci\u00f3 de Cala Xarraca per les cont\u00ednues festes privades en habitatges tur\u00edstics - Federaci\u00f3 Socialista d&#039;Eivissa\",\"isPartOf\":{\"@id\":\"https:\/\/www.psib-psoe.org\/eivissa\/#website\"},\"primaryImageOfPage\":{\"@id\":\"https:\/\/www.psib-psoe.org\/eivissa\/el-psoe-de-sant-joan-denuncia-la-degradacio-de-cala-xarraca-per-les-continues-festes-privades-en-habitatges-turistics\/#primaryimage\"},\"image\":{\"@id\":\"https:\/\/www.psib-psoe.org\/eivissa\/el-psoe-de-sant-joan-denuncia-la-degradacio-de-cala-xarraca-per-les-continues-festes-privades-en-habitatges-turistics\/#primaryimage\"},\"thumbnailUrl\":\"https:\/\/www.psib-psoe.org\/eivissa\/wp-content\/uploads\/festes-cala-xarraca1.jpeg\",\"datePublished\":\"2025-07-18T10:05:11+00:00\",\"breadcrumb\":{\"@id\":\"https:\/\/www.psib-psoe.org\/eivissa\/el-psoe-de-sant-joan-denuncia-la-degradacio-de-cala-xarraca-per-les-continues-festes-privades-en-habitatges-turistics\/#breadcrumb\"},\"inLanguage\":\"ca\",\"potentialAction\":[{\"@type\":\"ReadAction\",\"target\":[\"https:\/\/www.psib-psoe.org\/eivissa\/el-psoe-de-sant-joan-denuncia-la-degradacio-de-cala-xarraca-per-les-continues-festes-privades-en-habitatges-turistics\/\"]}]},{\"@type\":\"ImageObject\",\"inLanguage\":\"ca\",\"@id\":\"https:\/\/www.psib-psoe.org\/eivissa\/el-psoe-de-sant-joan-denuncia-la-degradacio-de-cala-xarraca-per-les-continues-festes-privades-en-habitatges-turistics\/#primaryimage\",\"url\":\"https:\/\/www.psib-psoe.org\/eivissa\/wp-content\/uploads\/festes-cala-xarraca1.jpeg\",\"contentUrl\":\"https:\/\/www.psib-psoe.org\/eivissa\/wp-content\/uploads\/festes-cala-xarraca1.jpeg\",\"width\":1200,\"height\":1600},{\"@type\":\"BreadcrumbList\",\"@id\":\"https:\/\/www.psib-psoe.org\/eivissa\/el-psoe-de-sant-joan-denuncia-la-degradacio-de-cala-xarraca-per-les-continues-festes-privades-en-habitatges-turistics\/#breadcrumb\",\"itemListElement\":[{\"@type\":\"ListItem\",\"position\":1,\"name\":\"Inici\",\"item\":\"https:\/\/www.psib-psoe.org\/eivissa\/\"},{\"@type\":\"ListItem\",\"position\":2,\"name\":\"El PSOE de Sant Joan denuncia la degradaci\u00f3 de Cala Xarraca per les cont\u00ednues festes privades en habitatges tur\u00edstics\"}]},{\"@type\":\"WebSite\",\"@id\":\"https:\/\/www.psib-psoe.org\/eivissa\/#website\",\"url\":\"https:\/\/www.psib-psoe.org\/eivissa\/\",\"name\":\"Federaci\u00f3 Socialista d'Eivissa\",\"description\":\"Socialistes d&#039;Eivissa\",\"publisher\":{\"@id\":\"https:\/\/www.psib-psoe.org\/eivissa\/#organization\"},\"potentialAction\":[{\"@type\":\"SearchAction\",\"target\":{\"@type\":\"EntryPoint\",\"urlTemplate\":\"https:\/\/www.psib-psoe.org\/eivissa\/?s={search_term_string}\"},\"query-input\":{\"@type\":\"PropertyValueSpecification\",\"valueRequired\":true,\"valueName\":\"search_term_string\"}}],\"inLanguage\":\"ca\"},{\"@type\":\"Organization\",\"@id\":\"https:\/\/www.psib-psoe.org\/eivissa\/#organization\",\"name\":\"Federaci\u00f3 Socialista d'Eivissa\",\"url\":\"https:\/\/www.psib-psoe.org\/eivissa\/\",\"logo\":{\"@type\":\"ImageObject\",\"inLanguage\":\"ca\",\"@id\":\"https:\/\/www.psib-psoe.org\/eivissa\/#\/schema\/logo\/image\/\",\"url\":\"https:\/\/www.psib-psoe.org\/eivissa\/wp-content\/uploads\/LOGO-FSE-SOCIALISTA-DEIVISSA-HORI.png\",\"contentUrl\":\"https:\/\/www.psib-psoe.org\/eivissa\/wp-content\/uploads\/LOGO-FSE-SOCIALISTA-DEIVISSA-HORI.png\",\"width\":6000,\"height\":3104,\"caption\":\"Federaci\u00f3 Socialista d'Eivissa\"},\"image\":{\"@id\":\"https:\/\/www.psib-psoe.org\/eivissa\/#\/schema\/logo\/image\/\"}},{\"@type\":\"Person\",\"@id\":\"https:\/\/www.psib-psoe.org\/eivissa\/#\/schema\/person\/099ab3ef73a3645a1d7f303518e6ce24\",\"name\":\"adminpsib\",\"url\":\"https:\/\/www.psib-psoe.org\/eivissa\/author\/adminpsib\/\"}]}<\/script>\n<!-- \/ Yoast SEO plugin. -->","yoast_head_json":{"title":"El PSOE de Sant Joan denuncia la degradaci\u00f3 de Cala Xarraca per les cont\u00ednues festes privades en habitatges tur\u00edstics - Federaci\u00f3 Socialista d&#039;Eivissa","robots":{"index":"index","follow":"follow","max-snippet":"max-snippet:-1","max-image-preview":"max-image-preview:large","max-video-preview":"max-video-preview:-1"},"canonical":"https:\/\/www.psib-psoe.org\/eivissa\/el-psoe-de-sant-joan-denuncia-la-degradacio-de-cala-xarraca-per-les-continues-festes-privades-en-habitatges-turistics\/","og_locale":"ca_ES","og_type":"article","og_title":"El PSOE de Sant Joan denuncia la degradaci\u00f3 de Cala Xarraca per les cont\u00ednues festes privades en habitatges tur\u00edstics - Federaci\u00f3 Socialista d&#039;Eivissa","og_description":"El Grup Municipal del PSOE a l\u2019Ajuntament de Sant Joan de Labritja denuncia p\u00fablicament la greu p\u00e8rdua de tranquil\u00b7litat que pateix Cala Xarraca, un dels espais naturals m\u00e9s estimats del nostre municipi, a causa de l\u2019organitzaci\u00f3 reiterada de festes privades en habitatges d\u2019\u00fas tur\u00edstic, que generen remors, mol\u00e8sties i una degradaci\u00f3 progressiva del seu entorn.&hellip;","og_url":"https:\/\/www.psib-psoe.org\/eivissa\/el-psoe-de-sant-joan-denuncia-la-degradacio-de-cala-xarraca-per-les-continues-festes-privades-en-habitatges-turistics\/","og_site_name":"Federaci\u00f3 Socialista d&#039;Eivissa","article_published_time":"2025-07-18T10:05:11+00:00","og_image":[{"width":1200,"height":1600,"url":"https:\/\/www.psib-psoe.org\/eivissa\/wp-content\/uploads\/festes-cala-xarraca1.jpeg","type":"image\/jpeg"}],"author":"adminpsib","twitter_card":"summary_large_image","twitter_misc":{"Escrit per":"adminpsib","Temps estimat de lectura":"2 minuts"},"schema":{"@context":"https:\/\/schema.org","@graph":[{"@type":["Article","BlogPosting"],"@id":"https:\/\/www.psib-psoe.org\/eivissa\/el-psoe-de-sant-joan-denuncia-la-degradacio-de-cala-xarraca-per-les-continues-festes-privades-en-habitatges-turistics\/#article","isPartOf":{"@id":"https:\/\/www.psib-psoe.org\/eivissa\/el-psoe-de-sant-joan-denuncia-la-degradacio-de-cala-xarraca-per-les-continues-festes-privades-en-habitatges-turistics\/"},"author":{"name":"adminpsib","@id":"https:\/\/www.psib-psoe.org\/eivissa\/#\/schema\/person\/099ab3ef73a3645a1d7f303518e6ce24"},"headline":"El PSOE de Sant Joan denuncia la degradaci\u00f3 de Cala Xarraca per les cont\u00ednues festes privades en habitatges tur\u00edstics","datePublished":"2025-07-18T10:05:11+00:00","mainEntityOfPage":{"@id":"https:\/\/www.psib-psoe.org\/eivissa\/el-psoe-de-sant-joan-denuncia-la-degradacio-de-cala-xarraca-per-les-continues-festes-privades-en-habitatges-turistics\/"},"wordCount":381,"publisher":{"@id":"https:\/\/www.psib-psoe.org\/eivissa\/#organization"},"image":{"@id":"https:\/\/www.psib-psoe.org\/eivissa\/el-psoe-de-sant-joan-denuncia-la-degradacio-de-cala-xarraca-per-les-continues-festes-privades-en-habitatges-turistics\/#primaryimage"},"thumbnailUrl":"https:\/\/www.psib-psoe.org\/eivissa\/wp-content\/uploads\/festes-cala-xarraca1.jpeg","articleSection":["Federaci\u00f3 d'Eivissa - Portada","Municipis","Sant Joan de Labritja"],"inLanguage":"ca"},{"@type":"WebPage","@id":"https:\/\/www.psib-psoe.org\/eivissa\/el-psoe-de-sant-joan-denuncia-la-degradacio-de-cala-xarraca-per-les-continues-festes-privades-en-habitatges-turistics\/","url":"https:\/\/www.psib-psoe.org\/eivissa\/el-psoe-de-sant-joan-denuncia-la-degradacio-de-cala-xarraca-per-les-continues-festes-privades-en-habitatges-turistics\/","name":"El PSOE de Sant Joan denuncia la degradaci\u00f3 de Cala Xarraca per les cont\u00ednues festes privades en habitatges tur\u00edstics - Federaci\u00f3 Socialista d&#039;Eivissa","isPartOf":{"@id":"https:\/\/www.psib-psoe.org\/eivissa\/#website"},"primaryImageOfPage":{"@id":"https:\/\/www.psib-psoe.org\/eivissa\/el-psoe-de-sant-joan-denuncia-la-degradacio-de-cala-xarraca-per-les-continues-festes-privades-en-habitatges-turistics\/#primaryimage"},"image":{"@id":"https:\/\/www.psib-psoe.org\/eivissa\/el-psoe-de-sant-joan-denuncia-la-degradacio-de-cala-xarraca-per-les-continues-festes-privades-en-habitatges-turistics\/#primaryimage"},"thumbnailUrl":"https:\/\/www.psib-psoe.org\/eivissa\/wp-content\/uploads\/festes-cala-xarraca1.jpeg","datePublished":"2025-07-18T10:05:11+00:00","breadcrumb":{"@id":"https:\/\/www.psib-psoe.org\/eivissa\/el-psoe-de-sant-joan-denuncia-la-degradacio-de-cala-xarraca-per-les-continues-festes-privades-en-habitatges-turistics\/#breadcrumb"},"inLanguage":"ca","potentialAction":[{"@type":"ReadAction","target":["https:\/\/www.psib-psoe.org\/eivissa\/el-psoe-de-sant-joan-denuncia-la-degradacio-de-cala-xarraca-per-les-continues-festes-privades-en-habitatges-turistics\/"]}]},{"@type":"ImageObject","inLanguage":"ca","@id":"https:\/\/www.psib-psoe.org\/eivissa\/el-psoe-de-sant-joan-denuncia-la-degradacio-de-cala-xarraca-per-les-continues-festes-privades-en-habitatges-turistics\/#primaryimage","url":"https:\/\/www.psib-psoe.org\/eivissa\/wp-content\/uploads\/festes-cala-xarraca1.jpeg","contentUrl":"https:\/\/www.psib-psoe.org\/eivissa\/wp-content\/uploads\/festes-cala-xarraca1.jpeg","width":1200,"height":1600},{"@type":"BreadcrumbList","@id":"https:\/\/www.psib-psoe.org\/eivissa\/el-psoe-de-sant-joan-denuncia-la-degradacio-de-cala-xarraca-per-les-continues-festes-privades-en-habitatges-turistics\/#breadcrumb","itemListElement":[{"@type":"ListItem","position":1,"name":"Inici","item":"https:\/\/www.psib-psoe.org\/eivissa\/"},{"@type":"ListItem","position":2,"name":"El PSOE de Sant Joan denuncia la degradaci\u00f3 de Cala Xarraca per les cont\u00ednues festes privades en habitatges tur\u00edstics"}]},{"@type":"WebSite","@id":"https:\/\/www.psib-psoe.org\/eivissa\/#website","url":"https:\/\/www.psib-psoe.org\/eivissa\/","name":"Federaci\u00f3 Socialista d'Eivissa","description":"Socialistes d&#039;Eivissa","publisher":{"@id":"https:\/\/www.psib-psoe.org\/eivissa\/#organization"},"potentialAction":[{"@type":"SearchAction","target":{"@type":"EntryPoint","urlTemplate":"https:\/\/www.psib-psoe.org\/eivissa\/?s={search_term_string}"},"query-input":{"@type":"PropertyValueSpecification","valueRequired":true,"valueName":"search_term_string"}}],"inLanguage":"ca"},{"@type":"Organization","@id":"https:\/\/www.psib-psoe.org\/eivissa\/#organization","name":"Federaci\u00f3 Socialista d'Eivissa","url":"https:\/\/www.psib-psoe.org\/eivissa\/","logo":{"@type":"ImageObject","inLanguage":"ca","@id":"https:\/\/www.psib-psoe.org\/eivissa\/#\/schema\/logo\/image\/","url":"https:\/\/www.psib-psoe.org\/eivissa\/wp-content\/uploads\/LOGO-FSE-SOCIALISTA-DEIVISSA-HORI.png","contentUrl":"https:\/\/www.psib-psoe.org\/eivissa\/wp-content\/uploads\/LOGO-FSE-SOCIALISTA-DEIVISSA-HORI.png","width":6000,"height":3104,"caption":"Federaci\u00f3 Socialista d'Eivissa"},"image":{"@id":"https:\/\/www.psib-psoe.org\/eivissa\/#\/schema\/logo\/image\/"}},{"@type":"Person","@id":"https:\/\/www.psib-psoe.org\/eivissa\/#\/schema\/person\/099ab3ef73a3645a1d7f303518e6ce24","name":"adminpsib","url":"https:\/\/www.psib-psoe.org\/eivissa\/author\/adminpsib\/"}]}},"_links":{"self":[{"href":"https:\/\/www.psib-psoe.org\/eivissa\/wp-json\/wp\/v2\/posts\/41021","targetHints":{"allow":["GET"]}}],"collection":[{"href":"https:\/\/www.psib-psoe.org\/eivissa\/wp-json\/wp\/v2\/posts"}],"about":[{"href":"https:\/\/www.psib-psoe.org\/eivissa\/wp-json\/wp\/v2\/types\/post"}],"author":[{"embeddable":true,"href":"https:\/\/www.psib-psoe.org\/eivissa\/wp-json\/wp\/v2\/users\/1"}],"replies":[{"embeddable":true,"href":"https:\/\/www.psib-psoe.org\/eivissa\/wp-json\/wp\/v2\/comments?post=41021"}],"version-history":[{"count":1,"href":"https:\/\/www.psib-psoe.org\/eivissa\/wp-json\/wp\/v2\/posts\/41021\/revisions"}],"predecessor-version":[{"id":41023,"href":"https:\/\/www.psib-psoe.org\/eivissa\/wp-json\/wp\/v2\/posts\/41021\/revisions\/41023"}],"wp:featuredmedia":[{"embeddable":true,"href":"https:\/\/www.psib-psoe.org\/eivissa\/wp-json\/wp\/v2\/media\/41022"}],"wp:attachment":[{"href":"https:\/\/www.psib-psoe.org\/eivissa\/wp-json\/wp\/v2\/media?parent=41021"}],"wp:term":[{"taxonomy":"category","embeddable":true,"href":"https:\/\/www.psib-psoe.org\/eivissa\/wp-json\/wp\/v2\/categories?post=41021"},{"taxonomy":"post_tag","embeddable":true,"href":"https:\/\/www.psib-psoe.org\/eivissa\/wp-json\/wp\/v2\/tags?post=41021"}],"curies":[{"name":"wp","href":"https:\/\/api.w.org\/{rel}","templated":true}]}}