{"id":41036,"date":"2025-07-21T13:47:29","date_gmt":"2025-07-21T11:47:29","guid":{"rendered":"https:\/\/www.psib-psoe.org\/eivissa\/?p=41036"},"modified":"2025-07-21T15:37:22","modified_gmt":"2025-07-21T13:37:22","slug":"el-psoe-de-sant-antoni-denuncia-laugment-del-turisme-dexcessos-amb-el-partit-popular","status":"publish","type":"post","link":"https:\/\/www.psib-psoe.org\/eivissa\/el-psoe-de-sant-antoni-denuncia-laugment-del-turisme-dexcessos-amb-el-partit-popular\/","title":{"rendered":"El PSOE de Sant Antoni denuncia l\u2019augment del turisme d\u2019excessos amb el Partit Popular"},"content":{"rendered":"<p>El PSOE de Sant Antoni de Portmany denuncia p\u00fablicament l\u2019augment preocupant del turisme d\u2019excessos al municipi durant els dos anys de Govern balear del PP de Marga Prohens, amb la complicitat directa de l\u2019alcalde, Marcos Serra, i del Consell Insular de Vicent Mar\u00ed, i exigeix mesures urgents per aturar el deteriorament de la conviv\u00e8ncia, la seguretat i la imatge del nostre dest\u00ed tur\u00edstic. El PSOE lamenta la nova mort d\u2019un turista i, davant la deriva que segueix el municipi, torna a sol\u00b7licitar a l\u2019alcalde la convocat\u00f2ria d\u2019una taula de di\u00e0leg social per treballar en el canvi de model tur\u00edstic que necessita el municipi.<\/p>\n<p>El diputat socialista en el Parlament de les Illes Balears i secretari de Turisme de la Federaci\u00f3 Socialista d\u2019Eivissa, Marco Guerrero, recorda que \u201cdes del PSOE fa anys que denunciam l\u2019abandonament del municipi davant aquest tipus de turisme destructiu i, ja l\u2019any passat, v\u00e0rem alertar p\u00fablicament del risc de degradaci\u00f3 i de l\u2019esc\u00e0ndol que suposaria retallar el decret contra el turisme d\u2019excessos\u201d. Com explica \u201cen aquell moment v\u00e0rem advertir que aquella decisi\u00f3 del PP condemnaria Sant Antoni a una nova etapa de degradaci\u00f3 del model tur\u00edstic, i lamentablement, el temps ens ha donat la ra\u00f3\u201d.<\/p>\n<p>Segons Marco Guerrero, \u201cel que vivim avui \u00e9s la confirmaci\u00f3 d\u2019una pol\u00edtica deliberada de permissivitat per part del Partit Popular, que anteposa els interessos dels qui es beneficien del descontrol al benestar de la ciutadania\u201d. El PSOE denuncia que el Govern balear del PP ha optat per \u201cprotegir els excessos i desmantellar progressivament les eines de control\u201d.<\/p>\n<p>La reducci\u00f3 del 33% en les sancions econ\u00f2miques previstes en l\u2019actual decret, l\u2019obertura durant 24 hores de supermercats i botigues que dificulta el control real de l\u2019alcohol nocturn, l\u2019eliminaci\u00f3 de la prohibici\u00f3 de publicitar \u2018party boats\u2019 a zones com Sant Antoni, i la supressi\u00f3 del l\u00edmit de places als albergs juvenils, \u201cs\u00f3n mesures que afavoreixen directament el turisme de borratxera i agreugen la situaci\u00f3\u201d.<\/p>\n<p>Per aix\u00f2, el PSOE torna a convidar el conseller balear de Turisme, Jaume Bauz\u00e1, a visitar Sant Antoni \u201cperqu\u00e8 vengui, aquesta vegada s\u00ed, a con\u00e8ixer de primera m\u00e0 la realitat del model tur\u00edstic que el seu Govern est\u00e0 permetent i per treballar conjuntament amb el municipi en revertir aquesta situaci\u00f3\u201d.<\/p>\n<p>El diputat socialista tamb\u00e9 insisteix que tant Marcos Serra com Vicent Mar\u00ed \u201cs\u00f3n els primers responsables i els primers que s\u2019han de posar a fer feina, d\u2019una vegada per totes, per aturar la degradaci\u00f3 tur\u00edstica de Sant Antoni\u201d, en comptes de \u201cgastar els sous \u00fanicament en operacions cosm\u00e8tiques com \u00e9s el mural d\u2019Okuda, mentre per dins tot continua igual o pitjor\u201d.<\/p>\n<p>En contraposici\u00f3, el PSOE vol recon\u00e8ixer \u201cl\u2019esfor\u00e7 que estan fent moltes empreses del sector tur\u00edstic de Sant Antoni per canviar el model, tant de l\u2019oferta hotelera com la complement\u00e0ria, per\u00f2 que lamentablement no s\u2019estan veient acompanyats pels governants del Partit Popular\u201d.<\/p>\n","protected":false},"excerpt":{"rendered":"<p>El PSOE de Sant Antoni de Portmany denuncia p\u00fablicament l\u2019augment preocupant del turisme d\u2019excessos al municipi durant els dos anys de Govern balear del PP de Marga Prohens, amb la complicitat directa de l\u2019alcalde, Marcos Serra, i del Consell Insular de Vicent Mar\u00ed, i exigeix mesures urgents per aturar el deteriorament de la conviv\u00e8ncia, la&hellip;<\/p>\n","protected":false},"author":1,"featured_media":41046,"comment_status":"closed","ping_status":"closed","sticky":false,"template":"","format":"standard","meta":{"footnotes":""},"categories":[192,1,191,234,188],"tags":[],"class_list":["post-41036","post","type-post","status-publish","format-standard","has-post-thumbnail","hentry","category-consell-deivissa","category-federacio-de-eivissa-portada","category-govern-de-les-illes-balears-parlament","category-municipis","category-sant-antoni-de-portmany"],"yoast_head":"<!-- This site is optimized with the Yoast SEO plugin v26.9 - https:\/\/yoast.com\/product\/yoast-seo-wordpress\/ -->\n<title>El PSOE de Sant Antoni denuncia l\u2019augment del turisme d\u2019excessos amb el Partit Popular - Federaci\u00f3 Socialista d&#039;Eivissa<\/title>\n<meta name=\"robots\" content=\"index, follow, max-snippet:-1, max-image-preview:large, max-video-preview:-1\" \/>\n<link rel=\"canonical\" href=\"https:\/\/www.psib-psoe.org\/eivissa\/el-psoe-de-sant-antoni-denuncia-laugment-del-turisme-dexcessos-amb-el-partit-popular\/\" \/>\n<meta property=\"og:locale\" content=\"ca_ES\" \/>\n<meta property=\"og:type\" content=\"article\" \/>\n<meta property=\"og:title\" content=\"El PSOE de Sant Antoni denuncia l\u2019augment del turisme d\u2019excessos amb el Partit Popular - Federaci\u00f3 Socialista d&#039;Eivissa\" \/>\n<meta property=\"og:description\" content=\"El PSOE de Sant Antoni de Portmany denuncia p\u00fablicament l\u2019augment preocupant del turisme d\u2019excessos al municipi durant els dos anys de Govern balear del PP de Marga Prohens, amb la complicitat directa de l\u2019alcalde, Marcos Serra, i del Consell Insular de Vicent Mar\u00ed, i exigeix mesures urgents per aturar el deteriorament de la conviv\u00e8ncia, la&hellip;\" \/>\n<meta property=\"og:url\" content=\"https:\/\/www.psib-psoe.org\/eivissa\/el-psoe-de-sant-antoni-denuncia-laugment-del-turisme-dexcessos-amb-el-partit-popular\/\" \/>\n<meta property=\"og:site_name\" content=\"Federaci\u00f3 Socialista d&#039;Eivissa\" \/>\n<meta property=\"article:published_time\" content=\"2025-07-21T11:47:29+00:00\" \/>\n<meta property=\"article:modified_time\" content=\"2025-07-21T13:37:22+00:00\" \/>\n<meta property=\"og:image\" content=\"https:\/\/www.psib-psoe.org\/eivissa\/wp-content\/uploads\/img_5116-1.jpg\" \/>\n\t<meta property=\"og:image:width\" content=\"1333\" \/>\n\t<meta property=\"og:image:height\" content=\"1000\" \/>\n\t<meta property=\"og:image:type\" content=\"image\/jpeg\" \/>\n<meta name=\"author\" content=\"adminpsib\" \/>\n<meta name=\"twitter:card\" content=\"summary_large_image\" \/>\n<meta name=\"twitter:label1\" content=\"Escrit per\" \/>\n\t<meta name=\"twitter:data1\" content=\"adminpsib\" \/>\n\t<meta name=\"twitter:label2\" content=\"Temps estimat de lectura\" \/>\n\t<meta name=\"twitter:data2\" content=\"3 minuts\" \/>\n<script type=\"application\/ld+json\" class=\"yoast-schema-graph\">{\"@context\":\"https:\/\/schema.org\",\"@graph\":[{\"@type\":[\"Article\",\"BlogPosting\"],\"@id\":\"https:\/\/www.psib-psoe.org\/eivissa\/el-psoe-de-sant-antoni-denuncia-laugment-del-turisme-dexcessos-amb-el-partit-popular\/#article\",\"isPartOf\":{\"@id\":\"https:\/\/www.psib-psoe.org\/eivissa\/el-psoe-de-sant-antoni-denuncia-laugment-del-turisme-dexcessos-amb-el-partit-popular\/\"},\"author\":{\"name\":\"adminpsib\",\"@id\":\"https:\/\/www.psib-psoe.org\/eivissa\/#\/schema\/person\/099ab3ef73a3645a1d7f303518e6ce24\"},\"headline\":\"El PSOE de Sant Antoni denuncia l\u2019augment del turisme d\u2019excessos amb el Partit Popular\",\"datePublished\":\"2025-07-21T11:47:29+00:00\",\"dateModified\":\"2025-07-21T13:37:22+00:00\",\"mainEntityOfPage\":{\"@id\":\"https:\/\/www.psib-psoe.org\/eivissa\/el-psoe-de-sant-antoni-denuncia-laugment-del-turisme-dexcessos-amb-el-partit-popular\/\"},\"wordCount\":531,\"publisher\":{\"@id\":\"https:\/\/www.psib-psoe.org\/eivissa\/#organization\"},\"image\":{\"@id\":\"https:\/\/www.psib-psoe.org\/eivissa\/el-psoe-de-sant-antoni-denuncia-laugment-del-turisme-dexcessos-amb-el-partit-popular\/#primaryimage\"},\"thumbnailUrl\":\"https:\/\/www.psib-psoe.org\/eivissa\/wp-content\/uploads\/img_5116-1.jpg\",\"articleSection\":[\"Consell d'Eivissa\",\"Federaci\u00f3 d'Eivissa - Portada\",\"Govern de les Illes Balears - Parlament - PSIB-PSOE\",\"Municipis\",\"Sant Antoni de Portmany\"],\"inLanguage\":\"ca\"},{\"@type\":\"WebPage\",\"@id\":\"https:\/\/www.psib-psoe.org\/eivissa\/el-psoe-de-sant-antoni-denuncia-laugment-del-turisme-dexcessos-amb-el-partit-popular\/\",\"url\":\"https:\/\/www.psib-psoe.org\/eivissa\/el-psoe-de-sant-antoni-denuncia-laugment-del-turisme-dexcessos-amb-el-partit-popular\/\",\"name\":\"El PSOE de Sant Antoni denuncia l\u2019augment del turisme d\u2019excessos amb el Partit Popular - Federaci\u00f3 Socialista d&#039;Eivissa\",\"isPartOf\":{\"@id\":\"https:\/\/www.psib-psoe.org\/eivissa\/#website\"},\"primaryImageOfPage\":{\"@id\":\"https:\/\/www.psib-psoe.org\/eivissa\/el-psoe-de-sant-antoni-denuncia-laugment-del-turisme-dexcessos-amb-el-partit-popular\/#primaryimage\"},\"image\":{\"@id\":\"https:\/\/www.psib-psoe.org\/eivissa\/el-psoe-de-sant-antoni-denuncia-laugment-del-turisme-dexcessos-amb-el-partit-popular\/#primaryimage\"},\"thumbnailUrl\":\"https:\/\/www.psib-psoe.org\/eivissa\/wp-content\/uploads\/img_5116-1.jpg\",\"datePublished\":\"2025-07-21T11:47:29+00:00\",\"dateModified\":\"2025-07-21T13:37:22+00:00\",\"breadcrumb\":{\"@id\":\"https:\/\/www.psib-psoe.org\/eivissa\/el-psoe-de-sant-antoni-denuncia-laugment-del-turisme-dexcessos-amb-el-partit-popular\/#breadcrumb\"},\"inLanguage\":\"ca\",\"potentialAction\":[{\"@type\":\"ReadAction\",\"target\":[\"https:\/\/www.psib-psoe.org\/eivissa\/el-psoe-de-sant-antoni-denuncia-laugment-del-turisme-dexcessos-amb-el-partit-popular\/\"]}]},{\"@type\":\"ImageObject\",\"inLanguage\":\"ca\",\"@id\":\"https:\/\/www.psib-psoe.org\/eivissa\/el-psoe-de-sant-antoni-denuncia-laugment-del-turisme-dexcessos-amb-el-partit-popular\/#primaryimage\",\"url\":\"https:\/\/www.psib-psoe.org\/eivissa\/wp-content\/uploads\/img_5116-1.jpg\",\"contentUrl\":\"https:\/\/www.psib-psoe.org\/eivissa\/wp-content\/uploads\/img_5116-1.jpg\",\"width\":1333,\"height\":1000},{\"@type\":\"BreadcrumbList\",\"@id\":\"https:\/\/www.psib-psoe.org\/eivissa\/el-psoe-de-sant-antoni-denuncia-laugment-del-turisme-dexcessos-amb-el-partit-popular\/#breadcrumb\",\"itemListElement\":[{\"@type\":\"ListItem\",\"position\":1,\"name\":\"Inici\",\"item\":\"https:\/\/www.psib-psoe.org\/eivissa\/\"},{\"@type\":\"ListItem\",\"position\":2,\"name\":\"El PSOE de Sant Antoni denuncia l\u2019augment del turisme d\u2019excessos amb el Partit Popular\"}]},{\"@type\":\"WebSite\",\"@id\":\"https:\/\/www.psib-psoe.org\/eivissa\/#website\",\"url\":\"https:\/\/www.psib-psoe.org\/eivissa\/\",\"name\":\"Federaci\u00f3 Socialista d'Eivissa\",\"description\":\"Socialistes d&#039;Eivissa\",\"publisher\":{\"@id\":\"https:\/\/www.psib-psoe.org\/eivissa\/#organization\"},\"potentialAction\":[{\"@type\":\"SearchAction\",\"target\":{\"@type\":\"EntryPoint\",\"urlTemplate\":\"https:\/\/www.psib-psoe.org\/eivissa\/?s={search_term_string}\"},\"query-input\":{\"@type\":\"PropertyValueSpecification\",\"valueRequired\":true,\"valueName\":\"search_term_string\"}}],\"inLanguage\":\"ca\"},{\"@type\":\"Organization\",\"@id\":\"https:\/\/www.psib-psoe.org\/eivissa\/#organization\",\"name\":\"Federaci\u00f3 Socialista d'Eivissa\",\"url\":\"https:\/\/www.psib-psoe.org\/eivissa\/\",\"logo\":{\"@type\":\"ImageObject\",\"inLanguage\":\"ca\",\"@id\":\"https:\/\/www.psib-psoe.org\/eivissa\/#\/schema\/logo\/image\/\",\"url\":\"https:\/\/www.psib-psoe.org\/eivissa\/wp-content\/uploads\/LOGO-FSE-SOCIALISTA-DEIVISSA-HORI.png\",\"contentUrl\":\"https:\/\/www.psib-psoe.org\/eivissa\/wp-content\/uploads\/LOGO-FSE-SOCIALISTA-DEIVISSA-HORI.png\",\"width\":6000,\"height\":3104,\"caption\":\"Federaci\u00f3 Socialista d'Eivissa\"},\"image\":{\"@id\":\"https:\/\/www.psib-psoe.org\/eivissa\/#\/schema\/logo\/image\/\"}},{\"@type\":\"Person\",\"@id\":\"https:\/\/www.psib-psoe.org\/eivissa\/#\/schema\/person\/099ab3ef73a3645a1d7f303518e6ce24\",\"name\":\"adminpsib\",\"url\":\"https:\/\/www.psib-psoe.org\/eivissa\/author\/adminpsib\/\"}]}<\/script>\n<!-- \/ Yoast SEO plugin. -->","yoast_head_json":{"title":"El PSOE de Sant Antoni denuncia l\u2019augment del turisme d\u2019excessos amb el Partit Popular - Federaci\u00f3 Socialista d&#039;Eivissa","robots":{"index":"index","follow":"follow","max-snippet":"max-snippet:-1","max-image-preview":"max-image-preview:large","max-video-preview":"max-video-preview:-1"},"canonical":"https:\/\/www.psib-psoe.org\/eivissa\/el-psoe-de-sant-antoni-denuncia-laugment-del-turisme-dexcessos-amb-el-partit-popular\/","og_locale":"ca_ES","og_type":"article","og_title":"El PSOE de Sant Antoni denuncia l\u2019augment del turisme d\u2019excessos amb el Partit Popular - Federaci\u00f3 Socialista d&#039;Eivissa","og_description":"El PSOE de Sant Antoni de Portmany denuncia p\u00fablicament l\u2019augment preocupant del turisme d\u2019excessos al municipi durant els dos anys de Govern balear del PP de Marga Prohens, amb la complicitat directa de l\u2019alcalde, Marcos Serra, i del Consell Insular de Vicent Mar\u00ed, i exigeix mesures urgents per aturar el deteriorament de la conviv\u00e8ncia, la&hellip;","og_url":"https:\/\/www.psib-psoe.org\/eivissa\/el-psoe-de-sant-antoni-denuncia-laugment-del-turisme-dexcessos-amb-el-partit-popular\/","og_site_name":"Federaci\u00f3 Socialista d&#039;Eivissa","article_published_time":"2025-07-21T11:47:29+00:00","article_modified_time":"2025-07-21T13:37:22+00:00","og_image":[{"width":1333,"height":1000,"url":"https:\/\/www.psib-psoe.org\/eivissa\/wp-content\/uploads\/img_5116-1.jpg","type":"image\/jpeg"}],"author":"adminpsib","twitter_card":"summary_large_image","twitter_misc":{"Escrit per":"adminpsib","Temps estimat de lectura":"3 minuts"},"schema":{"@context":"https:\/\/schema.org","@graph":[{"@type":["Article","BlogPosting"],"@id":"https:\/\/www.psib-psoe.org\/eivissa\/el-psoe-de-sant-antoni-denuncia-laugment-del-turisme-dexcessos-amb-el-partit-popular\/#article","isPartOf":{"@id":"https:\/\/www.psib-psoe.org\/eivissa\/el-psoe-de-sant-antoni-denuncia-laugment-del-turisme-dexcessos-amb-el-partit-popular\/"},"author":{"name":"adminpsib","@id":"https:\/\/www.psib-psoe.org\/eivissa\/#\/schema\/person\/099ab3ef73a3645a1d7f303518e6ce24"},"headline":"El PSOE de Sant Antoni denuncia l\u2019augment del turisme d\u2019excessos amb el Partit Popular","datePublished":"2025-07-21T11:47:29+00:00","dateModified":"2025-07-21T13:37:22+00:00","mainEntityOfPage":{"@id":"https:\/\/www.psib-psoe.org\/eivissa\/el-psoe-de-sant-antoni-denuncia-laugment-del-turisme-dexcessos-amb-el-partit-popular\/"},"wordCount":531,"publisher":{"@id":"https:\/\/www.psib-psoe.org\/eivissa\/#organization"},"image":{"@id":"https:\/\/www.psib-psoe.org\/eivissa\/el-psoe-de-sant-antoni-denuncia-laugment-del-turisme-dexcessos-amb-el-partit-popular\/#primaryimage"},"thumbnailUrl":"https:\/\/www.psib-psoe.org\/eivissa\/wp-content\/uploads\/img_5116-1.jpg","articleSection":["Consell d'Eivissa","Federaci\u00f3 d'Eivissa - Portada","Govern de les Illes Balears - Parlament - PSIB-PSOE","Municipis","Sant Antoni de Portmany"],"inLanguage":"ca"},{"@type":"WebPage","@id":"https:\/\/www.psib-psoe.org\/eivissa\/el-psoe-de-sant-antoni-denuncia-laugment-del-turisme-dexcessos-amb-el-partit-popular\/","url":"https:\/\/www.psib-psoe.org\/eivissa\/el-psoe-de-sant-antoni-denuncia-laugment-del-turisme-dexcessos-amb-el-partit-popular\/","name":"El PSOE de Sant Antoni denuncia l\u2019augment del turisme d\u2019excessos amb el Partit Popular - Federaci\u00f3 Socialista d&#039;Eivissa","isPartOf":{"@id":"https:\/\/www.psib-psoe.org\/eivissa\/#website"},"primaryImageOfPage":{"@id":"https:\/\/www.psib-psoe.org\/eivissa\/el-psoe-de-sant-antoni-denuncia-laugment-del-turisme-dexcessos-amb-el-partit-popular\/#primaryimage"},"image":{"@id":"https:\/\/www.psib-psoe.org\/eivissa\/el-psoe-de-sant-antoni-denuncia-laugment-del-turisme-dexcessos-amb-el-partit-popular\/#primaryimage"},"thumbnailUrl":"https:\/\/www.psib-psoe.org\/eivissa\/wp-content\/uploads\/img_5116-1.jpg","datePublished":"2025-07-21T11:47:29+00:00","dateModified":"2025-07-21T13:37:22+00:00","breadcrumb":{"@id":"https:\/\/www.psib-psoe.org\/eivissa\/el-psoe-de-sant-antoni-denuncia-laugment-del-turisme-dexcessos-amb-el-partit-popular\/#breadcrumb"},"inLanguage":"ca","potentialAction":[{"@type":"ReadAction","target":["https:\/\/www.psib-psoe.org\/eivissa\/el-psoe-de-sant-antoni-denuncia-laugment-del-turisme-dexcessos-amb-el-partit-popular\/"]}]},{"@type":"ImageObject","inLanguage":"ca","@id":"https:\/\/www.psib-psoe.org\/eivissa\/el-psoe-de-sant-antoni-denuncia-laugment-del-turisme-dexcessos-amb-el-partit-popular\/#primaryimage","url":"https:\/\/www.psib-psoe.org\/eivissa\/wp-content\/uploads\/img_5116-1.jpg","contentUrl":"https:\/\/www.psib-psoe.org\/eivissa\/wp-content\/uploads\/img_5116-1.jpg","width":1333,"height":1000},{"@type":"BreadcrumbList","@id":"https:\/\/www.psib-psoe.org\/eivissa\/el-psoe-de-sant-antoni-denuncia-laugment-del-turisme-dexcessos-amb-el-partit-popular\/#breadcrumb","itemListElement":[{"@type":"ListItem","position":1,"name":"Inici","item":"https:\/\/www.psib-psoe.org\/eivissa\/"},{"@type":"ListItem","position":2,"name":"El PSOE de Sant Antoni denuncia l\u2019augment del turisme d\u2019excessos amb el Partit Popular"}]},{"@type":"WebSite","@id":"https:\/\/www.psib-psoe.org\/eivissa\/#website","url":"https:\/\/www.psib-psoe.org\/eivissa\/","name":"Federaci\u00f3 Socialista d'Eivissa","description":"Socialistes d&#039;Eivissa","publisher":{"@id":"https:\/\/www.psib-psoe.org\/eivissa\/#organization"},"potentialAction":[{"@type":"SearchAction","target":{"@type":"EntryPoint","urlTemplate":"https:\/\/www.psib-psoe.org\/eivissa\/?s={search_term_string}"},"query-input":{"@type":"PropertyValueSpecification","valueRequired":true,"valueName":"search_term_string"}}],"inLanguage":"ca"},{"@type":"Organization","@id":"https:\/\/www.psib-psoe.org\/eivissa\/#organization","name":"Federaci\u00f3 Socialista d'Eivissa","url":"https:\/\/www.psib-psoe.org\/eivissa\/","logo":{"@type":"ImageObject","inLanguage":"ca","@id":"https:\/\/www.psib-psoe.org\/eivissa\/#\/schema\/logo\/image\/","url":"https:\/\/www.psib-psoe.org\/eivissa\/wp-content\/uploads\/LOGO-FSE-SOCIALISTA-DEIVISSA-HORI.png","contentUrl":"https:\/\/www.psib-psoe.org\/eivissa\/wp-content\/uploads\/LOGO-FSE-SOCIALISTA-DEIVISSA-HORI.png","width":6000,"height":3104,"caption":"Federaci\u00f3 Socialista d'Eivissa"},"image":{"@id":"https:\/\/www.psib-psoe.org\/eivissa\/#\/schema\/logo\/image\/"}},{"@type":"Person","@id":"https:\/\/www.psib-psoe.org\/eivissa\/#\/schema\/person\/099ab3ef73a3645a1d7f303518e6ce24","name":"adminpsib","url":"https:\/\/www.psib-psoe.org\/eivissa\/author\/adminpsib\/"}]}},"_links":{"self":[{"href":"https:\/\/www.psib-psoe.org\/eivissa\/wp-json\/wp\/v2\/posts\/41036","targetHints":{"allow":["GET"]}}],"collection":[{"href":"https:\/\/www.psib-psoe.org\/eivissa\/wp-json\/wp\/v2\/posts"}],"about":[{"href":"https:\/\/www.psib-psoe.org\/eivissa\/wp-json\/wp\/v2\/types\/post"}],"author":[{"embeddable":true,"href":"https:\/\/www.psib-psoe.org\/eivissa\/wp-json\/wp\/v2\/users\/1"}],"replies":[{"embeddable":true,"href":"https:\/\/www.psib-psoe.org\/eivissa\/wp-json\/wp\/v2\/comments?post=41036"}],"version-history":[{"count":2,"href":"https:\/\/www.psib-psoe.org\/eivissa\/wp-json\/wp\/v2\/posts\/41036\/revisions"}],"predecessor-version":[{"id":41047,"href":"https:\/\/www.psib-psoe.org\/eivissa\/wp-json\/wp\/v2\/posts\/41036\/revisions\/41047"}],"wp:featuredmedia":[{"embeddable":true,"href":"https:\/\/www.psib-psoe.org\/eivissa\/wp-json\/wp\/v2\/media\/41046"}],"wp:attachment":[{"href":"https:\/\/www.psib-psoe.org\/eivissa\/wp-json\/wp\/v2\/media?parent=41036"}],"wp:term":[{"taxonomy":"category","embeddable":true,"href":"https:\/\/www.psib-psoe.org\/eivissa\/wp-json\/wp\/v2\/categories?post=41036"},{"taxonomy":"post_tag","embeddable":true,"href":"https:\/\/www.psib-psoe.org\/eivissa\/wp-json\/wp\/v2\/tags?post=41036"}],"curies":[{"name":"wp","href":"https:\/\/api.w.org\/{rel}","templated":true}]}}