{"id":41054,"date":"2025-07-23T12:19:17","date_gmt":"2025-07-23T10:19:17","guid":{"rendered":"https:\/\/www.psib-psoe.org\/eivissa\/?p=41054"},"modified":"2025-07-23T12:19:17","modified_gmt":"2025-07-23T10:19:17","slug":"el-psoe-responsabilitza-marcos-serra-de-la-crisi-dels-vessaments-a-les-platges-de-sant-antoni","status":"publish","type":"post","link":"https:\/\/www.psib-psoe.org\/eivissa\/el-psoe-responsabilitza-marcos-serra-de-la-crisi-dels-vessaments-a-les-platges-de-sant-antoni\/","title":{"rendered":"El PSOE responsabilitza Marcos Serra de la crisi dels vessaments a les platges de Sant Antoni"},"content":{"rendered":"<p>El PSOE de Sant Antoni de Portmany ha denunciat avui que la deixadesa i la inacci\u00f3 de l\u2019alcalde, Marcos Serra, estan abocant les platges del municipi a una situaci\u00f3 insostenible. En menys de 24 hores, dos zones de bany \u2014s\u2019Arenal i Cal\u00f3 des Moro\u2014 s\u2019han vist afectades per greus episodis de contaminaci\u00f3. A s\u2019Arenal, els vessaments han provocat l\u2019aparici\u00f3 de nombrosos peixos morts, mentre que la platja de Cal\u00f3 des Moro s\u2019ha vist afectada per un altre vessament als carrers Isidor Macabich i Soledat, com ja va passar el mes de maig.<\/p>\n<p>El portaveu del Grup Municipal Socialista, Antonio Lorenzo, ha assenyalat que aquests fets no s\u00f3n casuals ni puntuals, sin\u00f3 el resultat directe d\u2019anys d\u2019abandonament per part del Partit Popular. \u201cMarcos Serra no ha fet absolutament res els darrers anys per renovar unes infraestructures que han arribat al punt de col\u00b7lapse\u201d, ha denunciat. \u201cEl clavegueram est\u00e0 desbordat, la xarxa de drenatge \u00e9s insuficient i, quan arriba l\u2019estiu, amb la pressi\u00f3 del turisme, el sistema esclata.\u201d<\/p>\n<p>Una situaci\u00f3 que no nom\u00e9s afecta la imatge tur\u00edstica i el benestar de les vesines i vesins, sin\u00f3 que \u201cprovoca una afectaci\u00f3 molt greu al medi ambient i suposa tirar per terra tot l\u2019esfor\u00e7 en q\u00fcestions que s\u00f3n priorit\u00e0ries, com \u00e9s la recuperaci\u00f3 ambiental de la badia.\u201d<\/p>\n<p>Lorenzo ha acusat l\u2019alcalde de governar \u201ca colp de titular i v\u00eddeo promocional\u201d, mentre els problemes reals del municipi s\u2019agreugen cada any. \u201cMarcos Serra viu de cara a la galeria, per\u00f2 quan toca donar explicacions per una platja tancada o un vessament d\u2019aig\u00fces brutes, desapareix\u201d, ha lamentat. \u201cLa seua \u00fanica resposta \u00e9s el silenci i la inacci\u00f3.\u201d<\/p>\n<p>Des del PSOE adverteixen que Sant Antoni pateix una falta d\u2019inversions en serveis p\u00fablics essencials i que el model del PP, basat en la massificaci\u00f3 tur\u00edstica sense planificaci\u00f3, est\u00e0 posant en risc tant la salut p\u00fablica com la imatge del municipi. \u201cNo es pot continuar venent Sant Antoni com un dest\u00ed d\u2019excel\u00b7l\u00e8ncia mentre residents i turistes es troben amb platges tancades i aig\u00fces contaminades. Amb aquest govern es promociona un parad\u00eds, per\u00f2 s\u2019ofereix tot el contrari\u201d, ha lamentat el portaveu socialista.<\/p>\n<p>Antonio Lorenzo considera que \u201cla ciutadania est\u00e0 farta de la improvisaci\u00f3, de la propaganda i de veure com cada estiu les nostres platges s\u2019omplen de brutor.\u201d \u201cJa n\u2019hi ha prou. Sant Antoni necessita gesti\u00f3, planificaci\u00f3 i una aposta clara pels serveis p\u00fablics, no m\u00e9s excuses ni m\u00e9s fotos somrients de l\u2019alcalde mentre el poble s\u2019enfonsa.\u201d<\/p>\n","protected":false},"excerpt":{"rendered":"<p>El PSOE de Sant Antoni de Portmany ha denunciat avui que la deixadesa i la inacci\u00f3 de l\u2019alcalde, Marcos Serra, estan abocant les platges del municipi a una situaci\u00f3 insostenible. En menys de 24 hores, dos zones de bany \u2014s\u2019Arenal i Cal\u00f3 des Moro\u2014 s\u2019han vist afectades per greus episodis de contaminaci\u00f3. A s\u2019Arenal, els&hellip;<\/p>\n","protected":false},"author":1,"featured_media":41056,"comment_status":"closed","ping_status":"closed","sticky":false,"template":"","format":"standard","meta":{"footnotes":""},"categories":[1,234,188],"tags":[],"class_list":["post-41054","post","type-post","status-publish","format-standard","has-post-thumbnail","hentry","category-federacio-de-eivissa-portada","category-municipis","category-sant-antoni-de-portmany"],"yoast_head":"<!-- This site is optimized with the Yoast SEO plugin v26.9 - https:\/\/yoast.com\/product\/yoast-seo-wordpress\/ -->\n<title>El PSOE responsabilitza Marcos Serra de la crisi dels vessaments a les platges de Sant Antoni - Federaci\u00f3 Socialista d&#039;Eivissa<\/title>\n<meta name=\"robots\" content=\"index, follow, max-snippet:-1, max-image-preview:large, max-video-preview:-1\" \/>\n<link rel=\"canonical\" href=\"https:\/\/www.psib-psoe.org\/eivissa\/el-psoe-responsabilitza-marcos-serra-de-la-crisi-dels-vessaments-a-les-platges-de-sant-antoni\/\" \/>\n<meta property=\"og:locale\" content=\"ca_ES\" \/>\n<meta property=\"og:type\" content=\"article\" \/>\n<meta property=\"og:title\" content=\"El PSOE responsabilitza Marcos Serra de la crisi dels vessaments a les platges de Sant Antoni - Federaci\u00f3 Socialista d&#039;Eivissa\" \/>\n<meta property=\"og:description\" content=\"El PSOE de Sant Antoni de Portmany ha denunciat avui que la deixadesa i la inacci\u00f3 de l\u2019alcalde, Marcos Serra, estan abocant les platges del municipi a una situaci\u00f3 insostenible. En menys de 24 hores, dos zones de bany \u2014s\u2019Arenal i Cal\u00f3 des Moro\u2014 s\u2019han vist afectades per greus episodis de contaminaci\u00f3. A s\u2019Arenal, els&hellip;\" \/>\n<meta property=\"og:url\" content=\"https:\/\/www.psib-psoe.org\/eivissa\/el-psoe-responsabilitza-marcos-serra-de-la-crisi-dels-vessaments-a-les-platges-de-sant-antoni\/\" \/>\n<meta property=\"og:site_name\" content=\"Federaci\u00f3 Socialista d&#039;Eivissa\" \/>\n<meta property=\"article:published_time\" content=\"2025-07-23T10:19:17+00:00\" \/>\n<meta property=\"og:image\" content=\"https:\/\/www.psib-psoe.org\/eivissa\/wp-content\/uploads\/calo-des-moro-2.jpeg\" \/>\n\t<meta property=\"og:image:width\" content=\"2048\" \/>\n\t<meta property=\"og:image:height\" content=\"1536\" \/>\n\t<meta property=\"og:image:type\" content=\"image\/jpeg\" \/>\n<meta name=\"author\" content=\"adminpsib\" \/>\n<meta name=\"twitter:card\" content=\"summary_large_image\" \/>\n<meta name=\"twitter:label1\" content=\"Escrit per\" \/>\n\t<meta name=\"twitter:data1\" content=\"adminpsib\" \/>\n\t<meta name=\"twitter:label2\" content=\"Temps estimat de lectura\" \/>\n\t<meta name=\"twitter:data2\" content=\"2 minuts\" \/>\n<script type=\"application\/ld+json\" class=\"yoast-schema-graph\">{\"@context\":\"https:\/\/schema.org\",\"@graph\":[{\"@type\":[\"Article\",\"BlogPosting\"],\"@id\":\"https:\/\/www.psib-psoe.org\/eivissa\/el-psoe-responsabilitza-marcos-serra-de-la-crisi-dels-vessaments-a-les-platges-de-sant-antoni\/#article\",\"isPartOf\":{\"@id\":\"https:\/\/www.psib-psoe.org\/eivissa\/el-psoe-responsabilitza-marcos-serra-de-la-crisi-dels-vessaments-a-les-platges-de-sant-antoni\/\"},\"author\":{\"name\":\"adminpsib\",\"@id\":\"https:\/\/www.psib-psoe.org\/eivissa\/#\/schema\/person\/099ab3ef73a3645a1d7f303518e6ce24\"},\"headline\":\"El PSOE responsabilitza Marcos Serra de la crisi dels vessaments a les platges de Sant Antoni\",\"datePublished\":\"2025-07-23T10:19:17+00:00\",\"mainEntityOfPage\":{\"@id\":\"https:\/\/www.psib-psoe.org\/eivissa\/el-psoe-responsabilitza-marcos-serra-de-la-crisi-dels-vessaments-a-les-platges-de-sant-antoni\/\"},\"wordCount\":460,\"publisher\":{\"@id\":\"https:\/\/www.psib-psoe.org\/eivissa\/#organization\"},\"image\":{\"@id\":\"https:\/\/www.psib-psoe.org\/eivissa\/el-psoe-responsabilitza-marcos-serra-de-la-crisi-dels-vessaments-a-les-platges-de-sant-antoni\/#primaryimage\"},\"thumbnailUrl\":\"https:\/\/www.psib-psoe.org\/eivissa\/wp-content\/uploads\/calo-des-moro-2.jpeg\",\"articleSection\":[\"Federaci\u00f3 d'Eivissa - Portada\",\"Municipis\",\"Sant Antoni de Portmany\"],\"inLanguage\":\"ca\"},{\"@type\":\"WebPage\",\"@id\":\"https:\/\/www.psib-psoe.org\/eivissa\/el-psoe-responsabilitza-marcos-serra-de-la-crisi-dels-vessaments-a-les-platges-de-sant-antoni\/\",\"url\":\"https:\/\/www.psib-psoe.org\/eivissa\/el-psoe-responsabilitza-marcos-serra-de-la-crisi-dels-vessaments-a-les-platges-de-sant-antoni\/\",\"name\":\"El PSOE responsabilitza Marcos Serra de la crisi dels vessaments a les platges de Sant Antoni - Federaci\u00f3 Socialista d&#039;Eivissa\",\"isPartOf\":{\"@id\":\"https:\/\/www.psib-psoe.org\/eivissa\/#website\"},\"primaryImageOfPage\":{\"@id\":\"https:\/\/www.psib-psoe.org\/eivissa\/el-psoe-responsabilitza-marcos-serra-de-la-crisi-dels-vessaments-a-les-platges-de-sant-antoni\/#primaryimage\"},\"image\":{\"@id\":\"https:\/\/www.psib-psoe.org\/eivissa\/el-psoe-responsabilitza-marcos-serra-de-la-crisi-dels-vessaments-a-les-platges-de-sant-antoni\/#primaryimage\"},\"thumbnailUrl\":\"https:\/\/www.psib-psoe.org\/eivissa\/wp-content\/uploads\/calo-des-moro-2.jpeg\",\"datePublished\":\"2025-07-23T10:19:17+00:00\",\"breadcrumb\":{\"@id\":\"https:\/\/www.psib-psoe.org\/eivissa\/el-psoe-responsabilitza-marcos-serra-de-la-crisi-dels-vessaments-a-les-platges-de-sant-antoni\/#breadcrumb\"},\"inLanguage\":\"ca\",\"potentialAction\":[{\"@type\":\"ReadAction\",\"target\":[\"https:\/\/www.psib-psoe.org\/eivissa\/el-psoe-responsabilitza-marcos-serra-de-la-crisi-dels-vessaments-a-les-platges-de-sant-antoni\/\"]}]},{\"@type\":\"ImageObject\",\"inLanguage\":\"ca\",\"@id\":\"https:\/\/www.psib-psoe.org\/eivissa\/el-psoe-responsabilitza-marcos-serra-de-la-crisi-dels-vessaments-a-les-platges-de-sant-antoni\/#primaryimage\",\"url\":\"https:\/\/www.psib-psoe.org\/eivissa\/wp-content\/uploads\/calo-des-moro-2.jpeg\",\"contentUrl\":\"https:\/\/www.psib-psoe.org\/eivissa\/wp-content\/uploads\/calo-des-moro-2.jpeg\",\"width\":2048,\"height\":1536},{\"@type\":\"BreadcrumbList\",\"@id\":\"https:\/\/www.psib-psoe.org\/eivissa\/el-psoe-responsabilitza-marcos-serra-de-la-crisi-dels-vessaments-a-les-platges-de-sant-antoni\/#breadcrumb\",\"itemListElement\":[{\"@type\":\"ListItem\",\"position\":1,\"name\":\"Inici\",\"item\":\"https:\/\/www.psib-psoe.org\/eivissa\/\"},{\"@type\":\"ListItem\",\"position\":2,\"name\":\"El PSOE responsabilitza Marcos Serra de la crisi dels vessaments a les platges de Sant Antoni\"}]},{\"@type\":\"WebSite\",\"@id\":\"https:\/\/www.psib-psoe.org\/eivissa\/#website\",\"url\":\"https:\/\/www.psib-psoe.org\/eivissa\/\",\"name\":\"Federaci\u00f3 Socialista d'Eivissa\",\"description\":\"Socialistes d&#039;Eivissa\",\"publisher\":{\"@id\":\"https:\/\/www.psib-psoe.org\/eivissa\/#organization\"},\"potentialAction\":[{\"@type\":\"SearchAction\",\"target\":{\"@type\":\"EntryPoint\",\"urlTemplate\":\"https:\/\/www.psib-psoe.org\/eivissa\/?s={search_term_string}\"},\"query-input\":{\"@type\":\"PropertyValueSpecification\",\"valueRequired\":true,\"valueName\":\"search_term_string\"}}],\"inLanguage\":\"ca\"},{\"@type\":\"Organization\",\"@id\":\"https:\/\/www.psib-psoe.org\/eivissa\/#organization\",\"name\":\"Federaci\u00f3 Socialista d'Eivissa\",\"url\":\"https:\/\/www.psib-psoe.org\/eivissa\/\",\"logo\":{\"@type\":\"ImageObject\",\"inLanguage\":\"ca\",\"@id\":\"https:\/\/www.psib-psoe.org\/eivissa\/#\/schema\/logo\/image\/\",\"url\":\"https:\/\/www.psib-psoe.org\/eivissa\/wp-content\/uploads\/LOGO-FSE-SOCIALISTA-DEIVISSA-HORI.png\",\"contentUrl\":\"https:\/\/www.psib-psoe.org\/eivissa\/wp-content\/uploads\/LOGO-FSE-SOCIALISTA-DEIVISSA-HORI.png\",\"width\":6000,\"height\":3104,\"caption\":\"Federaci\u00f3 Socialista d'Eivissa\"},\"image\":{\"@id\":\"https:\/\/www.psib-psoe.org\/eivissa\/#\/schema\/logo\/image\/\"}},{\"@type\":\"Person\",\"@id\":\"https:\/\/www.psib-psoe.org\/eivissa\/#\/schema\/person\/099ab3ef73a3645a1d7f303518e6ce24\",\"name\":\"adminpsib\",\"url\":\"https:\/\/www.psib-psoe.org\/eivissa\/author\/adminpsib\/\"}]}<\/script>\n<!-- \/ Yoast SEO plugin. -->","yoast_head_json":{"title":"El PSOE responsabilitza Marcos Serra de la crisi dels vessaments a les platges de Sant Antoni - Federaci\u00f3 Socialista d&#039;Eivissa","robots":{"index":"index","follow":"follow","max-snippet":"max-snippet:-1","max-image-preview":"max-image-preview:large","max-video-preview":"max-video-preview:-1"},"canonical":"https:\/\/www.psib-psoe.org\/eivissa\/el-psoe-responsabilitza-marcos-serra-de-la-crisi-dels-vessaments-a-les-platges-de-sant-antoni\/","og_locale":"ca_ES","og_type":"article","og_title":"El PSOE responsabilitza Marcos Serra de la crisi dels vessaments a les platges de Sant Antoni - Federaci\u00f3 Socialista d&#039;Eivissa","og_description":"El PSOE de Sant Antoni de Portmany ha denunciat avui que la deixadesa i la inacci\u00f3 de l\u2019alcalde, Marcos Serra, estan abocant les platges del municipi a una situaci\u00f3 insostenible. En menys de 24 hores, dos zones de bany \u2014s\u2019Arenal i Cal\u00f3 des Moro\u2014 s\u2019han vist afectades per greus episodis de contaminaci\u00f3. A s\u2019Arenal, els&hellip;","og_url":"https:\/\/www.psib-psoe.org\/eivissa\/el-psoe-responsabilitza-marcos-serra-de-la-crisi-dels-vessaments-a-les-platges-de-sant-antoni\/","og_site_name":"Federaci\u00f3 Socialista d&#039;Eivissa","article_published_time":"2025-07-23T10:19:17+00:00","og_image":[{"width":2048,"height":1536,"url":"https:\/\/www.psib-psoe.org\/eivissa\/wp-content\/uploads\/calo-des-moro-2.jpeg","type":"image\/jpeg"}],"author":"adminpsib","twitter_card":"summary_large_image","twitter_misc":{"Escrit per":"adminpsib","Temps estimat de lectura":"2 minuts"},"schema":{"@context":"https:\/\/schema.org","@graph":[{"@type":["Article","BlogPosting"],"@id":"https:\/\/www.psib-psoe.org\/eivissa\/el-psoe-responsabilitza-marcos-serra-de-la-crisi-dels-vessaments-a-les-platges-de-sant-antoni\/#article","isPartOf":{"@id":"https:\/\/www.psib-psoe.org\/eivissa\/el-psoe-responsabilitza-marcos-serra-de-la-crisi-dels-vessaments-a-les-platges-de-sant-antoni\/"},"author":{"name":"adminpsib","@id":"https:\/\/www.psib-psoe.org\/eivissa\/#\/schema\/person\/099ab3ef73a3645a1d7f303518e6ce24"},"headline":"El PSOE responsabilitza Marcos Serra de la crisi dels vessaments a les platges de Sant Antoni","datePublished":"2025-07-23T10:19:17+00:00","mainEntityOfPage":{"@id":"https:\/\/www.psib-psoe.org\/eivissa\/el-psoe-responsabilitza-marcos-serra-de-la-crisi-dels-vessaments-a-les-platges-de-sant-antoni\/"},"wordCount":460,"publisher":{"@id":"https:\/\/www.psib-psoe.org\/eivissa\/#organization"},"image":{"@id":"https:\/\/www.psib-psoe.org\/eivissa\/el-psoe-responsabilitza-marcos-serra-de-la-crisi-dels-vessaments-a-les-platges-de-sant-antoni\/#primaryimage"},"thumbnailUrl":"https:\/\/www.psib-psoe.org\/eivissa\/wp-content\/uploads\/calo-des-moro-2.jpeg","articleSection":["Federaci\u00f3 d'Eivissa - Portada","Municipis","Sant Antoni de Portmany"],"inLanguage":"ca"},{"@type":"WebPage","@id":"https:\/\/www.psib-psoe.org\/eivissa\/el-psoe-responsabilitza-marcos-serra-de-la-crisi-dels-vessaments-a-les-platges-de-sant-antoni\/","url":"https:\/\/www.psib-psoe.org\/eivissa\/el-psoe-responsabilitza-marcos-serra-de-la-crisi-dels-vessaments-a-les-platges-de-sant-antoni\/","name":"El PSOE responsabilitza Marcos Serra de la crisi dels vessaments a les platges de Sant Antoni - Federaci\u00f3 Socialista d&#039;Eivissa","isPartOf":{"@id":"https:\/\/www.psib-psoe.org\/eivissa\/#website"},"primaryImageOfPage":{"@id":"https:\/\/www.psib-psoe.org\/eivissa\/el-psoe-responsabilitza-marcos-serra-de-la-crisi-dels-vessaments-a-les-platges-de-sant-antoni\/#primaryimage"},"image":{"@id":"https:\/\/www.psib-psoe.org\/eivissa\/el-psoe-responsabilitza-marcos-serra-de-la-crisi-dels-vessaments-a-les-platges-de-sant-antoni\/#primaryimage"},"thumbnailUrl":"https:\/\/www.psib-psoe.org\/eivissa\/wp-content\/uploads\/calo-des-moro-2.jpeg","datePublished":"2025-07-23T10:19:17+00:00","breadcrumb":{"@id":"https:\/\/www.psib-psoe.org\/eivissa\/el-psoe-responsabilitza-marcos-serra-de-la-crisi-dels-vessaments-a-les-platges-de-sant-antoni\/#breadcrumb"},"inLanguage":"ca","potentialAction":[{"@type":"ReadAction","target":["https:\/\/www.psib-psoe.org\/eivissa\/el-psoe-responsabilitza-marcos-serra-de-la-crisi-dels-vessaments-a-les-platges-de-sant-antoni\/"]}]},{"@type":"ImageObject","inLanguage":"ca","@id":"https:\/\/www.psib-psoe.org\/eivissa\/el-psoe-responsabilitza-marcos-serra-de-la-crisi-dels-vessaments-a-les-platges-de-sant-antoni\/#primaryimage","url":"https:\/\/www.psib-psoe.org\/eivissa\/wp-content\/uploads\/calo-des-moro-2.jpeg","contentUrl":"https:\/\/www.psib-psoe.org\/eivissa\/wp-content\/uploads\/calo-des-moro-2.jpeg","width":2048,"height":1536},{"@type":"BreadcrumbList","@id":"https:\/\/www.psib-psoe.org\/eivissa\/el-psoe-responsabilitza-marcos-serra-de-la-crisi-dels-vessaments-a-les-platges-de-sant-antoni\/#breadcrumb","itemListElement":[{"@type":"ListItem","position":1,"name":"Inici","item":"https:\/\/www.psib-psoe.org\/eivissa\/"},{"@type":"ListItem","position":2,"name":"El PSOE responsabilitza Marcos Serra de la crisi dels vessaments a les platges de Sant Antoni"}]},{"@type":"WebSite","@id":"https:\/\/www.psib-psoe.org\/eivissa\/#website","url":"https:\/\/www.psib-psoe.org\/eivissa\/","name":"Federaci\u00f3 Socialista d'Eivissa","description":"Socialistes d&#039;Eivissa","publisher":{"@id":"https:\/\/www.psib-psoe.org\/eivissa\/#organization"},"potentialAction":[{"@type":"SearchAction","target":{"@type":"EntryPoint","urlTemplate":"https:\/\/www.psib-psoe.org\/eivissa\/?s={search_term_string}"},"query-input":{"@type":"PropertyValueSpecification","valueRequired":true,"valueName":"search_term_string"}}],"inLanguage":"ca"},{"@type":"Organization","@id":"https:\/\/www.psib-psoe.org\/eivissa\/#organization","name":"Federaci\u00f3 Socialista d'Eivissa","url":"https:\/\/www.psib-psoe.org\/eivissa\/","logo":{"@type":"ImageObject","inLanguage":"ca","@id":"https:\/\/www.psib-psoe.org\/eivissa\/#\/schema\/logo\/image\/","url":"https:\/\/www.psib-psoe.org\/eivissa\/wp-content\/uploads\/LOGO-FSE-SOCIALISTA-DEIVISSA-HORI.png","contentUrl":"https:\/\/www.psib-psoe.org\/eivissa\/wp-content\/uploads\/LOGO-FSE-SOCIALISTA-DEIVISSA-HORI.png","width":6000,"height":3104,"caption":"Federaci\u00f3 Socialista d'Eivissa"},"image":{"@id":"https:\/\/www.psib-psoe.org\/eivissa\/#\/schema\/logo\/image\/"}},{"@type":"Person","@id":"https:\/\/www.psib-psoe.org\/eivissa\/#\/schema\/person\/099ab3ef73a3645a1d7f303518e6ce24","name":"adminpsib","url":"https:\/\/www.psib-psoe.org\/eivissa\/author\/adminpsib\/"}]}},"_links":{"self":[{"href":"https:\/\/www.psib-psoe.org\/eivissa\/wp-json\/wp\/v2\/posts\/41054","targetHints":{"allow":["GET"]}}],"collection":[{"href":"https:\/\/www.psib-psoe.org\/eivissa\/wp-json\/wp\/v2\/posts"}],"about":[{"href":"https:\/\/www.psib-psoe.org\/eivissa\/wp-json\/wp\/v2\/types\/post"}],"author":[{"embeddable":true,"href":"https:\/\/www.psib-psoe.org\/eivissa\/wp-json\/wp\/v2\/users\/1"}],"replies":[{"embeddable":true,"href":"https:\/\/www.psib-psoe.org\/eivissa\/wp-json\/wp\/v2\/comments?post=41054"}],"version-history":[{"count":1,"href":"https:\/\/www.psib-psoe.org\/eivissa\/wp-json\/wp\/v2\/posts\/41054\/revisions"}],"predecessor-version":[{"id":41055,"href":"https:\/\/www.psib-psoe.org\/eivissa\/wp-json\/wp\/v2\/posts\/41054\/revisions\/41055"}],"wp:featuredmedia":[{"embeddable":true,"href":"https:\/\/www.psib-psoe.org\/eivissa\/wp-json\/wp\/v2\/media\/41056"}],"wp:attachment":[{"href":"https:\/\/www.psib-psoe.org\/eivissa\/wp-json\/wp\/v2\/media?parent=41054"}],"wp:term":[{"taxonomy":"category","embeddable":true,"href":"https:\/\/www.psib-psoe.org\/eivissa\/wp-json\/wp\/v2\/categories?post=41054"},{"taxonomy":"post_tag","embeddable":true,"href":"https:\/\/www.psib-psoe.org\/eivissa\/wp-json\/wp\/v2\/tags?post=41054"}],"curies":[{"name":"wp","href":"https:\/\/api.w.org\/{rel}","templated":true}]}}