{"id":41084,"date":"2025-07-28T14:18:44","date_gmt":"2025-07-28T12:18:44","guid":{"rendered":"https:\/\/www.psib-psoe.org\/eivissa\/?p=41084"},"modified":"2025-07-28T14:18:44","modified_gmt":"2025-07-28T12:18:44","slug":"politiques-dhabitatge-serveis-socials-i-atencio-als-majors-prioritats-en-la-nova-etapa-del-psoe-de-sant-joan-amb-carmen-roig-com-a-secretaria-general","status":"publish","type":"post","link":"https:\/\/www.psib-psoe.org\/eivissa\/politiques-dhabitatge-serveis-socials-i-atencio-als-majors-prioritats-en-la-nova-etapa-del-psoe-de-sant-joan-amb-carmen-roig-com-a-secretaria-general\/","title":{"rendered":"Pol\u00edtiques d\u2019habitatge, serveis socials i atenci\u00f3 als majors, prioritats en la nova etapa del PSOE de Sant Joan amb Carmen Roig com a secret\u00e0ria general"},"content":{"rendered":"\n<p>L\u2019assemblea de l\u2019Agrupaci\u00f3 Socialista de Sant Joan de Labritja ha aprovat aquest dilluns la renovaci\u00f3 de la seva executiva local, que continuar\u00e0 liderada per Carmen Roig com a secret\u00e0ria general. L\u2019acompanyaran en aquesta nova etapa Eleuteria Casanova, com a presidenta, I\u00f1aki de Er\u00f3stegui, secretari d\u2019Organitzaci\u00f3, i Pep Torres \u2018Peret\u2019, com a secretari de Pol\u00edtica Municipal.<\/p>\n\n\n\n<p>La nova executiva s\u2019ha marcat com a principals l\u00ednies d\u2019acci\u00f3 el desenvolupament de pol\u00edtiques p\u00fabliques d\u2019habitatge, la millora dels serveis socials i de l\u2019atenci\u00f3 a la gent gran, la renovaci\u00f3 de les infraestructures municipals, l\u2019impuls d\u2019un model tur\u00edstic sostenible i la defensa del territori i dels valors ambientals del municipi.<\/p>\n\n\n\n<p>Carmen Roig ha destacat que el PSOE de Sant Joan \u201cvol ser una eina \u00fatil per als vesins i vesines, capa\u00e7 de donar resposta als grans reptes que tenim com a municipi, amb una mirada progressista, valenta i compromesa amb les persones\u201d. La secret\u00e0ria general ha defensat que \u201c\u00e9s hora de posar en marxa pol\u00edtiques transformadores que millorin la qualitat de vida dels ciutadans i ciutadanes de Sant Joan, especialment dels joves, de la gent gran i de les fam\u00edlies treballadores\u201d.<\/p>\n\n\n\n<p>Amb aquest nou equip, el PSOE de Sant Joan refor\u00e7a la seua pres\u00e8ncia al municipi i es prepara per afrontar els pr\u00f2xims anys amb \u201cvoluntat de creixement i de lideratge social i pol\u00edtic en totes aquelles q\u00fcestions que continuen abandonades per part del Partit Popular\u201d.<\/p>\n","protected":false},"excerpt":{"rendered":"<p>L\u2019assemblea de l\u2019Agrupaci\u00f3 Socialista de Sant Joan de Labritja ha aprovat aquest dilluns la renovaci\u00f3 de la seva executiva local, que continuar\u00e0 liderada per Carmen Roig com a secret\u00e0ria general. L\u2019acompanyaran en aquesta nova etapa Eleuteria Casanova, com a presidenta, I\u00f1aki de Er\u00f3stegui, secretari d\u2019Organitzaci\u00f3, i Pep Torres \u2018Peret\u2019, com a secretari de Pol\u00edtica Municipal.&hellip;<\/p>\n","protected":false},"author":1,"featured_media":41083,"comment_status":"closed","ping_status":"closed","sticky":false,"template":"","format":"standard","meta":{"footnotes":""},"categories":[1,212,234,189],"tags":[],"class_list":["post-41084","post","type-post","status-publish","format-standard","has-post-thumbnail","hentry","category-federacio-de-eivissa-portada","category-fse-psoe","category-municipis","category-sant-joan-de-labritja"],"yoast_head":"<!-- This site is optimized with the Yoast SEO plugin v26.9 - https:\/\/yoast.com\/product\/yoast-seo-wordpress\/ -->\n<title>Pol\u00edtiques d\u2019habitatge, serveis socials i atenci\u00f3 als majors, prioritats en la nova etapa del PSOE de Sant Joan amb Carmen Roig com a secret\u00e0ria general - Federaci\u00f3 Socialista d&#039;Eivissa<\/title>\n<meta name=\"robots\" content=\"index, follow, max-snippet:-1, max-image-preview:large, max-video-preview:-1\" \/>\n<link rel=\"canonical\" href=\"https:\/\/www.psib-psoe.org\/eivissa\/politiques-dhabitatge-serveis-socials-i-atencio-als-majors-prioritats-en-la-nova-etapa-del-psoe-de-sant-joan-amb-carmen-roig-com-a-secretaria-general\/\" \/>\n<meta property=\"og:locale\" content=\"ca_ES\" \/>\n<meta property=\"og:type\" content=\"article\" \/>\n<meta property=\"og:title\" content=\"Pol\u00edtiques d\u2019habitatge, serveis socials i atenci\u00f3 als majors, prioritats en la nova etapa del PSOE de Sant Joan amb Carmen Roig com a secret\u00e0ria general - Federaci\u00f3 Socialista d&#039;Eivissa\" \/>\n<meta property=\"og:description\" content=\"L\u2019assemblea de l\u2019Agrupaci\u00f3 Socialista de Sant Joan de Labritja ha aprovat aquest dilluns la renovaci\u00f3 de la seva executiva local, que continuar\u00e0 liderada per Carmen Roig com a secret\u00e0ria general. L\u2019acompanyaran en aquesta nova etapa Eleuteria Casanova, com a presidenta, I\u00f1aki de Er\u00f3stegui, secretari d\u2019Organitzaci\u00f3, i Pep Torres \u2018Peret\u2019, com a secretari de Pol\u00edtica Municipal.&hellip;\" \/>\n<meta property=\"og:url\" content=\"https:\/\/www.psib-psoe.org\/eivissa\/politiques-dhabitatge-serveis-socials-i-atencio-als-majors-prioritats-en-la-nova-etapa-del-psoe-de-sant-joan-amb-carmen-roig-com-a-secretaria-general\/\" \/>\n<meta property=\"og:site_name\" content=\"Federaci\u00f3 Socialista d&#039;Eivissa\" \/>\n<meta property=\"article:published_time\" content=\"2025-07-28T12:18:44+00:00\" \/>\n<meta property=\"og:image\" content=\"https:\/\/www.psib-psoe.org\/eivissa\/wp-content\/uploads\/img_5724.jpg\" \/>\n\t<meta property=\"og:image:width\" content=\"2000\" \/>\n\t<meta property=\"og:image:height\" content=\"1500\" \/>\n\t<meta property=\"og:image:type\" content=\"image\/jpeg\" \/>\n<meta name=\"author\" content=\"adminpsib\" \/>\n<meta name=\"twitter:card\" content=\"summary_large_image\" \/>\n<meta name=\"twitter:label1\" content=\"Escrit per\" \/>\n\t<meta name=\"twitter:data1\" content=\"adminpsib\" \/>\n\t<meta name=\"twitter:label2\" content=\"Temps estimat de lectura\" \/>\n\t<meta name=\"twitter:data2\" content=\"1 minut\" \/>\n<script type=\"application\/ld+json\" class=\"yoast-schema-graph\">{\"@context\":\"https:\/\/schema.org\",\"@graph\":[{\"@type\":[\"Article\",\"BlogPosting\"],\"@id\":\"https:\/\/www.psib-psoe.org\/eivissa\/politiques-dhabitatge-serveis-socials-i-atencio-als-majors-prioritats-en-la-nova-etapa-del-psoe-de-sant-joan-amb-carmen-roig-com-a-secretaria-general\/#article\",\"isPartOf\":{\"@id\":\"https:\/\/www.psib-psoe.org\/eivissa\/politiques-dhabitatge-serveis-socials-i-atencio-als-majors-prioritats-en-la-nova-etapa-del-psoe-de-sant-joan-amb-carmen-roig-com-a-secretaria-general\/\"},\"author\":{\"name\":\"adminpsib\",\"@id\":\"https:\/\/www.psib-psoe.org\/eivissa\/#\/schema\/person\/099ab3ef73a3645a1d7f303518e6ce24\"},\"headline\":\"Pol\u00edtiques d\u2019habitatge, serveis socials i atenci\u00f3 als majors, prioritats en la nova etapa del PSOE de Sant Joan amb Carmen Roig com a secret\u00e0ria general\",\"datePublished\":\"2025-07-28T12:18:44+00:00\",\"mainEntityOfPage\":{\"@id\":\"https:\/\/www.psib-psoe.org\/eivissa\/politiques-dhabitatge-serveis-socials-i-atencio-als-majors-prioritats-en-la-nova-etapa-del-psoe-de-sant-joan-amb-carmen-roig-com-a-secretaria-general\/\"},\"wordCount\":285,\"publisher\":{\"@id\":\"https:\/\/www.psib-psoe.org\/eivissa\/#organization\"},\"image\":{\"@id\":\"https:\/\/www.psib-psoe.org\/eivissa\/politiques-dhabitatge-serveis-socials-i-atencio-als-majors-prioritats-en-la-nova-etapa-del-psoe-de-sant-joan-amb-carmen-roig-com-a-secretaria-general\/#primaryimage\"},\"thumbnailUrl\":\"https:\/\/www.psib-psoe.org\/eivissa\/wp-content\/uploads\/img_5724.jpg\",\"articleSection\":[\"Federaci\u00f3 d'Eivissa - Portada\",\"FSE-PSOE\",\"Municipis\",\"Sant Joan de Labritja\"],\"inLanguage\":\"ca\"},{\"@type\":\"WebPage\",\"@id\":\"https:\/\/www.psib-psoe.org\/eivissa\/politiques-dhabitatge-serveis-socials-i-atencio-als-majors-prioritats-en-la-nova-etapa-del-psoe-de-sant-joan-amb-carmen-roig-com-a-secretaria-general\/\",\"url\":\"https:\/\/www.psib-psoe.org\/eivissa\/politiques-dhabitatge-serveis-socials-i-atencio-als-majors-prioritats-en-la-nova-etapa-del-psoe-de-sant-joan-amb-carmen-roig-com-a-secretaria-general\/\",\"name\":\"Pol\u00edtiques d\u2019habitatge, serveis socials i atenci\u00f3 als majors, prioritats en la nova etapa del PSOE de Sant Joan amb Carmen Roig com a secret\u00e0ria general - Federaci\u00f3 Socialista d&#039;Eivissa\",\"isPartOf\":{\"@id\":\"https:\/\/www.psib-psoe.org\/eivissa\/#website\"},\"primaryImageOfPage\":{\"@id\":\"https:\/\/www.psib-psoe.org\/eivissa\/politiques-dhabitatge-serveis-socials-i-atencio-als-majors-prioritats-en-la-nova-etapa-del-psoe-de-sant-joan-amb-carmen-roig-com-a-secretaria-general\/#primaryimage\"},\"image\":{\"@id\":\"https:\/\/www.psib-psoe.org\/eivissa\/politiques-dhabitatge-serveis-socials-i-atencio-als-majors-prioritats-en-la-nova-etapa-del-psoe-de-sant-joan-amb-carmen-roig-com-a-secretaria-general\/#primaryimage\"},\"thumbnailUrl\":\"https:\/\/www.psib-psoe.org\/eivissa\/wp-content\/uploads\/img_5724.jpg\",\"datePublished\":\"2025-07-28T12:18:44+00:00\",\"breadcrumb\":{\"@id\":\"https:\/\/www.psib-psoe.org\/eivissa\/politiques-dhabitatge-serveis-socials-i-atencio-als-majors-prioritats-en-la-nova-etapa-del-psoe-de-sant-joan-amb-carmen-roig-com-a-secretaria-general\/#breadcrumb\"},\"inLanguage\":\"ca\",\"potentialAction\":[{\"@type\":\"ReadAction\",\"target\":[\"https:\/\/www.psib-psoe.org\/eivissa\/politiques-dhabitatge-serveis-socials-i-atencio-als-majors-prioritats-en-la-nova-etapa-del-psoe-de-sant-joan-amb-carmen-roig-com-a-secretaria-general\/\"]}]},{\"@type\":\"ImageObject\",\"inLanguage\":\"ca\",\"@id\":\"https:\/\/www.psib-psoe.org\/eivissa\/politiques-dhabitatge-serveis-socials-i-atencio-als-majors-prioritats-en-la-nova-etapa-del-psoe-de-sant-joan-amb-carmen-roig-com-a-secretaria-general\/#primaryimage\",\"url\":\"https:\/\/www.psib-psoe.org\/eivissa\/wp-content\/uploads\/img_5724.jpg\",\"contentUrl\":\"https:\/\/www.psib-psoe.org\/eivissa\/wp-content\/uploads\/img_5724.jpg\",\"width\":2000,\"height\":1500},{\"@type\":\"BreadcrumbList\",\"@id\":\"https:\/\/www.psib-psoe.org\/eivissa\/politiques-dhabitatge-serveis-socials-i-atencio-als-majors-prioritats-en-la-nova-etapa-del-psoe-de-sant-joan-amb-carmen-roig-com-a-secretaria-general\/#breadcrumb\",\"itemListElement\":[{\"@type\":\"ListItem\",\"position\":1,\"name\":\"Inici\",\"item\":\"https:\/\/www.psib-psoe.org\/eivissa\/\"},{\"@type\":\"ListItem\",\"position\":2,\"name\":\"Pol\u00edtiques d\u2019habitatge, serveis socials i atenci\u00f3 als majors, prioritats en la nova etapa del PSOE de Sant Joan amb Carmen Roig com a secret\u00e0ria general\"}]},{\"@type\":\"WebSite\",\"@id\":\"https:\/\/www.psib-psoe.org\/eivissa\/#website\",\"url\":\"https:\/\/www.psib-psoe.org\/eivissa\/\",\"name\":\"Federaci\u00f3 Socialista d'Eivissa\",\"description\":\"Socialistes d&#039;Eivissa\",\"publisher\":{\"@id\":\"https:\/\/www.psib-psoe.org\/eivissa\/#organization\"},\"potentialAction\":[{\"@type\":\"SearchAction\",\"target\":{\"@type\":\"EntryPoint\",\"urlTemplate\":\"https:\/\/www.psib-psoe.org\/eivissa\/?s={search_term_string}\"},\"query-input\":{\"@type\":\"PropertyValueSpecification\",\"valueRequired\":true,\"valueName\":\"search_term_string\"}}],\"inLanguage\":\"ca\"},{\"@type\":\"Organization\",\"@id\":\"https:\/\/www.psib-psoe.org\/eivissa\/#organization\",\"name\":\"Federaci\u00f3 Socialista d'Eivissa\",\"url\":\"https:\/\/www.psib-psoe.org\/eivissa\/\",\"logo\":{\"@type\":\"ImageObject\",\"inLanguage\":\"ca\",\"@id\":\"https:\/\/www.psib-psoe.org\/eivissa\/#\/schema\/logo\/image\/\",\"url\":\"https:\/\/www.psib-psoe.org\/eivissa\/wp-content\/uploads\/LOGO-FSE-SOCIALISTA-DEIVISSA-HORI.png\",\"contentUrl\":\"https:\/\/www.psib-psoe.org\/eivissa\/wp-content\/uploads\/LOGO-FSE-SOCIALISTA-DEIVISSA-HORI.png\",\"width\":6000,\"height\":3104,\"caption\":\"Federaci\u00f3 Socialista d'Eivissa\"},\"image\":{\"@id\":\"https:\/\/www.psib-psoe.org\/eivissa\/#\/schema\/logo\/image\/\"}},{\"@type\":\"Person\",\"@id\":\"https:\/\/www.psib-psoe.org\/eivissa\/#\/schema\/person\/099ab3ef73a3645a1d7f303518e6ce24\",\"name\":\"adminpsib\",\"url\":\"https:\/\/www.psib-psoe.org\/eivissa\/author\/adminpsib\/\"}]}<\/script>\n<!-- \/ Yoast SEO plugin. -->","yoast_head_json":{"title":"Pol\u00edtiques d\u2019habitatge, serveis socials i atenci\u00f3 als majors, prioritats en la nova etapa del PSOE de Sant Joan amb Carmen Roig com a secret\u00e0ria general - Federaci\u00f3 Socialista d&#039;Eivissa","robots":{"index":"index","follow":"follow","max-snippet":"max-snippet:-1","max-image-preview":"max-image-preview:large","max-video-preview":"max-video-preview:-1"},"canonical":"https:\/\/www.psib-psoe.org\/eivissa\/politiques-dhabitatge-serveis-socials-i-atencio-als-majors-prioritats-en-la-nova-etapa-del-psoe-de-sant-joan-amb-carmen-roig-com-a-secretaria-general\/","og_locale":"ca_ES","og_type":"article","og_title":"Pol\u00edtiques d\u2019habitatge, serveis socials i atenci\u00f3 als majors, prioritats en la nova etapa del PSOE de Sant Joan amb Carmen Roig com a secret\u00e0ria general - Federaci\u00f3 Socialista d&#039;Eivissa","og_description":"L\u2019assemblea de l\u2019Agrupaci\u00f3 Socialista de Sant Joan de Labritja ha aprovat aquest dilluns la renovaci\u00f3 de la seva executiva local, que continuar\u00e0 liderada per Carmen Roig com a secret\u00e0ria general. L\u2019acompanyaran en aquesta nova etapa Eleuteria Casanova, com a presidenta, I\u00f1aki de Er\u00f3stegui, secretari d\u2019Organitzaci\u00f3, i Pep Torres \u2018Peret\u2019, com a secretari de Pol\u00edtica Municipal.&hellip;","og_url":"https:\/\/www.psib-psoe.org\/eivissa\/politiques-dhabitatge-serveis-socials-i-atencio-als-majors-prioritats-en-la-nova-etapa-del-psoe-de-sant-joan-amb-carmen-roig-com-a-secretaria-general\/","og_site_name":"Federaci\u00f3 Socialista d&#039;Eivissa","article_published_time":"2025-07-28T12:18:44+00:00","og_image":[{"width":2000,"height":1500,"url":"https:\/\/www.psib-psoe.org\/eivissa\/wp-content\/uploads\/img_5724.jpg","type":"image\/jpeg"}],"author":"adminpsib","twitter_card":"summary_large_image","twitter_misc":{"Escrit per":"adminpsib","Temps estimat de lectura":"1 minut"},"schema":{"@context":"https:\/\/schema.org","@graph":[{"@type":["Article","BlogPosting"],"@id":"https:\/\/www.psib-psoe.org\/eivissa\/politiques-dhabitatge-serveis-socials-i-atencio-als-majors-prioritats-en-la-nova-etapa-del-psoe-de-sant-joan-amb-carmen-roig-com-a-secretaria-general\/#article","isPartOf":{"@id":"https:\/\/www.psib-psoe.org\/eivissa\/politiques-dhabitatge-serveis-socials-i-atencio-als-majors-prioritats-en-la-nova-etapa-del-psoe-de-sant-joan-amb-carmen-roig-com-a-secretaria-general\/"},"author":{"name":"adminpsib","@id":"https:\/\/www.psib-psoe.org\/eivissa\/#\/schema\/person\/099ab3ef73a3645a1d7f303518e6ce24"},"headline":"Pol\u00edtiques d\u2019habitatge, serveis socials i atenci\u00f3 als majors, prioritats en la nova etapa del PSOE de Sant Joan amb Carmen Roig com a secret\u00e0ria general","datePublished":"2025-07-28T12:18:44+00:00","mainEntityOfPage":{"@id":"https:\/\/www.psib-psoe.org\/eivissa\/politiques-dhabitatge-serveis-socials-i-atencio-als-majors-prioritats-en-la-nova-etapa-del-psoe-de-sant-joan-amb-carmen-roig-com-a-secretaria-general\/"},"wordCount":285,"publisher":{"@id":"https:\/\/www.psib-psoe.org\/eivissa\/#organization"},"image":{"@id":"https:\/\/www.psib-psoe.org\/eivissa\/politiques-dhabitatge-serveis-socials-i-atencio-als-majors-prioritats-en-la-nova-etapa-del-psoe-de-sant-joan-amb-carmen-roig-com-a-secretaria-general\/#primaryimage"},"thumbnailUrl":"https:\/\/www.psib-psoe.org\/eivissa\/wp-content\/uploads\/img_5724.jpg","articleSection":["Federaci\u00f3 d'Eivissa - Portada","FSE-PSOE","Municipis","Sant Joan de Labritja"],"inLanguage":"ca"},{"@type":"WebPage","@id":"https:\/\/www.psib-psoe.org\/eivissa\/politiques-dhabitatge-serveis-socials-i-atencio-als-majors-prioritats-en-la-nova-etapa-del-psoe-de-sant-joan-amb-carmen-roig-com-a-secretaria-general\/","url":"https:\/\/www.psib-psoe.org\/eivissa\/politiques-dhabitatge-serveis-socials-i-atencio-als-majors-prioritats-en-la-nova-etapa-del-psoe-de-sant-joan-amb-carmen-roig-com-a-secretaria-general\/","name":"Pol\u00edtiques d\u2019habitatge, serveis socials i atenci\u00f3 als majors, prioritats en la nova etapa del PSOE de Sant Joan amb Carmen Roig com a secret\u00e0ria general - Federaci\u00f3 Socialista d&#039;Eivissa","isPartOf":{"@id":"https:\/\/www.psib-psoe.org\/eivissa\/#website"},"primaryImageOfPage":{"@id":"https:\/\/www.psib-psoe.org\/eivissa\/politiques-dhabitatge-serveis-socials-i-atencio-als-majors-prioritats-en-la-nova-etapa-del-psoe-de-sant-joan-amb-carmen-roig-com-a-secretaria-general\/#primaryimage"},"image":{"@id":"https:\/\/www.psib-psoe.org\/eivissa\/politiques-dhabitatge-serveis-socials-i-atencio-als-majors-prioritats-en-la-nova-etapa-del-psoe-de-sant-joan-amb-carmen-roig-com-a-secretaria-general\/#primaryimage"},"thumbnailUrl":"https:\/\/www.psib-psoe.org\/eivissa\/wp-content\/uploads\/img_5724.jpg","datePublished":"2025-07-28T12:18:44+00:00","breadcrumb":{"@id":"https:\/\/www.psib-psoe.org\/eivissa\/politiques-dhabitatge-serveis-socials-i-atencio-als-majors-prioritats-en-la-nova-etapa-del-psoe-de-sant-joan-amb-carmen-roig-com-a-secretaria-general\/#breadcrumb"},"inLanguage":"ca","potentialAction":[{"@type":"ReadAction","target":["https:\/\/www.psib-psoe.org\/eivissa\/politiques-dhabitatge-serveis-socials-i-atencio-als-majors-prioritats-en-la-nova-etapa-del-psoe-de-sant-joan-amb-carmen-roig-com-a-secretaria-general\/"]}]},{"@type":"ImageObject","inLanguage":"ca","@id":"https:\/\/www.psib-psoe.org\/eivissa\/politiques-dhabitatge-serveis-socials-i-atencio-als-majors-prioritats-en-la-nova-etapa-del-psoe-de-sant-joan-amb-carmen-roig-com-a-secretaria-general\/#primaryimage","url":"https:\/\/www.psib-psoe.org\/eivissa\/wp-content\/uploads\/img_5724.jpg","contentUrl":"https:\/\/www.psib-psoe.org\/eivissa\/wp-content\/uploads\/img_5724.jpg","width":2000,"height":1500},{"@type":"BreadcrumbList","@id":"https:\/\/www.psib-psoe.org\/eivissa\/politiques-dhabitatge-serveis-socials-i-atencio-als-majors-prioritats-en-la-nova-etapa-del-psoe-de-sant-joan-amb-carmen-roig-com-a-secretaria-general\/#breadcrumb","itemListElement":[{"@type":"ListItem","position":1,"name":"Inici","item":"https:\/\/www.psib-psoe.org\/eivissa\/"},{"@type":"ListItem","position":2,"name":"Pol\u00edtiques d\u2019habitatge, serveis socials i atenci\u00f3 als majors, prioritats en la nova etapa del PSOE de Sant Joan amb Carmen Roig com a secret\u00e0ria general"}]},{"@type":"WebSite","@id":"https:\/\/www.psib-psoe.org\/eivissa\/#website","url":"https:\/\/www.psib-psoe.org\/eivissa\/","name":"Federaci\u00f3 Socialista d'Eivissa","description":"Socialistes d&#039;Eivissa","publisher":{"@id":"https:\/\/www.psib-psoe.org\/eivissa\/#organization"},"potentialAction":[{"@type":"SearchAction","target":{"@type":"EntryPoint","urlTemplate":"https:\/\/www.psib-psoe.org\/eivissa\/?s={search_term_string}"},"query-input":{"@type":"PropertyValueSpecification","valueRequired":true,"valueName":"search_term_string"}}],"inLanguage":"ca"},{"@type":"Organization","@id":"https:\/\/www.psib-psoe.org\/eivissa\/#organization","name":"Federaci\u00f3 Socialista d'Eivissa","url":"https:\/\/www.psib-psoe.org\/eivissa\/","logo":{"@type":"ImageObject","inLanguage":"ca","@id":"https:\/\/www.psib-psoe.org\/eivissa\/#\/schema\/logo\/image\/","url":"https:\/\/www.psib-psoe.org\/eivissa\/wp-content\/uploads\/LOGO-FSE-SOCIALISTA-DEIVISSA-HORI.png","contentUrl":"https:\/\/www.psib-psoe.org\/eivissa\/wp-content\/uploads\/LOGO-FSE-SOCIALISTA-DEIVISSA-HORI.png","width":6000,"height":3104,"caption":"Federaci\u00f3 Socialista d'Eivissa"},"image":{"@id":"https:\/\/www.psib-psoe.org\/eivissa\/#\/schema\/logo\/image\/"}},{"@type":"Person","@id":"https:\/\/www.psib-psoe.org\/eivissa\/#\/schema\/person\/099ab3ef73a3645a1d7f303518e6ce24","name":"adminpsib","url":"https:\/\/www.psib-psoe.org\/eivissa\/author\/adminpsib\/"}]}},"_links":{"self":[{"href":"https:\/\/www.psib-psoe.org\/eivissa\/wp-json\/wp\/v2\/posts\/41084","targetHints":{"allow":["GET"]}}],"collection":[{"href":"https:\/\/www.psib-psoe.org\/eivissa\/wp-json\/wp\/v2\/posts"}],"about":[{"href":"https:\/\/www.psib-psoe.org\/eivissa\/wp-json\/wp\/v2\/types\/post"}],"author":[{"embeddable":true,"href":"https:\/\/www.psib-psoe.org\/eivissa\/wp-json\/wp\/v2\/users\/1"}],"replies":[{"embeddable":true,"href":"https:\/\/www.psib-psoe.org\/eivissa\/wp-json\/wp\/v2\/comments?post=41084"}],"version-history":[{"count":1,"href":"https:\/\/www.psib-psoe.org\/eivissa\/wp-json\/wp\/v2\/posts\/41084\/revisions"}],"predecessor-version":[{"id":41085,"href":"https:\/\/www.psib-psoe.org\/eivissa\/wp-json\/wp\/v2\/posts\/41084\/revisions\/41085"}],"wp:featuredmedia":[{"embeddable":true,"href":"https:\/\/www.psib-psoe.org\/eivissa\/wp-json\/wp\/v2\/media\/41083"}],"wp:attachment":[{"href":"https:\/\/www.psib-psoe.org\/eivissa\/wp-json\/wp\/v2\/media?parent=41084"}],"wp:term":[{"taxonomy":"category","embeddable":true,"href":"https:\/\/www.psib-psoe.org\/eivissa\/wp-json\/wp\/v2\/categories?post=41084"},{"taxonomy":"post_tag","embeddable":true,"href":"https:\/\/www.psib-psoe.org\/eivissa\/wp-json\/wp\/v2\/tags?post=41084"}],"curies":[{"name":"wp","href":"https:\/\/api.w.org\/{rel}","templated":true}]}}