{"id":41100,"date":"2025-07-30T12:41:28","date_gmt":"2025-07-30T10:41:28","guid":{"rendered":"https:\/\/www.psib-psoe.org\/eivissa\/?p=41100"},"modified":"2025-07-30T12:41:28","modified_gmt":"2025-07-30T10:41:28","slug":"el-psoe-denuncia-la-falta-de-serveis-de-residencia-de-majors-i-dependencia-per-culpa-de-la-inaccio-del-pp-de-vicent-mari-i-marga-prohens-deficit-de-500-places-200-persones-en-llistes-desper","status":"publish","type":"post","link":"https:\/\/www.psib-psoe.org\/eivissa\/el-psoe-denuncia-la-falta-de-serveis-de-residencia-de-majors-i-dependencia-per-culpa-de-la-inaccio-del-pp-de-vicent-mari-i-marga-prohens-deficit-de-500-places-200-persones-en-llistes-desper\/","title":{"rendered":"El PSOE denuncia la falta de serveis de resid\u00e8ncia de majors i depend\u00e8ncia per culpa de la inacci\u00f3 del PP de Vicent Mar\u00ed i Marga Prohens: D\u00e8ficit de 500 places, 200 persones en llistes d\u2019espera i negativa a utilitzar els terrenys de Sant Josep cedits en her\u00e8ncia per un particular a condici\u00f3 de construir-hi un centre residencial"},"content":{"rendered":"<p>El secretari general de la Federaci\u00f3 Socialista d\u2019Eivissa, Vicent Rosell\u00f3, ha comparegut avui davant la finca de Vila Ot\u00edlia, a Sant Josep de sa Talaia, per presentar la moci\u00f3 que el PSOE defensar\u00e0 en el pr\u00f2xim ple del Consell Insular i de l\u2019Ajuntament de Sant Josep de sa Talaia amb l\u2019objectiu de garantir una atenci\u00f3 p\u00fablica i digna a les persones majors i dependents. Acompanyat d\u2019Elena L\u00f3pez Bonet, portaveu del PSOE al Consell Insular, Omar Lamin, diputat del PSIB-PSOE al Parlament de les Illes Balears, Carmen Boned, secret\u00e0ria de Drets Socials de la Federaci\u00f3 Socialista d&#8217;Eivissa, i Pilar Ribas, portaveu del PSOE a l&#8217;Ajuntament de Sant Josep, Vicent Rosell\u00f3 ha denunciat el que ha qualificat de \u201csis anys d\u2019inacci\u00f3 de Vicent Mar\u00ed i el Partit Popular en mat\u00e8ria de resid\u00e8ncies\u201d.<\/p>\n<p>\u201cEn la legislatura anterior, Vicent Mar\u00ed no va voler donar ni una passa endavant. En aquesta, ni tan sols dissimulen: tot est\u00e0 abandonat. Dona l\u2019esquena als nostres majors\u201d, ha declarat Rosell\u00f3, que ha criticat durament l\u2019actitud de Vicent Mar\u00ed. \u201c\u00c9s un president que no exerceix les compet\u00e8ncies que li pertoquen. Una deixadesa injustificable en mat\u00e8ria social\u201d.<\/p>\n<p>Segons el dirigent socialista, la situaci\u00f3 de les resid\u00e8ncies a Eivissa \u00e9s de col\u00b7lapse: \u201cNecessitam m\u00e9s de 1.000 places p\u00fabliques i nom\u00e9s en tenim disponibles menys de la meitat. Per tant, el d\u00e8ficit seria ara mateix de m\u00e9s de 500 places. Tenim una llista d\u2019espera insostenible, amb 200 persones esperant una pla\u00e7a de resid\u00e8ncia p\u00fablica\u201d.<\/p>\n<p>A m\u00e9s, Rosell\u00f3 ha assenyalat la falta de responsabilitat institucional del Consell: \u201cEivissa \u00e9s l\u2019\u00fanic consell insular que no assumeix la gesti\u00f3 directa de les seues resid\u00e8ncies p\u00fabliques: Can Blai, Sa Serra i Can Raspalls. A difer\u00e8ncia de Mallorca i Menorca, Vicent Mar\u00ed no vol assumir les seues compet\u00e8ncies\u201d.<\/p>\n<p>Davant aquesta situaci\u00f3, el PSOE ha presentat una proposta que passa, segons ha detallat Rosell\u00f3, per \u201cassumir ja la gesti\u00f3 directa de les resid\u00e8ncies p\u00fabliques, exigir al Govern Balear finan\u00e7ament suficient i immediat, i crear un Pla Insular d\u2019Infraestructures Socials\u201d. Aquest pla hauria de permetre \u201carribar a la r\u00e0tio m\u00ednima de 5 places per cada 100 persones majors de 65 anys, tal com recomana l\u2019OMS, i incloure una planificaci\u00f3 territorial de noves places residencials i centres de dia\u201d.<\/p>\n<p>Tamb\u00e9 ha avan\u00e7at que els socialistes aposten per \u201cconstruir noves resid\u00e8ncies p\u00fabliques amb la participaci\u00f3 dels ajuntaments i la cessi\u00f3 de terrenys\u201d, i ha destacat que \u201cla nova resid\u00e8ncia a Sant Josep ha de ser una prioritat\u201d. En aquest sentit, ha remarcat el valor de la ubicaci\u00f3 on s\u2019ha celebrat la roda de premsa: \u201cS\u00f3n aquests terrenys que tenim aqu\u00ed, la finca de Vila Ot\u00edlia, una parcel\u00b7la de 70.000 metres quadrats que els seus propietaris, qui va ser alcalde de Sant Josep Josep Tur Serra \u2018Coques\u2019 i la seua esposa Ot\u00edlia Torres Palau, varen cedir a l\u2019Ajuntament en her\u00e8ncia per construir-hi una resid\u00e8ncia de majors a Sant Josep. Una oportunitat real i generosa que no es pot deixar passar\u201d.<\/p>\n<p>Entre les peticions socialistes, que el Govern Balear ha d\u2019elaborar urgentment un Pla auton\u00f2mic de Places Residencials i de Centres de Dia, amb previsions anuals, mapatge territorial, assignaci\u00f3 pressupost\u00e0ria i calendari d\u2019execuci\u00f3, amb participaci\u00f3 dels ajuntaments i entitats socials.<\/p>\n<p>Rosell\u00f3 ha advertit que \u201cels nostres majors i persones dependents no poden esperar m\u00e9s. Vicent Mar\u00ed t\u00e9 les compet\u00e8ncies, els recursos i ara tamb\u00e9 la proposta sobre la taula. Si no actua, ser\u00e0 responsable directe de continuar amb un sistema col\u00b7lapsat i indigne. Des del PSOE d\u2019Eivissa, estam preparats per liderar aquest canvi. I exigim que es posin les persones majors al centre de les pol\u00edtiques p\u00fabliques\u201d.<\/p>\n<p>Per la seva banda, el diputat del PSIB-PSOE al Parlament de les Illes Balears, Omar Lamin, ha volgut posar l\u2019accent en la situaci\u00f3 del sistema de depend\u00e8ncia a l\u2019illa. \u201cDes que governa Marga Prohens, 6 de cada 10 persones s\u00f3n valorades fora del termini legal establert per la Llei de Depend\u00e8ncia. Aquest col\u00b7lapse, que afecta tot les Balears, a Eivissa \u00e9s encara m\u00e9s greu, perqu\u00e8 s\u2019hi sumen anys de deixadesa, de falta de planificaci\u00f3 i de boicot institucional per part del PP\u201d.<\/p>\n<p>Lam\u00edn ha detallat les xifres que evidencien la degradaci\u00f3 del sistema: \u201cA finals de 2024 hi havia 353 persones amb dret a prestaci\u00f3 de depend\u00e8ncia sense el servei que els correspon per dret. Hi ha prop de 300 persones en llista d\u2019espera per rebre ajuda a domicili segons les darreres dades de febrer de 2025, m\u00e9s del doble respecte de 2024. El temps d\u2019espera s\u2019ha duplicat arribant a prop de 300 dies d\u2019espera mitjana\u201d.<\/p>\n<p>El diputat ha afegit que \u201chi ha 36 persones esperant una pla\u00e7a en un centre de dia, amb una espera mitjana que ha duplicat arribant a prop de 200 dies. I prop de 200 persones en llista d\u2019espera per accedir a una pla\u00e7a de resid\u00e8ncia, un increment de 45 persones m\u00e9s respecte d\u2019abril de 2024. L\u2019espera per una pla\u00e7a residencial supera els 170 dies\u201d.<\/p>\n<p>Mentre les llistes d\u2019espera s\u2019allarguen, Lamin ha denunciat que \u201cles fam\u00edlies es veuen for\u00e7ades a pagar fins a 4.000 euros al mes per una pla\u00e7a en una resid\u00e8ncia privada\u201d. I ha afegit: \u201cAquestes xifres no han deixat de cr\u00e9ixer en els darrers dos anys. Mentrestant, ni el Govern de Prohens ni el Consell de Vicent Mar\u00ed han fet res per revertir la situaci\u00f3. No hi ha hagut inversions, ni nous serveis, ni una sola pla\u00e7a creada. El balan\u00e7 \u00e9s clar: m\u00e9s espera, m\u00e9s precarietat, m\u00e9s desatenci\u00f3\u201d.<\/p>\n<p>Lam\u00edn ha remarcat que \u201cel Govern de Marga Prohens no garanteix el dret de les persones majors a envellir a ca seua amb dignitat. On abans hi havia drets reconeguts i serveis accessibles, ara hi ha esperes interminables i fam\u00edlies esgotades que han de pagar fins a 12.000 euros anuals per poder cuidar els seus\u201d.<\/p>\n<p>Finalment, ha recordat que \u201cel frac\u00e0s de la gesti\u00f3 del PP i de Vicent Mar\u00ed no \u00e9s nou. En la darrera legislatura ja va boicotejar activament qualsevol intent del Govern de Francina Armengol d\u2019impulsar noves infraestructures, negant la cessi\u00f3 de solars i mirant cap a una altra banda. I ara, amb tot el poder a les mans, ni tan sols ha estat capa\u00e7 de revertir aquella anomalia: avui, la gesti\u00f3 de les resid\u00e8ncies p\u00fabliques a Eivissa encara la fa el Govern, quan hauria de fer-la el Consell, com passa a totes les altres illes\u201d.<\/p>\n<p>Segons Lamin, aquest bloqueig \u201cno \u00e9s casual, \u00e9s ideol\u00f2gic. El Partit Popular no vol assumir la gesti\u00f3 de les resid\u00e8ncies p\u00fabliques perqu\u00e8 no vol posar ni un euro. Ara fins i tot intenten inventar una suposada \u2018cogesti\u00f3\u2019, una fugida endavant que nom\u00e9s intenta tapar la seva incapacitat. Per\u00f2 la realitat \u00e9s que l\u2019Estatut d\u2019Autonomia \u00e9s clar: les compet\u00e8ncies s\u00f3n dels consells insulars, i l\u2019\u00fanic que no les assumeix \u00e9s el d\u2019Eivissa\u201d.<\/p>\n<p>Tamb\u00e9 ha criticat la recent creaci\u00f3 d\u2019una nova direcci\u00f3 insular de depend\u00e8ncia: \u201cHan creat un nou xiringuito per intentar suplir la seva inacci\u00f3. Per\u00f2 aix\u00f2 no \u00e9s governar, \u00e9s dissimular el frac\u00e0s. Ni un solar cedit, ni una resid\u00e8ncia nova, ni una passa per fer efectiu el trasp\u00e0s de compet\u00e8ncies\u201d.<\/p>\n<p>\u201cEl Govern de Prohens ha destru\u00eft en dos anys el que cost\u00e0 vuit anys construir. Un sistema de drets, de serveis i d\u2019atenci\u00f3 a les persones, ara convertit en un laberint de retards, saturaci\u00f3 i desesperan\u00e7a\u201d, ha afirmat Lamin, que ha tancat la seua intervenci\u00f3 assegurant que \u201cdavant aquest abandonament institucional, des del Partit Socialista continuarem denunciant aquesta situaci\u00f3 i defensant el dret de totes les persones a ser ateses amb dignitat, sense esperes ni barreres. Els drets no poden esperar\u201d.<\/p>\n","protected":false},"excerpt":{"rendered":"<p>El secretari general de la Federaci\u00f3 Socialista d\u2019Eivissa, Vicent Rosell\u00f3, ha comparegut avui davant la finca de Vila Ot\u00edlia, a Sant Josep de sa Talaia, per presentar la moci\u00f3 que el PSOE defensar\u00e0 en el pr\u00f2xim ple del Consell Insular i de l\u2019Ajuntament de Sant Josep de sa Talaia amb l\u2019objectiu de garantir una atenci\u00f3&hellip;<\/p>\n","protected":false},"author":1,"featured_media":41101,"comment_status":"closed","ping_status":"closed","sticky":false,"template":"","format":"standard","meta":{"footnotes":""},"categories":[192,1,191,234,187],"tags":[],"class_list":["post-41100","post","type-post","status-publish","format-standard","has-post-thumbnail","hentry","category-consell-deivissa","category-federacio-de-eivissa-portada","category-govern-de-les-illes-balears-parlament","category-municipis","category-sant-josep-de-sa-talaia"],"yoast_head":"<!-- This site is optimized with the Yoast SEO plugin v26.9 - https:\/\/yoast.com\/product\/yoast-seo-wordpress\/ -->\n<title>El PSOE denuncia la falta de serveis de resid\u00e8ncia de majors i depend\u00e8ncia per culpa de la inacci\u00f3 del PP de Vicent Mar\u00ed i Marga Prohens: D\u00e8ficit de 500 places, 200 persones en llistes d\u2019espera i negativa a utilitzar els terrenys de Sant Josep cedits en her\u00e8ncia per un particular a condici\u00f3 de construir-hi un centre residencial - Federaci\u00f3 Socialista d&#039;Eivissa<\/title>\n<meta name=\"robots\" content=\"index, follow, max-snippet:-1, max-image-preview:large, max-video-preview:-1\" \/>\n<link rel=\"canonical\" href=\"https:\/\/www.psib-psoe.org\/eivissa\/el-psoe-denuncia-la-falta-de-serveis-de-residencia-de-majors-i-dependencia-per-culpa-de-la-inaccio-del-pp-de-vicent-mari-i-marga-prohens-deficit-de-500-places-200-persones-en-llistes-desper\/\" \/>\n<meta property=\"og:locale\" content=\"ca_ES\" \/>\n<meta property=\"og:type\" content=\"article\" \/>\n<meta property=\"og:title\" content=\"El PSOE denuncia la falta de serveis de resid\u00e8ncia de majors i depend\u00e8ncia per culpa de la inacci\u00f3 del PP de Vicent Mar\u00ed i Marga Prohens: D\u00e8ficit de 500 places, 200 persones en llistes d\u2019espera i negativa a utilitzar els terrenys de Sant Josep cedits en her\u00e8ncia per un particular a condici\u00f3 de construir-hi un centre residencial - Federaci\u00f3 Socialista d&#039;Eivissa\" \/>\n<meta property=\"og:description\" content=\"El secretari general de la Federaci\u00f3 Socialista d\u2019Eivissa, Vicent Rosell\u00f3, ha comparegut avui davant la finca de Vila Ot\u00edlia, a Sant Josep de sa Talaia, per presentar la moci\u00f3 que el PSOE defensar\u00e0 en el pr\u00f2xim ple del Consell Insular i de l\u2019Ajuntament de Sant Josep de sa Talaia amb l\u2019objectiu de garantir una atenci\u00f3&hellip;\" \/>\n<meta property=\"og:url\" content=\"https:\/\/www.psib-psoe.org\/eivissa\/el-psoe-denuncia-la-falta-de-serveis-de-residencia-de-majors-i-dependencia-per-culpa-de-la-inaccio-del-pp-de-vicent-mari-i-marga-prohens-deficit-de-500-places-200-persones-en-llistes-desper\/\" \/>\n<meta property=\"og:site_name\" content=\"Federaci\u00f3 Socialista d&#039;Eivissa\" \/>\n<meta property=\"article:published_time\" content=\"2025-07-30T10:41:28+00:00\" \/>\n<meta property=\"og:image\" content=\"https:\/\/www.psib-psoe.org\/eivissa\/wp-content\/uploads\/fotos-residencia-coques2-scaled.jpg\" \/>\n\t<meta property=\"og:image:width\" content=\"2560\" \/>\n\t<meta property=\"og:image:height\" content=\"1920\" \/>\n\t<meta property=\"og:image:type\" content=\"image\/jpeg\" \/>\n<meta name=\"author\" content=\"adminpsib\" \/>\n<meta name=\"twitter:card\" content=\"summary_large_image\" \/>\n<meta name=\"twitter:label1\" content=\"Escrit per\" \/>\n\t<meta name=\"twitter:data1\" content=\"adminpsib\" \/>\n\t<meta name=\"twitter:label2\" content=\"Temps estimat de lectura\" \/>\n\t<meta name=\"twitter:data2\" content=\"7 minuts\" \/>\n<script type=\"application\/ld+json\" class=\"yoast-schema-graph\">{\"@context\":\"https:\/\/schema.org\",\"@graph\":[{\"@type\":[\"Article\",\"BlogPosting\"],\"@id\":\"https:\/\/www.psib-psoe.org\/eivissa\/el-psoe-denuncia-la-falta-de-serveis-de-residencia-de-majors-i-dependencia-per-culpa-de-la-inaccio-del-pp-de-vicent-mari-i-marga-prohens-deficit-de-500-places-200-persones-en-llistes-desper\/#article\",\"isPartOf\":{\"@id\":\"https:\/\/www.psib-psoe.org\/eivissa\/el-psoe-denuncia-la-falta-de-serveis-de-residencia-de-majors-i-dependencia-per-culpa-de-la-inaccio-del-pp-de-vicent-mari-i-marga-prohens-deficit-de-500-places-200-persones-en-llistes-desper\/\"},\"author\":{\"name\":\"adminpsib\",\"@id\":\"https:\/\/www.psib-psoe.org\/eivissa\/#\/schema\/person\/099ab3ef73a3645a1d7f303518e6ce24\"},\"headline\":\"El PSOE denuncia la falta de serveis de resid\u00e8ncia de majors i depend\u00e8ncia per culpa de la inacci\u00f3 del PP de Vicent Mar\u00ed i Marga Prohens: D\u00e8ficit de 500 places, 200 persones en llistes d\u2019espera i negativa a utilitzar els terrenys de Sant Josep cedits en her\u00e8ncia per un particular a condici\u00f3 de construir-hi un centre residencial\",\"datePublished\":\"2025-07-30T10:41:28+00:00\",\"mainEntityOfPage\":{\"@id\":\"https:\/\/www.psib-psoe.org\/eivissa\/el-psoe-denuncia-la-falta-de-serveis-de-residencia-de-majors-i-dependencia-per-culpa-de-la-inaccio-del-pp-de-vicent-mari-i-marga-prohens-deficit-de-500-places-200-persones-en-llistes-desper\/\"},\"wordCount\":1408,\"publisher\":{\"@id\":\"https:\/\/www.psib-psoe.org\/eivissa\/#organization\"},\"image\":{\"@id\":\"https:\/\/www.psib-psoe.org\/eivissa\/el-psoe-denuncia-la-falta-de-serveis-de-residencia-de-majors-i-dependencia-per-culpa-de-la-inaccio-del-pp-de-vicent-mari-i-marga-prohens-deficit-de-500-places-200-persones-en-llistes-desper\/#primaryimage\"},\"thumbnailUrl\":\"https:\/\/www.psib-psoe.org\/eivissa\/wp-content\/uploads\/fotos-residencia-coques2-scaled.jpg\",\"articleSection\":[\"Consell d'Eivissa\",\"Federaci\u00f3 d'Eivissa - Portada\",\"Govern de les Illes Balears - Parlament - PSIB-PSOE\",\"Municipis\",\"Sant Josep de sa Talaia\"],\"inLanguage\":\"ca\"},{\"@type\":\"WebPage\",\"@id\":\"https:\/\/www.psib-psoe.org\/eivissa\/el-psoe-denuncia-la-falta-de-serveis-de-residencia-de-majors-i-dependencia-per-culpa-de-la-inaccio-del-pp-de-vicent-mari-i-marga-prohens-deficit-de-500-places-200-persones-en-llistes-desper\/\",\"url\":\"https:\/\/www.psib-psoe.org\/eivissa\/el-psoe-denuncia-la-falta-de-serveis-de-residencia-de-majors-i-dependencia-per-culpa-de-la-inaccio-del-pp-de-vicent-mari-i-marga-prohens-deficit-de-500-places-200-persones-en-llistes-desper\/\",\"name\":\"El PSOE denuncia la falta de serveis de resid\u00e8ncia de majors i depend\u00e8ncia per culpa de la inacci\u00f3 del PP de Vicent Mar\u00ed i Marga Prohens: D\u00e8ficit de 500 places, 200 persones en llistes d\u2019espera i negativa a utilitzar els terrenys de Sant Josep cedits en her\u00e8ncia per un particular a condici\u00f3 de construir-hi un centre residencial - Federaci\u00f3 Socialista d&#039;Eivissa\",\"isPartOf\":{\"@id\":\"https:\/\/www.psib-psoe.org\/eivissa\/#website\"},\"primaryImageOfPage\":{\"@id\":\"https:\/\/www.psib-psoe.org\/eivissa\/el-psoe-denuncia-la-falta-de-serveis-de-residencia-de-majors-i-dependencia-per-culpa-de-la-inaccio-del-pp-de-vicent-mari-i-marga-prohens-deficit-de-500-places-200-persones-en-llistes-desper\/#primaryimage\"},\"image\":{\"@id\":\"https:\/\/www.psib-psoe.org\/eivissa\/el-psoe-denuncia-la-falta-de-serveis-de-residencia-de-majors-i-dependencia-per-culpa-de-la-inaccio-del-pp-de-vicent-mari-i-marga-prohens-deficit-de-500-places-200-persones-en-llistes-desper\/#primaryimage\"},\"thumbnailUrl\":\"https:\/\/www.psib-psoe.org\/eivissa\/wp-content\/uploads\/fotos-residencia-coques2-scaled.jpg\",\"datePublished\":\"2025-07-30T10:41:28+00:00\",\"breadcrumb\":{\"@id\":\"https:\/\/www.psib-psoe.org\/eivissa\/el-psoe-denuncia-la-falta-de-serveis-de-residencia-de-majors-i-dependencia-per-culpa-de-la-inaccio-del-pp-de-vicent-mari-i-marga-prohens-deficit-de-500-places-200-persones-en-llistes-desper\/#breadcrumb\"},\"inLanguage\":\"ca\",\"potentialAction\":[{\"@type\":\"ReadAction\",\"target\":[\"https:\/\/www.psib-psoe.org\/eivissa\/el-psoe-denuncia-la-falta-de-serveis-de-residencia-de-majors-i-dependencia-per-culpa-de-la-inaccio-del-pp-de-vicent-mari-i-marga-prohens-deficit-de-500-places-200-persones-en-llistes-desper\/\"]}]},{\"@type\":\"ImageObject\",\"inLanguage\":\"ca\",\"@id\":\"https:\/\/www.psib-psoe.org\/eivissa\/el-psoe-denuncia-la-falta-de-serveis-de-residencia-de-majors-i-dependencia-per-culpa-de-la-inaccio-del-pp-de-vicent-mari-i-marga-prohens-deficit-de-500-places-200-persones-en-llistes-desper\/#primaryimage\",\"url\":\"https:\/\/www.psib-psoe.org\/eivissa\/wp-content\/uploads\/fotos-residencia-coques2-scaled.jpg\",\"contentUrl\":\"https:\/\/www.psib-psoe.org\/eivissa\/wp-content\/uploads\/fotos-residencia-coques2-scaled.jpg\",\"width\":2560,\"height\":1920},{\"@type\":\"BreadcrumbList\",\"@id\":\"https:\/\/www.psib-psoe.org\/eivissa\/el-psoe-denuncia-la-falta-de-serveis-de-residencia-de-majors-i-dependencia-per-culpa-de-la-inaccio-del-pp-de-vicent-mari-i-marga-prohens-deficit-de-500-places-200-persones-en-llistes-desper\/#breadcrumb\",\"itemListElement\":[{\"@type\":\"ListItem\",\"position\":1,\"name\":\"Inici\",\"item\":\"https:\/\/www.psib-psoe.org\/eivissa\/\"},{\"@type\":\"ListItem\",\"position\":2,\"name\":\"El PSOE denuncia la falta de serveis de resid\u00e8ncia de majors i depend\u00e8ncia per culpa de la inacci\u00f3 del PP de Vicent Mar\u00ed i Marga Prohens: D\u00e8ficit de 500 places, 200 persones en llistes d\u2019espera i negativa a utilitzar els terrenys de Sant Josep cedits en her\u00e8ncia per un particular a condici\u00f3 de construir-hi un centre residencial\"}]},{\"@type\":\"WebSite\",\"@id\":\"https:\/\/www.psib-psoe.org\/eivissa\/#website\",\"url\":\"https:\/\/www.psib-psoe.org\/eivissa\/\",\"name\":\"Federaci\u00f3 Socialista d'Eivissa\",\"description\":\"Socialistes d&#039;Eivissa\",\"publisher\":{\"@id\":\"https:\/\/www.psib-psoe.org\/eivissa\/#organization\"},\"potentialAction\":[{\"@type\":\"SearchAction\",\"target\":{\"@type\":\"EntryPoint\",\"urlTemplate\":\"https:\/\/www.psib-psoe.org\/eivissa\/?s={search_term_string}\"},\"query-input\":{\"@type\":\"PropertyValueSpecification\",\"valueRequired\":true,\"valueName\":\"search_term_string\"}}],\"inLanguage\":\"ca\"},{\"@type\":\"Organization\",\"@id\":\"https:\/\/www.psib-psoe.org\/eivissa\/#organization\",\"name\":\"Federaci\u00f3 Socialista d'Eivissa\",\"url\":\"https:\/\/www.psib-psoe.org\/eivissa\/\",\"logo\":{\"@type\":\"ImageObject\",\"inLanguage\":\"ca\",\"@id\":\"https:\/\/www.psib-psoe.org\/eivissa\/#\/schema\/logo\/image\/\",\"url\":\"https:\/\/www.psib-psoe.org\/eivissa\/wp-content\/uploads\/LOGO-FSE-SOCIALISTA-DEIVISSA-HORI.png\",\"contentUrl\":\"https:\/\/www.psib-psoe.org\/eivissa\/wp-content\/uploads\/LOGO-FSE-SOCIALISTA-DEIVISSA-HORI.png\",\"width\":6000,\"height\":3104,\"caption\":\"Federaci\u00f3 Socialista d'Eivissa\"},\"image\":{\"@id\":\"https:\/\/www.psib-psoe.org\/eivissa\/#\/schema\/logo\/image\/\"}},{\"@type\":\"Person\",\"@id\":\"https:\/\/www.psib-psoe.org\/eivissa\/#\/schema\/person\/099ab3ef73a3645a1d7f303518e6ce24\",\"name\":\"adminpsib\",\"url\":\"https:\/\/www.psib-psoe.org\/eivissa\/author\/adminpsib\/\"}]}<\/script>\n<!-- \/ Yoast SEO plugin. -->","yoast_head_json":{"title":"El PSOE denuncia la falta de serveis de resid\u00e8ncia de majors i depend\u00e8ncia per culpa de la inacci\u00f3 del PP de Vicent Mar\u00ed i Marga Prohens: D\u00e8ficit de 500 places, 200 persones en llistes d\u2019espera i negativa a utilitzar els terrenys de Sant Josep cedits en her\u00e8ncia per un particular a condici\u00f3 de construir-hi un centre residencial - Federaci\u00f3 Socialista d&#039;Eivissa","robots":{"index":"index","follow":"follow","max-snippet":"max-snippet:-1","max-image-preview":"max-image-preview:large","max-video-preview":"max-video-preview:-1"},"canonical":"https:\/\/www.psib-psoe.org\/eivissa\/el-psoe-denuncia-la-falta-de-serveis-de-residencia-de-majors-i-dependencia-per-culpa-de-la-inaccio-del-pp-de-vicent-mari-i-marga-prohens-deficit-de-500-places-200-persones-en-llistes-desper\/","og_locale":"ca_ES","og_type":"article","og_title":"El PSOE denuncia la falta de serveis de resid\u00e8ncia de majors i depend\u00e8ncia per culpa de la inacci\u00f3 del PP de Vicent Mar\u00ed i Marga Prohens: D\u00e8ficit de 500 places, 200 persones en llistes d\u2019espera i negativa a utilitzar els terrenys de Sant Josep cedits en her\u00e8ncia per un particular a condici\u00f3 de construir-hi un centre residencial - Federaci\u00f3 Socialista d&#039;Eivissa","og_description":"El secretari general de la Federaci\u00f3 Socialista d\u2019Eivissa, Vicent Rosell\u00f3, ha comparegut avui davant la finca de Vila Ot\u00edlia, a Sant Josep de sa Talaia, per presentar la moci\u00f3 que el PSOE defensar\u00e0 en el pr\u00f2xim ple del Consell Insular i de l\u2019Ajuntament de Sant Josep de sa Talaia amb l\u2019objectiu de garantir una atenci\u00f3&hellip;","og_url":"https:\/\/www.psib-psoe.org\/eivissa\/el-psoe-denuncia-la-falta-de-serveis-de-residencia-de-majors-i-dependencia-per-culpa-de-la-inaccio-del-pp-de-vicent-mari-i-marga-prohens-deficit-de-500-places-200-persones-en-llistes-desper\/","og_site_name":"Federaci\u00f3 Socialista d&#039;Eivissa","article_published_time":"2025-07-30T10:41:28+00:00","og_image":[{"width":2560,"height":1920,"url":"https:\/\/www.psib-psoe.org\/eivissa\/wp-content\/uploads\/fotos-residencia-coques2-scaled.jpg","type":"image\/jpeg"}],"author":"adminpsib","twitter_card":"summary_large_image","twitter_misc":{"Escrit per":"adminpsib","Temps estimat de lectura":"7 minuts"},"schema":{"@context":"https:\/\/schema.org","@graph":[{"@type":["Article","BlogPosting"],"@id":"https:\/\/www.psib-psoe.org\/eivissa\/el-psoe-denuncia-la-falta-de-serveis-de-residencia-de-majors-i-dependencia-per-culpa-de-la-inaccio-del-pp-de-vicent-mari-i-marga-prohens-deficit-de-500-places-200-persones-en-llistes-desper\/#article","isPartOf":{"@id":"https:\/\/www.psib-psoe.org\/eivissa\/el-psoe-denuncia-la-falta-de-serveis-de-residencia-de-majors-i-dependencia-per-culpa-de-la-inaccio-del-pp-de-vicent-mari-i-marga-prohens-deficit-de-500-places-200-persones-en-llistes-desper\/"},"author":{"name":"adminpsib","@id":"https:\/\/www.psib-psoe.org\/eivissa\/#\/schema\/person\/099ab3ef73a3645a1d7f303518e6ce24"},"headline":"El PSOE denuncia la falta de serveis de resid\u00e8ncia de majors i depend\u00e8ncia per culpa de la inacci\u00f3 del PP de Vicent Mar\u00ed i Marga Prohens: D\u00e8ficit de 500 places, 200 persones en llistes d\u2019espera i negativa a utilitzar els terrenys de Sant Josep cedits en her\u00e8ncia per un particular a condici\u00f3 de construir-hi un centre residencial","datePublished":"2025-07-30T10:41:28+00:00","mainEntityOfPage":{"@id":"https:\/\/www.psib-psoe.org\/eivissa\/el-psoe-denuncia-la-falta-de-serveis-de-residencia-de-majors-i-dependencia-per-culpa-de-la-inaccio-del-pp-de-vicent-mari-i-marga-prohens-deficit-de-500-places-200-persones-en-llistes-desper\/"},"wordCount":1408,"publisher":{"@id":"https:\/\/www.psib-psoe.org\/eivissa\/#organization"},"image":{"@id":"https:\/\/www.psib-psoe.org\/eivissa\/el-psoe-denuncia-la-falta-de-serveis-de-residencia-de-majors-i-dependencia-per-culpa-de-la-inaccio-del-pp-de-vicent-mari-i-marga-prohens-deficit-de-500-places-200-persones-en-llistes-desper\/#primaryimage"},"thumbnailUrl":"https:\/\/www.psib-psoe.org\/eivissa\/wp-content\/uploads\/fotos-residencia-coques2-scaled.jpg","articleSection":["Consell d'Eivissa","Federaci\u00f3 d'Eivissa - Portada","Govern de les Illes Balears - Parlament - PSIB-PSOE","Municipis","Sant Josep de sa Talaia"],"inLanguage":"ca"},{"@type":"WebPage","@id":"https:\/\/www.psib-psoe.org\/eivissa\/el-psoe-denuncia-la-falta-de-serveis-de-residencia-de-majors-i-dependencia-per-culpa-de-la-inaccio-del-pp-de-vicent-mari-i-marga-prohens-deficit-de-500-places-200-persones-en-llistes-desper\/","url":"https:\/\/www.psib-psoe.org\/eivissa\/el-psoe-denuncia-la-falta-de-serveis-de-residencia-de-majors-i-dependencia-per-culpa-de-la-inaccio-del-pp-de-vicent-mari-i-marga-prohens-deficit-de-500-places-200-persones-en-llistes-desper\/","name":"El PSOE denuncia la falta de serveis de resid\u00e8ncia de majors i depend\u00e8ncia per culpa de la inacci\u00f3 del PP de Vicent Mar\u00ed i Marga Prohens: D\u00e8ficit de 500 places, 200 persones en llistes d\u2019espera i negativa a utilitzar els terrenys de Sant Josep cedits en her\u00e8ncia per un particular a condici\u00f3 de construir-hi un centre residencial - Federaci\u00f3 Socialista d&#039;Eivissa","isPartOf":{"@id":"https:\/\/www.psib-psoe.org\/eivissa\/#website"},"primaryImageOfPage":{"@id":"https:\/\/www.psib-psoe.org\/eivissa\/el-psoe-denuncia-la-falta-de-serveis-de-residencia-de-majors-i-dependencia-per-culpa-de-la-inaccio-del-pp-de-vicent-mari-i-marga-prohens-deficit-de-500-places-200-persones-en-llistes-desper\/#primaryimage"},"image":{"@id":"https:\/\/www.psib-psoe.org\/eivissa\/el-psoe-denuncia-la-falta-de-serveis-de-residencia-de-majors-i-dependencia-per-culpa-de-la-inaccio-del-pp-de-vicent-mari-i-marga-prohens-deficit-de-500-places-200-persones-en-llistes-desper\/#primaryimage"},"thumbnailUrl":"https:\/\/www.psib-psoe.org\/eivissa\/wp-content\/uploads\/fotos-residencia-coques2-scaled.jpg","datePublished":"2025-07-30T10:41:28+00:00","breadcrumb":{"@id":"https:\/\/www.psib-psoe.org\/eivissa\/el-psoe-denuncia-la-falta-de-serveis-de-residencia-de-majors-i-dependencia-per-culpa-de-la-inaccio-del-pp-de-vicent-mari-i-marga-prohens-deficit-de-500-places-200-persones-en-llistes-desper\/#breadcrumb"},"inLanguage":"ca","potentialAction":[{"@type":"ReadAction","target":["https:\/\/www.psib-psoe.org\/eivissa\/el-psoe-denuncia-la-falta-de-serveis-de-residencia-de-majors-i-dependencia-per-culpa-de-la-inaccio-del-pp-de-vicent-mari-i-marga-prohens-deficit-de-500-places-200-persones-en-llistes-desper\/"]}]},{"@type":"ImageObject","inLanguage":"ca","@id":"https:\/\/www.psib-psoe.org\/eivissa\/el-psoe-denuncia-la-falta-de-serveis-de-residencia-de-majors-i-dependencia-per-culpa-de-la-inaccio-del-pp-de-vicent-mari-i-marga-prohens-deficit-de-500-places-200-persones-en-llistes-desper\/#primaryimage","url":"https:\/\/www.psib-psoe.org\/eivissa\/wp-content\/uploads\/fotos-residencia-coques2-scaled.jpg","contentUrl":"https:\/\/www.psib-psoe.org\/eivissa\/wp-content\/uploads\/fotos-residencia-coques2-scaled.jpg","width":2560,"height":1920},{"@type":"BreadcrumbList","@id":"https:\/\/www.psib-psoe.org\/eivissa\/el-psoe-denuncia-la-falta-de-serveis-de-residencia-de-majors-i-dependencia-per-culpa-de-la-inaccio-del-pp-de-vicent-mari-i-marga-prohens-deficit-de-500-places-200-persones-en-llistes-desper\/#breadcrumb","itemListElement":[{"@type":"ListItem","position":1,"name":"Inici","item":"https:\/\/www.psib-psoe.org\/eivissa\/"},{"@type":"ListItem","position":2,"name":"El PSOE denuncia la falta de serveis de resid\u00e8ncia de majors i depend\u00e8ncia per culpa de la inacci\u00f3 del PP de Vicent Mar\u00ed i Marga Prohens: D\u00e8ficit de 500 places, 200 persones en llistes d\u2019espera i negativa a utilitzar els terrenys de Sant Josep cedits en her\u00e8ncia per un particular a condici\u00f3 de construir-hi un centre residencial"}]},{"@type":"WebSite","@id":"https:\/\/www.psib-psoe.org\/eivissa\/#website","url":"https:\/\/www.psib-psoe.org\/eivissa\/","name":"Federaci\u00f3 Socialista d'Eivissa","description":"Socialistes d&#039;Eivissa","publisher":{"@id":"https:\/\/www.psib-psoe.org\/eivissa\/#organization"},"potentialAction":[{"@type":"SearchAction","target":{"@type":"EntryPoint","urlTemplate":"https:\/\/www.psib-psoe.org\/eivissa\/?s={search_term_string}"},"query-input":{"@type":"PropertyValueSpecification","valueRequired":true,"valueName":"search_term_string"}}],"inLanguage":"ca"},{"@type":"Organization","@id":"https:\/\/www.psib-psoe.org\/eivissa\/#organization","name":"Federaci\u00f3 Socialista d'Eivissa","url":"https:\/\/www.psib-psoe.org\/eivissa\/","logo":{"@type":"ImageObject","inLanguage":"ca","@id":"https:\/\/www.psib-psoe.org\/eivissa\/#\/schema\/logo\/image\/","url":"https:\/\/www.psib-psoe.org\/eivissa\/wp-content\/uploads\/LOGO-FSE-SOCIALISTA-DEIVISSA-HORI.png","contentUrl":"https:\/\/www.psib-psoe.org\/eivissa\/wp-content\/uploads\/LOGO-FSE-SOCIALISTA-DEIVISSA-HORI.png","width":6000,"height":3104,"caption":"Federaci\u00f3 Socialista d'Eivissa"},"image":{"@id":"https:\/\/www.psib-psoe.org\/eivissa\/#\/schema\/logo\/image\/"}},{"@type":"Person","@id":"https:\/\/www.psib-psoe.org\/eivissa\/#\/schema\/person\/099ab3ef73a3645a1d7f303518e6ce24","name":"adminpsib","url":"https:\/\/www.psib-psoe.org\/eivissa\/author\/adminpsib\/"}]}},"_links":{"self":[{"href":"https:\/\/www.psib-psoe.org\/eivissa\/wp-json\/wp\/v2\/posts\/41100","targetHints":{"allow":["GET"]}}],"collection":[{"href":"https:\/\/www.psib-psoe.org\/eivissa\/wp-json\/wp\/v2\/posts"}],"about":[{"href":"https:\/\/www.psib-psoe.org\/eivissa\/wp-json\/wp\/v2\/types\/post"}],"author":[{"embeddable":true,"href":"https:\/\/www.psib-psoe.org\/eivissa\/wp-json\/wp\/v2\/users\/1"}],"replies":[{"embeddable":true,"href":"https:\/\/www.psib-psoe.org\/eivissa\/wp-json\/wp\/v2\/comments?post=41100"}],"version-history":[{"count":1,"href":"https:\/\/www.psib-psoe.org\/eivissa\/wp-json\/wp\/v2\/posts\/41100\/revisions"}],"predecessor-version":[{"id":41102,"href":"https:\/\/www.psib-psoe.org\/eivissa\/wp-json\/wp\/v2\/posts\/41100\/revisions\/41102"}],"wp:featuredmedia":[{"embeddable":true,"href":"https:\/\/www.psib-psoe.org\/eivissa\/wp-json\/wp\/v2\/media\/41101"}],"wp:attachment":[{"href":"https:\/\/www.psib-psoe.org\/eivissa\/wp-json\/wp\/v2\/media?parent=41100"}],"wp:term":[{"taxonomy":"category","embeddable":true,"href":"https:\/\/www.psib-psoe.org\/eivissa\/wp-json\/wp\/v2\/categories?post=41100"},{"taxonomy":"post_tag","embeddable":true,"href":"https:\/\/www.psib-psoe.org\/eivissa\/wp-json\/wp\/v2\/tags?post=41100"}],"curies":[{"name":"wp","href":"https:\/\/api.w.org\/{rel}","templated":true}]}}