{"id":41117,"date":"2025-08-01T19:42:47","date_gmt":"2025-08-01T17:42:47","guid":{"rendered":"https:\/\/www.psib-psoe.org\/eivissa\/?p=41117"},"modified":"2025-08-01T19:48:09","modified_gmt":"2025-08-01T17:48:09","slug":"elena-lopez-denuncia-la-perdua-del-turisme-familiar-i-que-eivissa-es-deriva-unicament-al-luxe-festa-i-discoteques-despres-de-sis-anys-de-vicent-mari-i-50-milions-deuros-del","status":"publish","type":"post","link":"https:\/\/www.psib-psoe.org\/eivissa\/elena-lopez-denuncia-la-perdua-del-turisme-familiar-i-que-eivissa-es-deriva-unicament-al-luxe-festa-i-discoteques-despres-de-sis-anys-de-vicent-mari-i-50-milions-deuros-del\/","title":{"rendered":"Elena L\u00f3pez denuncia la p\u00e8rdua del turisme familiar i que Eivissa es deriva \u00fanicament al \u201cluxe, festa i discoteques\u201d despr\u00e9s de sis anys de Vicent Mar\u00ed i 50 milions d\u2019euros del Consell Insular gastats en promoci\u00f3 tur\u00edstica"},"content":{"rendered":"\n<p>La portaveu del PSOE al Consell Insular, Elena L\u00f3pez, ha interpel\u00b7lat Vicent Mar\u00ed en el Ple de la instituci\u00f3 per denunciar la p\u00e8rdua del turisme familiar i que Eivissa va cap a una deriva de \u201cluxe, festa i discoteques\u201d despr\u00e9s de sis anys de Vicent Mar\u00ed i 50 milions d\u2019euros del Consell Insular gastats en promoci\u00f3 tur\u00edstica. \u201cEivissa est\u00e0 vivint una crisi silenciosa: tenim r\u00e8cords de turistes, per\u00f2 caigudes en el consum real. Bars buits, comer\u00e7os en crisi, residents al l\u00edmit i turistes desencantats. Aix\u00f2 \u00e9s el que vost\u00e8s han provocat\u201d.<\/p>\n\n\n\n<p>La portaveu socialista ha denunciat que \u201cel Consell ha dilapidat 50 milions d\u2019euros en promoci\u00f3 tur\u00edstica en sis anys, i ara contracten una consultora (per 650.000 euros) per dir-nos quin model volem. Sis anys despr\u00e9s?\u201d, ha dit Elena L\u00f3pez, preguntant a Vicent Mar\u00ed \u201ccreu vost\u00e8 que el turisme familiar ha augmentat? Tenim m\u00e9s o menys fam\u00edlies que fa sis anys? Quines mesures han pres vost\u00e8s a favor del nostre model tur\u00edstic?\u201d Preguntes que Vicent Mar\u00ed s\u2019ha negat a respondre.<\/p>\n\n\n\n<p>Elena L\u00f3pez ha criticat que \u201cel model que impulsa el Partit Popular prioritza la rendibilitat privada d\u2019uns pocs a curt termini, damunt la sostenibilitat econ\u00f2mica, social i territorial\u201d i ha responsabilitzat directament al Consell Insular, que \u201ct\u00e9 la compet\u00e8ncia absoluta en mat\u00e8ria tur\u00edstica, per\u00f2 no ha ordenat, ni inspeccionat, ni controlat res\u201d.<\/p>\n\n\n\n<p>\u201cCada vegada m\u00e9s luxe, cada vegada m\u00e9s car, una illa de cada vegada m\u00e9s cap a rics\u201d, ha lamentat la portaveu del PSOE.<\/p>\n\n\n\n<p>El PSOE vota en contra de la Modificaci\u00f3 2 del PTI<\/p>\n\n\n\n<p>Durant el debat de l\u2019aprovaci\u00f3 definitiva de la Modificaci\u00f3 2 del Pla Territorial Insular (PTI), Elena L\u00f3pez ha dit que el document \u201ct\u00e9 una \u00fanica voluntat pol\u00edtica: desregular, desprotegir i afavorir determinats interessos privats\u201d.<\/p>\n\n\n\n<p>Ha denunciat que \u201cdesestimen de manera sistem\u00e0tica les al\u00b7legacions presentades, no nom\u00e9s del Partit Socialista, sin\u00f3 per totes aquelles entitats que tenien alguna advert\u00e8ncia sobre riscos d&#8217;explotaci\u00f3 d&#8217;aquesta modificaci\u00f3, i el m\u00e9s curi\u00f3s de tot \u00e9s que ho fan sense cap argument t\u00e8cnic, s\u00f3n simples valoracions\u201d.<\/p>\n\n\n\n<p>Elena L\u00f3pez ha advertit que \u201ces podran turistificar 1.400 noves cases, que sumades a les actuals 1.600, provocar\u00e0 que Eivissa arribi a les 3.000 cases tur\u00edstiques\u201d i que \u201cd&#8217;aquestes, m\u00e9s de quatre-centes cases en espais protegits\u201d.<\/p>\n\n\n\n<p>\u201cNo, algunes no, cap ni una, senyor Juan. No en volem cap ni una de casa pagesa turistificada\u201d, ha afirmat.<\/p>\n\n\n\n<p>La portaveu socialista ha retret al conseller de Territori, Mariano Juan, que \u201cvost\u00e8 ens ha explicat aqu\u00ed com si fos un ecologista m\u00e9s tot el que es protegeix, per\u00f2 curiosament no explica res, no ha dit res, de tot el que desprotegeix, de tot el que suposa aquest PTI. Si posava dalt d&#8217;una balan\u00e7a el que protegeix i el que no, pesa molt m\u00e9s tot aquella desprotecci\u00f3 suposa aquest document\u201d.<\/p>\n\n\n\n<p>Tamb\u00e9 ha assenyalat que \u201c\u00e9s veritat que despr\u00e9s d&#8217;un temps de tramitar aquesta modificaci\u00f3, a vost\u00e8s mateixos li han passat per damunt com un tsunami amb aquest decret bomba de construcci\u00f3 de pisos en s\u00f2l r\u00fastic sense cap criteri de planificaci\u00f3 territorial, dels recursos, infraestructures o els seus impactes socioecon\u00f2mics\u201d.<\/p>\n\n\n\n<p>Elena L\u00f3pez tamb\u00e9 ha criticat la falta de di\u00e0leg del PP, a pesar de tot que havien arribat a dir: \u201cOn \u00e9s el consens de qu\u00e8 tant parlaven, de territori, que tant prometia i tant reivindicaven fa sis anys quan estaven a l\u2019oposici\u00f3, el senyor Vicent Mar\u00ed i Mariano Juan, o Mariano Juan i Vicent Mar\u00ed, perqu\u00e8 ara mateix no sabem ben b\u00e9 l\u2019ordre despr\u00e9s del que estam veient en els \u00faltims temps en aquesta instituci\u00f3?\u201d<\/p>\n\n\n\n<p>\u201cUna vegada m\u00e9s incompleixen la seua paraula i a m\u00e9s a m\u00e9s amb tot el menyspreu cap als grups de l\u2019oposici\u00f3, als quals no nom\u00e9s no se&#8217;ls ha citat, no se&#8217;ls hi ha explicat, no s\u2019ha intentat fer cap tipus de consens, ni tan sols en comissions informatives s&#8217;ha volgut complir la seua obligaci\u00f3 d&#8217;informar, com b\u00e9 diu el nom de sa comissi\u00f3 informativa\u201d.<\/p>\n\n\n\n<p>Finalment, ha insistit a reclamar aturar la construcci\u00f3 desmesurada: \u201c\u00c9s aix\u00ed de f\u00e0cil, s&#8217;ha de deixar de construir Eivissa i han de fer aquesta reflexi\u00f3: no tenim aigua, no tenim energia, no tenim solucions per Ca na Putxa\u2026 El camp d\u2019Eivissa no necessita m\u00e9s ciment ni m\u00e9s turistes, senyor Juan o senyor Mar\u00ed, ja no sabem a qui li hem de dir, sin\u00f3 m\u00e9s protecci\u00f3, m\u00e9s ajudes a la conservaci\u00f3 i m\u00e9s suport a les activitats agr\u00e0ries i ramaderes, i no el que vost\u00e8s estan fent\u201d.<\/p>\n\n\n\n<p>El PP vota en contra de la construcci\u00f3 de noves resid\u00e8ncies<\/p>\n\n\n\n<p>Durant el debat de la moci\u00f3 socialista per impulsar la construcci\u00f3 de noves resid\u00e8ncies p\u00fabliques i acceptar els terrenys de Villa Otilia a Sant Josep, el conseller V\u00edctor Torres ha denunciat que \u201cara mos anuncien que la soluci\u00f3 per a falta de places \u00e9s concertar 30 noves places a la resid\u00e8ncia privada Colis\u00e9e. Naltros apostam per un model p\u00fablic de resid\u00e8ncies p\u00fabliques\u201d.<\/p>\n\n\n\n<p>\u201cVost\u00e8s parlen de concertaci\u00f3 amb una resid\u00e8ncia privada. Per cert, a vorer si m&#8217;ho aclareix. \u00c9s la mateixa resid\u00e8ncia privada que parla en aquesta nota que diu \u2018el Consell Insular tramita una sanci\u00f3n de hasta 600.000 euros a la residencia y se plantea cerrarla\u2019. La mateixa que fa un temps varen denunciar, varen fer expedients i varen sancionar des d&#8217;aquesta instituci\u00f3\u201d.<\/p>\n\n\n\n<p>V\u00edctor Torres ha mostrat den\u00fancies d\u2019aquesta mateixa setmana de familiars sobre el tracte que reben els interns a sa Resid\u00e8ncia: \u201cDesde el d\u00eda 15 de julio hasta ayer el desayuno se sirve en muchas ocasiones a las 10:45 y los familiares tienen que hacerse cargo de \u00e9l. No hay babero y a veces no hay ni tazas, tienen que tomar la medicaci\u00f3n fuera de tiempo. No cumplen con la normativa. A veces 14 horas sin comer nada. Todo esto por falta de personal\u201d, ha dit V\u00edctor Torres llegint textualment les den\u00fancies.<\/p>\n\n\n\n<p>\u201cDen\u00fancies d&#8217;aquesta setmana per part de residents. Segur que ara em diu que vost\u00e8 no \u00e9s conscient d&#8217;aquesta situaci\u00f3, id\u00f2 aqu\u00ed \u00e9s on anam a concertar 30 places. Aquesta \u00e9s la seua soluci\u00f3. Posar un altre director insular i concertar 30 places amb aquesta empresa, aquesta que an\u00e0vem a tancar, aquesta que li an\u00e0vem a posar una sanci\u00f3 de 500.000 euros. Aquesta \u00e9s la soluci\u00f3 despr\u00e9s de 6 anys\u201d.<\/p>\n\n\n\n<p>V\u00edctor Torres ha tancat la seua intervenci\u00f3 recordant que les fam\u00edlies volen \u201cfets\u201d, i no m\u00e9s anuncis que despr\u00e9s de sis anys han quedat \u201cen res\u201d.<\/p>\n\n\n\n<p>Finalment, el PP ha acabat votant en contra de tots els punts, excepte un, de la moci\u00f3 del PSOE que reclamava m\u00e9s places de resid\u00e8ncies p\u00fabliques, la construcci\u00f3 de la resid\u00e8ncia de Sant Josep i el trasp\u00e0s de la gesti\u00f3 de les mateixes al Consell Insular. L\u2019\u00fanic punt aprovat \u00e9s de \u201csol\u00b7licitar al Govern Balear que reforci els recursos humans i t\u00e8cnics destinats a la valoraci\u00f3 de la depend\u00e8ncia a Eivissa\u201d.&nbsp;<\/p>\n\n\n\n<p>La xenof\u00f2bia de Vox, amb el suport del PP<\/p>\n\n\n\n<p>La consellera socialista A\u00edda Alcaraz ha qualificat com a \u201cxen\u00f2foba i racista\u201d la moci\u00f3 presentada per Vox sobre immigraci\u00f3, que ha comptat amb el suport del PP en diversos punts, i ha denunciat que \u201ccada vegada es fa m\u00e9s dif\u00edcil poder diferenciar-los\u201d.<\/p>\n\n\n\n<p>\u201cNo s\u00f3n nom\u00e9s els punts que votam, \u00e9s l\u2019argumentari en el qual sustenten aquests punts el que els hauria de fer pensar\u201d, ha afirmat Alcaraz. \u201cI un poquet m\u00e9s enll\u00e0 del que \u00e9s la votaci\u00f3 en si, cada vegada es fa m\u00e9s dif\u00edcil poder diferenciar-los. En moltes administracions s\u00f3n socis i acaben combregant amb ells amb aquest tipus de plantejaments que crec que no els perjudiquen \u00fanicament a ells, perqu\u00e8 a nosaltres ning\u00fa espera un posicionament diferent al que tendrem avui\u201d.<\/p>\n\n\n\n<p>La consellera ha expressat la seva indignaci\u00f3 pel fet d\u2019haver de tolerar aquest tipus de llenguatge en una instituci\u00f3 p\u00fablica: \u201cEm costa haver de tolerar aquest llenguatge en una instituci\u00f3 legalment q\u00fcestionable per haver de parlar de persones\u201d.<\/p>\n\n\n\n<p>Tot i que no volia intervenir en resposta al conseller de Vox, Alcaraz ha decidit fer-ho per replicar dos afirmacions concretes: \u201cDiuen que no menyspreen els immigrants i diuen que els immigrants il\u00b7legals no aporten res. Id\u00f2 miri: una not\u00edcia. Inspecci\u00f3 de treball investiga l\u2019empresa d\u2019un l\u00edder de Vox a Balears per explotaci\u00f3 laboral. Sembla que s\u00ed, que els il\u00b7legals s\u00ed que aporten alguna cosa, almenys a membres del seu partit, que els tenen en condicions lamentables i totalment irregulars. I s\u00ed, s\u00ed que els discriminen donant-los feines de segona, properes a l\u2019explotaci\u00f3\u201d, ha concl\u00f2s la consellera del PSOE.<\/p>\n","protected":false},"excerpt":{"rendered":"<p>La portaveu del PSOE al Consell Insular, Elena L\u00f3pez, ha interpel\u00b7lat Vicent Mar\u00ed en el Ple de la instituci\u00f3 per denunciar la p\u00e8rdua del turisme familiar i que Eivissa va cap a una deriva de \u201cluxe, festa i discoteques\u201d despr\u00e9s de sis anys de Vicent Mar\u00ed i 50 milions d\u2019euros del Consell Insular gastats en&hellip;<\/p>\n","protected":false},"author":1,"featured_media":41119,"comment_status":"closed","ping_status":"closed","sticky":false,"template":"","format":"standard","meta":{"footnotes":""},"categories":[192,1],"tags":[],"class_list":["post-41117","post","type-post","status-publish","format-standard","has-post-thumbnail","hentry","category-consell-deivissa","category-federacio-de-eivissa-portada"],"yoast_head":"<!-- This site is optimized with the Yoast SEO plugin v26.9 - https:\/\/yoast.com\/product\/yoast-seo-wordpress\/ -->\n<title>Elena L\u00f3pez denuncia la p\u00e8rdua del turisme familiar i que Eivissa es deriva \u00fanicament al \u201cluxe, festa i discoteques\u201d despr\u00e9s de sis anys de Vicent Mar\u00ed i 50 milions d\u2019euros del Consell Insular gastats en promoci\u00f3 tur\u00edstica - Federaci\u00f3 Socialista d&#039;Eivissa<\/title>\n<meta name=\"robots\" content=\"index, follow, max-snippet:-1, max-image-preview:large, max-video-preview:-1\" \/>\n<link rel=\"canonical\" href=\"https:\/\/www.psib-psoe.org\/eivissa\/elena-lopez-denuncia-la-perdua-del-turisme-familiar-i-que-eivissa-es-deriva-unicament-al-luxe-festa-i-discoteques-despres-de-sis-anys-de-vicent-mari-i-50-milions-deuros-del\/\" \/>\n<meta property=\"og:locale\" content=\"ca_ES\" \/>\n<meta property=\"og:type\" content=\"article\" \/>\n<meta property=\"og:title\" content=\"Elena L\u00f3pez denuncia la p\u00e8rdua del turisme familiar i que Eivissa es deriva \u00fanicament al \u201cluxe, festa i discoteques\u201d despr\u00e9s de sis anys de Vicent Mar\u00ed i 50 milions d\u2019euros del Consell Insular gastats en promoci\u00f3 tur\u00edstica - Federaci\u00f3 Socialista d&#039;Eivissa\" \/>\n<meta property=\"og:description\" content=\"La portaveu del PSOE al Consell Insular, Elena L\u00f3pez, ha interpel\u00b7lat Vicent Mar\u00ed en el Ple de la instituci\u00f3 per denunciar la p\u00e8rdua del turisme familiar i que Eivissa va cap a una deriva de \u201cluxe, festa i discoteques\u201d despr\u00e9s de sis anys de Vicent Mar\u00ed i 50 milions d\u2019euros del Consell Insular gastats en&hellip;\" \/>\n<meta property=\"og:url\" content=\"https:\/\/www.psib-psoe.org\/eivissa\/elena-lopez-denuncia-la-perdua-del-turisme-familiar-i-que-eivissa-es-deriva-unicament-al-luxe-festa-i-discoteques-despres-de-sis-anys-de-vicent-mari-i-50-milions-deuros-del\/\" \/>\n<meta property=\"og:site_name\" content=\"Federaci\u00f3 Socialista d&#039;Eivissa\" \/>\n<meta property=\"article:published_time\" content=\"2025-08-01T17:42:47+00:00\" \/>\n<meta property=\"article:modified_time\" content=\"2025-08-01T17:48:09+00:00\" \/>\n<meta property=\"og:image\" content=\"https:\/\/www.psib-psoe.org\/eivissa\/wp-content\/uploads\/img_5902.jpg\" \/>\n\t<meta property=\"og:image:width\" content=\"1179\" \/>\n\t<meta property=\"og:image:height\" content=\"654\" \/>\n\t<meta property=\"og:image:type\" content=\"image\/jpeg\" \/>\n<meta name=\"author\" content=\"adminpsib\" \/>\n<meta name=\"twitter:card\" content=\"summary_large_image\" \/>\n<meta name=\"twitter:label1\" content=\"Escrit per\" \/>\n\t<meta name=\"twitter:data1\" content=\"adminpsib\" \/>\n\t<meta name=\"twitter:label2\" content=\"Temps estimat de lectura\" \/>\n\t<meta name=\"twitter:data2\" content=\"8 minuts\" \/>\n<script type=\"application\/ld+json\" class=\"yoast-schema-graph\">{\"@context\":\"https:\/\/schema.org\",\"@graph\":[{\"@type\":[\"Article\",\"BlogPosting\"],\"@id\":\"https:\/\/www.psib-psoe.org\/eivissa\/elena-lopez-denuncia-la-perdua-del-turisme-familiar-i-que-eivissa-es-deriva-unicament-al-luxe-festa-i-discoteques-despres-de-sis-anys-de-vicent-mari-i-50-milions-deuros-del\/#article\",\"isPartOf\":{\"@id\":\"https:\/\/www.psib-psoe.org\/eivissa\/elena-lopez-denuncia-la-perdua-del-turisme-familiar-i-que-eivissa-es-deriva-unicament-al-luxe-festa-i-discoteques-despres-de-sis-anys-de-vicent-mari-i-50-milions-deuros-del\/\"},\"author\":{\"name\":\"adminpsib\",\"@id\":\"https:\/\/www.psib-psoe.org\/eivissa\/#\/schema\/person\/099ab3ef73a3645a1d7f303518e6ce24\"},\"headline\":\"Elena L\u00f3pez denuncia la p\u00e8rdua del turisme familiar i que Eivissa es deriva \u00fanicament al \u201cluxe, festa i discoteques\u201d despr\u00e9s de sis anys de Vicent Mar\u00ed i 50 milions d\u2019euros del Consell Insular gastats en promoci\u00f3 tur\u00edstica\",\"datePublished\":\"2025-08-01T17:42:47+00:00\",\"dateModified\":\"2025-08-01T17:48:09+00:00\",\"mainEntityOfPage\":{\"@id\":\"https:\/\/www.psib-psoe.org\/eivissa\/elena-lopez-denuncia-la-perdua-del-turisme-familiar-i-que-eivissa-es-deriva-unicament-al-luxe-festa-i-discoteques-despres-de-sis-anys-de-vicent-mari-i-50-milions-deuros-del\/\"},\"wordCount\":1554,\"publisher\":{\"@id\":\"https:\/\/www.psib-psoe.org\/eivissa\/#organization\"},\"image\":{\"@id\":\"https:\/\/www.psib-psoe.org\/eivissa\/elena-lopez-denuncia-la-perdua-del-turisme-familiar-i-que-eivissa-es-deriva-unicament-al-luxe-festa-i-discoteques-despres-de-sis-anys-de-vicent-mari-i-50-milions-deuros-del\/#primaryimage\"},\"thumbnailUrl\":\"https:\/\/www.psib-psoe.org\/eivissa\/wp-content\/uploads\/img_5902.jpg\",\"articleSection\":[\"Consell d'Eivissa\",\"Federaci\u00f3 d'Eivissa - Portada\"],\"inLanguage\":\"ca\"},{\"@type\":\"WebPage\",\"@id\":\"https:\/\/www.psib-psoe.org\/eivissa\/elena-lopez-denuncia-la-perdua-del-turisme-familiar-i-que-eivissa-es-deriva-unicament-al-luxe-festa-i-discoteques-despres-de-sis-anys-de-vicent-mari-i-50-milions-deuros-del\/\",\"url\":\"https:\/\/www.psib-psoe.org\/eivissa\/elena-lopez-denuncia-la-perdua-del-turisme-familiar-i-que-eivissa-es-deriva-unicament-al-luxe-festa-i-discoteques-despres-de-sis-anys-de-vicent-mari-i-50-milions-deuros-del\/\",\"name\":\"Elena L\u00f3pez denuncia la p\u00e8rdua del turisme familiar i que Eivissa es deriva \u00fanicament al \u201cluxe, festa i discoteques\u201d despr\u00e9s de sis anys de Vicent Mar\u00ed i 50 milions d\u2019euros del Consell Insular gastats en promoci\u00f3 tur\u00edstica - Federaci\u00f3 Socialista d&#039;Eivissa\",\"isPartOf\":{\"@id\":\"https:\/\/www.psib-psoe.org\/eivissa\/#website\"},\"primaryImageOfPage\":{\"@id\":\"https:\/\/www.psib-psoe.org\/eivissa\/elena-lopez-denuncia-la-perdua-del-turisme-familiar-i-que-eivissa-es-deriva-unicament-al-luxe-festa-i-discoteques-despres-de-sis-anys-de-vicent-mari-i-50-milions-deuros-del\/#primaryimage\"},\"image\":{\"@id\":\"https:\/\/www.psib-psoe.org\/eivissa\/elena-lopez-denuncia-la-perdua-del-turisme-familiar-i-que-eivissa-es-deriva-unicament-al-luxe-festa-i-discoteques-despres-de-sis-anys-de-vicent-mari-i-50-milions-deuros-del\/#primaryimage\"},\"thumbnailUrl\":\"https:\/\/www.psib-psoe.org\/eivissa\/wp-content\/uploads\/img_5902.jpg\",\"datePublished\":\"2025-08-01T17:42:47+00:00\",\"dateModified\":\"2025-08-01T17:48:09+00:00\",\"breadcrumb\":{\"@id\":\"https:\/\/www.psib-psoe.org\/eivissa\/elena-lopez-denuncia-la-perdua-del-turisme-familiar-i-que-eivissa-es-deriva-unicament-al-luxe-festa-i-discoteques-despres-de-sis-anys-de-vicent-mari-i-50-milions-deuros-del\/#breadcrumb\"},\"inLanguage\":\"ca\",\"potentialAction\":[{\"@type\":\"ReadAction\",\"target\":[\"https:\/\/www.psib-psoe.org\/eivissa\/elena-lopez-denuncia-la-perdua-del-turisme-familiar-i-que-eivissa-es-deriva-unicament-al-luxe-festa-i-discoteques-despres-de-sis-anys-de-vicent-mari-i-50-milions-deuros-del\/\"]}]},{\"@type\":\"ImageObject\",\"inLanguage\":\"ca\",\"@id\":\"https:\/\/www.psib-psoe.org\/eivissa\/elena-lopez-denuncia-la-perdua-del-turisme-familiar-i-que-eivissa-es-deriva-unicament-al-luxe-festa-i-discoteques-despres-de-sis-anys-de-vicent-mari-i-50-milions-deuros-del\/#primaryimage\",\"url\":\"https:\/\/www.psib-psoe.org\/eivissa\/wp-content\/uploads\/img_5902.jpg\",\"contentUrl\":\"https:\/\/www.psib-psoe.org\/eivissa\/wp-content\/uploads\/img_5902.jpg\",\"width\":1179,\"height\":654},{\"@type\":\"BreadcrumbList\",\"@id\":\"https:\/\/www.psib-psoe.org\/eivissa\/elena-lopez-denuncia-la-perdua-del-turisme-familiar-i-que-eivissa-es-deriva-unicament-al-luxe-festa-i-discoteques-despres-de-sis-anys-de-vicent-mari-i-50-milions-deuros-del\/#breadcrumb\",\"itemListElement\":[{\"@type\":\"ListItem\",\"position\":1,\"name\":\"Inici\",\"item\":\"https:\/\/www.psib-psoe.org\/eivissa\/\"},{\"@type\":\"ListItem\",\"position\":2,\"name\":\"Elena L\u00f3pez denuncia la p\u00e8rdua del turisme familiar i que Eivissa es deriva \u00fanicament al \u201cluxe, festa i discoteques\u201d despr\u00e9s de sis anys de Vicent Mar\u00ed i 50 milions d\u2019euros del Consell Insular gastats en promoci\u00f3 tur\u00edstica\"}]},{\"@type\":\"WebSite\",\"@id\":\"https:\/\/www.psib-psoe.org\/eivissa\/#website\",\"url\":\"https:\/\/www.psib-psoe.org\/eivissa\/\",\"name\":\"Federaci\u00f3 Socialista d'Eivissa\",\"description\":\"Socialistes d&#039;Eivissa\",\"publisher\":{\"@id\":\"https:\/\/www.psib-psoe.org\/eivissa\/#organization\"},\"potentialAction\":[{\"@type\":\"SearchAction\",\"target\":{\"@type\":\"EntryPoint\",\"urlTemplate\":\"https:\/\/www.psib-psoe.org\/eivissa\/?s={search_term_string}\"},\"query-input\":{\"@type\":\"PropertyValueSpecification\",\"valueRequired\":true,\"valueName\":\"search_term_string\"}}],\"inLanguage\":\"ca\"},{\"@type\":\"Organization\",\"@id\":\"https:\/\/www.psib-psoe.org\/eivissa\/#organization\",\"name\":\"Federaci\u00f3 Socialista d'Eivissa\",\"url\":\"https:\/\/www.psib-psoe.org\/eivissa\/\",\"logo\":{\"@type\":\"ImageObject\",\"inLanguage\":\"ca\",\"@id\":\"https:\/\/www.psib-psoe.org\/eivissa\/#\/schema\/logo\/image\/\",\"url\":\"https:\/\/www.psib-psoe.org\/eivissa\/wp-content\/uploads\/LOGO-FSE-SOCIALISTA-DEIVISSA-HORI.png\",\"contentUrl\":\"https:\/\/www.psib-psoe.org\/eivissa\/wp-content\/uploads\/LOGO-FSE-SOCIALISTA-DEIVISSA-HORI.png\",\"width\":6000,\"height\":3104,\"caption\":\"Federaci\u00f3 Socialista d'Eivissa\"},\"image\":{\"@id\":\"https:\/\/www.psib-psoe.org\/eivissa\/#\/schema\/logo\/image\/\"}},{\"@type\":\"Person\",\"@id\":\"https:\/\/www.psib-psoe.org\/eivissa\/#\/schema\/person\/099ab3ef73a3645a1d7f303518e6ce24\",\"name\":\"adminpsib\",\"url\":\"https:\/\/www.psib-psoe.org\/eivissa\/author\/adminpsib\/\"}]}<\/script>\n<!-- \/ Yoast SEO plugin. -->","yoast_head_json":{"title":"Elena L\u00f3pez denuncia la p\u00e8rdua del turisme familiar i que Eivissa es deriva \u00fanicament al \u201cluxe, festa i discoteques\u201d despr\u00e9s de sis anys de Vicent Mar\u00ed i 50 milions d\u2019euros del Consell Insular gastats en promoci\u00f3 tur\u00edstica - Federaci\u00f3 Socialista d&#039;Eivissa","robots":{"index":"index","follow":"follow","max-snippet":"max-snippet:-1","max-image-preview":"max-image-preview:large","max-video-preview":"max-video-preview:-1"},"canonical":"https:\/\/www.psib-psoe.org\/eivissa\/elena-lopez-denuncia-la-perdua-del-turisme-familiar-i-que-eivissa-es-deriva-unicament-al-luxe-festa-i-discoteques-despres-de-sis-anys-de-vicent-mari-i-50-milions-deuros-del\/","og_locale":"ca_ES","og_type":"article","og_title":"Elena L\u00f3pez denuncia la p\u00e8rdua del turisme familiar i que Eivissa es deriva \u00fanicament al \u201cluxe, festa i discoteques\u201d despr\u00e9s de sis anys de Vicent Mar\u00ed i 50 milions d\u2019euros del Consell Insular gastats en promoci\u00f3 tur\u00edstica - Federaci\u00f3 Socialista d&#039;Eivissa","og_description":"La portaveu del PSOE al Consell Insular, Elena L\u00f3pez, ha interpel\u00b7lat Vicent Mar\u00ed en el Ple de la instituci\u00f3 per denunciar la p\u00e8rdua del turisme familiar i que Eivissa va cap a una deriva de \u201cluxe, festa i discoteques\u201d despr\u00e9s de sis anys de Vicent Mar\u00ed i 50 milions d\u2019euros del Consell Insular gastats en&hellip;","og_url":"https:\/\/www.psib-psoe.org\/eivissa\/elena-lopez-denuncia-la-perdua-del-turisme-familiar-i-que-eivissa-es-deriva-unicament-al-luxe-festa-i-discoteques-despres-de-sis-anys-de-vicent-mari-i-50-milions-deuros-del\/","og_site_name":"Federaci\u00f3 Socialista d&#039;Eivissa","article_published_time":"2025-08-01T17:42:47+00:00","article_modified_time":"2025-08-01T17:48:09+00:00","og_image":[{"width":1179,"height":654,"url":"https:\/\/www.psib-psoe.org\/eivissa\/wp-content\/uploads\/img_5902.jpg","type":"image\/jpeg"}],"author":"adminpsib","twitter_card":"summary_large_image","twitter_misc":{"Escrit per":"adminpsib","Temps estimat de lectura":"8 minuts"},"schema":{"@context":"https:\/\/schema.org","@graph":[{"@type":["Article","BlogPosting"],"@id":"https:\/\/www.psib-psoe.org\/eivissa\/elena-lopez-denuncia-la-perdua-del-turisme-familiar-i-que-eivissa-es-deriva-unicament-al-luxe-festa-i-discoteques-despres-de-sis-anys-de-vicent-mari-i-50-milions-deuros-del\/#article","isPartOf":{"@id":"https:\/\/www.psib-psoe.org\/eivissa\/elena-lopez-denuncia-la-perdua-del-turisme-familiar-i-que-eivissa-es-deriva-unicament-al-luxe-festa-i-discoteques-despres-de-sis-anys-de-vicent-mari-i-50-milions-deuros-del\/"},"author":{"name":"adminpsib","@id":"https:\/\/www.psib-psoe.org\/eivissa\/#\/schema\/person\/099ab3ef73a3645a1d7f303518e6ce24"},"headline":"Elena L\u00f3pez denuncia la p\u00e8rdua del turisme familiar i que Eivissa es deriva \u00fanicament al \u201cluxe, festa i discoteques\u201d despr\u00e9s de sis anys de Vicent Mar\u00ed i 50 milions d\u2019euros del Consell Insular gastats en promoci\u00f3 tur\u00edstica","datePublished":"2025-08-01T17:42:47+00:00","dateModified":"2025-08-01T17:48:09+00:00","mainEntityOfPage":{"@id":"https:\/\/www.psib-psoe.org\/eivissa\/elena-lopez-denuncia-la-perdua-del-turisme-familiar-i-que-eivissa-es-deriva-unicament-al-luxe-festa-i-discoteques-despres-de-sis-anys-de-vicent-mari-i-50-milions-deuros-del\/"},"wordCount":1554,"publisher":{"@id":"https:\/\/www.psib-psoe.org\/eivissa\/#organization"},"image":{"@id":"https:\/\/www.psib-psoe.org\/eivissa\/elena-lopez-denuncia-la-perdua-del-turisme-familiar-i-que-eivissa-es-deriva-unicament-al-luxe-festa-i-discoteques-despres-de-sis-anys-de-vicent-mari-i-50-milions-deuros-del\/#primaryimage"},"thumbnailUrl":"https:\/\/www.psib-psoe.org\/eivissa\/wp-content\/uploads\/img_5902.jpg","articleSection":["Consell d'Eivissa","Federaci\u00f3 d'Eivissa - Portada"],"inLanguage":"ca"},{"@type":"WebPage","@id":"https:\/\/www.psib-psoe.org\/eivissa\/elena-lopez-denuncia-la-perdua-del-turisme-familiar-i-que-eivissa-es-deriva-unicament-al-luxe-festa-i-discoteques-despres-de-sis-anys-de-vicent-mari-i-50-milions-deuros-del\/","url":"https:\/\/www.psib-psoe.org\/eivissa\/elena-lopez-denuncia-la-perdua-del-turisme-familiar-i-que-eivissa-es-deriva-unicament-al-luxe-festa-i-discoteques-despres-de-sis-anys-de-vicent-mari-i-50-milions-deuros-del\/","name":"Elena L\u00f3pez denuncia la p\u00e8rdua del turisme familiar i que Eivissa es deriva \u00fanicament al \u201cluxe, festa i discoteques\u201d despr\u00e9s de sis anys de Vicent Mar\u00ed i 50 milions d\u2019euros del Consell Insular gastats en promoci\u00f3 tur\u00edstica - Federaci\u00f3 Socialista d&#039;Eivissa","isPartOf":{"@id":"https:\/\/www.psib-psoe.org\/eivissa\/#website"},"primaryImageOfPage":{"@id":"https:\/\/www.psib-psoe.org\/eivissa\/elena-lopez-denuncia-la-perdua-del-turisme-familiar-i-que-eivissa-es-deriva-unicament-al-luxe-festa-i-discoteques-despres-de-sis-anys-de-vicent-mari-i-50-milions-deuros-del\/#primaryimage"},"image":{"@id":"https:\/\/www.psib-psoe.org\/eivissa\/elena-lopez-denuncia-la-perdua-del-turisme-familiar-i-que-eivissa-es-deriva-unicament-al-luxe-festa-i-discoteques-despres-de-sis-anys-de-vicent-mari-i-50-milions-deuros-del\/#primaryimage"},"thumbnailUrl":"https:\/\/www.psib-psoe.org\/eivissa\/wp-content\/uploads\/img_5902.jpg","datePublished":"2025-08-01T17:42:47+00:00","dateModified":"2025-08-01T17:48:09+00:00","breadcrumb":{"@id":"https:\/\/www.psib-psoe.org\/eivissa\/elena-lopez-denuncia-la-perdua-del-turisme-familiar-i-que-eivissa-es-deriva-unicament-al-luxe-festa-i-discoteques-despres-de-sis-anys-de-vicent-mari-i-50-milions-deuros-del\/#breadcrumb"},"inLanguage":"ca","potentialAction":[{"@type":"ReadAction","target":["https:\/\/www.psib-psoe.org\/eivissa\/elena-lopez-denuncia-la-perdua-del-turisme-familiar-i-que-eivissa-es-deriva-unicament-al-luxe-festa-i-discoteques-despres-de-sis-anys-de-vicent-mari-i-50-milions-deuros-del\/"]}]},{"@type":"ImageObject","inLanguage":"ca","@id":"https:\/\/www.psib-psoe.org\/eivissa\/elena-lopez-denuncia-la-perdua-del-turisme-familiar-i-que-eivissa-es-deriva-unicament-al-luxe-festa-i-discoteques-despres-de-sis-anys-de-vicent-mari-i-50-milions-deuros-del\/#primaryimage","url":"https:\/\/www.psib-psoe.org\/eivissa\/wp-content\/uploads\/img_5902.jpg","contentUrl":"https:\/\/www.psib-psoe.org\/eivissa\/wp-content\/uploads\/img_5902.jpg","width":1179,"height":654},{"@type":"BreadcrumbList","@id":"https:\/\/www.psib-psoe.org\/eivissa\/elena-lopez-denuncia-la-perdua-del-turisme-familiar-i-que-eivissa-es-deriva-unicament-al-luxe-festa-i-discoteques-despres-de-sis-anys-de-vicent-mari-i-50-milions-deuros-del\/#breadcrumb","itemListElement":[{"@type":"ListItem","position":1,"name":"Inici","item":"https:\/\/www.psib-psoe.org\/eivissa\/"},{"@type":"ListItem","position":2,"name":"Elena L\u00f3pez denuncia la p\u00e8rdua del turisme familiar i que Eivissa es deriva \u00fanicament al \u201cluxe, festa i discoteques\u201d despr\u00e9s de sis anys de Vicent Mar\u00ed i 50 milions d\u2019euros del Consell Insular gastats en promoci\u00f3 tur\u00edstica"}]},{"@type":"WebSite","@id":"https:\/\/www.psib-psoe.org\/eivissa\/#website","url":"https:\/\/www.psib-psoe.org\/eivissa\/","name":"Federaci\u00f3 Socialista d'Eivissa","description":"Socialistes d&#039;Eivissa","publisher":{"@id":"https:\/\/www.psib-psoe.org\/eivissa\/#organization"},"potentialAction":[{"@type":"SearchAction","target":{"@type":"EntryPoint","urlTemplate":"https:\/\/www.psib-psoe.org\/eivissa\/?s={search_term_string}"},"query-input":{"@type":"PropertyValueSpecification","valueRequired":true,"valueName":"search_term_string"}}],"inLanguage":"ca"},{"@type":"Organization","@id":"https:\/\/www.psib-psoe.org\/eivissa\/#organization","name":"Federaci\u00f3 Socialista d'Eivissa","url":"https:\/\/www.psib-psoe.org\/eivissa\/","logo":{"@type":"ImageObject","inLanguage":"ca","@id":"https:\/\/www.psib-psoe.org\/eivissa\/#\/schema\/logo\/image\/","url":"https:\/\/www.psib-psoe.org\/eivissa\/wp-content\/uploads\/LOGO-FSE-SOCIALISTA-DEIVISSA-HORI.png","contentUrl":"https:\/\/www.psib-psoe.org\/eivissa\/wp-content\/uploads\/LOGO-FSE-SOCIALISTA-DEIVISSA-HORI.png","width":6000,"height":3104,"caption":"Federaci\u00f3 Socialista d'Eivissa"},"image":{"@id":"https:\/\/www.psib-psoe.org\/eivissa\/#\/schema\/logo\/image\/"}},{"@type":"Person","@id":"https:\/\/www.psib-psoe.org\/eivissa\/#\/schema\/person\/099ab3ef73a3645a1d7f303518e6ce24","name":"adminpsib","url":"https:\/\/www.psib-psoe.org\/eivissa\/author\/adminpsib\/"}]}},"_links":{"self":[{"href":"https:\/\/www.psib-psoe.org\/eivissa\/wp-json\/wp\/v2\/posts\/41117","targetHints":{"allow":["GET"]}}],"collection":[{"href":"https:\/\/www.psib-psoe.org\/eivissa\/wp-json\/wp\/v2\/posts"}],"about":[{"href":"https:\/\/www.psib-psoe.org\/eivissa\/wp-json\/wp\/v2\/types\/post"}],"author":[{"embeddable":true,"href":"https:\/\/www.psib-psoe.org\/eivissa\/wp-json\/wp\/v2\/users\/1"}],"replies":[{"embeddable":true,"href":"https:\/\/www.psib-psoe.org\/eivissa\/wp-json\/wp\/v2\/comments?post=41117"}],"version-history":[{"count":1,"href":"https:\/\/www.psib-psoe.org\/eivissa\/wp-json\/wp\/v2\/posts\/41117\/revisions"}],"predecessor-version":[{"id":41118,"href":"https:\/\/www.psib-psoe.org\/eivissa\/wp-json\/wp\/v2\/posts\/41117\/revisions\/41118"}],"wp:featuredmedia":[{"embeddable":true,"href":"https:\/\/www.psib-psoe.org\/eivissa\/wp-json\/wp\/v2\/media\/41119"}],"wp:attachment":[{"href":"https:\/\/www.psib-psoe.org\/eivissa\/wp-json\/wp\/v2\/media?parent=41117"}],"wp:term":[{"taxonomy":"category","embeddable":true,"href":"https:\/\/www.psib-psoe.org\/eivissa\/wp-json\/wp\/v2\/categories?post=41117"},{"taxonomy":"post_tag","embeddable":true,"href":"https:\/\/www.psib-psoe.org\/eivissa\/wp-json\/wp\/v2\/tags?post=41117"}],"curies":[{"name":"wp","href":"https:\/\/api.w.org\/{rel}","templated":true}]}}