{"id":41154,"date":"2025-08-07T14:06:12","date_gmt":"2025-08-07T12:06:12","guid":{"rendered":"https:\/\/www.psib-psoe.org\/eivissa\/?p=41154"},"modified":"2025-08-07T14:06:12","modified_gmt":"2025-08-07T12:06:12","slug":"el-psoe-celebra-linici-de-les-obres-del-centre-de-baixa-exigencia-des-gorg-un-projecte-impulsat-pels-governs-progressistes-que-el-pp-va-boicotejar-continuament","status":"publish","type":"post","link":"https:\/\/www.psib-psoe.org\/eivissa\/el-psoe-celebra-linici-de-les-obres-del-centre-de-baixa-exigencia-des-gorg-un-projecte-impulsat-pels-governs-progressistes-que-el-pp-va-boicotejar-continuament\/","title":{"rendered":"El PSOE celebra l\u2019inici de les obres del centre de baixa exig\u00e8ncia des Gorg: \u201cUn projecte impulsat pels governs progressistes que el PP va boicotejar cont\u00ednuament\u201d"},"content":{"rendered":"<p>Les representants del PSOE al Consell Insular i a l\u2019Ajuntament d\u2019Eivissa, Elena L\u00f3pez i Carmen Boned, han assistit aquest mat\u00ed a l\u2019acte de col\u00b7locaci\u00f3 de la primera pedra del centre de baixa exig\u00e8ncia des Gorg, una infraestructura social molt reclamada i llargament reivindicada per les entitats que treballen amb persones en situaci\u00f3 de vulnerabilitat.<\/p>\n<p>La portaveu socialista al Consell Insular, Elena L\u00f3pez Bonet, ha manifestat que \u201cper fi el centre de baixa exig\u00e8ncia del Gorg \u00e9s una realitat, un centre que sempre han impulsat els governs progressistes i que hem vist com cont\u00ednuament el Partit Popular boicotejava quan estava a les administracions, per exemple la passada legislatura\u201d, quan \u201cVicent Mar\u00ed va fer tot el possible perqu\u00e8 aix\u00f2 no an\u00e0s endavant.\u201d<\/p>\n<p>Elena L\u00f3pez ha remarcat que va ser l\u2019anterior govern progressista de l\u2019Ajuntament d\u2019Eivissa, amb l\u2019alcalde Rafa Ruiz, qui va assumir la iniciativa i va tirar endavant el projecte, tot i ser una compet\u00e8ncia insular: \u201cAix\u00ed i tot, el govern progressista de l\u2019Ajuntament d\u2019Eivissa va assumir aquesta compet\u00e8ncia insular, va liderar el projecte, ho va deixar tot preparat i deu ser dels pocs projectes que el Partit Popular d\u2019en Rafa Triguero a l\u2019Ajuntament no ha parat. Esperam que ja no hi hagi m\u00e9s entrebancs en aquesta obra.\u201d<\/p>\n<p>Tant Elena L\u00f3pez com Carmen Boned han volgut \u201cfelicitar a tots els t\u00e8cnics municipals i tota la resta de t\u00e8cnics i empreses que han participat en la redacci\u00f3 del projecte i inici de les obres. \u00c9s una instal\u00b7laci\u00f3 molt necess\u00e0ria i imprescindible i per fi veu la llum.\u201d<\/p>\n<p>Per la seua banda, la regidora socialista a l\u2019Ajuntament d\u2019Eivissa, Carmen Boned, ha destacat el consens institucional i social que ha generat aquest projecte, que considera \u201cfonamental per atendre les persones m\u00e9s vulnerables de la ciutat\u201d.<\/p>\n<p>Es tracta d\u2019un projecte definit des de la \u201cunanimitat de tots els ajuntaments i la Mesa d\u2019Exclusi\u00f3 Social\u201d, que estava plenament preparat abans del canvi de govern municipal, per\u00f2 que el seu endarreriment ha suposat una c\u00e0rrega innecess\u00e0ria per a moltes persones: \u201cQuan naltros v\u00e0rem sortir de l\u2019Ajuntament hav\u00edem deixat tot llest. Era un projecte que estava enllestit. Nom\u00e9s s&#8217;havia de signar el conveni. La ciutadania ha hagut de patir dos anys de retard. Aix\u00ed i tot, podem dir que avui \u00e9s un bon dia i estam contentes\u201d, ha manifestat Carmen Boned.<\/p>\n<p>Les socialistes han remarcat el seu desig que les obres es puguin desenvolupar segons el previst i que aviat el centre pugui obrir portes, ja que \u00e9s un servei \u201cimprescindible\u201d per garantir una resposta digna i adequada a l\u2019exclusi\u00f3 social.<\/p>\n","protected":false},"excerpt":{"rendered":"<p>Les representants del PSOE al Consell Insular i a l\u2019Ajuntament d\u2019Eivissa, Elena L\u00f3pez i Carmen Boned, han assistit aquest mat\u00ed a l\u2019acte de col\u00b7locaci\u00f3 de la primera pedra del centre de baixa exig\u00e8ncia des Gorg, una infraestructura social molt reclamada i llargament reivindicada per les entitats que treballen amb persones en situaci\u00f3 de vulnerabilitat. La&hellip;<\/p>\n","protected":false},"author":1,"featured_media":41155,"comment_status":"closed","ping_status":"closed","sticky":false,"template":"","format":"standard","meta":{"footnotes":""},"categories":[183,1,234],"tags":[],"class_list":["post-41154","post","type-post","status-publish","format-standard","has-post-thumbnail","hentry","category-ciutat-deivissa","category-federacio-de-eivissa-portada","category-municipis"],"yoast_head":"<!-- This site is optimized with the Yoast SEO plugin v26.9 - https:\/\/yoast.com\/product\/yoast-seo-wordpress\/ -->\n<title>El PSOE celebra l\u2019inici de les obres del centre de baixa exig\u00e8ncia des Gorg: \u201cUn projecte impulsat pels governs progressistes que el PP va boicotejar cont\u00ednuament\u201d - Federaci\u00f3 Socialista d&#039;Eivissa<\/title>\n<meta name=\"robots\" content=\"index, follow, max-snippet:-1, max-image-preview:large, max-video-preview:-1\" \/>\n<link rel=\"canonical\" href=\"https:\/\/www.psib-psoe.org\/eivissa\/el-psoe-celebra-linici-de-les-obres-del-centre-de-baixa-exigencia-des-gorg-un-projecte-impulsat-pels-governs-progressistes-que-el-pp-va-boicotejar-continuament\/\" \/>\n<meta property=\"og:locale\" content=\"ca_ES\" \/>\n<meta property=\"og:type\" content=\"article\" \/>\n<meta property=\"og:title\" content=\"El PSOE celebra l\u2019inici de les obres del centre de baixa exig\u00e8ncia des Gorg: \u201cUn projecte impulsat pels governs progressistes que el PP va boicotejar cont\u00ednuament\u201d - Federaci\u00f3 Socialista d&#039;Eivissa\" \/>\n<meta property=\"og:description\" content=\"Les representants del PSOE al Consell Insular i a l\u2019Ajuntament d\u2019Eivissa, Elena L\u00f3pez i Carmen Boned, han assistit aquest mat\u00ed a l\u2019acte de col\u00b7locaci\u00f3 de la primera pedra del centre de baixa exig\u00e8ncia des Gorg, una infraestructura social molt reclamada i llargament reivindicada per les entitats que treballen amb persones en situaci\u00f3 de vulnerabilitat. La&hellip;\" \/>\n<meta property=\"og:url\" content=\"https:\/\/www.psib-psoe.org\/eivissa\/el-psoe-celebra-linici-de-les-obres-del-centre-de-baixa-exigencia-des-gorg-un-projecte-impulsat-pels-governs-progressistes-que-el-pp-va-boicotejar-continuament\/\" \/>\n<meta property=\"og:site_name\" content=\"Federaci\u00f3 Socialista d&#039;Eivissa\" \/>\n<meta property=\"article:published_time\" content=\"2025-08-07T12:06:12+00:00\" \/>\n<meta property=\"og:image\" content=\"https:\/\/www.psib-psoe.org\/eivissa\/wp-content\/uploads\/es-gorg.jpg\" \/>\n\t<meta property=\"og:image:width\" content=\"1290\" \/>\n\t<meta property=\"og:image:height\" content=\"967\" \/>\n\t<meta property=\"og:image:type\" content=\"image\/jpeg\" \/>\n<meta name=\"author\" content=\"adminpsib\" \/>\n<meta name=\"twitter:card\" content=\"summary_large_image\" \/>\n<meta name=\"twitter:label1\" content=\"Escrit per\" \/>\n\t<meta name=\"twitter:data1\" content=\"adminpsib\" \/>\n\t<meta name=\"twitter:label2\" content=\"Temps estimat de lectura\" \/>\n\t<meta name=\"twitter:data2\" content=\"2 minuts\" \/>\n<script type=\"application\/ld+json\" class=\"yoast-schema-graph\">{\"@context\":\"https:\/\/schema.org\",\"@graph\":[{\"@type\":[\"Article\",\"BlogPosting\"],\"@id\":\"https:\/\/www.psib-psoe.org\/eivissa\/el-psoe-celebra-linici-de-les-obres-del-centre-de-baixa-exigencia-des-gorg-un-projecte-impulsat-pels-governs-progressistes-que-el-pp-va-boicotejar-continuament\/#article\",\"isPartOf\":{\"@id\":\"https:\/\/www.psib-psoe.org\/eivissa\/el-psoe-celebra-linici-de-les-obres-del-centre-de-baixa-exigencia-des-gorg-un-projecte-impulsat-pels-governs-progressistes-que-el-pp-va-boicotejar-continuament\/\"},\"author\":{\"name\":\"adminpsib\",\"@id\":\"https:\/\/www.psib-psoe.org\/eivissa\/#\/schema\/person\/099ab3ef73a3645a1d7f303518e6ce24\"},\"headline\":\"El PSOE celebra l\u2019inici de les obres del centre de baixa exig\u00e8ncia des Gorg: \u201cUn projecte impulsat pels governs progressistes que el PP va boicotejar cont\u00ednuament\u201d\",\"datePublished\":\"2025-08-07T12:06:12+00:00\",\"mainEntityOfPage\":{\"@id\":\"https:\/\/www.psib-psoe.org\/eivissa\/el-psoe-celebra-linici-de-les-obres-del-centre-de-baixa-exigencia-des-gorg-un-projecte-impulsat-pels-governs-progressistes-que-el-pp-va-boicotejar-continuament\/\"},\"wordCount\":490,\"publisher\":{\"@id\":\"https:\/\/www.psib-psoe.org\/eivissa\/#organization\"},\"image\":{\"@id\":\"https:\/\/www.psib-psoe.org\/eivissa\/el-psoe-celebra-linici-de-les-obres-del-centre-de-baixa-exigencia-des-gorg-un-projecte-impulsat-pels-governs-progressistes-que-el-pp-va-boicotejar-continuament\/#primaryimage\"},\"thumbnailUrl\":\"https:\/\/www.psib-psoe.org\/eivissa\/wp-content\/uploads\/es-gorg.jpg\",\"articleSection\":[\"Ciutat d'Eivissa\",\"Federaci\u00f3 d'Eivissa - Portada\",\"Municipis\"],\"inLanguage\":\"ca\"},{\"@type\":\"WebPage\",\"@id\":\"https:\/\/www.psib-psoe.org\/eivissa\/el-psoe-celebra-linici-de-les-obres-del-centre-de-baixa-exigencia-des-gorg-un-projecte-impulsat-pels-governs-progressistes-que-el-pp-va-boicotejar-continuament\/\",\"url\":\"https:\/\/www.psib-psoe.org\/eivissa\/el-psoe-celebra-linici-de-les-obres-del-centre-de-baixa-exigencia-des-gorg-un-projecte-impulsat-pels-governs-progressistes-que-el-pp-va-boicotejar-continuament\/\",\"name\":\"El PSOE celebra l\u2019inici de les obres del centre de baixa exig\u00e8ncia des Gorg: \u201cUn projecte impulsat pels governs progressistes que el PP va boicotejar cont\u00ednuament\u201d - Federaci\u00f3 Socialista d&#039;Eivissa\",\"isPartOf\":{\"@id\":\"https:\/\/www.psib-psoe.org\/eivissa\/#website\"},\"primaryImageOfPage\":{\"@id\":\"https:\/\/www.psib-psoe.org\/eivissa\/el-psoe-celebra-linici-de-les-obres-del-centre-de-baixa-exigencia-des-gorg-un-projecte-impulsat-pels-governs-progressistes-que-el-pp-va-boicotejar-continuament\/#primaryimage\"},\"image\":{\"@id\":\"https:\/\/www.psib-psoe.org\/eivissa\/el-psoe-celebra-linici-de-les-obres-del-centre-de-baixa-exigencia-des-gorg-un-projecte-impulsat-pels-governs-progressistes-que-el-pp-va-boicotejar-continuament\/#primaryimage\"},\"thumbnailUrl\":\"https:\/\/www.psib-psoe.org\/eivissa\/wp-content\/uploads\/es-gorg.jpg\",\"datePublished\":\"2025-08-07T12:06:12+00:00\",\"breadcrumb\":{\"@id\":\"https:\/\/www.psib-psoe.org\/eivissa\/el-psoe-celebra-linici-de-les-obres-del-centre-de-baixa-exigencia-des-gorg-un-projecte-impulsat-pels-governs-progressistes-que-el-pp-va-boicotejar-continuament\/#breadcrumb\"},\"inLanguage\":\"ca\",\"potentialAction\":[{\"@type\":\"ReadAction\",\"target\":[\"https:\/\/www.psib-psoe.org\/eivissa\/el-psoe-celebra-linici-de-les-obres-del-centre-de-baixa-exigencia-des-gorg-un-projecte-impulsat-pels-governs-progressistes-que-el-pp-va-boicotejar-continuament\/\"]}]},{\"@type\":\"ImageObject\",\"inLanguage\":\"ca\",\"@id\":\"https:\/\/www.psib-psoe.org\/eivissa\/el-psoe-celebra-linici-de-les-obres-del-centre-de-baixa-exigencia-des-gorg-un-projecte-impulsat-pels-governs-progressistes-que-el-pp-va-boicotejar-continuament\/#primaryimage\",\"url\":\"https:\/\/www.psib-psoe.org\/eivissa\/wp-content\/uploads\/es-gorg.jpg\",\"contentUrl\":\"https:\/\/www.psib-psoe.org\/eivissa\/wp-content\/uploads\/es-gorg.jpg\",\"width\":1290,\"height\":967},{\"@type\":\"BreadcrumbList\",\"@id\":\"https:\/\/www.psib-psoe.org\/eivissa\/el-psoe-celebra-linici-de-les-obres-del-centre-de-baixa-exigencia-des-gorg-un-projecte-impulsat-pels-governs-progressistes-que-el-pp-va-boicotejar-continuament\/#breadcrumb\",\"itemListElement\":[{\"@type\":\"ListItem\",\"position\":1,\"name\":\"Inici\",\"item\":\"https:\/\/www.psib-psoe.org\/eivissa\/\"},{\"@type\":\"ListItem\",\"position\":2,\"name\":\"El PSOE celebra l\u2019inici de les obres del centre de baixa exig\u00e8ncia des Gorg: \u201cUn projecte impulsat pels governs progressistes que el PP va boicotejar cont\u00ednuament\u201d\"}]},{\"@type\":\"WebSite\",\"@id\":\"https:\/\/www.psib-psoe.org\/eivissa\/#website\",\"url\":\"https:\/\/www.psib-psoe.org\/eivissa\/\",\"name\":\"Federaci\u00f3 Socialista d'Eivissa\",\"description\":\"Socialistes d&#039;Eivissa\",\"publisher\":{\"@id\":\"https:\/\/www.psib-psoe.org\/eivissa\/#organization\"},\"potentialAction\":[{\"@type\":\"SearchAction\",\"target\":{\"@type\":\"EntryPoint\",\"urlTemplate\":\"https:\/\/www.psib-psoe.org\/eivissa\/?s={search_term_string}\"},\"query-input\":{\"@type\":\"PropertyValueSpecification\",\"valueRequired\":true,\"valueName\":\"search_term_string\"}}],\"inLanguage\":\"ca\"},{\"@type\":\"Organization\",\"@id\":\"https:\/\/www.psib-psoe.org\/eivissa\/#organization\",\"name\":\"Federaci\u00f3 Socialista d'Eivissa\",\"url\":\"https:\/\/www.psib-psoe.org\/eivissa\/\",\"logo\":{\"@type\":\"ImageObject\",\"inLanguage\":\"ca\",\"@id\":\"https:\/\/www.psib-psoe.org\/eivissa\/#\/schema\/logo\/image\/\",\"url\":\"https:\/\/www.psib-psoe.org\/eivissa\/wp-content\/uploads\/LOGO-FSE-SOCIALISTA-DEIVISSA-HORI.png\",\"contentUrl\":\"https:\/\/www.psib-psoe.org\/eivissa\/wp-content\/uploads\/LOGO-FSE-SOCIALISTA-DEIVISSA-HORI.png\",\"width\":6000,\"height\":3104,\"caption\":\"Federaci\u00f3 Socialista d'Eivissa\"},\"image\":{\"@id\":\"https:\/\/www.psib-psoe.org\/eivissa\/#\/schema\/logo\/image\/\"}},{\"@type\":\"Person\",\"@id\":\"https:\/\/www.psib-psoe.org\/eivissa\/#\/schema\/person\/099ab3ef73a3645a1d7f303518e6ce24\",\"name\":\"adminpsib\",\"url\":\"https:\/\/www.psib-psoe.org\/eivissa\/author\/adminpsib\/\"}]}<\/script>\n<!-- \/ Yoast SEO plugin. -->","yoast_head_json":{"title":"El PSOE celebra l\u2019inici de les obres del centre de baixa exig\u00e8ncia des Gorg: \u201cUn projecte impulsat pels governs progressistes que el PP va boicotejar cont\u00ednuament\u201d - Federaci\u00f3 Socialista d&#039;Eivissa","robots":{"index":"index","follow":"follow","max-snippet":"max-snippet:-1","max-image-preview":"max-image-preview:large","max-video-preview":"max-video-preview:-1"},"canonical":"https:\/\/www.psib-psoe.org\/eivissa\/el-psoe-celebra-linici-de-les-obres-del-centre-de-baixa-exigencia-des-gorg-un-projecte-impulsat-pels-governs-progressistes-que-el-pp-va-boicotejar-continuament\/","og_locale":"ca_ES","og_type":"article","og_title":"El PSOE celebra l\u2019inici de les obres del centre de baixa exig\u00e8ncia des Gorg: \u201cUn projecte impulsat pels governs progressistes que el PP va boicotejar cont\u00ednuament\u201d - Federaci\u00f3 Socialista d&#039;Eivissa","og_description":"Les representants del PSOE al Consell Insular i a l\u2019Ajuntament d\u2019Eivissa, Elena L\u00f3pez i Carmen Boned, han assistit aquest mat\u00ed a l\u2019acte de col\u00b7locaci\u00f3 de la primera pedra del centre de baixa exig\u00e8ncia des Gorg, una infraestructura social molt reclamada i llargament reivindicada per les entitats que treballen amb persones en situaci\u00f3 de vulnerabilitat. La&hellip;","og_url":"https:\/\/www.psib-psoe.org\/eivissa\/el-psoe-celebra-linici-de-les-obres-del-centre-de-baixa-exigencia-des-gorg-un-projecte-impulsat-pels-governs-progressistes-que-el-pp-va-boicotejar-continuament\/","og_site_name":"Federaci\u00f3 Socialista d&#039;Eivissa","article_published_time":"2025-08-07T12:06:12+00:00","og_image":[{"width":1290,"height":967,"url":"https:\/\/www.psib-psoe.org\/eivissa\/wp-content\/uploads\/es-gorg.jpg","type":"image\/jpeg"}],"author":"adminpsib","twitter_card":"summary_large_image","twitter_misc":{"Escrit per":"adminpsib","Temps estimat de lectura":"2 minuts"},"schema":{"@context":"https:\/\/schema.org","@graph":[{"@type":["Article","BlogPosting"],"@id":"https:\/\/www.psib-psoe.org\/eivissa\/el-psoe-celebra-linici-de-les-obres-del-centre-de-baixa-exigencia-des-gorg-un-projecte-impulsat-pels-governs-progressistes-que-el-pp-va-boicotejar-continuament\/#article","isPartOf":{"@id":"https:\/\/www.psib-psoe.org\/eivissa\/el-psoe-celebra-linici-de-les-obres-del-centre-de-baixa-exigencia-des-gorg-un-projecte-impulsat-pels-governs-progressistes-que-el-pp-va-boicotejar-continuament\/"},"author":{"name":"adminpsib","@id":"https:\/\/www.psib-psoe.org\/eivissa\/#\/schema\/person\/099ab3ef73a3645a1d7f303518e6ce24"},"headline":"El PSOE celebra l\u2019inici de les obres del centre de baixa exig\u00e8ncia des Gorg: \u201cUn projecte impulsat pels governs progressistes que el PP va boicotejar cont\u00ednuament\u201d","datePublished":"2025-08-07T12:06:12+00:00","mainEntityOfPage":{"@id":"https:\/\/www.psib-psoe.org\/eivissa\/el-psoe-celebra-linici-de-les-obres-del-centre-de-baixa-exigencia-des-gorg-un-projecte-impulsat-pels-governs-progressistes-que-el-pp-va-boicotejar-continuament\/"},"wordCount":490,"publisher":{"@id":"https:\/\/www.psib-psoe.org\/eivissa\/#organization"},"image":{"@id":"https:\/\/www.psib-psoe.org\/eivissa\/el-psoe-celebra-linici-de-les-obres-del-centre-de-baixa-exigencia-des-gorg-un-projecte-impulsat-pels-governs-progressistes-que-el-pp-va-boicotejar-continuament\/#primaryimage"},"thumbnailUrl":"https:\/\/www.psib-psoe.org\/eivissa\/wp-content\/uploads\/es-gorg.jpg","articleSection":["Ciutat d'Eivissa","Federaci\u00f3 d'Eivissa - Portada","Municipis"],"inLanguage":"ca"},{"@type":"WebPage","@id":"https:\/\/www.psib-psoe.org\/eivissa\/el-psoe-celebra-linici-de-les-obres-del-centre-de-baixa-exigencia-des-gorg-un-projecte-impulsat-pels-governs-progressistes-que-el-pp-va-boicotejar-continuament\/","url":"https:\/\/www.psib-psoe.org\/eivissa\/el-psoe-celebra-linici-de-les-obres-del-centre-de-baixa-exigencia-des-gorg-un-projecte-impulsat-pels-governs-progressistes-que-el-pp-va-boicotejar-continuament\/","name":"El PSOE celebra l\u2019inici de les obres del centre de baixa exig\u00e8ncia des Gorg: \u201cUn projecte impulsat pels governs progressistes que el PP va boicotejar cont\u00ednuament\u201d - Federaci\u00f3 Socialista d&#039;Eivissa","isPartOf":{"@id":"https:\/\/www.psib-psoe.org\/eivissa\/#website"},"primaryImageOfPage":{"@id":"https:\/\/www.psib-psoe.org\/eivissa\/el-psoe-celebra-linici-de-les-obres-del-centre-de-baixa-exigencia-des-gorg-un-projecte-impulsat-pels-governs-progressistes-que-el-pp-va-boicotejar-continuament\/#primaryimage"},"image":{"@id":"https:\/\/www.psib-psoe.org\/eivissa\/el-psoe-celebra-linici-de-les-obres-del-centre-de-baixa-exigencia-des-gorg-un-projecte-impulsat-pels-governs-progressistes-que-el-pp-va-boicotejar-continuament\/#primaryimage"},"thumbnailUrl":"https:\/\/www.psib-psoe.org\/eivissa\/wp-content\/uploads\/es-gorg.jpg","datePublished":"2025-08-07T12:06:12+00:00","breadcrumb":{"@id":"https:\/\/www.psib-psoe.org\/eivissa\/el-psoe-celebra-linici-de-les-obres-del-centre-de-baixa-exigencia-des-gorg-un-projecte-impulsat-pels-governs-progressistes-que-el-pp-va-boicotejar-continuament\/#breadcrumb"},"inLanguage":"ca","potentialAction":[{"@type":"ReadAction","target":["https:\/\/www.psib-psoe.org\/eivissa\/el-psoe-celebra-linici-de-les-obres-del-centre-de-baixa-exigencia-des-gorg-un-projecte-impulsat-pels-governs-progressistes-que-el-pp-va-boicotejar-continuament\/"]}]},{"@type":"ImageObject","inLanguage":"ca","@id":"https:\/\/www.psib-psoe.org\/eivissa\/el-psoe-celebra-linici-de-les-obres-del-centre-de-baixa-exigencia-des-gorg-un-projecte-impulsat-pels-governs-progressistes-que-el-pp-va-boicotejar-continuament\/#primaryimage","url":"https:\/\/www.psib-psoe.org\/eivissa\/wp-content\/uploads\/es-gorg.jpg","contentUrl":"https:\/\/www.psib-psoe.org\/eivissa\/wp-content\/uploads\/es-gorg.jpg","width":1290,"height":967},{"@type":"BreadcrumbList","@id":"https:\/\/www.psib-psoe.org\/eivissa\/el-psoe-celebra-linici-de-les-obres-del-centre-de-baixa-exigencia-des-gorg-un-projecte-impulsat-pels-governs-progressistes-que-el-pp-va-boicotejar-continuament\/#breadcrumb","itemListElement":[{"@type":"ListItem","position":1,"name":"Inici","item":"https:\/\/www.psib-psoe.org\/eivissa\/"},{"@type":"ListItem","position":2,"name":"El PSOE celebra l\u2019inici de les obres del centre de baixa exig\u00e8ncia des Gorg: \u201cUn projecte impulsat pels governs progressistes que el PP va boicotejar cont\u00ednuament\u201d"}]},{"@type":"WebSite","@id":"https:\/\/www.psib-psoe.org\/eivissa\/#website","url":"https:\/\/www.psib-psoe.org\/eivissa\/","name":"Federaci\u00f3 Socialista d'Eivissa","description":"Socialistes d&#039;Eivissa","publisher":{"@id":"https:\/\/www.psib-psoe.org\/eivissa\/#organization"},"potentialAction":[{"@type":"SearchAction","target":{"@type":"EntryPoint","urlTemplate":"https:\/\/www.psib-psoe.org\/eivissa\/?s={search_term_string}"},"query-input":{"@type":"PropertyValueSpecification","valueRequired":true,"valueName":"search_term_string"}}],"inLanguage":"ca"},{"@type":"Organization","@id":"https:\/\/www.psib-psoe.org\/eivissa\/#organization","name":"Federaci\u00f3 Socialista d'Eivissa","url":"https:\/\/www.psib-psoe.org\/eivissa\/","logo":{"@type":"ImageObject","inLanguage":"ca","@id":"https:\/\/www.psib-psoe.org\/eivissa\/#\/schema\/logo\/image\/","url":"https:\/\/www.psib-psoe.org\/eivissa\/wp-content\/uploads\/LOGO-FSE-SOCIALISTA-DEIVISSA-HORI.png","contentUrl":"https:\/\/www.psib-psoe.org\/eivissa\/wp-content\/uploads\/LOGO-FSE-SOCIALISTA-DEIVISSA-HORI.png","width":6000,"height":3104,"caption":"Federaci\u00f3 Socialista d'Eivissa"},"image":{"@id":"https:\/\/www.psib-psoe.org\/eivissa\/#\/schema\/logo\/image\/"}},{"@type":"Person","@id":"https:\/\/www.psib-psoe.org\/eivissa\/#\/schema\/person\/099ab3ef73a3645a1d7f303518e6ce24","name":"adminpsib","url":"https:\/\/www.psib-psoe.org\/eivissa\/author\/adminpsib\/"}]}},"_links":{"self":[{"href":"https:\/\/www.psib-psoe.org\/eivissa\/wp-json\/wp\/v2\/posts\/41154","targetHints":{"allow":["GET"]}}],"collection":[{"href":"https:\/\/www.psib-psoe.org\/eivissa\/wp-json\/wp\/v2\/posts"}],"about":[{"href":"https:\/\/www.psib-psoe.org\/eivissa\/wp-json\/wp\/v2\/types\/post"}],"author":[{"embeddable":true,"href":"https:\/\/www.psib-psoe.org\/eivissa\/wp-json\/wp\/v2\/users\/1"}],"replies":[{"embeddable":true,"href":"https:\/\/www.psib-psoe.org\/eivissa\/wp-json\/wp\/v2\/comments?post=41154"}],"version-history":[{"count":1,"href":"https:\/\/www.psib-psoe.org\/eivissa\/wp-json\/wp\/v2\/posts\/41154\/revisions"}],"predecessor-version":[{"id":41156,"href":"https:\/\/www.psib-psoe.org\/eivissa\/wp-json\/wp\/v2\/posts\/41154\/revisions\/41156"}],"wp:featuredmedia":[{"embeddable":true,"href":"https:\/\/www.psib-psoe.org\/eivissa\/wp-json\/wp\/v2\/media\/41155"}],"wp:attachment":[{"href":"https:\/\/www.psib-psoe.org\/eivissa\/wp-json\/wp\/v2\/media?parent=41154"}],"wp:term":[{"taxonomy":"category","embeddable":true,"href":"https:\/\/www.psib-psoe.org\/eivissa\/wp-json\/wp\/v2\/categories?post=41154"},{"taxonomy":"post_tag","embeddable":true,"href":"https:\/\/www.psib-psoe.org\/eivissa\/wp-json\/wp\/v2\/tags?post=41154"}],"curies":[{"name":"wp","href":"https:\/\/api.w.org\/{rel}","templated":true}]}}