{"id":41165,"date":"2025-08-12T13:42:35","date_gmt":"2025-08-12T11:42:35","guid":{"rendered":"https:\/\/www.psib-psoe.org\/eivissa\/?p=41165"},"modified":"2025-08-12T13:42:35","modified_gmt":"2025-08-12T11:42:35","slug":"el-psoe-denuncia-lincompliment-de-vicent-mari-de-construir-dos-subparcs-de-bombers-i-de-millores-en-el-servei-a-pesar-que-el-risc-dincendis-cada-any-es-mes-elevat","status":"publish","type":"post","link":"https:\/\/www.psib-psoe.org\/eivissa\/el-psoe-denuncia-lincompliment-de-vicent-mari-de-construir-dos-subparcs-de-bombers-i-de-millores-en-el-servei-a-pesar-que-el-risc-dincendis-cada-any-es-mes-elevat\/","title":{"rendered":"El PSOE denuncia l\u2019incompliment de Vicent Mar\u00ed de construir dos subparcs de bombers i de millores en el servei, a pesar que el risc d\u2019incendis cada any \u00e9s m\u00e9s elevat"},"content":{"rendered":"<p>El Grup PSOE del Consell Insular d\u2019Eivissa denuncia els reiterats incompliments de Vicent Mar\u00ed en la millora del Servei de Prevenci\u00f3 i Extinci\u00f3 d\u2019Incendis. El moment actual de m\u00e0xim risc a causa de l\u2019onada de calor que afecta tota Espanya, tamb\u00e9 l\u2019illa d\u2019Eivissa, posa en evid\u00e8ncia la par\u00e0lisi de Vicent Mar\u00ed, que duu sis anys anunciant la construcci\u00f3 de dos subparcs de bombers que encara no estan ni licitats. <\/p>\n<p>Diferents episodis han posat en evid\u00e8ncia aquesta situaci\u00f3 de falta de mitjans i d\u2019infraestructures, com va ser l\u2019incendi d\u2019una nau al pol\u00edgon de Sant Jordi o de la planta de biomassa de Sant Rafel, que va posar a prova el servei de bombers i va generar una gran tensi\u00f3 al personal i als equips de servei insular de Bombers, que en el cas d\u2019incendis rurals i forestals han de poder donar suport a l\u2019Ibanat.<\/p>\n<p>Elena L\u00f3pez Bonet, portaveu del PSOE al Consell Insular, ha explicat que \u201cestam en una situaci\u00f3 extrema de perill d&#8217;incendis, no nom\u00e9s a la pen\u00ednsula, a Eivissa tamb\u00e9\u201d, i \u201cel Partit Popular de Vicent Mar\u00ed no ha fet la seua feina en mat\u00e8ria de prevenci\u00f3 d&#8217;incendis i en millora de la gesti\u00f3 dels Bombers d&#8217;Eivissa en aquestos darrers sis anys\u201d. Des del Partit Socialista \u201cduim anys denunciant i reclamar millores i no s&#8217;han produ\u00eft cap ni una d&#8217;elles\u201d.<\/p>\n<p>La portaveu del PSOE ha volgut destacar la professionalitat i l\u2019esfor\u00e7 del cos de Bombers del Consell Insular, que han de fer front a una situaci\u00f3 de falta de mitjans: \u201cLes instal\u00b7lacions, els equipaments i els recursos t\u00e8cnics i humans s\u00f3n insuficients per afrontar els riscos, que en els \u00faltims anys s\u2019estan accentuant enormement, com per desgr\u00e0cia estam veient amb l\u2019onada d\u2019incendis que est\u00e0 afectant altres zones del pa\u00eds\u201d.<\/p>\n<p>Segons dades oficials, el servei insular de Bombers d\u2019Eivissa compta amb nom\u00e9s una setantena d\u2019efectius, lluny de la r\u00e0tio europea d\u20191 bomber per cada 1.000 habitants. Aix\u00f2 implicaria una plantilla de 161 professionals nom\u00e9s per cobrir la poblaci\u00f3 resident, que supera els 161.000 habitants, sense tenir en compte la poblaci\u00f3 flotant que a l\u2019estiu pot arribar a m\u00e9s de 310.000 persones.<\/p>\n<p>El conseller socialista V\u00edctor Torres ha explicat que \u201cduim sis anys reclamant millores per lluitar contra riscos d\u2019incendis, hem demanat plans plurianuals per millorar els equipaments, renovar els vehicles i ampliar la plantilla. Hem demanat tamb\u00e9 que es construeixin dos subparcs de bombers, un a la part nord i un altre a la part sud, per poder tenir m\u00e9s facilitat d\u2019accedir-hi i de forma m\u00e9s r\u00e0pida i efectiva.\u201d <\/p>\n<p>Torres recorda que aquestes demandes estan basades en un conveni signat a finals de la legislatura passada per crear un Consorci Insular de Prevenci\u00f3 i Extinci\u00f3 d\u2019Incendis amb la participaci\u00f3 de tots els ajuntaments de l\u2019illa, per\u00f2 que \u201cdespr\u00e9s de quatre anys, aquest consorci encara no est\u00e0 constitu\u00eft i no s\u2019ha avan\u00e7at en la seva posada en marxa.\u201d<\/p>\n<p>El grup socialista recorda que ja el 2019, a l\u2019Ajuntament de Santa Eul\u00e0ria, es va presentar una moci\u00f3 per a la cessi\u00f3 del solar de Can Mar\u00e7\u00e0 per a la construcci\u00f3 d\u2019un subparc de bombers a la zona nord, per\u00f2 que encara no han comen\u00e7at les obres. Ara, Vicent Mar\u00ed fa un altre nou anunci, diguent que podria est\u00e0 fet a finals del 2026. Per\u00f2 la realitat \u00e9s, despr\u00e9s d\u2019un anunci darrere l\u2019altre, que Eivissa continua sense cap dels dos nous subparcs de Bombers, despr\u00e9s de sis anys de govern de Vicent Mar\u00ed.<\/p>\n<p>\u201cVicent Mar\u00ed ha votat a favor de les mocions del PSOE que demanaven la construcci\u00f3 dels subparcs i la millora del servei de bombers, per\u00f2 despr\u00e9s incompleix tots els seus compromisos\u201d, critica el conseller socialista.<\/p>\n<p>El PSOE reitera la necessitat urgent que el Consell d\u2019Eivissa redacti i aprovi un pla d\u2019inversions plurianual que permeti adaptar el servei a les necessitats actuals,  posar en marxa la construcci\u00f3 de dos subparcs de bombers, millorar les actuals infraestructures, adquirint equipaments i vehicles moderns, i ampliar la plantilla amb una formaci\u00f3 cont\u00ednua i actualitzada. <\/p>\n<p>Tamb\u00e9 insisteix en la creaci\u00f3 immediata del Consorci Insular de Prevenci\u00f3 i Extinci\u00f3 d\u2019Incendis, per garantir una gesti\u00f3 conjunta i participativa entre totes les administracions locals. <\/p>\n<p>Finalment, la portaveu Elena L\u00f3pez Bonet ha fet una crida a la ciutadania a la precauci\u00f3 i la responsabilitat davant de l\u2019actual situaci\u00f3 de risc d\u2019incendis, i que davant de qualsevol senyal de foc s\u2019avisi r\u00e0pidament al tel\u00e8fon d\u2019emerg\u00e8ncies 112.<\/p>\n","protected":false},"excerpt":{"rendered":"<p>El Grup PSOE del Consell Insular d\u2019Eivissa denuncia els reiterats incompliments de Vicent Mar\u00ed en la millora del Servei de Prevenci\u00f3 i Extinci\u00f3 d\u2019Incendis. El moment actual de m\u00e0xim risc a causa de l\u2019onada de calor que afecta tota Espanya, tamb\u00e9 l\u2019illa d\u2019Eivissa, posa en evid\u00e8ncia la par\u00e0lisi de Vicent Mar\u00ed, que duu sis anys&hellip;<\/p>\n","protected":false},"author":1,"featured_media":39295,"comment_status":"closed","ping_status":"closed","sticky":false,"template":"","format":"standard","meta":{"footnotes":""},"categories":[192,1],"tags":[],"class_list":["post-41165","post","type-post","status-publish","format-standard","has-post-thumbnail","hentry","category-consell-deivissa","category-federacio-de-eivissa-portada"],"yoast_head":"<!-- This site is optimized with the Yoast SEO plugin v26.9 - https:\/\/yoast.com\/product\/yoast-seo-wordpress\/ -->\n<title>El PSOE denuncia l\u2019incompliment de Vicent Mar\u00ed de construir dos subparcs de bombers i de millores en el servei, a pesar que el risc d\u2019incendis cada any \u00e9s m\u00e9s elevat - Federaci\u00f3 Socialista d&#039;Eivissa<\/title>\n<meta name=\"robots\" content=\"index, follow, max-snippet:-1, max-image-preview:large, max-video-preview:-1\" \/>\n<link rel=\"canonical\" href=\"https:\/\/www.psib-psoe.org\/eivissa\/el-psoe-denuncia-lincompliment-de-vicent-mari-de-construir-dos-subparcs-de-bombers-i-de-millores-en-el-servei-a-pesar-que-el-risc-dincendis-cada-any-es-mes-elevat\/\" \/>\n<meta property=\"og:locale\" content=\"ca_ES\" \/>\n<meta property=\"og:type\" content=\"article\" \/>\n<meta property=\"og:title\" content=\"El PSOE denuncia l\u2019incompliment de Vicent Mar\u00ed de construir dos subparcs de bombers i de millores en el servei, a pesar que el risc d\u2019incendis cada any \u00e9s m\u00e9s elevat - Federaci\u00f3 Socialista d&#039;Eivissa\" \/>\n<meta property=\"og:description\" content=\"El Grup PSOE del Consell Insular d\u2019Eivissa denuncia els reiterats incompliments de Vicent Mar\u00ed en la millora del Servei de Prevenci\u00f3 i Extinci\u00f3 d\u2019Incendis. El moment actual de m\u00e0xim risc a causa de l\u2019onada de calor que afecta tota Espanya, tamb\u00e9 l\u2019illa d\u2019Eivissa, posa en evid\u00e8ncia la par\u00e0lisi de Vicent Mar\u00ed, que duu sis anys&hellip;\" \/>\n<meta property=\"og:url\" content=\"https:\/\/www.psib-psoe.org\/eivissa\/el-psoe-denuncia-lincompliment-de-vicent-mari-de-construir-dos-subparcs-de-bombers-i-de-millores-en-el-servei-a-pesar-que-el-risc-dincendis-cada-any-es-mes-elevat\/\" \/>\n<meta property=\"og:site_name\" content=\"Federaci\u00f3 Socialista d&#039;Eivissa\" \/>\n<meta property=\"article:published_time\" content=\"2025-08-12T11:42:35+00:00\" \/>\n<meta property=\"og:image\" content=\"https:\/\/www.psib-psoe.org\/eivissa\/wp-content\/uploads\/Parque-bomberos_7-scaled.jpeg\" \/>\n\t<meta property=\"og:image:width\" content=\"2560\" \/>\n\t<meta property=\"og:image:height\" content=\"1742\" \/>\n\t<meta property=\"og:image:type\" content=\"image\/jpeg\" \/>\n<meta name=\"author\" content=\"adminpsib\" \/>\n<meta name=\"twitter:card\" content=\"summary_large_image\" \/>\n<meta name=\"twitter:label1\" content=\"Escrit per\" \/>\n\t<meta name=\"twitter:data1\" content=\"adminpsib\" \/>\n\t<meta name=\"twitter:label2\" content=\"Temps estimat de lectura\" \/>\n\t<meta name=\"twitter:data2\" content=\"4 minuts\" \/>\n<script type=\"application\/ld+json\" class=\"yoast-schema-graph\">{\"@context\":\"https:\/\/schema.org\",\"@graph\":[{\"@type\":[\"Article\",\"BlogPosting\"],\"@id\":\"https:\/\/www.psib-psoe.org\/eivissa\/el-psoe-denuncia-lincompliment-de-vicent-mari-de-construir-dos-subparcs-de-bombers-i-de-millores-en-el-servei-a-pesar-que-el-risc-dincendis-cada-any-es-mes-elevat\/#article\",\"isPartOf\":{\"@id\":\"https:\/\/www.psib-psoe.org\/eivissa\/el-psoe-denuncia-lincompliment-de-vicent-mari-de-construir-dos-subparcs-de-bombers-i-de-millores-en-el-servei-a-pesar-que-el-risc-dincendis-cada-any-es-mes-elevat\/\"},\"author\":{\"name\":\"adminpsib\",\"@id\":\"https:\/\/www.psib-psoe.org\/eivissa\/#\/schema\/person\/099ab3ef73a3645a1d7f303518e6ce24\"},\"headline\":\"El PSOE denuncia l\u2019incompliment de Vicent Mar\u00ed de construir dos subparcs de bombers i de millores en el servei, a pesar que el risc d\u2019incendis cada any \u00e9s m\u00e9s elevat\",\"datePublished\":\"2025-08-12T11:42:35+00:00\",\"mainEntityOfPage\":{\"@id\":\"https:\/\/www.psib-psoe.org\/eivissa\/el-psoe-denuncia-lincompliment-de-vicent-mari-de-construir-dos-subparcs-de-bombers-i-de-millores-en-el-servei-a-pesar-que-el-risc-dincendis-cada-any-es-mes-elevat\/\"},\"wordCount\":821,\"publisher\":{\"@id\":\"https:\/\/www.psib-psoe.org\/eivissa\/#organization\"},\"image\":{\"@id\":\"https:\/\/www.psib-psoe.org\/eivissa\/el-psoe-denuncia-lincompliment-de-vicent-mari-de-construir-dos-subparcs-de-bombers-i-de-millores-en-el-servei-a-pesar-que-el-risc-dincendis-cada-any-es-mes-elevat\/#primaryimage\"},\"thumbnailUrl\":\"https:\/\/www.psib-psoe.org\/eivissa\/wp-content\/uploads\/Parque-bomberos_7-scaled.jpeg\",\"articleSection\":[\"Consell d'Eivissa\",\"Federaci\u00f3 d'Eivissa - Portada\"],\"inLanguage\":\"ca\"},{\"@type\":\"WebPage\",\"@id\":\"https:\/\/www.psib-psoe.org\/eivissa\/el-psoe-denuncia-lincompliment-de-vicent-mari-de-construir-dos-subparcs-de-bombers-i-de-millores-en-el-servei-a-pesar-que-el-risc-dincendis-cada-any-es-mes-elevat\/\",\"url\":\"https:\/\/www.psib-psoe.org\/eivissa\/el-psoe-denuncia-lincompliment-de-vicent-mari-de-construir-dos-subparcs-de-bombers-i-de-millores-en-el-servei-a-pesar-que-el-risc-dincendis-cada-any-es-mes-elevat\/\",\"name\":\"El PSOE denuncia l\u2019incompliment de Vicent Mar\u00ed de construir dos subparcs de bombers i de millores en el servei, a pesar que el risc d\u2019incendis cada any \u00e9s m\u00e9s elevat - Federaci\u00f3 Socialista d&#039;Eivissa\",\"isPartOf\":{\"@id\":\"https:\/\/www.psib-psoe.org\/eivissa\/#website\"},\"primaryImageOfPage\":{\"@id\":\"https:\/\/www.psib-psoe.org\/eivissa\/el-psoe-denuncia-lincompliment-de-vicent-mari-de-construir-dos-subparcs-de-bombers-i-de-millores-en-el-servei-a-pesar-que-el-risc-dincendis-cada-any-es-mes-elevat\/#primaryimage\"},\"image\":{\"@id\":\"https:\/\/www.psib-psoe.org\/eivissa\/el-psoe-denuncia-lincompliment-de-vicent-mari-de-construir-dos-subparcs-de-bombers-i-de-millores-en-el-servei-a-pesar-que-el-risc-dincendis-cada-any-es-mes-elevat\/#primaryimage\"},\"thumbnailUrl\":\"https:\/\/www.psib-psoe.org\/eivissa\/wp-content\/uploads\/Parque-bomberos_7-scaled.jpeg\",\"datePublished\":\"2025-08-12T11:42:35+00:00\",\"breadcrumb\":{\"@id\":\"https:\/\/www.psib-psoe.org\/eivissa\/el-psoe-denuncia-lincompliment-de-vicent-mari-de-construir-dos-subparcs-de-bombers-i-de-millores-en-el-servei-a-pesar-que-el-risc-dincendis-cada-any-es-mes-elevat\/#breadcrumb\"},\"inLanguage\":\"ca\",\"potentialAction\":[{\"@type\":\"ReadAction\",\"target\":[\"https:\/\/www.psib-psoe.org\/eivissa\/el-psoe-denuncia-lincompliment-de-vicent-mari-de-construir-dos-subparcs-de-bombers-i-de-millores-en-el-servei-a-pesar-que-el-risc-dincendis-cada-any-es-mes-elevat\/\"]}]},{\"@type\":\"ImageObject\",\"inLanguage\":\"ca\",\"@id\":\"https:\/\/www.psib-psoe.org\/eivissa\/el-psoe-denuncia-lincompliment-de-vicent-mari-de-construir-dos-subparcs-de-bombers-i-de-millores-en-el-servei-a-pesar-que-el-risc-dincendis-cada-any-es-mes-elevat\/#primaryimage\",\"url\":\"https:\/\/www.psib-psoe.org\/eivissa\/wp-content\/uploads\/Parque-bomberos_7-scaled.jpeg\",\"contentUrl\":\"https:\/\/www.psib-psoe.org\/eivissa\/wp-content\/uploads\/Parque-bomberos_7-scaled.jpeg\",\"width\":2560,\"height\":1742},{\"@type\":\"BreadcrumbList\",\"@id\":\"https:\/\/www.psib-psoe.org\/eivissa\/el-psoe-denuncia-lincompliment-de-vicent-mari-de-construir-dos-subparcs-de-bombers-i-de-millores-en-el-servei-a-pesar-que-el-risc-dincendis-cada-any-es-mes-elevat\/#breadcrumb\",\"itemListElement\":[{\"@type\":\"ListItem\",\"position\":1,\"name\":\"Inici\",\"item\":\"https:\/\/www.psib-psoe.org\/eivissa\/\"},{\"@type\":\"ListItem\",\"position\":2,\"name\":\"El PSOE denuncia l\u2019incompliment de Vicent Mar\u00ed de construir dos subparcs de bombers i de millores en el servei, a pesar que el risc d\u2019incendis cada any \u00e9s m\u00e9s elevat\"}]},{\"@type\":\"WebSite\",\"@id\":\"https:\/\/www.psib-psoe.org\/eivissa\/#website\",\"url\":\"https:\/\/www.psib-psoe.org\/eivissa\/\",\"name\":\"Federaci\u00f3 Socialista d'Eivissa\",\"description\":\"Socialistes d&#039;Eivissa\",\"publisher\":{\"@id\":\"https:\/\/www.psib-psoe.org\/eivissa\/#organization\"},\"potentialAction\":[{\"@type\":\"SearchAction\",\"target\":{\"@type\":\"EntryPoint\",\"urlTemplate\":\"https:\/\/www.psib-psoe.org\/eivissa\/?s={search_term_string}\"},\"query-input\":{\"@type\":\"PropertyValueSpecification\",\"valueRequired\":true,\"valueName\":\"search_term_string\"}}],\"inLanguage\":\"ca\"},{\"@type\":\"Organization\",\"@id\":\"https:\/\/www.psib-psoe.org\/eivissa\/#organization\",\"name\":\"Federaci\u00f3 Socialista d'Eivissa\",\"url\":\"https:\/\/www.psib-psoe.org\/eivissa\/\",\"logo\":{\"@type\":\"ImageObject\",\"inLanguage\":\"ca\",\"@id\":\"https:\/\/www.psib-psoe.org\/eivissa\/#\/schema\/logo\/image\/\",\"url\":\"https:\/\/www.psib-psoe.org\/eivissa\/wp-content\/uploads\/LOGO-FSE-SOCIALISTA-DEIVISSA-HORI.png\",\"contentUrl\":\"https:\/\/www.psib-psoe.org\/eivissa\/wp-content\/uploads\/LOGO-FSE-SOCIALISTA-DEIVISSA-HORI.png\",\"width\":6000,\"height\":3104,\"caption\":\"Federaci\u00f3 Socialista d'Eivissa\"},\"image\":{\"@id\":\"https:\/\/www.psib-psoe.org\/eivissa\/#\/schema\/logo\/image\/\"}},{\"@type\":\"Person\",\"@id\":\"https:\/\/www.psib-psoe.org\/eivissa\/#\/schema\/person\/099ab3ef73a3645a1d7f303518e6ce24\",\"name\":\"adminpsib\",\"url\":\"https:\/\/www.psib-psoe.org\/eivissa\/author\/adminpsib\/\"}]}<\/script>\n<!-- \/ Yoast SEO plugin. -->","yoast_head_json":{"title":"El PSOE denuncia l\u2019incompliment de Vicent Mar\u00ed de construir dos subparcs de bombers i de millores en el servei, a pesar que el risc d\u2019incendis cada any \u00e9s m\u00e9s elevat - Federaci\u00f3 Socialista d&#039;Eivissa","robots":{"index":"index","follow":"follow","max-snippet":"max-snippet:-1","max-image-preview":"max-image-preview:large","max-video-preview":"max-video-preview:-1"},"canonical":"https:\/\/www.psib-psoe.org\/eivissa\/el-psoe-denuncia-lincompliment-de-vicent-mari-de-construir-dos-subparcs-de-bombers-i-de-millores-en-el-servei-a-pesar-que-el-risc-dincendis-cada-any-es-mes-elevat\/","og_locale":"ca_ES","og_type":"article","og_title":"El PSOE denuncia l\u2019incompliment de Vicent Mar\u00ed de construir dos subparcs de bombers i de millores en el servei, a pesar que el risc d\u2019incendis cada any \u00e9s m\u00e9s elevat - Federaci\u00f3 Socialista d&#039;Eivissa","og_description":"El Grup PSOE del Consell Insular d\u2019Eivissa denuncia els reiterats incompliments de Vicent Mar\u00ed en la millora del Servei de Prevenci\u00f3 i Extinci\u00f3 d\u2019Incendis. El moment actual de m\u00e0xim risc a causa de l\u2019onada de calor que afecta tota Espanya, tamb\u00e9 l\u2019illa d\u2019Eivissa, posa en evid\u00e8ncia la par\u00e0lisi de Vicent Mar\u00ed, que duu sis anys&hellip;","og_url":"https:\/\/www.psib-psoe.org\/eivissa\/el-psoe-denuncia-lincompliment-de-vicent-mari-de-construir-dos-subparcs-de-bombers-i-de-millores-en-el-servei-a-pesar-que-el-risc-dincendis-cada-any-es-mes-elevat\/","og_site_name":"Federaci\u00f3 Socialista d&#039;Eivissa","article_published_time":"2025-08-12T11:42:35+00:00","og_image":[{"width":2560,"height":1742,"url":"https:\/\/www.psib-psoe.org\/eivissa\/wp-content\/uploads\/Parque-bomberos_7-scaled.jpeg","type":"image\/jpeg"}],"author":"adminpsib","twitter_card":"summary_large_image","twitter_misc":{"Escrit per":"adminpsib","Temps estimat de lectura":"4 minuts"},"schema":{"@context":"https:\/\/schema.org","@graph":[{"@type":["Article","BlogPosting"],"@id":"https:\/\/www.psib-psoe.org\/eivissa\/el-psoe-denuncia-lincompliment-de-vicent-mari-de-construir-dos-subparcs-de-bombers-i-de-millores-en-el-servei-a-pesar-que-el-risc-dincendis-cada-any-es-mes-elevat\/#article","isPartOf":{"@id":"https:\/\/www.psib-psoe.org\/eivissa\/el-psoe-denuncia-lincompliment-de-vicent-mari-de-construir-dos-subparcs-de-bombers-i-de-millores-en-el-servei-a-pesar-que-el-risc-dincendis-cada-any-es-mes-elevat\/"},"author":{"name":"adminpsib","@id":"https:\/\/www.psib-psoe.org\/eivissa\/#\/schema\/person\/099ab3ef73a3645a1d7f303518e6ce24"},"headline":"El PSOE denuncia l\u2019incompliment de Vicent Mar\u00ed de construir dos subparcs de bombers i de millores en el servei, a pesar que el risc d\u2019incendis cada any \u00e9s m\u00e9s elevat","datePublished":"2025-08-12T11:42:35+00:00","mainEntityOfPage":{"@id":"https:\/\/www.psib-psoe.org\/eivissa\/el-psoe-denuncia-lincompliment-de-vicent-mari-de-construir-dos-subparcs-de-bombers-i-de-millores-en-el-servei-a-pesar-que-el-risc-dincendis-cada-any-es-mes-elevat\/"},"wordCount":821,"publisher":{"@id":"https:\/\/www.psib-psoe.org\/eivissa\/#organization"},"image":{"@id":"https:\/\/www.psib-psoe.org\/eivissa\/el-psoe-denuncia-lincompliment-de-vicent-mari-de-construir-dos-subparcs-de-bombers-i-de-millores-en-el-servei-a-pesar-que-el-risc-dincendis-cada-any-es-mes-elevat\/#primaryimage"},"thumbnailUrl":"https:\/\/www.psib-psoe.org\/eivissa\/wp-content\/uploads\/Parque-bomberos_7-scaled.jpeg","articleSection":["Consell d'Eivissa","Federaci\u00f3 d'Eivissa - Portada"],"inLanguage":"ca"},{"@type":"WebPage","@id":"https:\/\/www.psib-psoe.org\/eivissa\/el-psoe-denuncia-lincompliment-de-vicent-mari-de-construir-dos-subparcs-de-bombers-i-de-millores-en-el-servei-a-pesar-que-el-risc-dincendis-cada-any-es-mes-elevat\/","url":"https:\/\/www.psib-psoe.org\/eivissa\/el-psoe-denuncia-lincompliment-de-vicent-mari-de-construir-dos-subparcs-de-bombers-i-de-millores-en-el-servei-a-pesar-que-el-risc-dincendis-cada-any-es-mes-elevat\/","name":"El PSOE denuncia l\u2019incompliment de Vicent Mar\u00ed de construir dos subparcs de bombers i de millores en el servei, a pesar que el risc d\u2019incendis cada any \u00e9s m\u00e9s elevat - Federaci\u00f3 Socialista d&#039;Eivissa","isPartOf":{"@id":"https:\/\/www.psib-psoe.org\/eivissa\/#website"},"primaryImageOfPage":{"@id":"https:\/\/www.psib-psoe.org\/eivissa\/el-psoe-denuncia-lincompliment-de-vicent-mari-de-construir-dos-subparcs-de-bombers-i-de-millores-en-el-servei-a-pesar-que-el-risc-dincendis-cada-any-es-mes-elevat\/#primaryimage"},"image":{"@id":"https:\/\/www.psib-psoe.org\/eivissa\/el-psoe-denuncia-lincompliment-de-vicent-mari-de-construir-dos-subparcs-de-bombers-i-de-millores-en-el-servei-a-pesar-que-el-risc-dincendis-cada-any-es-mes-elevat\/#primaryimage"},"thumbnailUrl":"https:\/\/www.psib-psoe.org\/eivissa\/wp-content\/uploads\/Parque-bomberos_7-scaled.jpeg","datePublished":"2025-08-12T11:42:35+00:00","breadcrumb":{"@id":"https:\/\/www.psib-psoe.org\/eivissa\/el-psoe-denuncia-lincompliment-de-vicent-mari-de-construir-dos-subparcs-de-bombers-i-de-millores-en-el-servei-a-pesar-que-el-risc-dincendis-cada-any-es-mes-elevat\/#breadcrumb"},"inLanguage":"ca","potentialAction":[{"@type":"ReadAction","target":["https:\/\/www.psib-psoe.org\/eivissa\/el-psoe-denuncia-lincompliment-de-vicent-mari-de-construir-dos-subparcs-de-bombers-i-de-millores-en-el-servei-a-pesar-que-el-risc-dincendis-cada-any-es-mes-elevat\/"]}]},{"@type":"ImageObject","inLanguage":"ca","@id":"https:\/\/www.psib-psoe.org\/eivissa\/el-psoe-denuncia-lincompliment-de-vicent-mari-de-construir-dos-subparcs-de-bombers-i-de-millores-en-el-servei-a-pesar-que-el-risc-dincendis-cada-any-es-mes-elevat\/#primaryimage","url":"https:\/\/www.psib-psoe.org\/eivissa\/wp-content\/uploads\/Parque-bomberos_7-scaled.jpeg","contentUrl":"https:\/\/www.psib-psoe.org\/eivissa\/wp-content\/uploads\/Parque-bomberos_7-scaled.jpeg","width":2560,"height":1742},{"@type":"BreadcrumbList","@id":"https:\/\/www.psib-psoe.org\/eivissa\/el-psoe-denuncia-lincompliment-de-vicent-mari-de-construir-dos-subparcs-de-bombers-i-de-millores-en-el-servei-a-pesar-que-el-risc-dincendis-cada-any-es-mes-elevat\/#breadcrumb","itemListElement":[{"@type":"ListItem","position":1,"name":"Inici","item":"https:\/\/www.psib-psoe.org\/eivissa\/"},{"@type":"ListItem","position":2,"name":"El PSOE denuncia l\u2019incompliment de Vicent Mar\u00ed de construir dos subparcs de bombers i de millores en el servei, a pesar que el risc d\u2019incendis cada any \u00e9s m\u00e9s elevat"}]},{"@type":"WebSite","@id":"https:\/\/www.psib-psoe.org\/eivissa\/#website","url":"https:\/\/www.psib-psoe.org\/eivissa\/","name":"Federaci\u00f3 Socialista d'Eivissa","description":"Socialistes d&#039;Eivissa","publisher":{"@id":"https:\/\/www.psib-psoe.org\/eivissa\/#organization"},"potentialAction":[{"@type":"SearchAction","target":{"@type":"EntryPoint","urlTemplate":"https:\/\/www.psib-psoe.org\/eivissa\/?s={search_term_string}"},"query-input":{"@type":"PropertyValueSpecification","valueRequired":true,"valueName":"search_term_string"}}],"inLanguage":"ca"},{"@type":"Organization","@id":"https:\/\/www.psib-psoe.org\/eivissa\/#organization","name":"Federaci\u00f3 Socialista d'Eivissa","url":"https:\/\/www.psib-psoe.org\/eivissa\/","logo":{"@type":"ImageObject","inLanguage":"ca","@id":"https:\/\/www.psib-psoe.org\/eivissa\/#\/schema\/logo\/image\/","url":"https:\/\/www.psib-psoe.org\/eivissa\/wp-content\/uploads\/LOGO-FSE-SOCIALISTA-DEIVISSA-HORI.png","contentUrl":"https:\/\/www.psib-psoe.org\/eivissa\/wp-content\/uploads\/LOGO-FSE-SOCIALISTA-DEIVISSA-HORI.png","width":6000,"height":3104,"caption":"Federaci\u00f3 Socialista d'Eivissa"},"image":{"@id":"https:\/\/www.psib-psoe.org\/eivissa\/#\/schema\/logo\/image\/"}},{"@type":"Person","@id":"https:\/\/www.psib-psoe.org\/eivissa\/#\/schema\/person\/099ab3ef73a3645a1d7f303518e6ce24","name":"adminpsib","url":"https:\/\/www.psib-psoe.org\/eivissa\/author\/adminpsib\/"}]}},"_links":{"self":[{"href":"https:\/\/www.psib-psoe.org\/eivissa\/wp-json\/wp\/v2\/posts\/41165","targetHints":{"allow":["GET"]}}],"collection":[{"href":"https:\/\/www.psib-psoe.org\/eivissa\/wp-json\/wp\/v2\/posts"}],"about":[{"href":"https:\/\/www.psib-psoe.org\/eivissa\/wp-json\/wp\/v2\/types\/post"}],"author":[{"embeddable":true,"href":"https:\/\/www.psib-psoe.org\/eivissa\/wp-json\/wp\/v2\/users\/1"}],"replies":[{"embeddable":true,"href":"https:\/\/www.psib-psoe.org\/eivissa\/wp-json\/wp\/v2\/comments?post=41165"}],"version-history":[{"count":1,"href":"https:\/\/www.psib-psoe.org\/eivissa\/wp-json\/wp\/v2\/posts\/41165\/revisions"}],"predecessor-version":[{"id":41166,"href":"https:\/\/www.psib-psoe.org\/eivissa\/wp-json\/wp\/v2\/posts\/41165\/revisions\/41166"}],"wp:featuredmedia":[{"embeddable":true,"href":"https:\/\/www.psib-psoe.org\/eivissa\/wp-json\/wp\/v2\/media\/39295"}],"wp:attachment":[{"href":"https:\/\/www.psib-psoe.org\/eivissa\/wp-json\/wp\/v2\/media?parent=41165"}],"wp:term":[{"taxonomy":"category","embeddable":true,"href":"https:\/\/www.psib-psoe.org\/eivissa\/wp-json\/wp\/v2\/categories?post=41165"},{"taxonomy":"post_tag","embeddable":true,"href":"https:\/\/www.psib-psoe.org\/eivissa\/wp-json\/wp\/v2\/tags?post=41165"}],"curies":[{"name":"wp","href":"https:\/\/api.w.org\/{rel}","templated":true}]}}