{"id":41173,"date":"2025-08-19T09:30:36","date_gmt":"2025-08-19T07:30:36","guid":{"rendered":"https:\/\/www.psib-psoe.org\/eivissa\/?p=41173"},"modified":"2025-08-13T13:48:18","modified_gmt":"2025-08-13T11:48:18","slug":"les-politiques-de-creixement-i-la-falta-de-gestio-del-pp-agreugen-la-crisi-hidrica-de-lilla-vicent-mari-i-marga-prohens-deixaran-eivissa-sense-una-gota-daigua","status":"publish","type":"post","link":"https:\/\/www.psib-psoe.org\/eivissa\/les-politiques-de-creixement-i-la-falta-de-gestio-del-pp-agreugen-la-crisi-hidrica-de-lilla-vicent-mari-i-marga-prohens-deixaran-eivissa-sense-una-gota-daigua\/","title":{"rendered":"Les pol\u00edtiques de creixement i la falta de gesti\u00f3 del PP agreugen la crisi h\u00eddrica de l\u2019illa: \u201cVicent Mar\u00ed i Marga Prohens deixaran Eivissa sense una gota d\u2019aigua\u201d"},"content":{"rendered":"<p>El PSOE d\u2019Eivissa adverteix que \u201cl\u2019illa es quedar\u00e0 sense una gota d\u2019aigua\u201d com a conseq\u00fc\u00e8ncia directa de les pol\u00edtiques urban\u00edstiques i tur\u00edstiques del PP de Vicent Mar\u00ed i Marga Prohens, aix\u00ed com de la seua nefasta gesti\u00f3 dels recursos h\u00eddrics. La sequera, la sobreexplotaci\u00f3 dels aq\u00fc\u00edfers i l\u2019abs\u00e8ncia de pol\u00edtiques i inversions en gesti\u00f3 sostenible se sumaran a l\u2019increment exponencial del consum que provocaran les \u00faltimes lleis urban\u00edstiques i tur\u00edstiques del PP i Vox, abocant Eivissa a una \u201csituaci\u00f3 l\u00edmit\u201d. Aix\u00ed ho han manifestat la portaveu del PSOE al Consell d\u2019Eivissa, Elena L\u00f3pez Bonet, i el conseller V\u00edctor Torres, que s\u2019han despla\u00e7at a les portes de la dessaladora de la ciutat d\u2019Eivissa per valorar l\u2019actual situaci\u00f3 de crisi h\u00eddrica que pateix l\u2019illa.<\/p>\n<p>Les dades oficials del Govern balear s\u00f3n clares: el juliol passat, les reserves h\u00eddriques d\u2019Eivissa i Formentera van caure fins al 29%, el nivell m\u00e9s baix de tot l\u2019arxip\u00e8lag, despr\u00e9s d\u2019haver estat al 34% nom\u00e9s un mes abans.<\/p>\n<p>Elena L\u00f3pez ha denunciat que \u201cel problema no \u00e9s nom\u00e9s la falta de pluja, sin\u00f3 una gesti\u00f3 desastrosa i unes pol\u00edtiques molt agressives de consum del territori i d\u2019explotaci\u00f3 tur\u00edstica\u201d. Segons ha explicat, \u201cEivissa viu una sequera m\u00e0xima, amb aq\u00fc\u00edfers secs i pous il\u00b7legals, mentre el PP no fa absolutament res per planificar, gestionar o reduir el consum d\u2019aigua\u201d. <\/p>\n<p>Al contrari, el PSOE alerta que les recents amnisties de construccions il\u00b7legals i de places tur\u00edstiques, aix\u00ed com la llei que permetr\u00e0 construir pisos en s\u00f2l r\u00fastic, provocaran \u201cuna nova onada de creixement que disparar\u00e0 encara m\u00e9s el consum d\u2019aigua\u201d. L\u00f3pez ha criticat que \u201cl\u2019\u00fanica proposta del PP \u00e9s projectar una quarta dessaladora per seguir creixent urban\u00edsticament i tur\u00edsticament, sense cap mesura per gestionar de manera responsable l\u2019aigua i amb un aband\u00f3 total del sector agr\u00edcola\u201d. <\/p>\n<p>Elena L\u00f3pez tamb\u00e9 ha recordat que, des de 2019, el Consell de Vicent Mar\u00ed ha destinat 50 milions d\u2019euros a promoci\u00f3 tur\u00edstica, amb una aposta clara pel segment de luxe, un visitant que \u201cmultiplica per quatre el consum d\u2019aigua del turista mitj\u00e0 i per sis el d\u2019un resident\u201d.<\/p>\n<p>El PSOE adverteix que, mentre els pous il\u00b7legals continuen operant impunement, la sobreexplotaci\u00f3 dels pous legals ja ha provocat la salinitzaci\u00f3 d\u2019una part important dels aq\u00fc\u00edfers. Actualment, l\u2019illa produeix uns 45.000 m\u00b3 diaris d\u2019aigua dessalada i depura volums similars, per\u00f2, davant els consums actuals i la sequera, aquesta producci\u00f3 ni \u00e9s suficient ni s\u2019aprofita correctament.<\/p>\n<p>En aquest sentit, el conseller socialista V\u00edctor Torres ha reclamat \u201cun control rigor\u00f3s de les extraccions d\u2019aigua i el tancament immediat dels pous il\u00b7legals\u201d i ha denunciat que \u201cno pot ser que Vicent Mar\u00ed vagi al Parlament a votar en contra de les propostes socialistes per perseguir aquestes pr\u00e0ctiques\u201d, com va fer en l\u2019\u00faltim per\u00edode de sessions. <\/p>\n<p>A m\u00e9s a m\u00e9s, V\u00edctor Torres ha recordat que, sis anys despr\u00e9s, \u201cVicent Mar\u00ed encara no ha complit la promesa de crear una Ag\u00e8ncia Insular de l\u2019Aigua ni d\u2019assumir la gesti\u00f3 integral dels recursos h\u00eddrics\u201d, i ha remarcat que \u201cfan falta mesures reals i no paraules buides, perqu\u00e8 la situaci\u00f3 h\u00eddrica d\u2019Eivissa \u00e9s desesperant\u201d.<\/p>\n<p>Finalment, el conseller socialista ha lamentat que \u201ctots els aven\u00e7os aconseguits en les dues legislatures progressistes anteriors en mat\u00e8ria de sostenibilitat, control territorial i gesti\u00f3 dels recursos h\u00eddrics han set esborrats en pocs mesos pel PP de Marga Prohens i Vicent Mar\u00ed\u201d.<\/p>\n","protected":false},"excerpt":{"rendered":"<p>El PSOE d\u2019Eivissa adverteix que \u201cl\u2019illa es quedar\u00e0 sense una gota d\u2019aigua\u201d com a conseq\u00fc\u00e8ncia directa de les pol\u00edtiques urban\u00edstiques i tur\u00edstiques del PP de Vicent Mar\u00ed i Marga Prohens, aix\u00ed com de la seua nefasta gesti\u00f3 dels recursos h\u00eddrics. La sequera, la sobreexplotaci\u00f3 dels aq\u00fc\u00edfers i l\u2019abs\u00e8ncia de pol\u00edtiques i inversions en gesti\u00f3 sostenible&hellip;<\/p>\n","protected":false},"author":1,"featured_media":41174,"comment_status":"closed","ping_status":"closed","sticky":false,"template":"","format":"standard","meta":{"footnotes":""},"categories":[192,1,191],"tags":[],"class_list":["post-41173","post","type-post","status-publish","format-standard","has-post-thumbnail","hentry","category-consell-deivissa","category-federacio-de-eivissa-portada","category-govern-de-les-illes-balears-parlament"],"yoast_head":"<!-- This site is optimized with the Yoast SEO plugin v26.9 - https:\/\/yoast.com\/product\/yoast-seo-wordpress\/ -->\n<title>Les pol\u00edtiques de creixement i la falta de gesti\u00f3 del PP agreugen la crisi h\u00eddrica de l\u2019illa: \u201cVicent Mar\u00ed i Marga Prohens deixaran Eivissa sense una gota d\u2019aigua\u201d - Federaci\u00f3 Socialista d&#039;Eivissa<\/title>\n<meta name=\"robots\" content=\"index, follow, max-snippet:-1, max-image-preview:large, max-video-preview:-1\" \/>\n<link rel=\"canonical\" href=\"https:\/\/www.psib-psoe.org\/eivissa\/les-politiques-de-creixement-i-la-falta-de-gestio-del-pp-agreugen-la-crisi-hidrica-de-lilla-vicent-mari-i-marga-prohens-deixaran-eivissa-sense-una-gota-daigua\/\" \/>\n<meta property=\"og:locale\" content=\"ca_ES\" \/>\n<meta property=\"og:type\" content=\"article\" \/>\n<meta property=\"og:title\" content=\"Les pol\u00edtiques de creixement i la falta de gesti\u00f3 del PP agreugen la crisi h\u00eddrica de l\u2019illa: \u201cVicent Mar\u00ed i Marga Prohens deixaran Eivissa sense una gota d\u2019aigua\u201d - Federaci\u00f3 Socialista d&#039;Eivissa\" \/>\n<meta property=\"og:description\" content=\"El PSOE d\u2019Eivissa adverteix que \u201cl\u2019illa es quedar\u00e0 sense una gota d\u2019aigua\u201d com a conseq\u00fc\u00e8ncia directa de les pol\u00edtiques urban\u00edstiques i tur\u00edstiques del PP de Vicent Mar\u00ed i Marga Prohens, aix\u00ed com de la seua nefasta gesti\u00f3 dels recursos h\u00eddrics. La sequera, la sobreexplotaci\u00f3 dels aq\u00fc\u00edfers i l\u2019abs\u00e8ncia de pol\u00edtiques i inversions en gesti\u00f3 sostenible&hellip;\" \/>\n<meta property=\"og:url\" content=\"https:\/\/www.psib-psoe.org\/eivissa\/les-politiques-de-creixement-i-la-falta-de-gestio-del-pp-agreugen-la-crisi-hidrica-de-lilla-vicent-mari-i-marga-prohens-deixaran-eivissa-sense-una-gota-daigua\/\" \/>\n<meta property=\"og:site_name\" content=\"Federaci\u00f3 Socialista d&#039;Eivissa\" \/>\n<meta property=\"article:published_time\" content=\"2025-08-19T07:30:36+00:00\" \/>\n<meta property=\"og:image\" content=\"https:\/\/www.psib-psoe.org\/eivissa\/wp-content\/uploads\/dessaladora-eivissa-scaled.jpg\" \/>\n\t<meta property=\"og:image:width\" content=\"2560\" \/>\n\t<meta property=\"og:image:height\" content=\"1920\" \/>\n\t<meta property=\"og:image:type\" content=\"image\/jpeg\" \/>\n<meta name=\"author\" content=\"adminpsib\" \/>\n<meta name=\"twitter:card\" content=\"summary_large_image\" \/>\n<meta name=\"twitter:label1\" content=\"Escrit per\" \/>\n\t<meta name=\"twitter:data1\" content=\"adminpsib\" \/>\n\t<meta name=\"twitter:label2\" content=\"Temps estimat de lectura\" \/>\n\t<meta name=\"twitter:data2\" content=\"3 minuts\" \/>\n<script type=\"application\/ld+json\" class=\"yoast-schema-graph\">{\"@context\":\"https:\/\/schema.org\",\"@graph\":[{\"@type\":[\"Article\",\"BlogPosting\"],\"@id\":\"https:\/\/www.psib-psoe.org\/eivissa\/les-politiques-de-creixement-i-la-falta-de-gestio-del-pp-agreugen-la-crisi-hidrica-de-lilla-vicent-mari-i-marga-prohens-deixaran-eivissa-sense-una-gota-daigua\/#article\",\"isPartOf\":{\"@id\":\"https:\/\/www.psib-psoe.org\/eivissa\/les-politiques-de-creixement-i-la-falta-de-gestio-del-pp-agreugen-la-crisi-hidrica-de-lilla-vicent-mari-i-marga-prohens-deixaran-eivissa-sense-una-gota-daigua\/\"},\"author\":{\"name\":\"adminpsib\",\"@id\":\"https:\/\/www.psib-psoe.org\/eivissa\/#\/schema\/person\/099ab3ef73a3645a1d7f303518e6ce24\"},\"headline\":\"Les pol\u00edtiques de creixement i la falta de gesti\u00f3 del PP agreugen la crisi h\u00eddrica de l\u2019illa: \u201cVicent Mar\u00ed i Marga Prohens deixaran Eivissa sense una gota d\u2019aigua\u201d\",\"datePublished\":\"2025-08-19T07:30:36+00:00\",\"mainEntityOfPage\":{\"@id\":\"https:\/\/www.psib-psoe.org\/eivissa\/les-politiques-de-creixement-i-la-falta-de-gestio-del-pp-agreugen-la-crisi-hidrica-de-lilla-vicent-mari-i-marga-prohens-deixaran-eivissa-sense-una-gota-daigua\/\"},\"wordCount\":664,\"publisher\":{\"@id\":\"https:\/\/www.psib-psoe.org\/eivissa\/#organization\"},\"image\":{\"@id\":\"https:\/\/www.psib-psoe.org\/eivissa\/les-politiques-de-creixement-i-la-falta-de-gestio-del-pp-agreugen-la-crisi-hidrica-de-lilla-vicent-mari-i-marga-prohens-deixaran-eivissa-sense-una-gota-daigua\/#primaryimage\"},\"thumbnailUrl\":\"https:\/\/www.psib-psoe.org\/eivissa\/wp-content\/uploads\/dessaladora-eivissa-scaled.jpg\",\"articleSection\":[\"Consell d'Eivissa\",\"Federaci\u00f3 d'Eivissa - Portada\",\"Govern de les Illes Balears - Parlament - PSIB-PSOE\"],\"inLanguage\":\"ca\"},{\"@type\":\"WebPage\",\"@id\":\"https:\/\/www.psib-psoe.org\/eivissa\/les-politiques-de-creixement-i-la-falta-de-gestio-del-pp-agreugen-la-crisi-hidrica-de-lilla-vicent-mari-i-marga-prohens-deixaran-eivissa-sense-una-gota-daigua\/\",\"url\":\"https:\/\/www.psib-psoe.org\/eivissa\/les-politiques-de-creixement-i-la-falta-de-gestio-del-pp-agreugen-la-crisi-hidrica-de-lilla-vicent-mari-i-marga-prohens-deixaran-eivissa-sense-una-gota-daigua\/\",\"name\":\"Les pol\u00edtiques de creixement i la falta de gesti\u00f3 del PP agreugen la crisi h\u00eddrica de l\u2019illa: \u201cVicent Mar\u00ed i Marga Prohens deixaran Eivissa sense una gota d\u2019aigua\u201d - Federaci\u00f3 Socialista d&#039;Eivissa\",\"isPartOf\":{\"@id\":\"https:\/\/www.psib-psoe.org\/eivissa\/#website\"},\"primaryImageOfPage\":{\"@id\":\"https:\/\/www.psib-psoe.org\/eivissa\/les-politiques-de-creixement-i-la-falta-de-gestio-del-pp-agreugen-la-crisi-hidrica-de-lilla-vicent-mari-i-marga-prohens-deixaran-eivissa-sense-una-gota-daigua\/#primaryimage\"},\"image\":{\"@id\":\"https:\/\/www.psib-psoe.org\/eivissa\/les-politiques-de-creixement-i-la-falta-de-gestio-del-pp-agreugen-la-crisi-hidrica-de-lilla-vicent-mari-i-marga-prohens-deixaran-eivissa-sense-una-gota-daigua\/#primaryimage\"},\"thumbnailUrl\":\"https:\/\/www.psib-psoe.org\/eivissa\/wp-content\/uploads\/dessaladora-eivissa-scaled.jpg\",\"datePublished\":\"2025-08-19T07:30:36+00:00\",\"breadcrumb\":{\"@id\":\"https:\/\/www.psib-psoe.org\/eivissa\/les-politiques-de-creixement-i-la-falta-de-gestio-del-pp-agreugen-la-crisi-hidrica-de-lilla-vicent-mari-i-marga-prohens-deixaran-eivissa-sense-una-gota-daigua\/#breadcrumb\"},\"inLanguage\":\"ca\",\"potentialAction\":[{\"@type\":\"ReadAction\",\"target\":[\"https:\/\/www.psib-psoe.org\/eivissa\/les-politiques-de-creixement-i-la-falta-de-gestio-del-pp-agreugen-la-crisi-hidrica-de-lilla-vicent-mari-i-marga-prohens-deixaran-eivissa-sense-una-gota-daigua\/\"]}]},{\"@type\":\"ImageObject\",\"inLanguage\":\"ca\",\"@id\":\"https:\/\/www.psib-psoe.org\/eivissa\/les-politiques-de-creixement-i-la-falta-de-gestio-del-pp-agreugen-la-crisi-hidrica-de-lilla-vicent-mari-i-marga-prohens-deixaran-eivissa-sense-una-gota-daigua\/#primaryimage\",\"url\":\"https:\/\/www.psib-psoe.org\/eivissa\/wp-content\/uploads\/dessaladora-eivissa-scaled.jpg\",\"contentUrl\":\"https:\/\/www.psib-psoe.org\/eivissa\/wp-content\/uploads\/dessaladora-eivissa-scaled.jpg\",\"width\":2560,\"height\":1920},{\"@type\":\"BreadcrumbList\",\"@id\":\"https:\/\/www.psib-psoe.org\/eivissa\/les-politiques-de-creixement-i-la-falta-de-gestio-del-pp-agreugen-la-crisi-hidrica-de-lilla-vicent-mari-i-marga-prohens-deixaran-eivissa-sense-una-gota-daigua\/#breadcrumb\",\"itemListElement\":[{\"@type\":\"ListItem\",\"position\":1,\"name\":\"Inici\",\"item\":\"https:\/\/www.psib-psoe.org\/eivissa\/\"},{\"@type\":\"ListItem\",\"position\":2,\"name\":\"Les pol\u00edtiques de creixement i la falta de gesti\u00f3 del PP agreugen la crisi h\u00eddrica de l\u2019illa: \u201cVicent Mar\u00ed i Marga Prohens deixaran Eivissa sense una gota d\u2019aigua\u201d\"}]},{\"@type\":\"WebSite\",\"@id\":\"https:\/\/www.psib-psoe.org\/eivissa\/#website\",\"url\":\"https:\/\/www.psib-psoe.org\/eivissa\/\",\"name\":\"Federaci\u00f3 Socialista d'Eivissa\",\"description\":\"Socialistes d&#039;Eivissa\",\"publisher\":{\"@id\":\"https:\/\/www.psib-psoe.org\/eivissa\/#organization\"},\"potentialAction\":[{\"@type\":\"SearchAction\",\"target\":{\"@type\":\"EntryPoint\",\"urlTemplate\":\"https:\/\/www.psib-psoe.org\/eivissa\/?s={search_term_string}\"},\"query-input\":{\"@type\":\"PropertyValueSpecification\",\"valueRequired\":true,\"valueName\":\"search_term_string\"}}],\"inLanguage\":\"ca\"},{\"@type\":\"Organization\",\"@id\":\"https:\/\/www.psib-psoe.org\/eivissa\/#organization\",\"name\":\"Federaci\u00f3 Socialista d'Eivissa\",\"url\":\"https:\/\/www.psib-psoe.org\/eivissa\/\",\"logo\":{\"@type\":\"ImageObject\",\"inLanguage\":\"ca\",\"@id\":\"https:\/\/www.psib-psoe.org\/eivissa\/#\/schema\/logo\/image\/\",\"url\":\"https:\/\/www.psib-psoe.org\/eivissa\/wp-content\/uploads\/LOGO-FSE-SOCIALISTA-DEIVISSA-HORI.png\",\"contentUrl\":\"https:\/\/www.psib-psoe.org\/eivissa\/wp-content\/uploads\/LOGO-FSE-SOCIALISTA-DEIVISSA-HORI.png\",\"width\":6000,\"height\":3104,\"caption\":\"Federaci\u00f3 Socialista d'Eivissa\"},\"image\":{\"@id\":\"https:\/\/www.psib-psoe.org\/eivissa\/#\/schema\/logo\/image\/\"}},{\"@type\":\"Person\",\"@id\":\"https:\/\/www.psib-psoe.org\/eivissa\/#\/schema\/person\/099ab3ef73a3645a1d7f303518e6ce24\",\"name\":\"adminpsib\",\"url\":\"https:\/\/www.psib-psoe.org\/eivissa\/author\/adminpsib\/\"}]}<\/script>\n<!-- \/ Yoast SEO plugin. -->","yoast_head_json":{"title":"Les pol\u00edtiques de creixement i la falta de gesti\u00f3 del PP agreugen la crisi h\u00eddrica de l\u2019illa: \u201cVicent Mar\u00ed i Marga Prohens deixaran Eivissa sense una gota d\u2019aigua\u201d - Federaci\u00f3 Socialista d&#039;Eivissa","robots":{"index":"index","follow":"follow","max-snippet":"max-snippet:-1","max-image-preview":"max-image-preview:large","max-video-preview":"max-video-preview:-1"},"canonical":"https:\/\/www.psib-psoe.org\/eivissa\/les-politiques-de-creixement-i-la-falta-de-gestio-del-pp-agreugen-la-crisi-hidrica-de-lilla-vicent-mari-i-marga-prohens-deixaran-eivissa-sense-una-gota-daigua\/","og_locale":"ca_ES","og_type":"article","og_title":"Les pol\u00edtiques de creixement i la falta de gesti\u00f3 del PP agreugen la crisi h\u00eddrica de l\u2019illa: \u201cVicent Mar\u00ed i Marga Prohens deixaran Eivissa sense una gota d\u2019aigua\u201d - Federaci\u00f3 Socialista d&#039;Eivissa","og_description":"El PSOE d\u2019Eivissa adverteix que \u201cl\u2019illa es quedar\u00e0 sense una gota d\u2019aigua\u201d com a conseq\u00fc\u00e8ncia directa de les pol\u00edtiques urban\u00edstiques i tur\u00edstiques del PP de Vicent Mar\u00ed i Marga Prohens, aix\u00ed com de la seua nefasta gesti\u00f3 dels recursos h\u00eddrics. La sequera, la sobreexplotaci\u00f3 dels aq\u00fc\u00edfers i l\u2019abs\u00e8ncia de pol\u00edtiques i inversions en gesti\u00f3 sostenible&hellip;","og_url":"https:\/\/www.psib-psoe.org\/eivissa\/les-politiques-de-creixement-i-la-falta-de-gestio-del-pp-agreugen-la-crisi-hidrica-de-lilla-vicent-mari-i-marga-prohens-deixaran-eivissa-sense-una-gota-daigua\/","og_site_name":"Federaci\u00f3 Socialista d&#039;Eivissa","article_published_time":"2025-08-19T07:30:36+00:00","og_image":[{"width":2560,"height":1920,"url":"https:\/\/www.psib-psoe.org\/eivissa\/wp-content\/uploads\/dessaladora-eivissa-scaled.jpg","type":"image\/jpeg"}],"author":"adminpsib","twitter_card":"summary_large_image","twitter_misc":{"Escrit per":"adminpsib","Temps estimat de lectura":"3 minuts"},"schema":{"@context":"https:\/\/schema.org","@graph":[{"@type":["Article","BlogPosting"],"@id":"https:\/\/www.psib-psoe.org\/eivissa\/les-politiques-de-creixement-i-la-falta-de-gestio-del-pp-agreugen-la-crisi-hidrica-de-lilla-vicent-mari-i-marga-prohens-deixaran-eivissa-sense-una-gota-daigua\/#article","isPartOf":{"@id":"https:\/\/www.psib-psoe.org\/eivissa\/les-politiques-de-creixement-i-la-falta-de-gestio-del-pp-agreugen-la-crisi-hidrica-de-lilla-vicent-mari-i-marga-prohens-deixaran-eivissa-sense-una-gota-daigua\/"},"author":{"name":"adminpsib","@id":"https:\/\/www.psib-psoe.org\/eivissa\/#\/schema\/person\/099ab3ef73a3645a1d7f303518e6ce24"},"headline":"Les pol\u00edtiques de creixement i la falta de gesti\u00f3 del PP agreugen la crisi h\u00eddrica de l\u2019illa: \u201cVicent Mar\u00ed i Marga Prohens deixaran Eivissa sense una gota d\u2019aigua\u201d","datePublished":"2025-08-19T07:30:36+00:00","mainEntityOfPage":{"@id":"https:\/\/www.psib-psoe.org\/eivissa\/les-politiques-de-creixement-i-la-falta-de-gestio-del-pp-agreugen-la-crisi-hidrica-de-lilla-vicent-mari-i-marga-prohens-deixaran-eivissa-sense-una-gota-daigua\/"},"wordCount":664,"publisher":{"@id":"https:\/\/www.psib-psoe.org\/eivissa\/#organization"},"image":{"@id":"https:\/\/www.psib-psoe.org\/eivissa\/les-politiques-de-creixement-i-la-falta-de-gestio-del-pp-agreugen-la-crisi-hidrica-de-lilla-vicent-mari-i-marga-prohens-deixaran-eivissa-sense-una-gota-daigua\/#primaryimage"},"thumbnailUrl":"https:\/\/www.psib-psoe.org\/eivissa\/wp-content\/uploads\/dessaladora-eivissa-scaled.jpg","articleSection":["Consell d'Eivissa","Federaci\u00f3 d'Eivissa - Portada","Govern de les Illes Balears - Parlament - PSIB-PSOE"],"inLanguage":"ca"},{"@type":"WebPage","@id":"https:\/\/www.psib-psoe.org\/eivissa\/les-politiques-de-creixement-i-la-falta-de-gestio-del-pp-agreugen-la-crisi-hidrica-de-lilla-vicent-mari-i-marga-prohens-deixaran-eivissa-sense-una-gota-daigua\/","url":"https:\/\/www.psib-psoe.org\/eivissa\/les-politiques-de-creixement-i-la-falta-de-gestio-del-pp-agreugen-la-crisi-hidrica-de-lilla-vicent-mari-i-marga-prohens-deixaran-eivissa-sense-una-gota-daigua\/","name":"Les pol\u00edtiques de creixement i la falta de gesti\u00f3 del PP agreugen la crisi h\u00eddrica de l\u2019illa: \u201cVicent Mar\u00ed i Marga Prohens deixaran Eivissa sense una gota d\u2019aigua\u201d - Federaci\u00f3 Socialista d&#039;Eivissa","isPartOf":{"@id":"https:\/\/www.psib-psoe.org\/eivissa\/#website"},"primaryImageOfPage":{"@id":"https:\/\/www.psib-psoe.org\/eivissa\/les-politiques-de-creixement-i-la-falta-de-gestio-del-pp-agreugen-la-crisi-hidrica-de-lilla-vicent-mari-i-marga-prohens-deixaran-eivissa-sense-una-gota-daigua\/#primaryimage"},"image":{"@id":"https:\/\/www.psib-psoe.org\/eivissa\/les-politiques-de-creixement-i-la-falta-de-gestio-del-pp-agreugen-la-crisi-hidrica-de-lilla-vicent-mari-i-marga-prohens-deixaran-eivissa-sense-una-gota-daigua\/#primaryimage"},"thumbnailUrl":"https:\/\/www.psib-psoe.org\/eivissa\/wp-content\/uploads\/dessaladora-eivissa-scaled.jpg","datePublished":"2025-08-19T07:30:36+00:00","breadcrumb":{"@id":"https:\/\/www.psib-psoe.org\/eivissa\/les-politiques-de-creixement-i-la-falta-de-gestio-del-pp-agreugen-la-crisi-hidrica-de-lilla-vicent-mari-i-marga-prohens-deixaran-eivissa-sense-una-gota-daigua\/#breadcrumb"},"inLanguage":"ca","potentialAction":[{"@type":"ReadAction","target":["https:\/\/www.psib-psoe.org\/eivissa\/les-politiques-de-creixement-i-la-falta-de-gestio-del-pp-agreugen-la-crisi-hidrica-de-lilla-vicent-mari-i-marga-prohens-deixaran-eivissa-sense-una-gota-daigua\/"]}]},{"@type":"ImageObject","inLanguage":"ca","@id":"https:\/\/www.psib-psoe.org\/eivissa\/les-politiques-de-creixement-i-la-falta-de-gestio-del-pp-agreugen-la-crisi-hidrica-de-lilla-vicent-mari-i-marga-prohens-deixaran-eivissa-sense-una-gota-daigua\/#primaryimage","url":"https:\/\/www.psib-psoe.org\/eivissa\/wp-content\/uploads\/dessaladora-eivissa-scaled.jpg","contentUrl":"https:\/\/www.psib-psoe.org\/eivissa\/wp-content\/uploads\/dessaladora-eivissa-scaled.jpg","width":2560,"height":1920},{"@type":"BreadcrumbList","@id":"https:\/\/www.psib-psoe.org\/eivissa\/les-politiques-de-creixement-i-la-falta-de-gestio-del-pp-agreugen-la-crisi-hidrica-de-lilla-vicent-mari-i-marga-prohens-deixaran-eivissa-sense-una-gota-daigua\/#breadcrumb","itemListElement":[{"@type":"ListItem","position":1,"name":"Inici","item":"https:\/\/www.psib-psoe.org\/eivissa\/"},{"@type":"ListItem","position":2,"name":"Les pol\u00edtiques de creixement i la falta de gesti\u00f3 del PP agreugen la crisi h\u00eddrica de l\u2019illa: \u201cVicent Mar\u00ed i Marga Prohens deixaran Eivissa sense una gota d\u2019aigua\u201d"}]},{"@type":"WebSite","@id":"https:\/\/www.psib-psoe.org\/eivissa\/#website","url":"https:\/\/www.psib-psoe.org\/eivissa\/","name":"Federaci\u00f3 Socialista d'Eivissa","description":"Socialistes d&#039;Eivissa","publisher":{"@id":"https:\/\/www.psib-psoe.org\/eivissa\/#organization"},"potentialAction":[{"@type":"SearchAction","target":{"@type":"EntryPoint","urlTemplate":"https:\/\/www.psib-psoe.org\/eivissa\/?s={search_term_string}"},"query-input":{"@type":"PropertyValueSpecification","valueRequired":true,"valueName":"search_term_string"}}],"inLanguage":"ca"},{"@type":"Organization","@id":"https:\/\/www.psib-psoe.org\/eivissa\/#organization","name":"Federaci\u00f3 Socialista d'Eivissa","url":"https:\/\/www.psib-psoe.org\/eivissa\/","logo":{"@type":"ImageObject","inLanguage":"ca","@id":"https:\/\/www.psib-psoe.org\/eivissa\/#\/schema\/logo\/image\/","url":"https:\/\/www.psib-psoe.org\/eivissa\/wp-content\/uploads\/LOGO-FSE-SOCIALISTA-DEIVISSA-HORI.png","contentUrl":"https:\/\/www.psib-psoe.org\/eivissa\/wp-content\/uploads\/LOGO-FSE-SOCIALISTA-DEIVISSA-HORI.png","width":6000,"height":3104,"caption":"Federaci\u00f3 Socialista d'Eivissa"},"image":{"@id":"https:\/\/www.psib-psoe.org\/eivissa\/#\/schema\/logo\/image\/"}},{"@type":"Person","@id":"https:\/\/www.psib-psoe.org\/eivissa\/#\/schema\/person\/099ab3ef73a3645a1d7f303518e6ce24","name":"adminpsib","url":"https:\/\/www.psib-psoe.org\/eivissa\/author\/adminpsib\/"}]}},"_links":{"self":[{"href":"https:\/\/www.psib-psoe.org\/eivissa\/wp-json\/wp\/v2\/posts\/41173","targetHints":{"allow":["GET"]}}],"collection":[{"href":"https:\/\/www.psib-psoe.org\/eivissa\/wp-json\/wp\/v2\/posts"}],"about":[{"href":"https:\/\/www.psib-psoe.org\/eivissa\/wp-json\/wp\/v2\/types\/post"}],"author":[{"embeddable":true,"href":"https:\/\/www.psib-psoe.org\/eivissa\/wp-json\/wp\/v2\/users\/1"}],"replies":[{"embeddable":true,"href":"https:\/\/www.psib-psoe.org\/eivissa\/wp-json\/wp\/v2\/comments?post=41173"}],"version-history":[{"count":1,"href":"https:\/\/www.psib-psoe.org\/eivissa\/wp-json\/wp\/v2\/posts\/41173\/revisions"}],"predecessor-version":[{"id":41175,"href":"https:\/\/www.psib-psoe.org\/eivissa\/wp-json\/wp\/v2\/posts\/41173\/revisions\/41175"}],"wp:featuredmedia":[{"embeddable":true,"href":"https:\/\/www.psib-psoe.org\/eivissa\/wp-json\/wp\/v2\/media\/41174"}],"wp:attachment":[{"href":"https:\/\/www.psib-psoe.org\/eivissa\/wp-json\/wp\/v2\/media?parent=41173"}],"wp:term":[{"taxonomy":"category","embeddable":true,"href":"https:\/\/www.psib-psoe.org\/eivissa\/wp-json\/wp\/v2\/categories?post=41173"},{"taxonomy":"post_tag","embeddable":true,"href":"https:\/\/www.psib-psoe.org\/eivissa\/wp-json\/wp\/v2\/tags?post=41173"}],"curies":[{"name":"wp","href":"https:\/\/api.w.org\/{rel}","templated":true}]}}