{"id":41190,"date":"2025-08-26T14:11:37","date_gmt":"2025-08-26T12:11:37","guid":{"rendered":"https:\/\/www.psib-psoe.org\/eivissa\/?p=41190"},"modified":"2025-09-04T11:59:53","modified_gmt":"2025-09-04T09:59:53","slug":"el-partit-socialista-de-sant-antoni-demana-que-no-es-faci-servir-el-nom-de-la-zona-doci-nocturn-del-west-end-i-que-simpulsi-una-enquesta-ciutadana-per-trobar-un-nom-adient","status":"publish","type":"post","link":"https:\/\/www.psib-psoe.org\/eivissa\/el-partit-socialista-de-sant-antoni-demana-que-no-es-faci-servir-el-nom-de-la-zona-doci-nocturn-del-west-end-i-que-simpulsi-una-enquesta-ciutadana-per-trobar-un-nom-adient\/","title":{"rendered":"El Partit Socialista de  <span translate=\"no\">Sant Antoni<\/span>  demana que no es faci servir el nom de la zona d\u2019oci nocturn del  <span translate=\"no\">West End<\/span>  i que s\u2019impulsi una enquesta ciutadana per trobar un nom adient"},"content":{"rendered":"<p>El Grup Municipal Socialista de  <span translate=\"no\">Sant Antoni<\/span>  presentar\u00e0 al seg\u00fcent ple de la localitat, que tindr\u00e0 lloc aquest dijous, una proposta per que deixi d\u2019utilitzar-se la nomenclatura com a  <span translate=\"no\">West End<\/span>  de la zona que compr\u00e8n el carrer de Santa  <span translate=\"no\">Agn\u00e8s<\/span>  i les vies properes com a f\u00f3rmula per seguir treballant en la millora de la qualitat tur\u00edstica del municipi. Junt a aquesta proposta per canviar aquesta definici\u00f3, fortament arrelada en l\u2019imaginari col\u00b7lectiu, els socialistes de  <span translate=\"no\">Sant Antoni<\/span>  proposaran tamb\u00e9 la convocat\u00f2ria d\u2019una enquesta ciutadana que impliqui a la ciutadania mitjan\u00e7ant el ve\u00efnat de la zona, associacions i resta de la societat per a trobar un nom adient que substitueixi al de West End.<\/p>\n<p>Des del Grup Municipal es vol recordar que aquest indret del poble de Sant Antoni era tradicionalment un lloc on es combinava l\u2019oci amb la vida dels ve\u00efns i el teixit comercial fins l\u2019arribada dels anys 80 i el desembarcament a la localitat d\u2019un model de turisme capitalitzat per operadors com  <span translate=\"no\">Twenty&#8217;s<\/span>  o 18-30, que van acabar batejant la zona amb el nom de  <span translate=\"no\">West End<\/span>, a imatge d\u2019un popular barri de Londres.<br \/>\nLa evoluci\u00f3 d\u2019aquest indret ha provocat amb el pas de les d\u00e8cades que molts ve\u00efns l\u2019hagin abandonat i que hagin desaparegut els comer\u00e7os tradicionals arrossegats pel model tur\u00edstic que s\u2019ha implantat all\u00ed.<\/p>\n<p>\u201cNo volem que hi hagi una part del nostre poble que sigui un barri salvatge\u201d, assenyala la regidora socialista a l\u2019Ajuntament de  <span translate=\"no\">Sant Antoni<\/span>  Cristina Ribas. \u201cPer molta inversi\u00f3 que es pugui fer, com hem vist als darrers temps, no trobarem una soluci\u00f3 definitiva, en la que tornin a poder conviure l\u2019oci nocturn i els ve\u00efns i els comer\u00e7os, si no ataquem directament l\u2019arrel del problema, tornant a l\u2019origen d\u2019on va sortir tot. I aix\u00f2 implica comen\u00e7ar pel mateix malnom, que s\u2019ha institucionalitzat, perqu\u00e8 deixi d\u2019utilitzar-se  i que sigui la ciutadania la que proposi un nou nom\u201d.<br \/>\nAquesta iniciativa del Grup Municipal Socialista el que vol \u00e9s que es trobi un nom que sorgeixi de la pr\u00f2pia ciutadania del poble, que es canvi\u00ef el que va ser imposat per turistes i operadors i que l\u2019Ajuntament assumeixi el nou nom, promovent el seu \u00fas a nivell local i en les fires tur\u00edstiques.<\/p>\n","protected":false},"excerpt":{"rendered":"<p>El Grup Municipal Socialista de Sant Antoni presentar\u00e0 al seg\u00fcent ple de la localitat, que tindr\u00e0 lloc aquest dijous, una proposta per que deixi d\u2019utilitzar-se la nomenclatura com a West End de la zona que compr\u00e8n el carrer de Santa Agn\u00e8s i les vies properes com a f\u00f3rmula per seguir treballant en la millora de&hellip;<\/p>\n","protected":false},"author":1,"featured_media":0,"comment_status":"closed","ping_status":"closed","sticky":false,"template":"","format":"standard","meta":{"footnotes":""},"categories":[1,234,188],"tags":[],"class_list":["post-41190","post","type-post","status-publish","format-standard","hentry","category-federacio-de-eivissa-portada","category-municipis","category-sant-antoni-de-portmany"],"yoast_head":"<!-- This site is optimized with the Yoast SEO plugin v26.9 - https:\/\/yoast.com\/product\/yoast-seo-wordpress\/ -->\n<title>El Partit Socialista de Sant Antoni demana que no es faci servir el nom de la zona d\u2019oci nocturn del West End i que s\u2019impulsi una enquesta ciutadana per trobar un nom adient - Federaci\u00f3 Socialista d&#039;Eivissa<\/title>\n<meta name=\"robots\" content=\"index, follow, max-snippet:-1, max-image-preview:large, max-video-preview:-1\" \/>\n<link rel=\"canonical\" href=\"https:\/\/www.psib-psoe.org\/eivissa\/el-partit-socialista-de-sant-antoni-demana-que-no-es-faci-servir-el-nom-de-la-zona-doci-nocturn-del-west-end-i-que-simpulsi-una-enquesta-ciutadana-per-trobar-un-nom-adient\/\" \/>\n<meta property=\"og:locale\" content=\"ca_ES\" \/>\n<meta property=\"og:type\" content=\"article\" \/>\n<meta property=\"og:title\" content=\"El Partit Socialista de Sant Antoni demana que no es faci servir el nom de la zona d\u2019oci nocturn del West End i que s\u2019impulsi una enquesta ciutadana per trobar un nom adient - Federaci\u00f3 Socialista d&#039;Eivissa\" \/>\n<meta property=\"og:description\" content=\"El Grup Municipal Socialista de Sant Antoni presentar\u00e0 al seg\u00fcent ple de la localitat, que tindr\u00e0 lloc aquest dijous, una proposta per que deixi d\u2019utilitzar-se la nomenclatura com a West End de la zona que compr\u00e8n el carrer de Santa Agn\u00e8s i les vies properes com a f\u00f3rmula per seguir treballant en la millora de&hellip;\" \/>\n<meta property=\"og:url\" content=\"https:\/\/www.psib-psoe.org\/eivissa\/el-partit-socialista-de-sant-antoni-demana-que-no-es-faci-servir-el-nom-de-la-zona-doci-nocturn-del-west-end-i-que-simpulsi-una-enquesta-ciutadana-per-trobar-un-nom-adient\/\" \/>\n<meta property=\"og:site_name\" content=\"Federaci\u00f3 Socialista d&#039;Eivissa\" \/>\n<meta property=\"article:published_time\" content=\"2025-08-26T12:11:37+00:00\" \/>\n<meta property=\"article:modified_time\" content=\"2025-09-04T09:59:53+00:00\" \/>\n<meta name=\"author\" content=\"adminpsib\" \/>\n<meta name=\"twitter:card\" content=\"summary_large_image\" \/>\n<meta name=\"twitter:label1\" content=\"Escrit per\" \/>\n\t<meta name=\"twitter:data1\" content=\"adminpsib\" \/>\n\t<meta name=\"twitter:label2\" content=\"Temps estimat de lectura\" \/>\n\t<meta name=\"twitter:data2\" content=\"2 minuts\" \/>\n<script type=\"application\/ld+json\" class=\"yoast-schema-graph\">{\"@context\":\"https:\/\/schema.org\",\"@graph\":[{\"@type\":[\"Article\",\"BlogPosting\"],\"@id\":\"https:\/\/www.psib-psoe.org\/eivissa\/el-partit-socialista-de-sant-antoni-demana-que-no-es-faci-servir-el-nom-de-la-zona-doci-nocturn-del-west-end-i-que-simpulsi-una-enquesta-ciutadana-per-trobar-un-nom-adient\/#article\",\"isPartOf\":{\"@id\":\"https:\/\/www.psib-psoe.org\/eivissa\/el-partit-socialista-de-sant-antoni-demana-que-no-es-faci-servir-el-nom-de-la-zona-doci-nocturn-del-west-end-i-que-simpulsi-una-enquesta-ciutadana-per-trobar-un-nom-adient\/\"},\"author\":{\"name\":\"adminpsib\",\"@id\":\"https:\/\/www.psib-psoe.org\/eivissa\/#\/schema\/person\/099ab3ef73a3645a1d7f303518e6ce24\"},\"headline\":\"El Partit Socialista de Sant Antoni demana que no es faci servir el nom de la zona d\u2019oci nocturn del West End i que s\u2019impulsi una enquesta ciutadana per trobar un nom adient\",\"datePublished\":\"2025-08-26T12:11:37+00:00\",\"dateModified\":\"2025-09-04T09:59:53+00:00\",\"mainEntityOfPage\":{\"@id\":\"https:\/\/www.psib-psoe.org\/eivissa\/el-partit-socialista-de-sant-antoni-demana-que-no-es-faci-servir-el-nom-de-la-zona-doci-nocturn-del-west-end-i-que-simpulsi-una-enquesta-ciutadana-per-trobar-un-nom-adient\/\"},\"wordCount\":441,\"publisher\":{\"@id\":\"https:\/\/www.psib-psoe.org\/eivissa\/#organization\"},\"articleSection\":[\"Federaci\u00f3 d'Eivissa - Portada\",\"Municipis\",\"Sant Antoni de Portmany\"],\"inLanguage\":\"ca\"},{\"@type\":\"WebPage\",\"@id\":\"https:\/\/www.psib-psoe.org\/eivissa\/el-partit-socialista-de-sant-antoni-demana-que-no-es-faci-servir-el-nom-de-la-zona-doci-nocturn-del-west-end-i-que-simpulsi-una-enquesta-ciutadana-per-trobar-un-nom-adient\/\",\"url\":\"https:\/\/www.psib-psoe.org\/eivissa\/el-partit-socialista-de-sant-antoni-demana-que-no-es-faci-servir-el-nom-de-la-zona-doci-nocturn-del-west-end-i-que-simpulsi-una-enquesta-ciutadana-per-trobar-un-nom-adient\/\",\"name\":\"El Partit Socialista de Sant Antoni demana que no es faci servir el nom de la zona d\u2019oci nocturn del West End i que s\u2019impulsi una enquesta ciutadana per trobar un nom adient - Federaci\u00f3 Socialista d&#039;Eivissa\",\"isPartOf\":{\"@id\":\"https:\/\/www.psib-psoe.org\/eivissa\/#website\"},\"datePublished\":\"2025-08-26T12:11:37+00:00\",\"dateModified\":\"2025-09-04T09:59:53+00:00\",\"breadcrumb\":{\"@id\":\"https:\/\/www.psib-psoe.org\/eivissa\/el-partit-socialista-de-sant-antoni-demana-que-no-es-faci-servir-el-nom-de-la-zona-doci-nocturn-del-west-end-i-que-simpulsi-una-enquesta-ciutadana-per-trobar-un-nom-adient\/#breadcrumb\"},\"inLanguage\":\"ca\",\"potentialAction\":[{\"@type\":\"ReadAction\",\"target\":[\"https:\/\/www.psib-psoe.org\/eivissa\/el-partit-socialista-de-sant-antoni-demana-que-no-es-faci-servir-el-nom-de-la-zona-doci-nocturn-del-west-end-i-que-simpulsi-una-enquesta-ciutadana-per-trobar-un-nom-adient\/\"]}]},{\"@type\":\"BreadcrumbList\",\"@id\":\"https:\/\/www.psib-psoe.org\/eivissa\/el-partit-socialista-de-sant-antoni-demana-que-no-es-faci-servir-el-nom-de-la-zona-doci-nocturn-del-west-end-i-que-simpulsi-una-enquesta-ciutadana-per-trobar-un-nom-adient\/#breadcrumb\",\"itemListElement\":[{\"@type\":\"ListItem\",\"position\":1,\"name\":\"Inici\",\"item\":\"https:\/\/www.psib-psoe.org\/eivissa\/\"},{\"@type\":\"ListItem\",\"position\":2,\"name\":\"El Partit Socialista de Sant Antoni demana que no es faci servir el nom de la zona d\u2019oci nocturn del West End i que s\u2019impulsi una enquesta ciutadana per trobar un nom adient\"}]},{\"@type\":\"WebSite\",\"@id\":\"https:\/\/www.psib-psoe.org\/eivissa\/#website\",\"url\":\"https:\/\/www.psib-psoe.org\/eivissa\/\",\"name\":\"Federaci\u00f3 Socialista d'Eivissa\",\"description\":\"Socialistes d&#039;Eivissa\",\"publisher\":{\"@id\":\"https:\/\/www.psib-psoe.org\/eivissa\/#organization\"},\"potentialAction\":[{\"@type\":\"SearchAction\",\"target\":{\"@type\":\"EntryPoint\",\"urlTemplate\":\"https:\/\/www.psib-psoe.org\/eivissa\/?s={search_term_string}\"},\"query-input\":{\"@type\":\"PropertyValueSpecification\",\"valueRequired\":true,\"valueName\":\"search_term_string\"}}],\"inLanguage\":\"ca\"},{\"@type\":\"Organization\",\"@id\":\"https:\/\/www.psib-psoe.org\/eivissa\/#organization\",\"name\":\"Federaci\u00f3 Socialista d'Eivissa\",\"url\":\"https:\/\/www.psib-psoe.org\/eivissa\/\",\"logo\":{\"@type\":\"ImageObject\",\"inLanguage\":\"ca\",\"@id\":\"https:\/\/www.psib-psoe.org\/eivissa\/#\/schema\/logo\/image\/\",\"url\":\"https:\/\/www.psib-psoe.org\/eivissa\/wp-content\/uploads\/LOGO-FSE-SOCIALISTA-DEIVISSA-HORI.png\",\"contentUrl\":\"https:\/\/www.psib-psoe.org\/eivissa\/wp-content\/uploads\/LOGO-FSE-SOCIALISTA-DEIVISSA-HORI.png\",\"width\":6000,\"height\":3104,\"caption\":\"Federaci\u00f3 Socialista d'Eivissa\"},\"image\":{\"@id\":\"https:\/\/www.psib-psoe.org\/eivissa\/#\/schema\/logo\/image\/\"}},{\"@type\":\"Person\",\"@id\":\"https:\/\/www.psib-psoe.org\/eivissa\/#\/schema\/person\/099ab3ef73a3645a1d7f303518e6ce24\",\"name\":\"adminpsib\",\"url\":\"https:\/\/www.psib-psoe.org\/eivissa\/author\/adminpsib\/\"}]}<\/script>\n<!-- \/ Yoast SEO plugin. -->","yoast_head_json":{"title":"El Partit Socialista de Sant Antoni demana que no es faci servir el nom de la zona d\u2019oci nocturn del West End i que s\u2019impulsi una enquesta ciutadana per trobar un nom adient - Federaci\u00f3 Socialista d&#039;Eivissa","robots":{"index":"index","follow":"follow","max-snippet":"max-snippet:-1","max-image-preview":"max-image-preview:large","max-video-preview":"max-video-preview:-1"},"canonical":"https:\/\/www.psib-psoe.org\/eivissa\/el-partit-socialista-de-sant-antoni-demana-que-no-es-faci-servir-el-nom-de-la-zona-doci-nocturn-del-west-end-i-que-simpulsi-una-enquesta-ciutadana-per-trobar-un-nom-adient\/","og_locale":"ca_ES","og_type":"article","og_title":"El Partit Socialista de Sant Antoni demana que no es faci servir el nom de la zona d\u2019oci nocturn del West End i que s\u2019impulsi una enquesta ciutadana per trobar un nom adient - Federaci\u00f3 Socialista d&#039;Eivissa","og_description":"El Grup Municipal Socialista de Sant Antoni presentar\u00e0 al seg\u00fcent ple de la localitat, que tindr\u00e0 lloc aquest dijous, una proposta per que deixi d\u2019utilitzar-se la nomenclatura com a West End de la zona que compr\u00e8n el carrer de Santa Agn\u00e8s i les vies properes com a f\u00f3rmula per seguir treballant en la millora de&hellip;","og_url":"https:\/\/www.psib-psoe.org\/eivissa\/el-partit-socialista-de-sant-antoni-demana-que-no-es-faci-servir-el-nom-de-la-zona-doci-nocturn-del-west-end-i-que-simpulsi-una-enquesta-ciutadana-per-trobar-un-nom-adient\/","og_site_name":"Federaci\u00f3 Socialista d&#039;Eivissa","article_published_time":"2025-08-26T12:11:37+00:00","article_modified_time":"2025-09-04T09:59:53+00:00","author":"adminpsib","twitter_card":"summary_large_image","twitter_misc":{"Escrit per":"adminpsib","Temps estimat de lectura":"2 minuts"},"schema":{"@context":"https:\/\/schema.org","@graph":[{"@type":["Article","BlogPosting"],"@id":"https:\/\/www.psib-psoe.org\/eivissa\/el-partit-socialista-de-sant-antoni-demana-que-no-es-faci-servir-el-nom-de-la-zona-doci-nocturn-del-west-end-i-que-simpulsi-una-enquesta-ciutadana-per-trobar-un-nom-adient\/#article","isPartOf":{"@id":"https:\/\/www.psib-psoe.org\/eivissa\/el-partit-socialista-de-sant-antoni-demana-que-no-es-faci-servir-el-nom-de-la-zona-doci-nocturn-del-west-end-i-que-simpulsi-una-enquesta-ciutadana-per-trobar-un-nom-adient\/"},"author":{"name":"adminpsib","@id":"https:\/\/www.psib-psoe.org\/eivissa\/#\/schema\/person\/099ab3ef73a3645a1d7f303518e6ce24"},"headline":"El Partit Socialista de Sant Antoni demana que no es faci servir el nom de la zona d\u2019oci nocturn del West End i que s\u2019impulsi una enquesta ciutadana per trobar un nom adient","datePublished":"2025-08-26T12:11:37+00:00","dateModified":"2025-09-04T09:59:53+00:00","mainEntityOfPage":{"@id":"https:\/\/www.psib-psoe.org\/eivissa\/el-partit-socialista-de-sant-antoni-demana-que-no-es-faci-servir-el-nom-de-la-zona-doci-nocturn-del-west-end-i-que-simpulsi-una-enquesta-ciutadana-per-trobar-un-nom-adient\/"},"wordCount":441,"publisher":{"@id":"https:\/\/www.psib-psoe.org\/eivissa\/#organization"},"articleSection":["Federaci\u00f3 d'Eivissa - Portada","Municipis","Sant Antoni de Portmany"],"inLanguage":"ca"},{"@type":"WebPage","@id":"https:\/\/www.psib-psoe.org\/eivissa\/el-partit-socialista-de-sant-antoni-demana-que-no-es-faci-servir-el-nom-de-la-zona-doci-nocturn-del-west-end-i-que-simpulsi-una-enquesta-ciutadana-per-trobar-un-nom-adient\/","url":"https:\/\/www.psib-psoe.org\/eivissa\/el-partit-socialista-de-sant-antoni-demana-que-no-es-faci-servir-el-nom-de-la-zona-doci-nocturn-del-west-end-i-que-simpulsi-una-enquesta-ciutadana-per-trobar-un-nom-adient\/","name":"El Partit Socialista de Sant Antoni demana que no es faci servir el nom de la zona d\u2019oci nocturn del West End i que s\u2019impulsi una enquesta ciutadana per trobar un nom adient - Federaci\u00f3 Socialista d&#039;Eivissa","isPartOf":{"@id":"https:\/\/www.psib-psoe.org\/eivissa\/#website"},"datePublished":"2025-08-26T12:11:37+00:00","dateModified":"2025-09-04T09:59:53+00:00","breadcrumb":{"@id":"https:\/\/www.psib-psoe.org\/eivissa\/el-partit-socialista-de-sant-antoni-demana-que-no-es-faci-servir-el-nom-de-la-zona-doci-nocturn-del-west-end-i-que-simpulsi-una-enquesta-ciutadana-per-trobar-un-nom-adient\/#breadcrumb"},"inLanguage":"ca","potentialAction":[{"@type":"ReadAction","target":["https:\/\/www.psib-psoe.org\/eivissa\/el-partit-socialista-de-sant-antoni-demana-que-no-es-faci-servir-el-nom-de-la-zona-doci-nocturn-del-west-end-i-que-simpulsi-una-enquesta-ciutadana-per-trobar-un-nom-adient\/"]}]},{"@type":"BreadcrumbList","@id":"https:\/\/www.psib-psoe.org\/eivissa\/el-partit-socialista-de-sant-antoni-demana-que-no-es-faci-servir-el-nom-de-la-zona-doci-nocturn-del-west-end-i-que-simpulsi-una-enquesta-ciutadana-per-trobar-un-nom-adient\/#breadcrumb","itemListElement":[{"@type":"ListItem","position":1,"name":"Inici","item":"https:\/\/www.psib-psoe.org\/eivissa\/"},{"@type":"ListItem","position":2,"name":"El Partit Socialista de Sant Antoni demana que no es faci servir el nom de la zona d\u2019oci nocturn del West End i que s\u2019impulsi una enquesta ciutadana per trobar un nom adient"}]},{"@type":"WebSite","@id":"https:\/\/www.psib-psoe.org\/eivissa\/#website","url":"https:\/\/www.psib-psoe.org\/eivissa\/","name":"Federaci\u00f3 Socialista d'Eivissa","description":"Socialistes d&#039;Eivissa","publisher":{"@id":"https:\/\/www.psib-psoe.org\/eivissa\/#organization"},"potentialAction":[{"@type":"SearchAction","target":{"@type":"EntryPoint","urlTemplate":"https:\/\/www.psib-psoe.org\/eivissa\/?s={search_term_string}"},"query-input":{"@type":"PropertyValueSpecification","valueRequired":true,"valueName":"search_term_string"}}],"inLanguage":"ca"},{"@type":"Organization","@id":"https:\/\/www.psib-psoe.org\/eivissa\/#organization","name":"Federaci\u00f3 Socialista d'Eivissa","url":"https:\/\/www.psib-psoe.org\/eivissa\/","logo":{"@type":"ImageObject","inLanguage":"ca","@id":"https:\/\/www.psib-psoe.org\/eivissa\/#\/schema\/logo\/image\/","url":"https:\/\/www.psib-psoe.org\/eivissa\/wp-content\/uploads\/LOGO-FSE-SOCIALISTA-DEIVISSA-HORI.png","contentUrl":"https:\/\/www.psib-psoe.org\/eivissa\/wp-content\/uploads\/LOGO-FSE-SOCIALISTA-DEIVISSA-HORI.png","width":6000,"height":3104,"caption":"Federaci\u00f3 Socialista d'Eivissa"},"image":{"@id":"https:\/\/www.psib-psoe.org\/eivissa\/#\/schema\/logo\/image\/"}},{"@type":"Person","@id":"https:\/\/www.psib-psoe.org\/eivissa\/#\/schema\/person\/099ab3ef73a3645a1d7f303518e6ce24","name":"adminpsib","url":"https:\/\/www.psib-psoe.org\/eivissa\/author\/adminpsib\/"}]}},"_links":{"self":[{"href":"https:\/\/www.psib-psoe.org\/eivissa\/wp-json\/wp\/v2\/posts\/41190","targetHints":{"allow":["GET"]}}],"collection":[{"href":"https:\/\/www.psib-psoe.org\/eivissa\/wp-json\/wp\/v2\/posts"}],"about":[{"href":"https:\/\/www.psib-psoe.org\/eivissa\/wp-json\/wp\/v2\/types\/post"}],"author":[{"embeddable":true,"href":"https:\/\/www.psib-psoe.org\/eivissa\/wp-json\/wp\/v2\/users\/1"}],"replies":[{"embeddable":true,"href":"https:\/\/www.psib-psoe.org\/eivissa\/wp-json\/wp\/v2\/comments?post=41190"}],"version-history":[{"count":2,"href":"https:\/\/www.psib-psoe.org\/eivissa\/wp-json\/wp\/v2\/posts\/41190\/revisions"}],"predecessor-version":[{"id":41192,"href":"https:\/\/www.psib-psoe.org\/eivissa\/wp-json\/wp\/v2\/posts\/41190\/revisions\/41192"}],"wp:attachment":[{"href":"https:\/\/www.psib-psoe.org\/eivissa\/wp-json\/wp\/v2\/media?parent=41190"}],"wp:term":[{"taxonomy":"category","embeddable":true,"href":"https:\/\/www.psib-psoe.org\/eivissa\/wp-json\/wp\/v2\/categories?post=41190"},{"taxonomy":"post_tag","embeddable":true,"href":"https:\/\/www.psib-psoe.org\/eivissa\/wp-json\/wp\/v2\/tags?post=41190"}],"curies":[{"name":"wp","href":"https:\/\/api.w.org\/{rel}","templated":true}]}}