{"id":41201,"date":"2025-09-02T13:36:11","date_gmt":"2025-09-02T11:36:11","guid":{"rendered":"https:\/\/www.psib-psoe.org\/eivissa\/?p=41201"},"modified":"2025-09-02T13:36:11","modified_gmt":"2025-09-02T11:36:11","slug":"el-psoe-reitera-que-el-proces-participatiu-de-vicent-mari-sobre-residus-es-un-paripe-per-justificar-la-incineradora","status":"publish","type":"post","link":"https:\/\/www.psib-psoe.org\/eivissa\/el-psoe-reitera-que-el-proces-participatiu-de-vicent-mari-sobre-residus-es-un-paripe-per-justificar-la-incineradora\/","title":{"rendered":"El PSOE reitera que el proc\u00e9s participatiu de Vicent Mar\u00ed sobre residus \u00e9s un \u2018parip\u00e9\u2019 per justificar la incineradora"},"content":{"rendered":"<p dir=\"ltr\">El grup PSOE del Consell Insular d\u2019Eivissa, despr\u00e9s de les \u00faltimes informacions i declaracions dels responsables del Consell de Vicent Mar\u00ed, reitera la seua den\u00fancia que el proc\u00e9s participatiu impulsat per Vicent Mar\u00ed sobre el futur de la gesti\u00f3 de residus \u00e9s un \u2018parip\u00e9\u2019, l\u2019\u00fanic objectiu del qual \u00e9s disfressar com a consulta ciutadana una decisi\u00f3 ja presa: la construcci\u00f3 d\u2019una incineradora a l\u2019illa.<\/p>\n<p dir=\"ltr\">Han passat m\u00e9s de sis anys des que el PP va assumir el govern del Consell Insular, i la gesti\u00f3 dels residus \u00e9s l\u2019exemple m\u00e9s clar de la seua falta de planificaci\u00f3, de lideratge i de comprom\u00eds amb els problemes reals d\u2019Eivissa. Seguim arrossegant els mateixos problemes estructurals de sempre: la fracci\u00f3 de residus no reciclats continua sent excessiva, cosa que encareix el tractament i perjudica el medi ambient; la planta de triatge de Ca na Putxa continua generant males olors i plagues de mosques sense mesures efectives; i encara no existeix una alternativa definitiva per a quan l\u2019abocador arribi al final de la seua vida \u00fatil.<\/p>\n<p dir=\"ltr\">Mentrestant, Vicent Mar\u00ed duu sis anys presentant documents reciclats, prometent inversions que mai arriben i ara pret\u00e9n justificar la incineradora amb un suposat proc\u00e9s participatiu que no \u00e9s m\u00e9s que una cortina de fum per guanyar temps. Els resultats s\u2019han retardat durant mesos i ara fins i tot es planteja que la consulta pugui ser no vinculant, cosa que confirma la falta total de serietat i transpar\u00e8ncia.<\/p>\n<p dir=\"ltr\">El procediment, a m\u00e9s, est\u00e0 faltat de garanties democr\u00e0tiques. Es basa en l\u2019avaluaci\u00f3 de tot just 600 enquestes, una participaci\u00f3 m\u00ednima, sense criteris estad\u00edstics acceptables ni claredat sobre el cens de persones i entitats convocades. Presentar 600 com a representatives \u00e9s enganyar la ciutadania.<\/p>\n<p dir=\"ltr\">El grup PSOE del Consell Insular d\u2019Eivissa recorda tamb\u00e9 la contradicci\u00f3 del Partit Popular, que fa nom\u00e9s uns mesos es va posicionar en el ple de Santa Eul\u00e0ria en contra de la construcci\u00f3 d\u2019una incineradora a Ca na Putxa, mentre que Vicent Mar\u00ed ara planteja construir-ne una a l\u2019illa. Es vol donar la impressi\u00f3 que la decisi\u00f3 \u00e9s col\u00b7lectiva i consensuada, quan en realitat tot indica que el cam\u00ed ja estava pr\u00e8viament definit.<\/p>\n<p dir=\"ltr\">Tampoc no s\u2019han aclarit aspectes fonamentals com la ubicaci\u00f3 prevista de la possible incineradora, cosa que demostra que s\u2019oculta informaci\u00f3 essencial a la ciutadania. No \u00e9s participaci\u00f3 real, \u00e9s manipulaci\u00f3.<\/p>\n<p dir=\"ltr\">El PSOE insisteix que Eivissa no necessita consultes teatrals ni mitges veritats, sin\u00f3 un pla integral de prevenci\u00f3 i gesti\u00f3 de residus, amb visi\u00f3 a llarg termini, objectius mesurables, control efectiu i participaci\u00f3 ciutadana de veritat.<\/p>\n<p dir=\"ltr\">Despr\u00e9s de sis anys de govern del Partit Popular al Consell Insular, ja no hi ha marge: la responsabilitat del desastre en la gesti\u00f3 dels residus \u00e9s exclusivament de Vicent Mar\u00ed. El que Eivissa necessita \u00e9s planificaci\u00f3, transpar\u00e8ncia i solucions sostenibles, no cortines de fum ni decisions imposades a esquena de la ciutadania.<\/p>\n","protected":false},"excerpt":{"rendered":"<p>El grup PSOE del Consell Insular d\u2019Eivissa, despr\u00e9s de les \u00faltimes informacions i declaracions dels responsables del Consell de Vicent Mar\u00ed, reitera la seua den\u00fancia que el proc\u00e9s participatiu impulsat per Vicent Mar\u00ed sobre el futur de la gesti\u00f3 de residus \u00e9s un \u2018parip\u00e9\u2019, l\u2019\u00fanic objectiu del qual \u00e9s disfressar com a consulta ciutadana una&hellip;<\/p>\n","protected":false},"author":1,"featured_media":32455,"comment_status":"closed","ping_status":"closed","sticky":false,"template":"","format":"standard","meta":{"footnotes":""},"categories":[192,1],"tags":[],"class_list":["post-41201","post","type-post","status-publish","format-standard","has-post-thumbnail","hentry","category-consell-deivissa","category-federacio-de-eivissa-portada"],"yoast_head":"<!-- This site is optimized with the Yoast SEO plugin v26.9 - https:\/\/yoast.com\/product\/yoast-seo-wordpress\/ -->\n<title>El PSOE reitera que el proc\u00e9s participatiu de Vicent Mar\u00ed sobre residus \u00e9s un \u2018parip\u00e9\u2019 per justificar la incineradora - Federaci\u00f3 Socialista d&#039;Eivissa<\/title>\n<meta name=\"robots\" content=\"index, follow, max-snippet:-1, max-image-preview:large, max-video-preview:-1\" \/>\n<link rel=\"canonical\" href=\"https:\/\/www.psib-psoe.org\/eivissa\/el-psoe-reitera-que-el-proces-participatiu-de-vicent-mari-sobre-residus-es-un-paripe-per-justificar-la-incineradora\/\" \/>\n<meta property=\"og:locale\" content=\"ca_ES\" \/>\n<meta property=\"og:type\" content=\"article\" \/>\n<meta property=\"og:title\" content=\"El PSOE reitera que el proc\u00e9s participatiu de Vicent Mar\u00ed sobre residus \u00e9s un \u2018parip\u00e9\u2019 per justificar la incineradora - Federaci\u00f3 Socialista d&#039;Eivissa\" \/>\n<meta property=\"og:description\" content=\"El grup PSOE del Consell Insular d\u2019Eivissa, despr\u00e9s de les \u00faltimes informacions i declaracions dels responsables del Consell de Vicent Mar\u00ed, reitera la seua den\u00fancia que el proc\u00e9s participatiu impulsat per Vicent Mar\u00ed sobre el futur de la gesti\u00f3 de residus \u00e9s un \u2018parip\u00e9\u2019, l\u2019\u00fanic objectiu del qual \u00e9s disfressar com a consulta ciutadana una&hellip;\" \/>\n<meta property=\"og:url\" content=\"https:\/\/www.psib-psoe.org\/eivissa\/el-psoe-reitera-que-el-proces-participatiu-de-vicent-mari-sobre-residus-es-un-paripe-per-justificar-la-incineradora\/\" \/>\n<meta property=\"og:site_name\" content=\"Federaci\u00f3 Socialista d&#039;Eivissa\" \/>\n<meta property=\"article:published_time\" content=\"2025-09-02T11:36:11+00:00\" \/>\n<meta property=\"og:image\" content=\"https:\/\/www.psib-psoe.org\/eivissa\/wp-content\/uploads\/e34ea335-8c13-439e-b73b-fb1d9476b22a.jpg\" \/>\n\t<meta property=\"og:image:width\" content=\"1600\" \/>\n\t<meta property=\"og:image:height\" content=\"900\" \/>\n\t<meta property=\"og:image:type\" content=\"image\/jpeg\" \/>\n<meta name=\"author\" content=\"adminpsib\" \/>\n<meta name=\"twitter:card\" content=\"summary_large_image\" \/>\n<meta name=\"twitter:label1\" content=\"Escrit per\" \/>\n\t<meta name=\"twitter:data1\" content=\"adminpsib\" \/>\n\t<meta name=\"twitter:label2\" content=\"Temps estimat de lectura\" \/>\n\t<meta name=\"twitter:data2\" content=\"3 minuts\" \/>\n<script type=\"application\/ld+json\" class=\"yoast-schema-graph\">{\"@context\":\"https:\/\/schema.org\",\"@graph\":[{\"@type\":[\"Article\",\"BlogPosting\"],\"@id\":\"https:\/\/www.psib-psoe.org\/eivissa\/el-psoe-reitera-que-el-proces-participatiu-de-vicent-mari-sobre-residus-es-un-paripe-per-justificar-la-incineradora\/#article\",\"isPartOf\":{\"@id\":\"https:\/\/www.psib-psoe.org\/eivissa\/el-psoe-reitera-que-el-proces-participatiu-de-vicent-mari-sobre-residus-es-un-paripe-per-justificar-la-incineradora\/\"},\"author\":{\"name\":\"adminpsib\",\"@id\":\"https:\/\/www.psib-psoe.org\/eivissa\/#\/schema\/person\/099ab3ef73a3645a1d7f303518e6ce24\"},\"headline\":\"El PSOE reitera que el proc\u00e9s participatiu de Vicent Mar\u00ed sobre residus \u00e9s un \u2018parip\u00e9\u2019 per justificar la incineradora\",\"datePublished\":\"2025-09-02T11:36:11+00:00\",\"mainEntityOfPage\":{\"@id\":\"https:\/\/www.psib-psoe.org\/eivissa\/el-psoe-reitera-que-el-proces-participatiu-de-vicent-mari-sobre-residus-es-un-paripe-per-justificar-la-incineradora\/\"},\"wordCount\":526,\"publisher\":{\"@id\":\"https:\/\/www.psib-psoe.org\/eivissa\/#organization\"},\"image\":{\"@id\":\"https:\/\/www.psib-psoe.org\/eivissa\/el-psoe-reitera-que-el-proces-participatiu-de-vicent-mari-sobre-residus-es-un-paripe-per-justificar-la-incineradora\/#primaryimage\"},\"thumbnailUrl\":\"https:\/\/www.psib-psoe.org\/eivissa\/wp-content\/uploads\/e34ea335-8c13-439e-b73b-fb1d9476b22a.jpg\",\"articleSection\":[\"Consell d'Eivissa\",\"Federaci\u00f3 d'Eivissa - Portada\"],\"inLanguage\":\"ca\"},{\"@type\":\"WebPage\",\"@id\":\"https:\/\/www.psib-psoe.org\/eivissa\/el-psoe-reitera-que-el-proces-participatiu-de-vicent-mari-sobre-residus-es-un-paripe-per-justificar-la-incineradora\/\",\"url\":\"https:\/\/www.psib-psoe.org\/eivissa\/el-psoe-reitera-que-el-proces-participatiu-de-vicent-mari-sobre-residus-es-un-paripe-per-justificar-la-incineradora\/\",\"name\":\"El PSOE reitera que el proc\u00e9s participatiu de Vicent Mar\u00ed sobre residus \u00e9s un \u2018parip\u00e9\u2019 per justificar la incineradora - Federaci\u00f3 Socialista d&#039;Eivissa\",\"isPartOf\":{\"@id\":\"https:\/\/www.psib-psoe.org\/eivissa\/#website\"},\"primaryImageOfPage\":{\"@id\":\"https:\/\/www.psib-psoe.org\/eivissa\/el-psoe-reitera-que-el-proces-participatiu-de-vicent-mari-sobre-residus-es-un-paripe-per-justificar-la-incineradora\/#primaryimage\"},\"image\":{\"@id\":\"https:\/\/www.psib-psoe.org\/eivissa\/el-psoe-reitera-que-el-proces-participatiu-de-vicent-mari-sobre-residus-es-un-paripe-per-justificar-la-incineradora\/#primaryimage\"},\"thumbnailUrl\":\"https:\/\/www.psib-psoe.org\/eivissa\/wp-content\/uploads\/e34ea335-8c13-439e-b73b-fb1d9476b22a.jpg\",\"datePublished\":\"2025-09-02T11:36:11+00:00\",\"breadcrumb\":{\"@id\":\"https:\/\/www.psib-psoe.org\/eivissa\/el-psoe-reitera-que-el-proces-participatiu-de-vicent-mari-sobre-residus-es-un-paripe-per-justificar-la-incineradora\/#breadcrumb\"},\"inLanguage\":\"ca\",\"potentialAction\":[{\"@type\":\"ReadAction\",\"target\":[\"https:\/\/www.psib-psoe.org\/eivissa\/el-psoe-reitera-que-el-proces-participatiu-de-vicent-mari-sobre-residus-es-un-paripe-per-justificar-la-incineradora\/\"]}]},{\"@type\":\"ImageObject\",\"inLanguage\":\"ca\",\"@id\":\"https:\/\/www.psib-psoe.org\/eivissa\/el-psoe-reitera-que-el-proces-participatiu-de-vicent-mari-sobre-residus-es-un-paripe-per-justificar-la-incineradora\/#primaryimage\",\"url\":\"https:\/\/www.psib-psoe.org\/eivissa\/wp-content\/uploads\/e34ea335-8c13-439e-b73b-fb1d9476b22a.jpg\",\"contentUrl\":\"https:\/\/www.psib-psoe.org\/eivissa\/wp-content\/uploads\/e34ea335-8c13-439e-b73b-fb1d9476b22a.jpg\",\"width\":1600,\"height\":900},{\"@type\":\"BreadcrumbList\",\"@id\":\"https:\/\/www.psib-psoe.org\/eivissa\/el-psoe-reitera-que-el-proces-participatiu-de-vicent-mari-sobre-residus-es-un-paripe-per-justificar-la-incineradora\/#breadcrumb\",\"itemListElement\":[{\"@type\":\"ListItem\",\"position\":1,\"name\":\"Inici\",\"item\":\"https:\/\/www.psib-psoe.org\/eivissa\/\"},{\"@type\":\"ListItem\",\"position\":2,\"name\":\"El PSOE reitera que el proc\u00e9s participatiu de Vicent Mar\u00ed sobre residus \u00e9s un \u2018parip\u00e9\u2019 per justificar la incineradora\"}]},{\"@type\":\"WebSite\",\"@id\":\"https:\/\/www.psib-psoe.org\/eivissa\/#website\",\"url\":\"https:\/\/www.psib-psoe.org\/eivissa\/\",\"name\":\"Federaci\u00f3 Socialista d'Eivissa\",\"description\":\"Socialistes d&#039;Eivissa\",\"publisher\":{\"@id\":\"https:\/\/www.psib-psoe.org\/eivissa\/#organization\"},\"potentialAction\":[{\"@type\":\"SearchAction\",\"target\":{\"@type\":\"EntryPoint\",\"urlTemplate\":\"https:\/\/www.psib-psoe.org\/eivissa\/?s={search_term_string}\"},\"query-input\":{\"@type\":\"PropertyValueSpecification\",\"valueRequired\":true,\"valueName\":\"search_term_string\"}}],\"inLanguage\":\"ca\"},{\"@type\":\"Organization\",\"@id\":\"https:\/\/www.psib-psoe.org\/eivissa\/#organization\",\"name\":\"Federaci\u00f3 Socialista d'Eivissa\",\"url\":\"https:\/\/www.psib-psoe.org\/eivissa\/\",\"logo\":{\"@type\":\"ImageObject\",\"inLanguage\":\"ca\",\"@id\":\"https:\/\/www.psib-psoe.org\/eivissa\/#\/schema\/logo\/image\/\",\"url\":\"https:\/\/www.psib-psoe.org\/eivissa\/wp-content\/uploads\/LOGO-FSE-SOCIALISTA-DEIVISSA-HORI.png\",\"contentUrl\":\"https:\/\/www.psib-psoe.org\/eivissa\/wp-content\/uploads\/LOGO-FSE-SOCIALISTA-DEIVISSA-HORI.png\",\"width\":6000,\"height\":3104,\"caption\":\"Federaci\u00f3 Socialista d'Eivissa\"},\"image\":{\"@id\":\"https:\/\/www.psib-psoe.org\/eivissa\/#\/schema\/logo\/image\/\"}},{\"@type\":\"Person\",\"@id\":\"https:\/\/www.psib-psoe.org\/eivissa\/#\/schema\/person\/099ab3ef73a3645a1d7f303518e6ce24\",\"name\":\"adminpsib\",\"url\":\"https:\/\/www.psib-psoe.org\/eivissa\/author\/adminpsib\/\"}]}<\/script>\n<!-- \/ Yoast SEO plugin. -->","yoast_head_json":{"title":"El PSOE reitera que el proc\u00e9s participatiu de Vicent Mar\u00ed sobre residus \u00e9s un \u2018parip\u00e9\u2019 per justificar la incineradora - Federaci\u00f3 Socialista d&#039;Eivissa","robots":{"index":"index","follow":"follow","max-snippet":"max-snippet:-1","max-image-preview":"max-image-preview:large","max-video-preview":"max-video-preview:-1"},"canonical":"https:\/\/www.psib-psoe.org\/eivissa\/el-psoe-reitera-que-el-proces-participatiu-de-vicent-mari-sobre-residus-es-un-paripe-per-justificar-la-incineradora\/","og_locale":"ca_ES","og_type":"article","og_title":"El PSOE reitera que el proc\u00e9s participatiu de Vicent Mar\u00ed sobre residus \u00e9s un \u2018parip\u00e9\u2019 per justificar la incineradora - Federaci\u00f3 Socialista d&#039;Eivissa","og_description":"El grup PSOE del Consell Insular d\u2019Eivissa, despr\u00e9s de les \u00faltimes informacions i declaracions dels responsables del Consell de Vicent Mar\u00ed, reitera la seua den\u00fancia que el proc\u00e9s participatiu impulsat per Vicent Mar\u00ed sobre el futur de la gesti\u00f3 de residus \u00e9s un \u2018parip\u00e9\u2019, l\u2019\u00fanic objectiu del qual \u00e9s disfressar com a consulta ciutadana una&hellip;","og_url":"https:\/\/www.psib-psoe.org\/eivissa\/el-psoe-reitera-que-el-proces-participatiu-de-vicent-mari-sobre-residus-es-un-paripe-per-justificar-la-incineradora\/","og_site_name":"Federaci\u00f3 Socialista d&#039;Eivissa","article_published_time":"2025-09-02T11:36:11+00:00","og_image":[{"width":1600,"height":900,"url":"https:\/\/www.psib-psoe.org\/eivissa\/wp-content\/uploads\/e34ea335-8c13-439e-b73b-fb1d9476b22a.jpg","type":"image\/jpeg"}],"author":"adminpsib","twitter_card":"summary_large_image","twitter_misc":{"Escrit per":"adminpsib","Temps estimat de lectura":"3 minuts"},"schema":{"@context":"https:\/\/schema.org","@graph":[{"@type":["Article","BlogPosting"],"@id":"https:\/\/www.psib-psoe.org\/eivissa\/el-psoe-reitera-que-el-proces-participatiu-de-vicent-mari-sobre-residus-es-un-paripe-per-justificar-la-incineradora\/#article","isPartOf":{"@id":"https:\/\/www.psib-psoe.org\/eivissa\/el-psoe-reitera-que-el-proces-participatiu-de-vicent-mari-sobre-residus-es-un-paripe-per-justificar-la-incineradora\/"},"author":{"name":"adminpsib","@id":"https:\/\/www.psib-psoe.org\/eivissa\/#\/schema\/person\/099ab3ef73a3645a1d7f303518e6ce24"},"headline":"El PSOE reitera que el proc\u00e9s participatiu de Vicent Mar\u00ed sobre residus \u00e9s un \u2018parip\u00e9\u2019 per justificar la incineradora","datePublished":"2025-09-02T11:36:11+00:00","mainEntityOfPage":{"@id":"https:\/\/www.psib-psoe.org\/eivissa\/el-psoe-reitera-que-el-proces-participatiu-de-vicent-mari-sobre-residus-es-un-paripe-per-justificar-la-incineradora\/"},"wordCount":526,"publisher":{"@id":"https:\/\/www.psib-psoe.org\/eivissa\/#organization"},"image":{"@id":"https:\/\/www.psib-psoe.org\/eivissa\/el-psoe-reitera-que-el-proces-participatiu-de-vicent-mari-sobre-residus-es-un-paripe-per-justificar-la-incineradora\/#primaryimage"},"thumbnailUrl":"https:\/\/www.psib-psoe.org\/eivissa\/wp-content\/uploads\/e34ea335-8c13-439e-b73b-fb1d9476b22a.jpg","articleSection":["Consell d'Eivissa","Federaci\u00f3 d'Eivissa - Portada"],"inLanguage":"ca"},{"@type":"WebPage","@id":"https:\/\/www.psib-psoe.org\/eivissa\/el-psoe-reitera-que-el-proces-participatiu-de-vicent-mari-sobre-residus-es-un-paripe-per-justificar-la-incineradora\/","url":"https:\/\/www.psib-psoe.org\/eivissa\/el-psoe-reitera-que-el-proces-participatiu-de-vicent-mari-sobre-residus-es-un-paripe-per-justificar-la-incineradora\/","name":"El PSOE reitera que el proc\u00e9s participatiu de Vicent Mar\u00ed sobre residus \u00e9s un \u2018parip\u00e9\u2019 per justificar la incineradora - Federaci\u00f3 Socialista d&#039;Eivissa","isPartOf":{"@id":"https:\/\/www.psib-psoe.org\/eivissa\/#website"},"primaryImageOfPage":{"@id":"https:\/\/www.psib-psoe.org\/eivissa\/el-psoe-reitera-que-el-proces-participatiu-de-vicent-mari-sobre-residus-es-un-paripe-per-justificar-la-incineradora\/#primaryimage"},"image":{"@id":"https:\/\/www.psib-psoe.org\/eivissa\/el-psoe-reitera-que-el-proces-participatiu-de-vicent-mari-sobre-residus-es-un-paripe-per-justificar-la-incineradora\/#primaryimage"},"thumbnailUrl":"https:\/\/www.psib-psoe.org\/eivissa\/wp-content\/uploads\/e34ea335-8c13-439e-b73b-fb1d9476b22a.jpg","datePublished":"2025-09-02T11:36:11+00:00","breadcrumb":{"@id":"https:\/\/www.psib-psoe.org\/eivissa\/el-psoe-reitera-que-el-proces-participatiu-de-vicent-mari-sobre-residus-es-un-paripe-per-justificar-la-incineradora\/#breadcrumb"},"inLanguage":"ca","potentialAction":[{"@type":"ReadAction","target":["https:\/\/www.psib-psoe.org\/eivissa\/el-psoe-reitera-que-el-proces-participatiu-de-vicent-mari-sobre-residus-es-un-paripe-per-justificar-la-incineradora\/"]}]},{"@type":"ImageObject","inLanguage":"ca","@id":"https:\/\/www.psib-psoe.org\/eivissa\/el-psoe-reitera-que-el-proces-participatiu-de-vicent-mari-sobre-residus-es-un-paripe-per-justificar-la-incineradora\/#primaryimage","url":"https:\/\/www.psib-psoe.org\/eivissa\/wp-content\/uploads\/e34ea335-8c13-439e-b73b-fb1d9476b22a.jpg","contentUrl":"https:\/\/www.psib-psoe.org\/eivissa\/wp-content\/uploads\/e34ea335-8c13-439e-b73b-fb1d9476b22a.jpg","width":1600,"height":900},{"@type":"BreadcrumbList","@id":"https:\/\/www.psib-psoe.org\/eivissa\/el-psoe-reitera-que-el-proces-participatiu-de-vicent-mari-sobre-residus-es-un-paripe-per-justificar-la-incineradora\/#breadcrumb","itemListElement":[{"@type":"ListItem","position":1,"name":"Inici","item":"https:\/\/www.psib-psoe.org\/eivissa\/"},{"@type":"ListItem","position":2,"name":"El PSOE reitera que el proc\u00e9s participatiu de Vicent Mar\u00ed sobre residus \u00e9s un \u2018parip\u00e9\u2019 per justificar la incineradora"}]},{"@type":"WebSite","@id":"https:\/\/www.psib-psoe.org\/eivissa\/#website","url":"https:\/\/www.psib-psoe.org\/eivissa\/","name":"Federaci\u00f3 Socialista d'Eivissa","description":"Socialistes d&#039;Eivissa","publisher":{"@id":"https:\/\/www.psib-psoe.org\/eivissa\/#organization"},"potentialAction":[{"@type":"SearchAction","target":{"@type":"EntryPoint","urlTemplate":"https:\/\/www.psib-psoe.org\/eivissa\/?s={search_term_string}"},"query-input":{"@type":"PropertyValueSpecification","valueRequired":true,"valueName":"search_term_string"}}],"inLanguage":"ca"},{"@type":"Organization","@id":"https:\/\/www.psib-psoe.org\/eivissa\/#organization","name":"Federaci\u00f3 Socialista d'Eivissa","url":"https:\/\/www.psib-psoe.org\/eivissa\/","logo":{"@type":"ImageObject","inLanguage":"ca","@id":"https:\/\/www.psib-psoe.org\/eivissa\/#\/schema\/logo\/image\/","url":"https:\/\/www.psib-psoe.org\/eivissa\/wp-content\/uploads\/LOGO-FSE-SOCIALISTA-DEIVISSA-HORI.png","contentUrl":"https:\/\/www.psib-psoe.org\/eivissa\/wp-content\/uploads\/LOGO-FSE-SOCIALISTA-DEIVISSA-HORI.png","width":6000,"height":3104,"caption":"Federaci\u00f3 Socialista d'Eivissa"},"image":{"@id":"https:\/\/www.psib-psoe.org\/eivissa\/#\/schema\/logo\/image\/"}},{"@type":"Person","@id":"https:\/\/www.psib-psoe.org\/eivissa\/#\/schema\/person\/099ab3ef73a3645a1d7f303518e6ce24","name":"adminpsib","url":"https:\/\/www.psib-psoe.org\/eivissa\/author\/adminpsib\/"}]}},"_links":{"self":[{"href":"https:\/\/www.psib-psoe.org\/eivissa\/wp-json\/wp\/v2\/posts\/41201","targetHints":{"allow":["GET"]}}],"collection":[{"href":"https:\/\/www.psib-psoe.org\/eivissa\/wp-json\/wp\/v2\/posts"}],"about":[{"href":"https:\/\/www.psib-psoe.org\/eivissa\/wp-json\/wp\/v2\/types\/post"}],"author":[{"embeddable":true,"href":"https:\/\/www.psib-psoe.org\/eivissa\/wp-json\/wp\/v2\/users\/1"}],"replies":[{"embeddable":true,"href":"https:\/\/www.psib-psoe.org\/eivissa\/wp-json\/wp\/v2\/comments?post=41201"}],"version-history":[{"count":1,"href":"https:\/\/www.psib-psoe.org\/eivissa\/wp-json\/wp\/v2\/posts\/41201\/revisions"}],"predecessor-version":[{"id":41202,"href":"https:\/\/www.psib-psoe.org\/eivissa\/wp-json\/wp\/v2\/posts\/41201\/revisions\/41202"}],"wp:featuredmedia":[{"embeddable":true,"href":"https:\/\/www.psib-psoe.org\/eivissa\/wp-json\/wp\/v2\/media\/32455"}],"wp:attachment":[{"href":"https:\/\/www.psib-psoe.org\/eivissa\/wp-json\/wp\/v2\/media?parent=41201"}],"wp:term":[{"taxonomy":"category","embeddable":true,"href":"https:\/\/www.psib-psoe.org\/eivissa\/wp-json\/wp\/v2\/categories?post=41201"},{"taxonomy":"post_tag","embeddable":true,"href":"https:\/\/www.psib-psoe.org\/eivissa\/wp-json\/wp\/v2\/tags?post=41201"}],"curies":[{"name":"wp","href":"https:\/\/api.w.org\/{rel}","templated":true}]}}