{"id":41204,"date":"2025-09-03T13:16:27","date_gmt":"2025-09-03T11:16:27","guid":{"rendered":"https:\/\/www.psib-psoe.org\/eivissa\/?p=41204"},"modified":"2025-09-04T11:57:46","modified_gmt":"2025-09-04T09:57:46","slug":"el-psoe-denuncia-les-mentides-del-pp-sobre-la-taxa-de-residus-les-pujades-a-tots-els-municipis-i-la-nefasta-gestio-de-la-recollida-son-responsabilitat-dels-seus-alcaldes-i-alcaldesses","status":"publish","type":"post","link":"https:\/\/www.psib-psoe.org\/eivissa\/el-psoe-denuncia-les-mentides-del-pp-sobre-la-taxa-de-residus-les-pujades-a-tots-els-municipis-i-la-nefasta-gestio-de-la-recollida-son-responsabilitat-dels-seus-alcaldes-i-alcaldesses\/","title":{"rendered":"El PSOE denuncia les mentides del PP sobre la taxa de residus: Les pujades a tots els municipis i la nefasta gesti\u00f3 de la recollida s\u00f3n responsabilitat dels seus alcaldes i alcaldesses"},"content":{"rendered":"<p>La Federaci\u00f3 Socialista d\u2019Eivissa (FSE-PSOE) vol denunciar p\u00fablicament les mentides i enganys del Partit Popular sobre la taxa municipal de residus, com ha tornat a fer avui mateix. Per molt que intentin manipular i enganyar, la realitat \u00e9s que els increments de la taxa de residus que han aplicat tots els ajuntaments de l\u2019illa d\u2019Eivissa s\u00f3n responsabilitat dels seus alcaldes i alcaldesses, a pesar que el PP continua amb la seua campanya a la desesperada per intentar fer veure que \u00e9s una \u201cimposici\u00f3 del Govern de S\u00e1nchez\u201d, i li reclama que aturi aquestes pujades.<\/p>\n<p>La taxa de residus deriva de la Directiva europea 2018\/851, aprovada el 2018 durant el mandat de Jean-Claude Juncker, del Partit Popular Europeu, i transposada a Espanya mitjan\u00e7ant la Llei 7\/2022, aprovada fa tres anys amb l\u2019abstenci\u00f3 del Partit Popular. D\u2019acord amb la Llei, des del 10 d&#8217;abril del 2025, els ajuntaments de m\u00e9s de 5.000 habitants han d\u2019aplicar un tribut espec\u00edfic per cobrir el cost real de la recollida, el transport i el tractament de residus urbans, per\u00f2 en cap cas estableix l\u2019obligaci\u00f3 d\u2019incrementar la taxa municipal.<\/p>\n<p>La llei no imposa pujades autom\u00e0tiques ni estableix quanties concretes, com intenta fer creure el PP. El que exigeix \u00e9s cobrir el d\u00e8ficit del servei. Cada ajuntament pot calcular la taxa segons els seus criteris: una quota fixa, un import vinculat al valor cadastral, al nombre d\u2019habitants per habitatge o al consum d\u2019aigua o altres mecanismes m\u00e9s justos. A m\u00e9s, tamb\u00e9 es preveu que es puguin establir bonificacions per a pensionistes, fam\u00edlies nombroses o persones amb risc d&#8217;exclusi\u00f3. <\/p>\n<p>El que ha passat a Eivissa \u00e9s que els alcaldes i les alcaldesses del PP no han volgut treballar i han buscat la soluci\u00f3 m\u00e9s simple i la m\u00e9s perjudicial per als vesins, establint el criteri de metres quadrats d\u2019habitatge, en comptes d\u2019articular f\u00f3rmules perqu\u00e8 pagui m\u00e9s qui m\u00e9s residus genera, com podria ser el sistema de pagament real per generaci\u00f3, subministrant targetes associades a la generaci\u00f3 d&#8217;escombraries o aplicant el Document Nacional d&#8217;Identitat de tots els ve\u00efns associats a una refer\u00e8ncia cadastral. <\/p>\n<p>Per tant, dir que S\u00e1nchez apuja la taxa de residus \u00e9s un engany a la ciutadania inacceptable, un m\u00e9s d\u2019aquest Partit Popular a la nostra illa que ha fet de la mentida i la manipulaci\u00f3 la seua forma de governar, utilitzant les institucions locals i insular i auton\u00f2mica com a instrument al servei de Feij\u00f3o en la seua campanya contra el Govern progressista d\u2019Espanya, en comptes de posar-les al servei de la millora de les condicions de vida de tots els eivissencs i les eivissenques. <\/p>\n<p>L&#8217;objectiu marcat per la Uni\u00f3 Europea \u00e9s el d\u2019assolir un 55% de reutilitzaci\u00f3 i reciclatge de residus el 2025 i un 65% el 2035, sota el principi de \u201cqui contamina, paga\u201d. No \u00e9s una decisi\u00f3 conjuntural del Govern espanyol, sin\u00f3 un mandat europeu que obliga tots els estats membres. <\/p>\n<p>A l\u2019illa d\u2019Eivissa, segons les dades del Consell Insular, l\u2019any 2024 la recollida selectiva es va quedar en un insuficient 40,1%. A m\u00e9s, Eivissa va generar 97.518 tones de residus enviats a l&#8217;abocador, un 11% m\u00e9s que el 2023, amb una mitjana de 655,5 quilos per persona a l&#8217;any, un 14% superior a la mitjana balear (563,7 kg). <\/p>\n<p>Aquestes xifres evidencien que la veritable urg\u00e8ncia no \u00e9s buscar culpables externs, que casualment sempre acaba sent el Govern de Pedro S\u00e1nchez, sin\u00f3 millorar la gesti\u00f3 local i insular dels residus per part del Consell Insular de Vicent Mar\u00ed i dels alcaldes i alcaldesses del PP per tal de complir amb els compromisos europeus i garantir un model sostenible per al futur. <\/p>\n<p>A m\u00e9s a m\u00e9s, el Partit Popular va guanyar les eleccions locals i insulars de 2023 prometent reduir impostos, rebaixar la taxa de residus i, incl\u00fas, amb el comprom\u00eds que els vesins que no haurien de pagar res \u201cfins que la ciutat estigu\u00e9s neta\u201d, com va dir Triguero en la seua campanya al municipi d\u2019Eivissa. Un engany maj\u00fascul, ja que coneixien perfectament l&#8217;obligaci\u00f3 legal des del 2022 i sabien que hi havia un d\u00e8ficit de milions d&#8217;euros al servei de recollida i tractament de residus. <\/p>\n<p>El PP va prometre baixades que no pensaven complir, negant-se a prendre mesures per avan\u00e7ar en el compliment de la directiva europea i no establint mecanismes per aplicar la taxa de residus de manera m\u00e9s justa. I ara que han quedat en evid\u00e8ncia, culpen el Govern de Pedro S\u00e1nchez, com fan sempre quan no tenen arguments. <\/p>\n<p>La Federaci\u00f3 Socialista d\u2019Eivissa insisteix que la Llei 7\/2022 va ser debatuda i aprovada a les Corts Generals. El Partit Popular, tant al Congr\u00e9s com al Senat, no hi va votar en contra, es va abstenir. El PP sabia perfectament que la norma responia a una obligaci\u00f3 europea i que s\u2019havia d\u2019aplicar. El que ha passat realment \u00e9s que els alcaldes i alcaldesses del Partit Popular s\u2019han negat a fer la seua feina, el que ha provocat que el conjunt de la ciutadania hagi de pagar m\u00e9s per la taxa de residus. <\/p>\n<p>I no nom\u00e9s apugen la taxa, sin\u00f3 que el servei de recollida \u00e9s cada dia m\u00e9s desastr\u00f3s, com veim als diferents municipis de l\u2019illa, fins i tot en aquells que han estrenat nova empresa, com \u00e9s Santa Eul\u00e0ria des Riu. Amb impot\u00e8ncia, els vesins i vesines de l\u2019illa d\u2019Eivissa veuen com el servei de recollida i neteja \u00e9s cada dia m\u00e9s lamentable, al mateix temps que pateixen un notable increment de la taxa. <\/p>\n<p>El PSOE exigeix al Partit Popular que deixi d\u2019intentar enganyar la ciutadania i que, d\u2019una vegada per totes, es posi a treballar per complir amb la Directiva europea de residus i assegurar que els vesins i les vesines de la nostra illa rebin el servei de recollida que mereixen sense haver de patir un increment de la taxa.<\/p>\n","protected":false},"excerpt":{"rendered":"<p>La Federaci\u00f3 Socialista d\u2019Eivissa (FSE-PSOE) vol denunciar p\u00fablicament les mentides i enganys del Partit Popular sobre la taxa municipal de residus, com ha tornat a fer avui mateix. Per molt que intentin manipular i enganyar, la realitat \u00e9s que els increments de la taxa de residus que han aplicat tots els ajuntaments de l\u2019illa d\u2019Eivissa&hellip;<\/p>\n","protected":false},"author":1,"featured_media":40965,"comment_status":"closed","ping_status":"closed","sticky":false,"template":"","format":"standard","meta":{"footnotes":""},"categories":[183,192,1,234,188,189,187,186],"tags":[],"class_list":["post-41204","post","type-post","status-publish","format-standard","has-post-thumbnail","hentry","category-ciutat-deivissa","category-consell-deivissa","category-federacio-de-eivissa-portada","category-municipis","category-sant-antoni-de-portmany","category-sant-joan-de-labritja","category-sant-josep-de-sa-talaia","category-santa-eularia-des-riu"],"yoast_head":"<!-- This site is optimized with the Yoast SEO plugin v26.9 - https:\/\/yoast.com\/product\/yoast-seo-wordpress\/ -->\n<title>El PSOE denuncia les mentides del PP sobre la taxa de residus: Les pujades a tots els municipis i la nefasta gesti\u00f3 de la recollida s\u00f3n responsabilitat dels seus alcaldes i alcaldesses - Federaci\u00f3 Socialista d&#039;Eivissa<\/title>\n<meta name=\"robots\" content=\"index, follow, max-snippet:-1, max-image-preview:large, max-video-preview:-1\" \/>\n<link rel=\"canonical\" href=\"https:\/\/www.psib-psoe.org\/eivissa\/el-psoe-denuncia-les-mentides-del-pp-sobre-la-taxa-de-residus-les-pujades-a-tots-els-municipis-i-la-nefasta-gestio-de-la-recollida-son-responsabilitat-dels-seus-alcaldes-i-alcaldesses\/\" \/>\n<meta property=\"og:locale\" content=\"ca_ES\" \/>\n<meta property=\"og:type\" content=\"article\" \/>\n<meta property=\"og:title\" content=\"El PSOE denuncia les mentides del PP sobre la taxa de residus: Les pujades a tots els municipis i la nefasta gesti\u00f3 de la recollida s\u00f3n responsabilitat dels seus alcaldes i alcaldesses - Federaci\u00f3 Socialista d&#039;Eivissa\" \/>\n<meta property=\"og:description\" content=\"La Federaci\u00f3 Socialista d\u2019Eivissa (FSE-PSOE) vol denunciar p\u00fablicament les mentides i enganys del Partit Popular sobre la taxa municipal de residus, com ha tornat a fer avui mateix. Per molt que intentin manipular i enganyar, la realitat \u00e9s que els increments de la taxa de residus que han aplicat tots els ajuntaments de l\u2019illa d\u2019Eivissa&hellip;\" \/>\n<meta property=\"og:url\" content=\"https:\/\/www.psib-psoe.org\/eivissa\/el-psoe-denuncia-les-mentides-del-pp-sobre-la-taxa-de-residus-les-pujades-a-tots-els-municipis-i-la-nefasta-gestio-de-la-recollida-son-responsabilitat-dels-seus-alcaldes-i-alcaldesses\/\" \/>\n<meta property=\"og:site_name\" content=\"Federaci\u00f3 Socialista d&#039;Eivissa\" \/>\n<meta property=\"article:published_time\" content=\"2025-09-03T11:16:27+00:00\" \/>\n<meta property=\"article:modified_time\" content=\"2025-09-04T09:57:46+00:00\" \/>\n<meta property=\"og:image\" content=\"https:\/\/www.psib-psoe.org\/eivissa\/wp-content\/uploads\/199554b7-c1e1-4610-97ea-8c047f281635-1.jpg\" \/>\n\t<meta property=\"og:image:width\" content=\"1600\" \/>\n\t<meta property=\"og:image:height\" content=\"1200\" \/>\n\t<meta property=\"og:image:type\" content=\"image\/jpeg\" \/>\n<meta name=\"author\" content=\"adminpsib\" \/>\n<meta name=\"twitter:card\" content=\"summary_large_image\" \/>\n<meta name=\"twitter:label1\" content=\"Escrit per\" \/>\n\t<meta name=\"twitter:data1\" content=\"adminpsib\" \/>\n\t<meta name=\"twitter:label2\" content=\"Temps estimat de lectura\" \/>\n\t<meta name=\"twitter:data2\" content=\"5 minuts\" \/>\n<script type=\"application\/ld+json\" class=\"yoast-schema-graph\">{\"@context\":\"https:\/\/schema.org\",\"@graph\":[{\"@type\":[\"Article\",\"BlogPosting\"],\"@id\":\"https:\/\/www.psib-psoe.org\/eivissa\/el-psoe-denuncia-les-mentides-del-pp-sobre-la-taxa-de-residus-les-pujades-a-tots-els-municipis-i-la-nefasta-gestio-de-la-recollida-son-responsabilitat-dels-seus-alcaldes-i-alcaldesses\/#article\",\"isPartOf\":{\"@id\":\"https:\/\/www.psib-psoe.org\/eivissa\/el-psoe-denuncia-les-mentides-del-pp-sobre-la-taxa-de-residus-les-pujades-a-tots-els-municipis-i-la-nefasta-gestio-de-la-recollida-son-responsabilitat-dels-seus-alcaldes-i-alcaldesses\/\"},\"author\":{\"name\":\"adminpsib\",\"@id\":\"https:\/\/www.psib-psoe.org\/eivissa\/#\/schema\/person\/099ab3ef73a3645a1d7f303518e6ce24\"},\"headline\":\"El PSOE denuncia les mentides del PP sobre la taxa de residus: Les pujades a tots els municipis i la nefasta gesti\u00f3 de la recollida s\u00f3n responsabilitat dels seus alcaldes i alcaldesses\",\"datePublished\":\"2025-09-03T11:16:27+00:00\",\"dateModified\":\"2025-09-04T09:57:46+00:00\",\"mainEntityOfPage\":{\"@id\":\"https:\/\/www.psib-psoe.org\/eivissa\/el-psoe-denuncia-les-mentides-del-pp-sobre-la-taxa-de-residus-les-pujades-a-tots-els-municipis-i-la-nefasta-gestio-de-la-recollida-son-responsabilitat-dels-seus-alcaldes-i-alcaldesses\/\"},\"wordCount\":1046,\"publisher\":{\"@id\":\"https:\/\/www.psib-psoe.org\/eivissa\/#organization\"},\"image\":{\"@id\":\"https:\/\/www.psib-psoe.org\/eivissa\/el-psoe-denuncia-les-mentides-del-pp-sobre-la-taxa-de-residus-les-pujades-a-tots-els-municipis-i-la-nefasta-gestio-de-la-recollida-son-responsabilitat-dels-seus-alcaldes-i-alcaldesses\/#primaryimage\"},\"thumbnailUrl\":\"https:\/\/www.psib-psoe.org\/eivissa\/wp-content\/uploads\/199554b7-c1e1-4610-97ea-8c047f281635-1.jpg\",\"articleSection\":[\"Ciutat d'Eivissa\",\"Consell d'Eivissa\",\"Federaci\u00f3 d'Eivissa - Portada\",\"Municipis\",\"Sant Antoni de Portmany\",\"Sant Joan de Labritja\",\"Sant Josep de sa Talaia\",\"Santa Eul\u00e0ria des Riu\"],\"inLanguage\":\"ca\"},{\"@type\":\"WebPage\",\"@id\":\"https:\/\/www.psib-psoe.org\/eivissa\/el-psoe-denuncia-les-mentides-del-pp-sobre-la-taxa-de-residus-les-pujades-a-tots-els-municipis-i-la-nefasta-gestio-de-la-recollida-son-responsabilitat-dels-seus-alcaldes-i-alcaldesses\/\",\"url\":\"https:\/\/www.psib-psoe.org\/eivissa\/el-psoe-denuncia-les-mentides-del-pp-sobre-la-taxa-de-residus-les-pujades-a-tots-els-municipis-i-la-nefasta-gestio-de-la-recollida-son-responsabilitat-dels-seus-alcaldes-i-alcaldesses\/\",\"name\":\"El PSOE denuncia les mentides del PP sobre la taxa de residus: Les pujades a tots els municipis i la nefasta gesti\u00f3 de la recollida s\u00f3n responsabilitat dels seus alcaldes i alcaldesses - Federaci\u00f3 Socialista d&#039;Eivissa\",\"isPartOf\":{\"@id\":\"https:\/\/www.psib-psoe.org\/eivissa\/#website\"},\"primaryImageOfPage\":{\"@id\":\"https:\/\/www.psib-psoe.org\/eivissa\/el-psoe-denuncia-les-mentides-del-pp-sobre-la-taxa-de-residus-les-pujades-a-tots-els-municipis-i-la-nefasta-gestio-de-la-recollida-son-responsabilitat-dels-seus-alcaldes-i-alcaldesses\/#primaryimage\"},\"image\":{\"@id\":\"https:\/\/www.psib-psoe.org\/eivissa\/el-psoe-denuncia-les-mentides-del-pp-sobre-la-taxa-de-residus-les-pujades-a-tots-els-municipis-i-la-nefasta-gestio-de-la-recollida-son-responsabilitat-dels-seus-alcaldes-i-alcaldesses\/#primaryimage\"},\"thumbnailUrl\":\"https:\/\/www.psib-psoe.org\/eivissa\/wp-content\/uploads\/199554b7-c1e1-4610-97ea-8c047f281635-1.jpg\",\"datePublished\":\"2025-09-03T11:16:27+00:00\",\"dateModified\":\"2025-09-04T09:57:46+00:00\",\"breadcrumb\":{\"@id\":\"https:\/\/www.psib-psoe.org\/eivissa\/el-psoe-denuncia-les-mentides-del-pp-sobre-la-taxa-de-residus-les-pujades-a-tots-els-municipis-i-la-nefasta-gestio-de-la-recollida-son-responsabilitat-dels-seus-alcaldes-i-alcaldesses\/#breadcrumb\"},\"inLanguage\":\"ca\",\"potentialAction\":[{\"@type\":\"ReadAction\",\"target\":[\"https:\/\/www.psib-psoe.org\/eivissa\/el-psoe-denuncia-les-mentides-del-pp-sobre-la-taxa-de-residus-les-pujades-a-tots-els-municipis-i-la-nefasta-gestio-de-la-recollida-son-responsabilitat-dels-seus-alcaldes-i-alcaldesses\/\"]}]},{\"@type\":\"ImageObject\",\"inLanguage\":\"ca\",\"@id\":\"https:\/\/www.psib-psoe.org\/eivissa\/el-psoe-denuncia-les-mentides-del-pp-sobre-la-taxa-de-residus-les-pujades-a-tots-els-municipis-i-la-nefasta-gestio-de-la-recollida-son-responsabilitat-dels-seus-alcaldes-i-alcaldesses\/#primaryimage\",\"url\":\"https:\/\/www.psib-psoe.org\/eivissa\/wp-content\/uploads\/199554b7-c1e1-4610-97ea-8c047f281635-1.jpg\",\"contentUrl\":\"https:\/\/www.psib-psoe.org\/eivissa\/wp-content\/uploads\/199554b7-c1e1-4610-97ea-8c047f281635-1.jpg\",\"width\":1600,\"height\":1200},{\"@type\":\"BreadcrumbList\",\"@id\":\"https:\/\/www.psib-psoe.org\/eivissa\/el-psoe-denuncia-les-mentides-del-pp-sobre-la-taxa-de-residus-les-pujades-a-tots-els-municipis-i-la-nefasta-gestio-de-la-recollida-son-responsabilitat-dels-seus-alcaldes-i-alcaldesses\/#breadcrumb\",\"itemListElement\":[{\"@type\":\"ListItem\",\"position\":1,\"name\":\"Inici\",\"item\":\"https:\/\/www.psib-psoe.org\/eivissa\/\"},{\"@type\":\"ListItem\",\"position\":2,\"name\":\"El PSOE denuncia les mentides del PP sobre la taxa de residus: Les pujades a tots els municipis i la nefasta gesti\u00f3 de la recollida s\u00f3n responsabilitat dels seus alcaldes i alcaldesses\"}]},{\"@type\":\"WebSite\",\"@id\":\"https:\/\/www.psib-psoe.org\/eivissa\/#website\",\"url\":\"https:\/\/www.psib-psoe.org\/eivissa\/\",\"name\":\"Federaci\u00f3 Socialista d'Eivissa\",\"description\":\"Socialistes d&#039;Eivissa\",\"publisher\":{\"@id\":\"https:\/\/www.psib-psoe.org\/eivissa\/#organization\"},\"potentialAction\":[{\"@type\":\"SearchAction\",\"target\":{\"@type\":\"EntryPoint\",\"urlTemplate\":\"https:\/\/www.psib-psoe.org\/eivissa\/?s={search_term_string}\"},\"query-input\":{\"@type\":\"PropertyValueSpecification\",\"valueRequired\":true,\"valueName\":\"search_term_string\"}}],\"inLanguage\":\"ca\"},{\"@type\":\"Organization\",\"@id\":\"https:\/\/www.psib-psoe.org\/eivissa\/#organization\",\"name\":\"Federaci\u00f3 Socialista d'Eivissa\",\"url\":\"https:\/\/www.psib-psoe.org\/eivissa\/\",\"logo\":{\"@type\":\"ImageObject\",\"inLanguage\":\"ca\",\"@id\":\"https:\/\/www.psib-psoe.org\/eivissa\/#\/schema\/logo\/image\/\",\"url\":\"https:\/\/www.psib-psoe.org\/eivissa\/wp-content\/uploads\/LOGO-FSE-SOCIALISTA-DEIVISSA-HORI.png\",\"contentUrl\":\"https:\/\/www.psib-psoe.org\/eivissa\/wp-content\/uploads\/LOGO-FSE-SOCIALISTA-DEIVISSA-HORI.png\",\"width\":6000,\"height\":3104,\"caption\":\"Federaci\u00f3 Socialista d'Eivissa\"},\"image\":{\"@id\":\"https:\/\/www.psib-psoe.org\/eivissa\/#\/schema\/logo\/image\/\"}},{\"@type\":\"Person\",\"@id\":\"https:\/\/www.psib-psoe.org\/eivissa\/#\/schema\/person\/099ab3ef73a3645a1d7f303518e6ce24\",\"name\":\"adminpsib\",\"url\":\"https:\/\/www.psib-psoe.org\/eivissa\/author\/adminpsib\/\"}]}<\/script>\n<!-- \/ Yoast SEO plugin. -->","yoast_head_json":{"title":"El PSOE denuncia les mentides del PP sobre la taxa de residus: Les pujades a tots els municipis i la nefasta gesti\u00f3 de la recollida s\u00f3n responsabilitat dels seus alcaldes i alcaldesses - Federaci\u00f3 Socialista d&#039;Eivissa","robots":{"index":"index","follow":"follow","max-snippet":"max-snippet:-1","max-image-preview":"max-image-preview:large","max-video-preview":"max-video-preview:-1"},"canonical":"https:\/\/www.psib-psoe.org\/eivissa\/el-psoe-denuncia-les-mentides-del-pp-sobre-la-taxa-de-residus-les-pujades-a-tots-els-municipis-i-la-nefasta-gestio-de-la-recollida-son-responsabilitat-dels-seus-alcaldes-i-alcaldesses\/","og_locale":"ca_ES","og_type":"article","og_title":"El PSOE denuncia les mentides del PP sobre la taxa de residus: Les pujades a tots els municipis i la nefasta gesti\u00f3 de la recollida s\u00f3n responsabilitat dels seus alcaldes i alcaldesses - Federaci\u00f3 Socialista d&#039;Eivissa","og_description":"La Federaci\u00f3 Socialista d\u2019Eivissa (FSE-PSOE) vol denunciar p\u00fablicament les mentides i enganys del Partit Popular sobre la taxa municipal de residus, com ha tornat a fer avui mateix. Per molt que intentin manipular i enganyar, la realitat \u00e9s que els increments de la taxa de residus que han aplicat tots els ajuntaments de l\u2019illa d\u2019Eivissa&hellip;","og_url":"https:\/\/www.psib-psoe.org\/eivissa\/el-psoe-denuncia-les-mentides-del-pp-sobre-la-taxa-de-residus-les-pujades-a-tots-els-municipis-i-la-nefasta-gestio-de-la-recollida-son-responsabilitat-dels-seus-alcaldes-i-alcaldesses\/","og_site_name":"Federaci\u00f3 Socialista d&#039;Eivissa","article_published_time":"2025-09-03T11:16:27+00:00","article_modified_time":"2025-09-04T09:57:46+00:00","og_image":[{"width":1600,"height":1200,"url":"https:\/\/www.psib-psoe.org\/eivissa\/wp-content\/uploads\/199554b7-c1e1-4610-97ea-8c047f281635-1.jpg","type":"image\/jpeg"}],"author":"adminpsib","twitter_card":"summary_large_image","twitter_misc":{"Escrit per":"adminpsib","Temps estimat de lectura":"5 minuts"},"schema":{"@context":"https:\/\/schema.org","@graph":[{"@type":["Article","BlogPosting"],"@id":"https:\/\/www.psib-psoe.org\/eivissa\/el-psoe-denuncia-les-mentides-del-pp-sobre-la-taxa-de-residus-les-pujades-a-tots-els-municipis-i-la-nefasta-gestio-de-la-recollida-son-responsabilitat-dels-seus-alcaldes-i-alcaldesses\/#article","isPartOf":{"@id":"https:\/\/www.psib-psoe.org\/eivissa\/el-psoe-denuncia-les-mentides-del-pp-sobre-la-taxa-de-residus-les-pujades-a-tots-els-municipis-i-la-nefasta-gestio-de-la-recollida-son-responsabilitat-dels-seus-alcaldes-i-alcaldesses\/"},"author":{"name":"adminpsib","@id":"https:\/\/www.psib-psoe.org\/eivissa\/#\/schema\/person\/099ab3ef73a3645a1d7f303518e6ce24"},"headline":"El PSOE denuncia les mentides del PP sobre la taxa de residus: Les pujades a tots els municipis i la nefasta gesti\u00f3 de la recollida s\u00f3n responsabilitat dels seus alcaldes i alcaldesses","datePublished":"2025-09-03T11:16:27+00:00","dateModified":"2025-09-04T09:57:46+00:00","mainEntityOfPage":{"@id":"https:\/\/www.psib-psoe.org\/eivissa\/el-psoe-denuncia-les-mentides-del-pp-sobre-la-taxa-de-residus-les-pujades-a-tots-els-municipis-i-la-nefasta-gestio-de-la-recollida-son-responsabilitat-dels-seus-alcaldes-i-alcaldesses\/"},"wordCount":1046,"publisher":{"@id":"https:\/\/www.psib-psoe.org\/eivissa\/#organization"},"image":{"@id":"https:\/\/www.psib-psoe.org\/eivissa\/el-psoe-denuncia-les-mentides-del-pp-sobre-la-taxa-de-residus-les-pujades-a-tots-els-municipis-i-la-nefasta-gestio-de-la-recollida-son-responsabilitat-dels-seus-alcaldes-i-alcaldesses\/#primaryimage"},"thumbnailUrl":"https:\/\/www.psib-psoe.org\/eivissa\/wp-content\/uploads\/199554b7-c1e1-4610-97ea-8c047f281635-1.jpg","articleSection":["Ciutat d'Eivissa","Consell d'Eivissa","Federaci\u00f3 d'Eivissa - Portada","Municipis","Sant Antoni de Portmany","Sant Joan de Labritja","Sant Josep de sa Talaia","Santa Eul\u00e0ria des Riu"],"inLanguage":"ca"},{"@type":"WebPage","@id":"https:\/\/www.psib-psoe.org\/eivissa\/el-psoe-denuncia-les-mentides-del-pp-sobre-la-taxa-de-residus-les-pujades-a-tots-els-municipis-i-la-nefasta-gestio-de-la-recollida-son-responsabilitat-dels-seus-alcaldes-i-alcaldesses\/","url":"https:\/\/www.psib-psoe.org\/eivissa\/el-psoe-denuncia-les-mentides-del-pp-sobre-la-taxa-de-residus-les-pujades-a-tots-els-municipis-i-la-nefasta-gestio-de-la-recollida-son-responsabilitat-dels-seus-alcaldes-i-alcaldesses\/","name":"El PSOE denuncia les mentides del PP sobre la taxa de residus: Les pujades a tots els municipis i la nefasta gesti\u00f3 de la recollida s\u00f3n responsabilitat dels seus alcaldes i alcaldesses - Federaci\u00f3 Socialista d&#039;Eivissa","isPartOf":{"@id":"https:\/\/www.psib-psoe.org\/eivissa\/#website"},"primaryImageOfPage":{"@id":"https:\/\/www.psib-psoe.org\/eivissa\/el-psoe-denuncia-les-mentides-del-pp-sobre-la-taxa-de-residus-les-pujades-a-tots-els-municipis-i-la-nefasta-gestio-de-la-recollida-son-responsabilitat-dels-seus-alcaldes-i-alcaldesses\/#primaryimage"},"image":{"@id":"https:\/\/www.psib-psoe.org\/eivissa\/el-psoe-denuncia-les-mentides-del-pp-sobre-la-taxa-de-residus-les-pujades-a-tots-els-municipis-i-la-nefasta-gestio-de-la-recollida-son-responsabilitat-dels-seus-alcaldes-i-alcaldesses\/#primaryimage"},"thumbnailUrl":"https:\/\/www.psib-psoe.org\/eivissa\/wp-content\/uploads\/199554b7-c1e1-4610-97ea-8c047f281635-1.jpg","datePublished":"2025-09-03T11:16:27+00:00","dateModified":"2025-09-04T09:57:46+00:00","breadcrumb":{"@id":"https:\/\/www.psib-psoe.org\/eivissa\/el-psoe-denuncia-les-mentides-del-pp-sobre-la-taxa-de-residus-les-pujades-a-tots-els-municipis-i-la-nefasta-gestio-de-la-recollida-son-responsabilitat-dels-seus-alcaldes-i-alcaldesses\/#breadcrumb"},"inLanguage":"ca","potentialAction":[{"@type":"ReadAction","target":["https:\/\/www.psib-psoe.org\/eivissa\/el-psoe-denuncia-les-mentides-del-pp-sobre-la-taxa-de-residus-les-pujades-a-tots-els-municipis-i-la-nefasta-gestio-de-la-recollida-son-responsabilitat-dels-seus-alcaldes-i-alcaldesses\/"]}]},{"@type":"ImageObject","inLanguage":"ca","@id":"https:\/\/www.psib-psoe.org\/eivissa\/el-psoe-denuncia-les-mentides-del-pp-sobre-la-taxa-de-residus-les-pujades-a-tots-els-municipis-i-la-nefasta-gestio-de-la-recollida-son-responsabilitat-dels-seus-alcaldes-i-alcaldesses\/#primaryimage","url":"https:\/\/www.psib-psoe.org\/eivissa\/wp-content\/uploads\/199554b7-c1e1-4610-97ea-8c047f281635-1.jpg","contentUrl":"https:\/\/www.psib-psoe.org\/eivissa\/wp-content\/uploads\/199554b7-c1e1-4610-97ea-8c047f281635-1.jpg","width":1600,"height":1200},{"@type":"BreadcrumbList","@id":"https:\/\/www.psib-psoe.org\/eivissa\/el-psoe-denuncia-les-mentides-del-pp-sobre-la-taxa-de-residus-les-pujades-a-tots-els-municipis-i-la-nefasta-gestio-de-la-recollida-son-responsabilitat-dels-seus-alcaldes-i-alcaldesses\/#breadcrumb","itemListElement":[{"@type":"ListItem","position":1,"name":"Inici","item":"https:\/\/www.psib-psoe.org\/eivissa\/"},{"@type":"ListItem","position":2,"name":"El PSOE denuncia les mentides del PP sobre la taxa de residus: Les pujades a tots els municipis i la nefasta gesti\u00f3 de la recollida s\u00f3n responsabilitat dels seus alcaldes i alcaldesses"}]},{"@type":"WebSite","@id":"https:\/\/www.psib-psoe.org\/eivissa\/#website","url":"https:\/\/www.psib-psoe.org\/eivissa\/","name":"Federaci\u00f3 Socialista d'Eivissa","description":"Socialistes d&#039;Eivissa","publisher":{"@id":"https:\/\/www.psib-psoe.org\/eivissa\/#organization"},"potentialAction":[{"@type":"SearchAction","target":{"@type":"EntryPoint","urlTemplate":"https:\/\/www.psib-psoe.org\/eivissa\/?s={search_term_string}"},"query-input":{"@type":"PropertyValueSpecification","valueRequired":true,"valueName":"search_term_string"}}],"inLanguage":"ca"},{"@type":"Organization","@id":"https:\/\/www.psib-psoe.org\/eivissa\/#organization","name":"Federaci\u00f3 Socialista d'Eivissa","url":"https:\/\/www.psib-psoe.org\/eivissa\/","logo":{"@type":"ImageObject","inLanguage":"ca","@id":"https:\/\/www.psib-psoe.org\/eivissa\/#\/schema\/logo\/image\/","url":"https:\/\/www.psib-psoe.org\/eivissa\/wp-content\/uploads\/LOGO-FSE-SOCIALISTA-DEIVISSA-HORI.png","contentUrl":"https:\/\/www.psib-psoe.org\/eivissa\/wp-content\/uploads\/LOGO-FSE-SOCIALISTA-DEIVISSA-HORI.png","width":6000,"height":3104,"caption":"Federaci\u00f3 Socialista d'Eivissa"},"image":{"@id":"https:\/\/www.psib-psoe.org\/eivissa\/#\/schema\/logo\/image\/"}},{"@type":"Person","@id":"https:\/\/www.psib-psoe.org\/eivissa\/#\/schema\/person\/099ab3ef73a3645a1d7f303518e6ce24","name":"adminpsib","url":"https:\/\/www.psib-psoe.org\/eivissa\/author\/adminpsib\/"}]}},"_links":{"self":[{"href":"https:\/\/www.psib-psoe.org\/eivissa\/wp-json\/wp\/v2\/posts\/41204","targetHints":{"allow":["GET"]}}],"collection":[{"href":"https:\/\/www.psib-psoe.org\/eivissa\/wp-json\/wp\/v2\/posts"}],"about":[{"href":"https:\/\/www.psib-psoe.org\/eivissa\/wp-json\/wp\/v2\/types\/post"}],"author":[{"embeddable":true,"href":"https:\/\/www.psib-psoe.org\/eivissa\/wp-json\/wp\/v2\/users\/1"}],"replies":[{"embeddable":true,"href":"https:\/\/www.psib-psoe.org\/eivissa\/wp-json\/wp\/v2\/comments?post=41204"}],"version-history":[{"count":7,"href":"https:\/\/www.psib-psoe.org\/eivissa\/wp-json\/wp\/v2\/posts\/41204\/revisions"}],"predecessor-version":[{"id":41214,"href":"https:\/\/www.psib-psoe.org\/eivissa\/wp-json\/wp\/v2\/posts\/41204\/revisions\/41214"}],"wp:featuredmedia":[{"embeddable":true,"href":"https:\/\/www.psib-psoe.org\/eivissa\/wp-json\/wp\/v2\/media\/40965"}],"wp:attachment":[{"href":"https:\/\/www.psib-psoe.org\/eivissa\/wp-json\/wp\/v2\/media?parent=41204"}],"wp:term":[{"taxonomy":"category","embeddable":true,"href":"https:\/\/www.psib-psoe.org\/eivissa\/wp-json\/wp\/v2\/categories?post=41204"},{"taxonomy":"post_tag","embeddable":true,"href":"https:\/\/www.psib-psoe.org\/eivissa\/wp-json\/wp\/v2\/tags?post=41204"}],"curies":[{"name":"wp","href":"https:\/\/api.w.org\/{rel}","templated":true}]}}