{"id":41238,"date":"2025-09-13T12:33:51","date_gmt":"2025-09-13T10:33:51","guid":{"rendered":"https:\/\/www.psib-psoe.org\/eivissa\/?p=41238"},"modified":"2025-09-13T12:37:02","modified_gmt":"2025-09-13T10:37:02","slug":"el-psoe-exigeix-a-marcos-serra-la-retirada-immediata-de-la-tanca-xenofoba-i-racista-de-vox-installada-al-camp-de-futbol-de-sant-antoni","status":"publish","type":"post","link":"https:\/\/www.psib-psoe.org\/eivissa\/el-psoe-exigeix-a-marcos-serra-la-retirada-immediata-de-la-tanca-xenofoba-i-racista-de-vox-installada-al-camp-de-futbol-de-sant-antoni\/","title":{"rendered":"El PSOE exigeix a Marcos Serra la retirada immediata de la tanca xen\u00f2foba i racista de VOX instal\u00b7lada en el camp de futbol de Sant Antoni"},"content":{"rendered":"<p>La Federaci\u00f3 Socialista d\u2019Eivissa (FSE-PSOE) vol expressar la seua m\u00e9s absoluta condemna davant la pres\u00e8ncia d\u2019una tanca publicit\u00e0ria de VOX situada en el camp municipal de futbol de Sant Antoni de Portmany amb un missatge xen\u00f2fob i racista que atempta contra la cohesi\u00f3 i la conviv\u00e8ncia a la nostra societat. La mateixa Delegaci\u00f3 del Govern de l\u2019Estat a les Illes Balears ha posat en coneixement de la Fiscalia aquesta campanya de VOX, que han iniciat a totes les illes, per un possible delicte d\u2019odi.\u00a0<\/p>\n<p>En tractar-se d\u2019una instal\u00b7laci\u00f3 esportiva municipal, el Grup Socialista de Sant Antoni exigir\u00e0 a Marcos Serra la retirada immediata de la tanca, situada en una de les parets laterals del camp de futbol, enfront d\u2019una parada de taxis i de l\u2019Estaci\u00f3 d\u2019Autobusos de Sant Antoni.\u00a0<\/p>\n<p>\u00c9s molt greu que l\u2019Ajuntament hagi perm\u00e8s la instal\u00b7laci\u00f3 de la tanca en un espai p\u00fablic on cada dia hi accedeixen molts infants i joves del municipi amb les seues fam\u00edlies, precisament algunes d\u2019elles pertanyents al col\u00b7lectiu que \u00e9s objecte d\u2019aquest atac xen\u00f2fob i racista. En un camp municipal de futbol, on s\u2019haurien de transmetre valors de conviv\u00e8ncia i inclusi\u00f3, no podem acceptar que l\u2019ajuntament permeti la instal\u00b7laci\u00f3 d\u2019una tanca racista i xen\u00f2foba que criminalitza i fomenta l\u2019odi contra una part de la nostra societat.<\/p>\n<p>El PSOE tamb\u00e9 exigeix als m\u00e0xims responsables del Partit Popular a Eivissa, Jos\u00e9 Vicente Mar\u00ed Bos\u00f3 i Vicent Mar\u00ed que es desmarquin p\u00fablicament d\u2019aquesta campanya i rebutgin de manera clara i contundent el discurs de l\u2019odi que fomenta VOX, el seu soci a les Illes Balears i que no permetin la instal\u00b7laci\u00f3 d\u2019aquestes tanques publicit\u00e0ries en cap altre municipi d\u2019Eivissa.<\/p>\n<p>El silenci i la inacci\u00f3 del PP davant aquesta situaci\u00f3 equivaldrien a una complicitat amb la xenof\u00f2bia i el racisme que fomenta el seu soci de govern a les Illes Balears. Si el Partit Popular no comparteix aquestos discursos, t\u00e9 l\u2019obligaci\u00f3 d\u2019actuar, rebutjar-los i condemnar-los p\u00fablicament, com aix\u00ed li exigim que facin tant a Mar\u00ed Bos\u00f3 com a Vicent Mar\u00ed.<\/p>\n<p>Finalment, des de la Federaci\u00f3 Socialista d\u2019Eivissa reclamam a tots els ajuntaments d\u2019Eivissa que revisin la seua normativa sobre espais publicitaris i que actu\u00efn per garantir el respecte als drets i llibertats de tota la ciutadania.\u00a0<\/p>\n","protected":false},"excerpt":{"rendered":"<p>La Federaci\u00f3 Socialista d\u2019Eivissa (FSE-PSOE) vol expressar la seua m\u00e9s absoluta condemna davant la pres\u00e8ncia d\u2019una tanca publicit\u00e0ria de VOX situada en el camp municipal de futbol de Sant Antoni de Portmany amb un missatge xen\u00f2fob i racista que atempta contra la cohesi\u00f3 i la conviv\u00e8ncia a la nostra societat. La mateixa Delegaci\u00f3 del Govern&hellip;<\/p>\n","protected":false},"author":1,"featured_media":41240,"comment_status":"closed","ping_status":"closed","sticky":false,"template":"","format":"standard","meta":{"footnotes":""},"categories":[1,212,234,188],"tags":[],"class_list":["post-41238","post","type-post","status-publish","format-standard","has-post-thumbnail","hentry","category-federacio-de-eivissa-portada","category-fse-psoe","category-municipis","category-sant-antoni-de-portmany"],"yoast_head":"<!-- This site is optimized with the Yoast SEO plugin v26.9 - https:\/\/yoast.com\/product\/yoast-seo-wordpress\/ -->\n<title>El PSOE exigeix a Marcos Serra la retirada immediata de la tanca xen\u00f2foba i racista de VOX instal\u00b7lada en el camp de futbol de Sant Antoni - Federaci\u00f3 Socialista d&#039;Eivissa<\/title>\n<meta name=\"robots\" content=\"index, follow, max-snippet:-1, max-image-preview:large, max-video-preview:-1\" \/>\n<link rel=\"canonical\" href=\"https:\/\/www.psib-psoe.org\/eivissa\/el-psoe-exigeix-a-marcos-serra-la-retirada-immediata-de-la-tanca-xenofoba-i-racista-de-vox-installada-al-camp-de-futbol-de-sant-antoni\/\" \/>\n<meta property=\"og:locale\" content=\"ca_ES\" \/>\n<meta property=\"og:type\" content=\"article\" \/>\n<meta property=\"og:title\" content=\"El PSOE exigeix a Marcos Serra la retirada immediata de la tanca xen\u00f2foba i racista de VOX instal\u00b7lada en el camp de futbol de Sant Antoni - Federaci\u00f3 Socialista d&#039;Eivissa\" \/>\n<meta property=\"og:description\" content=\"La Federaci\u00f3 Socialista d\u2019Eivissa (FSE-PSOE) vol expressar la seua m\u00e9s absoluta condemna davant la pres\u00e8ncia d\u2019una tanca publicit\u00e0ria de VOX situada en el camp municipal de futbol de Sant Antoni de Portmany amb un missatge xen\u00f2fob i racista que atempta contra la cohesi\u00f3 i la conviv\u00e8ncia a la nostra societat. La mateixa Delegaci\u00f3 del Govern&hellip;\" \/>\n<meta property=\"og:url\" content=\"https:\/\/www.psib-psoe.org\/eivissa\/el-psoe-exigeix-a-marcos-serra-la-retirada-immediata-de-la-tanca-xenofoba-i-racista-de-vox-installada-al-camp-de-futbol-de-sant-antoni\/\" \/>\n<meta property=\"og:site_name\" content=\"Federaci\u00f3 Socialista d&#039;Eivissa\" \/>\n<meta property=\"article:published_time\" content=\"2025-09-13T10:33:51+00:00\" \/>\n<meta property=\"article:modified_time\" content=\"2025-09-13T10:37:02+00:00\" \/>\n<meta property=\"og:image\" content=\"https:\/\/www.psib-psoe.org\/eivissa\/wp-content\/uploads\/tanca-xenofoba.jpg\" \/>\n\t<meta property=\"og:image:width\" content=\"1600\" \/>\n\t<meta property=\"og:image:height\" content=\"1200\" \/>\n\t<meta property=\"og:image:type\" content=\"image\/jpeg\" \/>\n<meta name=\"author\" content=\"adminpsib\" \/>\n<meta name=\"twitter:card\" content=\"summary_large_image\" \/>\n<meta name=\"twitter:label1\" content=\"Escrit per\" \/>\n\t<meta name=\"twitter:data1\" content=\"adminpsib\" \/>\n\t<meta name=\"twitter:label2\" content=\"Temps estimat de lectura\" \/>\n\t<meta name=\"twitter:data2\" content=\"2 minuts\" \/>\n<script type=\"application\/ld+json\" class=\"yoast-schema-graph\">{\"@context\":\"https:\/\/schema.org\",\"@graph\":[{\"@type\":[\"Article\",\"BlogPosting\"],\"@id\":\"https:\/\/www.psib-psoe.org\/eivissa\/el-psoe-exigeix-a-marcos-serra-la-retirada-immediata-de-la-tanca-xenofoba-i-racista-de-vox-installada-al-camp-de-futbol-de-sant-antoni\/#article\",\"isPartOf\":{\"@id\":\"https:\/\/www.psib-psoe.org\/eivissa\/el-psoe-exigeix-a-marcos-serra-la-retirada-immediata-de-la-tanca-xenofoba-i-racista-de-vox-installada-al-camp-de-futbol-de-sant-antoni\/\"},\"author\":{\"name\":\"adminpsib\",\"@id\":\"https:\/\/www.psib-psoe.org\/eivissa\/#\/schema\/person\/099ab3ef73a3645a1d7f303518e6ce24\"},\"headline\":\"El PSOE exigeix a Marcos Serra la retirada immediata de la tanca xen\u00f2foba i racista de VOX instal\u00b7lada en el camp de futbol de Sant Antoni\",\"datePublished\":\"2025-09-13T10:33:51+00:00\",\"dateModified\":\"2025-09-13T10:37:02+00:00\",\"mainEntityOfPage\":{\"@id\":\"https:\/\/www.psib-psoe.org\/eivissa\/el-psoe-exigeix-a-marcos-serra-la-retirada-immediata-de-la-tanca-xenofoba-i-racista-de-vox-installada-al-camp-de-futbol-de-sant-antoni\/\"},\"wordCount\":443,\"publisher\":{\"@id\":\"https:\/\/www.psib-psoe.org\/eivissa\/#organization\"},\"image\":{\"@id\":\"https:\/\/www.psib-psoe.org\/eivissa\/el-psoe-exigeix-a-marcos-serra-la-retirada-immediata-de-la-tanca-xenofoba-i-racista-de-vox-installada-al-camp-de-futbol-de-sant-antoni\/#primaryimage\"},\"thumbnailUrl\":\"https:\/\/www.psib-psoe.org\/eivissa\/wp-content\/uploads\/tanca-xenofoba.jpg\",\"articleSection\":[\"Federaci\u00f3 d'Eivissa - Portada\",\"FSE-PSOE\",\"Municipis\",\"Sant Antoni de Portmany\"],\"inLanguage\":\"ca\"},{\"@type\":\"WebPage\",\"@id\":\"https:\/\/www.psib-psoe.org\/eivissa\/el-psoe-exigeix-a-marcos-serra-la-retirada-immediata-de-la-tanca-xenofoba-i-racista-de-vox-installada-al-camp-de-futbol-de-sant-antoni\/\",\"url\":\"https:\/\/www.psib-psoe.org\/eivissa\/el-psoe-exigeix-a-marcos-serra-la-retirada-immediata-de-la-tanca-xenofoba-i-racista-de-vox-installada-al-camp-de-futbol-de-sant-antoni\/\",\"name\":\"El PSOE exigeix a Marcos Serra la retirada immediata de la tanca xen\u00f2foba i racista de VOX instal\u00b7lada en el camp de futbol de Sant Antoni - Federaci\u00f3 Socialista d&#039;Eivissa\",\"isPartOf\":{\"@id\":\"https:\/\/www.psib-psoe.org\/eivissa\/#website\"},\"primaryImageOfPage\":{\"@id\":\"https:\/\/www.psib-psoe.org\/eivissa\/el-psoe-exigeix-a-marcos-serra-la-retirada-immediata-de-la-tanca-xenofoba-i-racista-de-vox-installada-al-camp-de-futbol-de-sant-antoni\/#primaryimage\"},\"image\":{\"@id\":\"https:\/\/www.psib-psoe.org\/eivissa\/el-psoe-exigeix-a-marcos-serra-la-retirada-immediata-de-la-tanca-xenofoba-i-racista-de-vox-installada-al-camp-de-futbol-de-sant-antoni\/#primaryimage\"},\"thumbnailUrl\":\"https:\/\/www.psib-psoe.org\/eivissa\/wp-content\/uploads\/tanca-xenofoba.jpg\",\"datePublished\":\"2025-09-13T10:33:51+00:00\",\"dateModified\":\"2025-09-13T10:37:02+00:00\",\"breadcrumb\":{\"@id\":\"https:\/\/www.psib-psoe.org\/eivissa\/el-psoe-exigeix-a-marcos-serra-la-retirada-immediata-de-la-tanca-xenofoba-i-racista-de-vox-installada-al-camp-de-futbol-de-sant-antoni\/#breadcrumb\"},\"inLanguage\":\"ca\",\"potentialAction\":[{\"@type\":\"ReadAction\",\"target\":[\"https:\/\/www.psib-psoe.org\/eivissa\/el-psoe-exigeix-a-marcos-serra-la-retirada-immediata-de-la-tanca-xenofoba-i-racista-de-vox-installada-al-camp-de-futbol-de-sant-antoni\/\"]}]},{\"@type\":\"ImageObject\",\"inLanguage\":\"ca\",\"@id\":\"https:\/\/www.psib-psoe.org\/eivissa\/el-psoe-exigeix-a-marcos-serra-la-retirada-immediata-de-la-tanca-xenofoba-i-racista-de-vox-installada-al-camp-de-futbol-de-sant-antoni\/#primaryimage\",\"url\":\"https:\/\/www.psib-psoe.org\/eivissa\/wp-content\/uploads\/tanca-xenofoba.jpg\",\"contentUrl\":\"https:\/\/www.psib-psoe.org\/eivissa\/wp-content\/uploads\/tanca-xenofoba.jpg\",\"width\":1600,\"height\":1200},{\"@type\":\"BreadcrumbList\",\"@id\":\"https:\/\/www.psib-psoe.org\/eivissa\/el-psoe-exigeix-a-marcos-serra-la-retirada-immediata-de-la-tanca-xenofoba-i-racista-de-vox-installada-al-camp-de-futbol-de-sant-antoni\/#breadcrumb\",\"itemListElement\":[{\"@type\":\"ListItem\",\"position\":1,\"name\":\"Inici\",\"item\":\"https:\/\/www.psib-psoe.org\/eivissa\/\"},{\"@type\":\"ListItem\",\"position\":2,\"name\":\"El PSOE exigeix a Marcos Serra la retirada immediata de la tanca xen\u00f2foba i racista de VOX instal\u00b7lada en el camp de futbol de Sant Antoni\"}]},{\"@type\":\"WebSite\",\"@id\":\"https:\/\/www.psib-psoe.org\/eivissa\/#website\",\"url\":\"https:\/\/www.psib-psoe.org\/eivissa\/\",\"name\":\"Federaci\u00f3 Socialista d'Eivissa\",\"description\":\"Socialistes d&#039;Eivissa\",\"publisher\":{\"@id\":\"https:\/\/www.psib-psoe.org\/eivissa\/#organization\"},\"potentialAction\":[{\"@type\":\"SearchAction\",\"target\":{\"@type\":\"EntryPoint\",\"urlTemplate\":\"https:\/\/www.psib-psoe.org\/eivissa\/?s={search_term_string}\"},\"query-input\":{\"@type\":\"PropertyValueSpecification\",\"valueRequired\":true,\"valueName\":\"search_term_string\"}}],\"inLanguage\":\"ca\"},{\"@type\":\"Organization\",\"@id\":\"https:\/\/www.psib-psoe.org\/eivissa\/#organization\",\"name\":\"Federaci\u00f3 Socialista d'Eivissa\",\"url\":\"https:\/\/www.psib-psoe.org\/eivissa\/\",\"logo\":{\"@type\":\"ImageObject\",\"inLanguage\":\"ca\",\"@id\":\"https:\/\/www.psib-psoe.org\/eivissa\/#\/schema\/logo\/image\/\",\"url\":\"https:\/\/www.psib-psoe.org\/eivissa\/wp-content\/uploads\/LOGO-FSE-SOCIALISTA-DEIVISSA-HORI.png\",\"contentUrl\":\"https:\/\/www.psib-psoe.org\/eivissa\/wp-content\/uploads\/LOGO-FSE-SOCIALISTA-DEIVISSA-HORI.png\",\"width\":6000,\"height\":3104,\"caption\":\"Federaci\u00f3 Socialista d'Eivissa\"},\"image\":{\"@id\":\"https:\/\/www.psib-psoe.org\/eivissa\/#\/schema\/logo\/image\/\"}},{\"@type\":\"Person\",\"@id\":\"https:\/\/www.psib-psoe.org\/eivissa\/#\/schema\/person\/099ab3ef73a3645a1d7f303518e6ce24\",\"name\":\"adminpsib\",\"url\":\"https:\/\/www.psib-psoe.org\/eivissa\/author\/adminpsib\/\"}]}<\/script>\n<!-- \/ Yoast SEO plugin. -->","yoast_head_json":{"title":"El PSOE exigeix a Marcos Serra la retirada immediata de la tanca xen\u00f2foba i racista de VOX instal\u00b7lada en el camp de futbol de Sant Antoni - Federaci\u00f3 Socialista d&#039;Eivissa","robots":{"index":"index","follow":"follow","max-snippet":"max-snippet:-1","max-image-preview":"max-image-preview:large","max-video-preview":"max-video-preview:-1"},"canonical":"https:\/\/www.psib-psoe.org\/eivissa\/el-psoe-exigeix-a-marcos-serra-la-retirada-immediata-de-la-tanca-xenofoba-i-racista-de-vox-installada-al-camp-de-futbol-de-sant-antoni\/","og_locale":"ca_ES","og_type":"article","og_title":"El PSOE exigeix a Marcos Serra la retirada immediata de la tanca xen\u00f2foba i racista de VOX instal\u00b7lada en el camp de futbol de Sant Antoni - Federaci\u00f3 Socialista d&#039;Eivissa","og_description":"La Federaci\u00f3 Socialista d\u2019Eivissa (FSE-PSOE) vol expressar la seua m\u00e9s absoluta condemna davant la pres\u00e8ncia d\u2019una tanca publicit\u00e0ria de VOX situada en el camp municipal de futbol de Sant Antoni de Portmany amb un missatge xen\u00f2fob i racista que atempta contra la cohesi\u00f3 i la conviv\u00e8ncia a la nostra societat. La mateixa Delegaci\u00f3 del Govern&hellip;","og_url":"https:\/\/www.psib-psoe.org\/eivissa\/el-psoe-exigeix-a-marcos-serra-la-retirada-immediata-de-la-tanca-xenofoba-i-racista-de-vox-installada-al-camp-de-futbol-de-sant-antoni\/","og_site_name":"Federaci\u00f3 Socialista d&#039;Eivissa","article_published_time":"2025-09-13T10:33:51+00:00","article_modified_time":"2025-09-13T10:37:02+00:00","og_image":[{"width":1600,"height":1200,"url":"https:\/\/www.psib-psoe.org\/eivissa\/wp-content\/uploads\/tanca-xenofoba.jpg","type":"image\/jpeg"}],"author":"adminpsib","twitter_card":"summary_large_image","twitter_misc":{"Escrit per":"adminpsib","Temps estimat de lectura":"2 minuts"},"schema":{"@context":"https:\/\/schema.org","@graph":[{"@type":["Article","BlogPosting"],"@id":"https:\/\/www.psib-psoe.org\/eivissa\/el-psoe-exigeix-a-marcos-serra-la-retirada-immediata-de-la-tanca-xenofoba-i-racista-de-vox-installada-al-camp-de-futbol-de-sant-antoni\/#article","isPartOf":{"@id":"https:\/\/www.psib-psoe.org\/eivissa\/el-psoe-exigeix-a-marcos-serra-la-retirada-immediata-de-la-tanca-xenofoba-i-racista-de-vox-installada-al-camp-de-futbol-de-sant-antoni\/"},"author":{"name":"adminpsib","@id":"https:\/\/www.psib-psoe.org\/eivissa\/#\/schema\/person\/099ab3ef73a3645a1d7f303518e6ce24"},"headline":"El PSOE exigeix a Marcos Serra la retirada immediata de la tanca xen\u00f2foba i racista de VOX instal\u00b7lada en el camp de futbol de Sant Antoni","datePublished":"2025-09-13T10:33:51+00:00","dateModified":"2025-09-13T10:37:02+00:00","mainEntityOfPage":{"@id":"https:\/\/www.psib-psoe.org\/eivissa\/el-psoe-exigeix-a-marcos-serra-la-retirada-immediata-de-la-tanca-xenofoba-i-racista-de-vox-installada-al-camp-de-futbol-de-sant-antoni\/"},"wordCount":443,"publisher":{"@id":"https:\/\/www.psib-psoe.org\/eivissa\/#organization"},"image":{"@id":"https:\/\/www.psib-psoe.org\/eivissa\/el-psoe-exigeix-a-marcos-serra-la-retirada-immediata-de-la-tanca-xenofoba-i-racista-de-vox-installada-al-camp-de-futbol-de-sant-antoni\/#primaryimage"},"thumbnailUrl":"https:\/\/www.psib-psoe.org\/eivissa\/wp-content\/uploads\/tanca-xenofoba.jpg","articleSection":["Federaci\u00f3 d'Eivissa - Portada","FSE-PSOE","Municipis","Sant Antoni de Portmany"],"inLanguage":"ca"},{"@type":"WebPage","@id":"https:\/\/www.psib-psoe.org\/eivissa\/el-psoe-exigeix-a-marcos-serra-la-retirada-immediata-de-la-tanca-xenofoba-i-racista-de-vox-installada-al-camp-de-futbol-de-sant-antoni\/","url":"https:\/\/www.psib-psoe.org\/eivissa\/el-psoe-exigeix-a-marcos-serra-la-retirada-immediata-de-la-tanca-xenofoba-i-racista-de-vox-installada-al-camp-de-futbol-de-sant-antoni\/","name":"El PSOE exigeix a Marcos Serra la retirada immediata de la tanca xen\u00f2foba i racista de VOX instal\u00b7lada en el camp de futbol de Sant Antoni - Federaci\u00f3 Socialista d&#039;Eivissa","isPartOf":{"@id":"https:\/\/www.psib-psoe.org\/eivissa\/#website"},"primaryImageOfPage":{"@id":"https:\/\/www.psib-psoe.org\/eivissa\/el-psoe-exigeix-a-marcos-serra-la-retirada-immediata-de-la-tanca-xenofoba-i-racista-de-vox-installada-al-camp-de-futbol-de-sant-antoni\/#primaryimage"},"image":{"@id":"https:\/\/www.psib-psoe.org\/eivissa\/el-psoe-exigeix-a-marcos-serra-la-retirada-immediata-de-la-tanca-xenofoba-i-racista-de-vox-installada-al-camp-de-futbol-de-sant-antoni\/#primaryimage"},"thumbnailUrl":"https:\/\/www.psib-psoe.org\/eivissa\/wp-content\/uploads\/tanca-xenofoba.jpg","datePublished":"2025-09-13T10:33:51+00:00","dateModified":"2025-09-13T10:37:02+00:00","breadcrumb":{"@id":"https:\/\/www.psib-psoe.org\/eivissa\/el-psoe-exigeix-a-marcos-serra-la-retirada-immediata-de-la-tanca-xenofoba-i-racista-de-vox-installada-al-camp-de-futbol-de-sant-antoni\/#breadcrumb"},"inLanguage":"ca","potentialAction":[{"@type":"ReadAction","target":["https:\/\/www.psib-psoe.org\/eivissa\/el-psoe-exigeix-a-marcos-serra-la-retirada-immediata-de-la-tanca-xenofoba-i-racista-de-vox-installada-al-camp-de-futbol-de-sant-antoni\/"]}]},{"@type":"ImageObject","inLanguage":"ca","@id":"https:\/\/www.psib-psoe.org\/eivissa\/el-psoe-exigeix-a-marcos-serra-la-retirada-immediata-de-la-tanca-xenofoba-i-racista-de-vox-installada-al-camp-de-futbol-de-sant-antoni\/#primaryimage","url":"https:\/\/www.psib-psoe.org\/eivissa\/wp-content\/uploads\/tanca-xenofoba.jpg","contentUrl":"https:\/\/www.psib-psoe.org\/eivissa\/wp-content\/uploads\/tanca-xenofoba.jpg","width":1600,"height":1200},{"@type":"BreadcrumbList","@id":"https:\/\/www.psib-psoe.org\/eivissa\/el-psoe-exigeix-a-marcos-serra-la-retirada-immediata-de-la-tanca-xenofoba-i-racista-de-vox-installada-al-camp-de-futbol-de-sant-antoni\/#breadcrumb","itemListElement":[{"@type":"ListItem","position":1,"name":"Inici","item":"https:\/\/www.psib-psoe.org\/eivissa\/"},{"@type":"ListItem","position":2,"name":"El PSOE exigeix a Marcos Serra la retirada immediata de la tanca xen\u00f2foba i racista de VOX instal\u00b7lada en el camp de futbol de Sant Antoni"}]},{"@type":"WebSite","@id":"https:\/\/www.psib-psoe.org\/eivissa\/#website","url":"https:\/\/www.psib-psoe.org\/eivissa\/","name":"Federaci\u00f3 Socialista d'Eivissa","description":"Socialistes d&#039;Eivissa","publisher":{"@id":"https:\/\/www.psib-psoe.org\/eivissa\/#organization"},"potentialAction":[{"@type":"SearchAction","target":{"@type":"EntryPoint","urlTemplate":"https:\/\/www.psib-psoe.org\/eivissa\/?s={search_term_string}"},"query-input":{"@type":"PropertyValueSpecification","valueRequired":true,"valueName":"search_term_string"}}],"inLanguage":"ca"},{"@type":"Organization","@id":"https:\/\/www.psib-psoe.org\/eivissa\/#organization","name":"Federaci\u00f3 Socialista d'Eivissa","url":"https:\/\/www.psib-psoe.org\/eivissa\/","logo":{"@type":"ImageObject","inLanguage":"ca","@id":"https:\/\/www.psib-psoe.org\/eivissa\/#\/schema\/logo\/image\/","url":"https:\/\/www.psib-psoe.org\/eivissa\/wp-content\/uploads\/LOGO-FSE-SOCIALISTA-DEIVISSA-HORI.png","contentUrl":"https:\/\/www.psib-psoe.org\/eivissa\/wp-content\/uploads\/LOGO-FSE-SOCIALISTA-DEIVISSA-HORI.png","width":6000,"height":3104,"caption":"Federaci\u00f3 Socialista d'Eivissa"},"image":{"@id":"https:\/\/www.psib-psoe.org\/eivissa\/#\/schema\/logo\/image\/"}},{"@type":"Person","@id":"https:\/\/www.psib-psoe.org\/eivissa\/#\/schema\/person\/099ab3ef73a3645a1d7f303518e6ce24","name":"adminpsib","url":"https:\/\/www.psib-psoe.org\/eivissa\/author\/adminpsib\/"}]}},"_links":{"self":[{"href":"https:\/\/www.psib-psoe.org\/eivissa\/wp-json\/wp\/v2\/posts\/41238","targetHints":{"allow":["GET"]}}],"collection":[{"href":"https:\/\/www.psib-psoe.org\/eivissa\/wp-json\/wp\/v2\/posts"}],"about":[{"href":"https:\/\/www.psib-psoe.org\/eivissa\/wp-json\/wp\/v2\/types\/post"}],"author":[{"embeddable":true,"href":"https:\/\/www.psib-psoe.org\/eivissa\/wp-json\/wp\/v2\/users\/1"}],"replies":[{"embeddable":true,"href":"https:\/\/www.psib-psoe.org\/eivissa\/wp-json\/wp\/v2\/comments?post=41238"}],"version-history":[{"count":4,"href":"https:\/\/www.psib-psoe.org\/eivissa\/wp-json\/wp\/v2\/posts\/41238\/revisions"}],"predecessor-version":[{"id":41244,"href":"https:\/\/www.psib-psoe.org\/eivissa\/wp-json\/wp\/v2\/posts\/41238\/revisions\/41244"}],"wp:featuredmedia":[{"embeddable":true,"href":"https:\/\/www.psib-psoe.org\/eivissa\/wp-json\/wp\/v2\/media\/41240"}],"wp:attachment":[{"href":"https:\/\/www.psib-psoe.org\/eivissa\/wp-json\/wp\/v2\/media?parent=41238"}],"wp:term":[{"taxonomy":"category","embeddable":true,"href":"https:\/\/www.psib-psoe.org\/eivissa\/wp-json\/wp\/v2\/categories?post=41238"},{"taxonomy":"post_tag","embeddable":true,"href":"https:\/\/www.psib-psoe.org\/eivissa\/wp-json\/wp\/v2\/tags?post=41238"}],"curies":[{"name":"wp","href":"https:\/\/api.w.org\/{rel}","templated":true}]}}