{"id":41334,"date":"2025-10-06T13:24:19","date_gmt":"2025-10-06T11:24:19","guid":{"rendered":"https:\/\/www.psib-psoe.org\/eivissa\/?p=41334"},"modified":"2025-10-06T13:27:36","modified_gmt":"2025-10-06T11:27:36","slug":"el-psoe-demana-a-vicent-mari-la-creacio-duna-oficina-datencio-a-les-persones-afectades-per-les-inundacions-i-linies-dajudes-per-part-de-les-administracions-balear-insular-i","status":"publish","type":"post","link":"https:\/\/www.psib-psoe.org\/eivissa\/el-psoe-demana-a-vicent-mari-la-creacio-duna-oficina-datencio-a-les-persones-afectades-per-les-inundacions-i-linies-dajudes-per-part-de-les-administracions-balear-insular-i\/","title":{"rendered":"El PSOE demana a Vicent Mar\u00ed la creaci\u00f3 d\u2019una Oficina d\u2019atenci\u00f3 a les persones afectades per les inundacions i l\u00ednies d\u2019ajudes per part de les administracions balear, insular i municipals"},"content":{"rendered":"<p>El Grup PSOE demana al Consell Insular d\u2019Eivissa la creaci\u00f3 urgent d\u2019una Oficina d\u2019atenci\u00f3 a les persones i empreses afectades per les inundacions, amb l\u2019objectiu de centralitzar tota la informaci\u00f3 i el suport necessari per a la tramitaci\u00f3 de reclamacions i ajudes.<\/p>\n<p>La portaveu del PSOE, Elena L\u00f3pez Bonet, ha explicat que la magnitud dels danys soferts per les inundacions \u201crequereix una resposta coordinada i \u00e0gil per part de totes les institucions\u201d. Per aix\u00f2, \u201c\u00e9s fonamental que el Consell Insular, com a govern de l\u2019illa, assumeixi un paper actiu en l\u2019atenci\u00f3 a la ciutadania\u201d. <\/p>\n<p>Aquesta oficina hauria de funcionar com una finestreta \u00fanica on les persones i empreses puguin trobar tota la informaci\u00f3 i assist\u00e8ncia t\u00e8cnica necess\u00e0ria per recuperar-se de les p\u00e8rdues i restablir amb normalitat la seua activitat.<\/p>\n<p>\u201cEn moments de dificultat com aquest, les institucions han d\u2019estar al costat de la gent, facilitant la informaci\u00f3 i reduint la burocr\u00e0cia, perqu\u00e8 el m\u00e9s important \u00e9s que les persones i les empreses puguin rebre els ajuts de manera r\u00e0pida i efectiva\u201d, ha assenyalat la portaveu socialista al Consell d\u2019Eivissa.<\/p>\n<p>El PSOE ha recordat que moltes fam\u00edlies i empreses han patit danys materials importants en habitatges, vehicles, locals, magatzems i altres b\u00e9ns, aix\u00ed com p\u00e8rdues en les seues activitats econ\u00f2miques, especialment en el sector serveis, per\u00f2 tamb\u00e9 en l\u2019industrial i en el primari. \u201cNo es tracta nom\u00e9s de reparar els danys i de recuperar la normalitat, sin\u00f3 d\u2019acompanyar a totes les persones afectades, donant seguretat i acompanyament a la ciutadania en tots els tr\u00e0mits\u201d. <\/p>\n<p>A m\u00e9s de l\u2019oficina d\u2019atenci\u00f3 i de les ajudes que arribaran per part del Govern d\u2019Espanya a trav\u00e9s de la declaraci\u00f3 de zona afectada greument per una emerg\u00e8ncia, el PSOE demanar\u00e0 que tant el Govern de les Illes Balears com el Consell Insular i els ajuntaments impulsin l\u00ednies pr\u00f2pies de suport per complementar els recursos estatals. Aquestes l\u00ednies haurien d\u2019incloure ajudes directes, exempcions o reduccions fiscals, aix\u00ed com mesures de suport espec\u00edfiques per als sectors m\u00e9s perjudicats.<\/p>\n<p>Finalment, el PSOE ha subratllat la import\u00e0ncia de treballar de manera conjunta i coordinada entre totes les administracions per garantir una resposta r\u00e0pida i efica\u00e7 a la ciutadania. \u201cAquestes inundacions han mostrat la vulnerabilitat de la nostra illa davant fen\u00f2mens meteorol\u00f2gics extrems, que per desgr\u00e0cia cada volta seran m\u00e9s habituals. Hem d\u2019actuar immediatament per ajudar les persones afectades, per\u00f2 tamb\u00e9 s\u2019han de planificar mesures de prevenci\u00f3 i protecci\u00f3 per al futur\u201d, ha insistit la portaveu socialista.<\/p>\n<p>Aix\u00ed, el Grup PSOE continuar\u00e0 exigint a Marga Prohens i Vicent Mar\u00ed \u201caturar aquest model territorial del PP que prima el creixement tur\u00edstic i urban\u00edstic per damunt de la seguretat de les persones\u201d i que ha deixat a la nostra illa \u201cferides irreparables com les desastroses autopistes que va fer Jaume Matas\u201d.<\/p>\n","protected":false},"excerpt":{"rendered":"<p>El Grup PSOE demana al Consell Insular d\u2019Eivissa la creaci\u00f3 urgent d\u2019una Oficina d\u2019atenci\u00f3 a les persones i empreses afectades per les inundacions, amb l\u2019objectiu de centralitzar tota la informaci\u00f3 i el suport necessari per a la tramitaci\u00f3 de reclamacions i ajudes. La portaveu del PSOE, Elena L\u00f3pez Bonet, ha explicat que la magnitud dels&hellip;<\/p>\n","protected":false},"author":1,"featured_media":41341,"comment_status":"closed","ping_status":"closed","sticky":false,"template":"","format":"standard","meta":{"footnotes":""},"categories":[192,1,191,234],"tags":[],"class_list":["post-41334","post","type-post","status-publish","format-standard","has-post-thumbnail","hentry","category-consell-deivissa","category-federacio-de-eivissa-portada","category-govern-de-les-illes-balears-parlament","category-municipis"],"yoast_head":"<!-- This site is optimized with the Yoast SEO plugin v26.9 - https:\/\/yoast.com\/product\/yoast-seo-wordpress\/ -->\n<title>El PSOE demana a Vicent Mar\u00ed la creaci\u00f3 d\u2019una Oficina d\u2019atenci\u00f3 a les persones afectades per les inundacions i l\u00ednies d\u2019ajudes per part de les administracions balear, insular i municipals - Federaci\u00f3 Socialista d&#039;Eivissa<\/title>\n<meta name=\"robots\" content=\"index, follow, max-snippet:-1, max-image-preview:large, max-video-preview:-1\" \/>\n<link rel=\"canonical\" href=\"https:\/\/www.psib-psoe.org\/eivissa\/el-psoe-demana-a-vicent-mari-la-creacio-duna-oficina-datencio-a-les-persones-afectades-per-les-inundacions-i-linies-dajudes-per-part-de-les-administracions-balear-insular-i\/\" \/>\n<meta property=\"og:locale\" content=\"ca_ES\" \/>\n<meta property=\"og:type\" content=\"article\" \/>\n<meta property=\"og:title\" content=\"El PSOE demana a Vicent Mar\u00ed la creaci\u00f3 d\u2019una Oficina d\u2019atenci\u00f3 a les persones afectades per les inundacions i l\u00ednies d\u2019ajudes per part de les administracions balear, insular i municipals - Federaci\u00f3 Socialista d&#039;Eivissa\" \/>\n<meta property=\"og:description\" content=\"El Grup PSOE demana al Consell Insular d\u2019Eivissa la creaci\u00f3 urgent d\u2019una Oficina d\u2019atenci\u00f3 a les persones i empreses afectades per les inundacions, amb l\u2019objectiu de centralitzar tota la informaci\u00f3 i el suport necessari per a la tramitaci\u00f3 de reclamacions i ajudes. La portaveu del PSOE, Elena L\u00f3pez Bonet, ha explicat que la magnitud dels&hellip;\" \/>\n<meta property=\"og:url\" content=\"https:\/\/www.psib-psoe.org\/eivissa\/el-psoe-demana-a-vicent-mari-la-creacio-duna-oficina-datencio-a-les-persones-afectades-per-les-inundacions-i-linies-dajudes-per-part-de-les-administracions-balear-insular-i\/\" \/>\n<meta property=\"og:site_name\" content=\"Federaci\u00f3 Socialista d&#039;Eivissa\" \/>\n<meta property=\"article:published_time\" content=\"2025-10-06T11:24:19+00:00\" \/>\n<meta property=\"article:modified_time\" content=\"2025-10-06T11:27:36+00:00\" \/>\n<meta property=\"og:image\" content=\"https:\/\/www.psib-psoe.org\/eivissa\/wp-content\/uploads\/08373e01-c27c-4bab-a25e-7a6f8036acb9-1.jpg\" \/>\n\t<meta property=\"og:image:width\" content=\"1125\" \/>\n\t<meta property=\"og:image:height\" content=\"1126\" \/>\n\t<meta property=\"og:image:type\" content=\"image\/jpeg\" \/>\n<meta name=\"author\" content=\"adminpsib\" \/>\n<meta name=\"twitter:card\" content=\"summary_large_image\" \/>\n<meta name=\"twitter:label1\" content=\"Escrit per\" \/>\n\t<meta name=\"twitter:data1\" content=\"adminpsib\" \/>\n\t<meta name=\"twitter:label2\" content=\"Temps estimat de lectura\" \/>\n\t<meta name=\"twitter:data2\" content=\"3 minuts\" \/>\n<script type=\"application\/ld+json\" class=\"yoast-schema-graph\">{\"@context\":\"https:\/\/schema.org\",\"@graph\":[{\"@type\":[\"Article\",\"BlogPosting\"],\"@id\":\"https:\/\/www.psib-psoe.org\/eivissa\/el-psoe-demana-a-vicent-mari-la-creacio-duna-oficina-datencio-a-les-persones-afectades-per-les-inundacions-i-linies-dajudes-per-part-de-les-administracions-balear-insular-i\/#article\",\"isPartOf\":{\"@id\":\"https:\/\/www.psib-psoe.org\/eivissa\/el-psoe-demana-a-vicent-mari-la-creacio-duna-oficina-datencio-a-les-persones-afectades-per-les-inundacions-i-linies-dajudes-per-part-de-les-administracions-balear-insular-i\/\"},\"author\":{\"name\":\"adminpsib\",\"@id\":\"https:\/\/www.psib-psoe.org\/eivissa\/#\/schema\/person\/099ab3ef73a3645a1d7f303518e6ce24\"},\"headline\":\"El PSOE demana a Vicent Mar\u00ed la creaci\u00f3 d\u2019una Oficina d\u2019atenci\u00f3 a les persones afectades per les inundacions i l\u00ednies d\u2019ajudes per part de les administracions balear, insular i municipals\",\"datePublished\":\"2025-10-06T11:24:19+00:00\",\"dateModified\":\"2025-10-06T11:27:36+00:00\",\"mainEntityOfPage\":{\"@id\":\"https:\/\/www.psib-psoe.org\/eivissa\/el-psoe-demana-a-vicent-mari-la-creacio-duna-oficina-datencio-a-les-persones-afectades-per-les-inundacions-i-linies-dajudes-per-part-de-les-administracions-balear-insular-i\/\"},\"wordCount\":538,\"publisher\":{\"@id\":\"https:\/\/www.psib-psoe.org\/eivissa\/#organization\"},\"image\":{\"@id\":\"https:\/\/www.psib-psoe.org\/eivissa\/el-psoe-demana-a-vicent-mari-la-creacio-duna-oficina-datencio-a-les-persones-afectades-per-les-inundacions-i-linies-dajudes-per-part-de-les-administracions-balear-insular-i\/#primaryimage\"},\"thumbnailUrl\":\"https:\/\/www.psib-psoe.org\/eivissa\/wp-content\/uploads\/08373e01-c27c-4bab-a25e-7a6f8036acb9-1.jpg\",\"articleSection\":[\"Consell d'Eivissa\",\"Federaci\u00f3 d'Eivissa - Portada\",\"Govern de les Illes Balears - Parlament - PSIB-PSOE\",\"Municipis\"],\"inLanguage\":\"ca\"},{\"@type\":\"WebPage\",\"@id\":\"https:\/\/www.psib-psoe.org\/eivissa\/el-psoe-demana-a-vicent-mari-la-creacio-duna-oficina-datencio-a-les-persones-afectades-per-les-inundacions-i-linies-dajudes-per-part-de-les-administracions-balear-insular-i\/\",\"url\":\"https:\/\/www.psib-psoe.org\/eivissa\/el-psoe-demana-a-vicent-mari-la-creacio-duna-oficina-datencio-a-les-persones-afectades-per-les-inundacions-i-linies-dajudes-per-part-de-les-administracions-balear-insular-i\/\",\"name\":\"El PSOE demana a Vicent Mar\u00ed la creaci\u00f3 d\u2019una Oficina d\u2019atenci\u00f3 a les persones afectades per les inundacions i l\u00ednies d\u2019ajudes per part de les administracions balear, insular i municipals - Federaci\u00f3 Socialista d&#039;Eivissa\",\"isPartOf\":{\"@id\":\"https:\/\/www.psib-psoe.org\/eivissa\/#website\"},\"primaryImageOfPage\":{\"@id\":\"https:\/\/www.psib-psoe.org\/eivissa\/el-psoe-demana-a-vicent-mari-la-creacio-duna-oficina-datencio-a-les-persones-afectades-per-les-inundacions-i-linies-dajudes-per-part-de-les-administracions-balear-insular-i\/#primaryimage\"},\"image\":{\"@id\":\"https:\/\/www.psib-psoe.org\/eivissa\/el-psoe-demana-a-vicent-mari-la-creacio-duna-oficina-datencio-a-les-persones-afectades-per-les-inundacions-i-linies-dajudes-per-part-de-les-administracions-balear-insular-i\/#primaryimage\"},\"thumbnailUrl\":\"https:\/\/www.psib-psoe.org\/eivissa\/wp-content\/uploads\/08373e01-c27c-4bab-a25e-7a6f8036acb9-1.jpg\",\"datePublished\":\"2025-10-06T11:24:19+00:00\",\"dateModified\":\"2025-10-06T11:27:36+00:00\",\"breadcrumb\":{\"@id\":\"https:\/\/www.psib-psoe.org\/eivissa\/el-psoe-demana-a-vicent-mari-la-creacio-duna-oficina-datencio-a-les-persones-afectades-per-les-inundacions-i-linies-dajudes-per-part-de-les-administracions-balear-insular-i\/#breadcrumb\"},\"inLanguage\":\"ca\",\"potentialAction\":[{\"@type\":\"ReadAction\",\"target\":[\"https:\/\/www.psib-psoe.org\/eivissa\/el-psoe-demana-a-vicent-mari-la-creacio-duna-oficina-datencio-a-les-persones-afectades-per-les-inundacions-i-linies-dajudes-per-part-de-les-administracions-balear-insular-i\/\"]}]},{\"@type\":\"ImageObject\",\"inLanguage\":\"ca\",\"@id\":\"https:\/\/www.psib-psoe.org\/eivissa\/el-psoe-demana-a-vicent-mari-la-creacio-duna-oficina-datencio-a-les-persones-afectades-per-les-inundacions-i-linies-dajudes-per-part-de-les-administracions-balear-insular-i\/#primaryimage\",\"url\":\"https:\/\/www.psib-psoe.org\/eivissa\/wp-content\/uploads\/08373e01-c27c-4bab-a25e-7a6f8036acb9-1.jpg\",\"contentUrl\":\"https:\/\/www.psib-psoe.org\/eivissa\/wp-content\/uploads\/08373e01-c27c-4bab-a25e-7a6f8036acb9-1.jpg\",\"width\":1125,\"height\":1126},{\"@type\":\"BreadcrumbList\",\"@id\":\"https:\/\/www.psib-psoe.org\/eivissa\/el-psoe-demana-a-vicent-mari-la-creacio-duna-oficina-datencio-a-les-persones-afectades-per-les-inundacions-i-linies-dajudes-per-part-de-les-administracions-balear-insular-i\/#breadcrumb\",\"itemListElement\":[{\"@type\":\"ListItem\",\"position\":1,\"name\":\"Inici\",\"item\":\"https:\/\/www.psib-psoe.org\/eivissa\/\"},{\"@type\":\"ListItem\",\"position\":2,\"name\":\"El PSOE demana a Vicent Mar\u00ed la creaci\u00f3 d\u2019una Oficina d\u2019atenci\u00f3 a les persones afectades per les inundacions i l\u00ednies d\u2019ajudes per part de les administracions balear, insular i municipals\"}]},{\"@type\":\"WebSite\",\"@id\":\"https:\/\/www.psib-psoe.org\/eivissa\/#website\",\"url\":\"https:\/\/www.psib-psoe.org\/eivissa\/\",\"name\":\"Federaci\u00f3 Socialista d'Eivissa\",\"description\":\"Socialistes d&#039;Eivissa\",\"publisher\":{\"@id\":\"https:\/\/www.psib-psoe.org\/eivissa\/#organization\"},\"potentialAction\":[{\"@type\":\"SearchAction\",\"target\":{\"@type\":\"EntryPoint\",\"urlTemplate\":\"https:\/\/www.psib-psoe.org\/eivissa\/?s={search_term_string}\"},\"query-input\":{\"@type\":\"PropertyValueSpecification\",\"valueRequired\":true,\"valueName\":\"search_term_string\"}}],\"inLanguage\":\"ca\"},{\"@type\":\"Organization\",\"@id\":\"https:\/\/www.psib-psoe.org\/eivissa\/#organization\",\"name\":\"Federaci\u00f3 Socialista d'Eivissa\",\"url\":\"https:\/\/www.psib-psoe.org\/eivissa\/\",\"logo\":{\"@type\":\"ImageObject\",\"inLanguage\":\"ca\",\"@id\":\"https:\/\/www.psib-psoe.org\/eivissa\/#\/schema\/logo\/image\/\",\"url\":\"https:\/\/www.psib-psoe.org\/eivissa\/wp-content\/uploads\/LOGO-FSE-SOCIALISTA-DEIVISSA-HORI.png\",\"contentUrl\":\"https:\/\/www.psib-psoe.org\/eivissa\/wp-content\/uploads\/LOGO-FSE-SOCIALISTA-DEIVISSA-HORI.png\",\"width\":6000,\"height\":3104,\"caption\":\"Federaci\u00f3 Socialista d'Eivissa\"},\"image\":{\"@id\":\"https:\/\/www.psib-psoe.org\/eivissa\/#\/schema\/logo\/image\/\"}},{\"@type\":\"Person\",\"@id\":\"https:\/\/www.psib-psoe.org\/eivissa\/#\/schema\/person\/099ab3ef73a3645a1d7f303518e6ce24\",\"name\":\"adminpsib\",\"url\":\"https:\/\/www.psib-psoe.org\/eivissa\/author\/adminpsib\/\"}]}<\/script>\n<!-- \/ Yoast SEO plugin. -->","yoast_head_json":{"title":"El PSOE demana a Vicent Mar\u00ed la creaci\u00f3 d\u2019una Oficina d\u2019atenci\u00f3 a les persones afectades per les inundacions i l\u00ednies d\u2019ajudes per part de les administracions balear, insular i municipals - Federaci\u00f3 Socialista d&#039;Eivissa","robots":{"index":"index","follow":"follow","max-snippet":"max-snippet:-1","max-image-preview":"max-image-preview:large","max-video-preview":"max-video-preview:-1"},"canonical":"https:\/\/www.psib-psoe.org\/eivissa\/el-psoe-demana-a-vicent-mari-la-creacio-duna-oficina-datencio-a-les-persones-afectades-per-les-inundacions-i-linies-dajudes-per-part-de-les-administracions-balear-insular-i\/","og_locale":"ca_ES","og_type":"article","og_title":"El PSOE demana a Vicent Mar\u00ed la creaci\u00f3 d\u2019una Oficina d\u2019atenci\u00f3 a les persones afectades per les inundacions i l\u00ednies d\u2019ajudes per part de les administracions balear, insular i municipals - Federaci\u00f3 Socialista d&#039;Eivissa","og_description":"El Grup PSOE demana al Consell Insular d\u2019Eivissa la creaci\u00f3 urgent d\u2019una Oficina d\u2019atenci\u00f3 a les persones i empreses afectades per les inundacions, amb l\u2019objectiu de centralitzar tota la informaci\u00f3 i el suport necessari per a la tramitaci\u00f3 de reclamacions i ajudes. La portaveu del PSOE, Elena L\u00f3pez Bonet, ha explicat que la magnitud dels&hellip;","og_url":"https:\/\/www.psib-psoe.org\/eivissa\/el-psoe-demana-a-vicent-mari-la-creacio-duna-oficina-datencio-a-les-persones-afectades-per-les-inundacions-i-linies-dajudes-per-part-de-les-administracions-balear-insular-i\/","og_site_name":"Federaci\u00f3 Socialista d&#039;Eivissa","article_published_time":"2025-10-06T11:24:19+00:00","article_modified_time":"2025-10-06T11:27:36+00:00","og_image":[{"width":1125,"height":1126,"url":"https:\/\/www.psib-psoe.org\/eivissa\/wp-content\/uploads\/08373e01-c27c-4bab-a25e-7a6f8036acb9-1.jpg","type":"image\/jpeg"}],"author":"adminpsib","twitter_card":"summary_large_image","twitter_misc":{"Escrit per":"adminpsib","Temps estimat de lectura":"3 minuts"},"schema":{"@context":"https:\/\/schema.org","@graph":[{"@type":["Article","BlogPosting"],"@id":"https:\/\/www.psib-psoe.org\/eivissa\/el-psoe-demana-a-vicent-mari-la-creacio-duna-oficina-datencio-a-les-persones-afectades-per-les-inundacions-i-linies-dajudes-per-part-de-les-administracions-balear-insular-i\/#article","isPartOf":{"@id":"https:\/\/www.psib-psoe.org\/eivissa\/el-psoe-demana-a-vicent-mari-la-creacio-duna-oficina-datencio-a-les-persones-afectades-per-les-inundacions-i-linies-dajudes-per-part-de-les-administracions-balear-insular-i\/"},"author":{"name":"adminpsib","@id":"https:\/\/www.psib-psoe.org\/eivissa\/#\/schema\/person\/099ab3ef73a3645a1d7f303518e6ce24"},"headline":"El PSOE demana a Vicent Mar\u00ed la creaci\u00f3 d\u2019una Oficina d\u2019atenci\u00f3 a les persones afectades per les inundacions i l\u00ednies d\u2019ajudes per part de les administracions balear, insular i municipals","datePublished":"2025-10-06T11:24:19+00:00","dateModified":"2025-10-06T11:27:36+00:00","mainEntityOfPage":{"@id":"https:\/\/www.psib-psoe.org\/eivissa\/el-psoe-demana-a-vicent-mari-la-creacio-duna-oficina-datencio-a-les-persones-afectades-per-les-inundacions-i-linies-dajudes-per-part-de-les-administracions-balear-insular-i\/"},"wordCount":538,"publisher":{"@id":"https:\/\/www.psib-psoe.org\/eivissa\/#organization"},"image":{"@id":"https:\/\/www.psib-psoe.org\/eivissa\/el-psoe-demana-a-vicent-mari-la-creacio-duna-oficina-datencio-a-les-persones-afectades-per-les-inundacions-i-linies-dajudes-per-part-de-les-administracions-balear-insular-i\/#primaryimage"},"thumbnailUrl":"https:\/\/www.psib-psoe.org\/eivissa\/wp-content\/uploads\/08373e01-c27c-4bab-a25e-7a6f8036acb9-1.jpg","articleSection":["Consell d'Eivissa","Federaci\u00f3 d'Eivissa - Portada","Govern de les Illes Balears - Parlament - PSIB-PSOE","Municipis"],"inLanguage":"ca"},{"@type":"WebPage","@id":"https:\/\/www.psib-psoe.org\/eivissa\/el-psoe-demana-a-vicent-mari-la-creacio-duna-oficina-datencio-a-les-persones-afectades-per-les-inundacions-i-linies-dajudes-per-part-de-les-administracions-balear-insular-i\/","url":"https:\/\/www.psib-psoe.org\/eivissa\/el-psoe-demana-a-vicent-mari-la-creacio-duna-oficina-datencio-a-les-persones-afectades-per-les-inundacions-i-linies-dajudes-per-part-de-les-administracions-balear-insular-i\/","name":"El PSOE demana a Vicent Mar\u00ed la creaci\u00f3 d\u2019una Oficina d\u2019atenci\u00f3 a les persones afectades per les inundacions i l\u00ednies d\u2019ajudes per part de les administracions balear, insular i municipals - Federaci\u00f3 Socialista d&#039;Eivissa","isPartOf":{"@id":"https:\/\/www.psib-psoe.org\/eivissa\/#website"},"primaryImageOfPage":{"@id":"https:\/\/www.psib-psoe.org\/eivissa\/el-psoe-demana-a-vicent-mari-la-creacio-duna-oficina-datencio-a-les-persones-afectades-per-les-inundacions-i-linies-dajudes-per-part-de-les-administracions-balear-insular-i\/#primaryimage"},"image":{"@id":"https:\/\/www.psib-psoe.org\/eivissa\/el-psoe-demana-a-vicent-mari-la-creacio-duna-oficina-datencio-a-les-persones-afectades-per-les-inundacions-i-linies-dajudes-per-part-de-les-administracions-balear-insular-i\/#primaryimage"},"thumbnailUrl":"https:\/\/www.psib-psoe.org\/eivissa\/wp-content\/uploads\/08373e01-c27c-4bab-a25e-7a6f8036acb9-1.jpg","datePublished":"2025-10-06T11:24:19+00:00","dateModified":"2025-10-06T11:27:36+00:00","breadcrumb":{"@id":"https:\/\/www.psib-psoe.org\/eivissa\/el-psoe-demana-a-vicent-mari-la-creacio-duna-oficina-datencio-a-les-persones-afectades-per-les-inundacions-i-linies-dajudes-per-part-de-les-administracions-balear-insular-i\/#breadcrumb"},"inLanguage":"ca","potentialAction":[{"@type":"ReadAction","target":["https:\/\/www.psib-psoe.org\/eivissa\/el-psoe-demana-a-vicent-mari-la-creacio-duna-oficina-datencio-a-les-persones-afectades-per-les-inundacions-i-linies-dajudes-per-part-de-les-administracions-balear-insular-i\/"]}]},{"@type":"ImageObject","inLanguage":"ca","@id":"https:\/\/www.psib-psoe.org\/eivissa\/el-psoe-demana-a-vicent-mari-la-creacio-duna-oficina-datencio-a-les-persones-afectades-per-les-inundacions-i-linies-dajudes-per-part-de-les-administracions-balear-insular-i\/#primaryimage","url":"https:\/\/www.psib-psoe.org\/eivissa\/wp-content\/uploads\/08373e01-c27c-4bab-a25e-7a6f8036acb9-1.jpg","contentUrl":"https:\/\/www.psib-psoe.org\/eivissa\/wp-content\/uploads\/08373e01-c27c-4bab-a25e-7a6f8036acb9-1.jpg","width":1125,"height":1126},{"@type":"BreadcrumbList","@id":"https:\/\/www.psib-psoe.org\/eivissa\/el-psoe-demana-a-vicent-mari-la-creacio-duna-oficina-datencio-a-les-persones-afectades-per-les-inundacions-i-linies-dajudes-per-part-de-les-administracions-balear-insular-i\/#breadcrumb","itemListElement":[{"@type":"ListItem","position":1,"name":"Inici","item":"https:\/\/www.psib-psoe.org\/eivissa\/"},{"@type":"ListItem","position":2,"name":"El PSOE demana a Vicent Mar\u00ed la creaci\u00f3 d\u2019una Oficina d\u2019atenci\u00f3 a les persones afectades per les inundacions i l\u00ednies d\u2019ajudes per part de les administracions balear, insular i municipals"}]},{"@type":"WebSite","@id":"https:\/\/www.psib-psoe.org\/eivissa\/#website","url":"https:\/\/www.psib-psoe.org\/eivissa\/","name":"Federaci\u00f3 Socialista d'Eivissa","description":"Socialistes d&#039;Eivissa","publisher":{"@id":"https:\/\/www.psib-psoe.org\/eivissa\/#organization"},"potentialAction":[{"@type":"SearchAction","target":{"@type":"EntryPoint","urlTemplate":"https:\/\/www.psib-psoe.org\/eivissa\/?s={search_term_string}"},"query-input":{"@type":"PropertyValueSpecification","valueRequired":true,"valueName":"search_term_string"}}],"inLanguage":"ca"},{"@type":"Organization","@id":"https:\/\/www.psib-psoe.org\/eivissa\/#organization","name":"Federaci\u00f3 Socialista d'Eivissa","url":"https:\/\/www.psib-psoe.org\/eivissa\/","logo":{"@type":"ImageObject","inLanguage":"ca","@id":"https:\/\/www.psib-psoe.org\/eivissa\/#\/schema\/logo\/image\/","url":"https:\/\/www.psib-psoe.org\/eivissa\/wp-content\/uploads\/LOGO-FSE-SOCIALISTA-DEIVISSA-HORI.png","contentUrl":"https:\/\/www.psib-psoe.org\/eivissa\/wp-content\/uploads\/LOGO-FSE-SOCIALISTA-DEIVISSA-HORI.png","width":6000,"height":3104,"caption":"Federaci\u00f3 Socialista d'Eivissa"},"image":{"@id":"https:\/\/www.psib-psoe.org\/eivissa\/#\/schema\/logo\/image\/"}},{"@type":"Person","@id":"https:\/\/www.psib-psoe.org\/eivissa\/#\/schema\/person\/099ab3ef73a3645a1d7f303518e6ce24","name":"adminpsib","url":"https:\/\/www.psib-psoe.org\/eivissa\/author\/adminpsib\/"}]}},"_links":{"self":[{"href":"https:\/\/www.psib-psoe.org\/eivissa\/wp-json\/wp\/v2\/posts\/41334","targetHints":{"allow":["GET"]}}],"collection":[{"href":"https:\/\/www.psib-psoe.org\/eivissa\/wp-json\/wp\/v2\/posts"}],"about":[{"href":"https:\/\/www.psib-psoe.org\/eivissa\/wp-json\/wp\/v2\/types\/post"}],"author":[{"embeddable":true,"href":"https:\/\/www.psib-psoe.org\/eivissa\/wp-json\/wp\/v2\/users\/1"}],"replies":[{"embeddable":true,"href":"https:\/\/www.psib-psoe.org\/eivissa\/wp-json\/wp\/v2\/comments?post=41334"}],"version-history":[{"count":1,"href":"https:\/\/www.psib-psoe.org\/eivissa\/wp-json\/wp\/v2\/posts\/41334\/revisions"}],"predecessor-version":[{"id":41340,"href":"https:\/\/www.psib-psoe.org\/eivissa\/wp-json\/wp\/v2\/posts\/41334\/revisions\/41340"}],"wp:featuredmedia":[{"embeddable":true,"href":"https:\/\/www.psib-psoe.org\/eivissa\/wp-json\/wp\/v2\/media\/41341"}],"wp:attachment":[{"href":"https:\/\/www.psib-psoe.org\/eivissa\/wp-json\/wp\/v2\/media?parent=41334"}],"wp:term":[{"taxonomy":"category","embeddable":true,"href":"https:\/\/www.psib-psoe.org\/eivissa\/wp-json\/wp\/v2\/categories?post=41334"},{"taxonomy":"post_tag","embeddable":true,"href":"https:\/\/www.psib-psoe.org\/eivissa\/wp-json\/wp\/v2\/tags?post=41334"}],"curies":[{"name":"wp","href":"https:\/\/api.w.org\/{rel}","templated":true}]}}