{"id":41344,"date":"2025-10-07T13:17:09","date_gmt":"2025-10-07T11:17:09","guid":{"rendered":"https:\/\/www.psib-psoe.org\/eivissa\/?p=41344"},"modified":"2025-10-07T13:17:09","modified_gmt":"2025-10-07T11:17:09","slug":"el-psoe-adverteix-que-la-nefasta-gestio-de-vicent-mari-collapsara-ca-na-putxa-a-finals-de-lany-2027-el-64-dels-residus-deivissa-acaben-a-labocador-sis-vegades-mes-del-maxi","status":"publish","type":"post","link":"https:\/\/www.psib-psoe.org\/eivissa\/el-psoe-adverteix-que-la-nefasta-gestio-de-vicent-mari-collapsara-ca-na-putxa-a-finals-de-lany-2027-el-64-dels-residus-deivissa-acaben-a-labocador-sis-vegades-mes-del-maxi\/","title":{"rendered":"El PSOE adverteix que la nefasta gesti\u00f3 de Vicent Mar\u00ed col\u00b7lapsar\u00e0 Ca na Putxa a finals de l\u2019any 2027. El 64% dels residus d\u2019Eivissa acaben a l\u2019abocador, sis vegades m\u00e9s del m\u00e0xim del 10% que fixa la Uni\u00f3 Europea per a l\u2019any 2030."},"content":{"rendered":"<p>El conseller del Grup Socialista al Consell d\u2019Eivissa, V\u00edctor Torres, ha advertit avui, despr\u00e9s de la reuni\u00f3 de la Comissi\u00f3 de Seguiment del Pla de Gesti\u00f3 de Residus, que la situaci\u00f3 de l\u2019abocador de Ca na Putxa \u00e9s \u201ccr\u00edtica\u201d i que el Consell de Vicent Mar\u00ed \u201carriba tard una vegada m\u00e9s\u201d en la redacci\u00f3 del nou Pla Director Sectorial de Prevenci\u00f3 i Gesti\u00f3 de Residus de l\u2019illa d\u2019Eivissa.<\/p>\n<p>Durant la reuni\u00f3, s\u2019ha explicat que actualment el 64% dels residus generats a Eivissa acaben a l\u2019abocador insular, una instal\u00b7laci\u00f3 que es troba a punt d\u2019esgotar la seua vida \u00fatil, prevista per a finals de 2027. Aquest percentatge representa un augment respecte als anys anteriors i, segons ha lamentat el conseller socialista, \u201cdemostra la nefasta gesti\u00f3 dels darrers anys, que ha esgotat dr\u00e0sticament la vida \u00fatil de Ca na Putxa\u201d.<\/p>\n<p>El conseller del PSOE ha denunciat que el nou Pla Director Sectorial de Prevenci\u00f3 i Gesti\u00f3 de Residus 2026\u20132032 \u201carribar\u00e0 tard\u201d, ja que encara est\u00e0 en preparaci\u00f3 l\u2019expedient de  licitaci\u00f3 per l\u2019adjudicaci\u00f3, que t\u00e9 un termini d\u2019execuci\u00f3 de 20 mesos, cosa que far\u00e0 impossible que estigui en vigor abans de la caducitat de l\u2019actual. <\/p>\n<p>\u201cQuan arribin les pr\u00f2ximes eleccions de 2027, probablement encara no tendrem aprovat el nou pla, i aix\u00f2 vol dir que no sabrem quina ser\u00e0 l\u2019alternativa a Ca na Putxa\u201d, ha criticat V\u00edctor Torres. \u201cVicent Mar\u00ed est\u00e0 esperant que passin les eleccions de 2027 per anunciar la seva intenci\u00f3 real: construir una incineradora a Eivissa\u201d, ha denunciat.<\/p>\n<p>V\u00edctor Torres ha insistit que el Partit Socialista s\u2019oposa rotundament a la construcci\u00f3 d\u2019una incineradora a Eivissa, per motius \u201cecon\u00f2mics, ambientals, socials i t\u00e8cnics\u201d. \u201cL\u2019alternativa menys dolenta \u00e9s traslladar els residus fora de l\u2019illa per incinerar-los, d\u2019acord amb un pla de prevenci\u00f3 i gesti\u00f3 que redueixi els residus a la m\u00ednima expressi\u00f3, apostant clarament per la reducci\u00f3, el reciclatge i la reutilitzaci\u00f3\u201d. El conseller socialista ha insistit que \u201cuna incineradora a Eivissa seria un error de grans dimensions\u201d, ha dit.<\/p>\n<p>En aquest sentit, el conseller socialista ha acusat Vicent Mar\u00ed d\u2019haver \u201corquestrat un fals proc\u00e9s participatiu\u201d per legitimar una decisi\u00f3 que \u201cja t\u00e9 presa de portes endins\u201d. \u201cAquesta participaci\u00f3 ciutadana ha set una cortina de fum. No s\u2019ha informat sobre q\u00fcestions essencials, com on s\u2019ubicaria la incineradora\u201d, ha criticat V\u00edctor Torres.<br \/>\nCom ha recordat el conseller socialista, l\u2019incompliment de la Llei estatal de residus per part del Consell Insular pot deixar Eivissa sense la subvenci\u00f3 del Govern d\u2019Espanya destinada a finan\u00e7ar el transport dels residus, ja que aquesta ajuda est\u00e0 condicionada a disposar de plans de prevenci\u00f3 i gesti\u00f3 vigents que acreditin que s\u2019estan aplicant mesures per minimitzar la quantitat de residus que han de ser transportats (Disposici\u00f3 addicional tercera de la Llei 7\/2022, de 8 d\u2019abril, de residus i s\u00f2ls contaminats per a una economia circular).<\/p>\n<p>\u201c\u00c9s tot el contrari del que est\u00e0 passant a Eivissa per culpa de la nefasta gesti\u00f3 de Vicent Mar\u00ed\u201d, ha explicat V\u00edctor Torres. D\u2019una banda, el Pla de residus caducar\u00e0 el 2026 sense estar aprovat el nou i, de l\u2019altra, no nom\u00e9s no s\u2019estan minimitzant els residus que van a l\u2019abocador, sin\u00f3 que s\u2019estan incrementant, arribant a l\u2019actual 64% del total, com s\u2019ha informat en la reuni\u00f3 d\u2019avui de la comissi\u00f3 de seguiment.<\/p>\n<p>Avui tamb\u00e9 s\u2019ha confirmat que encara no s\u2019han implantat les mesures aprovades pel ple del Consell Insular d\u2019Eivissa el desembre de 2023 per minimitzar les mol\u00e8sties derivades de l\u2019impacte odor\u00edfer de les instal\u00b7lacions de tractament de residus de l\u2019\u00c0rea Ambiental de Ca na Putxa.<\/p>\n<p>En aquella sessi\u00f3 plen\u00e0ria, el Consell va acordar destinar cinc milions d\u2019euros a un projecte destinat a reduir aquestes olors. A m\u00e9s, es preveia tancar posteriorment la nau de maduraci\u00f3 i instal\u00b7lar filtres per desodoritzar l\u2019aire recollit d\u2019aquesta instal\u00b7laci\u00f3.<\/p>\n<p>Tot i aix\u00f2, a hores d\u2019ara, aquestes actuacions continuen sense executar-se, i el problema de les males olors persisteix, afectant especialment els vesins de la zona amb episodis constants i diaris de fortes olors al llarg d\u2019aquest estiu.<\/p>\n<p>El PSOE continuar\u00e0 exigint transpar\u00e8ncia, planificaci\u00f3 i responsabilitat en la gesti\u00f3 dels residus, ha dit el conseller socialista, \u201cperqu\u00e8 Eivissa no pot seguir improvisant davant un problema tan greu i amb conseq\u00fc\u00e8ncies tan directes per al medi ambient i per a la ciutadania\u201d.<\/p>\n","protected":false},"excerpt":{"rendered":"<p>El conseller del Grup Socialista al Consell d\u2019Eivissa, V\u00edctor Torres, ha advertit avui, despr\u00e9s de la reuni\u00f3 de la Comissi\u00f3 de Seguiment del Pla de Gesti\u00f3 de Residus, que la situaci\u00f3 de l\u2019abocador de Ca na Putxa \u00e9s \u201ccr\u00edtica\u201d i que el Consell de Vicent Mar\u00ed \u201carriba tard una vegada m\u00e9s\u201d en la redacci\u00f3 del&hellip;<\/p>\n","protected":false},"author":1,"featured_media":40799,"comment_status":"closed","ping_status":"closed","sticky":false,"template":"","format":"standard","meta":{"footnotes":""},"categories":[192,1],"tags":[],"class_list":["post-41344","post","type-post","status-publish","format-standard","has-post-thumbnail","hentry","category-consell-deivissa","category-federacio-de-eivissa-portada"],"yoast_head":"<!-- This site is optimized with the Yoast SEO plugin v26.9 - https:\/\/yoast.com\/product\/yoast-seo-wordpress\/ -->\n<title>El PSOE adverteix que la nefasta gesti\u00f3 de Vicent Mar\u00ed col\u00b7lapsar\u00e0 Ca na Putxa a finals de l\u2019any 2027. El 64% dels residus d\u2019Eivissa acaben a l\u2019abocador, sis vegades m\u00e9s del m\u00e0xim del 10% que fixa la Uni\u00f3 Europea per a l\u2019any 2030. - Federaci\u00f3 Socialista d&#039;Eivissa<\/title>\n<meta name=\"robots\" content=\"index, follow, max-snippet:-1, max-image-preview:large, max-video-preview:-1\" \/>\n<link rel=\"canonical\" href=\"https:\/\/www.psib-psoe.org\/eivissa\/el-psoe-adverteix-que-la-nefasta-gestio-de-vicent-mari-collapsara-ca-na-putxa-a-finals-de-lany-2027-el-64-dels-residus-deivissa-acaben-a-labocador-sis-vegades-mes-del-maxi\/\" \/>\n<meta property=\"og:locale\" content=\"ca_ES\" \/>\n<meta property=\"og:type\" content=\"article\" \/>\n<meta property=\"og:title\" content=\"El PSOE adverteix que la nefasta gesti\u00f3 de Vicent Mar\u00ed col\u00b7lapsar\u00e0 Ca na Putxa a finals de l\u2019any 2027. El 64% dels residus d\u2019Eivissa acaben a l\u2019abocador, sis vegades m\u00e9s del m\u00e0xim del 10% que fixa la Uni\u00f3 Europea per a l\u2019any 2030. - Federaci\u00f3 Socialista d&#039;Eivissa\" \/>\n<meta property=\"og:description\" content=\"El conseller del Grup Socialista al Consell d\u2019Eivissa, V\u00edctor Torres, ha advertit avui, despr\u00e9s de la reuni\u00f3 de la Comissi\u00f3 de Seguiment del Pla de Gesti\u00f3 de Residus, que la situaci\u00f3 de l\u2019abocador de Ca na Putxa \u00e9s \u201ccr\u00edtica\u201d i que el Consell de Vicent Mar\u00ed \u201carriba tard una vegada m\u00e9s\u201d en la redacci\u00f3 del&hellip;\" \/>\n<meta property=\"og:url\" content=\"https:\/\/www.psib-psoe.org\/eivissa\/el-psoe-adverteix-que-la-nefasta-gestio-de-vicent-mari-collapsara-ca-na-putxa-a-finals-de-lany-2027-el-64-dels-residus-deivissa-acaben-a-labocador-sis-vegades-mes-del-maxi\/\" \/>\n<meta property=\"og:site_name\" content=\"Federaci\u00f3 Socialista d&#039;Eivissa\" \/>\n<meta property=\"article:published_time\" content=\"2025-10-07T11:17:09+00:00\" \/>\n<meta property=\"og:image\" content=\"https:\/\/www.psib-psoe.org\/eivissa\/wp-content\/uploads\/dfc4ec72-49e6-4b32-862a-95869e8dd403-1.jpg\" \/>\n\t<meta property=\"og:image:width\" content=\"1152\" \/>\n\t<meta property=\"og:image:height\" content=\"917\" \/>\n\t<meta property=\"og:image:type\" content=\"image\/jpeg\" \/>\n<meta name=\"author\" content=\"adminpsib\" \/>\n<meta name=\"twitter:card\" content=\"summary_large_image\" \/>\n<meta name=\"twitter:label1\" content=\"Escrit per\" \/>\n\t<meta name=\"twitter:data1\" content=\"adminpsib\" \/>\n\t<meta name=\"twitter:label2\" content=\"Temps estimat de lectura\" \/>\n\t<meta name=\"twitter:data2\" content=\"4 minuts\" \/>\n<script type=\"application\/ld+json\" class=\"yoast-schema-graph\">{\"@context\":\"https:\/\/schema.org\",\"@graph\":[{\"@type\":[\"Article\",\"BlogPosting\"],\"@id\":\"https:\/\/www.psib-psoe.org\/eivissa\/el-psoe-adverteix-que-la-nefasta-gestio-de-vicent-mari-collapsara-ca-na-putxa-a-finals-de-lany-2027-el-64-dels-residus-deivissa-acaben-a-labocador-sis-vegades-mes-del-maxi\/#article\",\"isPartOf\":{\"@id\":\"https:\/\/www.psib-psoe.org\/eivissa\/el-psoe-adverteix-que-la-nefasta-gestio-de-vicent-mari-collapsara-ca-na-putxa-a-finals-de-lany-2027-el-64-dels-residus-deivissa-acaben-a-labocador-sis-vegades-mes-del-maxi\/\"},\"author\":{\"name\":\"adminpsib\",\"@id\":\"https:\/\/www.psib-psoe.org\/eivissa\/#\/schema\/person\/099ab3ef73a3645a1d7f303518e6ce24\"},\"headline\":\"El PSOE adverteix que la nefasta gesti\u00f3 de Vicent Mar\u00ed col\u00b7lapsar\u00e0 Ca na Putxa a finals de l\u2019any 2027. El 64% dels residus d\u2019Eivissa acaben a l\u2019abocador, sis vegades m\u00e9s del m\u00e0xim del 10% que fixa la Uni\u00f3 Europea per a l\u2019any 2030.\",\"datePublished\":\"2025-10-07T11:17:09+00:00\",\"mainEntityOfPage\":{\"@id\":\"https:\/\/www.psib-psoe.org\/eivissa\/el-psoe-adverteix-que-la-nefasta-gestio-de-vicent-mari-collapsara-ca-na-putxa-a-finals-de-lany-2027-el-64-dels-residus-deivissa-acaben-a-labocador-sis-vegades-mes-del-maxi\/\"},\"wordCount\":807,\"publisher\":{\"@id\":\"https:\/\/www.psib-psoe.org\/eivissa\/#organization\"},\"image\":{\"@id\":\"https:\/\/www.psib-psoe.org\/eivissa\/el-psoe-adverteix-que-la-nefasta-gestio-de-vicent-mari-collapsara-ca-na-putxa-a-finals-de-lany-2027-el-64-dels-residus-deivissa-acaben-a-labocador-sis-vegades-mes-del-maxi\/#primaryimage\"},\"thumbnailUrl\":\"https:\/\/www.psib-psoe.org\/eivissa\/wp-content\/uploads\/dfc4ec72-49e6-4b32-862a-95869e8dd403-1.jpg\",\"articleSection\":[\"Consell d'Eivissa\",\"Federaci\u00f3 d'Eivissa - Portada\"],\"inLanguage\":\"ca\"},{\"@type\":\"WebPage\",\"@id\":\"https:\/\/www.psib-psoe.org\/eivissa\/el-psoe-adverteix-que-la-nefasta-gestio-de-vicent-mari-collapsara-ca-na-putxa-a-finals-de-lany-2027-el-64-dels-residus-deivissa-acaben-a-labocador-sis-vegades-mes-del-maxi\/\",\"url\":\"https:\/\/www.psib-psoe.org\/eivissa\/el-psoe-adverteix-que-la-nefasta-gestio-de-vicent-mari-collapsara-ca-na-putxa-a-finals-de-lany-2027-el-64-dels-residus-deivissa-acaben-a-labocador-sis-vegades-mes-del-maxi\/\",\"name\":\"El PSOE adverteix que la nefasta gesti\u00f3 de Vicent Mar\u00ed col\u00b7lapsar\u00e0 Ca na Putxa a finals de l\u2019any 2027. El 64% dels residus d\u2019Eivissa acaben a l\u2019abocador, sis vegades m\u00e9s del m\u00e0xim del 10% que fixa la Uni\u00f3 Europea per a l\u2019any 2030. - Federaci\u00f3 Socialista d&#039;Eivissa\",\"isPartOf\":{\"@id\":\"https:\/\/www.psib-psoe.org\/eivissa\/#website\"},\"primaryImageOfPage\":{\"@id\":\"https:\/\/www.psib-psoe.org\/eivissa\/el-psoe-adverteix-que-la-nefasta-gestio-de-vicent-mari-collapsara-ca-na-putxa-a-finals-de-lany-2027-el-64-dels-residus-deivissa-acaben-a-labocador-sis-vegades-mes-del-maxi\/#primaryimage\"},\"image\":{\"@id\":\"https:\/\/www.psib-psoe.org\/eivissa\/el-psoe-adverteix-que-la-nefasta-gestio-de-vicent-mari-collapsara-ca-na-putxa-a-finals-de-lany-2027-el-64-dels-residus-deivissa-acaben-a-labocador-sis-vegades-mes-del-maxi\/#primaryimage\"},\"thumbnailUrl\":\"https:\/\/www.psib-psoe.org\/eivissa\/wp-content\/uploads\/dfc4ec72-49e6-4b32-862a-95869e8dd403-1.jpg\",\"datePublished\":\"2025-10-07T11:17:09+00:00\",\"breadcrumb\":{\"@id\":\"https:\/\/www.psib-psoe.org\/eivissa\/el-psoe-adverteix-que-la-nefasta-gestio-de-vicent-mari-collapsara-ca-na-putxa-a-finals-de-lany-2027-el-64-dels-residus-deivissa-acaben-a-labocador-sis-vegades-mes-del-maxi\/#breadcrumb\"},\"inLanguage\":\"ca\",\"potentialAction\":[{\"@type\":\"ReadAction\",\"target\":[\"https:\/\/www.psib-psoe.org\/eivissa\/el-psoe-adverteix-que-la-nefasta-gestio-de-vicent-mari-collapsara-ca-na-putxa-a-finals-de-lany-2027-el-64-dels-residus-deivissa-acaben-a-labocador-sis-vegades-mes-del-maxi\/\"]}]},{\"@type\":\"ImageObject\",\"inLanguage\":\"ca\",\"@id\":\"https:\/\/www.psib-psoe.org\/eivissa\/el-psoe-adverteix-que-la-nefasta-gestio-de-vicent-mari-collapsara-ca-na-putxa-a-finals-de-lany-2027-el-64-dels-residus-deivissa-acaben-a-labocador-sis-vegades-mes-del-maxi\/#primaryimage\",\"url\":\"https:\/\/www.psib-psoe.org\/eivissa\/wp-content\/uploads\/dfc4ec72-49e6-4b32-862a-95869e8dd403-1.jpg\",\"contentUrl\":\"https:\/\/www.psib-psoe.org\/eivissa\/wp-content\/uploads\/dfc4ec72-49e6-4b32-862a-95869e8dd403-1.jpg\",\"width\":1152,\"height\":917},{\"@type\":\"BreadcrumbList\",\"@id\":\"https:\/\/www.psib-psoe.org\/eivissa\/el-psoe-adverteix-que-la-nefasta-gestio-de-vicent-mari-collapsara-ca-na-putxa-a-finals-de-lany-2027-el-64-dels-residus-deivissa-acaben-a-labocador-sis-vegades-mes-del-maxi\/#breadcrumb\",\"itemListElement\":[{\"@type\":\"ListItem\",\"position\":1,\"name\":\"Inici\",\"item\":\"https:\/\/www.psib-psoe.org\/eivissa\/\"},{\"@type\":\"ListItem\",\"position\":2,\"name\":\"El PSOE adverteix que la nefasta gesti\u00f3 de Vicent Mar\u00ed col\u00b7lapsar\u00e0 Ca na Putxa a finals de l\u2019any 2027. El 64% dels residus d\u2019Eivissa acaben a l\u2019abocador, sis vegades m\u00e9s del m\u00e0xim del 10% que fixa la Uni\u00f3 Europea per a l\u2019any 2030.\"}]},{\"@type\":\"WebSite\",\"@id\":\"https:\/\/www.psib-psoe.org\/eivissa\/#website\",\"url\":\"https:\/\/www.psib-psoe.org\/eivissa\/\",\"name\":\"Federaci\u00f3 Socialista d'Eivissa\",\"description\":\"Socialistes d&#039;Eivissa\",\"publisher\":{\"@id\":\"https:\/\/www.psib-psoe.org\/eivissa\/#organization\"},\"potentialAction\":[{\"@type\":\"SearchAction\",\"target\":{\"@type\":\"EntryPoint\",\"urlTemplate\":\"https:\/\/www.psib-psoe.org\/eivissa\/?s={search_term_string}\"},\"query-input\":{\"@type\":\"PropertyValueSpecification\",\"valueRequired\":true,\"valueName\":\"search_term_string\"}}],\"inLanguage\":\"ca\"},{\"@type\":\"Organization\",\"@id\":\"https:\/\/www.psib-psoe.org\/eivissa\/#organization\",\"name\":\"Federaci\u00f3 Socialista d'Eivissa\",\"url\":\"https:\/\/www.psib-psoe.org\/eivissa\/\",\"logo\":{\"@type\":\"ImageObject\",\"inLanguage\":\"ca\",\"@id\":\"https:\/\/www.psib-psoe.org\/eivissa\/#\/schema\/logo\/image\/\",\"url\":\"https:\/\/www.psib-psoe.org\/eivissa\/wp-content\/uploads\/LOGO-FSE-SOCIALISTA-DEIVISSA-HORI.png\",\"contentUrl\":\"https:\/\/www.psib-psoe.org\/eivissa\/wp-content\/uploads\/LOGO-FSE-SOCIALISTA-DEIVISSA-HORI.png\",\"width\":6000,\"height\":3104,\"caption\":\"Federaci\u00f3 Socialista d'Eivissa\"},\"image\":{\"@id\":\"https:\/\/www.psib-psoe.org\/eivissa\/#\/schema\/logo\/image\/\"}},{\"@type\":\"Person\",\"@id\":\"https:\/\/www.psib-psoe.org\/eivissa\/#\/schema\/person\/099ab3ef73a3645a1d7f303518e6ce24\",\"name\":\"adminpsib\",\"url\":\"https:\/\/www.psib-psoe.org\/eivissa\/author\/adminpsib\/\"}]}<\/script>\n<!-- \/ Yoast SEO plugin. -->","yoast_head_json":{"title":"El PSOE adverteix que la nefasta gesti\u00f3 de Vicent Mar\u00ed col\u00b7lapsar\u00e0 Ca na Putxa a finals de l\u2019any 2027. El 64% dels residus d\u2019Eivissa acaben a l\u2019abocador, sis vegades m\u00e9s del m\u00e0xim del 10% que fixa la Uni\u00f3 Europea per a l\u2019any 2030. - Federaci\u00f3 Socialista d&#039;Eivissa","robots":{"index":"index","follow":"follow","max-snippet":"max-snippet:-1","max-image-preview":"max-image-preview:large","max-video-preview":"max-video-preview:-1"},"canonical":"https:\/\/www.psib-psoe.org\/eivissa\/el-psoe-adverteix-que-la-nefasta-gestio-de-vicent-mari-collapsara-ca-na-putxa-a-finals-de-lany-2027-el-64-dels-residus-deivissa-acaben-a-labocador-sis-vegades-mes-del-maxi\/","og_locale":"ca_ES","og_type":"article","og_title":"El PSOE adverteix que la nefasta gesti\u00f3 de Vicent Mar\u00ed col\u00b7lapsar\u00e0 Ca na Putxa a finals de l\u2019any 2027. El 64% dels residus d\u2019Eivissa acaben a l\u2019abocador, sis vegades m\u00e9s del m\u00e0xim del 10% que fixa la Uni\u00f3 Europea per a l\u2019any 2030. - Federaci\u00f3 Socialista d&#039;Eivissa","og_description":"El conseller del Grup Socialista al Consell d\u2019Eivissa, V\u00edctor Torres, ha advertit avui, despr\u00e9s de la reuni\u00f3 de la Comissi\u00f3 de Seguiment del Pla de Gesti\u00f3 de Residus, que la situaci\u00f3 de l\u2019abocador de Ca na Putxa \u00e9s \u201ccr\u00edtica\u201d i que el Consell de Vicent Mar\u00ed \u201carriba tard una vegada m\u00e9s\u201d en la redacci\u00f3 del&hellip;","og_url":"https:\/\/www.psib-psoe.org\/eivissa\/el-psoe-adverteix-que-la-nefasta-gestio-de-vicent-mari-collapsara-ca-na-putxa-a-finals-de-lany-2027-el-64-dels-residus-deivissa-acaben-a-labocador-sis-vegades-mes-del-maxi\/","og_site_name":"Federaci\u00f3 Socialista d&#039;Eivissa","article_published_time":"2025-10-07T11:17:09+00:00","og_image":[{"width":1152,"height":917,"url":"https:\/\/www.psib-psoe.org\/eivissa\/wp-content\/uploads\/dfc4ec72-49e6-4b32-862a-95869e8dd403-1.jpg","type":"image\/jpeg"}],"author":"adminpsib","twitter_card":"summary_large_image","twitter_misc":{"Escrit per":"adminpsib","Temps estimat de lectura":"4 minuts"},"schema":{"@context":"https:\/\/schema.org","@graph":[{"@type":["Article","BlogPosting"],"@id":"https:\/\/www.psib-psoe.org\/eivissa\/el-psoe-adverteix-que-la-nefasta-gestio-de-vicent-mari-collapsara-ca-na-putxa-a-finals-de-lany-2027-el-64-dels-residus-deivissa-acaben-a-labocador-sis-vegades-mes-del-maxi\/#article","isPartOf":{"@id":"https:\/\/www.psib-psoe.org\/eivissa\/el-psoe-adverteix-que-la-nefasta-gestio-de-vicent-mari-collapsara-ca-na-putxa-a-finals-de-lany-2027-el-64-dels-residus-deivissa-acaben-a-labocador-sis-vegades-mes-del-maxi\/"},"author":{"name":"adminpsib","@id":"https:\/\/www.psib-psoe.org\/eivissa\/#\/schema\/person\/099ab3ef73a3645a1d7f303518e6ce24"},"headline":"El PSOE adverteix que la nefasta gesti\u00f3 de Vicent Mar\u00ed col\u00b7lapsar\u00e0 Ca na Putxa a finals de l\u2019any 2027. El 64% dels residus d\u2019Eivissa acaben a l\u2019abocador, sis vegades m\u00e9s del m\u00e0xim del 10% que fixa la Uni\u00f3 Europea per a l\u2019any 2030.","datePublished":"2025-10-07T11:17:09+00:00","mainEntityOfPage":{"@id":"https:\/\/www.psib-psoe.org\/eivissa\/el-psoe-adverteix-que-la-nefasta-gestio-de-vicent-mari-collapsara-ca-na-putxa-a-finals-de-lany-2027-el-64-dels-residus-deivissa-acaben-a-labocador-sis-vegades-mes-del-maxi\/"},"wordCount":807,"publisher":{"@id":"https:\/\/www.psib-psoe.org\/eivissa\/#organization"},"image":{"@id":"https:\/\/www.psib-psoe.org\/eivissa\/el-psoe-adverteix-que-la-nefasta-gestio-de-vicent-mari-collapsara-ca-na-putxa-a-finals-de-lany-2027-el-64-dels-residus-deivissa-acaben-a-labocador-sis-vegades-mes-del-maxi\/#primaryimage"},"thumbnailUrl":"https:\/\/www.psib-psoe.org\/eivissa\/wp-content\/uploads\/dfc4ec72-49e6-4b32-862a-95869e8dd403-1.jpg","articleSection":["Consell d'Eivissa","Federaci\u00f3 d'Eivissa - Portada"],"inLanguage":"ca"},{"@type":"WebPage","@id":"https:\/\/www.psib-psoe.org\/eivissa\/el-psoe-adverteix-que-la-nefasta-gestio-de-vicent-mari-collapsara-ca-na-putxa-a-finals-de-lany-2027-el-64-dels-residus-deivissa-acaben-a-labocador-sis-vegades-mes-del-maxi\/","url":"https:\/\/www.psib-psoe.org\/eivissa\/el-psoe-adverteix-que-la-nefasta-gestio-de-vicent-mari-collapsara-ca-na-putxa-a-finals-de-lany-2027-el-64-dels-residus-deivissa-acaben-a-labocador-sis-vegades-mes-del-maxi\/","name":"El PSOE adverteix que la nefasta gesti\u00f3 de Vicent Mar\u00ed col\u00b7lapsar\u00e0 Ca na Putxa a finals de l\u2019any 2027. El 64% dels residus d\u2019Eivissa acaben a l\u2019abocador, sis vegades m\u00e9s del m\u00e0xim del 10% que fixa la Uni\u00f3 Europea per a l\u2019any 2030. - Federaci\u00f3 Socialista d&#039;Eivissa","isPartOf":{"@id":"https:\/\/www.psib-psoe.org\/eivissa\/#website"},"primaryImageOfPage":{"@id":"https:\/\/www.psib-psoe.org\/eivissa\/el-psoe-adverteix-que-la-nefasta-gestio-de-vicent-mari-collapsara-ca-na-putxa-a-finals-de-lany-2027-el-64-dels-residus-deivissa-acaben-a-labocador-sis-vegades-mes-del-maxi\/#primaryimage"},"image":{"@id":"https:\/\/www.psib-psoe.org\/eivissa\/el-psoe-adverteix-que-la-nefasta-gestio-de-vicent-mari-collapsara-ca-na-putxa-a-finals-de-lany-2027-el-64-dels-residus-deivissa-acaben-a-labocador-sis-vegades-mes-del-maxi\/#primaryimage"},"thumbnailUrl":"https:\/\/www.psib-psoe.org\/eivissa\/wp-content\/uploads\/dfc4ec72-49e6-4b32-862a-95869e8dd403-1.jpg","datePublished":"2025-10-07T11:17:09+00:00","breadcrumb":{"@id":"https:\/\/www.psib-psoe.org\/eivissa\/el-psoe-adverteix-que-la-nefasta-gestio-de-vicent-mari-collapsara-ca-na-putxa-a-finals-de-lany-2027-el-64-dels-residus-deivissa-acaben-a-labocador-sis-vegades-mes-del-maxi\/#breadcrumb"},"inLanguage":"ca","potentialAction":[{"@type":"ReadAction","target":["https:\/\/www.psib-psoe.org\/eivissa\/el-psoe-adverteix-que-la-nefasta-gestio-de-vicent-mari-collapsara-ca-na-putxa-a-finals-de-lany-2027-el-64-dels-residus-deivissa-acaben-a-labocador-sis-vegades-mes-del-maxi\/"]}]},{"@type":"ImageObject","inLanguage":"ca","@id":"https:\/\/www.psib-psoe.org\/eivissa\/el-psoe-adverteix-que-la-nefasta-gestio-de-vicent-mari-collapsara-ca-na-putxa-a-finals-de-lany-2027-el-64-dels-residus-deivissa-acaben-a-labocador-sis-vegades-mes-del-maxi\/#primaryimage","url":"https:\/\/www.psib-psoe.org\/eivissa\/wp-content\/uploads\/dfc4ec72-49e6-4b32-862a-95869e8dd403-1.jpg","contentUrl":"https:\/\/www.psib-psoe.org\/eivissa\/wp-content\/uploads\/dfc4ec72-49e6-4b32-862a-95869e8dd403-1.jpg","width":1152,"height":917},{"@type":"BreadcrumbList","@id":"https:\/\/www.psib-psoe.org\/eivissa\/el-psoe-adverteix-que-la-nefasta-gestio-de-vicent-mari-collapsara-ca-na-putxa-a-finals-de-lany-2027-el-64-dels-residus-deivissa-acaben-a-labocador-sis-vegades-mes-del-maxi\/#breadcrumb","itemListElement":[{"@type":"ListItem","position":1,"name":"Inici","item":"https:\/\/www.psib-psoe.org\/eivissa\/"},{"@type":"ListItem","position":2,"name":"El PSOE adverteix que la nefasta gesti\u00f3 de Vicent Mar\u00ed col\u00b7lapsar\u00e0 Ca na Putxa a finals de l\u2019any 2027. El 64% dels residus d\u2019Eivissa acaben a l\u2019abocador, sis vegades m\u00e9s del m\u00e0xim del 10% que fixa la Uni\u00f3 Europea per a l\u2019any 2030."}]},{"@type":"WebSite","@id":"https:\/\/www.psib-psoe.org\/eivissa\/#website","url":"https:\/\/www.psib-psoe.org\/eivissa\/","name":"Federaci\u00f3 Socialista d'Eivissa","description":"Socialistes d&#039;Eivissa","publisher":{"@id":"https:\/\/www.psib-psoe.org\/eivissa\/#organization"},"potentialAction":[{"@type":"SearchAction","target":{"@type":"EntryPoint","urlTemplate":"https:\/\/www.psib-psoe.org\/eivissa\/?s={search_term_string}"},"query-input":{"@type":"PropertyValueSpecification","valueRequired":true,"valueName":"search_term_string"}}],"inLanguage":"ca"},{"@type":"Organization","@id":"https:\/\/www.psib-psoe.org\/eivissa\/#organization","name":"Federaci\u00f3 Socialista d'Eivissa","url":"https:\/\/www.psib-psoe.org\/eivissa\/","logo":{"@type":"ImageObject","inLanguage":"ca","@id":"https:\/\/www.psib-psoe.org\/eivissa\/#\/schema\/logo\/image\/","url":"https:\/\/www.psib-psoe.org\/eivissa\/wp-content\/uploads\/LOGO-FSE-SOCIALISTA-DEIVISSA-HORI.png","contentUrl":"https:\/\/www.psib-psoe.org\/eivissa\/wp-content\/uploads\/LOGO-FSE-SOCIALISTA-DEIVISSA-HORI.png","width":6000,"height":3104,"caption":"Federaci\u00f3 Socialista d'Eivissa"},"image":{"@id":"https:\/\/www.psib-psoe.org\/eivissa\/#\/schema\/logo\/image\/"}},{"@type":"Person","@id":"https:\/\/www.psib-psoe.org\/eivissa\/#\/schema\/person\/099ab3ef73a3645a1d7f303518e6ce24","name":"adminpsib","url":"https:\/\/www.psib-psoe.org\/eivissa\/author\/adminpsib\/"}]}},"_links":{"self":[{"href":"https:\/\/www.psib-psoe.org\/eivissa\/wp-json\/wp\/v2\/posts\/41344","targetHints":{"allow":["GET"]}}],"collection":[{"href":"https:\/\/www.psib-psoe.org\/eivissa\/wp-json\/wp\/v2\/posts"}],"about":[{"href":"https:\/\/www.psib-psoe.org\/eivissa\/wp-json\/wp\/v2\/types\/post"}],"author":[{"embeddable":true,"href":"https:\/\/www.psib-psoe.org\/eivissa\/wp-json\/wp\/v2\/users\/1"}],"replies":[{"embeddable":true,"href":"https:\/\/www.psib-psoe.org\/eivissa\/wp-json\/wp\/v2\/comments?post=41344"}],"version-history":[{"count":1,"href":"https:\/\/www.psib-psoe.org\/eivissa\/wp-json\/wp\/v2\/posts\/41344\/revisions"}],"predecessor-version":[{"id":41345,"href":"https:\/\/www.psib-psoe.org\/eivissa\/wp-json\/wp\/v2\/posts\/41344\/revisions\/41345"}],"wp:featuredmedia":[{"embeddable":true,"href":"https:\/\/www.psib-psoe.org\/eivissa\/wp-json\/wp\/v2\/media\/40799"}],"wp:attachment":[{"href":"https:\/\/www.psib-psoe.org\/eivissa\/wp-json\/wp\/v2\/media?parent=41344"}],"wp:term":[{"taxonomy":"category","embeddable":true,"href":"https:\/\/www.psib-psoe.org\/eivissa\/wp-json\/wp\/v2\/categories?post=41344"},{"taxonomy":"post_tag","embeddable":true,"href":"https:\/\/www.psib-psoe.org\/eivissa\/wp-json\/wp\/v2\/tags?post=41344"}],"curies":[{"name":"wp","href":"https:\/\/api.w.org\/{rel}","templated":true}]}}