{"id":41360,"date":"2025-10-10T20:35:47","date_gmt":"2025-10-10T18:35:47","guid":{"rendered":"https:\/\/www.psib-psoe.org\/eivissa\/?p=41360"},"modified":"2025-10-11T13:42:27","modified_gmt":"2025-10-11T11:42:27","slug":"el-psoe-demanara-a-totes-les-institucions-deivissa-actuacions-urgents-per-adaptar-lilla-als-efectes-del-canvi-climatic-vicent-rosello-respon-al-pp-les-autopistes-no-s","status":"publish","type":"post","link":"https:\/\/www.psib-psoe.org\/eivissa\/el-psoe-demanara-a-totes-les-institucions-deivissa-actuacions-urgents-per-adaptar-lilla-als-efectes-del-canvi-climatic-vicent-rosello-respon-al-pp-les-autopistes-no-s\/","title":{"rendered":"El PSOE demanar\u00e0 a totes les institucions d\u2019Eivissa actuacions urgents per adaptar l\u2019illa als efectes del canvi clim\u00e0tic. Vicent Rosell\u00f3 respon al PP: \u201cLes autopistes no s\u2019haurien d\u2019haver fet mai\u201d"},"content":{"rendered":"<p>La Comissi\u00f3 Executiva de la Federaci\u00f3 Socialista d\u2019Eivissa (FSE-PSOE), reunida per valorar la situaci\u00f3 despr\u00e9s de les greus inundacions de la setmana passada, ha acordat demanar a totes les institucions un paquet d\u2019actuacions urgents per adaptar l\u2019illa als efectes del canvi clim\u00e0tic. \u201cAquesta DANA ens ha recordat que Eivissa \u00e9s m\u00e9s vulnerable del que alguns volen admetre. No podem continuar actuant com si aquests fen\u00f2mens fossin excepcionals: s\u00f3n una realitat que ens obliga a planificar, invertir i coordinar millor els recursos p\u00fablics\u201d, ha manifestat el secretari general de la FSE-PSOE, Vicent Rosell\u00f3, en acabar la reuni\u00f3 de l\u2019Executiva, celebrada ahir a la tarda.<\/p>\n<p>El secretari general socialista ha valorat positivament la petici\u00f3 d&#8217;ajuda al Govern de l&#8217;Estat per a declarar zona catastr\u00f2fica els municipis d&#8217;Eivissa, Santa Eul\u00e0ria des Riu i Sant Josep de sa Talaia, per\u00f2 ha subratllat que \u201caix\u00f2 nom\u00e9s \u00e9s una primera passa, perqu\u00e8 tamb\u00e9 les institucions municipals, Consell Insular d&#8217;Eivissa i Govern de les Illes Balears s&#8217;han d&#8217;arremangar i comen\u00e7ar a fer feina&#8221;, no nom\u00e9s per recuperar l\u2019illa dels danys de les recents inundacions, sin\u00f3 tamb\u00e9 \u201cper fer front a un risc que cada volta ser\u00e0 m\u00e9s habitual\u201d.<\/p>\n<p><strong>Les autopistes de Matas<\/strong><br \/>\nVicent Rosell\u00f3 tamb\u00e9 ha qualificat d'&#8221;inacceptable&#8221; i ha demanat una &#8220;rectificaci\u00f3 immediata&#8221; a les declaracions de la vicepresidenta del Govern de les Illes Balears per responsabilitzar el PSOE de les inundacions a les autovies d&#8217;Eivissa.<\/p>\n<p>&#8220;Aix\u00f2, com sap tothom, \u00e9s totalment fals&#8221;, ha dit Rosell\u00f3, recordant que &#8220;el Partit Socialista es va oposar frontalment a unes carreteres que es varen fer sense previsi\u00f3 i sense respectar cap tipus de prescripci\u00f3 t\u00e8cnica&#8221;. El secretari general socialista ha insistit que &#8220;aquestes carreteres no s&#8217;haurien d&#8217;haver fet mai&#8221;, no nom\u00e9s pel greu impacte territorial, econ\u00f2mic i social, \u201cque la ciutadania de Sant Jordi no oblidar\u00e0 mai\u201d, sin\u00f3 tamb\u00e9 perqu\u00e8 \u201cja es va advertir fa 20 anys de la gravetat de construir per davall del nivell fre\u00e0tic&#8221;.<\/p>\n<p>\u201cS\u00f3n les autopistes del PP, del Govern balear de Jaume Matas, que es varen construir amb una infinitat d\u2019irregularitats t\u00e8cniques i econ\u00f2miques, amb l\u2019oposici\u00f3 frontal del conjunt de la ciutadania. S\u00f3n una ferida que quedar\u00e0 per sempre a la nostra illa i que, com sap tothom, nom\u00e9s tenen un responsable: El Partit Popular\u201d.<\/p>\n<p>Vicent Rosell\u00f3 considera, per contra, que \u201cqui encara ha de donar moltes explicacions sobre les inundacions de la setmana passada, no nom\u00e9s per les carreteres, sin\u00f3 pels avisos, per les mesures de precauci\u00f3 que no es varen prendre i per la informaci\u00f3 confusa que es va donar a la ciutadania aquell dia \u00e9s, justament, aquest Govern balear del Partit Popular\u201d.<\/p>\n<p><strong>Propostes del PSOE<\/strong><br \/>\nVicent Rosell\u00f3 ha informat que el PSOE demanar\u00e0 al Consell Insular obrir una oficina d\u2019atenci\u00f3 als afectats, una finestreta \u00fanica que permeti &#8220;recollir totes les demandes de les persones i empreses damnificades. Aix\u00ed mateix, el Partit Socialista demanar\u00e0 l\u2019aprovaci\u00f3 d\u2019ajudes municipals, insulars i auton\u00f2miques per part de les institucions de l\u2019illa.<\/p>\n<p>D\u2019altra banda, la Comissi\u00f3 Executiva de la FSE-PSOE considera que les inundacions han deixat en evid\u00e8ncia unes pol\u00edtiques urban\u00edstiques \u201ctotalment equivocades per part del PP\u201d, recordant decisions com l\u2019amnistia urban\u00edstica o l\u2019anunci recent de Marga Prohens de canviar la normativa per facilitar la construcci\u00f3 en zones inundables. El PSOE presentar\u00e0 iniciatives concretes de \u201crebuig a les pol\u00edtiques del PP que, com sempre, posen l\u2019especulaci\u00f3 urban\u00edstica i tur\u00edstica per damunt de la seguretat i la protecci\u00f3 de les persones\u201d.<\/p>\n<p>En la reuni\u00f3 de la Comissi\u00f3 Executiva, la FSE-PSOE tamb\u00e9 ha posat en evid\u00e8ncia la falta o vulnerabilitat dels actuals plans d\u2019emerg\u00e8ncia, aix\u00ed com la insufici\u00e8ncia de recursos humans i materials per donar una resposta \u00e0gil i coordinada davant situacions d\u2019aquesta magnitud, com \u00e9s la falta d\u2019efectius, vehicles i infraestructures del servei de Bombers del Consell d\u2019Eivissa.<\/p>\n<p>Aix\u00ed, el PSOE considera imprescindible actualitzar els plans d\u2019emerg\u00e8ncia i aprovar els plans municipals per part d\u2019aquells ajuntaments que no el tenen fet, aprofundint en l\u2019escenari espec\u00edfic de les inundacions, amb mesures de conting\u00e8ncia per a centres estrat\u00e8gics (hospital, resid\u00e8ncies, escoles&#8230;), aix\u00ed com la creaci\u00f3 de protocols espec\u00edfics de comunicaci\u00f3 i informaci\u00f3 a la ciutadania, amb especial atenci\u00f3 en \u00e0mbits i sectors com els centres educatius i les persones dependents.<\/p>\n<p>El PSOE reclamar\u00e0 al PP del Consell Insular, una vegada m\u00e9s, accelerar la construcci\u00f3 del subparc de Can Mar\u00e7\u00e0 (Santa Eul\u00e0ria) i planificar immediatament un segon subparc al sector oest de l\u2019illa. Tamb\u00e9 exigeix incrementar la plantilla, renovar vehicles i equipaments, com \u00e9s incorporar bombes d\u2019aigua d\u2019alta pot\u00e8ncia per afrontar millor les inundacions.<\/p>\n<p>Vicent Rosell\u00f3 ha exigit a Vicent Mar\u00ed, que &#8220;d&#8217;una vegada per totes es prengui d&#8217;una forma seriosa&#8221; la construcci\u00f3 dels dos subparcs de bombers que va prometre fa sis anys\u201d.<\/p>\n<p>El Partit Socialista proposar\u00e0 altres mesures per adaptar l\u2019illa a la nova realitat clim\u00e0tica, com un pla d\u2019inversions plurianual que permeti afrontar de manera planificada i sostinguda les necessitats derivades dels episodis extrems, amb actuacions priorit\u00e0ries en mat\u00e8ria d\u2019infraestructures, emerg\u00e8ncies i protecci\u00f3 civil.<\/p>\n<p>Tamb\u00e9 es proposar\u00e0 un programa anual obligatori de manteniment i neteja dels torrents i del sistema de drenatge pluvial, amb refor\u00e7 despr\u00e9s de cada temporal, aix\u00ed com revisar els plans de prevenci\u00f3 i actuaci\u00f3 per garantir-ne l\u2019efic\u00e0cia real.<\/p>\n<p>&#8220;Des de la Federaci\u00f3 Socialista d&#8217;Eivissa continuarem exigint aquestes millores i ho farem tant en els plenaris del Consell Insular com de la resta d&#8217;ajuntaments de l&#8217;illa d&#8217;Eivissa i del Parlament balear&#8221;, ha explicat el secretari general en acabar la reuni\u00f3 de la Comissi\u00f3 Executiva de la FSE-PSOE.<\/p>\n<p>La reuni\u00f3 de la Federaci\u00f3 Socialista d\u2019Eivissa ha comen\u00e7at amb un pronunciament de suport i solidaritat a totes les persones afectades per les inundacions i un sentit agra\u00efment i reconeixement a tots els serveis policials, d\u2019emerg\u00e8ncia i de protecci\u00f3 civil, tant d\u2019Eivissa com els que r\u00e0pidament es varen mobilitzar des de fora de l\u2019illa, que varen permetre el rescat de desenes de persones i la recuperaci\u00f3, en els dies posteriors, de les principals infraestructures i de les zones afectades perqu\u00e8 l\u2019illa pogu\u00e9s recuperar la normalitat tan prompte com va ser possible.<\/p>\n","protected":false},"excerpt":{"rendered":"<p>La Comissi\u00f3 Executiva de la Federaci\u00f3 Socialista d\u2019Eivissa (FSE-PSOE), reunida per valorar la situaci\u00f3 despr\u00e9s de les greus inundacions de la setmana passada, ha acordat demanar a totes les institucions un paquet d\u2019actuacions urgents per adaptar l\u2019illa als efectes del canvi clim\u00e0tic. \u201cAquesta DANA ens ha recordat que Eivissa \u00e9s m\u00e9s vulnerable del que alguns&hellip;<\/p>\n","protected":false},"author":1,"featured_media":41361,"comment_status":"closed","ping_status":"closed","sticky":false,"template":"","format":"standard","meta":{"footnotes":""},"categories":[1,212],"tags":[],"class_list":["post-41360","post","type-post","status-publish","format-standard","has-post-thumbnail","hentry","category-federacio-de-eivissa-portada","category-fse-psoe"],"yoast_head":"<!-- This site is optimized with the Yoast SEO plugin v26.9 - https:\/\/yoast.com\/product\/yoast-seo-wordpress\/ -->\n<title>El PSOE demanar\u00e0 a totes les institucions d\u2019Eivissa actuacions urgents per adaptar l\u2019illa als efectes del canvi clim\u00e0tic. Vicent Rosell\u00f3 respon al PP: \u201cLes autopistes no s\u2019haurien d\u2019haver fet mai\u201d - Federaci\u00f3 Socialista d&#039;Eivissa<\/title>\n<meta name=\"robots\" content=\"index, follow, max-snippet:-1, max-image-preview:large, max-video-preview:-1\" \/>\n<link rel=\"canonical\" href=\"https:\/\/www.psib-psoe.org\/eivissa\/el-psoe-demanara-a-totes-les-institucions-deivissa-actuacions-urgents-per-adaptar-lilla-als-efectes-del-canvi-climatic-vicent-rosello-respon-al-pp-les-autopistes-no-s\/\" \/>\n<meta property=\"og:locale\" content=\"ca_ES\" \/>\n<meta property=\"og:type\" content=\"article\" \/>\n<meta property=\"og:title\" content=\"El PSOE demanar\u00e0 a totes les institucions d\u2019Eivissa actuacions urgents per adaptar l\u2019illa als efectes del canvi clim\u00e0tic. Vicent Rosell\u00f3 respon al PP: \u201cLes autopistes no s\u2019haurien d\u2019haver fet mai\u201d - Federaci\u00f3 Socialista d&#039;Eivissa\" \/>\n<meta property=\"og:description\" content=\"La Comissi\u00f3 Executiva de la Federaci\u00f3 Socialista d\u2019Eivissa (FSE-PSOE), reunida per valorar la situaci\u00f3 despr\u00e9s de les greus inundacions de la setmana passada, ha acordat demanar a totes les institucions un paquet d\u2019actuacions urgents per adaptar l\u2019illa als efectes del canvi clim\u00e0tic. \u201cAquesta DANA ens ha recordat que Eivissa \u00e9s m\u00e9s vulnerable del que alguns&hellip;\" \/>\n<meta property=\"og:url\" content=\"https:\/\/www.psib-psoe.org\/eivissa\/el-psoe-demanara-a-totes-les-institucions-deivissa-actuacions-urgents-per-adaptar-lilla-als-efectes-del-canvi-climatic-vicent-rosello-respon-al-pp-les-autopistes-no-s\/\" \/>\n<meta property=\"og:site_name\" content=\"Federaci\u00f3 Socialista d&#039;Eivissa\" \/>\n<meta property=\"article:published_time\" content=\"2025-10-10T18:35:47+00:00\" \/>\n<meta property=\"article:modified_time\" content=\"2025-10-11T11:42:27+00:00\" \/>\n<meta property=\"og:image\" content=\"https:\/\/www.psib-psoe.org\/eivissa\/wp-content\/uploads\/reunio-comissio-executiva-fse-psoe-scaled.jpg\" \/>\n\t<meta property=\"og:image:width\" content=\"2560\" \/>\n\t<meta property=\"og:image:height\" content=\"1920\" \/>\n\t<meta property=\"og:image:type\" content=\"image\/jpeg\" \/>\n<meta name=\"author\" content=\"adminpsib\" \/>\n<meta name=\"twitter:card\" content=\"summary_large_image\" \/>\n<meta name=\"twitter:label1\" content=\"Escrit per\" \/>\n\t<meta name=\"twitter:data1\" content=\"adminpsib\" \/>\n\t<meta name=\"twitter:label2\" content=\"Temps estimat de lectura\" \/>\n\t<meta name=\"twitter:data2\" content=\"5 minuts\" \/>\n<script type=\"application\/ld+json\" class=\"yoast-schema-graph\">{\"@context\":\"https:\/\/schema.org\",\"@graph\":[{\"@type\":[\"Article\",\"BlogPosting\"],\"@id\":\"https:\/\/www.psib-psoe.org\/eivissa\/el-psoe-demanara-a-totes-les-institucions-deivissa-actuacions-urgents-per-adaptar-lilla-als-efectes-del-canvi-climatic-vicent-rosello-respon-al-pp-les-autopistes-no-s\/#article\",\"isPartOf\":{\"@id\":\"https:\/\/www.psib-psoe.org\/eivissa\/el-psoe-demanara-a-totes-les-institucions-deivissa-actuacions-urgents-per-adaptar-lilla-als-efectes-del-canvi-climatic-vicent-rosello-respon-al-pp-les-autopistes-no-s\/\"},\"author\":{\"name\":\"adminpsib\",\"@id\":\"https:\/\/www.psib-psoe.org\/eivissa\/#\/schema\/person\/099ab3ef73a3645a1d7f303518e6ce24\"},\"headline\":\"El PSOE demanar\u00e0 a totes les institucions d\u2019Eivissa actuacions urgents per adaptar l\u2019illa als efectes del canvi clim\u00e0tic. Vicent Rosell\u00f3 respon al PP: \u201cLes autopistes no s\u2019haurien d\u2019haver fet mai\u201d\",\"datePublished\":\"2025-10-10T18:35:47+00:00\",\"dateModified\":\"2025-10-11T11:42:27+00:00\",\"mainEntityOfPage\":{\"@id\":\"https:\/\/www.psib-psoe.org\/eivissa\/el-psoe-demanara-a-totes-les-institucions-deivissa-actuacions-urgents-per-adaptar-lilla-als-efectes-del-canvi-climatic-vicent-rosello-respon-al-pp-les-autopistes-no-s\/\"},\"wordCount\":1115,\"publisher\":{\"@id\":\"https:\/\/www.psib-psoe.org\/eivissa\/#organization\"},\"image\":{\"@id\":\"https:\/\/www.psib-psoe.org\/eivissa\/el-psoe-demanara-a-totes-les-institucions-deivissa-actuacions-urgents-per-adaptar-lilla-als-efectes-del-canvi-climatic-vicent-rosello-respon-al-pp-les-autopistes-no-s\/#primaryimage\"},\"thumbnailUrl\":\"https:\/\/www.psib-psoe.org\/eivissa\/wp-content\/uploads\/reunio-comissio-executiva-fse-psoe-scaled.jpg\",\"articleSection\":[\"Federaci\u00f3 d'Eivissa - Portada\",\"FSE-PSOE\"],\"inLanguage\":\"ca\"},{\"@type\":\"WebPage\",\"@id\":\"https:\/\/www.psib-psoe.org\/eivissa\/el-psoe-demanara-a-totes-les-institucions-deivissa-actuacions-urgents-per-adaptar-lilla-als-efectes-del-canvi-climatic-vicent-rosello-respon-al-pp-les-autopistes-no-s\/\",\"url\":\"https:\/\/www.psib-psoe.org\/eivissa\/el-psoe-demanara-a-totes-les-institucions-deivissa-actuacions-urgents-per-adaptar-lilla-als-efectes-del-canvi-climatic-vicent-rosello-respon-al-pp-les-autopistes-no-s\/\",\"name\":\"El PSOE demanar\u00e0 a totes les institucions d\u2019Eivissa actuacions urgents per adaptar l\u2019illa als efectes del canvi clim\u00e0tic. Vicent Rosell\u00f3 respon al PP: \u201cLes autopistes no s\u2019haurien d\u2019haver fet mai\u201d - Federaci\u00f3 Socialista d&#039;Eivissa\",\"isPartOf\":{\"@id\":\"https:\/\/www.psib-psoe.org\/eivissa\/#website\"},\"primaryImageOfPage\":{\"@id\":\"https:\/\/www.psib-psoe.org\/eivissa\/el-psoe-demanara-a-totes-les-institucions-deivissa-actuacions-urgents-per-adaptar-lilla-als-efectes-del-canvi-climatic-vicent-rosello-respon-al-pp-les-autopistes-no-s\/#primaryimage\"},\"image\":{\"@id\":\"https:\/\/www.psib-psoe.org\/eivissa\/el-psoe-demanara-a-totes-les-institucions-deivissa-actuacions-urgents-per-adaptar-lilla-als-efectes-del-canvi-climatic-vicent-rosello-respon-al-pp-les-autopistes-no-s\/#primaryimage\"},\"thumbnailUrl\":\"https:\/\/www.psib-psoe.org\/eivissa\/wp-content\/uploads\/reunio-comissio-executiva-fse-psoe-scaled.jpg\",\"datePublished\":\"2025-10-10T18:35:47+00:00\",\"dateModified\":\"2025-10-11T11:42:27+00:00\",\"breadcrumb\":{\"@id\":\"https:\/\/www.psib-psoe.org\/eivissa\/el-psoe-demanara-a-totes-les-institucions-deivissa-actuacions-urgents-per-adaptar-lilla-als-efectes-del-canvi-climatic-vicent-rosello-respon-al-pp-les-autopistes-no-s\/#breadcrumb\"},\"inLanguage\":\"ca\",\"potentialAction\":[{\"@type\":\"ReadAction\",\"target\":[\"https:\/\/www.psib-psoe.org\/eivissa\/el-psoe-demanara-a-totes-les-institucions-deivissa-actuacions-urgents-per-adaptar-lilla-als-efectes-del-canvi-climatic-vicent-rosello-respon-al-pp-les-autopistes-no-s\/\"]}]},{\"@type\":\"ImageObject\",\"inLanguage\":\"ca\",\"@id\":\"https:\/\/www.psib-psoe.org\/eivissa\/el-psoe-demanara-a-totes-les-institucions-deivissa-actuacions-urgents-per-adaptar-lilla-als-efectes-del-canvi-climatic-vicent-rosello-respon-al-pp-les-autopistes-no-s\/#primaryimage\",\"url\":\"https:\/\/www.psib-psoe.org\/eivissa\/wp-content\/uploads\/reunio-comissio-executiva-fse-psoe-scaled.jpg\",\"contentUrl\":\"https:\/\/www.psib-psoe.org\/eivissa\/wp-content\/uploads\/reunio-comissio-executiva-fse-psoe-scaled.jpg\",\"width\":2560,\"height\":1920},{\"@type\":\"BreadcrumbList\",\"@id\":\"https:\/\/www.psib-psoe.org\/eivissa\/el-psoe-demanara-a-totes-les-institucions-deivissa-actuacions-urgents-per-adaptar-lilla-als-efectes-del-canvi-climatic-vicent-rosello-respon-al-pp-les-autopistes-no-s\/#breadcrumb\",\"itemListElement\":[{\"@type\":\"ListItem\",\"position\":1,\"name\":\"Inici\",\"item\":\"https:\/\/www.psib-psoe.org\/eivissa\/\"},{\"@type\":\"ListItem\",\"position\":2,\"name\":\"El PSOE demanar\u00e0 a totes les institucions d\u2019Eivissa actuacions urgents per adaptar l\u2019illa als efectes del canvi clim\u00e0tic. Vicent Rosell\u00f3 respon al PP: \u201cLes autopistes no s\u2019haurien d\u2019haver fet mai\u201d\"}]},{\"@type\":\"WebSite\",\"@id\":\"https:\/\/www.psib-psoe.org\/eivissa\/#website\",\"url\":\"https:\/\/www.psib-psoe.org\/eivissa\/\",\"name\":\"Federaci\u00f3 Socialista d'Eivissa\",\"description\":\"Socialistes d&#039;Eivissa\",\"publisher\":{\"@id\":\"https:\/\/www.psib-psoe.org\/eivissa\/#organization\"},\"potentialAction\":[{\"@type\":\"SearchAction\",\"target\":{\"@type\":\"EntryPoint\",\"urlTemplate\":\"https:\/\/www.psib-psoe.org\/eivissa\/?s={search_term_string}\"},\"query-input\":{\"@type\":\"PropertyValueSpecification\",\"valueRequired\":true,\"valueName\":\"search_term_string\"}}],\"inLanguage\":\"ca\"},{\"@type\":\"Organization\",\"@id\":\"https:\/\/www.psib-psoe.org\/eivissa\/#organization\",\"name\":\"Federaci\u00f3 Socialista d'Eivissa\",\"url\":\"https:\/\/www.psib-psoe.org\/eivissa\/\",\"logo\":{\"@type\":\"ImageObject\",\"inLanguage\":\"ca\",\"@id\":\"https:\/\/www.psib-psoe.org\/eivissa\/#\/schema\/logo\/image\/\",\"url\":\"https:\/\/www.psib-psoe.org\/eivissa\/wp-content\/uploads\/LOGO-FSE-SOCIALISTA-DEIVISSA-HORI.png\",\"contentUrl\":\"https:\/\/www.psib-psoe.org\/eivissa\/wp-content\/uploads\/LOGO-FSE-SOCIALISTA-DEIVISSA-HORI.png\",\"width\":6000,\"height\":3104,\"caption\":\"Federaci\u00f3 Socialista d'Eivissa\"},\"image\":{\"@id\":\"https:\/\/www.psib-psoe.org\/eivissa\/#\/schema\/logo\/image\/\"}},{\"@type\":\"Person\",\"@id\":\"https:\/\/www.psib-psoe.org\/eivissa\/#\/schema\/person\/099ab3ef73a3645a1d7f303518e6ce24\",\"name\":\"adminpsib\",\"url\":\"https:\/\/www.psib-psoe.org\/eivissa\/author\/adminpsib\/\"}]}<\/script>\n<!-- \/ Yoast SEO plugin. -->","yoast_head_json":{"title":"El PSOE demanar\u00e0 a totes les institucions d\u2019Eivissa actuacions urgents per adaptar l\u2019illa als efectes del canvi clim\u00e0tic. Vicent Rosell\u00f3 respon al PP: \u201cLes autopistes no s\u2019haurien d\u2019haver fet mai\u201d - Federaci\u00f3 Socialista d&#039;Eivissa","robots":{"index":"index","follow":"follow","max-snippet":"max-snippet:-1","max-image-preview":"max-image-preview:large","max-video-preview":"max-video-preview:-1"},"canonical":"https:\/\/www.psib-psoe.org\/eivissa\/el-psoe-demanara-a-totes-les-institucions-deivissa-actuacions-urgents-per-adaptar-lilla-als-efectes-del-canvi-climatic-vicent-rosello-respon-al-pp-les-autopistes-no-s\/","og_locale":"ca_ES","og_type":"article","og_title":"El PSOE demanar\u00e0 a totes les institucions d\u2019Eivissa actuacions urgents per adaptar l\u2019illa als efectes del canvi clim\u00e0tic. Vicent Rosell\u00f3 respon al PP: \u201cLes autopistes no s\u2019haurien d\u2019haver fet mai\u201d - Federaci\u00f3 Socialista d&#039;Eivissa","og_description":"La Comissi\u00f3 Executiva de la Federaci\u00f3 Socialista d\u2019Eivissa (FSE-PSOE), reunida per valorar la situaci\u00f3 despr\u00e9s de les greus inundacions de la setmana passada, ha acordat demanar a totes les institucions un paquet d\u2019actuacions urgents per adaptar l\u2019illa als efectes del canvi clim\u00e0tic. \u201cAquesta DANA ens ha recordat que Eivissa \u00e9s m\u00e9s vulnerable del que alguns&hellip;","og_url":"https:\/\/www.psib-psoe.org\/eivissa\/el-psoe-demanara-a-totes-les-institucions-deivissa-actuacions-urgents-per-adaptar-lilla-als-efectes-del-canvi-climatic-vicent-rosello-respon-al-pp-les-autopistes-no-s\/","og_site_name":"Federaci\u00f3 Socialista d&#039;Eivissa","article_published_time":"2025-10-10T18:35:47+00:00","article_modified_time":"2025-10-11T11:42:27+00:00","og_image":[{"width":2560,"height":1920,"url":"https:\/\/www.psib-psoe.org\/eivissa\/wp-content\/uploads\/reunio-comissio-executiva-fse-psoe-scaled.jpg","type":"image\/jpeg"}],"author":"adminpsib","twitter_card":"summary_large_image","twitter_misc":{"Escrit per":"adminpsib","Temps estimat de lectura":"5 minuts"},"schema":{"@context":"https:\/\/schema.org","@graph":[{"@type":["Article","BlogPosting"],"@id":"https:\/\/www.psib-psoe.org\/eivissa\/el-psoe-demanara-a-totes-les-institucions-deivissa-actuacions-urgents-per-adaptar-lilla-als-efectes-del-canvi-climatic-vicent-rosello-respon-al-pp-les-autopistes-no-s\/#article","isPartOf":{"@id":"https:\/\/www.psib-psoe.org\/eivissa\/el-psoe-demanara-a-totes-les-institucions-deivissa-actuacions-urgents-per-adaptar-lilla-als-efectes-del-canvi-climatic-vicent-rosello-respon-al-pp-les-autopistes-no-s\/"},"author":{"name":"adminpsib","@id":"https:\/\/www.psib-psoe.org\/eivissa\/#\/schema\/person\/099ab3ef73a3645a1d7f303518e6ce24"},"headline":"El PSOE demanar\u00e0 a totes les institucions d\u2019Eivissa actuacions urgents per adaptar l\u2019illa als efectes del canvi clim\u00e0tic. Vicent Rosell\u00f3 respon al PP: \u201cLes autopistes no s\u2019haurien d\u2019haver fet mai\u201d","datePublished":"2025-10-10T18:35:47+00:00","dateModified":"2025-10-11T11:42:27+00:00","mainEntityOfPage":{"@id":"https:\/\/www.psib-psoe.org\/eivissa\/el-psoe-demanara-a-totes-les-institucions-deivissa-actuacions-urgents-per-adaptar-lilla-als-efectes-del-canvi-climatic-vicent-rosello-respon-al-pp-les-autopistes-no-s\/"},"wordCount":1115,"publisher":{"@id":"https:\/\/www.psib-psoe.org\/eivissa\/#organization"},"image":{"@id":"https:\/\/www.psib-psoe.org\/eivissa\/el-psoe-demanara-a-totes-les-institucions-deivissa-actuacions-urgents-per-adaptar-lilla-als-efectes-del-canvi-climatic-vicent-rosello-respon-al-pp-les-autopistes-no-s\/#primaryimage"},"thumbnailUrl":"https:\/\/www.psib-psoe.org\/eivissa\/wp-content\/uploads\/reunio-comissio-executiva-fse-psoe-scaled.jpg","articleSection":["Federaci\u00f3 d'Eivissa - Portada","FSE-PSOE"],"inLanguage":"ca"},{"@type":"WebPage","@id":"https:\/\/www.psib-psoe.org\/eivissa\/el-psoe-demanara-a-totes-les-institucions-deivissa-actuacions-urgents-per-adaptar-lilla-als-efectes-del-canvi-climatic-vicent-rosello-respon-al-pp-les-autopistes-no-s\/","url":"https:\/\/www.psib-psoe.org\/eivissa\/el-psoe-demanara-a-totes-les-institucions-deivissa-actuacions-urgents-per-adaptar-lilla-als-efectes-del-canvi-climatic-vicent-rosello-respon-al-pp-les-autopistes-no-s\/","name":"El PSOE demanar\u00e0 a totes les institucions d\u2019Eivissa actuacions urgents per adaptar l\u2019illa als efectes del canvi clim\u00e0tic. Vicent Rosell\u00f3 respon al PP: \u201cLes autopistes no s\u2019haurien d\u2019haver fet mai\u201d - Federaci\u00f3 Socialista d&#039;Eivissa","isPartOf":{"@id":"https:\/\/www.psib-psoe.org\/eivissa\/#website"},"primaryImageOfPage":{"@id":"https:\/\/www.psib-psoe.org\/eivissa\/el-psoe-demanara-a-totes-les-institucions-deivissa-actuacions-urgents-per-adaptar-lilla-als-efectes-del-canvi-climatic-vicent-rosello-respon-al-pp-les-autopistes-no-s\/#primaryimage"},"image":{"@id":"https:\/\/www.psib-psoe.org\/eivissa\/el-psoe-demanara-a-totes-les-institucions-deivissa-actuacions-urgents-per-adaptar-lilla-als-efectes-del-canvi-climatic-vicent-rosello-respon-al-pp-les-autopistes-no-s\/#primaryimage"},"thumbnailUrl":"https:\/\/www.psib-psoe.org\/eivissa\/wp-content\/uploads\/reunio-comissio-executiva-fse-psoe-scaled.jpg","datePublished":"2025-10-10T18:35:47+00:00","dateModified":"2025-10-11T11:42:27+00:00","breadcrumb":{"@id":"https:\/\/www.psib-psoe.org\/eivissa\/el-psoe-demanara-a-totes-les-institucions-deivissa-actuacions-urgents-per-adaptar-lilla-als-efectes-del-canvi-climatic-vicent-rosello-respon-al-pp-les-autopistes-no-s\/#breadcrumb"},"inLanguage":"ca","potentialAction":[{"@type":"ReadAction","target":["https:\/\/www.psib-psoe.org\/eivissa\/el-psoe-demanara-a-totes-les-institucions-deivissa-actuacions-urgents-per-adaptar-lilla-als-efectes-del-canvi-climatic-vicent-rosello-respon-al-pp-les-autopistes-no-s\/"]}]},{"@type":"ImageObject","inLanguage":"ca","@id":"https:\/\/www.psib-psoe.org\/eivissa\/el-psoe-demanara-a-totes-les-institucions-deivissa-actuacions-urgents-per-adaptar-lilla-als-efectes-del-canvi-climatic-vicent-rosello-respon-al-pp-les-autopistes-no-s\/#primaryimage","url":"https:\/\/www.psib-psoe.org\/eivissa\/wp-content\/uploads\/reunio-comissio-executiva-fse-psoe-scaled.jpg","contentUrl":"https:\/\/www.psib-psoe.org\/eivissa\/wp-content\/uploads\/reunio-comissio-executiva-fse-psoe-scaled.jpg","width":2560,"height":1920},{"@type":"BreadcrumbList","@id":"https:\/\/www.psib-psoe.org\/eivissa\/el-psoe-demanara-a-totes-les-institucions-deivissa-actuacions-urgents-per-adaptar-lilla-als-efectes-del-canvi-climatic-vicent-rosello-respon-al-pp-les-autopistes-no-s\/#breadcrumb","itemListElement":[{"@type":"ListItem","position":1,"name":"Inici","item":"https:\/\/www.psib-psoe.org\/eivissa\/"},{"@type":"ListItem","position":2,"name":"El PSOE demanar\u00e0 a totes les institucions d\u2019Eivissa actuacions urgents per adaptar l\u2019illa als efectes del canvi clim\u00e0tic. Vicent Rosell\u00f3 respon al PP: \u201cLes autopistes no s\u2019haurien d\u2019haver fet mai\u201d"}]},{"@type":"WebSite","@id":"https:\/\/www.psib-psoe.org\/eivissa\/#website","url":"https:\/\/www.psib-psoe.org\/eivissa\/","name":"Federaci\u00f3 Socialista d'Eivissa","description":"Socialistes d&#039;Eivissa","publisher":{"@id":"https:\/\/www.psib-psoe.org\/eivissa\/#organization"},"potentialAction":[{"@type":"SearchAction","target":{"@type":"EntryPoint","urlTemplate":"https:\/\/www.psib-psoe.org\/eivissa\/?s={search_term_string}"},"query-input":{"@type":"PropertyValueSpecification","valueRequired":true,"valueName":"search_term_string"}}],"inLanguage":"ca"},{"@type":"Organization","@id":"https:\/\/www.psib-psoe.org\/eivissa\/#organization","name":"Federaci\u00f3 Socialista d'Eivissa","url":"https:\/\/www.psib-psoe.org\/eivissa\/","logo":{"@type":"ImageObject","inLanguage":"ca","@id":"https:\/\/www.psib-psoe.org\/eivissa\/#\/schema\/logo\/image\/","url":"https:\/\/www.psib-psoe.org\/eivissa\/wp-content\/uploads\/LOGO-FSE-SOCIALISTA-DEIVISSA-HORI.png","contentUrl":"https:\/\/www.psib-psoe.org\/eivissa\/wp-content\/uploads\/LOGO-FSE-SOCIALISTA-DEIVISSA-HORI.png","width":6000,"height":3104,"caption":"Federaci\u00f3 Socialista d'Eivissa"},"image":{"@id":"https:\/\/www.psib-psoe.org\/eivissa\/#\/schema\/logo\/image\/"}},{"@type":"Person","@id":"https:\/\/www.psib-psoe.org\/eivissa\/#\/schema\/person\/099ab3ef73a3645a1d7f303518e6ce24","name":"adminpsib","url":"https:\/\/www.psib-psoe.org\/eivissa\/author\/adminpsib\/"}]}},"_links":{"self":[{"href":"https:\/\/www.psib-psoe.org\/eivissa\/wp-json\/wp\/v2\/posts\/41360","targetHints":{"allow":["GET"]}}],"collection":[{"href":"https:\/\/www.psib-psoe.org\/eivissa\/wp-json\/wp\/v2\/posts"}],"about":[{"href":"https:\/\/www.psib-psoe.org\/eivissa\/wp-json\/wp\/v2\/types\/post"}],"author":[{"embeddable":true,"href":"https:\/\/www.psib-psoe.org\/eivissa\/wp-json\/wp\/v2\/users\/1"}],"replies":[{"embeddable":true,"href":"https:\/\/www.psib-psoe.org\/eivissa\/wp-json\/wp\/v2\/comments?post=41360"}],"version-history":[{"count":2,"href":"https:\/\/www.psib-psoe.org\/eivissa\/wp-json\/wp\/v2\/posts\/41360\/revisions"}],"predecessor-version":[{"id":41365,"href":"https:\/\/www.psib-psoe.org\/eivissa\/wp-json\/wp\/v2\/posts\/41360\/revisions\/41365"}],"wp:featuredmedia":[{"embeddable":true,"href":"https:\/\/www.psib-psoe.org\/eivissa\/wp-json\/wp\/v2\/media\/41361"}],"wp:attachment":[{"href":"https:\/\/www.psib-psoe.org\/eivissa\/wp-json\/wp\/v2\/media?parent=41360"}],"wp:term":[{"taxonomy":"category","embeddable":true,"href":"https:\/\/www.psib-psoe.org\/eivissa\/wp-json\/wp\/v2\/categories?post=41360"},{"taxonomy":"post_tag","embeddable":true,"href":"https:\/\/www.psib-psoe.org\/eivissa\/wp-json\/wp\/v2\/tags?post=41360"}],"curies":[{"name":"wp","href":"https:\/\/api.w.org\/{rel}","templated":true}]}}