{"id":41371,"date":"2025-10-14T13:56:50","date_gmt":"2025-10-14T11:56:50","guid":{"rendered":"https:\/\/www.psib-psoe.org\/eivissa\/?p=41371"},"modified":"2025-10-14T13:56:50","modified_gmt":"2025-10-14T11:56:50","slug":"milena-herrera-exigeix-al-pp-que-aturi-les-seues-politiques-de-construccio-en-zones-inundables","status":"publish","type":"post","link":"https:\/\/www.psib-psoe.org\/eivissa\/milena-herrera-exigeix-al-pp-que-aturi-les-seues-politiques-de-construccio-en-zones-inundables\/","title":{"rendered":"Milena Herrera exigeix al PP que aturi les seues pol\u00edtiques de construcci\u00f3 en zones inundables"},"content":{"rendered":"<p>La diputada eivissenca del PSOE, Milena Herrera, ha intervingut avui a la Comissi\u00f3 Mixta sobre Insularitat del Congr\u00e9s dels Diputats per denunciar la manca de gesti\u00f3 del Govern de Marga Prohens i l\u2019\u00fas partidista de la q\u00fcesti\u00f3 migrat\u00f2ria per part del Partit Popular i Vox, a qui ha acusat d\u2019\u201calimentar discursos d\u2019odi per tapar la seua inoper\u00e0ncia\u201d.<\/p>\n<p>Amb motiu de la compareixen\u00e7a a la Comissi\u00f3 del delegat del Govern a les Illes Balears, Alfonso Rodr\u00edguez, la diputada socialista ha comen\u00e7at expressant la seua solidaritat amb les persones afectades per les fortes tempestes de les darreres setmanes, \u201cmolt especialment amb les eivissenques i els eivissencs que han patit importants danys materials\u201d.<\/p>\n<p>\u201cDavant dels discursos negacionistes del canvi clim\u00e0tic, hem de ser conscients que aquests fen\u00f2mens es reproduiran amb m\u00e9s freq\u00fc\u00e8ncia i virul\u00e8ncia. Per aix\u00f2 demano al Partit Popular que abandoni el seu objectiu de facilitar la construcci\u00f3 en zones inundables\u201d, ha assenyalat.<\/p>\n<p>La diputada socialista ha destacat la coordinaci\u00f3 entre el Govern d\u2019Espanya i el Govern balear durant els episodis d\u2019emerg\u00e8ncia, posant com a exemple la r\u00e0pida actuaci\u00f3 de la Unitat Militar d\u2019Emerg\u00e8ncies, desplegada a Eivissa en dos ocasions en nom\u00e9s quinze dies. \u201cAquesta feina conjunta demostra la voluntat del Govern d\u2019Espanya de col\u00b7laborar estretament amb les institucions auton\u00f2miques per resoldre els problemes reals de la ciutadania\u201d, ha afirmat.<\/p>\n<p>Milena Herrera ha subratllat el comprom\u00eds de l\u2019Executiu de Pedro S\u00e1nchez amb les Illes Balears, recordant que el 2026 la comunitat rebr\u00e0 la major transfer\u00e8ncia de cr\u00e8dit de la seua hist\u00f2ria, amb 4.191 milions d\u2019euros, un 4,3% m\u00e9s que enguany.<\/p>\n<p>Tamb\u00e9 ha destacat els 160 milions del factor d\u2019insularitat assignats el 2024, enfront dels 127 de l\u2019any anterior, \u201cla qual cosa demostra el bon funcionament d\u2019un mecanisme de compensaci\u00f3 impulsat durant el Govern de Francina Armengol\u201d.<\/p>\n<p>La diputada eivissenca ha repassat, a m\u00e9s, els projectes estrat\u00e8gics finan\u00e7ats pel Govern d\u2019Espanya, com el Parador o l\u2019actuaci\u00f3 en mat\u00e8ria d\u2019habitatge a Ca n\u2019Escandell, per\u00f2 \u201cno ens quedem nom\u00e9s en les infraestructures \u2014ha afegit\u2014. La societat balear tamb\u00e9 ha millorat gr\u00e0cies a la reforma laboral, la pujada del salari m\u00ednim, l\u2019ingr\u00e9s m\u00ednim vital, el transport gratu\u00eft o l\u2019ampliaci\u00f3 dels permisos de maternitat i paternitat\u201d.<\/p>\n<p>Milena Herrera ha destacat que m\u00e9s de 215.000 pensionistes de les Balears s\u2019han beneficiat de la revaloritzaci\u00f3 de les pensions aprovada pel Govern d\u2019Espanya, recordant que \u201cs\u00f3n les quartes m\u00e9s baixes de l\u2019Estat\u201d.<\/p>\n<p>\u201cUs imaginau qu\u00e8 hauria suposat per a ells no actualitzar-les, com van votar el PP i Vox?\u201d, ha preguntat. \u201cMentre el Govern d\u2019Espanya ha millorat la vida de la gent, el Govern de Prohens no ha estat capa\u00e7 d\u2019aprovar ni una sola mesura real en mat\u00e8ria d\u2019habitatge, sostenibilitat, educaci\u00f3 o sanitat\u201d.<\/p>\n<p>La diputada socialista ha reclamat a la dreta que \u201csurti de la trinxera ideol\u00f2gica del \u2018no a tot\u2019 i recuperi les vies de di\u00e0leg amb el Govern d\u2019Espanya, perqu\u00e8 la cooperaci\u00f3 institucional \u00e9s possible fins i tot des de la difer\u00e8ncia pol\u00edtica\u201d.<\/p>\n<p>En la segona intervenci\u00f3, Milena Herrera ha denunciat els discursos xen\u00f2fobs del Partit Popular i Vox, advertint que \u201cper demostrar que una persona no \u00e9s racista, ha d\u2019exercir d\u2019antiracista\u201d.<\/p>\n<p>\u201cAix\u00f2 implica no tirar endavant l\u2019enduriment de l\u2019acc\u00e9s a la renda social garantida anunciada per la senyora Prohens, que passa d\u2019un a tres anys de resid\u00e8ncia, una mesura racista i excloent que condemnar\u00e0 milers de persones a una major vulnerabilitat\u201d.<\/p>\n<p>Milena Herrera tamb\u00e9 ha retret al PP que \u201cculpi la immigraci\u00f3 irregular de l\u2019increment poblacional de les Balears\u201d, quan \u201cla meitat dels estrangers que viuen a les illes s\u00f3n europeus\u201d. \u201cTamb\u00e9 els volen fer fora?\u201d, ha preguntat, denunciant que \u201cel Govern del PP es centra en les persones migrants perqu\u00e8 ning\u00fa parli de la seua falta de gesti\u00f3 en mat\u00e8ria d\u2019habitatge, de control de l\u2019oferta tur\u00edstica o de sostenibilitat\u201d.<\/p>\n<p>La diputada eivissenca ha recordat que el Govern d\u2019Espanya ha destinat 7,5 milions d\u2019euros en suport a les Balears en mat\u00e8ria de gesti\u00f3 migrat\u00f2ria i 6,75 milions per habilitar espais d\u2019atenci\u00f3 digna per a les persones migrants, mentre el Govern balear \u201cboicoteja confer\u00e8ncies sectorials, no envia les dades de menors acollits i presenta contenciosos judicials per eludir les seues responsabilitats\u201d. \u201cCom poden demanar solidaritat a altres comunitats quan es neguen a acollir dos menors?\u201d, ha preguntat.<\/p>\n<p>Milena Herrera tamb\u00e9 ha criticat les declaracions de dirigents del PP eivissenc, com la consellera de Serveis Socials o el president del Consell Insular, Vicent Mar\u00ed, que \u201chan arribat a posar en dubte la protecci\u00f3 dels menors migrants\u201d.<\/p>\n<p>\u201cDeixin d\u2019utilitzar la inf\u00e0ncia migrant com a arma llanc\u00edvola. El seu discurs de la por no representa la ciutadania de les Illes Balears. Allunyi\u2019s d\u2019aquest cam\u00ed, perqu\u00e8 ni tan sols els portar\u00e0 un bon resultat electoral.\u201d<\/p>\n","protected":false},"excerpt":{"rendered":"<p>La diputada eivissenca del PSOE, Milena Herrera, ha intervingut avui a la Comissi\u00f3 Mixta sobre Insularitat del Congr\u00e9s dels Diputats per denunciar la manca de gesti\u00f3 del Govern de Marga Prohens i l\u2019\u00fas partidista de la q\u00fcesti\u00f3 migrat\u00f2ria per part del Partit Popular i Vox, a qui ha acusat d\u2019\u201calimentar discursos d\u2019odi per tapar la&hellip;<\/p>\n","protected":false},"author":1,"featured_media":41372,"comment_status":"closed","ping_status":"closed","sticky":false,"template":"","format":"standard","meta":{"footnotes":""},"categories":[1,190],"tags":[],"class_list":["post-41371","post","type-post","status-publish","format-standard","has-post-thumbnail","hentry","category-federacio-de-eivissa-portada","category-govern-despanya-congres-senat"],"yoast_head":"<!-- This site is optimized with the Yoast SEO plugin v26.9 - https:\/\/yoast.com\/product\/yoast-seo-wordpress\/ -->\n<title>Milena Herrera exigeix al PP que aturi les seues pol\u00edtiques de construcci\u00f3 en zones inundables - Federaci\u00f3 Socialista d&#039;Eivissa<\/title>\n<meta name=\"robots\" content=\"index, follow, max-snippet:-1, max-image-preview:large, max-video-preview:-1\" \/>\n<link rel=\"canonical\" href=\"https:\/\/www.psib-psoe.org\/eivissa\/milena-herrera-exigeix-al-pp-que-aturi-les-seues-politiques-de-construccio-en-zones-inundables\/\" \/>\n<meta property=\"og:locale\" content=\"ca_ES\" \/>\n<meta property=\"og:type\" content=\"article\" \/>\n<meta property=\"og:title\" content=\"Milena Herrera exigeix al PP que aturi les seues pol\u00edtiques de construcci\u00f3 en zones inundables - Federaci\u00f3 Socialista d&#039;Eivissa\" \/>\n<meta property=\"og:description\" content=\"La diputada eivissenca del PSOE, Milena Herrera, ha intervingut avui a la Comissi\u00f3 Mixta sobre Insularitat del Congr\u00e9s dels Diputats per denunciar la manca de gesti\u00f3 del Govern de Marga Prohens i l\u2019\u00fas partidista de la q\u00fcesti\u00f3 migrat\u00f2ria per part del Partit Popular i Vox, a qui ha acusat d\u2019\u201calimentar discursos d\u2019odi per tapar la&hellip;\" \/>\n<meta property=\"og:url\" content=\"https:\/\/www.psib-psoe.org\/eivissa\/milena-herrera-exigeix-al-pp-que-aturi-les-seues-politiques-de-construccio-en-zones-inundables\/\" \/>\n<meta property=\"og:site_name\" content=\"Federaci\u00f3 Socialista d&#039;Eivissa\" \/>\n<meta property=\"article:published_time\" content=\"2025-10-14T11:56:50+00:00\" \/>\n<meta property=\"og:image\" content=\"https:\/\/www.psib-psoe.org\/eivissa\/wp-content\/uploads\/milena-herrera-comissio-insularitat.png\" \/>\n\t<meta property=\"og:image:width\" content=\"578\" \/>\n\t<meta property=\"og:image:height\" content=\"350\" \/>\n\t<meta property=\"og:image:type\" content=\"image\/png\" \/>\n<meta name=\"author\" content=\"adminpsib\" \/>\n<meta name=\"twitter:card\" content=\"summary_large_image\" \/>\n<meta name=\"twitter:label1\" content=\"Escrit per\" \/>\n\t<meta name=\"twitter:data1\" content=\"adminpsib\" \/>\n\t<meta name=\"twitter:label2\" content=\"Temps estimat de lectura\" \/>\n\t<meta name=\"twitter:data2\" content=\"4 minuts\" \/>\n<script type=\"application\/ld+json\" class=\"yoast-schema-graph\">{\"@context\":\"https:\/\/schema.org\",\"@graph\":[{\"@type\":[\"Article\",\"BlogPosting\"],\"@id\":\"https:\/\/www.psib-psoe.org\/eivissa\/milena-herrera-exigeix-al-pp-que-aturi-les-seues-politiques-de-construccio-en-zones-inundables\/#article\",\"isPartOf\":{\"@id\":\"https:\/\/www.psib-psoe.org\/eivissa\/milena-herrera-exigeix-al-pp-que-aturi-les-seues-politiques-de-construccio-en-zones-inundables\/\"},\"author\":{\"name\":\"adminpsib\",\"@id\":\"https:\/\/www.psib-psoe.org\/eivissa\/#\/schema\/person\/099ab3ef73a3645a1d7f303518e6ce24\"},\"headline\":\"Milena Herrera exigeix al PP que aturi les seues pol\u00edtiques de construcci\u00f3 en zones inundables\",\"datePublished\":\"2025-10-14T11:56:50+00:00\",\"mainEntityOfPage\":{\"@id\":\"https:\/\/www.psib-psoe.org\/eivissa\/milena-herrera-exigeix-al-pp-que-aturi-les-seues-politiques-de-construccio-en-zones-inundables\/\"},\"wordCount\":872,\"publisher\":{\"@id\":\"https:\/\/www.psib-psoe.org\/eivissa\/#organization\"},\"image\":{\"@id\":\"https:\/\/www.psib-psoe.org\/eivissa\/milena-herrera-exigeix-al-pp-que-aturi-les-seues-politiques-de-construccio-en-zones-inundables\/#primaryimage\"},\"thumbnailUrl\":\"https:\/\/www.psib-psoe.org\/eivissa\/wp-content\/uploads\/milena-herrera-comissio-insularitat.png\",\"articleSection\":[\"Federaci\u00f3 d'Eivissa - Portada\",\"Govern d'Espanya - Congr\u00e9s - Senat - PSOE Federal\"],\"inLanguage\":\"ca\"},{\"@type\":\"WebPage\",\"@id\":\"https:\/\/www.psib-psoe.org\/eivissa\/milena-herrera-exigeix-al-pp-que-aturi-les-seues-politiques-de-construccio-en-zones-inundables\/\",\"url\":\"https:\/\/www.psib-psoe.org\/eivissa\/milena-herrera-exigeix-al-pp-que-aturi-les-seues-politiques-de-construccio-en-zones-inundables\/\",\"name\":\"Milena Herrera exigeix al PP que aturi les seues pol\u00edtiques de construcci\u00f3 en zones inundables - Federaci\u00f3 Socialista d&#039;Eivissa\",\"isPartOf\":{\"@id\":\"https:\/\/www.psib-psoe.org\/eivissa\/#website\"},\"primaryImageOfPage\":{\"@id\":\"https:\/\/www.psib-psoe.org\/eivissa\/milena-herrera-exigeix-al-pp-que-aturi-les-seues-politiques-de-construccio-en-zones-inundables\/#primaryimage\"},\"image\":{\"@id\":\"https:\/\/www.psib-psoe.org\/eivissa\/milena-herrera-exigeix-al-pp-que-aturi-les-seues-politiques-de-construccio-en-zones-inundables\/#primaryimage\"},\"thumbnailUrl\":\"https:\/\/www.psib-psoe.org\/eivissa\/wp-content\/uploads\/milena-herrera-comissio-insularitat.png\",\"datePublished\":\"2025-10-14T11:56:50+00:00\",\"breadcrumb\":{\"@id\":\"https:\/\/www.psib-psoe.org\/eivissa\/milena-herrera-exigeix-al-pp-que-aturi-les-seues-politiques-de-construccio-en-zones-inundables\/#breadcrumb\"},\"inLanguage\":\"ca\",\"potentialAction\":[{\"@type\":\"ReadAction\",\"target\":[\"https:\/\/www.psib-psoe.org\/eivissa\/milena-herrera-exigeix-al-pp-que-aturi-les-seues-politiques-de-construccio-en-zones-inundables\/\"]}]},{\"@type\":\"ImageObject\",\"inLanguage\":\"ca\",\"@id\":\"https:\/\/www.psib-psoe.org\/eivissa\/milena-herrera-exigeix-al-pp-que-aturi-les-seues-politiques-de-construccio-en-zones-inundables\/#primaryimage\",\"url\":\"https:\/\/www.psib-psoe.org\/eivissa\/wp-content\/uploads\/milena-herrera-comissio-insularitat.png\",\"contentUrl\":\"https:\/\/www.psib-psoe.org\/eivissa\/wp-content\/uploads\/milena-herrera-comissio-insularitat.png\",\"width\":578,\"height\":350},{\"@type\":\"BreadcrumbList\",\"@id\":\"https:\/\/www.psib-psoe.org\/eivissa\/milena-herrera-exigeix-al-pp-que-aturi-les-seues-politiques-de-construccio-en-zones-inundables\/#breadcrumb\",\"itemListElement\":[{\"@type\":\"ListItem\",\"position\":1,\"name\":\"Inici\",\"item\":\"https:\/\/www.psib-psoe.org\/eivissa\/\"},{\"@type\":\"ListItem\",\"position\":2,\"name\":\"Milena Herrera exigeix al PP que aturi les seues pol\u00edtiques de construcci\u00f3 en zones inundables\"}]},{\"@type\":\"WebSite\",\"@id\":\"https:\/\/www.psib-psoe.org\/eivissa\/#website\",\"url\":\"https:\/\/www.psib-psoe.org\/eivissa\/\",\"name\":\"Federaci\u00f3 Socialista d'Eivissa\",\"description\":\"Socialistes d&#039;Eivissa\",\"publisher\":{\"@id\":\"https:\/\/www.psib-psoe.org\/eivissa\/#organization\"},\"potentialAction\":[{\"@type\":\"SearchAction\",\"target\":{\"@type\":\"EntryPoint\",\"urlTemplate\":\"https:\/\/www.psib-psoe.org\/eivissa\/?s={search_term_string}\"},\"query-input\":{\"@type\":\"PropertyValueSpecification\",\"valueRequired\":true,\"valueName\":\"search_term_string\"}}],\"inLanguage\":\"ca\"},{\"@type\":\"Organization\",\"@id\":\"https:\/\/www.psib-psoe.org\/eivissa\/#organization\",\"name\":\"Federaci\u00f3 Socialista d'Eivissa\",\"url\":\"https:\/\/www.psib-psoe.org\/eivissa\/\",\"logo\":{\"@type\":\"ImageObject\",\"inLanguage\":\"ca\",\"@id\":\"https:\/\/www.psib-psoe.org\/eivissa\/#\/schema\/logo\/image\/\",\"url\":\"https:\/\/www.psib-psoe.org\/eivissa\/wp-content\/uploads\/LOGO-FSE-SOCIALISTA-DEIVISSA-HORI.png\",\"contentUrl\":\"https:\/\/www.psib-psoe.org\/eivissa\/wp-content\/uploads\/LOGO-FSE-SOCIALISTA-DEIVISSA-HORI.png\",\"width\":6000,\"height\":3104,\"caption\":\"Federaci\u00f3 Socialista d'Eivissa\"},\"image\":{\"@id\":\"https:\/\/www.psib-psoe.org\/eivissa\/#\/schema\/logo\/image\/\"}},{\"@type\":\"Person\",\"@id\":\"https:\/\/www.psib-psoe.org\/eivissa\/#\/schema\/person\/099ab3ef73a3645a1d7f303518e6ce24\",\"name\":\"adminpsib\",\"url\":\"https:\/\/www.psib-psoe.org\/eivissa\/author\/adminpsib\/\"}]}<\/script>\n<!-- \/ Yoast SEO plugin. -->","yoast_head_json":{"title":"Milena Herrera exigeix al PP que aturi les seues pol\u00edtiques de construcci\u00f3 en zones inundables - Federaci\u00f3 Socialista d&#039;Eivissa","robots":{"index":"index","follow":"follow","max-snippet":"max-snippet:-1","max-image-preview":"max-image-preview:large","max-video-preview":"max-video-preview:-1"},"canonical":"https:\/\/www.psib-psoe.org\/eivissa\/milena-herrera-exigeix-al-pp-que-aturi-les-seues-politiques-de-construccio-en-zones-inundables\/","og_locale":"ca_ES","og_type":"article","og_title":"Milena Herrera exigeix al PP que aturi les seues pol\u00edtiques de construcci\u00f3 en zones inundables - Federaci\u00f3 Socialista d&#039;Eivissa","og_description":"La diputada eivissenca del PSOE, Milena Herrera, ha intervingut avui a la Comissi\u00f3 Mixta sobre Insularitat del Congr\u00e9s dels Diputats per denunciar la manca de gesti\u00f3 del Govern de Marga Prohens i l\u2019\u00fas partidista de la q\u00fcesti\u00f3 migrat\u00f2ria per part del Partit Popular i Vox, a qui ha acusat d\u2019\u201calimentar discursos d\u2019odi per tapar la&hellip;","og_url":"https:\/\/www.psib-psoe.org\/eivissa\/milena-herrera-exigeix-al-pp-que-aturi-les-seues-politiques-de-construccio-en-zones-inundables\/","og_site_name":"Federaci\u00f3 Socialista d&#039;Eivissa","article_published_time":"2025-10-14T11:56:50+00:00","og_image":[{"width":578,"height":350,"url":"https:\/\/www.psib-psoe.org\/eivissa\/wp-content\/uploads\/milena-herrera-comissio-insularitat.png","type":"image\/png"}],"author":"adminpsib","twitter_card":"summary_large_image","twitter_misc":{"Escrit per":"adminpsib","Temps estimat de lectura":"4 minuts"},"schema":{"@context":"https:\/\/schema.org","@graph":[{"@type":["Article","BlogPosting"],"@id":"https:\/\/www.psib-psoe.org\/eivissa\/milena-herrera-exigeix-al-pp-que-aturi-les-seues-politiques-de-construccio-en-zones-inundables\/#article","isPartOf":{"@id":"https:\/\/www.psib-psoe.org\/eivissa\/milena-herrera-exigeix-al-pp-que-aturi-les-seues-politiques-de-construccio-en-zones-inundables\/"},"author":{"name":"adminpsib","@id":"https:\/\/www.psib-psoe.org\/eivissa\/#\/schema\/person\/099ab3ef73a3645a1d7f303518e6ce24"},"headline":"Milena Herrera exigeix al PP que aturi les seues pol\u00edtiques de construcci\u00f3 en zones inundables","datePublished":"2025-10-14T11:56:50+00:00","mainEntityOfPage":{"@id":"https:\/\/www.psib-psoe.org\/eivissa\/milena-herrera-exigeix-al-pp-que-aturi-les-seues-politiques-de-construccio-en-zones-inundables\/"},"wordCount":872,"publisher":{"@id":"https:\/\/www.psib-psoe.org\/eivissa\/#organization"},"image":{"@id":"https:\/\/www.psib-psoe.org\/eivissa\/milena-herrera-exigeix-al-pp-que-aturi-les-seues-politiques-de-construccio-en-zones-inundables\/#primaryimage"},"thumbnailUrl":"https:\/\/www.psib-psoe.org\/eivissa\/wp-content\/uploads\/milena-herrera-comissio-insularitat.png","articleSection":["Federaci\u00f3 d'Eivissa - Portada","Govern d'Espanya - Congr\u00e9s - Senat - PSOE Federal"],"inLanguage":"ca"},{"@type":"WebPage","@id":"https:\/\/www.psib-psoe.org\/eivissa\/milena-herrera-exigeix-al-pp-que-aturi-les-seues-politiques-de-construccio-en-zones-inundables\/","url":"https:\/\/www.psib-psoe.org\/eivissa\/milena-herrera-exigeix-al-pp-que-aturi-les-seues-politiques-de-construccio-en-zones-inundables\/","name":"Milena Herrera exigeix al PP que aturi les seues pol\u00edtiques de construcci\u00f3 en zones inundables - Federaci\u00f3 Socialista d&#039;Eivissa","isPartOf":{"@id":"https:\/\/www.psib-psoe.org\/eivissa\/#website"},"primaryImageOfPage":{"@id":"https:\/\/www.psib-psoe.org\/eivissa\/milena-herrera-exigeix-al-pp-que-aturi-les-seues-politiques-de-construccio-en-zones-inundables\/#primaryimage"},"image":{"@id":"https:\/\/www.psib-psoe.org\/eivissa\/milena-herrera-exigeix-al-pp-que-aturi-les-seues-politiques-de-construccio-en-zones-inundables\/#primaryimage"},"thumbnailUrl":"https:\/\/www.psib-psoe.org\/eivissa\/wp-content\/uploads\/milena-herrera-comissio-insularitat.png","datePublished":"2025-10-14T11:56:50+00:00","breadcrumb":{"@id":"https:\/\/www.psib-psoe.org\/eivissa\/milena-herrera-exigeix-al-pp-que-aturi-les-seues-politiques-de-construccio-en-zones-inundables\/#breadcrumb"},"inLanguage":"ca","potentialAction":[{"@type":"ReadAction","target":["https:\/\/www.psib-psoe.org\/eivissa\/milena-herrera-exigeix-al-pp-que-aturi-les-seues-politiques-de-construccio-en-zones-inundables\/"]}]},{"@type":"ImageObject","inLanguage":"ca","@id":"https:\/\/www.psib-psoe.org\/eivissa\/milena-herrera-exigeix-al-pp-que-aturi-les-seues-politiques-de-construccio-en-zones-inundables\/#primaryimage","url":"https:\/\/www.psib-psoe.org\/eivissa\/wp-content\/uploads\/milena-herrera-comissio-insularitat.png","contentUrl":"https:\/\/www.psib-psoe.org\/eivissa\/wp-content\/uploads\/milena-herrera-comissio-insularitat.png","width":578,"height":350},{"@type":"BreadcrumbList","@id":"https:\/\/www.psib-psoe.org\/eivissa\/milena-herrera-exigeix-al-pp-que-aturi-les-seues-politiques-de-construccio-en-zones-inundables\/#breadcrumb","itemListElement":[{"@type":"ListItem","position":1,"name":"Inici","item":"https:\/\/www.psib-psoe.org\/eivissa\/"},{"@type":"ListItem","position":2,"name":"Milena Herrera exigeix al PP que aturi les seues pol\u00edtiques de construcci\u00f3 en zones inundables"}]},{"@type":"WebSite","@id":"https:\/\/www.psib-psoe.org\/eivissa\/#website","url":"https:\/\/www.psib-psoe.org\/eivissa\/","name":"Federaci\u00f3 Socialista d'Eivissa","description":"Socialistes d&#039;Eivissa","publisher":{"@id":"https:\/\/www.psib-psoe.org\/eivissa\/#organization"},"potentialAction":[{"@type":"SearchAction","target":{"@type":"EntryPoint","urlTemplate":"https:\/\/www.psib-psoe.org\/eivissa\/?s={search_term_string}"},"query-input":{"@type":"PropertyValueSpecification","valueRequired":true,"valueName":"search_term_string"}}],"inLanguage":"ca"},{"@type":"Organization","@id":"https:\/\/www.psib-psoe.org\/eivissa\/#organization","name":"Federaci\u00f3 Socialista d'Eivissa","url":"https:\/\/www.psib-psoe.org\/eivissa\/","logo":{"@type":"ImageObject","inLanguage":"ca","@id":"https:\/\/www.psib-psoe.org\/eivissa\/#\/schema\/logo\/image\/","url":"https:\/\/www.psib-psoe.org\/eivissa\/wp-content\/uploads\/LOGO-FSE-SOCIALISTA-DEIVISSA-HORI.png","contentUrl":"https:\/\/www.psib-psoe.org\/eivissa\/wp-content\/uploads\/LOGO-FSE-SOCIALISTA-DEIVISSA-HORI.png","width":6000,"height":3104,"caption":"Federaci\u00f3 Socialista d'Eivissa"},"image":{"@id":"https:\/\/www.psib-psoe.org\/eivissa\/#\/schema\/logo\/image\/"}},{"@type":"Person","@id":"https:\/\/www.psib-psoe.org\/eivissa\/#\/schema\/person\/099ab3ef73a3645a1d7f303518e6ce24","name":"adminpsib","url":"https:\/\/www.psib-psoe.org\/eivissa\/author\/adminpsib\/"}]}},"_links":{"self":[{"href":"https:\/\/www.psib-psoe.org\/eivissa\/wp-json\/wp\/v2\/posts\/41371","targetHints":{"allow":["GET"]}}],"collection":[{"href":"https:\/\/www.psib-psoe.org\/eivissa\/wp-json\/wp\/v2\/posts"}],"about":[{"href":"https:\/\/www.psib-psoe.org\/eivissa\/wp-json\/wp\/v2\/types\/post"}],"author":[{"embeddable":true,"href":"https:\/\/www.psib-psoe.org\/eivissa\/wp-json\/wp\/v2\/users\/1"}],"replies":[{"embeddable":true,"href":"https:\/\/www.psib-psoe.org\/eivissa\/wp-json\/wp\/v2\/comments?post=41371"}],"version-history":[{"count":1,"href":"https:\/\/www.psib-psoe.org\/eivissa\/wp-json\/wp\/v2\/posts\/41371\/revisions"}],"predecessor-version":[{"id":41373,"href":"https:\/\/www.psib-psoe.org\/eivissa\/wp-json\/wp\/v2\/posts\/41371\/revisions\/41373"}],"wp:featuredmedia":[{"embeddable":true,"href":"https:\/\/www.psib-psoe.org\/eivissa\/wp-json\/wp\/v2\/media\/41372"}],"wp:attachment":[{"href":"https:\/\/www.psib-psoe.org\/eivissa\/wp-json\/wp\/v2\/media?parent=41371"}],"wp:term":[{"taxonomy":"category","embeddable":true,"href":"https:\/\/www.psib-psoe.org\/eivissa\/wp-json\/wp\/v2\/categories?post=41371"},{"taxonomy":"post_tag","embeddable":true,"href":"https:\/\/www.psib-psoe.org\/eivissa\/wp-json\/wp\/v2\/tags?post=41371"}],"curies":[{"name":"wp","href":"https:\/\/api.w.org\/{rel}","templated":true}]}}