{"id":41384,"date":"2025-10-16T17:17:48","date_gmt":"2025-10-16T15:17:48","guid":{"rendered":"https:\/\/www.psib-psoe.org\/eivissa\/?p=41384"},"modified":"2025-10-16T17:18:39","modified_gmt":"2025-10-16T15:18:39","slug":"el-psoe-denuncia-que-la-vaga-indefinida-a-les-residencies-evidencia-el-fracas-del-consell-de-vicent-mari-i-la-nefasta-gestio-de-carolina-escandell","status":"publish","type":"post","link":"https:\/\/www.psib-psoe.org\/eivissa\/el-psoe-denuncia-que-la-vaga-indefinida-a-les-residencies-evidencia-el-fracas-del-consell-de-vicent-mari-i-la-nefasta-gestio-de-carolina-escandell\/","title":{"rendered":"El PSOE denuncia que la vaga indefinida a les resid\u00e8ncies evidencia el frac\u00e0s del Consell de Vicent Mar\u00ed i la nefasta gesti\u00f3 de Carolina Escandell"},"content":{"rendered":"<p>La Federaci\u00f3 Socialista d\u2019Eivissa (FSE-PSOE) expressa el seu suport i solidaritat amb els treballadors i les treballadores de les resid\u00e8ncies p\u00fabliques d\u2019Eivissa baix gesti\u00f3 del Govern balear, que han iniciat una vaga per reclamar millores laborals i en la qualitat assistencial de les persones majors. <\/p>\n<p>El PSOE recorda que fa anys que alerten del col\u00b7lapse del sistema residencial i de la falta de comprom\u00eds del Consell Insular de Vicent Mar\u00ed per assumir les compet\u00e8ncies pr\u00f2pies.<\/p>\n<p>Aix\u00ed, el Grup PSOE del Consell Insular d\u2019Eivissa considera que la vaga indefinida dels treballadors de les resid\u00e8ncies p\u00fabliques Can Blai, Sa Serra i Can Raspalls, iniciada aquest dimecres, \u00e9s la conseq\u00fc\u00e8ncia directa d\u2019anys \u201cd\u2019inacci\u00f3, improvisaci\u00f3 i des\u00eddia pol\u00edtica del govern del Partit Popular al Consell Insular, encap\u00e7alat per Vicent Mar\u00ed, i de la consellera de Benestar Social, Carolina Escandell\u201d.<\/p>\n<p>\u201cEl senyor Vicent Mar\u00ed duu m\u00e9s de sis anys al capdavant del Consell i encara no ha complit la seva promesa d&#8217;assumir les compet\u00e8ncies pr\u00f2pies en la gesti\u00f3 de les resid\u00e8ncies. Mentre a Mallorca i Menorca fa anys que aquestes compet\u00e8ncies estan transferides, a Eivissa seguim a la coua per culpa d\u2019un Consell que ha renunciat a exercir la seva responsabilitat\u201d, ha denunciat el conseller socialista V\u00edctor Torres.<\/p>\n<p>Amb el PP tamb\u00e9 al Govern balear des de 2023, \u201cles conseq\u00fc\u00e8ncies s\u2019estan agreujant, amb personal insuficient, condicions laborals injustes i falta d\u2019inversi\u00f3 en l\u2019atenci\u00f3 de les persones majors d\u2019Eivissa.\u201d<\/p>\n<p>El PSOE recorda que el trasp\u00e0s de la gesti\u00f3 al Govern balear va ser una decisi\u00f3 del PP, per\u00f2 que la seva reversi\u00f3 estava acordada entre institucions. \u201cVicent Mar\u00ed prefereix mirar cap a una altra banda mentre els treballadors es veuen obligats a anar a la vaga per ser escoltats. \u00c9s una irresponsabilitat maj\u00fascula i una falta de respecte cap al personal i cap a les fam\u00edlies\u201d, ha afegit V\u00edctor Torres.<\/p>\n<p>El PSOE insta el Consell d\u2019Eivissa a assumir de manera immediata la gesti\u00f3 de les resid\u00e8ncies p\u00fabliques, d\u2019acord amb les seves compet\u00e8ncies en mat\u00e8ria residencial establertes a l\u2019article 70.4 de l\u2019Estatut d\u2019Autonomia, i al Govern balear a obrir una taula de di\u00e0leg amb els representants dels treballadors per garantir, mentre no es faci efectiu el trasp\u00e0s, millores laborals i un servei p\u00fablic de qualitat, aix\u00ed com a planificar i promoure noves places i infraestructures residencials per reduir la llista d\u2019espera i assegurar una atenci\u00f3 digna a les persones majors.<\/p>\n<p>El PSOE recorda tamb\u00e9 que el Partit Popular mant\u00e9 bloquejat el projecte de nova resid\u00e8ncia a Sant Josep de sa Talaia, tot i que l\u2019Ajuntament disposa dels terrenys cedits per un particular amb la condici\u00f3 expressa de construir-hi un centre per a persones majors. \u201c\u00c9s una mostra m\u00e9s de la falta de voluntat del PP. Ni assumeixen la gesti\u00f3, ni impulsen noves infraestructures, ni respecten els compromisos adquirits amb la ciutadania\u201d, ha denunciat V\u00edctor Torres. <\/p>\n<p>\u201cEl que est\u00e0 passant \u00e9s un frac\u00e0s pol\u00edtic i moral. Mentre Vicent Mar\u00ed i Carolina Escandell continuen fent anuncis  buits i fent promeses, els nostres majors esperen i els treballadors se\u2019n van. Eivissa no pot continuar aix\u00ed\u201d, ha dit el conseller socialista.<\/p>\n","protected":false},"excerpt":{"rendered":"<p>La Federaci\u00f3 Socialista d\u2019Eivissa (FSE-PSOE) expressa el seu suport i solidaritat amb els treballadors i les treballadores de les resid\u00e8ncies p\u00fabliques d\u2019Eivissa baix gesti\u00f3 del Govern balear, que han iniciat una vaga per reclamar millores laborals i en la qualitat assistencial de les persones majors. El PSOE recorda que fa anys que alerten del col\u00b7lapse&hellip;<\/p>\n","protected":false},"author":1,"featured_media":28108,"comment_status":"closed","ping_status":"closed","sticky":false,"template":"","format":"standard","meta":{"footnotes":""},"categories":[192,1,191],"tags":[],"class_list":["post-41384","post","type-post","status-publish","format-standard","has-post-thumbnail","hentry","category-consell-deivissa","category-federacio-de-eivissa-portada","category-govern-de-les-illes-balears-parlament"],"yoast_head":"<!-- This site is optimized with the Yoast SEO plugin v26.9 - https:\/\/yoast.com\/product\/yoast-seo-wordpress\/ -->\n<title>El PSOE denuncia que la vaga indefinida a les resid\u00e8ncies evidencia el frac\u00e0s del Consell de Vicent Mar\u00ed i la nefasta gesti\u00f3 de Carolina Escandell - Federaci\u00f3 Socialista d&#039;Eivissa<\/title>\n<meta name=\"robots\" content=\"index, follow, max-snippet:-1, max-image-preview:large, max-video-preview:-1\" \/>\n<link rel=\"canonical\" href=\"https:\/\/www.psib-psoe.org\/eivissa\/el-psoe-denuncia-que-la-vaga-indefinida-a-les-residencies-evidencia-el-fracas-del-consell-de-vicent-mari-i-la-nefasta-gestio-de-carolina-escandell\/\" \/>\n<meta property=\"og:locale\" content=\"ca_ES\" \/>\n<meta property=\"og:type\" content=\"article\" \/>\n<meta property=\"og:title\" content=\"El PSOE denuncia que la vaga indefinida a les resid\u00e8ncies evidencia el frac\u00e0s del Consell de Vicent Mar\u00ed i la nefasta gesti\u00f3 de Carolina Escandell - Federaci\u00f3 Socialista d&#039;Eivissa\" \/>\n<meta property=\"og:description\" content=\"La Federaci\u00f3 Socialista d\u2019Eivissa (FSE-PSOE) expressa el seu suport i solidaritat amb els treballadors i les treballadores de les resid\u00e8ncies p\u00fabliques d\u2019Eivissa baix gesti\u00f3 del Govern balear, que han iniciat una vaga per reclamar millores laborals i en la qualitat assistencial de les persones majors. El PSOE recorda que fa anys que alerten del col\u00b7lapse&hellip;\" \/>\n<meta property=\"og:url\" content=\"https:\/\/www.psib-psoe.org\/eivissa\/el-psoe-denuncia-que-la-vaga-indefinida-a-les-residencies-evidencia-el-fracas-del-consell-de-vicent-mari-i-la-nefasta-gestio-de-carolina-escandell\/\" \/>\n<meta property=\"og:site_name\" content=\"Federaci\u00f3 Socialista d&#039;Eivissa\" \/>\n<meta property=\"article:published_time\" content=\"2025-10-16T15:17:48+00:00\" \/>\n<meta property=\"article:modified_time\" content=\"2025-10-16T15:18:39+00:00\" \/>\n<meta property=\"og:image\" content=\"https:\/\/www.psib-psoe.org\/eivissa\/wp-content\/uploads\/foto_residencia_can_blai.jpg\" \/>\n\t<meta property=\"og:image:width\" content=\"290\" \/>\n\t<meta property=\"og:image:height\" content=\"218\" \/>\n\t<meta property=\"og:image:type\" content=\"image\/jpeg\" \/>\n<meta name=\"author\" content=\"adminpsib\" \/>\n<meta name=\"twitter:card\" content=\"summary_large_image\" \/>\n<meta name=\"twitter:label1\" content=\"Escrit per\" \/>\n\t<meta name=\"twitter:data1\" content=\"adminpsib\" \/>\n\t<meta name=\"twitter:label2\" content=\"Temps estimat de lectura\" \/>\n\t<meta name=\"twitter:data2\" content=\"3 minuts\" \/>\n<script type=\"application\/ld+json\" class=\"yoast-schema-graph\">{\"@context\":\"https:\/\/schema.org\",\"@graph\":[{\"@type\":[\"Article\",\"BlogPosting\"],\"@id\":\"https:\/\/www.psib-psoe.org\/eivissa\/el-psoe-denuncia-que-la-vaga-indefinida-a-les-residencies-evidencia-el-fracas-del-consell-de-vicent-mari-i-la-nefasta-gestio-de-carolina-escandell\/#article\",\"isPartOf\":{\"@id\":\"https:\/\/www.psib-psoe.org\/eivissa\/el-psoe-denuncia-que-la-vaga-indefinida-a-les-residencies-evidencia-el-fracas-del-consell-de-vicent-mari-i-la-nefasta-gestio-de-carolina-escandell\/\"},\"author\":{\"name\":\"adminpsib\",\"@id\":\"https:\/\/www.psib-psoe.org\/eivissa\/#\/schema\/person\/099ab3ef73a3645a1d7f303518e6ce24\"},\"headline\":\"El PSOE denuncia que la vaga indefinida a les resid\u00e8ncies evidencia el frac\u00e0s del Consell de Vicent Mar\u00ed i la nefasta gesti\u00f3 de Carolina Escandell\",\"datePublished\":\"2025-10-16T15:17:48+00:00\",\"dateModified\":\"2025-10-16T15:18:39+00:00\",\"mainEntityOfPage\":{\"@id\":\"https:\/\/www.psib-psoe.org\/eivissa\/el-psoe-denuncia-que-la-vaga-indefinida-a-les-residencies-evidencia-el-fracas-del-consell-de-vicent-mari-i-la-nefasta-gestio-de-carolina-escandell\/\"},\"wordCount\":588,\"publisher\":{\"@id\":\"https:\/\/www.psib-psoe.org\/eivissa\/#organization\"},\"image\":{\"@id\":\"https:\/\/www.psib-psoe.org\/eivissa\/el-psoe-denuncia-que-la-vaga-indefinida-a-les-residencies-evidencia-el-fracas-del-consell-de-vicent-mari-i-la-nefasta-gestio-de-carolina-escandell\/#primaryimage\"},\"thumbnailUrl\":\"https:\/\/www.psib-psoe.org\/eivissa\/wp-content\/uploads\/foto_residencia_can_blai.jpg\",\"articleSection\":[\"Consell d'Eivissa\",\"Federaci\u00f3 d'Eivissa - Portada\",\"Govern de les Illes Balears - Parlament - PSIB-PSOE\"],\"inLanguage\":\"ca\"},{\"@type\":\"WebPage\",\"@id\":\"https:\/\/www.psib-psoe.org\/eivissa\/el-psoe-denuncia-que-la-vaga-indefinida-a-les-residencies-evidencia-el-fracas-del-consell-de-vicent-mari-i-la-nefasta-gestio-de-carolina-escandell\/\",\"url\":\"https:\/\/www.psib-psoe.org\/eivissa\/el-psoe-denuncia-que-la-vaga-indefinida-a-les-residencies-evidencia-el-fracas-del-consell-de-vicent-mari-i-la-nefasta-gestio-de-carolina-escandell\/\",\"name\":\"El PSOE denuncia que la vaga indefinida a les resid\u00e8ncies evidencia el frac\u00e0s del Consell de Vicent Mar\u00ed i la nefasta gesti\u00f3 de Carolina Escandell - Federaci\u00f3 Socialista d&#039;Eivissa\",\"isPartOf\":{\"@id\":\"https:\/\/www.psib-psoe.org\/eivissa\/#website\"},\"primaryImageOfPage\":{\"@id\":\"https:\/\/www.psib-psoe.org\/eivissa\/el-psoe-denuncia-que-la-vaga-indefinida-a-les-residencies-evidencia-el-fracas-del-consell-de-vicent-mari-i-la-nefasta-gestio-de-carolina-escandell\/#primaryimage\"},\"image\":{\"@id\":\"https:\/\/www.psib-psoe.org\/eivissa\/el-psoe-denuncia-que-la-vaga-indefinida-a-les-residencies-evidencia-el-fracas-del-consell-de-vicent-mari-i-la-nefasta-gestio-de-carolina-escandell\/#primaryimage\"},\"thumbnailUrl\":\"https:\/\/www.psib-psoe.org\/eivissa\/wp-content\/uploads\/foto_residencia_can_blai.jpg\",\"datePublished\":\"2025-10-16T15:17:48+00:00\",\"dateModified\":\"2025-10-16T15:18:39+00:00\",\"breadcrumb\":{\"@id\":\"https:\/\/www.psib-psoe.org\/eivissa\/el-psoe-denuncia-que-la-vaga-indefinida-a-les-residencies-evidencia-el-fracas-del-consell-de-vicent-mari-i-la-nefasta-gestio-de-carolina-escandell\/#breadcrumb\"},\"inLanguage\":\"ca\",\"potentialAction\":[{\"@type\":\"ReadAction\",\"target\":[\"https:\/\/www.psib-psoe.org\/eivissa\/el-psoe-denuncia-que-la-vaga-indefinida-a-les-residencies-evidencia-el-fracas-del-consell-de-vicent-mari-i-la-nefasta-gestio-de-carolina-escandell\/\"]}]},{\"@type\":\"ImageObject\",\"inLanguage\":\"ca\",\"@id\":\"https:\/\/www.psib-psoe.org\/eivissa\/el-psoe-denuncia-que-la-vaga-indefinida-a-les-residencies-evidencia-el-fracas-del-consell-de-vicent-mari-i-la-nefasta-gestio-de-carolina-escandell\/#primaryimage\",\"url\":\"https:\/\/www.psib-psoe.org\/eivissa\/wp-content\/uploads\/foto_residencia_can_blai.jpg\",\"contentUrl\":\"https:\/\/www.psib-psoe.org\/eivissa\/wp-content\/uploads\/foto_residencia_can_blai.jpg\",\"width\":290,\"height\":218},{\"@type\":\"BreadcrumbList\",\"@id\":\"https:\/\/www.psib-psoe.org\/eivissa\/el-psoe-denuncia-que-la-vaga-indefinida-a-les-residencies-evidencia-el-fracas-del-consell-de-vicent-mari-i-la-nefasta-gestio-de-carolina-escandell\/#breadcrumb\",\"itemListElement\":[{\"@type\":\"ListItem\",\"position\":1,\"name\":\"Inici\",\"item\":\"https:\/\/www.psib-psoe.org\/eivissa\/\"},{\"@type\":\"ListItem\",\"position\":2,\"name\":\"El PSOE denuncia que la vaga indefinida a les resid\u00e8ncies evidencia el frac\u00e0s del Consell de Vicent Mar\u00ed i la nefasta gesti\u00f3 de Carolina Escandell\"}]},{\"@type\":\"WebSite\",\"@id\":\"https:\/\/www.psib-psoe.org\/eivissa\/#website\",\"url\":\"https:\/\/www.psib-psoe.org\/eivissa\/\",\"name\":\"Federaci\u00f3 Socialista d'Eivissa\",\"description\":\"Socialistes d&#039;Eivissa\",\"publisher\":{\"@id\":\"https:\/\/www.psib-psoe.org\/eivissa\/#organization\"},\"potentialAction\":[{\"@type\":\"SearchAction\",\"target\":{\"@type\":\"EntryPoint\",\"urlTemplate\":\"https:\/\/www.psib-psoe.org\/eivissa\/?s={search_term_string}\"},\"query-input\":{\"@type\":\"PropertyValueSpecification\",\"valueRequired\":true,\"valueName\":\"search_term_string\"}}],\"inLanguage\":\"ca\"},{\"@type\":\"Organization\",\"@id\":\"https:\/\/www.psib-psoe.org\/eivissa\/#organization\",\"name\":\"Federaci\u00f3 Socialista d'Eivissa\",\"url\":\"https:\/\/www.psib-psoe.org\/eivissa\/\",\"logo\":{\"@type\":\"ImageObject\",\"inLanguage\":\"ca\",\"@id\":\"https:\/\/www.psib-psoe.org\/eivissa\/#\/schema\/logo\/image\/\",\"url\":\"https:\/\/www.psib-psoe.org\/eivissa\/wp-content\/uploads\/LOGO-FSE-SOCIALISTA-DEIVISSA-HORI.png\",\"contentUrl\":\"https:\/\/www.psib-psoe.org\/eivissa\/wp-content\/uploads\/LOGO-FSE-SOCIALISTA-DEIVISSA-HORI.png\",\"width\":6000,\"height\":3104,\"caption\":\"Federaci\u00f3 Socialista d'Eivissa\"},\"image\":{\"@id\":\"https:\/\/www.psib-psoe.org\/eivissa\/#\/schema\/logo\/image\/\"}},{\"@type\":\"Person\",\"@id\":\"https:\/\/www.psib-psoe.org\/eivissa\/#\/schema\/person\/099ab3ef73a3645a1d7f303518e6ce24\",\"name\":\"adminpsib\",\"url\":\"https:\/\/www.psib-psoe.org\/eivissa\/author\/adminpsib\/\"}]}<\/script>\n<!-- \/ Yoast SEO plugin. -->","yoast_head_json":{"title":"El PSOE denuncia que la vaga indefinida a les resid\u00e8ncies evidencia el frac\u00e0s del Consell de Vicent Mar\u00ed i la nefasta gesti\u00f3 de Carolina Escandell - Federaci\u00f3 Socialista d&#039;Eivissa","robots":{"index":"index","follow":"follow","max-snippet":"max-snippet:-1","max-image-preview":"max-image-preview:large","max-video-preview":"max-video-preview:-1"},"canonical":"https:\/\/www.psib-psoe.org\/eivissa\/el-psoe-denuncia-que-la-vaga-indefinida-a-les-residencies-evidencia-el-fracas-del-consell-de-vicent-mari-i-la-nefasta-gestio-de-carolina-escandell\/","og_locale":"ca_ES","og_type":"article","og_title":"El PSOE denuncia que la vaga indefinida a les resid\u00e8ncies evidencia el frac\u00e0s del Consell de Vicent Mar\u00ed i la nefasta gesti\u00f3 de Carolina Escandell - Federaci\u00f3 Socialista d&#039;Eivissa","og_description":"La Federaci\u00f3 Socialista d\u2019Eivissa (FSE-PSOE) expressa el seu suport i solidaritat amb els treballadors i les treballadores de les resid\u00e8ncies p\u00fabliques d\u2019Eivissa baix gesti\u00f3 del Govern balear, que han iniciat una vaga per reclamar millores laborals i en la qualitat assistencial de les persones majors. El PSOE recorda que fa anys que alerten del col\u00b7lapse&hellip;","og_url":"https:\/\/www.psib-psoe.org\/eivissa\/el-psoe-denuncia-que-la-vaga-indefinida-a-les-residencies-evidencia-el-fracas-del-consell-de-vicent-mari-i-la-nefasta-gestio-de-carolina-escandell\/","og_site_name":"Federaci\u00f3 Socialista d&#039;Eivissa","article_published_time":"2025-10-16T15:17:48+00:00","article_modified_time":"2025-10-16T15:18:39+00:00","og_image":[{"width":290,"height":218,"url":"https:\/\/www.psib-psoe.org\/eivissa\/wp-content\/uploads\/foto_residencia_can_blai.jpg","type":"image\/jpeg"}],"author":"adminpsib","twitter_card":"summary_large_image","twitter_misc":{"Escrit per":"adminpsib","Temps estimat de lectura":"3 minuts"},"schema":{"@context":"https:\/\/schema.org","@graph":[{"@type":["Article","BlogPosting"],"@id":"https:\/\/www.psib-psoe.org\/eivissa\/el-psoe-denuncia-que-la-vaga-indefinida-a-les-residencies-evidencia-el-fracas-del-consell-de-vicent-mari-i-la-nefasta-gestio-de-carolina-escandell\/#article","isPartOf":{"@id":"https:\/\/www.psib-psoe.org\/eivissa\/el-psoe-denuncia-que-la-vaga-indefinida-a-les-residencies-evidencia-el-fracas-del-consell-de-vicent-mari-i-la-nefasta-gestio-de-carolina-escandell\/"},"author":{"name":"adminpsib","@id":"https:\/\/www.psib-psoe.org\/eivissa\/#\/schema\/person\/099ab3ef73a3645a1d7f303518e6ce24"},"headline":"El PSOE denuncia que la vaga indefinida a les resid\u00e8ncies evidencia el frac\u00e0s del Consell de Vicent Mar\u00ed i la nefasta gesti\u00f3 de Carolina Escandell","datePublished":"2025-10-16T15:17:48+00:00","dateModified":"2025-10-16T15:18:39+00:00","mainEntityOfPage":{"@id":"https:\/\/www.psib-psoe.org\/eivissa\/el-psoe-denuncia-que-la-vaga-indefinida-a-les-residencies-evidencia-el-fracas-del-consell-de-vicent-mari-i-la-nefasta-gestio-de-carolina-escandell\/"},"wordCount":588,"publisher":{"@id":"https:\/\/www.psib-psoe.org\/eivissa\/#organization"},"image":{"@id":"https:\/\/www.psib-psoe.org\/eivissa\/el-psoe-denuncia-que-la-vaga-indefinida-a-les-residencies-evidencia-el-fracas-del-consell-de-vicent-mari-i-la-nefasta-gestio-de-carolina-escandell\/#primaryimage"},"thumbnailUrl":"https:\/\/www.psib-psoe.org\/eivissa\/wp-content\/uploads\/foto_residencia_can_blai.jpg","articleSection":["Consell d'Eivissa","Federaci\u00f3 d'Eivissa - Portada","Govern de les Illes Balears - Parlament - PSIB-PSOE"],"inLanguage":"ca"},{"@type":"WebPage","@id":"https:\/\/www.psib-psoe.org\/eivissa\/el-psoe-denuncia-que-la-vaga-indefinida-a-les-residencies-evidencia-el-fracas-del-consell-de-vicent-mari-i-la-nefasta-gestio-de-carolina-escandell\/","url":"https:\/\/www.psib-psoe.org\/eivissa\/el-psoe-denuncia-que-la-vaga-indefinida-a-les-residencies-evidencia-el-fracas-del-consell-de-vicent-mari-i-la-nefasta-gestio-de-carolina-escandell\/","name":"El PSOE denuncia que la vaga indefinida a les resid\u00e8ncies evidencia el frac\u00e0s del Consell de Vicent Mar\u00ed i la nefasta gesti\u00f3 de Carolina Escandell - Federaci\u00f3 Socialista d&#039;Eivissa","isPartOf":{"@id":"https:\/\/www.psib-psoe.org\/eivissa\/#website"},"primaryImageOfPage":{"@id":"https:\/\/www.psib-psoe.org\/eivissa\/el-psoe-denuncia-que-la-vaga-indefinida-a-les-residencies-evidencia-el-fracas-del-consell-de-vicent-mari-i-la-nefasta-gestio-de-carolina-escandell\/#primaryimage"},"image":{"@id":"https:\/\/www.psib-psoe.org\/eivissa\/el-psoe-denuncia-que-la-vaga-indefinida-a-les-residencies-evidencia-el-fracas-del-consell-de-vicent-mari-i-la-nefasta-gestio-de-carolina-escandell\/#primaryimage"},"thumbnailUrl":"https:\/\/www.psib-psoe.org\/eivissa\/wp-content\/uploads\/foto_residencia_can_blai.jpg","datePublished":"2025-10-16T15:17:48+00:00","dateModified":"2025-10-16T15:18:39+00:00","breadcrumb":{"@id":"https:\/\/www.psib-psoe.org\/eivissa\/el-psoe-denuncia-que-la-vaga-indefinida-a-les-residencies-evidencia-el-fracas-del-consell-de-vicent-mari-i-la-nefasta-gestio-de-carolina-escandell\/#breadcrumb"},"inLanguage":"ca","potentialAction":[{"@type":"ReadAction","target":["https:\/\/www.psib-psoe.org\/eivissa\/el-psoe-denuncia-que-la-vaga-indefinida-a-les-residencies-evidencia-el-fracas-del-consell-de-vicent-mari-i-la-nefasta-gestio-de-carolina-escandell\/"]}]},{"@type":"ImageObject","inLanguage":"ca","@id":"https:\/\/www.psib-psoe.org\/eivissa\/el-psoe-denuncia-que-la-vaga-indefinida-a-les-residencies-evidencia-el-fracas-del-consell-de-vicent-mari-i-la-nefasta-gestio-de-carolina-escandell\/#primaryimage","url":"https:\/\/www.psib-psoe.org\/eivissa\/wp-content\/uploads\/foto_residencia_can_blai.jpg","contentUrl":"https:\/\/www.psib-psoe.org\/eivissa\/wp-content\/uploads\/foto_residencia_can_blai.jpg","width":290,"height":218},{"@type":"BreadcrumbList","@id":"https:\/\/www.psib-psoe.org\/eivissa\/el-psoe-denuncia-que-la-vaga-indefinida-a-les-residencies-evidencia-el-fracas-del-consell-de-vicent-mari-i-la-nefasta-gestio-de-carolina-escandell\/#breadcrumb","itemListElement":[{"@type":"ListItem","position":1,"name":"Inici","item":"https:\/\/www.psib-psoe.org\/eivissa\/"},{"@type":"ListItem","position":2,"name":"El PSOE denuncia que la vaga indefinida a les resid\u00e8ncies evidencia el frac\u00e0s del Consell de Vicent Mar\u00ed i la nefasta gesti\u00f3 de Carolina Escandell"}]},{"@type":"WebSite","@id":"https:\/\/www.psib-psoe.org\/eivissa\/#website","url":"https:\/\/www.psib-psoe.org\/eivissa\/","name":"Federaci\u00f3 Socialista d'Eivissa","description":"Socialistes d&#039;Eivissa","publisher":{"@id":"https:\/\/www.psib-psoe.org\/eivissa\/#organization"},"potentialAction":[{"@type":"SearchAction","target":{"@type":"EntryPoint","urlTemplate":"https:\/\/www.psib-psoe.org\/eivissa\/?s={search_term_string}"},"query-input":{"@type":"PropertyValueSpecification","valueRequired":true,"valueName":"search_term_string"}}],"inLanguage":"ca"},{"@type":"Organization","@id":"https:\/\/www.psib-psoe.org\/eivissa\/#organization","name":"Federaci\u00f3 Socialista d'Eivissa","url":"https:\/\/www.psib-psoe.org\/eivissa\/","logo":{"@type":"ImageObject","inLanguage":"ca","@id":"https:\/\/www.psib-psoe.org\/eivissa\/#\/schema\/logo\/image\/","url":"https:\/\/www.psib-psoe.org\/eivissa\/wp-content\/uploads\/LOGO-FSE-SOCIALISTA-DEIVISSA-HORI.png","contentUrl":"https:\/\/www.psib-psoe.org\/eivissa\/wp-content\/uploads\/LOGO-FSE-SOCIALISTA-DEIVISSA-HORI.png","width":6000,"height":3104,"caption":"Federaci\u00f3 Socialista d'Eivissa"},"image":{"@id":"https:\/\/www.psib-psoe.org\/eivissa\/#\/schema\/logo\/image\/"}},{"@type":"Person","@id":"https:\/\/www.psib-psoe.org\/eivissa\/#\/schema\/person\/099ab3ef73a3645a1d7f303518e6ce24","name":"adminpsib","url":"https:\/\/www.psib-psoe.org\/eivissa\/author\/adminpsib\/"}]}},"_links":{"self":[{"href":"https:\/\/www.psib-psoe.org\/eivissa\/wp-json\/wp\/v2\/posts\/41384","targetHints":{"allow":["GET"]}}],"collection":[{"href":"https:\/\/www.psib-psoe.org\/eivissa\/wp-json\/wp\/v2\/posts"}],"about":[{"href":"https:\/\/www.psib-psoe.org\/eivissa\/wp-json\/wp\/v2\/types\/post"}],"author":[{"embeddable":true,"href":"https:\/\/www.psib-psoe.org\/eivissa\/wp-json\/wp\/v2\/users\/1"}],"replies":[{"embeddable":true,"href":"https:\/\/www.psib-psoe.org\/eivissa\/wp-json\/wp\/v2\/comments?post=41384"}],"version-history":[{"count":2,"href":"https:\/\/www.psib-psoe.org\/eivissa\/wp-json\/wp\/v2\/posts\/41384\/revisions"}],"predecessor-version":[{"id":41386,"href":"https:\/\/www.psib-psoe.org\/eivissa\/wp-json\/wp\/v2\/posts\/41384\/revisions\/41386"}],"wp:featuredmedia":[{"embeddable":true,"href":"https:\/\/www.psib-psoe.org\/eivissa\/wp-json\/wp\/v2\/media\/28108"}],"wp:attachment":[{"href":"https:\/\/www.psib-psoe.org\/eivissa\/wp-json\/wp\/v2\/media?parent=41384"}],"wp:term":[{"taxonomy":"category","embeddable":true,"href":"https:\/\/www.psib-psoe.org\/eivissa\/wp-json\/wp\/v2\/categories?post=41384"},{"taxonomy":"post_tag","embeddable":true,"href":"https:\/\/www.psib-psoe.org\/eivissa\/wp-json\/wp\/v2\/tags?post=41384"}],"curies":[{"name":"wp","href":"https:\/\/api.w.org\/{rel}","templated":true}]}}