{"id":41387,"date":"2025-10-17T13:52:45","date_gmt":"2025-10-17T11:52:45","guid":{"rendered":"https:\/\/www.psib-psoe.org\/eivissa\/?p=41387"},"modified":"2025-10-17T13:52:45","modified_gmt":"2025-10-17T11:52:45","slug":"el-psoe-demana-celeritat-al-govern-balear-consell-i-ajuntaments-en-laprovacio-de-les-ajudes-als-afectats-per-les-inundacions-i-en-la-posada-en-marxa-duna-oficina-datencio-i","status":"publish","type":"post","link":"https:\/\/www.psib-psoe.org\/eivissa\/el-psoe-demana-celeritat-al-govern-balear-consell-i-ajuntaments-en-laprovacio-de-les-ajudes-als-afectats-per-les-inundacions-i-en-la-posada-en-marxa-duna-oficina-datencio-i\/","title":{"rendered":"El PSOE demana celeritat al Govern balear, Consell i ajuntaments en l\u2019aprovaci\u00f3 de les ajudes als afectats per les inundacions i en la posada en marxa d\u2019una oficina d\u2019atenci\u00f3 i informaci\u00f3 a les persones i empreses damnificades"},"content":{"rendered":"<p>El PSOE ha demanat avui al Govern balear, al Consell d\u2019Eivissa i als ajuntaments que actu\u00efn amb celeritat en l\u2019aprovaci\u00f3 de les ajudes destinades als afectats per les inundacions i ha reclamat la posada en marxa immediata d\u2019una oficina d\u2019atenci\u00f3 i informaci\u00f3 per a les persones i empreses damnificades, amb l\u2019objectiu de centralitzar la informaci\u00f3 i facilitar la tramitaci\u00f3 dels ajuts. <\/p>\n<p>\u201cEls ajuntaments afectats, el Consell Insular i el Govern balear han d\u2019habilitar de forma immediata partides pressupost\u00e0ries per donar ajudes directes als ciutadans afectats. Hi ha gent que necessita aquestes ajudes ja, i per aix\u00f2 les administracions han d\u2019habilitar partides extraordin\u00e0ries per donar suport immediat\u201d, ha explicat la portaveu de la Federaci\u00f3 Socialista d\u2019Eivissa (FSE-PSOE) i diputada al Parlament, Pilar Costa, qui ha ofert una roda de premsa acompanyada del conseller insular V\u00edctor Torres, la regidora d\u2019Eivissa Carmen Boned i el regidor de Sant Josep de sa Talaia Vicent Ribas.<\/p>\n<p>Pilar Costa ha explicat que \u201cen aquests moments hi ha molta confusi\u00f3 sobre quines ajudes es poden demanar, a on s\u2019ha de dirigir un, o si hi ha o no un tel\u00e8fon o una finestreta on adre\u00e7ar-se per obtenir tota aquesta informaci\u00f3\u201d.<\/p>\n<p>Per aquest motiu, el PSOE d\u2019Eivissa considera urgent la posada en marxa d\u2019una finestreta \u00fanica de suport i informaci\u00f3 a les persones i empreses afectades, gestionada des del Consell Insular, tal com ja es va fer en el seu moment amb l\u2019esfondrament del Don Pedro l\u2019any 2007.<\/p>\n<p>Segons Pilar Costa, \u201cen aquests moments, que ja han passat m\u00e9s de dos setmanes des de les primeres plogudes, s\u2019ha de donar una passa m\u00e9s. En primer lloc, per crear una finestreta \u00fanica d&#8217;informaci\u00f3 i de gesti\u00f3 de les ajudes, que hauria de fer el Consell Insular coordinadament amb els municipis afectats, perqu\u00e8 la gent s\u00e0piga on s\u2019ha d\u2019adre\u00e7ar per demanar informaci\u00f3 i com gestionar aquestes ajudes\u201d.<\/p>\n<p>Aquesta oficina hauria de servir per centralitzar tota la informaci\u00f3 sobre ajudes, subvencions i compensacions, tant p\u00fabliques com privades, aix\u00ed com per facilitar la tramitaci\u00f3 administrativa amb suport t\u00e8cnic i assessorament personalitzat. \u201cNo podem carregar en els ciutadans, que ja han patit una forta pressi\u00f3, la responsabilitat de navegar entre tr\u00e0mits i assegurances. El Consell ha d\u2019assumir aquesta feina de coordinaci\u00f3 i posar en marxa una oficina t\u00e8cnica d\u2019informaci\u00f3 i ajudes\u201d, ha afegit Pilar Costa.<\/p>\n<p>La portaveu socialista ha recordat que \u201cno seria la primera vegada que es fa a Eivissa; quan va oc\u00f3rrer l\u2019esfondrament del Don Pedro, el Consell va habilitar una oficina d\u2019informaci\u00f3 per ajudar comerciants i afectats a tramitar les seves reclamacions. Tenim experi\u00e8ncia i sabem que funciona\u201d.<\/p>\n<p>Pel que fa a les ajudes de l\u2019Estat per a zones greument afectades per emerg\u00e8ncia de protecci\u00f3 civil, Pilar Costa ha explicat que \u201ctamb\u00e9 el Consell Insular i el Govern balear haurien de fer aquesta sol\u00b7licitud, tal com es va fer a Menorca despr\u00e9s de la tempesta de fa un any\u201d.<\/p>\n<p>La portaveu socialista ha recordat que el Govern d\u2019Espanya \u201c\u00e9s plenament conscient de la situaci\u00f3 i ha estat present durant i despr\u00e9s de les inundacions, a trav\u00e9s de la Delegaci\u00f3 del Govern i de la Direcci\u00f3 General de Protecci\u00f3 Civil\u201d.<\/p>\n<p>Tot i aix\u00f2, Costa ha recordat que \u201cles ajudes de l\u2019Estat s\u00f3n complement\u00e0ries\u201d i que \u201cles administracions locals han d\u2019actuar ja, fer la relaci\u00f3 de danys, redactar projectes i comen\u00e7ar la reparaci\u00f3 d\u2019infraestructures p\u00fabliques. No s\u2019ha d\u2019esperar a cap declaraci\u00f3 per actuar\u201d.<\/p>\n<p>En la mateixa l\u00ednia, el conseller V\u00edctor Torres ha assenyalat que \u201ccreim que \u00e9s essencial poder centralitzar en una finestreta \u00fanica tota la demanda d\u2019informaci\u00f3 i ajudar la gent a tramitar aquestes ajudes. Aix\u00f2 correspon al Consell d\u2019Eivissa, que est\u00e0 tardant massa, m\u00e9s enll\u00e0 de les fotos, a anunciar una l\u00ednia espec\u00edfica d\u2019ajudes immediates per a totes les persones i empreses afectades\u201d. <\/p>\n<p>V\u00edctor Torres ha remarcat que \u201c\u00e9s fonamental que aquestes ajudes siguin \u00e0gils, que la gent les pugui tramitar f\u00e0cilment i que serveixin per recuperar la normalitat el m\u00e9s aviat possible\u201d.<\/p>\n<p>El PSOE ha reiterat el seu suport i solidaritat amb totes les persones i empreses damnificades, reafirmant el seu comprom\u00eds per ajudar que totes les administracions actu\u00efn amb la m\u00e0xima coordinaci\u00f3, agilitat i sensibilitat davant d\u2019aquesta situaci\u00f3 d\u2019emerg\u00e8ncia que ha patit l\u2019illa per culpa de les pluges torrencials de les \u00faltimes setmanes.<\/p>\n","protected":false},"excerpt":{"rendered":"<p>El PSOE ha demanat avui al Govern balear, al Consell d\u2019Eivissa i als ajuntaments que actu\u00efn amb celeritat en l\u2019aprovaci\u00f3 de les ajudes destinades als afectats per les inundacions i ha reclamat la posada en marxa immediata d\u2019una oficina d\u2019atenci\u00f3 i informaci\u00f3 per a les persones i empreses damnificades, amb l\u2019objectiu de centralitzar la informaci\u00f3&hellip;<\/p>\n","protected":false},"author":1,"featured_media":41388,"comment_status":"closed","ping_status":"closed","sticky":false,"template":"","format":"standard","meta":{"footnotes":""},"categories":[183,192,1,191,234,187,186],"tags":[],"class_list":["post-41387","post","type-post","status-publish","format-standard","has-post-thumbnail","hentry","category-ciutat-deivissa","category-consell-deivissa","category-federacio-de-eivissa-portada","category-govern-de-les-illes-balears-parlament","category-municipis","category-sant-josep-de-sa-talaia","category-santa-eularia-des-riu"],"yoast_head":"<!-- This site is optimized with the Yoast SEO plugin v26.9 - https:\/\/yoast.com\/product\/yoast-seo-wordpress\/ -->\n<title>El PSOE demana celeritat al Govern balear, Consell i ajuntaments en l\u2019aprovaci\u00f3 de les ajudes als afectats per les inundacions i en la posada en marxa d\u2019una oficina d\u2019atenci\u00f3 i informaci\u00f3 a les persones i empreses damnificades - Federaci\u00f3 Socialista d&#039;Eivissa<\/title>\n<meta name=\"robots\" content=\"index, follow, max-snippet:-1, max-image-preview:large, max-video-preview:-1\" \/>\n<link rel=\"canonical\" href=\"https:\/\/www.psib-psoe.org\/eivissa\/el-psoe-demana-celeritat-al-govern-balear-consell-i-ajuntaments-en-laprovacio-de-les-ajudes-als-afectats-per-les-inundacions-i-en-la-posada-en-marxa-duna-oficina-datencio-i\/\" \/>\n<meta property=\"og:locale\" content=\"ca_ES\" \/>\n<meta property=\"og:type\" content=\"article\" \/>\n<meta property=\"og:title\" content=\"El PSOE demana celeritat al Govern balear, Consell i ajuntaments en l\u2019aprovaci\u00f3 de les ajudes als afectats per les inundacions i en la posada en marxa d\u2019una oficina d\u2019atenci\u00f3 i informaci\u00f3 a les persones i empreses damnificades - Federaci\u00f3 Socialista d&#039;Eivissa\" \/>\n<meta property=\"og:description\" content=\"El PSOE ha demanat avui al Govern balear, al Consell d\u2019Eivissa i als ajuntaments que actu\u00efn amb celeritat en l\u2019aprovaci\u00f3 de les ajudes destinades als afectats per les inundacions i ha reclamat la posada en marxa immediata d\u2019una oficina d\u2019atenci\u00f3 i informaci\u00f3 per a les persones i empreses damnificades, amb l\u2019objectiu de centralitzar la informaci\u00f3&hellip;\" \/>\n<meta property=\"og:url\" content=\"https:\/\/www.psib-psoe.org\/eivissa\/el-psoe-demana-celeritat-al-govern-balear-consell-i-ajuntaments-en-laprovacio-de-les-ajudes-als-afectats-per-les-inundacions-i-en-la-posada-en-marxa-duna-oficina-datencio-i\/\" \/>\n<meta property=\"og:site_name\" content=\"Federaci\u00f3 Socialista d&#039;Eivissa\" \/>\n<meta property=\"article:published_time\" content=\"2025-10-17T11:52:45+00:00\" \/>\n<meta property=\"og:image\" content=\"https:\/\/www.psib-psoe.org\/eivissa\/wp-content\/uploads\/roda-de-premsa-ajudes1.jpg\" \/>\n\t<meta property=\"og:image:width\" content=\"1920\" \/>\n\t<meta property=\"og:image:height\" content=\"1080\" \/>\n\t<meta property=\"og:image:type\" content=\"image\/jpeg\" \/>\n<meta name=\"author\" content=\"adminpsib\" \/>\n<meta name=\"twitter:card\" content=\"summary_large_image\" \/>\n<meta name=\"twitter:label1\" content=\"Escrit per\" \/>\n\t<meta name=\"twitter:data1\" content=\"adminpsib\" \/>\n\t<meta name=\"twitter:label2\" content=\"Temps estimat de lectura\" \/>\n\t<meta name=\"twitter:data2\" content=\"4 minuts\" \/>\n<script type=\"application\/ld+json\" class=\"yoast-schema-graph\">{\"@context\":\"https:\/\/schema.org\",\"@graph\":[{\"@type\":[\"Article\",\"BlogPosting\"],\"@id\":\"https:\/\/www.psib-psoe.org\/eivissa\/el-psoe-demana-celeritat-al-govern-balear-consell-i-ajuntaments-en-laprovacio-de-les-ajudes-als-afectats-per-les-inundacions-i-en-la-posada-en-marxa-duna-oficina-datencio-i\/#article\",\"isPartOf\":{\"@id\":\"https:\/\/www.psib-psoe.org\/eivissa\/el-psoe-demana-celeritat-al-govern-balear-consell-i-ajuntaments-en-laprovacio-de-les-ajudes-als-afectats-per-les-inundacions-i-en-la-posada-en-marxa-duna-oficina-datencio-i\/\"},\"author\":{\"name\":\"adminpsib\",\"@id\":\"https:\/\/www.psib-psoe.org\/eivissa\/#\/schema\/person\/099ab3ef73a3645a1d7f303518e6ce24\"},\"headline\":\"El PSOE demana celeritat al Govern balear, Consell i ajuntaments en l\u2019aprovaci\u00f3 de les ajudes als afectats per les inundacions i en la posada en marxa d\u2019una oficina d\u2019atenci\u00f3 i informaci\u00f3 a les persones i empreses damnificades\",\"datePublished\":\"2025-10-17T11:52:45+00:00\",\"mainEntityOfPage\":{\"@id\":\"https:\/\/www.psib-psoe.org\/eivissa\/el-psoe-demana-celeritat-al-govern-balear-consell-i-ajuntaments-en-laprovacio-de-les-ajudes-als-afectats-per-les-inundacions-i-en-la-posada-en-marxa-duna-oficina-datencio-i\/\"},\"wordCount\":815,\"publisher\":{\"@id\":\"https:\/\/www.psib-psoe.org\/eivissa\/#organization\"},\"image\":{\"@id\":\"https:\/\/www.psib-psoe.org\/eivissa\/el-psoe-demana-celeritat-al-govern-balear-consell-i-ajuntaments-en-laprovacio-de-les-ajudes-als-afectats-per-les-inundacions-i-en-la-posada-en-marxa-duna-oficina-datencio-i\/#primaryimage\"},\"thumbnailUrl\":\"https:\/\/www.psib-psoe.org\/eivissa\/wp-content\/uploads\/roda-de-premsa-ajudes1.jpg\",\"articleSection\":[\"Ciutat d'Eivissa\",\"Consell d'Eivissa\",\"Federaci\u00f3 d'Eivissa - Portada\",\"Govern de les Illes Balears - Parlament - PSIB-PSOE\",\"Municipis\",\"Sant Josep de sa Talaia\",\"Santa Eul\u00e0ria des Riu\"],\"inLanguage\":\"ca\"},{\"@type\":\"WebPage\",\"@id\":\"https:\/\/www.psib-psoe.org\/eivissa\/el-psoe-demana-celeritat-al-govern-balear-consell-i-ajuntaments-en-laprovacio-de-les-ajudes-als-afectats-per-les-inundacions-i-en-la-posada-en-marxa-duna-oficina-datencio-i\/\",\"url\":\"https:\/\/www.psib-psoe.org\/eivissa\/el-psoe-demana-celeritat-al-govern-balear-consell-i-ajuntaments-en-laprovacio-de-les-ajudes-als-afectats-per-les-inundacions-i-en-la-posada-en-marxa-duna-oficina-datencio-i\/\",\"name\":\"El PSOE demana celeritat al Govern balear, Consell i ajuntaments en l\u2019aprovaci\u00f3 de les ajudes als afectats per les inundacions i en la posada en marxa d\u2019una oficina d\u2019atenci\u00f3 i informaci\u00f3 a les persones i empreses damnificades - Federaci\u00f3 Socialista d&#039;Eivissa\",\"isPartOf\":{\"@id\":\"https:\/\/www.psib-psoe.org\/eivissa\/#website\"},\"primaryImageOfPage\":{\"@id\":\"https:\/\/www.psib-psoe.org\/eivissa\/el-psoe-demana-celeritat-al-govern-balear-consell-i-ajuntaments-en-laprovacio-de-les-ajudes-als-afectats-per-les-inundacions-i-en-la-posada-en-marxa-duna-oficina-datencio-i\/#primaryimage\"},\"image\":{\"@id\":\"https:\/\/www.psib-psoe.org\/eivissa\/el-psoe-demana-celeritat-al-govern-balear-consell-i-ajuntaments-en-laprovacio-de-les-ajudes-als-afectats-per-les-inundacions-i-en-la-posada-en-marxa-duna-oficina-datencio-i\/#primaryimage\"},\"thumbnailUrl\":\"https:\/\/www.psib-psoe.org\/eivissa\/wp-content\/uploads\/roda-de-premsa-ajudes1.jpg\",\"datePublished\":\"2025-10-17T11:52:45+00:00\",\"breadcrumb\":{\"@id\":\"https:\/\/www.psib-psoe.org\/eivissa\/el-psoe-demana-celeritat-al-govern-balear-consell-i-ajuntaments-en-laprovacio-de-les-ajudes-als-afectats-per-les-inundacions-i-en-la-posada-en-marxa-duna-oficina-datencio-i\/#breadcrumb\"},\"inLanguage\":\"ca\",\"potentialAction\":[{\"@type\":\"ReadAction\",\"target\":[\"https:\/\/www.psib-psoe.org\/eivissa\/el-psoe-demana-celeritat-al-govern-balear-consell-i-ajuntaments-en-laprovacio-de-les-ajudes-als-afectats-per-les-inundacions-i-en-la-posada-en-marxa-duna-oficina-datencio-i\/\"]}]},{\"@type\":\"ImageObject\",\"inLanguage\":\"ca\",\"@id\":\"https:\/\/www.psib-psoe.org\/eivissa\/el-psoe-demana-celeritat-al-govern-balear-consell-i-ajuntaments-en-laprovacio-de-les-ajudes-als-afectats-per-les-inundacions-i-en-la-posada-en-marxa-duna-oficina-datencio-i\/#primaryimage\",\"url\":\"https:\/\/www.psib-psoe.org\/eivissa\/wp-content\/uploads\/roda-de-premsa-ajudes1.jpg\",\"contentUrl\":\"https:\/\/www.psib-psoe.org\/eivissa\/wp-content\/uploads\/roda-de-premsa-ajudes1.jpg\",\"width\":1920,\"height\":1080},{\"@type\":\"BreadcrumbList\",\"@id\":\"https:\/\/www.psib-psoe.org\/eivissa\/el-psoe-demana-celeritat-al-govern-balear-consell-i-ajuntaments-en-laprovacio-de-les-ajudes-als-afectats-per-les-inundacions-i-en-la-posada-en-marxa-duna-oficina-datencio-i\/#breadcrumb\",\"itemListElement\":[{\"@type\":\"ListItem\",\"position\":1,\"name\":\"Inici\",\"item\":\"https:\/\/www.psib-psoe.org\/eivissa\/\"},{\"@type\":\"ListItem\",\"position\":2,\"name\":\"El PSOE demana celeritat al Govern balear, Consell i ajuntaments en l\u2019aprovaci\u00f3 de les ajudes als afectats per les inundacions i en la posada en marxa d\u2019una oficina d\u2019atenci\u00f3 i informaci\u00f3 a les persones i empreses damnificades\"}]},{\"@type\":\"WebSite\",\"@id\":\"https:\/\/www.psib-psoe.org\/eivissa\/#website\",\"url\":\"https:\/\/www.psib-psoe.org\/eivissa\/\",\"name\":\"Federaci\u00f3 Socialista d'Eivissa\",\"description\":\"Socialistes d&#039;Eivissa\",\"publisher\":{\"@id\":\"https:\/\/www.psib-psoe.org\/eivissa\/#organization\"},\"potentialAction\":[{\"@type\":\"SearchAction\",\"target\":{\"@type\":\"EntryPoint\",\"urlTemplate\":\"https:\/\/www.psib-psoe.org\/eivissa\/?s={search_term_string}\"},\"query-input\":{\"@type\":\"PropertyValueSpecification\",\"valueRequired\":true,\"valueName\":\"search_term_string\"}}],\"inLanguage\":\"ca\"},{\"@type\":\"Organization\",\"@id\":\"https:\/\/www.psib-psoe.org\/eivissa\/#organization\",\"name\":\"Federaci\u00f3 Socialista d'Eivissa\",\"url\":\"https:\/\/www.psib-psoe.org\/eivissa\/\",\"logo\":{\"@type\":\"ImageObject\",\"inLanguage\":\"ca\",\"@id\":\"https:\/\/www.psib-psoe.org\/eivissa\/#\/schema\/logo\/image\/\",\"url\":\"https:\/\/www.psib-psoe.org\/eivissa\/wp-content\/uploads\/LOGO-FSE-SOCIALISTA-DEIVISSA-HORI.png\",\"contentUrl\":\"https:\/\/www.psib-psoe.org\/eivissa\/wp-content\/uploads\/LOGO-FSE-SOCIALISTA-DEIVISSA-HORI.png\",\"width\":6000,\"height\":3104,\"caption\":\"Federaci\u00f3 Socialista d'Eivissa\"},\"image\":{\"@id\":\"https:\/\/www.psib-psoe.org\/eivissa\/#\/schema\/logo\/image\/\"}},{\"@type\":\"Person\",\"@id\":\"https:\/\/www.psib-psoe.org\/eivissa\/#\/schema\/person\/099ab3ef73a3645a1d7f303518e6ce24\",\"name\":\"adminpsib\",\"url\":\"https:\/\/www.psib-psoe.org\/eivissa\/author\/adminpsib\/\"}]}<\/script>\n<!-- \/ Yoast SEO plugin. -->","yoast_head_json":{"title":"El PSOE demana celeritat al Govern balear, Consell i ajuntaments en l\u2019aprovaci\u00f3 de les ajudes als afectats per les inundacions i en la posada en marxa d\u2019una oficina d\u2019atenci\u00f3 i informaci\u00f3 a les persones i empreses damnificades - Federaci\u00f3 Socialista d&#039;Eivissa","robots":{"index":"index","follow":"follow","max-snippet":"max-snippet:-1","max-image-preview":"max-image-preview:large","max-video-preview":"max-video-preview:-1"},"canonical":"https:\/\/www.psib-psoe.org\/eivissa\/el-psoe-demana-celeritat-al-govern-balear-consell-i-ajuntaments-en-laprovacio-de-les-ajudes-als-afectats-per-les-inundacions-i-en-la-posada-en-marxa-duna-oficina-datencio-i\/","og_locale":"ca_ES","og_type":"article","og_title":"El PSOE demana celeritat al Govern balear, Consell i ajuntaments en l\u2019aprovaci\u00f3 de les ajudes als afectats per les inundacions i en la posada en marxa d\u2019una oficina d\u2019atenci\u00f3 i informaci\u00f3 a les persones i empreses damnificades - Federaci\u00f3 Socialista d&#039;Eivissa","og_description":"El PSOE ha demanat avui al Govern balear, al Consell d\u2019Eivissa i als ajuntaments que actu\u00efn amb celeritat en l\u2019aprovaci\u00f3 de les ajudes destinades als afectats per les inundacions i ha reclamat la posada en marxa immediata d\u2019una oficina d\u2019atenci\u00f3 i informaci\u00f3 per a les persones i empreses damnificades, amb l\u2019objectiu de centralitzar la informaci\u00f3&hellip;","og_url":"https:\/\/www.psib-psoe.org\/eivissa\/el-psoe-demana-celeritat-al-govern-balear-consell-i-ajuntaments-en-laprovacio-de-les-ajudes-als-afectats-per-les-inundacions-i-en-la-posada-en-marxa-duna-oficina-datencio-i\/","og_site_name":"Federaci\u00f3 Socialista d&#039;Eivissa","article_published_time":"2025-10-17T11:52:45+00:00","og_image":[{"width":1920,"height":1080,"url":"https:\/\/www.psib-psoe.org\/eivissa\/wp-content\/uploads\/roda-de-premsa-ajudes1.jpg","type":"image\/jpeg"}],"author":"adminpsib","twitter_card":"summary_large_image","twitter_misc":{"Escrit per":"adminpsib","Temps estimat de lectura":"4 minuts"},"schema":{"@context":"https:\/\/schema.org","@graph":[{"@type":["Article","BlogPosting"],"@id":"https:\/\/www.psib-psoe.org\/eivissa\/el-psoe-demana-celeritat-al-govern-balear-consell-i-ajuntaments-en-laprovacio-de-les-ajudes-als-afectats-per-les-inundacions-i-en-la-posada-en-marxa-duna-oficina-datencio-i\/#article","isPartOf":{"@id":"https:\/\/www.psib-psoe.org\/eivissa\/el-psoe-demana-celeritat-al-govern-balear-consell-i-ajuntaments-en-laprovacio-de-les-ajudes-als-afectats-per-les-inundacions-i-en-la-posada-en-marxa-duna-oficina-datencio-i\/"},"author":{"name":"adminpsib","@id":"https:\/\/www.psib-psoe.org\/eivissa\/#\/schema\/person\/099ab3ef73a3645a1d7f303518e6ce24"},"headline":"El PSOE demana celeritat al Govern balear, Consell i ajuntaments en l\u2019aprovaci\u00f3 de les ajudes als afectats per les inundacions i en la posada en marxa d\u2019una oficina d\u2019atenci\u00f3 i informaci\u00f3 a les persones i empreses damnificades","datePublished":"2025-10-17T11:52:45+00:00","mainEntityOfPage":{"@id":"https:\/\/www.psib-psoe.org\/eivissa\/el-psoe-demana-celeritat-al-govern-balear-consell-i-ajuntaments-en-laprovacio-de-les-ajudes-als-afectats-per-les-inundacions-i-en-la-posada-en-marxa-duna-oficina-datencio-i\/"},"wordCount":815,"publisher":{"@id":"https:\/\/www.psib-psoe.org\/eivissa\/#organization"},"image":{"@id":"https:\/\/www.psib-psoe.org\/eivissa\/el-psoe-demana-celeritat-al-govern-balear-consell-i-ajuntaments-en-laprovacio-de-les-ajudes-als-afectats-per-les-inundacions-i-en-la-posada-en-marxa-duna-oficina-datencio-i\/#primaryimage"},"thumbnailUrl":"https:\/\/www.psib-psoe.org\/eivissa\/wp-content\/uploads\/roda-de-premsa-ajudes1.jpg","articleSection":["Ciutat d'Eivissa","Consell d'Eivissa","Federaci\u00f3 d'Eivissa - Portada","Govern de les Illes Balears - Parlament - PSIB-PSOE","Municipis","Sant Josep de sa Talaia","Santa Eul\u00e0ria des Riu"],"inLanguage":"ca"},{"@type":"WebPage","@id":"https:\/\/www.psib-psoe.org\/eivissa\/el-psoe-demana-celeritat-al-govern-balear-consell-i-ajuntaments-en-laprovacio-de-les-ajudes-als-afectats-per-les-inundacions-i-en-la-posada-en-marxa-duna-oficina-datencio-i\/","url":"https:\/\/www.psib-psoe.org\/eivissa\/el-psoe-demana-celeritat-al-govern-balear-consell-i-ajuntaments-en-laprovacio-de-les-ajudes-als-afectats-per-les-inundacions-i-en-la-posada-en-marxa-duna-oficina-datencio-i\/","name":"El PSOE demana celeritat al Govern balear, Consell i ajuntaments en l\u2019aprovaci\u00f3 de les ajudes als afectats per les inundacions i en la posada en marxa d\u2019una oficina d\u2019atenci\u00f3 i informaci\u00f3 a les persones i empreses damnificades - Federaci\u00f3 Socialista d&#039;Eivissa","isPartOf":{"@id":"https:\/\/www.psib-psoe.org\/eivissa\/#website"},"primaryImageOfPage":{"@id":"https:\/\/www.psib-psoe.org\/eivissa\/el-psoe-demana-celeritat-al-govern-balear-consell-i-ajuntaments-en-laprovacio-de-les-ajudes-als-afectats-per-les-inundacions-i-en-la-posada-en-marxa-duna-oficina-datencio-i\/#primaryimage"},"image":{"@id":"https:\/\/www.psib-psoe.org\/eivissa\/el-psoe-demana-celeritat-al-govern-balear-consell-i-ajuntaments-en-laprovacio-de-les-ajudes-als-afectats-per-les-inundacions-i-en-la-posada-en-marxa-duna-oficina-datencio-i\/#primaryimage"},"thumbnailUrl":"https:\/\/www.psib-psoe.org\/eivissa\/wp-content\/uploads\/roda-de-premsa-ajudes1.jpg","datePublished":"2025-10-17T11:52:45+00:00","breadcrumb":{"@id":"https:\/\/www.psib-psoe.org\/eivissa\/el-psoe-demana-celeritat-al-govern-balear-consell-i-ajuntaments-en-laprovacio-de-les-ajudes-als-afectats-per-les-inundacions-i-en-la-posada-en-marxa-duna-oficina-datencio-i\/#breadcrumb"},"inLanguage":"ca","potentialAction":[{"@type":"ReadAction","target":["https:\/\/www.psib-psoe.org\/eivissa\/el-psoe-demana-celeritat-al-govern-balear-consell-i-ajuntaments-en-laprovacio-de-les-ajudes-als-afectats-per-les-inundacions-i-en-la-posada-en-marxa-duna-oficina-datencio-i\/"]}]},{"@type":"ImageObject","inLanguage":"ca","@id":"https:\/\/www.psib-psoe.org\/eivissa\/el-psoe-demana-celeritat-al-govern-balear-consell-i-ajuntaments-en-laprovacio-de-les-ajudes-als-afectats-per-les-inundacions-i-en-la-posada-en-marxa-duna-oficina-datencio-i\/#primaryimage","url":"https:\/\/www.psib-psoe.org\/eivissa\/wp-content\/uploads\/roda-de-premsa-ajudes1.jpg","contentUrl":"https:\/\/www.psib-psoe.org\/eivissa\/wp-content\/uploads\/roda-de-premsa-ajudes1.jpg","width":1920,"height":1080},{"@type":"BreadcrumbList","@id":"https:\/\/www.psib-psoe.org\/eivissa\/el-psoe-demana-celeritat-al-govern-balear-consell-i-ajuntaments-en-laprovacio-de-les-ajudes-als-afectats-per-les-inundacions-i-en-la-posada-en-marxa-duna-oficina-datencio-i\/#breadcrumb","itemListElement":[{"@type":"ListItem","position":1,"name":"Inici","item":"https:\/\/www.psib-psoe.org\/eivissa\/"},{"@type":"ListItem","position":2,"name":"El PSOE demana celeritat al Govern balear, Consell i ajuntaments en l\u2019aprovaci\u00f3 de les ajudes als afectats per les inundacions i en la posada en marxa d\u2019una oficina d\u2019atenci\u00f3 i informaci\u00f3 a les persones i empreses damnificades"}]},{"@type":"WebSite","@id":"https:\/\/www.psib-psoe.org\/eivissa\/#website","url":"https:\/\/www.psib-psoe.org\/eivissa\/","name":"Federaci\u00f3 Socialista d'Eivissa","description":"Socialistes d&#039;Eivissa","publisher":{"@id":"https:\/\/www.psib-psoe.org\/eivissa\/#organization"},"potentialAction":[{"@type":"SearchAction","target":{"@type":"EntryPoint","urlTemplate":"https:\/\/www.psib-psoe.org\/eivissa\/?s={search_term_string}"},"query-input":{"@type":"PropertyValueSpecification","valueRequired":true,"valueName":"search_term_string"}}],"inLanguage":"ca"},{"@type":"Organization","@id":"https:\/\/www.psib-psoe.org\/eivissa\/#organization","name":"Federaci\u00f3 Socialista d'Eivissa","url":"https:\/\/www.psib-psoe.org\/eivissa\/","logo":{"@type":"ImageObject","inLanguage":"ca","@id":"https:\/\/www.psib-psoe.org\/eivissa\/#\/schema\/logo\/image\/","url":"https:\/\/www.psib-psoe.org\/eivissa\/wp-content\/uploads\/LOGO-FSE-SOCIALISTA-DEIVISSA-HORI.png","contentUrl":"https:\/\/www.psib-psoe.org\/eivissa\/wp-content\/uploads\/LOGO-FSE-SOCIALISTA-DEIVISSA-HORI.png","width":6000,"height":3104,"caption":"Federaci\u00f3 Socialista d'Eivissa"},"image":{"@id":"https:\/\/www.psib-psoe.org\/eivissa\/#\/schema\/logo\/image\/"}},{"@type":"Person","@id":"https:\/\/www.psib-psoe.org\/eivissa\/#\/schema\/person\/099ab3ef73a3645a1d7f303518e6ce24","name":"adminpsib","url":"https:\/\/www.psib-psoe.org\/eivissa\/author\/adminpsib\/"}]}},"_links":{"self":[{"href":"https:\/\/www.psib-psoe.org\/eivissa\/wp-json\/wp\/v2\/posts\/41387","targetHints":{"allow":["GET"]}}],"collection":[{"href":"https:\/\/www.psib-psoe.org\/eivissa\/wp-json\/wp\/v2\/posts"}],"about":[{"href":"https:\/\/www.psib-psoe.org\/eivissa\/wp-json\/wp\/v2\/types\/post"}],"author":[{"embeddable":true,"href":"https:\/\/www.psib-psoe.org\/eivissa\/wp-json\/wp\/v2\/users\/1"}],"replies":[{"embeddable":true,"href":"https:\/\/www.psib-psoe.org\/eivissa\/wp-json\/wp\/v2\/comments?post=41387"}],"version-history":[{"count":1,"href":"https:\/\/www.psib-psoe.org\/eivissa\/wp-json\/wp\/v2\/posts\/41387\/revisions"}],"predecessor-version":[{"id":41389,"href":"https:\/\/www.psib-psoe.org\/eivissa\/wp-json\/wp\/v2\/posts\/41387\/revisions\/41389"}],"wp:featuredmedia":[{"embeddable":true,"href":"https:\/\/www.psib-psoe.org\/eivissa\/wp-json\/wp\/v2\/media\/41388"}],"wp:attachment":[{"href":"https:\/\/www.psib-psoe.org\/eivissa\/wp-json\/wp\/v2\/media?parent=41387"}],"wp:term":[{"taxonomy":"category","embeddable":true,"href":"https:\/\/www.psib-psoe.org\/eivissa\/wp-json\/wp\/v2\/categories?post=41387"},{"taxonomy":"post_tag","embeddable":true,"href":"https:\/\/www.psib-psoe.org\/eivissa\/wp-json\/wp\/v2\/tags?post=41387"}],"curies":[{"name":"wp","href":"https:\/\/api.w.org\/{rel}","templated":true}]}}