{"id":41424,"date":"2025-10-24T13:16:46","date_gmt":"2025-10-24T11:16:46","guid":{"rendered":"https:\/\/www.psib-psoe.org\/eivissa\/?p=41424"},"modified":"2025-10-24T13:16:46","modified_gmt":"2025-10-24T11:16:46","slug":"el-psoe-reclama-la-continuitat-de-les-linies-dautobus-que-connecten-santa-eularia-amb-el-nord-del-municipi-i-la-zona-de-sant-joan","status":"publish","type":"post","link":"https:\/\/www.psib-psoe.org\/eivissa\/el-psoe-reclama-la-continuitat-de-les-linies-dautobus-que-connecten-santa-eularia-amb-el-nord-del-municipi-i-la-zona-de-sant-joan\/","title":{"rendered":"El PSOE reclama la continu\u00eftat de les l\u00ednies d\u2019autob\u00fas que connecten Santa Eul\u00e0ria amb el nord del municipi i la zona de Sant Joan"},"content":{"rendered":"<p>El grup PSOE del Consell Insular d\u2019Eivissa, conjuntament amb els grups municipals de Santa Eul\u00e0ria des Riu i de Sant Joan de Labritja, fent-se ress\u00f2 de les demandes dels vesins i vesines afectats, sol\u00b7licita la continu\u00eftat durant tota la temporada d\u2019hivern del servei d\u2019autob\u00fas de les l\u00ednies L16A, L16C i L21  per garantir la mobilitat de la zona nord de l\u2019illa. <\/p>\n<p>Les l\u00ednies d\u2019autob\u00fas oferien els seg\u00fcents recorreguts: L16A, Santa Eul\u00e0ria \u2013 Sant Carles \u2013 Cala Llenya, L16C Santa Eul\u00e0ria \u2013 Las Dalias \u2013 Sant Carles \u2013 Es Figueral \u2013 Cala Sant Vicent, i L21 Santa Eul\u00e0ria \u2013 Sant Joan \u2013 Portinatx.<\/p>\n<p>El PSOE considera que la suspensi\u00f3 d\u2019aquestes l\u00ednies suposa un greu perjudici per als vesins i les vesines de les zones afectades, ja que hi ha moltes persones que depenen del transport p\u00fablic per despla\u00e7ar-se als seus llocs de feina, acudir a cites m\u00e8diques o realitzar gestions administratives a Santa Eul\u00e0ria.<\/p>\n<p>El conseller insular del PSOE V\u00edctor Torres ha manifestat que \u201cno pot ser que, amb l\u2019arribada de la temporada baixa tur\u00edstica, moltes zones d\u2019aquestos municipis quedin incomunicades si no es disposa de vehicle privat. El transport p\u00fablic ha de ser un servei essencial, no estacional\u201d.<\/p>\n<p>A pesar de la perspectiva de la posada en marxa de les noves concessions de transport, que acumula anys de retard, el PSOE reclama al Consell que no esperi a la posada en marxa de la nova contracta. <\/p>\n<p>El PSOE recorda que tots aquestos nuclis tenen una important quantitat de residents durant tots els mesos de l\u2019any: \u201cLa seua desconnexi\u00f3 del sistema de transport insular vulnera el principi d\u2019igualtat en l\u2019acc\u00e9s als serveis p\u00fablics\u201d.<\/p>\n<p>Aix\u00ed mateix, el PSOE subratlla que mantenir aquestes l\u00ednies durant els mesos d\u2019hivern afavoriria la mobilitat sostenible, reduiria la depend\u00e8ncia del vehicle privat i contribuiria als objectius mediambientals i de descongesti\u00f3 del tr\u00e0nsit a l\u2019illa: \u201cEls residents de tota aquesta zona de l\u2019illa tamb\u00e9 mereixen un servei digne i continu durant tot l\u2019any\u201d, ha insistit el conseller V\u00edctor Torres.<\/p>\n","protected":false},"excerpt":{"rendered":"<p>El grup PSOE del Consell Insular d\u2019Eivissa, conjuntament amb els grups municipals de Santa Eul\u00e0ria des Riu i de Sant Joan de Labritja, fent-se ress\u00f2 de les demandes dels vesins i vesines afectats, sol\u00b7licita la continu\u00eftat durant tota la temporada d\u2019hivern del servei d\u2019autob\u00fas de les l\u00ednies L16A, L16C i L21 per garantir la mobilitat&hellip;<\/p>\n","protected":false},"author":1,"featured_media":36111,"comment_status":"closed","ping_status":"closed","sticky":false,"template":"","format":"standard","meta":{"footnotes":""},"categories":[192,1,234,189,186],"tags":[],"class_list":["post-41424","post","type-post","status-publish","format-standard","has-post-thumbnail","hentry","category-consell-deivissa","category-federacio-de-eivissa-portada","category-municipis","category-sant-joan-de-labritja","category-santa-eularia-des-riu"],"yoast_head":"<!-- This site is optimized with the Yoast SEO plugin v26.9 - https:\/\/yoast.com\/product\/yoast-seo-wordpress\/ -->\n<title>El PSOE reclama la continu\u00eftat de les l\u00ednies d\u2019autob\u00fas que connecten Santa Eul\u00e0ria amb el nord del municipi i la zona de Sant Joan - Federaci\u00f3 Socialista d&#039;Eivissa<\/title>\n<meta name=\"robots\" content=\"index, follow, max-snippet:-1, max-image-preview:large, max-video-preview:-1\" \/>\n<link rel=\"canonical\" href=\"https:\/\/www.psib-psoe.org\/eivissa\/el-psoe-reclama-la-continuitat-de-les-linies-dautobus-que-connecten-santa-eularia-amb-el-nord-del-municipi-i-la-zona-de-sant-joan\/\" \/>\n<meta property=\"og:locale\" content=\"ca_ES\" \/>\n<meta property=\"og:type\" content=\"article\" \/>\n<meta property=\"og:title\" content=\"El PSOE reclama la continu\u00eftat de les l\u00ednies d\u2019autob\u00fas que connecten Santa Eul\u00e0ria amb el nord del municipi i la zona de Sant Joan - Federaci\u00f3 Socialista d&#039;Eivissa\" \/>\n<meta property=\"og:description\" content=\"El grup PSOE del Consell Insular d\u2019Eivissa, conjuntament amb els grups municipals de Santa Eul\u00e0ria des Riu i de Sant Joan de Labritja, fent-se ress\u00f2 de les demandes dels vesins i vesines afectats, sol\u00b7licita la continu\u00eftat durant tota la temporada d\u2019hivern del servei d\u2019autob\u00fas de les l\u00ednies L16A, L16C i L21 per garantir la mobilitat&hellip;\" \/>\n<meta property=\"og:url\" content=\"https:\/\/www.psib-psoe.org\/eivissa\/el-psoe-reclama-la-continuitat-de-les-linies-dautobus-que-connecten-santa-eularia-amb-el-nord-del-municipi-i-la-zona-de-sant-joan\/\" \/>\n<meta property=\"og:site_name\" content=\"Federaci\u00f3 Socialista d&#039;Eivissa\" \/>\n<meta property=\"article:published_time\" content=\"2025-10-24T11:16:46+00:00\" \/>\n<meta property=\"og:image\" content=\"https:\/\/www.psib-psoe.org\/eivissa\/wp-content\/uploads\/transport-public-autobusos.jpg\" \/>\n\t<meta property=\"og:image:width\" content=\"1272\" \/>\n\t<meta property=\"og:image:height\" content=\"650\" \/>\n\t<meta property=\"og:image:type\" content=\"image\/jpeg\" \/>\n<meta name=\"author\" content=\"adminpsib\" \/>\n<meta name=\"twitter:card\" content=\"summary_large_image\" \/>\n<meta name=\"twitter:label1\" content=\"Escrit per\" \/>\n\t<meta name=\"twitter:data1\" content=\"adminpsib\" \/>\n\t<meta name=\"twitter:label2\" content=\"Temps estimat de lectura\" \/>\n\t<meta name=\"twitter:data2\" content=\"2 minuts\" \/>\n<script type=\"application\/ld+json\" class=\"yoast-schema-graph\">{\"@context\":\"https:\/\/schema.org\",\"@graph\":[{\"@type\":[\"Article\",\"BlogPosting\"],\"@id\":\"https:\/\/www.psib-psoe.org\/eivissa\/el-psoe-reclama-la-continuitat-de-les-linies-dautobus-que-connecten-santa-eularia-amb-el-nord-del-municipi-i-la-zona-de-sant-joan\/#article\",\"isPartOf\":{\"@id\":\"https:\/\/www.psib-psoe.org\/eivissa\/el-psoe-reclama-la-continuitat-de-les-linies-dautobus-que-connecten-santa-eularia-amb-el-nord-del-municipi-i-la-zona-de-sant-joan\/\"},\"author\":{\"name\":\"adminpsib\",\"@id\":\"https:\/\/www.psib-psoe.org\/eivissa\/#\/schema\/person\/099ab3ef73a3645a1d7f303518e6ce24\"},\"headline\":\"El PSOE reclama la continu\u00eftat de les l\u00ednies d\u2019autob\u00fas que connecten Santa Eul\u00e0ria amb el nord del municipi i la zona de Sant Joan\",\"datePublished\":\"2025-10-24T11:16:46+00:00\",\"mainEntityOfPage\":{\"@id\":\"https:\/\/www.psib-psoe.org\/eivissa\/el-psoe-reclama-la-continuitat-de-les-linies-dautobus-que-connecten-santa-eularia-amb-el-nord-del-municipi-i-la-zona-de-sant-joan\/\"},\"wordCount\":396,\"publisher\":{\"@id\":\"https:\/\/www.psib-psoe.org\/eivissa\/#organization\"},\"image\":{\"@id\":\"https:\/\/www.psib-psoe.org\/eivissa\/el-psoe-reclama-la-continuitat-de-les-linies-dautobus-que-connecten-santa-eularia-amb-el-nord-del-municipi-i-la-zona-de-sant-joan\/#primaryimage\"},\"thumbnailUrl\":\"https:\/\/www.psib-psoe.org\/eivissa\/wp-content\/uploads\/transport-public-autobusos.jpg\",\"articleSection\":[\"Consell d'Eivissa\",\"Federaci\u00f3 d'Eivissa - Portada\",\"Municipis\",\"Sant Joan de Labritja\",\"Santa Eul\u00e0ria des Riu\"],\"inLanguage\":\"ca\"},{\"@type\":\"WebPage\",\"@id\":\"https:\/\/www.psib-psoe.org\/eivissa\/el-psoe-reclama-la-continuitat-de-les-linies-dautobus-que-connecten-santa-eularia-amb-el-nord-del-municipi-i-la-zona-de-sant-joan\/\",\"url\":\"https:\/\/www.psib-psoe.org\/eivissa\/el-psoe-reclama-la-continuitat-de-les-linies-dautobus-que-connecten-santa-eularia-amb-el-nord-del-municipi-i-la-zona-de-sant-joan\/\",\"name\":\"El PSOE reclama la continu\u00eftat de les l\u00ednies d\u2019autob\u00fas que connecten Santa Eul\u00e0ria amb el nord del municipi i la zona de Sant Joan - Federaci\u00f3 Socialista d&#039;Eivissa\",\"isPartOf\":{\"@id\":\"https:\/\/www.psib-psoe.org\/eivissa\/#website\"},\"primaryImageOfPage\":{\"@id\":\"https:\/\/www.psib-psoe.org\/eivissa\/el-psoe-reclama-la-continuitat-de-les-linies-dautobus-que-connecten-santa-eularia-amb-el-nord-del-municipi-i-la-zona-de-sant-joan\/#primaryimage\"},\"image\":{\"@id\":\"https:\/\/www.psib-psoe.org\/eivissa\/el-psoe-reclama-la-continuitat-de-les-linies-dautobus-que-connecten-santa-eularia-amb-el-nord-del-municipi-i-la-zona-de-sant-joan\/#primaryimage\"},\"thumbnailUrl\":\"https:\/\/www.psib-psoe.org\/eivissa\/wp-content\/uploads\/transport-public-autobusos.jpg\",\"datePublished\":\"2025-10-24T11:16:46+00:00\",\"breadcrumb\":{\"@id\":\"https:\/\/www.psib-psoe.org\/eivissa\/el-psoe-reclama-la-continuitat-de-les-linies-dautobus-que-connecten-santa-eularia-amb-el-nord-del-municipi-i-la-zona-de-sant-joan\/#breadcrumb\"},\"inLanguage\":\"ca\",\"potentialAction\":[{\"@type\":\"ReadAction\",\"target\":[\"https:\/\/www.psib-psoe.org\/eivissa\/el-psoe-reclama-la-continuitat-de-les-linies-dautobus-que-connecten-santa-eularia-amb-el-nord-del-municipi-i-la-zona-de-sant-joan\/\"]}]},{\"@type\":\"ImageObject\",\"inLanguage\":\"ca\",\"@id\":\"https:\/\/www.psib-psoe.org\/eivissa\/el-psoe-reclama-la-continuitat-de-les-linies-dautobus-que-connecten-santa-eularia-amb-el-nord-del-municipi-i-la-zona-de-sant-joan\/#primaryimage\",\"url\":\"https:\/\/www.psib-psoe.org\/eivissa\/wp-content\/uploads\/transport-public-autobusos.jpg\",\"contentUrl\":\"https:\/\/www.psib-psoe.org\/eivissa\/wp-content\/uploads\/transport-public-autobusos.jpg\",\"width\":1272,\"height\":650},{\"@type\":\"BreadcrumbList\",\"@id\":\"https:\/\/www.psib-psoe.org\/eivissa\/el-psoe-reclama-la-continuitat-de-les-linies-dautobus-que-connecten-santa-eularia-amb-el-nord-del-municipi-i-la-zona-de-sant-joan\/#breadcrumb\",\"itemListElement\":[{\"@type\":\"ListItem\",\"position\":1,\"name\":\"Inici\",\"item\":\"https:\/\/www.psib-psoe.org\/eivissa\/\"},{\"@type\":\"ListItem\",\"position\":2,\"name\":\"El PSOE reclama la continu\u00eftat de les l\u00ednies d\u2019autob\u00fas que connecten Santa Eul\u00e0ria amb el nord del municipi i la zona de Sant Joan\"}]},{\"@type\":\"WebSite\",\"@id\":\"https:\/\/www.psib-psoe.org\/eivissa\/#website\",\"url\":\"https:\/\/www.psib-psoe.org\/eivissa\/\",\"name\":\"Federaci\u00f3 Socialista d'Eivissa\",\"description\":\"Socialistes d&#039;Eivissa\",\"publisher\":{\"@id\":\"https:\/\/www.psib-psoe.org\/eivissa\/#organization\"},\"potentialAction\":[{\"@type\":\"SearchAction\",\"target\":{\"@type\":\"EntryPoint\",\"urlTemplate\":\"https:\/\/www.psib-psoe.org\/eivissa\/?s={search_term_string}\"},\"query-input\":{\"@type\":\"PropertyValueSpecification\",\"valueRequired\":true,\"valueName\":\"search_term_string\"}}],\"inLanguage\":\"ca\"},{\"@type\":\"Organization\",\"@id\":\"https:\/\/www.psib-psoe.org\/eivissa\/#organization\",\"name\":\"Federaci\u00f3 Socialista d'Eivissa\",\"url\":\"https:\/\/www.psib-psoe.org\/eivissa\/\",\"logo\":{\"@type\":\"ImageObject\",\"inLanguage\":\"ca\",\"@id\":\"https:\/\/www.psib-psoe.org\/eivissa\/#\/schema\/logo\/image\/\",\"url\":\"https:\/\/www.psib-psoe.org\/eivissa\/wp-content\/uploads\/LOGO-FSE-SOCIALISTA-DEIVISSA-HORI.png\",\"contentUrl\":\"https:\/\/www.psib-psoe.org\/eivissa\/wp-content\/uploads\/LOGO-FSE-SOCIALISTA-DEIVISSA-HORI.png\",\"width\":6000,\"height\":3104,\"caption\":\"Federaci\u00f3 Socialista d'Eivissa\"},\"image\":{\"@id\":\"https:\/\/www.psib-psoe.org\/eivissa\/#\/schema\/logo\/image\/\"}},{\"@type\":\"Person\",\"@id\":\"https:\/\/www.psib-psoe.org\/eivissa\/#\/schema\/person\/099ab3ef73a3645a1d7f303518e6ce24\",\"name\":\"adminpsib\",\"url\":\"https:\/\/www.psib-psoe.org\/eivissa\/author\/adminpsib\/\"}]}<\/script>\n<!-- \/ Yoast SEO plugin. -->","yoast_head_json":{"title":"El PSOE reclama la continu\u00eftat de les l\u00ednies d\u2019autob\u00fas que connecten Santa Eul\u00e0ria amb el nord del municipi i la zona de Sant Joan - Federaci\u00f3 Socialista d&#039;Eivissa","robots":{"index":"index","follow":"follow","max-snippet":"max-snippet:-1","max-image-preview":"max-image-preview:large","max-video-preview":"max-video-preview:-1"},"canonical":"https:\/\/www.psib-psoe.org\/eivissa\/el-psoe-reclama-la-continuitat-de-les-linies-dautobus-que-connecten-santa-eularia-amb-el-nord-del-municipi-i-la-zona-de-sant-joan\/","og_locale":"ca_ES","og_type":"article","og_title":"El PSOE reclama la continu\u00eftat de les l\u00ednies d\u2019autob\u00fas que connecten Santa Eul\u00e0ria amb el nord del municipi i la zona de Sant Joan - Federaci\u00f3 Socialista d&#039;Eivissa","og_description":"El grup PSOE del Consell Insular d\u2019Eivissa, conjuntament amb els grups municipals de Santa Eul\u00e0ria des Riu i de Sant Joan de Labritja, fent-se ress\u00f2 de les demandes dels vesins i vesines afectats, sol\u00b7licita la continu\u00eftat durant tota la temporada d\u2019hivern del servei d\u2019autob\u00fas de les l\u00ednies L16A, L16C i L21 per garantir la mobilitat&hellip;","og_url":"https:\/\/www.psib-psoe.org\/eivissa\/el-psoe-reclama-la-continuitat-de-les-linies-dautobus-que-connecten-santa-eularia-amb-el-nord-del-municipi-i-la-zona-de-sant-joan\/","og_site_name":"Federaci\u00f3 Socialista d&#039;Eivissa","article_published_time":"2025-10-24T11:16:46+00:00","og_image":[{"width":1272,"height":650,"url":"https:\/\/www.psib-psoe.org\/eivissa\/wp-content\/uploads\/transport-public-autobusos.jpg","type":"image\/jpeg"}],"author":"adminpsib","twitter_card":"summary_large_image","twitter_misc":{"Escrit per":"adminpsib","Temps estimat de lectura":"2 minuts"},"schema":{"@context":"https:\/\/schema.org","@graph":[{"@type":["Article","BlogPosting"],"@id":"https:\/\/www.psib-psoe.org\/eivissa\/el-psoe-reclama-la-continuitat-de-les-linies-dautobus-que-connecten-santa-eularia-amb-el-nord-del-municipi-i-la-zona-de-sant-joan\/#article","isPartOf":{"@id":"https:\/\/www.psib-psoe.org\/eivissa\/el-psoe-reclama-la-continuitat-de-les-linies-dautobus-que-connecten-santa-eularia-amb-el-nord-del-municipi-i-la-zona-de-sant-joan\/"},"author":{"name":"adminpsib","@id":"https:\/\/www.psib-psoe.org\/eivissa\/#\/schema\/person\/099ab3ef73a3645a1d7f303518e6ce24"},"headline":"El PSOE reclama la continu\u00eftat de les l\u00ednies d\u2019autob\u00fas que connecten Santa Eul\u00e0ria amb el nord del municipi i la zona de Sant Joan","datePublished":"2025-10-24T11:16:46+00:00","mainEntityOfPage":{"@id":"https:\/\/www.psib-psoe.org\/eivissa\/el-psoe-reclama-la-continuitat-de-les-linies-dautobus-que-connecten-santa-eularia-amb-el-nord-del-municipi-i-la-zona-de-sant-joan\/"},"wordCount":396,"publisher":{"@id":"https:\/\/www.psib-psoe.org\/eivissa\/#organization"},"image":{"@id":"https:\/\/www.psib-psoe.org\/eivissa\/el-psoe-reclama-la-continuitat-de-les-linies-dautobus-que-connecten-santa-eularia-amb-el-nord-del-municipi-i-la-zona-de-sant-joan\/#primaryimage"},"thumbnailUrl":"https:\/\/www.psib-psoe.org\/eivissa\/wp-content\/uploads\/transport-public-autobusos.jpg","articleSection":["Consell d'Eivissa","Federaci\u00f3 d'Eivissa - Portada","Municipis","Sant Joan de Labritja","Santa Eul\u00e0ria des Riu"],"inLanguage":"ca"},{"@type":"WebPage","@id":"https:\/\/www.psib-psoe.org\/eivissa\/el-psoe-reclama-la-continuitat-de-les-linies-dautobus-que-connecten-santa-eularia-amb-el-nord-del-municipi-i-la-zona-de-sant-joan\/","url":"https:\/\/www.psib-psoe.org\/eivissa\/el-psoe-reclama-la-continuitat-de-les-linies-dautobus-que-connecten-santa-eularia-amb-el-nord-del-municipi-i-la-zona-de-sant-joan\/","name":"El PSOE reclama la continu\u00eftat de les l\u00ednies d\u2019autob\u00fas que connecten Santa Eul\u00e0ria amb el nord del municipi i la zona de Sant Joan - Federaci\u00f3 Socialista d&#039;Eivissa","isPartOf":{"@id":"https:\/\/www.psib-psoe.org\/eivissa\/#website"},"primaryImageOfPage":{"@id":"https:\/\/www.psib-psoe.org\/eivissa\/el-psoe-reclama-la-continuitat-de-les-linies-dautobus-que-connecten-santa-eularia-amb-el-nord-del-municipi-i-la-zona-de-sant-joan\/#primaryimage"},"image":{"@id":"https:\/\/www.psib-psoe.org\/eivissa\/el-psoe-reclama-la-continuitat-de-les-linies-dautobus-que-connecten-santa-eularia-amb-el-nord-del-municipi-i-la-zona-de-sant-joan\/#primaryimage"},"thumbnailUrl":"https:\/\/www.psib-psoe.org\/eivissa\/wp-content\/uploads\/transport-public-autobusos.jpg","datePublished":"2025-10-24T11:16:46+00:00","breadcrumb":{"@id":"https:\/\/www.psib-psoe.org\/eivissa\/el-psoe-reclama-la-continuitat-de-les-linies-dautobus-que-connecten-santa-eularia-amb-el-nord-del-municipi-i-la-zona-de-sant-joan\/#breadcrumb"},"inLanguage":"ca","potentialAction":[{"@type":"ReadAction","target":["https:\/\/www.psib-psoe.org\/eivissa\/el-psoe-reclama-la-continuitat-de-les-linies-dautobus-que-connecten-santa-eularia-amb-el-nord-del-municipi-i-la-zona-de-sant-joan\/"]}]},{"@type":"ImageObject","inLanguage":"ca","@id":"https:\/\/www.psib-psoe.org\/eivissa\/el-psoe-reclama-la-continuitat-de-les-linies-dautobus-que-connecten-santa-eularia-amb-el-nord-del-municipi-i-la-zona-de-sant-joan\/#primaryimage","url":"https:\/\/www.psib-psoe.org\/eivissa\/wp-content\/uploads\/transport-public-autobusos.jpg","contentUrl":"https:\/\/www.psib-psoe.org\/eivissa\/wp-content\/uploads\/transport-public-autobusos.jpg","width":1272,"height":650},{"@type":"BreadcrumbList","@id":"https:\/\/www.psib-psoe.org\/eivissa\/el-psoe-reclama-la-continuitat-de-les-linies-dautobus-que-connecten-santa-eularia-amb-el-nord-del-municipi-i-la-zona-de-sant-joan\/#breadcrumb","itemListElement":[{"@type":"ListItem","position":1,"name":"Inici","item":"https:\/\/www.psib-psoe.org\/eivissa\/"},{"@type":"ListItem","position":2,"name":"El PSOE reclama la continu\u00eftat de les l\u00ednies d\u2019autob\u00fas que connecten Santa Eul\u00e0ria amb el nord del municipi i la zona de Sant Joan"}]},{"@type":"WebSite","@id":"https:\/\/www.psib-psoe.org\/eivissa\/#website","url":"https:\/\/www.psib-psoe.org\/eivissa\/","name":"Federaci\u00f3 Socialista d'Eivissa","description":"Socialistes d&#039;Eivissa","publisher":{"@id":"https:\/\/www.psib-psoe.org\/eivissa\/#organization"},"potentialAction":[{"@type":"SearchAction","target":{"@type":"EntryPoint","urlTemplate":"https:\/\/www.psib-psoe.org\/eivissa\/?s={search_term_string}"},"query-input":{"@type":"PropertyValueSpecification","valueRequired":true,"valueName":"search_term_string"}}],"inLanguage":"ca"},{"@type":"Organization","@id":"https:\/\/www.psib-psoe.org\/eivissa\/#organization","name":"Federaci\u00f3 Socialista d'Eivissa","url":"https:\/\/www.psib-psoe.org\/eivissa\/","logo":{"@type":"ImageObject","inLanguage":"ca","@id":"https:\/\/www.psib-psoe.org\/eivissa\/#\/schema\/logo\/image\/","url":"https:\/\/www.psib-psoe.org\/eivissa\/wp-content\/uploads\/LOGO-FSE-SOCIALISTA-DEIVISSA-HORI.png","contentUrl":"https:\/\/www.psib-psoe.org\/eivissa\/wp-content\/uploads\/LOGO-FSE-SOCIALISTA-DEIVISSA-HORI.png","width":6000,"height":3104,"caption":"Federaci\u00f3 Socialista d'Eivissa"},"image":{"@id":"https:\/\/www.psib-psoe.org\/eivissa\/#\/schema\/logo\/image\/"}},{"@type":"Person","@id":"https:\/\/www.psib-psoe.org\/eivissa\/#\/schema\/person\/099ab3ef73a3645a1d7f303518e6ce24","name":"adminpsib","url":"https:\/\/www.psib-psoe.org\/eivissa\/author\/adminpsib\/"}]}},"_links":{"self":[{"href":"https:\/\/www.psib-psoe.org\/eivissa\/wp-json\/wp\/v2\/posts\/41424","targetHints":{"allow":["GET"]}}],"collection":[{"href":"https:\/\/www.psib-psoe.org\/eivissa\/wp-json\/wp\/v2\/posts"}],"about":[{"href":"https:\/\/www.psib-psoe.org\/eivissa\/wp-json\/wp\/v2\/types\/post"}],"author":[{"embeddable":true,"href":"https:\/\/www.psib-psoe.org\/eivissa\/wp-json\/wp\/v2\/users\/1"}],"replies":[{"embeddable":true,"href":"https:\/\/www.psib-psoe.org\/eivissa\/wp-json\/wp\/v2\/comments?post=41424"}],"version-history":[{"count":1,"href":"https:\/\/www.psib-psoe.org\/eivissa\/wp-json\/wp\/v2\/posts\/41424\/revisions"}],"predecessor-version":[{"id":41425,"href":"https:\/\/www.psib-psoe.org\/eivissa\/wp-json\/wp\/v2\/posts\/41424\/revisions\/41425"}],"wp:featuredmedia":[{"embeddable":true,"href":"https:\/\/www.psib-psoe.org\/eivissa\/wp-json\/wp\/v2\/media\/36111"}],"wp:attachment":[{"href":"https:\/\/www.psib-psoe.org\/eivissa\/wp-json\/wp\/v2\/media?parent=41424"}],"wp:term":[{"taxonomy":"category","embeddable":true,"href":"https:\/\/www.psib-psoe.org\/eivissa\/wp-json\/wp\/v2\/categories?post=41424"},{"taxonomy":"post_tag","embeddable":true,"href":"https:\/\/www.psib-psoe.org\/eivissa\/wp-json\/wp\/v2\/tags?post=41424"}],"curies":[{"name":"wp","href":"https:\/\/api.w.org\/{rel}","templated":true}]}}