{"id":41521,"date":"2025-11-12T11:30:39","date_gmt":"2025-11-12T09:30:39","guid":{"rendered":"https:\/\/www.psib-psoe.org\/eivissa\/?p=41521"},"modified":"2025-11-12T11:32:06","modified_gmt":"2025-11-12T09:32:06","slug":"vaga-de-recollida-de-fems-a-santa-eularia-el-psoe-denuncia-la-llarga-llista-de-deficiencies-en-el-servei-per-la-nefasta-gestio-de-carmen-ferrer","status":"publish","type":"post","link":"https:\/\/www.psib-psoe.org\/eivissa\/vaga-de-recollida-de-fems-a-santa-eularia-el-psoe-denuncia-la-llarga-llista-de-deficiencies-en-el-servei-per-la-nefasta-gestio-de-carmen-ferrer\/","title":{"rendered":"Vaga de recollida de fems a Santa Eul\u00e0ria: El PSOE denuncia la llarga llista de defici\u00e8ncies en el servei per la nefasta gesti\u00f3 de Carmen Ferrer"},"content":{"rendered":"<p>L\u2019anunci de vaga indefinida dels treballadors de recollida de residus a Santa Eul\u00e0ria des Riu, pels greus problemes en el servei, confirma la llarga llista defici\u00e8ncies en la nefasta gesti\u00f3 per part de l\u2019equip de govern de Carmen Ferrer. El PSOE reclama a l\u2019alcaldessa que assumeixi la seua responsabilitat i que intervengui per resoldre el conflicte laboral i garantir el funcionament del servei de recollida, neteja vi\u00e0ria i platges com mereix Santa Eul\u00e0ria.<\/p>\n<p>\u201cUn servei essencial com \u00e9s la recollida de fems i neteja, en un municipi que sempre havia tengut fama de ser el m\u00e9s net de l\u2019illa, actualment \u00e9s un aut\u00e8ntic desastre\u201d, ha denunciat el portaveu del PSOE, Alan Ripoll. \u201cLa responsabilitat de Carmen Ferrer no es pot quedar amb l\u2019obertura d\u2019un expedient administratiu a l\u2019empresa responsable del servei despr\u00e9s de mesos i mesos de queixes dels vesins i treballadors\u201d, ha advertit el portaveu.\u00a0<\/p>\n<p>L\u2019assemblea de treballadors ha denunciat errors continus en les n\u00f2mines del personal, l&#8217;incompliment d\u2019una paga que s\u2019havia de cobrar en octubre i el mal estat de la flota de vehicles perqu\u00e8 no s\u2019han incorporat tots els camions nous que figuraven a la contracta. Aix\u00f2 \u00faltim est\u00e0 provocant unes condicions de feina prec\u00e0ries per no tenir els mitjans de treball adequats i que fraccions com el vidre i els envasos, per\u00f2 tamb\u00e9 els fems, quedin sense recollir durant dies.<\/p>\n<p>Recordem, a m\u00e9s, que persisteix l\u2019incompliment en la implantaci\u00f3 de la recollida de mat\u00e8ria org\u00e0nica, obligat\u00f2ria des de juliol de 2022 segons la Llei 7\/2022, una mancan\u00e7a que exposa el municipi a possibles sancions. Tamb\u00e9 s\u2019han detectat defici\u00e8ncies en diversos punts de recollida, amb contenidors trencats i abs\u00e8ncia de fraccions selectives.\u00a0<br \/>\nLa crisi en el servei de recollida municipal s\u2019est\u00e0 agreujant cada dia que passa despr\u00e9s de mesos de queixes vesinals i m\u00faltiples incid\u00e8ncies, a part del retard en la posada en marxa del nou contracte de neteja, que es va iniciar amb m\u00e9s de cinc anys de demora respecte a la finalitzaci\u00f3 de l\u2019anterior.<\/p>\n<p>El Grup Socialista de Santa Eul\u00e0ria des Riu ja va presentar en el darrer ple del mes d\u2019octubre una moci\u00f3 de reprovaci\u00f3 a la regidora responsable, M\u00f3nica Madrid, que amb el benepl\u00e0cit de l\u2019alcaldessa \u201cha abandonat els treballadors del servei i la ciutadania davant incompliments i mancances greus en el servei\u201d.<\/p>\n<p>\u201cEl problema no \u00e9s a Brussel\u00b7les ni a Madrid, sin\u00f3 en com es gestiona el dia a dia des de l\u2019ajuntament. No es pot demanar un major esfor\u00e7 econ\u00f2mic als vesins mentre la qualitat del servei empitjora i els drets de treballadors i ciutadans es vulneren\u201d, ha dit el portaveu del grup municipal socialista.<\/p>\n","protected":false},"excerpt":{"rendered":"<p>L\u2019anunci de vaga indefinida dels treballadors de recollida de residus a Santa Eul\u00e0ria des Riu, pels greus problemes en el servei, confirma la llarga llista defici\u00e8ncies en la nefasta gesti\u00f3 per part de l\u2019equip de govern de Carmen Ferrer. El PSOE reclama a l\u2019alcaldessa que assumeixi la seua responsabilitat i que intervengui per resoldre el&hellip;<\/p>\n","protected":false},"author":1,"featured_media":41283,"comment_status":"closed","ping_status":"closed","sticky":false,"template":"","format":"standard","meta":{"footnotes":""},"categories":[1,234,186],"tags":[],"class_list":["post-41521","post","type-post","status-publish","format-standard","has-post-thumbnail","hentry","category-federacio-de-eivissa-portada","category-municipis","category-santa-eularia-des-riu"],"yoast_head":"<!-- This site is optimized with the Yoast SEO plugin v26.9 - https:\/\/yoast.com\/product\/yoast-seo-wordpress\/ -->\n<title>Vaga de recollida de fems a Santa Eul\u00e0ria: El PSOE denuncia la llarga llista de defici\u00e8ncies en el servei per la nefasta gesti\u00f3 de Carmen Ferrer - Federaci\u00f3 Socialista d&#039;Eivissa<\/title>\n<meta name=\"robots\" content=\"index, follow, max-snippet:-1, max-image-preview:large, max-video-preview:-1\" \/>\n<link rel=\"canonical\" href=\"https:\/\/www.psib-psoe.org\/eivissa\/vaga-de-recollida-de-fems-a-santa-eularia-el-psoe-denuncia-la-llarga-llista-de-deficiencies-en-el-servei-per-la-nefasta-gestio-de-carmen-ferrer\/\" \/>\n<meta property=\"og:locale\" content=\"ca_ES\" \/>\n<meta property=\"og:type\" content=\"article\" \/>\n<meta property=\"og:title\" content=\"Vaga de recollida de fems a Santa Eul\u00e0ria: El PSOE denuncia la llarga llista de defici\u00e8ncies en el servei per la nefasta gesti\u00f3 de Carmen Ferrer - Federaci\u00f3 Socialista d&#039;Eivissa\" \/>\n<meta property=\"og:description\" content=\"L\u2019anunci de vaga indefinida dels treballadors de recollida de residus a Santa Eul\u00e0ria des Riu, pels greus problemes en el servei, confirma la llarga llista defici\u00e8ncies en la nefasta gesti\u00f3 per part de l\u2019equip de govern de Carmen Ferrer. El PSOE reclama a l\u2019alcaldessa que assumeixi la seua responsabilitat i que intervengui per resoldre el&hellip;\" \/>\n<meta property=\"og:url\" content=\"https:\/\/www.psib-psoe.org\/eivissa\/vaga-de-recollida-de-fems-a-santa-eularia-el-psoe-denuncia-la-llarga-llista-de-deficiencies-en-el-servei-per-la-nefasta-gestio-de-carmen-ferrer\/\" \/>\n<meta property=\"og:site_name\" content=\"Federaci\u00f3 Socialista d&#039;Eivissa\" \/>\n<meta property=\"article:published_time\" content=\"2025-11-12T09:30:39+00:00\" \/>\n<meta property=\"article:modified_time\" content=\"2025-11-12T09:32:06+00:00\" \/>\n<meta property=\"og:image\" content=\"https:\/\/www.psib-psoe.org\/eivissa\/wp-content\/uploads\/fems-santa-eularia.jpg\" \/>\n\t<meta property=\"og:image:width\" content=\"1600\" \/>\n\t<meta property=\"og:image:height\" content=\"1200\" \/>\n\t<meta property=\"og:image:type\" content=\"image\/jpeg\" \/>\n<meta name=\"author\" content=\"adminpsib\" \/>\n<meta name=\"twitter:card\" content=\"summary_large_image\" \/>\n<meta name=\"twitter:label1\" content=\"Escrit per\" \/>\n\t<meta name=\"twitter:data1\" content=\"adminpsib\" \/>\n\t<meta name=\"twitter:label2\" content=\"Temps estimat de lectura\" \/>\n\t<meta name=\"twitter:data2\" content=\"2 minuts\" \/>\n<script type=\"application\/ld+json\" class=\"yoast-schema-graph\">{\"@context\":\"https:\/\/schema.org\",\"@graph\":[{\"@type\":[\"Article\",\"BlogPosting\"],\"@id\":\"https:\/\/www.psib-psoe.org\/eivissa\/vaga-de-recollida-de-fems-a-santa-eularia-el-psoe-denuncia-la-llarga-llista-de-deficiencies-en-el-servei-per-la-nefasta-gestio-de-carmen-ferrer\/#article\",\"isPartOf\":{\"@id\":\"https:\/\/www.psib-psoe.org\/eivissa\/vaga-de-recollida-de-fems-a-santa-eularia-el-psoe-denuncia-la-llarga-llista-de-deficiencies-en-el-servei-per-la-nefasta-gestio-de-carmen-ferrer\/\"},\"author\":{\"name\":\"adminpsib\",\"@id\":\"https:\/\/www.psib-psoe.org\/eivissa\/#\/schema\/person\/099ab3ef73a3645a1d7f303518e6ce24\"},\"headline\":\"Vaga de recollida de fems a Santa Eul\u00e0ria: El PSOE denuncia la llarga llista de defici\u00e8ncies en el servei per la nefasta gesti\u00f3 de Carmen Ferrer\",\"datePublished\":\"2025-11-12T09:30:39+00:00\",\"dateModified\":\"2025-11-12T09:32:06+00:00\",\"mainEntityOfPage\":{\"@id\":\"https:\/\/www.psib-psoe.org\/eivissa\/vaga-de-recollida-de-fems-a-santa-eularia-el-psoe-denuncia-la-llarga-llista-de-deficiencies-en-el-servei-per-la-nefasta-gestio-de-carmen-ferrer\/\"},\"wordCount\":503,\"publisher\":{\"@id\":\"https:\/\/www.psib-psoe.org\/eivissa\/#organization\"},\"image\":{\"@id\":\"https:\/\/www.psib-psoe.org\/eivissa\/vaga-de-recollida-de-fems-a-santa-eularia-el-psoe-denuncia-la-llarga-llista-de-deficiencies-en-el-servei-per-la-nefasta-gestio-de-carmen-ferrer\/#primaryimage\"},\"thumbnailUrl\":\"https:\/\/www.psib-psoe.org\/eivissa\/wp-content\/uploads\/fems-santa-eularia.jpg\",\"articleSection\":[\"Federaci\u00f3 d'Eivissa - Portada\",\"Municipis\",\"Santa Eul\u00e0ria des Riu\"],\"inLanguage\":\"ca\"},{\"@type\":\"WebPage\",\"@id\":\"https:\/\/www.psib-psoe.org\/eivissa\/vaga-de-recollida-de-fems-a-santa-eularia-el-psoe-denuncia-la-llarga-llista-de-deficiencies-en-el-servei-per-la-nefasta-gestio-de-carmen-ferrer\/\",\"url\":\"https:\/\/www.psib-psoe.org\/eivissa\/vaga-de-recollida-de-fems-a-santa-eularia-el-psoe-denuncia-la-llarga-llista-de-deficiencies-en-el-servei-per-la-nefasta-gestio-de-carmen-ferrer\/\",\"name\":\"Vaga de recollida de fems a Santa Eul\u00e0ria: El PSOE denuncia la llarga llista de defici\u00e8ncies en el servei per la nefasta gesti\u00f3 de Carmen Ferrer - Federaci\u00f3 Socialista d&#039;Eivissa\",\"isPartOf\":{\"@id\":\"https:\/\/www.psib-psoe.org\/eivissa\/#website\"},\"primaryImageOfPage\":{\"@id\":\"https:\/\/www.psib-psoe.org\/eivissa\/vaga-de-recollida-de-fems-a-santa-eularia-el-psoe-denuncia-la-llarga-llista-de-deficiencies-en-el-servei-per-la-nefasta-gestio-de-carmen-ferrer\/#primaryimage\"},\"image\":{\"@id\":\"https:\/\/www.psib-psoe.org\/eivissa\/vaga-de-recollida-de-fems-a-santa-eularia-el-psoe-denuncia-la-llarga-llista-de-deficiencies-en-el-servei-per-la-nefasta-gestio-de-carmen-ferrer\/#primaryimage\"},\"thumbnailUrl\":\"https:\/\/www.psib-psoe.org\/eivissa\/wp-content\/uploads\/fems-santa-eularia.jpg\",\"datePublished\":\"2025-11-12T09:30:39+00:00\",\"dateModified\":\"2025-11-12T09:32:06+00:00\",\"breadcrumb\":{\"@id\":\"https:\/\/www.psib-psoe.org\/eivissa\/vaga-de-recollida-de-fems-a-santa-eularia-el-psoe-denuncia-la-llarga-llista-de-deficiencies-en-el-servei-per-la-nefasta-gestio-de-carmen-ferrer\/#breadcrumb\"},\"inLanguage\":\"ca\",\"potentialAction\":[{\"@type\":\"ReadAction\",\"target\":[\"https:\/\/www.psib-psoe.org\/eivissa\/vaga-de-recollida-de-fems-a-santa-eularia-el-psoe-denuncia-la-llarga-llista-de-deficiencies-en-el-servei-per-la-nefasta-gestio-de-carmen-ferrer\/\"]}]},{\"@type\":\"ImageObject\",\"inLanguage\":\"ca\",\"@id\":\"https:\/\/www.psib-psoe.org\/eivissa\/vaga-de-recollida-de-fems-a-santa-eularia-el-psoe-denuncia-la-llarga-llista-de-deficiencies-en-el-servei-per-la-nefasta-gestio-de-carmen-ferrer\/#primaryimage\",\"url\":\"https:\/\/www.psib-psoe.org\/eivissa\/wp-content\/uploads\/fems-santa-eularia.jpg\",\"contentUrl\":\"https:\/\/www.psib-psoe.org\/eivissa\/wp-content\/uploads\/fems-santa-eularia.jpg\",\"width\":1600,\"height\":1200},{\"@type\":\"BreadcrumbList\",\"@id\":\"https:\/\/www.psib-psoe.org\/eivissa\/vaga-de-recollida-de-fems-a-santa-eularia-el-psoe-denuncia-la-llarga-llista-de-deficiencies-en-el-servei-per-la-nefasta-gestio-de-carmen-ferrer\/#breadcrumb\",\"itemListElement\":[{\"@type\":\"ListItem\",\"position\":1,\"name\":\"Inici\",\"item\":\"https:\/\/www.psib-psoe.org\/eivissa\/\"},{\"@type\":\"ListItem\",\"position\":2,\"name\":\"Vaga de recollida de fems a Santa Eul\u00e0ria: El PSOE denuncia la llarga llista de defici\u00e8ncies en el servei per la nefasta gesti\u00f3 de Carmen Ferrer\"}]},{\"@type\":\"WebSite\",\"@id\":\"https:\/\/www.psib-psoe.org\/eivissa\/#website\",\"url\":\"https:\/\/www.psib-psoe.org\/eivissa\/\",\"name\":\"Federaci\u00f3 Socialista d'Eivissa\",\"description\":\"Socialistes d&#039;Eivissa\",\"publisher\":{\"@id\":\"https:\/\/www.psib-psoe.org\/eivissa\/#organization\"},\"potentialAction\":[{\"@type\":\"SearchAction\",\"target\":{\"@type\":\"EntryPoint\",\"urlTemplate\":\"https:\/\/www.psib-psoe.org\/eivissa\/?s={search_term_string}\"},\"query-input\":{\"@type\":\"PropertyValueSpecification\",\"valueRequired\":true,\"valueName\":\"search_term_string\"}}],\"inLanguage\":\"ca\"},{\"@type\":\"Organization\",\"@id\":\"https:\/\/www.psib-psoe.org\/eivissa\/#organization\",\"name\":\"Federaci\u00f3 Socialista d'Eivissa\",\"url\":\"https:\/\/www.psib-psoe.org\/eivissa\/\",\"logo\":{\"@type\":\"ImageObject\",\"inLanguage\":\"ca\",\"@id\":\"https:\/\/www.psib-psoe.org\/eivissa\/#\/schema\/logo\/image\/\",\"url\":\"https:\/\/www.psib-psoe.org\/eivissa\/wp-content\/uploads\/LOGO-FSE-SOCIALISTA-DEIVISSA-HORI.png\",\"contentUrl\":\"https:\/\/www.psib-psoe.org\/eivissa\/wp-content\/uploads\/LOGO-FSE-SOCIALISTA-DEIVISSA-HORI.png\",\"width\":6000,\"height\":3104,\"caption\":\"Federaci\u00f3 Socialista d'Eivissa\"},\"image\":{\"@id\":\"https:\/\/www.psib-psoe.org\/eivissa\/#\/schema\/logo\/image\/\"}},{\"@type\":\"Person\",\"@id\":\"https:\/\/www.psib-psoe.org\/eivissa\/#\/schema\/person\/099ab3ef73a3645a1d7f303518e6ce24\",\"name\":\"adminpsib\",\"url\":\"https:\/\/www.psib-psoe.org\/eivissa\/author\/adminpsib\/\"}]}<\/script>\n<!-- \/ Yoast SEO plugin. -->","yoast_head_json":{"title":"Vaga de recollida de fems a Santa Eul\u00e0ria: El PSOE denuncia la llarga llista de defici\u00e8ncies en el servei per la nefasta gesti\u00f3 de Carmen Ferrer - Federaci\u00f3 Socialista d&#039;Eivissa","robots":{"index":"index","follow":"follow","max-snippet":"max-snippet:-1","max-image-preview":"max-image-preview:large","max-video-preview":"max-video-preview:-1"},"canonical":"https:\/\/www.psib-psoe.org\/eivissa\/vaga-de-recollida-de-fems-a-santa-eularia-el-psoe-denuncia-la-llarga-llista-de-deficiencies-en-el-servei-per-la-nefasta-gestio-de-carmen-ferrer\/","og_locale":"ca_ES","og_type":"article","og_title":"Vaga de recollida de fems a Santa Eul\u00e0ria: El PSOE denuncia la llarga llista de defici\u00e8ncies en el servei per la nefasta gesti\u00f3 de Carmen Ferrer - Federaci\u00f3 Socialista d&#039;Eivissa","og_description":"L\u2019anunci de vaga indefinida dels treballadors de recollida de residus a Santa Eul\u00e0ria des Riu, pels greus problemes en el servei, confirma la llarga llista defici\u00e8ncies en la nefasta gesti\u00f3 per part de l\u2019equip de govern de Carmen Ferrer. El PSOE reclama a l\u2019alcaldessa que assumeixi la seua responsabilitat i que intervengui per resoldre el&hellip;","og_url":"https:\/\/www.psib-psoe.org\/eivissa\/vaga-de-recollida-de-fems-a-santa-eularia-el-psoe-denuncia-la-llarga-llista-de-deficiencies-en-el-servei-per-la-nefasta-gestio-de-carmen-ferrer\/","og_site_name":"Federaci\u00f3 Socialista d&#039;Eivissa","article_published_time":"2025-11-12T09:30:39+00:00","article_modified_time":"2025-11-12T09:32:06+00:00","og_image":[{"width":1600,"height":1200,"url":"https:\/\/www.psib-psoe.org\/eivissa\/wp-content\/uploads\/fems-santa-eularia.jpg","type":"image\/jpeg"}],"author":"adminpsib","twitter_card":"summary_large_image","twitter_misc":{"Escrit per":"adminpsib","Temps estimat de lectura":"2 minuts"},"schema":{"@context":"https:\/\/schema.org","@graph":[{"@type":["Article","BlogPosting"],"@id":"https:\/\/www.psib-psoe.org\/eivissa\/vaga-de-recollida-de-fems-a-santa-eularia-el-psoe-denuncia-la-llarga-llista-de-deficiencies-en-el-servei-per-la-nefasta-gestio-de-carmen-ferrer\/#article","isPartOf":{"@id":"https:\/\/www.psib-psoe.org\/eivissa\/vaga-de-recollida-de-fems-a-santa-eularia-el-psoe-denuncia-la-llarga-llista-de-deficiencies-en-el-servei-per-la-nefasta-gestio-de-carmen-ferrer\/"},"author":{"name":"adminpsib","@id":"https:\/\/www.psib-psoe.org\/eivissa\/#\/schema\/person\/099ab3ef73a3645a1d7f303518e6ce24"},"headline":"Vaga de recollida de fems a Santa Eul\u00e0ria: El PSOE denuncia la llarga llista de defici\u00e8ncies en el servei per la nefasta gesti\u00f3 de Carmen Ferrer","datePublished":"2025-11-12T09:30:39+00:00","dateModified":"2025-11-12T09:32:06+00:00","mainEntityOfPage":{"@id":"https:\/\/www.psib-psoe.org\/eivissa\/vaga-de-recollida-de-fems-a-santa-eularia-el-psoe-denuncia-la-llarga-llista-de-deficiencies-en-el-servei-per-la-nefasta-gestio-de-carmen-ferrer\/"},"wordCount":503,"publisher":{"@id":"https:\/\/www.psib-psoe.org\/eivissa\/#organization"},"image":{"@id":"https:\/\/www.psib-psoe.org\/eivissa\/vaga-de-recollida-de-fems-a-santa-eularia-el-psoe-denuncia-la-llarga-llista-de-deficiencies-en-el-servei-per-la-nefasta-gestio-de-carmen-ferrer\/#primaryimage"},"thumbnailUrl":"https:\/\/www.psib-psoe.org\/eivissa\/wp-content\/uploads\/fems-santa-eularia.jpg","articleSection":["Federaci\u00f3 d'Eivissa - Portada","Municipis","Santa Eul\u00e0ria des Riu"],"inLanguage":"ca"},{"@type":"WebPage","@id":"https:\/\/www.psib-psoe.org\/eivissa\/vaga-de-recollida-de-fems-a-santa-eularia-el-psoe-denuncia-la-llarga-llista-de-deficiencies-en-el-servei-per-la-nefasta-gestio-de-carmen-ferrer\/","url":"https:\/\/www.psib-psoe.org\/eivissa\/vaga-de-recollida-de-fems-a-santa-eularia-el-psoe-denuncia-la-llarga-llista-de-deficiencies-en-el-servei-per-la-nefasta-gestio-de-carmen-ferrer\/","name":"Vaga de recollida de fems a Santa Eul\u00e0ria: El PSOE denuncia la llarga llista de defici\u00e8ncies en el servei per la nefasta gesti\u00f3 de Carmen Ferrer - Federaci\u00f3 Socialista d&#039;Eivissa","isPartOf":{"@id":"https:\/\/www.psib-psoe.org\/eivissa\/#website"},"primaryImageOfPage":{"@id":"https:\/\/www.psib-psoe.org\/eivissa\/vaga-de-recollida-de-fems-a-santa-eularia-el-psoe-denuncia-la-llarga-llista-de-deficiencies-en-el-servei-per-la-nefasta-gestio-de-carmen-ferrer\/#primaryimage"},"image":{"@id":"https:\/\/www.psib-psoe.org\/eivissa\/vaga-de-recollida-de-fems-a-santa-eularia-el-psoe-denuncia-la-llarga-llista-de-deficiencies-en-el-servei-per-la-nefasta-gestio-de-carmen-ferrer\/#primaryimage"},"thumbnailUrl":"https:\/\/www.psib-psoe.org\/eivissa\/wp-content\/uploads\/fems-santa-eularia.jpg","datePublished":"2025-11-12T09:30:39+00:00","dateModified":"2025-11-12T09:32:06+00:00","breadcrumb":{"@id":"https:\/\/www.psib-psoe.org\/eivissa\/vaga-de-recollida-de-fems-a-santa-eularia-el-psoe-denuncia-la-llarga-llista-de-deficiencies-en-el-servei-per-la-nefasta-gestio-de-carmen-ferrer\/#breadcrumb"},"inLanguage":"ca","potentialAction":[{"@type":"ReadAction","target":["https:\/\/www.psib-psoe.org\/eivissa\/vaga-de-recollida-de-fems-a-santa-eularia-el-psoe-denuncia-la-llarga-llista-de-deficiencies-en-el-servei-per-la-nefasta-gestio-de-carmen-ferrer\/"]}]},{"@type":"ImageObject","inLanguage":"ca","@id":"https:\/\/www.psib-psoe.org\/eivissa\/vaga-de-recollida-de-fems-a-santa-eularia-el-psoe-denuncia-la-llarga-llista-de-deficiencies-en-el-servei-per-la-nefasta-gestio-de-carmen-ferrer\/#primaryimage","url":"https:\/\/www.psib-psoe.org\/eivissa\/wp-content\/uploads\/fems-santa-eularia.jpg","contentUrl":"https:\/\/www.psib-psoe.org\/eivissa\/wp-content\/uploads\/fems-santa-eularia.jpg","width":1600,"height":1200},{"@type":"BreadcrumbList","@id":"https:\/\/www.psib-psoe.org\/eivissa\/vaga-de-recollida-de-fems-a-santa-eularia-el-psoe-denuncia-la-llarga-llista-de-deficiencies-en-el-servei-per-la-nefasta-gestio-de-carmen-ferrer\/#breadcrumb","itemListElement":[{"@type":"ListItem","position":1,"name":"Inici","item":"https:\/\/www.psib-psoe.org\/eivissa\/"},{"@type":"ListItem","position":2,"name":"Vaga de recollida de fems a Santa Eul\u00e0ria: El PSOE denuncia la llarga llista de defici\u00e8ncies en el servei per la nefasta gesti\u00f3 de Carmen Ferrer"}]},{"@type":"WebSite","@id":"https:\/\/www.psib-psoe.org\/eivissa\/#website","url":"https:\/\/www.psib-psoe.org\/eivissa\/","name":"Federaci\u00f3 Socialista d'Eivissa","description":"Socialistes d&#039;Eivissa","publisher":{"@id":"https:\/\/www.psib-psoe.org\/eivissa\/#organization"},"potentialAction":[{"@type":"SearchAction","target":{"@type":"EntryPoint","urlTemplate":"https:\/\/www.psib-psoe.org\/eivissa\/?s={search_term_string}"},"query-input":{"@type":"PropertyValueSpecification","valueRequired":true,"valueName":"search_term_string"}}],"inLanguage":"ca"},{"@type":"Organization","@id":"https:\/\/www.psib-psoe.org\/eivissa\/#organization","name":"Federaci\u00f3 Socialista d'Eivissa","url":"https:\/\/www.psib-psoe.org\/eivissa\/","logo":{"@type":"ImageObject","inLanguage":"ca","@id":"https:\/\/www.psib-psoe.org\/eivissa\/#\/schema\/logo\/image\/","url":"https:\/\/www.psib-psoe.org\/eivissa\/wp-content\/uploads\/LOGO-FSE-SOCIALISTA-DEIVISSA-HORI.png","contentUrl":"https:\/\/www.psib-psoe.org\/eivissa\/wp-content\/uploads\/LOGO-FSE-SOCIALISTA-DEIVISSA-HORI.png","width":6000,"height":3104,"caption":"Federaci\u00f3 Socialista d'Eivissa"},"image":{"@id":"https:\/\/www.psib-psoe.org\/eivissa\/#\/schema\/logo\/image\/"}},{"@type":"Person","@id":"https:\/\/www.psib-psoe.org\/eivissa\/#\/schema\/person\/099ab3ef73a3645a1d7f303518e6ce24","name":"adminpsib","url":"https:\/\/www.psib-psoe.org\/eivissa\/author\/adminpsib\/"}]}},"_links":{"self":[{"href":"https:\/\/www.psib-psoe.org\/eivissa\/wp-json\/wp\/v2\/posts\/41521","targetHints":{"allow":["GET"]}}],"collection":[{"href":"https:\/\/www.psib-psoe.org\/eivissa\/wp-json\/wp\/v2\/posts"}],"about":[{"href":"https:\/\/www.psib-psoe.org\/eivissa\/wp-json\/wp\/v2\/types\/post"}],"author":[{"embeddable":true,"href":"https:\/\/www.psib-psoe.org\/eivissa\/wp-json\/wp\/v2\/users\/1"}],"replies":[{"embeddable":true,"href":"https:\/\/www.psib-psoe.org\/eivissa\/wp-json\/wp\/v2\/comments?post=41521"}],"version-history":[{"count":3,"href":"https:\/\/www.psib-psoe.org\/eivissa\/wp-json\/wp\/v2\/posts\/41521\/revisions"}],"predecessor-version":[{"id":41524,"href":"https:\/\/www.psib-psoe.org\/eivissa\/wp-json\/wp\/v2\/posts\/41521\/revisions\/41524"}],"wp:featuredmedia":[{"embeddable":true,"href":"https:\/\/www.psib-psoe.org\/eivissa\/wp-json\/wp\/v2\/media\/41283"}],"wp:attachment":[{"href":"https:\/\/www.psib-psoe.org\/eivissa\/wp-json\/wp\/v2\/media?parent=41521"}],"wp:term":[{"taxonomy":"category","embeddable":true,"href":"https:\/\/www.psib-psoe.org\/eivissa\/wp-json\/wp\/v2\/categories?post=41521"},{"taxonomy":"post_tag","embeddable":true,"href":"https:\/\/www.psib-psoe.org\/eivissa\/wp-json\/wp\/v2\/tags?post=41521"}],"curies":[{"name":"wp","href":"https:\/\/api.w.org\/{rel}","templated":true}]}}