{"id":41580,"date":"2025-11-24T14:41:59","date_gmt":"2025-11-24T12:41:59","guid":{"rendered":"https:\/\/www.psib-psoe.org\/eivissa\/?p=41580"},"modified":"2025-11-24T14:41:59","modified_gmt":"2025-11-24T12:41:59","slug":"el-psoe-es-planta-davant-la-paralisi-de-marga-prohens-i-vicent-mari-en-serveis-de-dependencia-ni-traspas-de-les-residencies-ni-latencio-que-mereixen-les-persones-400-pers","status":"publish","type":"post","link":"https:\/\/www.psib-psoe.org\/eivissa\/el-psoe-es-planta-davant-la-paralisi-de-marga-prohens-i-vicent-mari-en-serveis-de-dependencia-ni-traspas-de-les-residencies-ni-latencio-que-mereixen-les-persones-400-pers\/","title":{"rendered":"El PSOE es planta davant la par\u00e0lisi de Marga Prohens i Vicent Mar\u00ed en serveis de depend\u00e8ncia: \u201cNi trasp\u00e0s de les resid\u00e8ncies, ni l\u2019atenci\u00f3 que mereixen les persones.\u201d 400 persones en llista d\u2019espera a Eivissa, un increment del 23% des que governa el Partit Popular."},"content":{"rendered":"<p>Les llistes per accedir als serveis de depend\u00e8ncia s\u2019han disparat a Eivissa per la par\u00e0lisi del PP de Marga Prohens i Vicent Mar\u00ed, amb un increment del 23% en nom\u00e9s dos anys. El juliol d\u2019enguany hi havia un total de 403 persones esperant un servei, 75 persones m\u00e9s que el 2023, segons la informaci\u00f3 oficial facilitada al Grup Parlamentari Socialista pel mateix Govern Prohens. La portaveu i el conseller al Consell Insular d\u2019Eivissa, Elena L\u00f3pez Bonet i V\u00edctor Torres, respectivament; els diputats socialistes al Parlament de les Illes Balears Irantzu Fern\u00e1ndez i Omar Lamin; i la secret\u00e0ria de Benestar Social de la Federaci\u00f3 Socialista d\u2019Eivissa (FSE-PSOE), Carmen Boned, han ofert una roda de premsa per alertar del \u201ccol\u00b7lapse en els serveis de depend\u00e8ncia davant la inacci\u00f3 del Govern balear i del Consell\u201d.<\/p>\n<p>Elena L\u00f3pez Bonet ha criticat \u201cla falta de voluntat del Partit Popular a la nostra illa\u201d, citant com a \u201cexemple molt clar\u201d que \u201cel Partit Popular a dia d&#8217;avui encara segueix tenint a la seva disposici\u00f3 un solar per fer una nova resid\u00e8ncia a la nostra illa, a Sant Josep, que es nega rotundament a posar en marxa i que segueix tenint bloquejat.<\/p>\n<p>\u201cLes persones majors i a les persones dependents de la nostra illa han de saber que tenen un president d&#8217;aquesta illa que no t\u00e9 cap voluntat de millorar la seua situaci\u00f3 i no t\u00e9 cap d&#8217;intenci\u00f3 de millorar en mat\u00e8ria de resid\u00e8ncies\u201d.<\/p>\n<p>La diputada Irantzu Fern\u00e1ndez interpel\u00b7lar\u00e0 dem\u00e0 la consellera balear responsable, Sandra Fern\u00e1ndez, per incompliment de l\u2019acord del Parlament de la proposta socialista de traspassar les resid\u00e8ncies al Consell d\u2019Eivissa, aprovat fa sis mesos per unanimitat: \u201cNo han fet ni una sola proposta per part del Govern Balear per fer el trasp\u00e0s, no tenim const\u00e0ncia de cap reuni\u00f3, no tenim const\u00e0ncia de cap avan\u00e7. Mentre tot aix\u00f2 passa, a la resta d&#8217;illes, que s\u00ed que tenen les compet\u00e8ncies assumides, s&#8217;estan construint noves places. Per\u00f2 aqu\u00ed a Eivissa, com que estan en una situaci\u00f3 totalment irregular, en la qual el Consell no vol acceptar les seves resid\u00e8ncies, per una part, ni el Govern Balear construir noves places, i el Consell Insular tampoc les construeix, perqu\u00e8 ning\u00fa considera que aix\u00f2 sigui la seua compet\u00e8ncia\u201d, ha denunciat la diputada eivissenca.<\/p>\n<p>El diputat del PSIB-PSOE al Parlament i portaveu socialista en afers socials, Omar Lamin, considera que els dos primers anys de Govern de Marga Prohens han suposat \u201cdos anys perduts per a les persones dependents d\u2019aquesta terra\u201d, una situaci\u00f3 que, segons ha remarcat, \u00e9s especialment greu a l\u2019illa d\u2019Eivissa. Lamin ha recordat que Prohens i Vicent Mar\u00ed \u201chan convertit la depend\u00e8ncia en un s\u00edmbol del seu frac\u00e0s de gesti\u00f3\u201d, fent cr\u00e9ixer \u201cde manera intolerable les llistes d\u2019espera\u201d, sense crear \u201cni una sola pla\u00e7a p\u00fablica nova\u201d i incomplint el comprom\u00eds de traspassar la gesti\u00f3 de les resid\u00e8ncies al Consell Insular.<\/p>\n<p>El diputat ha assenyalat que la realitat actual confirma \u201call\u00f2 que fa dos anys que denunciam sense descans\u201d: que la gesti\u00f3 de Prohens en mat\u00e8ria de depend\u00e8ncia \u00e9s \u201cabsolutament nefasta, insostenible i profundament injusta\u201d amb les persones m\u00e9s vulnerables. Ha recordat que mentre la presidenta parlava de posar \u201cles persones al centre\u201d, les dades \u201cdemostren exactament el contrari\u201d.<\/p>\n<p>Segons les dades oficials que el Govern \u201cha estat amagant durant mesos\u201d, les llistes d\u2019espera de serveis de depend\u00e8ncia al conjunt de la Comunitat han passat de 4.687 persones el juliol de 2023 a 7.086 el juliol de 2025, un increment del 51,18%. \u201cMai en la hist\u00f2ria recent de les Illes Balears s\u2019havia produ\u00eft un col\u00b7lapse d\u2019aquesta magnitud\u201d, ha denunciat Lamin, advertint que Prohens \u201crepeteix exactament el mateix patr\u00f3\u201d del darrer govern del PP: fer cr\u00e9ixer les llistes, abandonar les persones vulnerables i desentendre\u2019s de les fam\u00edlies.<\/p>\n<p>Lamin ha remarcat que a Eivissa la situaci\u00f3 \u00e9s m\u00e9s greu, una illa que s\u2019ha convertit en \u201cun mirall del retroc\u00e9s: m\u00e9s espera, menys resposta i cap soluci\u00f3 real\u201d. I ha denunciat que els tres plans de xoc anunciats pel Govern en dos anys sempre han tingut el mateix resultat: \u201cla gent continua esperant. Una espera que sembla eterna\u201d. De fet, la mateixa consellera Fern\u00e1ndez \u201cho va recon\u00e8ixer ella mateixa\u201d, que va dir que les llistes s\u00f3n \u201cintolerables\u201d.<\/p>\n<p>El diputat ha criticat que Marga Prohens \u201cno ha estat capa\u00e7 ni de projectar cap nova pla\u00e7a de centre de dia, cap nova resid\u00e8ncia\u201d, i que el Govern mant\u00e9 centres acabats i tancats. \u201cEstam davant el govern i la presidenta del fum\u201d, ha dit, denunciant que el PP \u201cmant\u00e9 serveis tancats\u201d, promet all\u00f2 que no far\u00e0 i segueix un model basat en \u201cabandonar les persones i governar per als de sempre\u201d. Tamb\u00e9 ha recordat que fa un any que el Govern anuncia un nou pla d\u2019infraestructures residencials \u201cdel que avui no en tenim cap const\u00e0ncia\u201d.<\/p>\n<p>Durant la seva intervenci\u00f3, Lamin ha recordat que fins al setembre de 2023, durant els dos mandats progressistes de Francina Armengol, Balears era una de les comunitats amb m\u00e9s dinamisme en ampliaci\u00f3 de drets socials, passant de 25.370 a 40.725 persones ateses (+60,5%), amb la creaci\u00f3 de m\u00e9s places residencials i centres de dia que mai, l\u2019engegada del servei de teleassist\u00e8ncia i un impuls sense precedents a l\u2019atenci\u00f3 domicili\u00e0ria. I ha contrastat aquesta etapa amb la situaci\u00f3 actual: \u201cEl Govern Prohens nom\u00e9s ven fum. Enganen la gent, amaguen les dades i, mentrestant, dediquen els seus esfor\u00e7os a continuar afavorint els mateixos de sempre. Mentre regalen 900 milions als qui m\u00e9s tenen, abandonen les persones que m\u00e9s depenen dels serveis p\u00fablics per viure amb dignitat.\u201d<\/p>\n<p>El diputat ha exigit que el Govern i el Consell d\u2019Eivissa \u201ccompleixin, d\u2019una vegada per totes, el trasp\u00e0s de la gesti\u00f3 de les resid\u00e8ncies p\u00fabliques\u201d, que es presenti un nou Pla d\u2019Infraestructures Sociosanit\u00e0ries amb calendari i pressupost, i que s\u2019impulsi la nova resid\u00e8ncia de Sant Josep, ja que \u201cnom\u00e9s falta la voluntat pol\u00edtica\u201d per executar-la. Ha advertit que Eivissa \u00e9s avui l\u2019\u00fanica illa on el PP no ha impulsat cap nova infraestructura social, \u201cboicotejant projectes i negant terrenys\u201d necessaris per avan\u00e7ar.<\/p>\n<p>Finalment, el conseller V\u00edctor Torres ha recordat les den\u00fancies socialistes per la falta de control sobre la gesti\u00f3 de les resid\u00e8ncies privades, inspecci\u00f3 que s\u00ed que correspon al Consell Insular, i ha criticat que el Govern continua concertant places en aquests centres, en comptes de construir noves places p\u00fabliques: \u201c\u00c9s molt greu la situaci\u00f3 que estan patint aqu\u00ed a Eivissa, amb den\u00fancies constant per part de treballadors, d&#8217;usuaris i de familiars d&#8217;aquests usuaris. Evidentment, l&#8217;atenci\u00f3 que es dona als usuaris d&#8217;aquestes resid\u00e8ncies dista molt de ser el que hauria de ser\u201d. Per tant, ha insistit a demanar que \u201cd&#8217;una volta per totes, Vicent Mar\u00ed i Marga Prohens que es posin les piles, busquin solucions, posin a disposici\u00f3 terrenys i que solucionem aquesta llista d&#8217;espera, sobretot a tota aquesta gent que ja est\u00e0 valorada i que est\u00e0 esperant una pla\u00e7a de resid\u00e8ncia&#8221;.<\/p>\n","protected":false},"excerpt":{"rendered":"<p>Les llistes per accedir als serveis de depend\u00e8ncia s\u2019han disparat a Eivissa per la par\u00e0lisi del PP de Marga Prohens i Vicent Mar\u00ed, amb un increment del 23% en nom\u00e9s dos anys. El juliol d\u2019enguany hi havia un total de 403 persones esperant un servei, 75 persones m\u00e9s que el 2023, segons la informaci\u00f3 oficial&hellip;<\/p>\n","protected":false},"author":1,"featured_media":41581,"comment_status":"closed","ping_status":"closed","sticky":false,"template":"","format":"standard","meta":{"footnotes":""},"categories":[192,1,212,191],"tags":[],"class_list":["post-41580","post","type-post","status-publish","format-standard","has-post-thumbnail","hentry","category-consell-deivissa","category-federacio-de-eivissa-portada","category-fse-psoe","category-govern-de-les-illes-balears-parlament"],"yoast_head":"<!-- This site is optimized with the Yoast SEO plugin v26.9 - https:\/\/yoast.com\/product\/yoast-seo-wordpress\/ -->\n<title>El PSOE es planta davant la par\u00e0lisi de Marga Prohens i Vicent Mar\u00ed en serveis de depend\u00e8ncia: \u201cNi trasp\u00e0s de les resid\u00e8ncies, ni l\u2019atenci\u00f3 que mereixen les persones.\u201d 400 persones en llista d\u2019espera a Eivissa, un increment del 23% des que governa el Partit Popular. - Federaci\u00f3 Socialista d&#039;Eivissa<\/title>\n<meta name=\"robots\" content=\"index, follow, max-snippet:-1, max-image-preview:large, max-video-preview:-1\" \/>\n<link rel=\"canonical\" href=\"https:\/\/www.psib-psoe.org\/eivissa\/el-psoe-es-planta-davant-la-paralisi-de-marga-prohens-i-vicent-mari-en-serveis-de-dependencia-ni-traspas-de-les-residencies-ni-latencio-que-mereixen-les-persones-400-pers\/\" \/>\n<meta property=\"og:locale\" content=\"ca_ES\" \/>\n<meta property=\"og:type\" content=\"article\" \/>\n<meta property=\"og:title\" content=\"El PSOE es planta davant la par\u00e0lisi de Marga Prohens i Vicent Mar\u00ed en serveis de depend\u00e8ncia: \u201cNi trasp\u00e0s de les resid\u00e8ncies, ni l\u2019atenci\u00f3 que mereixen les persones.\u201d 400 persones en llista d\u2019espera a Eivissa, un increment del 23% des que governa el Partit Popular. - Federaci\u00f3 Socialista d&#039;Eivissa\" \/>\n<meta property=\"og:description\" content=\"Les llistes per accedir als serveis de depend\u00e8ncia s\u2019han disparat a Eivissa per la par\u00e0lisi del PP de Marga Prohens i Vicent Mar\u00ed, amb un increment del 23% en nom\u00e9s dos anys. El juliol d\u2019enguany hi havia un total de 403 persones esperant un servei, 75 persones m\u00e9s que el 2023, segons la informaci\u00f3 oficial&hellip;\" \/>\n<meta property=\"og:url\" content=\"https:\/\/www.psib-psoe.org\/eivissa\/el-psoe-es-planta-davant-la-paralisi-de-marga-prohens-i-vicent-mari-en-serveis-de-dependencia-ni-traspas-de-les-residencies-ni-latencio-que-mereixen-les-persones-400-pers\/\" \/>\n<meta property=\"og:site_name\" content=\"Federaci\u00f3 Socialista d&#039;Eivissa\" \/>\n<meta property=\"article:published_time\" content=\"2025-11-24T12:41:59+00:00\" \/>\n<meta property=\"og:image\" content=\"https:\/\/www.psib-psoe.org\/eivissa\/wp-content\/uploads\/roda-de-premsa-dependencia.jpg\" \/>\n\t<meta property=\"og:image:width\" content=\"1920\" \/>\n\t<meta property=\"og:image:height\" content=\"1080\" \/>\n\t<meta property=\"og:image:type\" content=\"image\/jpeg\" \/>\n<meta name=\"author\" content=\"adminpsib\" \/>\n<meta name=\"twitter:card\" content=\"summary_large_image\" \/>\n<meta name=\"twitter:label1\" content=\"Escrit per\" \/>\n\t<meta name=\"twitter:data1\" content=\"adminpsib\" \/>\n\t<meta name=\"twitter:label2\" content=\"Temps estimat de lectura\" \/>\n\t<meta name=\"twitter:data2\" content=\"6 minuts\" \/>\n<script type=\"application\/ld+json\" class=\"yoast-schema-graph\">{\"@context\":\"https:\/\/schema.org\",\"@graph\":[{\"@type\":[\"Article\",\"BlogPosting\"],\"@id\":\"https:\/\/www.psib-psoe.org\/eivissa\/el-psoe-es-planta-davant-la-paralisi-de-marga-prohens-i-vicent-mari-en-serveis-de-dependencia-ni-traspas-de-les-residencies-ni-latencio-que-mereixen-les-persones-400-pers\/#article\",\"isPartOf\":{\"@id\":\"https:\/\/www.psib-psoe.org\/eivissa\/el-psoe-es-planta-davant-la-paralisi-de-marga-prohens-i-vicent-mari-en-serveis-de-dependencia-ni-traspas-de-les-residencies-ni-latencio-que-mereixen-les-persones-400-pers\/\"},\"author\":{\"name\":\"adminpsib\",\"@id\":\"https:\/\/www.psib-psoe.org\/eivissa\/#\/schema\/person\/099ab3ef73a3645a1d7f303518e6ce24\"},\"headline\":\"El PSOE es planta davant la par\u00e0lisi de Marga Prohens i Vicent Mar\u00ed en serveis de depend\u00e8ncia: \u201cNi trasp\u00e0s de les resid\u00e8ncies, ni l\u2019atenci\u00f3 que mereixen les persones.\u201d 400 persones en llista d\u2019espera a Eivissa, un increment del 23% des que governa el Partit Popular.\",\"datePublished\":\"2025-11-24T12:41:59+00:00\",\"mainEntityOfPage\":{\"@id\":\"https:\/\/www.psib-psoe.org\/eivissa\/el-psoe-es-planta-davant-la-paralisi-de-marga-prohens-i-vicent-mari-en-serveis-de-dependencia-ni-traspas-de-les-residencies-ni-latencio-que-mereixen-les-persones-400-pers\/\"},\"wordCount\":1269,\"publisher\":{\"@id\":\"https:\/\/www.psib-psoe.org\/eivissa\/#organization\"},\"image\":{\"@id\":\"https:\/\/www.psib-psoe.org\/eivissa\/el-psoe-es-planta-davant-la-paralisi-de-marga-prohens-i-vicent-mari-en-serveis-de-dependencia-ni-traspas-de-les-residencies-ni-latencio-que-mereixen-les-persones-400-pers\/#primaryimage\"},\"thumbnailUrl\":\"https:\/\/www.psib-psoe.org\/eivissa\/wp-content\/uploads\/roda-de-premsa-dependencia.jpg\",\"articleSection\":[\"Consell d'Eivissa\",\"Federaci\u00f3 d'Eivissa - Portada\",\"FSE-PSOE\",\"Govern de les Illes Balears - Parlament - PSIB-PSOE\"],\"inLanguage\":\"ca\"},{\"@type\":\"WebPage\",\"@id\":\"https:\/\/www.psib-psoe.org\/eivissa\/el-psoe-es-planta-davant-la-paralisi-de-marga-prohens-i-vicent-mari-en-serveis-de-dependencia-ni-traspas-de-les-residencies-ni-latencio-que-mereixen-les-persones-400-pers\/\",\"url\":\"https:\/\/www.psib-psoe.org\/eivissa\/el-psoe-es-planta-davant-la-paralisi-de-marga-prohens-i-vicent-mari-en-serveis-de-dependencia-ni-traspas-de-les-residencies-ni-latencio-que-mereixen-les-persones-400-pers\/\",\"name\":\"El PSOE es planta davant la par\u00e0lisi de Marga Prohens i Vicent Mar\u00ed en serveis de depend\u00e8ncia: \u201cNi trasp\u00e0s de les resid\u00e8ncies, ni l\u2019atenci\u00f3 que mereixen les persones.\u201d 400 persones en llista d\u2019espera a Eivissa, un increment del 23% des que governa el Partit Popular. - Federaci\u00f3 Socialista d&#039;Eivissa\",\"isPartOf\":{\"@id\":\"https:\/\/www.psib-psoe.org\/eivissa\/#website\"},\"primaryImageOfPage\":{\"@id\":\"https:\/\/www.psib-psoe.org\/eivissa\/el-psoe-es-planta-davant-la-paralisi-de-marga-prohens-i-vicent-mari-en-serveis-de-dependencia-ni-traspas-de-les-residencies-ni-latencio-que-mereixen-les-persones-400-pers\/#primaryimage\"},\"image\":{\"@id\":\"https:\/\/www.psib-psoe.org\/eivissa\/el-psoe-es-planta-davant-la-paralisi-de-marga-prohens-i-vicent-mari-en-serveis-de-dependencia-ni-traspas-de-les-residencies-ni-latencio-que-mereixen-les-persones-400-pers\/#primaryimage\"},\"thumbnailUrl\":\"https:\/\/www.psib-psoe.org\/eivissa\/wp-content\/uploads\/roda-de-premsa-dependencia.jpg\",\"datePublished\":\"2025-11-24T12:41:59+00:00\",\"breadcrumb\":{\"@id\":\"https:\/\/www.psib-psoe.org\/eivissa\/el-psoe-es-planta-davant-la-paralisi-de-marga-prohens-i-vicent-mari-en-serveis-de-dependencia-ni-traspas-de-les-residencies-ni-latencio-que-mereixen-les-persones-400-pers\/#breadcrumb\"},\"inLanguage\":\"ca\",\"potentialAction\":[{\"@type\":\"ReadAction\",\"target\":[\"https:\/\/www.psib-psoe.org\/eivissa\/el-psoe-es-planta-davant-la-paralisi-de-marga-prohens-i-vicent-mari-en-serveis-de-dependencia-ni-traspas-de-les-residencies-ni-latencio-que-mereixen-les-persones-400-pers\/\"]}]},{\"@type\":\"ImageObject\",\"inLanguage\":\"ca\",\"@id\":\"https:\/\/www.psib-psoe.org\/eivissa\/el-psoe-es-planta-davant-la-paralisi-de-marga-prohens-i-vicent-mari-en-serveis-de-dependencia-ni-traspas-de-les-residencies-ni-latencio-que-mereixen-les-persones-400-pers\/#primaryimage\",\"url\":\"https:\/\/www.psib-psoe.org\/eivissa\/wp-content\/uploads\/roda-de-premsa-dependencia.jpg\",\"contentUrl\":\"https:\/\/www.psib-psoe.org\/eivissa\/wp-content\/uploads\/roda-de-premsa-dependencia.jpg\",\"width\":1920,\"height\":1080},{\"@type\":\"BreadcrumbList\",\"@id\":\"https:\/\/www.psib-psoe.org\/eivissa\/el-psoe-es-planta-davant-la-paralisi-de-marga-prohens-i-vicent-mari-en-serveis-de-dependencia-ni-traspas-de-les-residencies-ni-latencio-que-mereixen-les-persones-400-pers\/#breadcrumb\",\"itemListElement\":[{\"@type\":\"ListItem\",\"position\":1,\"name\":\"Inici\",\"item\":\"https:\/\/www.psib-psoe.org\/eivissa\/\"},{\"@type\":\"ListItem\",\"position\":2,\"name\":\"El PSOE es planta davant la par\u00e0lisi de Marga Prohens i Vicent Mar\u00ed en serveis de depend\u00e8ncia: \u201cNi trasp\u00e0s de les resid\u00e8ncies, ni l\u2019atenci\u00f3 que mereixen les persones.\u201d 400 persones en llista d\u2019espera a Eivissa, un increment del 23% des que governa el Partit Popular.\"}]},{\"@type\":\"WebSite\",\"@id\":\"https:\/\/www.psib-psoe.org\/eivissa\/#website\",\"url\":\"https:\/\/www.psib-psoe.org\/eivissa\/\",\"name\":\"Federaci\u00f3 Socialista d'Eivissa\",\"description\":\"Socialistes d&#039;Eivissa\",\"publisher\":{\"@id\":\"https:\/\/www.psib-psoe.org\/eivissa\/#organization\"},\"potentialAction\":[{\"@type\":\"SearchAction\",\"target\":{\"@type\":\"EntryPoint\",\"urlTemplate\":\"https:\/\/www.psib-psoe.org\/eivissa\/?s={search_term_string}\"},\"query-input\":{\"@type\":\"PropertyValueSpecification\",\"valueRequired\":true,\"valueName\":\"search_term_string\"}}],\"inLanguage\":\"ca\"},{\"@type\":\"Organization\",\"@id\":\"https:\/\/www.psib-psoe.org\/eivissa\/#organization\",\"name\":\"Federaci\u00f3 Socialista d'Eivissa\",\"url\":\"https:\/\/www.psib-psoe.org\/eivissa\/\",\"logo\":{\"@type\":\"ImageObject\",\"inLanguage\":\"ca\",\"@id\":\"https:\/\/www.psib-psoe.org\/eivissa\/#\/schema\/logo\/image\/\",\"url\":\"https:\/\/www.psib-psoe.org\/eivissa\/wp-content\/uploads\/LOGO-FSE-SOCIALISTA-DEIVISSA-HORI.png\",\"contentUrl\":\"https:\/\/www.psib-psoe.org\/eivissa\/wp-content\/uploads\/LOGO-FSE-SOCIALISTA-DEIVISSA-HORI.png\",\"width\":6000,\"height\":3104,\"caption\":\"Federaci\u00f3 Socialista d'Eivissa\"},\"image\":{\"@id\":\"https:\/\/www.psib-psoe.org\/eivissa\/#\/schema\/logo\/image\/\"}},{\"@type\":\"Person\",\"@id\":\"https:\/\/www.psib-psoe.org\/eivissa\/#\/schema\/person\/099ab3ef73a3645a1d7f303518e6ce24\",\"name\":\"adminpsib\",\"url\":\"https:\/\/www.psib-psoe.org\/eivissa\/author\/adminpsib\/\"}]}<\/script>\n<!-- \/ Yoast SEO plugin. -->","yoast_head_json":{"title":"El PSOE es planta davant la par\u00e0lisi de Marga Prohens i Vicent Mar\u00ed en serveis de depend\u00e8ncia: \u201cNi trasp\u00e0s de les resid\u00e8ncies, ni l\u2019atenci\u00f3 que mereixen les persones.\u201d 400 persones en llista d\u2019espera a Eivissa, un increment del 23% des que governa el Partit Popular. - Federaci\u00f3 Socialista d&#039;Eivissa","robots":{"index":"index","follow":"follow","max-snippet":"max-snippet:-1","max-image-preview":"max-image-preview:large","max-video-preview":"max-video-preview:-1"},"canonical":"https:\/\/www.psib-psoe.org\/eivissa\/el-psoe-es-planta-davant-la-paralisi-de-marga-prohens-i-vicent-mari-en-serveis-de-dependencia-ni-traspas-de-les-residencies-ni-latencio-que-mereixen-les-persones-400-pers\/","og_locale":"ca_ES","og_type":"article","og_title":"El PSOE es planta davant la par\u00e0lisi de Marga Prohens i Vicent Mar\u00ed en serveis de depend\u00e8ncia: \u201cNi trasp\u00e0s de les resid\u00e8ncies, ni l\u2019atenci\u00f3 que mereixen les persones.\u201d 400 persones en llista d\u2019espera a Eivissa, un increment del 23% des que governa el Partit Popular. - Federaci\u00f3 Socialista d&#039;Eivissa","og_description":"Les llistes per accedir als serveis de depend\u00e8ncia s\u2019han disparat a Eivissa per la par\u00e0lisi del PP de Marga Prohens i Vicent Mar\u00ed, amb un increment del 23% en nom\u00e9s dos anys. El juliol d\u2019enguany hi havia un total de 403 persones esperant un servei, 75 persones m\u00e9s que el 2023, segons la informaci\u00f3 oficial&hellip;","og_url":"https:\/\/www.psib-psoe.org\/eivissa\/el-psoe-es-planta-davant-la-paralisi-de-marga-prohens-i-vicent-mari-en-serveis-de-dependencia-ni-traspas-de-les-residencies-ni-latencio-que-mereixen-les-persones-400-pers\/","og_site_name":"Federaci\u00f3 Socialista d&#039;Eivissa","article_published_time":"2025-11-24T12:41:59+00:00","og_image":[{"width":1920,"height":1080,"url":"https:\/\/www.psib-psoe.org\/eivissa\/wp-content\/uploads\/roda-de-premsa-dependencia.jpg","type":"image\/jpeg"}],"author":"adminpsib","twitter_card":"summary_large_image","twitter_misc":{"Escrit per":"adminpsib","Temps estimat de lectura":"6 minuts"},"schema":{"@context":"https:\/\/schema.org","@graph":[{"@type":["Article","BlogPosting"],"@id":"https:\/\/www.psib-psoe.org\/eivissa\/el-psoe-es-planta-davant-la-paralisi-de-marga-prohens-i-vicent-mari-en-serveis-de-dependencia-ni-traspas-de-les-residencies-ni-latencio-que-mereixen-les-persones-400-pers\/#article","isPartOf":{"@id":"https:\/\/www.psib-psoe.org\/eivissa\/el-psoe-es-planta-davant-la-paralisi-de-marga-prohens-i-vicent-mari-en-serveis-de-dependencia-ni-traspas-de-les-residencies-ni-latencio-que-mereixen-les-persones-400-pers\/"},"author":{"name":"adminpsib","@id":"https:\/\/www.psib-psoe.org\/eivissa\/#\/schema\/person\/099ab3ef73a3645a1d7f303518e6ce24"},"headline":"El PSOE es planta davant la par\u00e0lisi de Marga Prohens i Vicent Mar\u00ed en serveis de depend\u00e8ncia: \u201cNi trasp\u00e0s de les resid\u00e8ncies, ni l\u2019atenci\u00f3 que mereixen les persones.\u201d 400 persones en llista d\u2019espera a Eivissa, un increment del 23% des que governa el Partit Popular.","datePublished":"2025-11-24T12:41:59+00:00","mainEntityOfPage":{"@id":"https:\/\/www.psib-psoe.org\/eivissa\/el-psoe-es-planta-davant-la-paralisi-de-marga-prohens-i-vicent-mari-en-serveis-de-dependencia-ni-traspas-de-les-residencies-ni-latencio-que-mereixen-les-persones-400-pers\/"},"wordCount":1269,"publisher":{"@id":"https:\/\/www.psib-psoe.org\/eivissa\/#organization"},"image":{"@id":"https:\/\/www.psib-psoe.org\/eivissa\/el-psoe-es-planta-davant-la-paralisi-de-marga-prohens-i-vicent-mari-en-serveis-de-dependencia-ni-traspas-de-les-residencies-ni-latencio-que-mereixen-les-persones-400-pers\/#primaryimage"},"thumbnailUrl":"https:\/\/www.psib-psoe.org\/eivissa\/wp-content\/uploads\/roda-de-premsa-dependencia.jpg","articleSection":["Consell d'Eivissa","Federaci\u00f3 d'Eivissa - Portada","FSE-PSOE","Govern de les Illes Balears - Parlament - PSIB-PSOE"],"inLanguage":"ca"},{"@type":"WebPage","@id":"https:\/\/www.psib-psoe.org\/eivissa\/el-psoe-es-planta-davant-la-paralisi-de-marga-prohens-i-vicent-mari-en-serveis-de-dependencia-ni-traspas-de-les-residencies-ni-latencio-que-mereixen-les-persones-400-pers\/","url":"https:\/\/www.psib-psoe.org\/eivissa\/el-psoe-es-planta-davant-la-paralisi-de-marga-prohens-i-vicent-mari-en-serveis-de-dependencia-ni-traspas-de-les-residencies-ni-latencio-que-mereixen-les-persones-400-pers\/","name":"El PSOE es planta davant la par\u00e0lisi de Marga Prohens i Vicent Mar\u00ed en serveis de depend\u00e8ncia: \u201cNi trasp\u00e0s de les resid\u00e8ncies, ni l\u2019atenci\u00f3 que mereixen les persones.\u201d 400 persones en llista d\u2019espera a Eivissa, un increment del 23% des que governa el Partit Popular. - Federaci\u00f3 Socialista d&#039;Eivissa","isPartOf":{"@id":"https:\/\/www.psib-psoe.org\/eivissa\/#website"},"primaryImageOfPage":{"@id":"https:\/\/www.psib-psoe.org\/eivissa\/el-psoe-es-planta-davant-la-paralisi-de-marga-prohens-i-vicent-mari-en-serveis-de-dependencia-ni-traspas-de-les-residencies-ni-latencio-que-mereixen-les-persones-400-pers\/#primaryimage"},"image":{"@id":"https:\/\/www.psib-psoe.org\/eivissa\/el-psoe-es-planta-davant-la-paralisi-de-marga-prohens-i-vicent-mari-en-serveis-de-dependencia-ni-traspas-de-les-residencies-ni-latencio-que-mereixen-les-persones-400-pers\/#primaryimage"},"thumbnailUrl":"https:\/\/www.psib-psoe.org\/eivissa\/wp-content\/uploads\/roda-de-premsa-dependencia.jpg","datePublished":"2025-11-24T12:41:59+00:00","breadcrumb":{"@id":"https:\/\/www.psib-psoe.org\/eivissa\/el-psoe-es-planta-davant-la-paralisi-de-marga-prohens-i-vicent-mari-en-serveis-de-dependencia-ni-traspas-de-les-residencies-ni-latencio-que-mereixen-les-persones-400-pers\/#breadcrumb"},"inLanguage":"ca","potentialAction":[{"@type":"ReadAction","target":["https:\/\/www.psib-psoe.org\/eivissa\/el-psoe-es-planta-davant-la-paralisi-de-marga-prohens-i-vicent-mari-en-serveis-de-dependencia-ni-traspas-de-les-residencies-ni-latencio-que-mereixen-les-persones-400-pers\/"]}]},{"@type":"ImageObject","inLanguage":"ca","@id":"https:\/\/www.psib-psoe.org\/eivissa\/el-psoe-es-planta-davant-la-paralisi-de-marga-prohens-i-vicent-mari-en-serveis-de-dependencia-ni-traspas-de-les-residencies-ni-latencio-que-mereixen-les-persones-400-pers\/#primaryimage","url":"https:\/\/www.psib-psoe.org\/eivissa\/wp-content\/uploads\/roda-de-premsa-dependencia.jpg","contentUrl":"https:\/\/www.psib-psoe.org\/eivissa\/wp-content\/uploads\/roda-de-premsa-dependencia.jpg","width":1920,"height":1080},{"@type":"BreadcrumbList","@id":"https:\/\/www.psib-psoe.org\/eivissa\/el-psoe-es-planta-davant-la-paralisi-de-marga-prohens-i-vicent-mari-en-serveis-de-dependencia-ni-traspas-de-les-residencies-ni-latencio-que-mereixen-les-persones-400-pers\/#breadcrumb","itemListElement":[{"@type":"ListItem","position":1,"name":"Inici","item":"https:\/\/www.psib-psoe.org\/eivissa\/"},{"@type":"ListItem","position":2,"name":"El PSOE es planta davant la par\u00e0lisi de Marga Prohens i Vicent Mar\u00ed en serveis de depend\u00e8ncia: \u201cNi trasp\u00e0s de les resid\u00e8ncies, ni l\u2019atenci\u00f3 que mereixen les persones.\u201d 400 persones en llista d\u2019espera a Eivissa, un increment del 23% des que governa el Partit Popular."}]},{"@type":"WebSite","@id":"https:\/\/www.psib-psoe.org\/eivissa\/#website","url":"https:\/\/www.psib-psoe.org\/eivissa\/","name":"Federaci\u00f3 Socialista d'Eivissa","description":"Socialistes d&#039;Eivissa","publisher":{"@id":"https:\/\/www.psib-psoe.org\/eivissa\/#organization"},"potentialAction":[{"@type":"SearchAction","target":{"@type":"EntryPoint","urlTemplate":"https:\/\/www.psib-psoe.org\/eivissa\/?s={search_term_string}"},"query-input":{"@type":"PropertyValueSpecification","valueRequired":true,"valueName":"search_term_string"}}],"inLanguage":"ca"},{"@type":"Organization","@id":"https:\/\/www.psib-psoe.org\/eivissa\/#organization","name":"Federaci\u00f3 Socialista d'Eivissa","url":"https:\/\/www.psib-psoe.org\/eivissa\/","logo":{"@type":"ImageObject","inLanguage":"ca","@id":"https:\/\/www.psib-psoe.org\/eivissa\/#\/schema\/logo\/image\/","url":"https:\/\/www.psib-psoe.org\/eivissa\/wp-content\/uploads\/LOGO-FSE-SOCIALISTA-DEIVISSA-HORI.png","contentUrl":"https:\/\/www.psib-psoe.org\/eivissa\/wp-content\/uploads\/LOGO-FSE-SOCIALISTA-DEIVISSA-HORI.png","width":6000,"height":3104,"caption":"Federaci\u00f3 Socialista d'Eivissa"},"image":{"@id":"https:\/\/www.psib-psoe.org\/eivissa\/#\/schema\/logo\/image\/"}},{"@type":"Person","@id":"https:\/\/www.psib-psoe.org\/eivissa\/#\/schema\/person\/099ab3ef73a3645a1d7f303518e6ce24","name":"adminpsib","url":"https:\/\/www.psib-psoe.org\/eivissa\/author\/adminpsib\/"}]}},"_links":{"self":[{"href":"https:\/\/www.psib-psoe.org\/eivissa\/wp-json\/wp\/v2\/posts\/41580","targetHints":{"allow":["GET"]}}],"collection":[{"href":"https:\/\/www.psib-psoe.org\/eivissa\/wp-json\/wp\/v2\/posts"}],"about":[{"href":"https:\/\/www.psib-psoe.org\/eivissa\/wp-json\/wp\/v2\/types\/post"}],"author":[{"embeddable":true,"href":"https:\/\/www.psib-psoe.org\/eivissa\/wp-json\/wp\/v2\/users\/1"}],"replies":[{"embeddable":true,"href":"https:\/\/www.psib-psoe.org\/eivissa\/wp-json\/wp\/v2\/comments?post=41580"}],"version-history":[{"count":1,"href":"https:\/\/www.psib-psoe.org\/eivissa\/wp-json\/wp\/v2\/posts\/41580\/revisions"}],"predecessor-version":[{"id":41582,"href":"https:\/\/www.psib-psoe.org\/eivissa\/wp-json\/wp\/v2\/posts\/41580\/revisions\/41582"}],"wp:featuredmedia":[{"embeddable":true,"href":"https:\/\/www.psib-psoe.org\/eivissa\/wp-json\/wp\/v2\/media\/41581"}],"wp:attachment":[{"href":"https:\/\/www.psib-psoe.org\/eivissa\/wp-json\/wp\/v2\/media?parent=41580"}],"wp:term":[{"taxonomy":"category","embeddable":true,"href":"https:\/\/www.psib-psoe.org\/eivissa\/wp-json\/wp\/v2\/categories?post=41580"},{"taxonomy":"post_tag","embeddable":true,"href":"https:\/\/www.psib-psoe.org\/eivissa\/wp-json\/wp\/v2\/tags?post=41580"}],"curies":[{"name":"wp","href":"https:\/\/api.w.org\/{rel}","templated":true}]}}