{"id":41585,"date":"2025-11-25T11:19:37","date_gmt":"2025-11-25T09:19:37","guid":{"rendered":"https:\/\/www.psib-psoe.org\/eivissa\/?p=41585"},"modified":"2025-11-25T11:19:37","modified_gmt":"2025-11-25T09:19:37","slug":"el-terrorific-dia-a-dia-que-pateixen-les-dones-victimes-de-violencia-en-lambit-de-la-parella-amb-motiu-del-25n-el-psoe-celebra-un-acte-a-sant-antoni-amb-el-testimoni-de-vi","status":"publish","type":"post","link":"https:\/\/www.psib-psoe.org\/eivissa\/el-terrorific-dia-a-dia-que-pateixen-les-dones-victimes-de-violencia-en-lambit-de-la-parella-amb-motiu-del-25n-el-psoe-celebra-un-acte-a-sant-antoni-amb-el-testimoni-de-vi\/","title":{"rendered":"El \u201cterror\u00edfic dia a dia\u201d que pateixen les dones v\u00edctimes de viol\u00e8ncia en l\u2019\u00e0mbit de la parella. Amb motiu del 25N, el PSOE celebra un acte a Sant Antoni amb el testimoni de v\u00edctimes i reclama la \u201cnecess\u00e0ria llei contra la viol\u00e8ncia vic\u00e0ria\u201d."},"content":{"rendered":"<p>Dins dels actes del PSOE amb motiu del 25N, el Centre Cultural Cervantes de Sant Antoni de Portmany va acollir ahir a la tarda un col\u00b7loqui moderat per Clara Rossell\u00f3 que va comptar amb veus expertes dels \u00e0mbits de l\u2019educaci\u00f3 i la psicologia, i especialment amb els testimonis de dos dones que han patit viol\u00e8ncia masclista: Carmen i Lorena.<\/p>\n<p>Carmen va explicar com, fa 45 anys, va aconseguir separar-se despr\u00e9s de patir viol\u00e8ncia f\u00edsica i psicol\u00f2gica per part del seu marit, en un moment en qu\u00e8 les dones no comptaven amb recursos, ni suport social ni institucional que avui disposam. Per\u00f2 encara queda molt per avan\u00e7ar, com va explicar Lorena va compartir que fa 10 anys es va separar de la seva parella i agressor. Va viure durant anys \u201cun terror\u00edfic dia a dia que penses que dem\u00e0 s\u2019acabar\u00e0, per\u00f2 que no s\u2019acaba\u201d. <\/p>\n<p>Com varen dir, les dones necessiten ajuda per fer la passa. I a m\u00e9s, pateixen \u201cla vergonya que t\u2019est\u00e0s separant de la persona que t\u2019havies enamorat\u201d, un marit que es va convertir en \u201cel pitjor monstre\u201d.<\/p>\n<p>En aquest 25N, la secret\u00e0ria d\u2019Igualtat de la Federaci\u00f3 Socialista d\u2019Eivissa, Pilar Ribas Torres, ha explicat que enguany es vol posar el focus en una viol\u00e8ncia \u201ctan cruel que fins i tot ens costa posar-li nom\u201d: la viol\u00e8ncia vic\u00e0ria, definida com aquella que \u201cels maltractadors utilitzen els fills com a arma per destrossar les mares\u201d.<\/p>\n<p>Les dades de la Delegaci\u00f3 del Govern contra la Viol\u00e8ncia de G\u00e8nere confirmen la gravetat de la situaci\u00f3: almenys 65 infants han estat assassinats a Espanya des de l\u2019any 2013 en el marc de la viol\u00e8ncia de g\u00e8nere. \u201cDarrere de cada assassinat hi ha sempre una mare supervivent que haur\u00e0 de carregar amb el pitjor c\u00e0stig imaginable\u201d.<\/p>\n<p>La secret\u00e0ria d\u2019Igualtat ha descrit la viol\u00e8ncia vic\u00e0ria com un acte extrem de crueltat: \u201cAix\u00f2 \u00e9s la viol\u00e8ncia vic\u00e0ria, matar per fer mal i per condemnar una dona a una cadena perp\u00e8tua de dolor\u201d. La futura llei espec\u00edfica en mat\u00e8ria de viol\u00e8ncia vic\u00e0ria es troba en tramitaci\u00f3, i que encara que \u201carriba tard\u201d per a tantes mares v\u00edctimes, Pilar Ribas, insisteix que \u201c\u00e9s m\u00e9s necess\u00e0ria que mai\u201d.<\/p>\n<p>El PSOE defensa intensificar els protocols de protecci\u00f3 dels menors i millorar la coordinaci\u00f3 institucional per evitar que els infants puguin ser utilitzats com a instrument de viol\u00e8ncia. Com ha expressat Pilar Ribas, \u201cno podem acceptar que els fills es converteixin en instruments de tortura emocional\u201d.<\/p>\n<p>La Federaci\u00f3 Socialista d\u2019Eivissa completa el programa d\u2019activitats amb motiu del 25N amb dos actes m\u00e9s: Divendres 28 de novembre a les 19:00 hores, la seu de la Federaci\u00f3 Socialista d&#8217;Eivissa (Via Romana, 15, Eivissa) acollir\u00e0 la xerrada &#8220;El tratamiento de la v\u00edctima en la UFAM&#8221;. Aquesta pon\u00e8ncia, a c\u00e0rrec de la subcomiss\u00e0ria del Cos Nacional de Policia Jimena L\u00f3pez abordar\u00e0 el paper i els protocols de la Unitat d&#8217;Atenci\u00f3 a la Fam\u00edlia i Dona en l&#8217;assist\u00e8ncia i protecci\u00f3 de les v\u00edctimes.<\/p>\n<p>Finalment, el programa clour\u00e0 el dissabte 29 de novembre a les 18:00 hores a la seu de l&#8217;Agrupaci\u00f3 Socialista de Sant Josep de sa Talaia (C. del Cementeri, s\/n), amb la projecci\u00f3 de la pel\u00b7l\u00edcula &#8220;Soy Nevenka&#8221;. A la finalitzaci\u00f3 del film, s&#8217;obrir\u00e0 un debat moderat per Milena Herrera, diputada eivissenca i portaveu del PSOE en la Comissi\u00f3 de Seguiment del Pacte d&#8217;Estat en mat\u00e8ria de Viol\u00e8ncia de G\u00e8nere per reflexionar sobre els temes d\u2019aquest cas, que va marcar un abans i un despr\u00e9s en la lluita contra la viol\u00e8ncia masclista, i la seva relaci\u00f3 amb l&#8217;actualitat.<\/p>\n","protected":false},"excerpt":{"rendered":"<p>Dins dels actes del PSOE amb motiu del 25N, el Centre Cultural Cervantes de Sant Antoni de Portmany va acollir ahir a la tarda un col\u00b7loqui moderat per Clara Rossell\u00f3 que va comptar amb veus expertes dels \u00e0mbits de l\u2019educaci\u00f3 i la psicologia, i especialment amb els testimonis de dos dones que han patit viol\u00e8ncia&hellip;<\/p>\n","protected":false},"author":1,"featured_media":41586,"comment_status":"closed","ping_status":"closed","sticky":false,"template":"","format":"standard","meta":{"footnotes":""},"categories":[1,212,234,188],"tags":[],"class_list":["post-41585","post","type-post","status-publish","format-standard","has-post-thumbnail","hentry","category-federacio-de-eivissa-portada","category-fse-psoe","category-municipis","category-sant-antoni-de-portmany"],"yoast_head":"<!-- This site is optimized with the Yoast SEO plugin v26.9 - https:\/\/yoast.com\/product\/yoast-seo-wordpress\/ -->\n<title>El \u201cterror\u00edfic dia a dia\u201d que pateixen les dones v\u00edctimes de viol\u00e8ncia en l\u2019\u00e0mbit de la parella. Amb motiu del 25N, el PSOE celebra un acte a Sant Antoni amb el testimoni de v\u00edctimes i reclama la \u201cnecess\u00e0ria llei contra la viol\u00e8ncia vic\u00e0ria\u201d. - Federaci\u00f3 Socialista d&#039;Eivissa<\/title>\n<meta name=\"robots\" content=\"index, follow, max-snippet:-1, max-image-preview:large, max-video-preview:-1\" \/>\n<link rel=\"canonical\" href=\"https:\/\/www.psib-psoe.org\/eivissa\/el-terrorific-dia-a-dia-que-pateixen-les-dones-victimes-de-violencia-en-lambit-de-la-parella-amb-motiu-del-25n-el-psoe-celebra-un-acte-a-sant-antoni-amb-el-testimoni-de-vi\/\" \/>\n<meta property=\"og:locale\" content=\"ca_ES\" \/>\n<meta property=\"og:type\" content=\"article\" \/>\n<meta property=\"og:title\" content=\"El \u201cterror\u00edfic dia a dia\u201d que pateixen les dones v\u00edctimes de viol\u00e8ncia en l\u2019\u00e0mbit de la parella. Amb motiu del 25N, el PSOE celebra un acte a Sant Antoni amb el testimoni de v\u00edctimes i reclama la \u201cnecess\u00e0ria llei contra la viol\u00e8ncia vic\u00e0ria\u201d. - Federaci\u00f3 Socialista d&#039;Eivissa\" \/>\n<meta property=\"og:description\" content=\"Dins dels actes del PSOE amb motiu del 25N, el Centre Cultural Cervantes de Sant Antoni de Portmany va acollir ahir a la tarda un col\u00b7loqui moderat per Clara Rossell\u00f3 que va comptar amb veus expertes dels \u00e0mbits de l\u2019educaci\u00f3 i la psicologia, i especialment amb els testimonis de dos dones que han patit viol\u00e8ncia&hellip;\" \/>\n<meta property=\"og:url\" content=\"https:\/\/www.psib-psoe.org\/eivissa\/el-terrorific-dia-a-dia-que-pateixen-les-dones-victimes-de-violencia-en-lambit-de-la-parella-amb-motiu-del-25n-el-psoe-celebra-un-acte-a-sant-antoni-amb-el-testimoni-de-vi\/\" \/>\n<meta property=\"og:site_name\" content=\"Federaci\u00f3 Socialista d&#039;Eivissa\" \/>\n<meta property=\"article:published_time\" content=\"2025-11-25T09:19:37+00:00\" \/>\n<meta property=\"og:image\" content=\"https:\/\/www.psib-psoe.org\/eivissa\/wp-content\/uploads\/24N-25N1.jpg\" \/>\n\t<meta property=\"og:image:width\" content=\"2000\" \/>\n\t<meta property=\"og:image:height\" content=\"1500\" \/>\n\t<meta property=\"og:image:type\" content=\"image\/jpeg\" \/>\n<meta name=\"author\" content=\"adminpsib\" \/>\n<meta name=\"twitter:card\" content=\"summary_large_image\" \/>\n<meta name=\"twitter:label1\" content=\"Escrit per\" \/>\n\t<meta name=\"twitter:data1\" content=\"adminpsib\" \/>\n\t<meta name=\"twitter:label2\" content=\"Temps estimat de lectura\" \/>\n\t<meta name=\"twitter:data2\" content=\"3 minuts\" \/>\n<script type=\"application\/ld+json\" class=\"yoast-schema-graph\">{\"@context\":\"https:\/\/schema.org\",\"@graph\":[{\"@type\":[\"Article\",\"BlogPosting\"],\"@id\":\"https:\/\/www.psib-psoe.org\/eivissa\/el-terrorific-dia-a-dia-que-pateixen-les-dones-victimes-de-violencia-en-lambit-de-la-parella-amb-motiu-del-25n-el-psoe-celebra-un-acte-a-sant-antoni-amb-el-testimoni-de-vi\/#article\",\"isPartOf\":{\"@id\":\"https:\/\/www.psib-psoe.org\/eivissa\/el-terrorific-dia-a-dia-que-pateixen-les-dones-victimes-de-violencia-en-lambit-de-la-parella-amb-motiu-del-25n-el-psoe-celebra-un-acte-a-sant-antoni-amb-el-testimoni-de-vi\/\"},\"author\":{\"name\":\"adminpsib\",\"@id\":\"https:\/\/www.psib-psoe.org\/eivissa\/#\/schema\/person\/099ab3ef73a3645a1d7f303518e6ce24\"},\"headline\":\"El \u201cterror\u00edfic dia a dia\u201d que pateixen les dones v\u00edctimes de viol\u00e8ncia en l\u2019\u00e0mbit de la parella. Amb motiu del 25N, el PSOE celebra un acte a Sant Antoni amb el testimoni de v\u00edctimes i reclama la \u201cnecess\u00e0ria llei contra la viol\u00e8ncia vic\u00e0ria\u201d.\",\"datePublished\":\"2025-11-25T09:19:37+00:00\",\"mainEntityOfPage\":{\"@id\":\"https:\/\/www.psib-psoe.org\/eivissa\/el-terrorific-dia-a-dia-que-pateixen-les-dones-victimes-de-violencia-en-lambit-de-la-parella-amb-motiu-del-25n-el-psoe-celebra-un-acte-a-sant-antoni-amb-el-testimoni-de-vi\/\"},\"wordCount\":687,\"publisher\":{\"@id\":\"https:\/\/www.psib-psoe.org\/eivissa\/#organization\"},\"image\":{\"@id\":\"https:\/\/www.psib-psoe.org\/eivissa\/el-terrorific-dia-a-dia-que-pateixen-les-dones-victimes-de-violencia-en-lambit-de-la-parella-amb-motiu-del-25n-el-psoe-celebra-un-acte-a-sant-antoni-amb-el-testimoni-de-vi\/#primaryimage\"},\"thumbnailUrl\":\"https:\/\/www.psib-psoe.org\/eivissa\/wp-content\/uploads\/24N-25N1.jpg\",\"articleSection\":[\"Federaci\u00f3 d'Eivissa - Portada\",\"FSE-PSOE\",\"Municipis\",\"Sant Antoni de Portmany\"],\"inLanguage\":\"ca\"},{\"@type\":\"WebPage\",\"@id\":\"https:\/\/www.psib-psoe.org\/eivissa\/el-terrorific-dia-a-dia-que-pateixen-les-dones-victimes-de-violencia-en-lambit-de-la-parella-amb-motiu-del-25n-el-psoe-celebra-un-acte-a-sant-antoni-amb-el-testimoni-de-vi\/\",\"url\":\"https:\/\/www.psib-psoe.org\/eivissa\/el-terrorific-dia-a-dia-que-pateixen-les-dones-victimes-de-violencia-en-lambit-de-la-parella-amb-motiu-del-25n-el-psoe-celebra-un-acte-a-sant-antoni-amb-el-testimoni-de-vi\/\",\"name\":\"El \u201cterror\u00edfic dia a dia\u201d que pateixen les dones v\u00edctimes de viol\u00e8ncia en l\u2019\u00e0mbit de la parella. Amb motiu del 25N, el PSOE celebra un acte a Sant Antoni amb el testimoni de v\u00edctimes i reclama la \u201cnecess\u00e0ria llei contra la viol\u00e8ncia vic\u00e0ria\u201d. - Federaci\u00f3 Socialista d&#039;Eivissa\",\"isPartOf\":{\"@id\":\"https:\/\/www.psib-psoe.org\/eivissa\/#website\"},\"primaryImageOfPage\":{\"@id\":\"https:\/\/www.psib-psoe.org\/eivissa\/el-terrorific-dia-a-dia-que-pateixen-les-dones-victimes-de-violencia-en-lambit-de-la-parella-amb-motiu-del-25n-el-psoe-celebra-un-acte-a-sant-antoni-amb-el-testimoni-de-vi\/#primaryimage\"},\"image\":{\"@id\":\"https:\/\/www.psib-psoe.org\/eivissa\/el-terrorific-dia-a-dia-que-pateixen-les-dones-victimes-de-violencia-en-lambit-de-la-parella-amb-motiu-del-25n-el-psoe-celebra-un-acte-a-sant-antoni-amb-el-testimoni-de-vi\/#primaryimage\"},\"thumbnailUrl\":\"https:\/\/www.psib-psoe.org\/eivissa\/wp-content\/uploads\/24N-25N1.jpg\",\"datePublished\":\"2025-11-25T09:19:37+00:00\",\"breadcrumb\":{\"@id\":\"https:\/\/www.psib-psoe.org\/eivissa\/el-terrorific-dia-a-dia-que-pateixen-les-dones-victimes-de-violencia-en-lambit-de-la-parella-amb-motiu-del-25n-el-psoe-celebra-un-acte-a-sant-antoni-amb-el-testimoni-de-vi\/#breadcrumb\"},\"inLanguage\":\"ca\",\"potentialAction\":[{\"@type\":\"ReadAction\",\"target\":[\"https:\/\/www.psib-psoe.org\/eivissa\/el-terrorific-dia-a-dia-que-pateixen-les-dones-victimes-de-violencia-en-lambit-de-la-parella-amb-motiu-del-25n-el-psoe-celebra-un-acte-a-sant-antoni-amb-el-testimoni-de-vi\/\"]}]},{\"@type\":\"ImageObject\",\"inLanguage\":\"ca\",\"@id\":\"https:\/\/www.psib-psoe.org\/eivissa\/el-terrorific-dia-a-dia-que-pateixen-les-dones-victimes-de-violencia-en-lambit-de-la-parella-amb-motiu-del-25n-el-psoe-celebra-un-acte-a-sant-antoni-amb-el-testimoni-de-vi\/#primaryimage\",\"url\":\"https:\/\/www.psib-psoe.org\/eivissa\/wp-content\/uploads\/24N-25N1.jpg\",\"contentUrl\":\"https:\/\/www.psib-psoe.org\/eivissa\/wp-content\/uploads\/24N-25N1.jpg\",\"width\":2000,\"height\":1500},{\"@type\":\"BreadcrumbList\",\"@id\":\"https:\/\/www.psib-psoe.org\/eivissa\/el-terrorific-dia-a-dia-que-pateixen-les-dones-victimes-de-violencia-en-lambit-de-la-parella-amb-motiu-del-25n-el-psoe-celebra-un-acte-a-sant-antoni-amb-el-testimoni-de-vi\/#breadcrumb\",\"itemListElement\":[{\"@type\":\"ListItem\",\"position\":1,\"name\":\"Inici\",\"item\":\"https:\/\/www.psib-psoe.org\/eivissa\/\"},{\"@type\":\"ListItem\",\"position\":2,\"name\":\"El \u201cterror\u00edfic dia a dia\u201d que pateixen les dones v\u00edctimes de viol\u00e8ncia en l\u2019\u00e0mbit de la parella. Amb motiu del 25N, el PSOE celebra un acte a Sant Antoni amb el testimoni de v\u00edctimes i reclama la \u201cnecess\u00e0ria llei contra la viol\u00e8ncia vic\u00e0ria\u201d.\"}]},{\"@type\":\"WebSite\",\"@id\":\"https:\/\/www.psib-psoe.org\/eivissa\/#website\",\"url\":\"https:\/\/www.psib-psoe.org\/eivissa\/\",\"name\":\"Federaci\u00f3 Socialista d'Eivissa\",\"description\":\"Socialistes d&#039;Eivissa\",\"publisher\":{\"@id\":\"https:\/\/www.psib-psoe.org\/eivissa\/#organization\"},\"potentialAction\":[{\"@type\":\"SearchAction\",\"target\":{\"@type\":\"EntryPoint\",\"urlTemplate\":\"https:\/\/www.psib-psoe.org\/eivissa\/?s={search_term_string}\"},\"query-input\":{\"@type\":\"PropertyValueSpecification\",\"valueRequired\":true,\"valueName\":\"search_term_string\"}}],\"inLanguage\":\"ca\"},{\"@type\":\"Organization\",\"@id\":\"https:\/\/www.psib-psoe.org\/eivissa\/#organization\",\"name\":\"Federaci\u00f3 Socialista d'Eivissa\",\"url\":\"https:\/\/www.psib-psoe.org\/eivissa\/\",\"logo\":{\"@type\":\"ImageObject\",\"inLanguage\":\"ca\",\"@id\":\"https:\/\/www.psib-psoe.org\/eivissa\/#\/schema\/logo\/image\/\",\"url\":\"https:\/\/www.psib-psoe.org\/eivissa\/wp-content\/uploads\/LOGO-FSE-SOCIALISTA-DEIVISSA-HORI.png\",\"contentUrl\":\"https:\/\/www.psib-psoe.org\/eivissa\/wp-content\/uploads\/LOGO-FSE-SOCIALISTA-DEIVISSA-HORI.png\",\"width\":6000,\"height\":3104,\"caption\":\"Federaci\u00f3 Socialista d'Eivissa\"},\"image\":{\"@id\":\"https:\/\/www.psib-psoe.org\/eivissa\/#\/schema\/logo\/image\/\"}},{\"@type\":\"Person\",\"@id\":\"https:\/\/www.psib-psoe.org\/eivissa\/#\/schema\/person\/099ab3ef73a3645a1d7f303518e6ce24\",\"name\":\"adminpsib\",\"url\":\"https:\/\/www.psib-psoe.org\/eivissa\/author\/adminpsib\/\"}]}<\/script>\n<!-- \/ Yoast SEO plugin. -->","yoast_head_json":{"title":"El \u201cterror\u00edfic dia a dia\u201d que pateixen les dones v\u00edctimes de viol\u00e8ncia en l\u2019\u00e0mbit de la parella. Amb motiu del 25N, el PSOE celebra un acte a Sant Antoni amb el testimoni de v\u00edctimes i reclama la \u201cnecess\u00e0ria llei contra la viol\u00e8ncia vic\u00e0ria\u201d. - Federaci\u00f3 Socialista d&#039;Eivissa","robots":{"index":"index","follow":"follow","max-snippet":"max-snippet:-1","max-image-preview":"max-image-preview:large","max-video-preview":"max-video-preview:-1"},"canonical":"https:\/\/www.psib-psoe.org\/eivissa\/el-terrorific-dia-a-dia-que-pateixen-les-dones-victimes-de-violencia-en-lambit-de-la-parella-amb-motiu-del-25n-el-psoe-celebra-un-acte-a-sant-antoni-amb-el-testimoni-de-vi\/","og_locale":"ca_ES","og_type":"article","og_title":"El \u201cterror\u00edfic dia a dia\u201d que pateixen les dones v\u00edctimes de viol\u00e8ncia en l\u2019\u00e0mbit de la parella. Amb motiu del 25N, el PSOE celebra un acte a Sant Antoni amb el testimoni de v\u00edctimes i reclama la \u201cnecess\u00e0ria llei contra la viol\u00e8ncia vic\u00e0ria\u201d. - Federaci\u00f3 Socialista d&#039;Eivissa","og_description":"Dins dels actes del PSOE amb motiu del 25N, el Centre Cultural Cervantes de Sant Antoni de Portmany va acollir ahir a la tarda un col\u00b7loqui moderat per Clara Rossell\u00f3 que va comptar amb veus expertes dels \u00e0mbits de l\u2019educaci\u00f3 i la psicologia, i especialment amb els testimonis de dos dones que han patit viol\u00e8ncia&hellip;","og_url":"https:\/\/www.psib-psoe.org\/eivissa\/el-terrorific-dia-a-dia-que-pateixen-les-dones-victimes-de-violencia-en-lambit-de-la-parella-amb-motiu-del-25n-el-psoe-celebra-un-acte-a-sant-antoni-amb-el-testimoni-de-vi\/","og_site_name":"Federaci\u00f3 Socialista d&#039;Eivissa","article_published_time":"2025-11-25T09:19:37+00:00","og_image":[{"width":2000,"height":1500,"url":"https:\/\/www.psib-psoe.org\/eivissa\/wp-content\/uploads\/24N-25N1.jpg","type":"image\/jpeg"}],"author":"adminpsib","twitter_card":"summary_large_image","twitter_misc":{"Escrit per":"adminpsib","Temps estimat de lectura":"3 minuts"},"schema":{"@context":"https:\/\/schema.org","@graph":[{"@type":["Article","BlogPosting"],"@id":"https:\/\/www.psib-psoe.org\/eivissa\/el-terrorific-dia-a-dia-que-pateixen-les-dones-victimes-de-violencia-en-lambit-de-la-parella-amb-motiu-del-25n-el-psoe-celebra-un-acte-a-sant-antoni-amb-el-testimoni-de-vi\/#article","isPartOf":{"@id":"https:\/\/www.psib-psoe.org\/eivissa\/el-terrorific-dia-a-dia-que-pateixen-les-dones-victimes-de-violencia-en-lambit-de-la-parella-amb-motiu-del-25n-el-psoe-celebra-un-acte-a-sant-antoni-amb-el-testimoni-de-vi\/"},"author":{"name":"adminpsib","@id":"https:\/\/www.psib-psoe.org\/eivissa\/#\/schema\/person\/099ab3ef73a3645a1d7f303518e6ce24"},"headline":"El \u201cterror\u00edfic dia a dia\u201d que pateixen les dones v\u00edctimes de viol\u00e8ncia en l\u2019\u00e0mbit de la parella. Amb motiu del 25N, el PSOE celebra un acte a Sant Antoni amb el testimoni de v\u00edctimes i reclama la \u201cnecess\u00e0ria llei contra la viol\u00e8ncia vic\u00e0ria\u201d.","datePublished":"2025-11-25T09:19:37+00:00","mainEntityOfPage":{"@id":"https:\/\/www.psib-psoe.org\/eivissa\/el-terrorific-dia-a-dia-que-pateixen-les-dones-victimes-de-violencia-en-lambit-de-la-parella-amb-motiu-del-25n-el-psoe-celebra-un-acte-a-sant-antoni-amb-el-testimoni-de-vi\/"},"wordCount":687,"publisher":{"@id":"https:\/\/www.psib-psoe.org\/eivissa\/#organization"},"image":{"@id":"https:\/\/www.psib-psoe.org\/eivissa\/el-terrorific-dia-a-dia-que-pateixen-les-dones-victimes-de-violencia-en-lambit-de-la-parella-amb-motiu-del-25n-el-psoe-celebra-un-acte-a-sant-antoni-amb-el-testimoni-de-vi\/#primaryimage"},"thumbnailUrl":"https:\/\/www.psib-psoe.org\/eivissa\/wp-content\/uploads\/24N-25N1.jpg","articleSection":["Federaci\u00f3 d'Eivissa - Portada","FSE-PSOE","Municipis","Sant Antoni de Portmany"],"inLanguage":"ca"},{"@type":"WebPage","@id":"https:\/\/www.psib-psoe.org\/eivissa\/el-terrorific-dia-a-dia-que-pateixen-les-dones-victimes-de-violencia-en-lambit-de-la-parella-amb-motiu-del-25n-el-psoe-celebra-un-acte-a-sant-antoni-amb-el-testimoni-de-vi\/","url":"https:\/\/www.psib-psoe.org\/eivissa\/el-terrorific-dia-a-dia-que-pateixen-les-dones-victimes-de-violencia-en-lambit-de-la-parella-amb-motiu-del-25n-el-psoe-celebra-un-acte-a-sant-antoni-amb-el-testimoni-de-vi\/","name":"El \u201cterror\u00edfic dia a dia\u201d que pateixen les dones v\u00edctimes de viol\u00e8ncia en l\u2019\u00e0mbit de la parella. Amb motiu del 25N, el PSOE celebra un acte a Sant Antoni amb el testimoni de v\u00edctimes i reclama la \u201cnecess\u00e0ria llei contra la viol\u00e8ncia vic\u00e0ria\u201d. - Federaci\u00f3 Socialista d&#039;Eivissa","isPartOf":{"@id":"https:\/\/www.psib-psoe.org\/eivissa\/#website"},"primaryImageOfPage":{"@id":"https:\/\/www.psib-psoe.org\/eivissa\/el-terrorific-dia-a-dia-que-pateixen-les-dones-victimes-de-violencia-en-lambit-de-la-parella-amb-motiu-del-25n-el-psoe-celebra-un-acte-a-sant-antoni-amb-el-testimoni-de-vi\/#primaryimage"},"image":{"@id":"https:\/\/www.psib-psoe.org\/eivissa\/el-terrorific-dia-a-dia-que-pateixen-les-dones-victimes-de-violencia-en-lambit-de-la-parella-amb-motiu-del-25n-el-psoe-celebra-un-acte-a-sant-antoni-amb-el-testimoni-de-vi\/#primaryimage"},"thumbnailUrl":"https:\/\/www.psib-psoe.org\/eivissa\/wp-content\/uploads\/24N-25N1.jpg","datePublished":"2025-11-25T09:19:37+00:00","breadcrumb":{"@id":"https:\/\/www.psib-psoe.org\/eivissa\/el-terrorific-dia-a-dia-que-pateixen-les-dones-victimes-de-violencia-en-lambit-de-la-parella-amb-motiu-del-25n-el-psoe-celebra-un-acte-a-sant-antoni-amb-el-testimoni-de-vi\/#breadcrumb"},"inLanguage":"ca","potentialAction":[{"@type":"ReadAction","target":["https:\/\/www.psib-psoe.org\/eivissa\/el-terrorific-dia-a-dia-que-pateixen-les-dones-victimes-de-violencia-en-lambit-de-la-parella-amb-motiu-del-25n-el-psoe-celebra-un-acte-a-sant-antoni-amb-el-testimoni-de-vi\/"]}]},{"@type":"ImageObject","inLanguage":"ca","@id":"https:\/\/www.psib-psoe.org\/eivissa\/el-terrorific-dia-a-dia-que-pateixen-les-dones-victimes-de-violencia-en-lambit-de-la-parella-amb-motiu-del-25n-el-psoe-celebra-un-acte-a-sant-antoni-amb-el-testimoni-de-vi\/#primaryimage","url":"https:\/\/www.psib-psoe.org\/eivissa\/wp-content\/uploads\/24N-25N1.jpg","contentUrl":"https:\/\/www.psib-psoe.org\/eivissa\/wp-content\/uploads\/24N-25N1.jpg","width":2000,"height":1500},{"@type":"BreadcrumbList","@id":"https:\/\/www.psib-psoe.org\/eivissa\/el-terrorific-dia-a-dia-que-pateixen-les-dones-victimes-de-violencia-en-lambit-de-la-parella-amb-motiu-del-25n-el-psoe-celebra-un-acte-a-sant-antoni-amb-el-testimoni-de-vi\/#breadcrumb","itemListElement":[{"@type":"ListItem","position":1,"name":"Inici","item":"https:\/\/www.psib-psoe.org\/eivissa\/"},{"@type":"ListItem","position":2,"name":"El \u201cterror\u00edfic dia a dia\u201d que pateixen les dones v\u00edctimes de viol\u00e8ncia en l\u2019\u00e0mbit de la parella. Amb motiu del 25N, el PSOE celebra un acte a Sant Antoni amb el testimoni de v\u00edctimes i reclama la \u201cnecess\u00e0ria llei contra la viol\u00e8ncia vic\u00e0ria\u201d."}]},{"@type":"WebSite","@id":"https:\/\/www.psib-psoe.org\/eivissa\/#website","url":"https:\/\/www.psib-psoe.org\/eivissa\/","name":"Federaci\u00f3 Socialista d'Eivissa","description":"Socialistes d&#039;Eivissa","publisher":{"@id":"https:\/\/www.psib-psoe.org\/eivissa\/#organization"},"potentialAction":[{"@type":"SearchAction","target":{"@type":"EntryPoint","urlTemplate":"https:\/\/www.psib-psoe.org\/eivissa\/?s={search_term_string}"},"query-input":{"@type":"PropertyValueSpecification","valueRequired":true,"valueName":"search_term_string"}}],"inLanguage":"ca"},{"@type":"Organization","@id":"https:\/\/www.psib-psoe.org\/eivissa\/#organization","name":"Federaci\u00f3 Socialista d'Eivissa","url":"https:\/\/www.psib-psoe.org\/eivissa\/","logo":{"@type":"ImageObject","inLanguage":"ca","@id":"https:\/\/www.psib-psoe.org\/eivissa\/#\/schema\/logo\/image\/","url":"https:\/\/www.psib-psoe.org\/eivissa\/wp-content\/uploads\/LOGO-FSE-SOCIALISTA-DEIVISSA-HORI.png","contentUrl":"https:\/\/www.psib-psoe.org\/eivissa\/wp-content\/uploads\/LOGO-FSE-SOCIALISTA-DEIVISSA-HORI.png","width":6000,"height":3104,"caption":"Federaci\u00f3 Socialista d'Eivissa"},"image":{"@id":"https:\/\/www.psib-psoe.org\/eivissa\/#\/schema\/logo\/image\/"}},{"@type":"Person","@id":"https:\/\/www.psib-psoe.org\/eivissa\/#\/schema\/person\/099ab3ef73a3645a1d7f303518e6ce24","name":"adminpsib","url":"https:\/\/www.psib-psoe.org\/eivissa\/author\/adminpsib\/"}]}},"_links":{"self":[{"href":"https:\/\/www.psib-psoe.org\/eivissa\/wp-json\/wp\/v2\/posts\/41585","targetHints":{"allow":["GET"]}}],"collection":[{"href":"https:\/\/www.psib-psoe.org\/eivissa\/wp-json\/wp\/v2\/posts"}],"about":[{"href":"https:\/\/www.psib-psoe.org\/eivissa\/wp-json\/wp\/v2\/types\/post"}],"author":[{"embeddable":true,"href":"https:\/\/www.psib-psoe.org\/eivissa\/wp-json\/wp\/v2\/users\/1"}],"replies":[{"embeddable":true,"href":"https:\/\/www.psib-psoe.org\/eivissa\/wp-json\/wp\/v2\/comments?post=41585"}],"version-history":[{"count":1,"href":"https:\/\/www.psib-psoe.org\/eivissa\/wp-json\/wp\/v2\/posts\/41585\/revisions"}],"predecessor-version":[{"id":41587,"href":"https:\/\/www.psib-psoe.org\/eivissa\/wp-json\/wp\/v2\/posts\/41585\/revisions\/41587"}],"wp:featuredmedia":[{"embeddable":true,"href":"https:\/\/www.psib-psoe.org\/eivissa\/wp-json\/wp\/v2\/media\/41586"}],"wp:attachment":[{"href":"https:\/\/www.psib-psoe.org\/eivissa\/wp-json\/wp\/v2\/media?parent=41585"}],"wp:term":[{"taxonomy":"category","embeddable":true,"href":"https:\/\/www.psib-psoe.org\/eivissa\/wp-json\/wp\/v2\/categories?post=41585"},{"taxonomy":"post_tag","embeddable":true,"href":"https:\/\/www.psib-psoe.org\/eivissa\/wp-json\/wp\/v2\/tags?post=41585"}],"curies":[{"name":"wp","href":"https:\/\/api.w.org\/{rel}","templated":true}]}}