{"id":41591,"date":"2025-11-26T12:40:12","date_gmt":"2025-11-26T10:40:12","guid":{"rendered":"https:\/\/www.psib-psoe.org\/eivissa\/?p=41591"},"modified":"2025-11-26T12:40:12","modified_gmt":"2025-11-26T10:40:12","slug":"la-comissio-mixta-dinsularitat-aprova-la-proposta-de-milena-herrera-per-adaptar-la-formacio-de-guia-en-el-medi-natural-que-a-eivissa-ofereix-lies-balafia-a-la-realitat-insular-i-costanera","status":"publish","type":"post","link":"https:\/\/www.psib-psoe.org\/eivissa\/la-comissio-mixta-dinsularitat-aprova-la-proposta-de-milena-herrera-per-adaptar-la-formacio-de-guia-en-el-medi-natural-que-a-eivissa-ofereix-lies-balafia-a-la-realitat-insular-i-costanera\/","title":{"rendered":"La Comissi\u00f3 Mixta d&#8217;Insularitat aprova la proposta de Milena Herrera per adaptar la formaci\u00f3 de guia en el medi natural, que a Eivissa ofereix l&#8217;IES Bal\u00e0fia, a la realitat insular i costanera"},"content":{"rendered":"<p>La Comissi\u00f3 Mixta d\u2019Insularitat Congr\u00e9s-Senat ha aprovat la proposta de la diputada eivissenca del PSOE, Milena Herrera, per adaptar el cicle formatiu de Guia en el Medi Natural i de Temps Lliure, que a Eivissa imparteix l\u2019IES Bal\u00e0fia, a la realitat de les illes i altres territoris costaners que aix\u00ed ho requereixin.<\/p>\n<p>La proposta del Grup Parlamentari Socialista t\u00e9 com a objectiu oferir l\u2019opci\u00f3 de substituir l&#8217;elevada c\u00e0rrega lectiva d&#8217;equitaci\u00f3 per una especialitzaci\u00f3 en el medi mar\u00ed. Actualment, el cicle formatiu exigeix cursar 170 hores anuals de T\u00e8cniques d&#8217;Equitaci\u00f3 i 90 hores anuals de Guia Eq\u00fcestre, el m\u00f2dul amb major c\u00e0rrega lectiva de tot el cicle.<\/p>\n<p>Milena Herrera ha explicat que, si b\u00e9 es tracta d&#8217;un bon cicle formatiu, l&#8217;elevada c\u00e0rrega d&#8217;equitaci\u00f3 \u00e9s &#8220;un pes dif\u00edcilment assumible per al desenvolupament d&#8217;aquest cicle&#8221; en territoris insulars on &#8220;l&#8217;equitaci\u00f3 no \u00e9s actualment una pr\u00e0ctica estesa i ni tan sols existeixen instal\u00b7lacions suficients per afavorir-la&#8221;.<\/p>\n<p>Com a exemple, la diputada ha esmentat el cas de l&#8217;IES Bal\u00e0fia, on el cost d&#8217;\u00fas de les quadres suposa &#8220;el 85% del pressupost anual del cicle&#8221;, i que l&#8217;escassetat d&#8217;instal\u00b7lacions i d&#8217;afici\u00f3 eq\u00fcestre &#8220;redueix al m\u00ednim les oportunitats laborals en aquest \u00e0mbit&#8221;.<\/p>\n<p>En canvi, la diputada ha afirmat que, si el cicle tengu\u00e9s &#8220;una alternativa vinculada a la mar, en llocs com Eivissa podria resultar molt m\u00e9s atractiva i tindria una millor sortida professional&#8221;, ja que l&#8217;illa compta amb 200 km de costa i &#8220;existeix una alta demanda per a la pr\u00e0ctica d&#8217;activitats com el caiac, el p\u00e0del surf, la vela lleugera o l&#8217;snorkel&#8221;.<\/p>\n<p>La moci\u00f3, per tant, proposa crear &#8220;una estructura curricular diferent, que s&#8217;adapti millor a la realitat d&#8217;aquells territoris insulars o costaners que ho considerin d&#8217;inter\u00e8s&#8221;, i que a m\u00e9s es reforci la c\u00e0rrega lectiva relacionada amb les T\u00e8cniques de Nataci\u00f3 i Salvament Aqu\u00e0tic, per tal de garantir &#8220;una preparaci\u00f3 m\u00e9s completa de l&#8217;alumnat que vagi a treballar posteriorment en les activitats desenvolupades en el medi mar\u00ed&#8221;.<\/p>\n<p>En resum, la iniciativa busca &#8220;ampliar l&#8217;oferta educativa en l&#8217;\u00e0mbit professional del medi natural i el temps lliure i fer-ho adaptant una f\u00f3rmula que ja funciona b\u00e9 a la realitat que es viu a les illes&#8221;, ha explicat la diputada del PSOE, qui ha agra\u00eft el vot favorable del PP a la proposta.<\/p>\n","protected":false},"excerpt":{"rendered":"<p>La Comissi\u00f3 Mixta d\u2019Insularitat Congr\u00e9s-Senat ha aprovat la proposta de la diputada eivissenca del PSOE, Milena Herrera, per adaptar el cicle formatiu de Guia en el Medi Natural i de Temps Lliure, que a Eivissa imparteix l\u2019IES Bal\u00e0fia, a la realitat de les illes i altres territoris costaners que aix\u00ed ho requereixin. La proposta del&hellip;<\/p>\n","protected":false},"author":1,"featured_media":41592,"comment_status":"closed","ping_status":"closed","sticky":false,"template":"","format":"standard","meta":{"footnotes":""},"categories":[1,190],"tags":[],"class_list":["post-41591","post","type-post","status-publish","format-standard","has-post-thumbnail","hentry","category-federacio-de-eivissa-portada","category-govern-despanya-congres-senat"],"yoast_head":"<!-- This site is optimized with the Yoast SEO plugin v26.9 - https:\/\/yoast.com\/product\/yoast-seo-wordpress\/ -->\n<title>La Comissi\u00f3 Mixta d&#039;Insularitat aprova la proposta de Milena Herrera per adaptar la formaci\u00f3 de guia en el medi natural, que a Eivissa ofereix l&#039;IES Bal\u00e0fia, a la realitat insular i costanera - Federaci\u00f3 Socialista d&#039;Eivissa<\/title>\n<meta name=\"robots\" content=\"index, follow, max-snippet:-1, max-image-preview:large, max-video-preview:-1\" \/>\n<link rel=\"canonical\" href=\"https:\/\/www.psib-psoe.org\/eivissa\/la-comissio-mixta-dinsularitat-aprova-la-proposta-de-milena-herrera-per-adaptar-la-formacio-de-guia-en-el-medi-natural-que-a-eivissa-ofereix-lies-balafia-a-la-realitat-insular-i-costanera\/\" \/>\n<meta property=\"og:locale\" content=\"ca_ES\" \/>\n<meta property=\"og:type\" content=\"article\" \/>\n<meta property=\"og:title\" content=\"La Comissi\u00f3 Mixta d&#039;Insularitat aprova la proposta de Milena Herrera per adaptar la formaci\u00f3 de guia en el medi natural, que a Eivissa ofereix l&#039;IES Bal\u00e0fia, a la realitat insular i costanera - Federaci\u00f3 Socialista d&#039;Eivissa\" \/>\n<meta property=\"og:description\" content=\"La Comissi\u00f3 Mixta d\u2019Insularitat Congr\u00e9s-Senat ha aprovat la proposta de la diputada eivissenca del PSOE, Milena Herrera, per adaptar el cicle formatiu de Guia en el Medi Natural i de Temps Lliure, que a Eivissa imparteix l\u2019IES Bal\u00e0fia, a la realitat de les illes i altres territoris costaners que aix\u00ed ho requereixin. La proposta del&hellip;\" \/>\n<meta property=\"og:url\" content=\"https:\/\/www.psib-psoe.org\/eivissa\/la-comissio-mixta-dinsularitat-aprova-la-proposta-de-milena-herrera-per-adaptar-la-formacio-de-guia-en-el-medi-natural-que-a-eivissa-ofereix-lies-balafia-a-la-realitat-insular-i-costanera\/\" \/>\n<meta property=\"og:site_name\" content=\"Federaci\u00f3 Socialista d&#039;Eivissa\" \/>\n<meta property=\"article:published_time\" content=\"2025-11-26T10:40:12+00:00\" \/>\n<meta property=\"og:image\" content=\"https:\/\/www.psib-psoe.org\/eivissa\/wp-content\/uploads\/milena-comissio-mixta.png\" \/>\n\t<meta property=\"og:image:width\" content=\"497\" \/>\n\t<meta property=\"og:image:height\" content=\"266\" \/>\n\t<meta property=\"og:image:type\" content=\"image\/png\" \/>\n<meta name=\"author\" content=\"adminpsib\" \/>\n<meta name=\"twitter:card\" content=\"summary_large_image\" \/>\n<meta name=\"twitter:label1\" content=\"Escrit per\" \/>\n\t<meta name=\"twitter:data1\" content=\"adminpsib\" \/>\n\t<meta name=\"twitter:label2\" content=\"Temps estimat de lectura\" \/>\n\t<meta name=\"twitter:data2\" content=\"2 minuts\" \/>\n<script type=\"application\/ld+json\" class=\"yoast-schema-graph\">{\"@context\":\"https:\/\/schema.org\",\"@graph\":[{\"@type\":[\"Article\",\"BlogPosting\"],\"@id\":\"https:\/\/www.psib-psoe.org\/eivissa\/la-comissio-mixta-dinsularitat-aprova-la-proposta-de-milena-herrera-per-adaptar-la-formacio-de-guia-en-el-medi-natural-que-a-eivissa-ofereix-lies-balafia-a-la-realitat-insular-i-costanera\/#article\",\"isPartOf\":{\"@id\":\"https:\/\/www.psib-psoe.org\/eivissa\/la-comissio-mixta-dinsularitat-aprova-la-proposta-de-milena-herrera-per-adaptar-la-formacio-de-guia-en-el-medi-natural-que-a-eivissa-ofereix-lies-balafia-a-la-realitat-insular-i-costanera\/\"},\"author\":{\"name\":\"adminpsib\",\"@id\":\"https:\/\/www.psib-psoe.org\/eivissa\/#\/schema\/person\/099ab3ef73a3645a1d7f303518e6ce24\"},\"headline\":\"La Comissi\u00f3 Mixta d&#8217;Insularitat aprova la proposta de Milena Herrera per adaptar la formaci\u00f3 de guia en el medi natural, que a Eivissa ofereix l&#8217;IES Bal\u00e0fia, a la realitat insular i costanera\",\"datePublished\":\"2025-11-26T10:40:12+00:00\",\"mainEntityOfPage\":{\"@id\":\"https:\/\/www.psib-psoe.org\/eivissa\/la-comissio-mixta-dinsularitat-aprova-la-proposta-de-milena-herrera-per-adaptar-la-formacio-de-guia-en-el-medi-natural-que-a-eivissa-ofereix-lies-balafia-a-la-realitat-insular-i-costanera\/\"},\"wordCount\":437,\"publisher\":{\"@id\":\"https:\/\/www.psib-psoe.org\/eivissa\/#organization\"},\"image\":{\"@id\":\"https:\/\/www.psib-psoe.org\/eivissa\/la-comissio-mixta-dinsularitat-aprova-la-proposta-de-milena-herrera-per-adaptar-la-formacio-de-guia-en-el-medi-natural-que-a-eivissa-ofereix-lies-balafia-a-la-realitat-insular-i-costanera\/#primaryimage\"},\"thumbnailUrl\":\"https:\/\/www.psib-psoe.org\/eivissa\/wp-content\/uploads\/milena-comissio-mixta.png\",\"articleSection\":[\"Federaci\u00f3 d'Eivissa - Portada\",\"Govern d'Espanya - Congr\u00e9s - Senat - PSOE Federal\"],\"inLanguage\":\"ca\"},{\"@type\":\"WebPage\",\"@id\":\"https:\/\/www.psib-psoe.org\/eivissa\/la-comissio-mixta-dinsularitat-aprova-la-proposta-de-milena-herrera-per-adaptar-la-formacio-de-guia-en-el-medi-natural-que-a-eivissa-ofereix-lies-balafia-a-la-realitat-insular-i-costanera\/\",\"url\":\"https:\/\/www.psib-psoe.org\/eivissa\/la-comissio-mixta-dinsularitat-aprova-la-proposta-de-milena-herrera-per-adaptar-la-formacio-de-guia-en-el-medi-natural-que-a-eivissa-ofereix-lies-balafia-a-la-realitat-insular-i-costanera\/\",\"name\":\"La Comissi\u00f3 Mixta d'Insularitat aprova la proposta de Milena Herrera per adaptar la formaci\u00f3 de guia en el medi natural, que a Eivissa ofereix l'IES Bal\u00e0fia, a la realitat insular i costanera - Federaci\u00f3 Socialista d&#039;Eivissa\",\"isPartOf\":{\"@id\":\"https:\/\/www.psib-psoe.org\/eivissa\/#website\"},\"primaryImageOfPage\":{\"@id\":\"https:\/\/www.psib-psoe.org\/eivissa\/la-comissio-mixta-dinsularitat-aprova-la-proposta-de-milena-herrera-per-adaptar-la-formacio-de-guia-en-el-medi-natural-que-a-eivissa-ofereix-lies-balafia-a-la-realitat-insular-i-costanera\/#primaryimage\"},\"image\":{\"@id\":\"https:\/\/www.psib-psoe.org\/eivissa\/la-comissio-mixta-dinsularitat-aprova-la-proposta-de-milena-herrera-per-adaptar-la-formacio-de-guia-en-el-medi-natural-que-a-eivissa-ofereix-lies-balafia-a-la-realitat-insular-i-costanera\/#primaryimage\"},\"thumbnailUrl\":\"https:\/\/www.psib-psoe.org\/eivissa\/wp-content\/uploads\/milena-comissio-mixta.png\",\"datePublished\":\"2025-11-26T10:40:12+00:00\",\"breadcrumb\":{\"@id\":\"https:\/\/www.psib-psoe.org\/eivissa\/la-comissio-mixta-dinsularitat-aprova-la-proposta-de-milena-herrera-per-adaptar-la-formacio-de-guia-en-el-medi-natural-que-a-eivissa-ofereix-lies-balafia-a-la-realitat-insular-i-costanera\/#breadcrumb\"},\"inLanguage\":\"ca\",\"potentialAction\":[{\"@type\":\"ReadAction\",\"target\":[\"https:\/\/www.psib-psoe.org\/eivissa\/la-comissio-mixta-dinsularitat-aprova-la-proposta-de-milena-herrera-per-adaptar-la-formacio-de-guia-en-el-medi-natural-que-a-eivissa-ofereix-lies-balafia-a-la-realitat-insular-i-costanera\/\"]}]},{\"@type\":\"ImageObject\",\"inLanguage\":\"ca\",\"@id\":\"https:\/\/www.psib-psoe.org\/eivissa\/la-comissio-mixta-dinsularitat-aprova-la-proposta-de-milena-herrera-per-adaptar-la-formacio-de-guia-en-el-medi-natural-que-a-eivissa-ofereix-lies-balafia-a-la-realitat-insular-i-costanera\/#primaryimage\",\"url\":\"https:\/\/www.psib-psoe.org\/eivissa\/wp-content\/uploads\/milena-comissio-mixta.png\",\"contentUrl\":\"https:\/\/www.psib-psoe.org\/eivissa\/wp-content\/uploads\/milena-comissio-mixta.png\",\"width\":497,\"height\":266},{\"@type\":\"BreadcrumbList\",\"@id\":\"https:\/\/www.psib-psoe.org\/eivissa\/la-comissio-mixta-dinsularitat-aprova-la-proposta-de-milena-herrera-per-adaptar-la-formacio-de-guia-en-el-medi-natural-que-a-eivissa-ofereix-lies-balafia-a-la-realitat-insular-i-costanera\/#breadcrumb\",\"itemListElement\":[{\"@type\":\"ListItem\",\"position\":1,\"name\":\"Inici\",\"item\":\"https:\/\/www.psib-psoe.org\/eivissa\/\"},{\"@type\":\"ListItem\",\"position\":2,\"name\":\"La Comissi\u00f3 Mixta d&#8217;Insularitat aprova la proposta de Milena Herrera per adaptar la formaci\u00f3 de guia en el medi natural, que a Eivissa ofereix l&#8217;IES Bal\u00e0fia, a la realitat insular i costanera\"}]},{\"@type\":\"WebSite\",\"@id\":\"https:\/\/www.psib-psoe.org\/eivissa\/#website\",\"url\":\"https:\/\/www.psib-psoe.org\/eivissa\/\",\"name\":\"Federaci\u00f3 Socialista d'Eivissa\",\"description\":\"Socialistes d&#039;Eivissa\",\"publisher\":{\"@id\":\"https:\/\/www.psib-psoe.org\/eivissa\/#organization\"},\"potentialAction\":[{\"@type\":\"SearchAction\",\"target\":{\"@type\":\"EntryPoint\",\"urlTemplate\":\"https:\/\/www.psib-psoe.org\/eivissa\/?s={search_term_string}\"},\"query-input\":{\"@type\":\"PropertyValueSpecification\",\"valueRequired\":true,\"valueName\":\"search_term_string\"}}],\"inLanguage\":\"ca\"},{\"@type\":\"Organization\",\"@id\":\"https:\/\/www.psib-psoe.org\/eivissa\/#organization\",\"name\":\"Federaci\u00f3 Socialista d'Eivissa\",\"url\":\"https:\/\/www.psib-psoe.org\/eivissa\/\",\"logo\":{\"@type\":\"ImageObject\",\"inLanguage\":\"ca\",\"@id\":\"https:\/\/www.psib-psoe.org\/eivissa\/#\/schema\/logo\/image\/\",\"url\":\"https:\/\/www.psib-psoe.org\/eivissa\/wp-content\/uploads\/LOGO-FSE-SOCIALISTA-DEIVISSA-HORI.png\",\"contentUrl\":\"https:\/\/www.psib-psoe.org\/eivissa\/wp-content\/uploads\/LOGO-FSE-SOCIALISTA-DEIVISSA-HORI.png\",\"width\":6000,\"height\":3104,\"caption\":\"Federaci\u00f3 Socialista d'Eivissa\"},\"image\":{\"@id\":\"https:\/\/www.psib-psoe.org\/eivissa\/#\/schema\/logo\/image\/\"}},{\"@type\":\"Person\",\"@id\":\"https:\/\/www.psib-psoe.org\/eivissa\/#\/schema\/person\/099ab3ef73a3645a1d7f303518e6ce24\",\"name\":\"adminpsib\",\"url\":\"https:\/\/www.psib-psoe.org\/eivissa\/author\/adminpsib\/\"}]}<\/script>\n<!-- \/ Yoast SEO plugin. -->","yoast_head_json":{"title":"La Comissi\u00f3 Mixta d'Insularitat aprova la proposta de Milena Herrera per adaptar la formaci\u00f3 de guia en el medi natural, que a Eivissa ofereix l'IES Bal\u00e0fia, a la realitat insular i costanera - Federaci\u00f3 Socialista d&#039;Eivissa","robots":{"index":"index","follow":"follow","max-snippet":"max-snippet:-1","max-image-preview":"max-image-preview:large","max-video-preview":"max-video-preview:-1"},"canonical":"https:\/\/www.psib-psoe.org\/eivissa\/la-comissio-mixta-dinsularitat-aprova-la-proposta-de-milena-herrera-per-adaptar-la-formacio-de-guia-en-el-medi-natural-que-a-eivissa-ofereix-lies-balafia-a-la-realitat-insular-i-costanera\/","og_locale":"ca_ES","og_type":"article","og_title":"La Comissi\u00f3 Mixta d'Insularitat aprova la proposta de Milena Herrera per adaptar la formaci\u00f3 de guia en el medi natural, que a Eivissa ofereix l'IES Bal\u00e0fia, a la realitat insular i costanera - Federaci\u00f3 Socialista d&#039;Eivissa","og_description":"La Comissi\u00f3 Mixta d\u2019Insularitat Congr\u00e9s-Senat ha aprovat la proposta de la diputada eivissenca del PSOE, Milena Herrera, per adaptar el cicle formatiu de Guia en el Medi Natural i de Temps Lliure, que a Eivissa imparteix l\u2019IES Bal\u00e0fia, a la realitat de les illes i altres territoris costaners que aix\u00ed ho requereixin. La proposta del&hellip;","og_url":"https:\/\/www.psib-psoe.org\/eivissa\/la-comissio-mixta-dinsularitat-aprova-la-proposta-de-milena-herrera-per-adaptar-la-formacio-de-guia-en-el-medi-natural-que-a-eivissa-ofereix-lies-balafia-a-la-realitat-insular-i-costanera\/","og_site_name":"Federaci\u00f3 Socialista d&#039;Eivissa","article_published_time":"2025-11-26T10:40:12+00:00","og_image":[{"width":497,"height":266,"url":"https:\/\/www.psib-psoe.org\/eivissa\/wp-content\/uploads\/milena-comissio-mixta.png","type":"image\/png"}],"author":"adminpsib","twitter_card":"summary_large_image","twitter_misc":{"Escrit per":"adminpsib","Temps estimat de lectura":"2 minuts"},"schema":{"@context":"https:\/\/schema.org","@graph":[{"@type":["Article","BlogPosting"],"@id":"https:\/\/www.psib-psoe.org\/eivissa\/la-comissio-mixta-dinsularitat-aprova-la-proposta-de-milena-herrera-per-adaptar-la-formacio-de-guia-en-el-medi-natural-que-a-eivissa-ofereix-lies-balafia-a-la-realitat-insular-i-costanera\/#article","isPartOf":{"@id":"https:\/\/www.psib-psoe.org\/eivissa\/la-comissio-mixta-dinsularitat-aprova-la-proposta-de-milena-herrera-per-adaptar-la-formacio-de-guia-en-el-medi-natural-que-a-eivissa-ofereix-lies-balafia-a-la-realitat-insular-i-costanera\/"},"author":{"name":"adminpsib","@id":"https:\/\/www.psib-psoe.org\/eivissa\/#\/schema\/person\/099ab3ef73a3645a1d7f303518e6ce24"},"headline":"La Comissi\u00f3 Mixta d&#8217;Insularitat aprova la proposta de Milena Herrera per adaptar la formaci\u00f3 de guia en el medi natural, que a Eivissa ofereix l&#8217;IES Bal\u00e0fia, a la realitat insular i costanera","datePublished":"2025-11-26T10:40:12+00:00","mainEntityOfPage":{"@id":"https:\/\/www.psib-psoe.org\/eivissa\/la-comissio-mixta-dinsularitat-aprova-la-proposta-de-milena-herrera-per-adaptar-la-formacio-de-guia-en-el-medi-natural-que-a-eivissa-ofereix-lies-balafia-a-la-realitat-insular-i-costanera\/"},"wordCount":437,"publisher":{"@id":"https:\/\/www.psib-psoe.org\/eivissa\/#organization"},"image":{"@id":"https:\/\/www.psib-psoe.org\/eivissa\/la-comissio-mixta-dinsularitat-aprova-la-proposta-de-milena-herrera-per-adaptar-la-formacio-de-guia-en-el-medi-natural-que-a-eivissa-ofereix-lies-balafia-a-la-realitat-insular-i-costanera\/#primaryimage"},"thumbnailUrl":"https:\/\/www.psib-psoe.org\/eivissa\/wp-content\/uploads\/milena-comissio-mixta.png","articleSection":["Federaci\u00f3 d'Eivissa - Portada","Govern d'Espanya - Congr\u00e9s - Senat - PSOE Federal"],"inLanguage":"ca"},{"@type":"WebPage","@id":"https:\/\/www.psib-psoe.org\/eivissa\/la-comissio-mixta-dinsularitat-aprova-la-proposta-de-milena-herrera-per-adaptar-la-formacio-de-guia-en-el-medi-natural-que-a-eivissa-ofereix-lies-balafia-a-la-realitat-insular-i-costanera\/","url":"https:\/\/www.psib-psoe.org\/eivissa\/la-comissio-mixta-dinsularitat-aprova-la-proposta-de-milena-herrera-per-adaptar-la-formacio-de-guia-en-el-medi-natural-que-a-eivissa-ofereix-lies-balafia-a-la-realitat-insular-i-costanera\/","name":"La Comissi\u00f3 Mixta d'Insularitat aprova la proposta de Milena Herrera per adaptar la formaci\u00f3 de guia en el medi natural, que a Eivissa ofereix l'IES Bal\u00e0fia, a la realitat insular i costanera - Federaci\u00f3 Socialista d&#039;Eivissa","isPartOf":{"@id":"https:\/\/www.psib-psoe.org\/eivissa\/#website"},"primaryImageOfPage":{"@id":"https:\/\/www.psib-psoe.org\/eivissa\/la-comissio-mixta-dinsularitat-aprova-la-proposta-de-milena-herrera-per-adaptar-la-formacio-de-guia-en-el-medi-natural-que-a-eivissa-ofereix-lies-balafia-a-la-realitat-insular-i-costanera\/#primaryimage"},"image":{"@id":"https:\/\/www.psib-psoe.org\/eivissa\/la-comissio-mixta-dinsularitat-aprova-la-proposta-de-milena-herrera-per-adaptar-la-formacio-de-guia-en-el-medi-natural-que-a-eivissa-ofereix-lies-balafia-a-la-realitat-insular-i-costanera\/#primaryimage"},"thumbnailUrl":"https:\/\/www.psib-psoe.org\/eivissa\/wp-content\/uploads\/milena-comissio-mixta.png","datePublished":"2025-11-26T10:40:12+00:00","breadcrumb":{"@id":"https:\/\/www.psib-psoe.org\/eivissa\/la-comissio-mixta-dinsularitat-aprova-la-proposta-de-milena-herrera-per-adaptar-la-formacio-de-guia-en-el-medi-natural-que-a-eivissa-ofereix-lies-balafia-a-la-realitat-insular-i-costanera\/#breadcrumb"},"inLanguage":"ca","potentialAction":[{"@type":"ReadAction","target":["https:\/\/www.psib-psoe.org\/eivissa\/la-comissio-mixta-dinsularitat-aprova-la-proposta-de-milena-herrera-per-adaptar-la-formacio-de-guia-en-el-medi-natural-que-a-eivissa-ofereix-lies-balafia-a-la-realitat-insular-i-costanera\/"]}]},{"@type":"ImageObject","inLanguage":"ca","@id":"https:\/\/www.psib-psoe.org\/eivissa\/la-comissio-mixta-dinsularitat-aprova-la-proposta-de-milena-herrera-per-adaptar-la-formacio-de-guia-en-el-medi-natural-que-a-eivissa-ofereix-lies-balafia-a-la-realitat-insular-i-costanera\/#primaryimage","url":"https:\/\/www.psib-psoe.org\/eivissa\/wp-content\/uploads\/milena-comissio-mixta.png","contentUrl":"https:\/\/www.psib-psoe.org\/eivissa\/wp-content\/uploads\/milena-comissio-mixta.png","width":497,"height":266},{"@type":"BreadcrumbList","@id":"https:\/\/www.psib-psoe.org\/eivissa\/la-comissio-mixta-dinsularitat-aprova-la-proposta-de-milena-herrera-per-adaptar-la-formacio-de-guia-en-el-medi-natural-que-a-eivissa-ofereix-lies-balafia-a-la-realitat-insular-i-costanera\/#breadcrumb","itemListElement":[{"@type":"ListItem","position":1,"name":"Inici","item":"https:\/\/www.psib-psoe.org\/eivissa\/"},{"@type":"ListItem","position":2,"name":"La Comissi\u00f3 Mixta d&#8217;Insularitat aprova la proposta de Milena Herrera per adaptar la formaci\u00f3 de guia en el medi natural, que a Eivissa ofereix l&#8217;IES Bal\u00e0fia, a la realitat insular i costanera"}]},{"@type":"WebSite","@id":"https:\/\/www.psib-psoe.org\/eivissa\/#website","url":"https:\/\/www.psib-psoe.org\/eivissa\/","name":"Federaci\u00f3 Socialista d'Eivissa","description":"Socialistes d&#039;Eivissa","publisher":{"@id":"https:\/\/www.psib-psoe.org\/eivissa\/#organization"},"potentialAction":[{"@type":"SearchAction","target":{"@type":"EntryPoint","urlTemplate":"https:\/\/www.psib-psoe.org\/eivissa\/?s={search_term_string}"},"query-input":{"@type":"PropertyValueSpecification","valueRequired":true,"valueName":"search_term_string"}}],"inLanguage":"ca"},{"@type":"Organization","@id":"https:\/\/www.psib-psoe.org\/eivissa\/#organization","name":"Federaci\u00f3 Socialista d'Eivissa","url":"https:\/\/www.psib-psoe.org\/eivissa\/","logo":{"@type":"ImageObject","inLanguage":"ca","@id":"https:\/\/www.psib-psoe.org\/eivissa\/#\/schema\/logo\/image\/","url":"https:\/\/www.psib-psoe.org\/eivissa\/wp-content\/uploads\/LOGO-FSE-SOCIALISTA-DEIVISSA-HORI.png","contentUrl":"https:\/\/www.psib-psoe.org\/eivissa\/wp-content\/uploads\/LOGO-FSE-SOCIALISTA-DEIVISSA-HORI.png","width":6000,"height":3104,"caption":"Federaci\u00f3 Socialista d'Eivissa"},"image":{"@id":"https:\/\/www.psib-psoe.org\/eivissa\/#\/schema\/logo\/image\/"}},{"@type":"Person","@id":"https:\/\/www.psib-psoe.org\/eivissa\/#\/schema\/person\/099ab3ef73a3645a1d7f303518e6ce24","name":"adminpsib","url":"https:\/\/www.psib-psoe.org\/eivissa\/author\/adminpsib\/"}]}},"_links":{"self":[{"href":"https:\/\/www.psib-psoe.org\/eivissa\/wp-json\/wp\/v2\/posts\/41591","targetHints":{"allow":["GET"]}}],"collection":[{"href":"https:\/\/www.psib-psoe.org\/eivissa\/wp-json\/wp\/v2\/posts"}],"about":[{"href":"https:\/\/www.psib-psoe.org\/eivissa\/wp-json\/wp\/v2\/types\/post"}],"author":[{"embeddable":true,"href":"https:\/\/www.psib-psoe.org\/eivissa\/wp-json\/wp\/v2\/users\/1"}],"replies":[{"embeddable":true,"href":"https:\/\/www.psib-psoe.org\/eivissa\/wp-json\/wp\/v2\/comments?post=41591"}],"version-history":[{"count":1,"href":"https:\/\/www.psib-psoe.org\/eivissa\/wp-json\/wp\/v2\/posts\/41591\/revisions"}],"predecessor-version":[{"id":41593,"href":"https:\/\/www.psib-psoe.org\/eivissa\/wp-json\/wp\/v2\/posts\/41591\/revisions\/41593"}],"wp:featuredmedia":[{"embeddable":true,"href":"https:\/\/www.psib-psoe.org\/eivissa\/wp-json\/wp\/v2\/media\/41592"}],"wp:attachment":[{"href":"https:\/\/www.psib-psoe.org\/eivissa\/wp-json\/wp\/v2\/media?parent=41591"}],"wp:term":[{"taxonomy":"category","embeddable":true,"href":"https:\/\/www.psib-psoe.org\/eivissa\/wp-json\/wp\/v2\/categories?post=41591"},{"taxonomy":"post_tag","embeddable":true,"href":"https:\/\/www.psib-psoe.org\/eivissa\/wp-json\/wp\/v2\/tags?post=41591"}],"curies":[{"name":"wp","href":"https:\/\/api.w.org\/{rel}","templated":true}]}}