{"id":41610,"date":"2025-11-28T15:36:50","date_gmt":"2025-11-28T13:36:50","guid":{"rendered":"https:\/\/www.psib-psoe.org\/eivissa\/?p=41610"},"modified":"2025-11-28T15:36:50","modified_gmt":"2025-11-28T13:36:50","slug":"elena-lopez-bonet-constata-el-fracas-del-model-dilla-de-vicent-mari-basat-en-el-luxe-i-la-festa-esta-abocant-eivissa-a-la-ruina-social","status":"publish","type":"post","link":"https:\/\/www.psib-psoe.org\/eivissa\/elena-lopez-bonet-constata-el-fracas-del-model-dilla-de-vicent-mari-basat-en-el-luxe-i-la-festa-esta-abocant-eivissa-a-la-ruina-social\/","title":{"rendered":"Elena L\u00f3pez Bonet constata el \u201cfrac\u00e0s\u201d del model d\u2019illa de Vicent Mar\u00ed, basat en el luxe i la festa: \u201cEst\u00e0 abocant Eivissa a la ru\u00efna social\u201d"},"content":{"rendered":"\n<p>La portaveu socialista al Consell Insular d\u2019Eivissa, Elena L\u00f3pez Bonet, ha denunciat avui durant el ple \u201cla situaci\u00f3 de tensi\u00f3 m\u00e0xima\u201d que pateix l\u2019illa a conseq\u00fc\u00e8ncia del model econ\u00f2mic i tur\u00edstic que aplica Vicent Mar\u00ed. En una interpel\u00b7laci\u00f3 sobre turisme, Elena L\u00f3pez Bonet ha advertit que \u201cEivissa est\u00e0 tensionada en preus, en qualitat de vida i en pressi\u00f3 humana, per molt que vost\u00e8 la vulgui vestir d\u2019una altra manera\u201d. Segons ha remarcat, l\u2019illa \u201cavan\u00e7a cap a una aut\u00e8ntica ru\u00efna social\u201d des que Mar\u00ed governa, \u201cvulgui o no ho vulgui veure\u201d, amb un model tur\u00edstic de \u201cluxificaci\u00f3\u201d i \u201cfesta\u201d.<\/p>\n\n\n\n<p>La portaveu ha denunciat que \u201cel model econ\u00f2mic i tur\u00edstic del senyor Mar\u00ed ens ha dut al frac\u00e0s\u201d, un fet que \u201cavui ha quedat m\u00e9s en evid\u00e8ncia que mai\u201d.&nbsp; \u201cEl model tur\u00edstic del PP ha fracassat i est\u00e0 duent Eivissa al col\u00b7lapse social\u201d, una situaci\u00f3 que \u2014ha alertat\u2014 \u201cnom\u00e9s empitjorar\u00e0 mentre Mar\u00ed continu\u00ef intentant enganyar a la poblaci\u00f3\u201d.<\/p>\n\n\n\n<p>Dins dels 50 milions d\u2019euros que s\u2019ha gastat Vicent Mar\u00ed en promoci\u00f3 des que governa, la portaveu socialista ha criticat l\u2019adjudicaci\u00f3 de 650.000 euros en dos contractes a una mateixa consultora de Barcelona per elaborar un nou logotip i un pla de promoci\u00f3 tur\u00edstica, \u201cperqu\u00e8 vost\u00e8s no saben fer la feina que haurien de fer des del Consell\u201d.<\/p>\n\n\n\n<p>Elena L\u00f3pez Bonet ha denunciat que el pla no est\u00e0 pensat \u00fanicament per al turisme familiar o esportiu, \u201csin\u00f3 tamb\u00e9 per al turisme de luxe, que ara camuflen amb un altre nom\u201d. Els mateixos plecs del contracte estableixen que el \u201cturisme premium\u201d \u00e9s un sector prioritari per al Consell.<\/p>\n\n\n\n<p>L\u00f3pez Bonet ha explicat que el contingut del Pla de Promoci\u00f3 Tur\u00edstica inclou, literalment, la creaci\u00f3 d\u2019una \u201cidentitat sensorial\u201d per a Eivissa, que defineixi \u201celements sonors, experi\u00e8ncies t\u00e0ctils, aromes representatius i sabors caracter\u00edstics\u201d per tal de \u201cprojectar Eivissa com un lloc que desperti una connexi\u00f3 emocional a trav\u00e9s d\u2019experi\u00e8ncies immersives\u201d.<\/p>\n\n\n\n<p>&#8220;Quan li pregunt qu\u00e8 ha fet amb aquests 50 milions no es contesta. Id\u00f2 jo li contestar\u00e9, que la gent s\u00e0piga que se&#8217;ls est\u00e0 gastant en coses com aquestes.\u201d<\/p>\n\n\n\n<p><strong>Crisi a l\u2019\u00c0rea de Salut<\/strong><\/p>\n\n\n\n<p>El PP ha votat en contra de les propostes del PSOE d\u2019instar el Govern balear perqu\u00e8 \u201cadopti de manera urgent i immediata mesures efectives per revertir la situaci\u00f3 i garantir una atenci\u00f3 sanit\u00e0ria p\u00fablica de qualitat a la nostra illa\u201d, i que \u201ces depurin responsabilitats per les pol\u00e8miques i irregularitats en la direcci\u00f3 de l\u2019\u00c0rea de Salut, i que es garanteixi una gesti\u00f3 rigorosa, transparent i lliure de favoritismes.&nbsp;<\/p>\n\n\n\n<p>La portaveu del PSOE ha criticat al PP que \u201cmai han cregut en la sanitat p\u00fablica i gratu\u00efta\u201d. \u201cVost\u00e8 sempre treballen i segueixen treballant, com es pot veure en moltes comunitats, per beneficiar la sanitat privada. Nom\u00e9s s&#8217;omplin la boca i aprofiten el tema de la sanitat quan poden treure r\u00e8dit pol\u00edtic, i aix\u00f2 \u00e9s un fet, aqu\u00ed i a totes les comunitats on governen\u201d.&nbsp;<\/p>\n\n\n\n<p>El PP nom\u00e9s ha votat a favor del primer punt de la moci\u00f3 socialista, per manifestar el \u201csuport i solidaritat amb tots els afectats per la situaci\u00f3 a l\u2019\u00c0rea de Salut d\u2019Eivissa i Formentera, aix\u00ed com a tots els professionals sanitaris que han de fer front a aquesta situaci\u00f3 en el seu dia a dia\u201d.<br \/>&nbsp;<\/p>\n\n\n\n<p>La portaveu ha criticat \u201cl\u2019oportunisme cruel\u201d amb qu\u00e8 Vicent Mar\u00ed va utilitzar la sanitat p\u00fablica dos mesos abans de les eleccions de 2023, presentant una moci\u00f3 conjunta amb Ciutadans \u201caprofitant la feblesa dels malalts i de les seues fam\u00edlies\u201d.<\/p>\n\n\n\n<p>\u201cAll\u00f2 que vost\u00e8s varen fer, presentant mocions i posant-se a les portes de l\u2019hospital a les manifestacions, a mi personalment se\u2019m cauria la cara de vergonya\u201d, ha afirmat. \u201cAra voten el contrari del que defensaven, demostrant que aquella proposta nom\u00e9s responia a un inter\u00e8s electoralista, no a una defensa real de la sanitat d\u2019Eivissa\u201d.<\/p>\n\n\n\n<p>Elena L\u00f3pez Bonet ha tancat la seua intervenci\u00f3 demanant&nbsp; \u201con seran la senyora Prohens i el senyor Mar\u00ed quan hi hagi les manifestacions i tenguem la gent al carrer, si els tornarem a veure\u201d.<\/p>\n\n\n\n<p><strong>Grip avi\u00e0ria i llengua blava<\/strong><\/p>\n\n\n\n<p>El PP ha votat en contra de les propostes del PSOE en defensa de la sanitat animal, una postura que el conseller socialista V\u00edctor Torres ha qualificat d\u2019\u201cinjustificable\u201d pels riscos que hi ha ara mateix per la grip avi\u00e0ria i la llengua blava.<\/p>\n\n\n\n<p>El portaveu socialista ha fet refer\u00e8ncia a casos anteriors, com el brot de llengua blava a Mallorca i Menorca, per subratllar la import\u00e0ncia de l&#8217;acci\u00f3 r\u00e0pida i planificada. &#8220;La falta d&#8217;actuaci\u00f3 i de previsi\u00f3 en la vacunaci\u00f3 i les dosis, en aquell moment, va costar que, per exemple, pr\u00e0cticament desaparegu\u00e9s el ramat ov\u00ed a la zona de Tramuntana&#8221;, ha recordat el conseller.<\/p>\n\n\n\n<p>&#8220;La moci\u00f3 buscava, precisament, aprendre d&#8217;aquests errors per garantir que no passin a Eivissa i protegir el nostre sector ramader i agr\u00edcola&#8221;, ha afegit.<\/p>\n\n\n\n<p>El conseller del PSOE tamb\u00e9 ha insistit que un sol cas de grip avi\u00e0ria en explotacions petites com les d&#8217;Eivissa pot suposar la p\u00e8rdua total, amb un impacte devastador per als productors. A m\u00e9s, ha alertat sobre la falta de registre d&#8217;aus en moltes explotacions, un factor de risc que pot facilitar l&#8217;extensi\u00f3 de la malaltia a tot el sector.<\/p>\n\n\n\n<p>&#8220;Ens hem de prendre seriosament ara, que encara estam a temps, aquesta situaci\u00f3, i implementar les mesures necess\u00e0ries per prevenir que no s&#8217;estenguin aquests focus i no ens tenguem que lamentar posteriorment&#8221;.<\/p>\n\n\n\n<p>El conseller V\u00edctor Torres ha proposat un pla integral per refor\u00e7ar la seguretat sanit\u00e0ria agr\u00e0ria a Eivissa, que inclou intensificar de manera immediata les mesures de prevenci\u00f3 de la grip avi\u00e0ria \u2014amb confinament d\u2019aus i revisi\u00f3 de malles\u2014, donar suport t\u00e8cnic i econ\u00f2mic als ramaders per adaptar-se a les noves exig\u00e8ncies de bioseguretat, i garantir una vigil\u00e0ncia veterin\u00e0ria continuada amb m\u00e9s recursos humans.&nbsp;<\/p>\n\n\n\n<p>Tamb\u00e9 ha reclamat accelerar la vacunaci\u00f3 contra la llengua blava, millorar la comunicaci\u00f3 institucional amb campanyes informatives clares per al sector i la ciutadania, i impulsar la coordinaci\u00f3 local mitjan\u00e7ant trobades amb les associacions i la creaci\u00f3 d\u2019un grup de treball espec\u00edfic. Finalment, ha demanat incorporar una estrat\u00e8gia contra els efectes del canvi clim\u00e0tic en la proliferaci\u00f3 de plagues i malalties del bestiar.<\/p>\n\n\n\n<p>Propostes que han quedat totes rebutjades pels vots en contra de l\u2019equip de Govern de Vicent Mar\u00ed.<\/p>\n\n\n\n<p><strong>\u201cLa gesti\u00f3 dels residus \u00e9s un frac\u00e0s absolut\u201d<\/strong><\/p>\n\n\n\n<p>Durant un debat sobre residus, V\u00edctor Torres ha denunciat que el pla pilot de trasllat a Mallorca i el proc\u00e9s participatiu \u00e9s &#8220;una estrat\u00e8gia per dilatar la comunicaci\u00f3 d&#8217;una decisi\u00f3 que ja tenen presa\u201d.<\/p>\n\n\n\n<p>\u201cNo \u00e9s m\u00e9s que una performance pol\u00edtica, una farsa destinada a justificar all\u00f2 que, com venim dient des de fa molt temps, vost\u00e8s ja tenen decidit. I no \u00e9s una altra cosa que construir una incineradora a Eivissa\u201d.<\/p>\n\n\n\n<p><strong>En defensa dels aut\u00f2noms<\/strong><\/p>\n\n\n\n<p>En el debat sobre la situaci\u00f3 dels aut\u00f2noms, la consellera del PSOE A\u00edda Alcaraz ha explicat les millores dins de la negociaci\u00f3 amb el Govern d\u2019Espanya. Actualment, els nous aut\u00f2noms paguen 80 euros al mes com a quota redu\u00efda. Aix\u00f2 suposa \u00fanicament el 40% de la quota m\u00ednima de treball del tram m\u00e9s baix. \u201cEl Ministeri ha proposat en aquestes negociacions refor\u00e7ar les xarxes de seguretat social dels aut\u00f2noms. La qual cosa suposa, pel que fa a les prestacions per cessament d&#8217;activitat, all\u00f2 que s&#8217;anomena l&#8217;atur dels aut\u00f2noms, el reconeixement m\u00e9s r\u00e0pid i homogeni, evitant difer\u00e8ncies entre m\u00fatues per facilitar l&#8217;acc\u00e9s a la prestaci\u00f3. I suposa tamb\u00e9 adaptar-se a sectors amb ingressos variables, com s\u00f3n els treballs temporals o el camp o la pesca\u201d, ha explicat la consellera.&nbsp;<\/p>\n\n\n\n<p>Tamb\u00e9 suposa \u201cla proposta la possibilitat de millorar prestacions familiars, com l&#8217;ajuda per cura de fills amb c\u00e0ncer o altres malalties, les prestacions per naixement o cures de menors. Aix\u00f2 \u00e9s el que demanen els aut\u00f2noms, all\u00f2 que venen reivindicant i all\u00f2 que el Govern ha decidit posar en mans d&#8217;ells\u201d.&nbsp;<\/p>\n\n\n\n<p>\u201cSi de veritat tant els preocupa el teixit empresarial i el teixit empresarial aut\u00f2nom, en concret, posin-se a donar-los el suport que els han negat als comer\u00e7os d&#8217;aquesta illa. Forcin que els seus Ajuntaments, en els quals governa el PP, donin les ajudes que tant reclamen els comerciants per reparar els danys de la DANA que varen patir el mes passat. El Govern d&#8217;Espanya s\u00ed que ha fet la seva feina i vost\u00e8s no poden dir el mateix\u201d, ha criticat A\u00edda Alcaraz.<\/p>\n","protected":false},"excerpt":{"rendered":"<p>La portaveu socialista al Consell Insular d\u2019Eivissa, Elena L\u00f3pez Bonet, ha denunciat avui durant el ple \u201cla situaci\u00f3 de tensi\u00f3 m\u00e0xima\u201d que pateix l\u2019illa a conseq\u00fc\u00e8ncia del model econ\u00f2mic i tur\u00edstic que aplica Vicent Mar\u00ed. En una interpel\u00b7laci\u00f3 sobre turisme, Elena L\u00f3pez Bonet ha advertit que \u201cEivissa est\u00e0 tensionada en preus, en qualitat de vida&hellip;<\/p>\n","protected":false},"author":1,"featured_media":41609,"comment_status":"closed","ping_status":"closed","sticky":false,"template":"","format":"standard","meta":{"footnotes":""},"categories":[192,1],"tags":[],"class_list":["post-41610","post","type-post","status-publish","format-standard","has-post-thumbnail","hentry","category-consell-deivissa","category-federacio-de-eivissa-portada"],"yoast_head":"<!-- This site is optimized with the Yoast SEO plugin v26.9 - https:\/\/yoast.com\/product\/yoast-seo-wordpress\/ -->\n<title>Elena L\u00f3pez Bonet constata el \u201cfrac\u00e0s\u201d del model d\u2019illa de Vicent Mar\u00ed, basat en el luxe i la festa: \u201cEst\u00e0 abocant Eivissa a la ru\u00efna social\u201d - Federaci\u00f3 Socialista d&#039;Eivissa<\/title>\n<meta name=\"robots\" content=\"index, follow, max-snippet:-1, max-image-preview:large, max-video-preview:-1\" \/>\n<link rel=\"canonical\" href=\"https:\/\/www.psib-psoe.org\/eivissa\/elena-lopez-bonet-constata-el-fracas-del-model-dilla-de-vicent-mari-basat-en-el-luxe-i-la-festa-esta-abocant-eivissa-a-la-ruina-social\/\" \/>\n<meta property=\"og:locale\" content=\"ca_ES\" \/>\n<meta property=\"og:type\" content=\"article\" \/>\n<meta property=\"og:title\" content=\"Elena L\u00f3pez Bonet constata el \u201cfrac\u00e0s\u201d del model d\u2019illa de Vicent Mar\u00ed, basat en el luxe i la festa: \u201cEst\u00e0 abocant Eivissa a la ru\u00efna social\u201d - Federaci\u00f3 Socialista d&#039;Eivissa\" \/>\n<meta property=\"og:description\" content=\"La portaveu socialista al Consell Insular d\u2019Eivissa, Elena L\u00f3pez Bonet, ha denunciat avui durant el ple \u201cla situaci\u00f3 de tensi\u00f3 m\u00e0xima\u201d que pateix l\u2019illa a conseq\u00fc\u00e8ncia del model econ\u00f2mic i tur\u00edstic que aplica Vicent Mar\u00ed. En una interpel\u00b7laci\u00f3 sobre turisme, Elena L\u00f3pez Bonet ha advertit que \u201cEivissa est\u00e0 tensionada en preus, en qualitat de vida&hellip;\" \/>\n<meta property=\"og:url\" content=\"https:\/\/www.psib-psoe.org\/eivissa\/elena-lopez-bonet-constata-el-fracas-del-model-dilla-de-vicent-mari-basat-en-el-luxe-i-la-festa-esta-abocant-eivissa-a-la-ruina-social\/\" \/>\n<meta property=\"og:site_name\" content=\"Federaci\u00f3 Socialista d&#039;Eivissa\" \/>\n<meta property=\"article:published_time\" content=\"2025-11-28T13:36:50+00:00\" \/>\n<meta property=\"og:image\" content=\"https:\/\/www.psib-psoe.org\/eivissa\/wp-content\/uploads\/img_9371.jpg\" \/>\n\t<meta property=\"og:image:width\" content=\"1871\" \/>\n\t<meta property=\"og:image:height\" content=\"1179\" \/>\n\t<meta property=\"og:image:type\" content=\"image\/jpeg\" \/>\n<meta name=\"author\" content=\"adminpsib\" \/>\n<meta name=\"twitter:card\" content=\"summary_large_image\" \/>\n<meta name=\"twitter:label1\" content=\"Escrit per\" \/>\n\t<meta name=\"twitter:data1\" content=\"adminpsib\" \/>\n\t<meta name=\"twitter:label2\" content=\"Temps estimat de lectura\" \/>\n\t<meta name=\"twitter:data2\" content=\"8 minuts\" \/>\n<script type=\"application\/ld+json\" class=\"yoast-schema-graph\">{\"@context\":\"https:\/\/schema.org\",\"@graph\":[{\"@type\":[\"Article\",\"BlogPosting\"],\"@id\":\"https:\/\/www.psib-psoe.org\/eivissa\/elena-lopez-bonet-constata-el-fracas-del-model-dilla-de-vicent-mari-basat-en-el-luxe-i-la-festa-esta-abocant-eivissa-a-la-ruina-social\/#article\",\"isPartOf\":{\"@id\":\"https:\/\/www.psib-psoe.org\/eivissa\/elena-lopez-bonet-constata-el-fracas-del-model-dilla-de-vicent-mari-basat-en-el-luxe-i-la-festa-esta-abocant-eivissa-a-la-ruina-social\/\"},\"author\":{\"name\":\"adminpsib\",\"@id\":\"https:\/\/www.psib-psoe.org\/eivissa\/#\/schema\/person\/099ab3ef73a3645a1d7f303518e6ce24\"},\"headline\":\"Elena L\u00f3pez Bonet constata el \u201cfrac\u00e0s\u201d del model d\u2019illa de Vicent Mar\u00ed, basat en el luxe i la festa: \u201cEst\u00e0 abocant Eivissa a la ru\u00efna social\u201d\",\"datePublished\":\"2025-11-28T13:36:50+00:00\",\"mainEntityOfPage\":{\"@id\":\"https:\/\/www.psib-psoe.org\/eivissa\/elena-lopez-bonet-constata-el-fracas-del-model-dilla-de-vicent-mari-basat-en-el-luxe-i-la-festa-esta-abocant-eivissa-a-la-ruina-social\/\"},\"wordCount\":1534,\"publisher\":{\"@id\":\"https:\/\/www.psib-psoe.org\/eivissa\/#organization\"},\"image\":{\"@id\":\"https:\/\/www.psib-psoe.org\/eivissa\/elena-lopez-bonet-constata-el-fracas-del-model-dilla-de-vicent-mari-basat-en-el-luxe-i-la-festa-esta-abocant-eivissa-a-la-ruina-social\/#primaryimage\"},\"thumbnailUrl\":\"https:\/\/www.psib-psoe.org\/eivissa\/wp-content\/uploads\/img_9371.jpg\",\"articleSection\":[\"Consell d'Eivissa\",\"Federaci\u00f3 d'Eivissa - Portada\"],\"inLanguage\":\"ca\"},{\"@type\":\"WebPage\",\"@id\":\"https:\/\/www.psib-psoe.org\/eivissa\/elena-lopez-bonet-constata-el-fracas-del-model-dilla-de-vicent-mari-basat-en-el-luxe-i-la-festa-esta-abocant-eivissa-a-la-ruina-social\/\",\"url\":\"https:\/\/www.psib-psoe.org\/eivissa\/elena-lopez-bonet-constata-el-fracas-del-model-dilla-de-vicent-mari-basat-en-el-luxe-i-la-festa-esta-abocant-eivissa-a-la-ruina-social\/\",\"name\":\"Elena L\u00f3pez Bonet constata el \u201cfrac\u00e0s\u201d del model d\u2019illa de Vicent Mar\u00ed, basat en el luxe i la festa: \u201cEst\u00e0 abocant Eivissa a la ru\u00efna social\u201d - Federaci\u00f3 Socialista d&#039;Eivissa\",\"isPartOf\":{\"@id\":\"https:\/\/www.psib-psoe.org\/eivissa\/#website\"},\"primaryImageOfPage\":{\"@id\":\"https:\/\/www.psib-psoe.org\/eivissa\/elena-lopez-bonet-constata-el-fracas-del-model-dilla-de-vicent-mari-basat-en-el-luxe-i-la-festa-esta-abocant-eivissa-a-la-ruina-social\/#primaryimage\"},\"image\":{\"@id\":\"https:\/\/www.psib-psoe.org\/eivissa\/elena-lopez-bonet-constata-el-fracas-del-model-dilla-de-vicent-mari-basat-en-el-luxe-i-la-festa-esta-abocant-eivissa-a-la-ruina-social\/#primaryimage\"},\"thumbnailUrl\":\"https:\/\/www.psib-psoe.org\/eivissa\/wp-content\/uploads\/img_9371.jpg\",\"datePublished\":\"2025-11-28T13:36:50+00:00\",\"breadcrumb\":{\"@id\":\"https:\/\/www.psib-psoe.org\/eivissa\/elena-lopez-bonet-constata-el-fracas-del-model-dilla-de-vicent-mari-basat-en-el-luxe-i-la-festa-esta-abocant-eivissa-a-la-ruina-social\/#breadcrumb\"},\"inLanguage\":\"ca\",\"potentialAction\":[{\"@type\":\"ReadAction\",\"target\":[\"https:\/\/www.psib-psoe.org\/eivissa\/elena-lopez-bonet-constata-el-fracas-del-model-dilla-de-vicent-mari-basat-en-el-luxe-i-la-festa-esta-abocant-eivissa-a-la-ruina-social\/\"]}]},{\"@type\":\"ImageObject\",\"inLanguage\":\"ca\",\"@id\":\"https:\/\/www.psib-psoe.org\/eivissa\/elena-lopez-bonet-constata-el-fracas-del-model-dilla-de-vicent-mari-basat-en-el-luxe-i-la-festa-esta-abocant-eivissa-a-la-ruina-social\/#primaryimage\",\"url\":\"https:\/\/www.psib-psoe.org\/eivissa\/wp-content\/uploads\/img_9371.jpg\",\"contentUrl\":\"https:\/\/www.psib-psoe.org\/eivissa\/wp-content\/uploads\/img_9371.jpg\",\"width\":1871,\"height\":1179},{\"@type\":\"BreadcrumbList\",\"@id\":\"https:\/\/www.psib-psoe.org\/eivissa\/elena-lopez-bonet-constata-el-fracas-del-model-dilla-de-vicent-mari-basat-en-el-luxe-i-la-festa-esta-abocant-eivissa-a-la-ruina-social\/#breadcrumb\",\"itemListElement\":[{\"@type\":\"ListItem\",\"position\":1,\"name\":\"Inici\",\"item\":\"https:\/\/www.psib-psoe.org\/eivissa\/\"},{\"@type\":\"ListItem\",\"position\":2,\"name\":\"Elena L\u00f3pez Bonet constata el \u201cfrac\u00e0s\u201d del model d\u2019illa de Vicent Mar\u00ed, basat en el luxe i la festa: \u201cEst\u00e0 abocant Eivissa a la ru\u00efna social\u201d\"}]},{\"@type\":\"WebSite\",\"@id\":\"https:\/\/www.psib-psoe.org\/eivissa\/#website\",\"url\":\"https:\/\/www.psib-psoe.org\/eivissa\/\",\"name\":\"Federaci\u00f3 Socialista d'Eivissa\",\"description\":\"Socialistes d&#039;Eivissa\",\"publisher\":{\"@id\":\"https:\/\/www.psib-psoe.org\/eivissa\/#organization\"},\"potentialAction\":[{\"@type\":\"SearchAction\",\"target\":{\"@type\":\"EntryPoint\",\"urlTemplate\":\"https:\/\/www.psib-psoe.org\/eivissa\/?s={search_term_string}\"},\"query-input\":{\"@type\":\"PropertyValueSpecification\",\"valueRequired\":true,\"valueName\":\"search_term_string\"}}],\"inLanguage\":\"ca\"},{\"@type\":\"Organization\",\"@id\":\"https:\/\/www.psib-psoe.org\/eivissa\/#organization\",\"name\":\"Federaci\u00f3 Socialista d'Eivissa\",\"url\":\"https:\/\/www.psib-psoe.org\/eivissa\/\",\"logo\":{\"@type\":\"ImageObject\",\"inLanguage\":\"ca\",\"@id\":\"https:\/\/www.psib-psoe.org\/eivissa\/#\/schema\/logo\/image\/\",\"url\":\"https:\/\/www.psib-psoe.org\/eivissa\/wp-content\/uploads\/LOGO-FSE-SOCIALISTA-DEIVISSA-HORI.png\",\"contentUrl\":\"https:\/\/www.psib-psoe.org\/eivissa\/wp-content\/uploads\/LOGO-FSE-SOCIALISTA-DEIVISSA-HORI.png\",\"width\":6000,\"height\":3104,\"caption\":\"Federaci\u00f3 Socialista d'Eivissa\"},\"image\":{\"@id\":\"https:\/\/www.psib-psoe.org\/eivissa\/#\/schema\/logo\/image\/\"}},{\"@type\":\"Person\",\"@id\":\"https:\/\/www.psib-psoe.org\/eivissa\/#\/schema\/person\/099ab3ef73a3645a1d7f303518e6ce24\",\"name\":\"adminpsib\",\"url\":\"https:\/\/www.psib-psoe.org\/eivissa\/author\/adminpsib\/\"}]}<\/script>\n<!-- \/ Yoast SEO plugin. -->","yoast_head_json":{"title":"Elena L\u00f3pez Bonet constata el \u201cfrac\u00e0s\u201d del model d\u2019illa de Vicent Mar\u00ed, basat en el luxe i la festa: \u201cEst\u00e0 abocant Eivissa a la ru\u00efna social\u201d - Federaci\u00f3 Socialista d&#039;Eivissa","robots":{"index":"index","follow":"follow","max-snippet":"max-snippet:-1","max-image-preview":"max-image-preview:large","max-video-preview":"max-video-preview:-1"},"canonical":"https:\/\/www.psib-psoe.org\/eivissa\/elena-lopez-bonet-constata-el-fracas-del-model-dilla-de-vicent-mari-basat-en-el-luxe-i-la-festa-esta-abocant-eivissa-a-la-ruina-social\/","og_locale":"ca_ES","og_type":"article","og_title":"Elena L\u00f3pez Bonet constata el \u201cfrac\u00e0s\u201d del model d\u2019illa de Vicent Mar\u00ed, basat en el luxe i la festa: \u201cEst\u00e0 abocant Eivissa a la ru\u00efna social\u201d - Federaci\u00f3 Socialista d&#039;Eivissa","og_description":"La portaveu socialista al Consell Insular d\u2019Eivissa, Elena L\u00f3pez Bonet, ha denunciat avui durant el ple \u201cla situaci\u00f3 de tensi\u00f3 m\u00e0xima\u201d que pateix l\u2019illa a conseq\u00fc\u00e8ncia del model econ\u00f2mic i tur\u00edstic que aplica Vicent Mar\u00ed. En una interpel\u00b7laci\u00f3 sobre turisme, Elena L\u00f3pez Bonet ha advertit que \u201cEivissa est\u00e0 tensionada en preus, en qualitat de vida&hellip;","og_url":"https:\/\/www.psib-psoe.org\/eivissa\/elena-lopez-bonet-constata-el-fracas-del-model-dilla-de-vicent-mari-basat-en-el-luxe-i-la-festa-esta-abocant-eivissa-a-la-ruina-social\/","og_site_name":"Federaci\u00f3 Socialista d&#039;Eivissa","article_published_time":"2025-11-28T13:36:50+00:00","og_image":[{"width":1871,"height":1179,"url":"https:\/\/www.psib-psoe.org\/eivissa\/wp-content\/uploads\/img_9371.jpg","type":"image\/jpeg"}],"author":"adminpsib","twitter_card":"summary_large_image","twitter_misc":{"Escrit per":"adminpsib","Temps estimat de lectura":"8 minuts"},"schema":{"@context":"https:\/\/schema.org","@graph":[{"@type":["Article","BlogPosting"],"@id":"https:\/\/www.psib-psoe.org\/eivissa\/elena-lopez-bonet-constata-el-fracas-del-model-dilla-de-vicent-mari-basat-en-el-luxe-i-la-festa-esta-abocant-eivissa-a-la-ruina-social\/#article","isPartOf":{"@id":"https:\/\/www.psib-psoe.org\/eivissa\/elena-lopez-bonet-constata-el-fracas-del-model-dilla-de-vicent-mari-basat-en-el-luxe-i-la-festa-esta-abocant-eivissa-a-la-ruina-social\/"},"author":{"name":"adminpsib","@id":"https:\/\/www.psib-psoe.org\/eivissa\/#\/schema\/person\/099ab3ef73a3645a1d7f303518e6ce24"},"headline":"Elena L\u00f3pez Bonet constata el \u201cfrac\u00e0s\u201d del model d\u2019illa de Vicent Mar\u00ed, basat en el luxe i la festa: \u201cEst\u00e0 abocant Eivissa a la ru\u00efna social\u201d","datePublished":"2025-11-28T13:36:50+00:00","mainEntityOfPage":{"@id":"https:\/\/www.psib-psoe.org\/eivissa\/elena-lopez-bonet-constata-el-fracas-del-model-dilla-de-vicent-mari-basat-en-el-luxe-i-la-festa-esta-abocant-eivissa-a-la-ruina-social\/"},"wordCount":1534,"publisher":{"@id":"https:\/\/www.psib-psoe.org\/eivissa\/#organization"},"image":{"@id":"https:\/\/www.psib-psoe.org\/eivissa\/elena-lopez-bonet-constata-el-fracas-del-model-dilla-de-vicent-mari-basat-en-el-luxe-i-la-festa-esta-abocant-eivissa-a-la-ruina-social\/#primaryimage"},"thumbnailUrl":"https:\/\/www.psib-psoe.org\/eivissa\/wp-content\/uploads\/img_9371.jpg","articleSection":["Consell d'Eivissa","Federaci\u00f3 d'Eivissa - Portada"],"inLanguage":"ca"},{"@type":"WebPage","@id":"https:\/\/www.psib-psoe.org\/eivissa\/elena-lopez-bonet-constata-el-fracas-del-model-dilla-de-vicent-mari-basat-en-el-luxe-i-la-festa-esta-abocant-eivissa-a-la-ruina-social\/","url":"https:\/\/www.psib-psoe.org\/eivissa\/elena-lopez-bonet-constata-el-fracas-del-model-dilla-de-vicent-mari-basat-en-el-luxe-i-la-festa-esta-abocant-eivissa-a-la-ruina-social\/","name":"Elena L\u00f3pez Bonet constata el \u201cfrac\u00e0s\u201d del model d\u2019illa de Vicent Mar\u00ed, basat en el luxe i la festa: \u201cEst\u00e0 abocant Eivissa a la ru\u00efna social\u201d - Federaci\u00f3 Socialista d&#039;Eivissa","isPartOf":{"@id":"https:\/\/www.psib-psoe.org\/eivissa\/#website"},"primaryImageOfPage":{"@id":"https:\/\/www.psib-psoe.org\/eivissa\/elena-lopez-bonet-constata-el-fracas-del-model-dilla-de-vicent-mari-basat-en-el-luxe-i-la-festa-esta-abocant-eivissa-a-la-ruina-social\/#primaryimage"},"image":{"@id":"https:\/\/www.psib-psoe.org\/eivissa\/elena-lopez-bonet-constata-el-fracas-del-model-dilla-de-vicent-mari-basat-en-el-luxe-i-la-festa-esta-abocant-eivissa-a-la-ruina-social\/#primaryimage"},"thumbnailUrl":"https:\/\/www.psib-psoe.org\/eivissa\/wp-content\/uploads\/img_9371.jpg","datePublished":"2025-11-28T13:36:50+00:00","breadcrumb":{"@id":"https:\/\/www.psib-psoe.org\/eivissa\/elena-lopez-bonet-constata-el-fracas-del-model-dilla-de-vicent-mari-basat-en-el-luxe-i-la-festa-esta-abocant-eivissa-a-la-ruina-social\/#breadcrumb"},"inLanguage":"ca","potentialAction":[{"@type":"ReadAction","target":["https:\/\/www.psib-psoe.org\/eivissa\/elena-lopez-bonet-constata-el-fracas-del-model-dilla-de-vicent-mari-basat-en-el-luxe-i-la-festa-esta-abocant-eivissa-a-la-ruina-social\/"]}]},{"@type":"ImageObject","inLanguage":"ca","@id":"https:\/\/www.psib-psoe.org\/eivissa\/elena-lopez-bonet-constata-el-fracas-del-model-dilla-de-vicent-mari-basat-en-el-luxe-i-la-festa-esta-abocant-eivissa-a-la-ruina-social\/#primaryimage","url":"https:\/\/www.psib-psoe.org\/eivissa\/wp-content\/uploads\/img_9371.jpg","contentUrl":"https:\/\/www.psib-psoe.org\/eivissa\/wp-content\/uploads\/img_9371.jpg","width":1871,"height":1179},{"@type":"BreadcrumbList","@id":"https:\/\/www.psib-psoe.org\/eivissa\/elena-lopez-bonet-constata-el-fracas-del-model-dilla-de-vicent-mari-basat-en-el-luxe-i-la-festa-esta-abocant-eivissa-a-la-ruina-social\/#breadcrumb","itemListElement":[{"@type":"ListItem","position":1,"name":"Inici","item":"https:\/\/www.psib-psoe.org\/eivissa\/"},{"@type":"ListItem","position":2,"name":"Elena L\u00f3pez Bonet constata el \u201cfrac\u00e0s\u201d del model d\u2019illa de Vicent Mar\u00ed, basat en el luxe i la festa: \u201cEst\u00e0 abocant Eivissa a la ru\u00efna social\u201d"}]},{"@type":"WebSite","@id":"https:\/\/www.psib-psoe.org\/eivissa\/#website","url":"https:\/\/www.psib-psoe.org\/eivissa\/","name":"Federaci\u00f3 Socialista d'Eivissa","description":"Socialistes d&#039;Eivissa","publisher":{"@id":"https:\/\/www.psib-psoe.org\/eivissa\/#organization"},"potentialAction":[{"@type":"SearchAction","target":{"@type":"EntryPoint","urlTemplate":"https:\/\/www.psib-psoe.org\/eivissa\/?s={search_term_string}"},"query-input":{"@type":"PropertyValueSpecification","valueRequired":true,"valueName":"search_term_string"}}],"inLanguage":"ca"},{"@type":"Organization","@id":"https:\/\/www.psib-psoe.org\/eivissa\/#organization","name":"Federaci\u00f3 Socialista d'Eivissa","url":"https:\/\/www.psib-psoe.org\/eivissa\/","logo":{"@type":"ImageObject","inLanguage":"ca","@id":"https:\/\/www.psib-psoe.org\/eivissa\/#\/schema\/logo\/image\/","url":"https:\/\/www.psib-psoe.org\/eivissa\/wp-content\/uploads\/LOGO-FSE-SOCIALISTA-DEIVISSA-HORI.png","contentUrl":"https:\/\/www.psib-psoe.org\/eivissa\/wp-content\/uploads\/LOGO-FSE-SOCIALISTA-DEIVISSA-HORI.png","width":6000,"height":3104,"caption":"Federaci\u00f3 Socialista d'Eivissa"},"image":{"@id":"https:\/\/www.psib-psoe.org\/eivissa\/#\/schema\/logo\/image\/"}},{"@type":"Person","@id":"https:\/\/www.psib-psoe.org\/eivissa\/#\/schema\/person\/099ab3ef73a3645a1d7f303518e6ce24","name":"adminpsib","url":"https:\/\/www.psib-psoe.org\/eivissa\/author\/adminpsib\/"}]}},"_links":{"self":[{"href":"https:\/\/www.psib-psoe.org\/eivissa\/wp-json\/wp\/v2\/posts\/41610","targetHints":{"allow":["GET"]}}],"collection":[{"href":"https:\/\/www.psib-psoe.org\/eivissa\/wp-json\/wp\/v2\/posts"}],"about":[{"href":"https:\/\/www.psib-psoe.org\/eivissa\/wp-json\/wp\/v2\/types\/post"}],"author":[{"embeddable":true,"href":"https:\/\/www.psib-psoe.org\/eivissa\/wp-json\/wp\/v2\/users\/1"}],"replies":[{"embeddable":true,"href":"https:\/\/www.psib-psoe.org\/eivissa\/wp-json\/wp\/v2\/comments?post=41610"}],"version-history":[{"count":1,"href":"https:\/\/www.psib-psoe.org\/eivissa\/wp-json\/wp\/v2\/posts\/41610\/revisions"}],"predecessor-version":[{"id":41611,"href":"https:\/\/www.psib-psoe.org\/eivissa\/wp-json\/wp\/v2\/posts\/41610\/revisions\/41611"}],"wp:featuredmedia":[{"embeddable":true,"href":"https:\/\/www.psib-psoe.org\/eivissa\/wp-json\/wp\/v2\/media\/41609"}],"wp:attachment":[{"href":"https:\/\/www.psib-psoe.org\/eivissa\/wp-json\/wp\/v2\/media?parent=41610"}],"wp:term":[{"taxonomy":"category","embeddable":true,"href":"https:\/\/www.psib-psoe.org\/eivissa\/wp-json\/wp\/v2\/categories?post=41610"},{"taxonomy":"post_tag","embeddable":true,"href":"https:\/\/www.psib-psoe.org\/eivissa\/wp-json\/wp\/v2\/tags?post=41610"}],"curies":[{"name":"wp","href":"https:\/\/api.w.org\/{rel}","templated":true}]}}