{"id":41613,"date":"2025-12-01T13:48:44","date_gmt":"2025-12-01T11:48:44","guid":{"rendered":"https:\/\/www.psib-psoe.org\/eivissa\/?p=41613"},"modified":"2025-12-01T13:48:44","modified_gmt":"2025-12-01T11:48:44","slug":"el-psoe-de-santa-eularia-denuncia-el-nou-retard-injustificat-en-la-posada-en-marxa-de-la-recollida-selectiva-de-materia-organica","status":"publish","type":"post","link":"https:\/\/www.psib-psoe.org\/eivissa\/el-psoe-de-santa-eularia-denuncia-el-nou-retard-injustificat-en-la-posada-en-marxa-de-la-recollida-selectiva-de-materia-organica\/","title":{"rendered":"El PSOE de Santa Eul\u00e0ria denuncia el \u201cnou retard injustificat\u201d en la posada en marxa de la recollida selectiva de mat\u00e8ria org\u00e0nica"},"content":{"rendered":"<p>El PSOE de Santa Eul\u00e0ria des Riu ha denunciat el \u201cnou retard injustificat\u201d en la implantaci\u00f3 del servei de recollida de mat\u00e8ria org\u00e0nica, un dels compromisos anunciats per l\u2019equip de govern de Carmen Ferrer en el marc de la nova contracta del servei municipal de recollida de residus, neteja vi\u00e0ria i neteja de platges. Un nou servei que es va posar en marxa el passat 17 de febrer, \u201cja amb m\u00e9s de cinc anys de retard respecte a la finalitzaci\u00f3 de l\u2019anterior contracte\u201d, tal com recorda el portaveu socialista, Alan Ripoll Ribas.<\/p>\n<p>A l\u2019inici de la contracta, la regidora de Medi Ambient, M\u00f3nica Madrid, va convocar els grups de l\u2019oposici\u00f3 a una reuni\u00f3 durant la qual explicar el proc\u00e9s d\u2019implantaci\u00f3 del servei, que inclo\u00efa un per\u00edode d\u2019adaptaci\u00f3 inicial de 180 dies, la incorporaci\u00f3 progressiva dels nous vehicles, la posada en marxa de plantes de compostatge i la implantaci\u00f3 de la recollida de la fracci\u00f3 org\u00e0nica al municipi.<\/p>\n<p>Pel que fa a l\u2019org\u00e0nica, Alan Ripoll explica que l\u2019equip de govern va exposar la seva voluntat de fer una implantaci\u00f3 \u201cprogressiva, barri a barri, explicant molt b\u00e9 als vesins i vesines com s\u2019havia de fer la separaci\u00f3 dels residus i aix\u00ed evitar els impropis\u201d.<\/p>\n<p>El grup socialista afirma que va entendre la voluntat inicial de l\u2019Ajuntament d\u2019explicar b\u00e9 el proc\u00e9s i donar totes les eines a la ciutadania, per\u00f2 denuncia que aquesta justificaci\u00f3 no serveix per explicar l\u2019aturada actual: \u201cV\u00e0rem entendre que ho volien fer amb calma i ben explicat, per\u00f2 el que no podem acceptar \u00e9s que arribem a desembre i encara no s\u2019hagi iniciat absolutament res del que es va anunciar.\u201d<\/p>\n<p>Segons es va comunicar a l\u2019oposici\u00f3, el govern municipal havia previst iniciar la implantaci\u00f3 de la fracci\u00f3 org\u00e0nica el mes de setembre. \u201cPer\u00f2 aquest proc\u00e9s encara no s\u2019ha iniciat, suposant un nou retard en un servei essencial per al municipi\u201d, denuncia el portaveu. Davant aquesta situaci\u00f3, el PSOE assegura que \u201cno queda cap altre remei que reclamar que el servei es posi en marxa d\u2019una manera valenta passades les festes de Nadal\u201d.<\/p>\n<p>Alan Ripoll considera que l\u2019Ajuntament ja no pot seguir ajornant decisions: \u201cNo hi ha cap motiu per continuar endarrerint un servei que la ciutadania necessita i est\u00e0 preparada per assumir. El servei est\u00e0 contractat i nom\u00e9s falta que l\u2019equip de govern faci la seva feina\u201d.<\/p>\n<p>A m\u00e9s a m\u00e9s, el portaveu socialista recorda que \u201cla poblaci\u00f3 de Santa Eul\u00e0ria \u00e9s la m\u00e9s conscienciada de l\u2019illa quant a la separaci\u00f3 de residus, les dades aix\u00ed ho evidencien\u201d, per la qual cosa el PSOE considera que la implicaci\u00f3 de la ciutadania seria \u201cmolt m\u00e9s elevada que en altres municipis\u201d i que, per tant, \u201cs\u2019ha de ser valent en la implantaci\u00f3 d\u2019aquesta nova fracci\u00f3\u201d.<\/p>\n<p>Per tot aix\u00f2, el PSOE exigeix a l\u2019Ajuntament de Santa Eul\u00e0ria que activi de manera immediata el proc\u00e9s d\u2019implantaci\u00f3 de la recollida de mat\u00e8ria org\u00e0nica i que garanteixi que el servei estar\u00e0 plenament en funcionament a principis de 2026.<\/p>\n","protected":false},"excerpt":{"rendered":"<p>El PSOE de Santa Eul\u00e0ria des Riu ha denunciat el \u201cnou retard injustificat\u201d en la implantaci\u00f3 del servei de recollida de mat\u00e8ria org\u00e0nica, un dels compromisos anunciats per l\u2019equip de govern de Carmen Ferrer en el marc de la nova contracta del servei municipal de recollida de residus, neteja vi\u00e0ria i neteja de platges. Un&hellip;<\/p>\n","protected":false},"author":1,"featured_media":40476,"comment_status":"closed","ping_status":"closed","sticky":false,"template":"","format":"standard","meta":{"footnotes":""},"categories":[1,234,186],"tags":[],"class_list":["post-41613","post","type-post","status-publish","format-standard","has-post-thumbnail","hentry","category-federacio-de-eivissa-portada","category-municipis","category-santa-eularia-des-riu"],"yoast_head":"<!-- This site is optimized with the Yoast SEO plugin v26.9 - https:\/\/yoast.com\/product\/yoast-seo-wordpress\/ -->\n<title>El PSOE de Santa Eul\u00e0ria denuncia el \u201cnou retard injustificat\u201d en la posada en marxa de la recollida selectiva de mat\u00e8ria org\u00e0nica - Federaci\u00f3 Socialista d&#039;Eivissa<\/title>\n<meta name=\"robots\" content=\"index, follow, max-snippet:-1, max-image-preview:large, max-video-preview:-1\" \/>\n<link rel=\"canonical\" href=\"https:\/\/www.psib-psoe.org\/eivissa\/el-psoe-de-santa-eularia-denuncia-el-nou-retard-injustificat-en-la-posada-en-marxa-de-la-recollida-selectiva-de-materia-organica\/\" \/>\n<meta property=\"og:locale\" content=\"ca_ES\" \/>\n<meta property=\"og:type\" content=\"article\" \/>\n<meta property=\"og:title\" content=\"El PSOE de Santa Eul\u00e0ria denuncia el \u201cnou retard injustificat\u201d en la posada en marxa de la recollida selectiva de mat\u00e8ria org\u00e0nica - Federaci\u00f3 Socialista d&#039;Eivissa\" \/>\n<meta property=\"og:description\" content=\"El PSOE de Santa Eul\u00e0ria des Riu ha denunciat el \u201cnou retard injustificat\u201d en la implantaci\u00f3 del servei de recollida de mat\u00e8ria org\u00e0nica, un dels compromisos anunciats per l\u2019equip de govern de Carmen Ferrer en el marc de la nova contracta del servei municipal de recollida de residus, neteja vi\u00e0ria i neteja de platges. Un&hellip;\" \/>\n<meta property=\"og:url\" content=\"https:\/\/www.psib-psoe.org\/eivissa\/el-psoe-de-santa-eularia-denuncia-el-nou-retard-injustificat-en-la-posada-en-marxa-de-la-recollida-selectiva-de-materia-organica\/\" \/>\n<meta property=\"og:site_name\" content=\"Federaci\u00f3 Socialista d&#039;Eivissa\" \/>\n<meta property=\"article:published_time\" content=\"2025-12-01T11:48:44+00:00\" \/>\n<meta property=\"og:image\" content=\"https:\/\/www.psib-psoe.org\/eivissa\/wp-content\/uploads\/fems-santa-eularia3.jpeg\" \/>\n\t<meta property=\"og:image:width\" content=\"2048\" \/>\n\t<meta property=\"og:image:height\" content=\"1536\" \/>\n\t<meta property=\"og:image:type\" content=\"image\/jpeg\" \/>\n<meta name=\"author\" content=\"adminpsib\" \/>\n<meta name=\"twitter:card\" content=\"summary_large_image\" \/>\n<meta name=\"twitter:label1\" content=\"Escrit per\" \/>\n\t<meta name=\"twitter:data1\" content=\"adminpsib\" \/>\n\t<meta name=\"twitter:label2\" content=\"Temps estimat de lectura\" \/>\n\t<meta name=\"twitter:data2\" content=\"3 minuts\" \/>\n<script type=\"application\/ld+json\" class=\"yoast-schema-graph\">{\"@context\":\"https:\/\/schema.org\",\"@graph\":[{\"@type\":[\"Article\",\"BlogPosting\"],\"@id\":\"https:\/\/www.psib-psoe.org\/eivissa\/el-psoe-de-santa-eularia-denuncia-el-nou-retard-injustificat-en-la-posada-en-marxa-de-la-recollida-selectiva-de-materia-organica\/#article\",\"isPartOf\":{\"@id\":\"https:\/\/www.psib-psoe.org\/eivissa\/el-psoe-de-santa-eularia-denuncia-el-nou-retard-injustificat-en-la-posada-en-marxa-de-la-recollida-selectiva-de-materia-organica\/\"},\"author\":{\"name\":\"adminpsib\",\"@id\":\"https:\/\/www.psib-psoe.org\/eivissa\/#\/schema\/person\/099ab3ef73a3645a1d7f303518e6ce24\"},\"headline\":\"El PSOE de Santa Eul\u00e0ria denuncia el \u201cnou retard injustificat\u201d en la posada en marxa de la recollida selectiva de mat\u00e8ria org\u00e0nica\",\"datePublished\":\"2025-12-01T11:48:44+00:00\",\"mainEntityOfPage\":{\"@id\":\"https:\/\/www.psib-psoe.org\/eivissa\/el-psoe-de-santa-eularia-denuncia-el-nou-retard-injustificat-en-la-posada-en-marxa-de-la-recollida-selectiva-de-materia-organica\/\"},\"wordCount\":563,\"publisher\":{\"@id\":\"https:\/\/www.psib-psoe.org\/eivissa\/#organization\"},\"image\":{\"@id\":\"https:\/\/www.psib-psoe.org\/eivissa\/el-psoe-de-santa-eularia-denuncia-el-nou-retard-injustificat-en-la-posada-en-marxa-de-la-recollida-selectiva-de-materia-organica\/#primaryimage\"},\"thumbnailUrl\":\"https:\/\/www.psib-psoe.org\/eivissa\/wp-content\/uploads\/fems-santa-eularia3.jpeg\",\"articleSection\":[\"Federaci\u00f3 d'Eivissa - Portada\",\"Municipis\",\"Santa Eul\u00e0ria des Riu\"],\"inLanguage\":\"ca\"},{\"@type\":\"WebPage\",\"@id\":\"https:\/\/www.psib-psoe.org\/eivissa\/el-psoe-de-santa-eularia-denuncia-el-nou-retard-injustificat-en-la-posada-en-marxa-de-la-recollida-selectiva-de-materia-organica\/\",\"url\":\"https:\/\/www.psib-psoe.org\/eivissa\/el-psoe-de-santa-eularia-denuncia-el-nou-retard-injustificat-en-la-posada-en-marxa-de-la-recollida-selectiva-de-materia-organica\/\",\"name\":\"El PSOE de Santa Eul\u00e0ria denuncia el \u201cnou retard injustificat\u201d en la posada en marxa de la recollida selectiva de mat\u00e8ria org\u00e0nica - Federaci\u00f3 Socialista d&#039;Eivissa\",\"isPartOf\":{\"@id\":\"https:\/\/www.psib-psoe.org\/eivissa\/#website\"},\"primaryImageOfPage\":{\"@id\":\"https:\/\/www.psib-psoe.org\/eivissa\/el-psoe-de-santa-eularia-denuncia-el-nou-retard-injustificat-en-la-posada-en-marxa-de-la-recollida-selectiva-de-materia-organica\/#primaryimage\"},\"image\":{\"@id\":\"https:\/\/www.psib-psoe.org\/eivissa\/el-psoe-de-santa-eularia-denuncia-el-nou-retard-injustificat-en-la-posada-en-marxa-de-la-recollida-selectiva-de-materia-organica\/#primaryimage\"},\"thumbnailUrl\":\"https:\/\/www.psib-psoe.org\/eivissa\/wp-content\/uploads\/fems-santa-eularia3.jpeg\",\"datePublished\":\"2025-12-01T11:48:44+00:00\",\"breadcrumb\":{\"@id\":\"https:\/\/www.psib-psoe.org\/eivissa\/el-psoe-de-santa-eularia-denuncia-el-nou-retard-injustificat-en-la-posada-en-marxa-de-la-recollida-selectiva-de-materia-organica\/#breadcrumb\"},\"inLanguage\":\"ca\",\"potentialAction\":[{\"@type\":\"ReadAction\",\"target\":[\"https:\/\/www.psib-psoe.org\/eivissa\/el-psoe-de-santa-eularia-denuncia-el-nou-retard-injustificat-en-la-posada-en-marxa-de-la-recollida-selectiva-de-materia-organica\/\"]}]},{\"@type\":\"ImageObject\",\"inLanguage\":\"ca\",\"@id\":\"https:\/\/www.psib-psoe.org\/eivissa\/el-psoe-de-santa-eularia-denuncia-el-nou-retard-injustificat-en-la-posada-en-marxa-de-la-recollida-selectiva-de-materia-organica\/#primaryimage\",\"url\":\"https:\/\/www.psib-psoe.org\/eivissa\/wp-content\/uploads\/fems-santa-eularia3.jpeg\",\"contentUrl\":\"https:\/\/www.psib-psoe.org\/eivissa\/wp-content\/uploads\/fems-santa-eularia3.jpeg\",\"width\":2048,\"height\":1536},{\"@type\":\"BreadcrumbList\",\"@id\":\"https:\/\/www.psib-psoe.org\/eivissa\/el-psoe-de-santa-eularia-denuncia-el-nou-retard-injustificat-en-la-posada-en-marxa-de-la-recollida-selectiva-de-materia-organica\/#breadcrumb\",\"itemListElement\":[{\"@type\":\"ListItem\",\"position\":1,\"name\":\"Inici\",\"item\":\"https:\/\/www.psib-psoe.org\/eivissa\/\"},{\"@type\":\"ListItem\",\"position\":2,\"name\":\"El PSOE de Santa Eul\u00e0ria denuncia el \u201cnou retard injustificat\u201d en la posada en marxa de la recollida selectiva de mat\u00e8ria org\u00e0nica\"}]},{\"@type\":\"WebSite\",\"@id\":\"https:\/\/www.psib-psoe.org\/eivissa\/#website\",\"url\":\"https:\/\/www.psib-psoe.org\/eivissa\/\",\"name\":\"Federaci\u00f3 Socialista d'Eivissa\",\"description\":\"Socialistes d&#039;Eivissa\",\"publisher\":{\"@id\":\"https:\/\/www.psib-psoe.org\/eivissa\/#organization\"},\"potentialAction\":[{\"@type\":\"SearchAction\",\"target\":{\"@type\":\"EntryPoint\",\"urlTemplate\":\"https:\/\/www.psib-psoe.org\/eivissa\/?s={search_term_string}\"},\"query-input\":{\"@type\":\"PropertyValueSpecification\",\"valueRequired\":true,\"valueName\":\"search_term_string\"}}],\"inLanguage\":\"ca\"},{\"@type\":\"Organization\",\"@id\":\"https:\/\/www.psib-psoe.org\/eivissa\/#organization\",\"name\":\"Federaci\u00f3 Socialista d'Eivissa\",\"url\":\"https:\/\/www.psib-psoe.org\/eivissa\/\",\"logo\":{\"@type\":\"ImageObject\",\"inLanguage\":\"ca\",\"@id\":\"https:\/\/www.psib-psoe.org\/eivissa\/#\/schema\/logo\/image\/\",\"url\":\"https:\/\/www.psib-psoe.org\/eivissa\/wp-content\/uploads\/LOGO-FSE-SOCIALISTA-DEIVISSA-HORI.png\",\"contentUrl\":\"https:\/\/www.psib-psoe.org\/eivissa\/wp-content\/uploads\/LOGO-FSE-SOCIALISTA-DEIVISSA-HORI.png\",\"width\":6000,\"height\":3104,\"caption\":\"Federaci\u00f3 Socialista d'Eivissa\"},\"image\":{\"@id\":\"https:\/\/www.psib-psoe.org\/eivissa\/#\/schema\/logo\/image\/\"}},{\"@type\":\"Person\",\"@id\":\"https:\/\/www.psib-psoe.org\/eivissa\/#\/schema\/person\/099ab3ef73a3645a1d7f303518e6ce24\",\"name\":\"adminpsib\",\"url\":\"https:\/\/www.psib-psoe.org\/eivissa\/author\/adminpsib\/\"}]}<\/script>\n<!-- \/ Yoast SEO plugin. -->","yoast_head_json":{"title":"El PSOE de Santa Eul\u00e0ria denuncia el \u201cnou retard injustificat\u201d en la posada en marxa de la recollida selectiva de mat\u00e8ria org\u00e0nica - Federaci\u00f3 Socialista d&#039;Eivissa","robots":{"index":"index","follow":"follow","max-snippet":"max-snippet:-1","max-image-preview":"max-image-preview:large","max-video-preview":"max-video-preview:-1"},"canonical":"https:\/\/www.psib-psoe.org\/eivissa\/el-psoe-de-santa-eularia-denuncia-el-nou-retard-injustificat-en-la-posada-en-marxa-de-la-recollida-selectiva-de-materia-organica\/","og_locale":"ca_ES","og_type":"article","og_title":"El PSOE de Santa Eul\u00e0ria denuncia el \u201cnou retard injustificat\u201d en la posada en marxa de la recollida selectiva de mat\u00e8ria org\u00e0nica - Federaci\u00f3 Socialista d&#039;Eivissa","og_description":"El PSOE de Santa Eul\u00e0ria des Riu ha denunciat el \u201cnou retard injustificat\u201d en la implantaci\u00f3 del servei de recollida de mat\u00e8ria org\u00e0nica, un dels compromisos anunciats per l\u2019equip de govern de Carmen Ferrer en el marc de la nova contracta del servei municipal de recollida de residus, neteja vi\u00e0ria i neteja de platges. Un&hellip;","og_url":"https:\/\/www.psib-psoe.org\/eivissa\/el-psoe-de-santa-eularia-denuncia-el-nou-retard-injustificat-en-la-posada-en-marxa-de-la-recollida-selectiva-de-materia-organica\/","og_site_name":"Federaci\u00f3 Socialista d&#039;Eivissa","article_published_time":"2025-12-01T11:48:44+00:00","og_image":[{"width":2048,"height":1536,"url":"https:\/\/www.psib-psoe.org\/eivissa\/wp-content\/uploads\/fems-santa-eularia3.jpeg","type":"image\/jpeg"}],"author":"adminpsib","twitter_card":"summary_large_image","twitter_misc":{"Escrit per":"adminpsib","Temps estimat de lectura":"3 minuts"},"schema":{"@context":"https:\/\/schema.org","@graph":[{"@type":["Article","BlogPosting"],"@id":"https:\/\/www.psib-psoe.org\/eivissa\/el-psoe-de-santa-eularia-denuncia-el-nou-retard-injustificat-en-la-posada-en-marxa-de-la-recollida-selectiva-de-materia-organica\/#article","isPartOf":{"@id":"https:\/\/www.psib-psoe.org\/eivissa\/el-psoe-de-santa-eularia-denuncia-el-nou-retard-injustificat-en-la-posada-en-marxa-de-la-recollida-selectiva-de-materia-organica\/"},"author":{"name":"adminpsib","@id":"https:\/\/www.psib-psoe.org\/eivissa\/#\/schema\/person\/099ab3ef73a3645a1d7f303518e6ce24"},"headline":"El PSOE de Santa Eul\u00e0ria denuncia el \u201cnou retard injustificat\u201d en la posada en marxa de la recollida selectiva de mat\u00e8ria org\u00e0nica","datePublished":"2025-12-01T11:48:44+00:00","mainEntityOfPage":{"@id":"https:\/\/www.psib-psoe.org\/eivissa\/el-psoe-de-santa-eularia-denuncia-el-nou-retard-injustificat-en-la-posada-en-marxa-de-la-recollida-selectiva-de-materia-organica\/"},"wordCount":563,"publisher":{"@id":"https:\/\/www.psib-psoe.org\/eivissa\/#organization"},"image":{"@id":"https:\/\/www.psib-psoe.org\/eivissa\/el-psoe-de-santa-eularia-denuncia-el-nou-retard-injustificat-en-la-posada-en-marxa-de-la-recollida-selectiva-de-materia-organica\/#primaryimage"},"thumbnailUrl":"https:\/\/www.psib-psoe.org\/eivissa\/wp-content\/uploads\/fems-santa-eularia3.jpeg","articleSection":["Federaci\u00f3 d'Eivissa - Portada","Municipis","Santa Eul\u00e0ria des Riu"],"inLanguage":"ca"},{"@type":"WebPage","@id":"https:\/\/www.psib-psoe.org\/eivissa\/el-psoe-de-santa-eularia-denuncia-el-nou-retard-injustificat-en-la-posada-en-marxa-de-la-recollida-selectiva-de-materia-organica\/","url":"https:\/\/www.psib-psoe.org\/eivissa\/el-psoe-de-santa-eularia-denuncia-el-nou-retard-injustificat-en-la-posada-en-marxa-de-la-recollida-selectiva-de-materia-organica\/","name":"El PSOE de Santa Eul\u00e0ria denuncia el \u201cnou retard injustificat\u201d en la posada en marxa de la recollida selectiva de mat\u00e8ria org\u00e0nica - Federaci\u00f3 Socialista d&#039;Eivissa","isPartOf":{"@id":"https:\/\/www.psib-psoe.org\/eivissa\/#website"},"primaryImageOfPage":{"@id":"https:\/\/www.psib-psoe.org\/eivissa\/el-psoe-de-santa-eularia-denuncia-el-nou-retard-injustificat-en-la-posada-en-marxa-de-la-recollida-selectiva-de-materia-organica\/#primaryimage"},"image":{"@id":"https:\/\/www.psib-psoe.org\/eivissa\/el-psoe-de-santa-eularia-denuncia-el-nou-retard-injustificat-en-la-posada-en-marxa-de-la-recollida-selectiva-de-materia-organica\/#primaryimage"},"thumbnailUrl":"https:\/\/www.psib-psoe.org\/eivissa\/wp-content\/uploads\/fems-santa-eularia3.jpeg","datePublished":"2025-12-01T11:48:44+00:00","breadcrumb":{"@id":"https:\/\/www.psib-psoe.org\/eivissa\/el-psoe-de-santa-eularia-denuncia-el-nou-retard-injustificat-en-la-posada-en-marxa-de-la-recollida-selectiva-de-materia-organica\/#breadcrumb"},"inLanguage":"ca","potentialAction":[{"@type":"ReadAction","target":["https:\/\/www.psib-psoe.org\/eivissa\/el-psoe-de-santa-eularia-denuncia-el-nou-retard-injustificat-en-la-posada-en-marxa-de-la-recollida-selectiva-de-materia-organica\/"]}]},{"@type":"ImageObject","inLanguage":"ca","@id":"https:\/\/www.psib-psoe.org\/eivissa\/el-psoe-de-santa-eularia-denuncia-el-nou-retard-injustificat-en-la-posada-en-marxa-de-la-recollida-selectiva-de-materia-organica\/#primaryimage","url":"https:\/\/www.psib-psoe.org\/eivissa\/wp-content\/uploads\/fems-santa-eularia3.jpeg","contentUrl":"https:\/\/www.psib-psoe.org\/eivissa\/wp-content\/uploads\/fems-santa-eularia3.jpeg","width":2048,"height":1536},{"@type":"BreadcrumbList","@id":"https:\/\/www.psib-psoe.org\/eivissa\/el-psoe-de-santa-eularia-denuncia-el-nou-retard-injustificat-en-la-posada-en-marxa-de-la-recollida-selectiva-de-materia-organica\/#breadcrumb","itemListElement":[{"@type":"ListItem","position":1,"name":"Inici","item":"https:\/\/www.psib-psoe.org\/eivissa\/"},{"@type":"ListItem","position":2,"name":"El PSOE de Santa Eul\u00e0ria denuncia el \u201cnou retard injustificat\u201d en la posada en marxa de la recollida selectiva de mat\u00e8ria org\u00e0nica"}]},{"@type":"WebSite","@id":"https:\/\/www.psib-psoe.org\/eivissa\/#website","url":"https:\/\/www.psib-psoe.org\/eivissa\/","name":"Federaci\u00f3 Socialista d'Eivissa","description":"Socialistes d&#039;Eivissa","publisher":{"@id":"https:\/\/www.psib-psoe.org\/eivissa\/#organization"},"potentialAction":[{"@type":"SearchAction","target":{"@type":"EntryPoint","urlTemplate":"https:\/\/www.psib-psoe.org\/eivissa\/?s={search_term_string}"},"query-input":{"@type":"PropertyValueSpecification","valueRequired":true,"valueName":"search_term_string"}}],"inLanguage":"ca"},{"@type":"Organization","@id":"https:\/\/www.psib-psoe.org\/eivissa\/#organization","name":"Federaci\u00f3 Socialista d'Eivissa","url":"https:\/\/www.psib-psoe.org\/eivissa\/","logo":{"@type":"ImageObject","inLanguage":"ca","@id":"https:\/\/www.psib-psoe.org\/eivissa\/#\/schema\/logo\/image\/","url":"https:\/\/www.psib-psoe.org\/eivissa\/wp-content\/uploads\/LOGO-FSE-SOCIALISTA-DEIVISSA-HORI.png","contentUrl":"https:\/\/www.psib-psoe.org\/eivissa\/wp-content\/uploads\/LOGO-FSE-SOCIALISTA-DEIVISSA-HORI.png","width":6000,"height":3104,"caption":"Federaci\u00f3 Socialista d'Eivissa"},"image":{"@id":"https:\/\/www.psib-psoe.org\/eivissa\/#\/schema\/logo\/image\/"}},{"@type":"Person","@id":"https:\/\/www.psib-psoe.org\/eivissa\/#\/schema\/person\/099ab3ef73a3645a1d7f303518e6ce24","name":"adminpsib","url":"https:\/\/www.psib-psoe.org\/eivissa\/author\/adminpsib\/"}]}},"_links":{"self":[{"href":"https:\/\/www.psib-psoe.org\/eivissa\/wp-json\/wp\/v2\/posts\/41613","targetHints":{"allow":["GET"]}}],"collection":[{"href":"https:\/\/www.psib-psoe.org\/eivissa\/wp-json\/wp\/v2\/posts"}],"about":[{"href":"https:\/\/www.psib-psoe.org\/eivissa\/wp-json\/wp\/v2\/types\/post"}],"author":[{"embeddable":true,"href":"https:\/\/www.psib-psoe.org\/eivissa\/wp-json\/wp\/v2\/users\/1"}],"replies":[{"embeddable":true,"href":"https:\/\/www.psib-psoe.org\/eivissa\/wp-json\/wp\/v2\/comments?post=41613"}],"version-history":[{"count":1,"href":"https:\/\/www.psib-psoe.org\/eivissa\/wp-json\/wp\/v2\/posts\/41613\/revisions"}],"predecessor-version":[{"id":41614,"href":"https:\/\/www.psib-psoe.org\/eivissa\/wp-json\/wp\/v2\/posts\/41613\/revisions\/41614"}],"wp:featuredmedia":[{"embeddable":true,"href":"https:\/\/www.psib-psoe.org\/eivissa\/wp-json\/wp\/v2\/media\/40476"}],"wp:attachment":[{"href":"https:\/\/www.psib-psoe.org\/eivissa\/wp-json\/wp\/v2\/media?parent=41613"}],"wp:term":[{"taxonomy":"category","embeddable":true,"href":"https:\/\/www.psib-psoe.org\/eivissa\/wp-json\/wp\/v2\/categories?post=41613"},{"taxonomy":"post_tag","embeddable":true,"href":"https:\/\/www.psib-psoe.org\/eivissa\/wp-json\/wp\/v2\/tags?post=41613"}],"curies":[{"name":"wp","href":"https:\/\/api.w.org\/{rel}","templated":true}]}}