{"id":41619,"date":"2025-12-04T13:16:24","date_gmt":"2025-12-04T11:16:24","guid":{"rendered":"https:\/\/www.psib-psoe.org\/eivissa\/?p=41619"},"modified":"2025-12-04T13:16:24","modified_gmt":"2025-12-04T11:16:24","slug":"el-psoe-denuncia-una-carrera-professional-de-lajuntament-de-santa-eularia-imposada-i-sense-dialeg","status":"publish","type":"post","link":"https:\/\/www.psib-psoe.org\/eivissa\/el-psoe-denuncia-una-carrera-professional-de-lajuntament-de-santa-eularia-imposada-i-sense-dialeg\/","title":{"rendered":"El PSOE denuncia una carrera professional de l\u2019Ajuntament de Santa Eul\u00e0ria \u201cimposada i sense di\u00e0leg\u201d"},"content":{"rendered":"\n<p class=\"p1\">El Grup Municipal Socialista de Santa Eul\u00e0ria des Riu expressa el seu ferm rebuig a la carrera professional impulsada per l\u2019equip de govern del Partit Popular de Carmen Ferrer, una proposta \u201cimposada\u201d, \u201cmal dissenyada\u201d i \u201ccontr\u00e0ria als principis b\u00e0sics del di\u00e0leg social\u201d, explica la regidora socialista Beatriz Fern\u00e1ndez.<\/p>\n\n\n\n<p class=\"p1\">La iniciativa neix sense cap consens, ja que l\u2019Ajuntament ha deso\u00eft tant les aportacions del comit\u00e8 d\u2019empresa com les al\u00b7legacions presentades per la plantilla. \u201cHan imposat una proposta sense modificar ni una sola coma, malgrat l\u2019allau d\u2019al\u00b7legacions rebudes. Aix\u00f2 demostra una absoluta manca de respecte cap als treballadors i treballadores\u201d, denuncia la regidora.<\/p>\n\n\n\n<p class=\"p1\">El PSOE assenyala que la formaci\u00f3, element clau de qualsevol carrera professional moderna, \u201cqueda relegada a un paper merament testimonial\u201d, fet que suposa desvirtuar l\u2019objectiu real d\u2019aquesta eina: millorar el servei p\u00fablic, fomentar el desenvolupament professional i garantir una administraci\u00f3 m\u00e9s efica\u00e7.<\/p>\n\n\n\n<p class=\"p1\">Un dels aspectes m\u00e9s controvertits \u00e9s l\u2019avaluaci\u00f3 de l\u2019acompliment. \u201cHan constru\u00eft un sistema sancionador, subjectiu i dif\u00edcil de complir\u201d, subratlla Beatriz Fern\u00e1ndez.<\/p>\n\n\n\n<p class=\"p1\">\u201cL\u2019Ajuntament planteja una carrera professional basada en premis i c\u00e0stigs. \u00c9s un model infantilitzador, m\u00e9s propi d\u2019una escoleta que d\u2019una administraci\u00f3 p\u00fablica moderna.\u201d<\/p>\n\n\n\n<p class=\"p1\">El Grup Municipal Socialista critica tamb\u00e9 l\u2019exclusi\u00f3 dels representants sindicals de la comissi\u00f3 encarregada d\u2019avaluar el personal. \u201c\u00c9s intolerable que es vetin aquells que han estat elegits democr\u00e0ticament per la plantilla. El missatge \u00e9s clar per part de l\u2019equip de govern del PP: en aquest Ajuntament, participar en unes eleccions sindicals t\u00e9 conseq\u00fc\u00e8ncies\u201d, ha manifestat.<\/p>\n\n\n\n<p class=\"p1\">La representant del PSOE alerta que aquesta decisi\u00f3 constitueix \u201cuna greu vulneraci\u00f3 dels drets laborals i democr\u00e0tics\u201d, i l\u2019emmarca en una estrat\u00e8gia deliberada de l\u2019equip de govern per limitar la participaci\u00f3 sindical.<\/p>\n\n\n\n<p class=\"p1\">El Grup Socialista adverteix que la proposta evidencia \u201cuna visi\u00f3 autorit\u00e0ria, obsoleta i privatitzadora\u201d de l\u2019administraci\u00f3 p\u00fablica.<\/p>\n\n\n\n<p class=\"p1\">\u201cNo busquen millorar el servei ni professionalitzar la plantilla; cerquen controlar, condicionar i disciplinar. Aix\u00f2 no \u00e9s gesti\u00f3 p\u00fablica, \u00e9s un retroc\u00e9s democr\u00e0tic\u201d, ha assenyalat.<\/p>\n\n\n\n<p class=\"p1\">El Grup Municipal Socialista de Santa Eul\u00e0ria des Riu ha votat en contra d\u2019aquesta carrera professional i adverteix que la seva implantaci\u00f3 generar\u00e0 \u201cmalestar, conflicte i tensi\u00f3 a curt termini\u201d. A m\u00e9s, Beatriz Fern\u00e1ndez ha manifestat que el PSOE es compromet a fiscalitzar cada fase del proc\u00e9s i a defensar el di\u00e0leg social, la professionalitzaci\u00f3 del servei p\u00fablic i els drets laborals de tota la plantilla.<\/p>\n","protected":false},"excerpt":{"rendered":"<p>El Grup Municipal Socialista de Santa Eul\u00e0ria des Riu expressa el seu ferm rebuig a la carrera professional impulsada per l\u2019equip de govern del Partit Popular de Carmen Ferrer, una proposta \u201cimposada\u201d, \u201cmal dissenyada\u201d i \u201ccontr\u00e0ria als principis b\u00e0sics del di\u00e0leg social\u201d, explica la regidora socialista Beatriz Fern\u00e1ndez. La iniciativa neix sense cap consens, ja&hellip;<\/p>\n","protected":false},"author":1,"featured_media":38552,"comment_status":"closed","ping_status":"closed","sticky":false,"template":"","format":"standard","meta":{"footnotes":""},"categories":[1,234,186],"tags":[],"class_list":["post-41619","post","type-post","status-publish","format-standard","has-post-thumbnail","hentry","category-federacio-de-eivissa-portada","category-municipis","category-santa-eularia-des-riu"],"yoast_head":"<!-- This site is optimized with the Yoast SEO plugin v26.9 - https:\/\/yoast.com\/product\/yoast-seo-wordpress\/ -->\n<title>El PSOE denuncia una carrera professional de l\u2019Ajuntament de Santa Eul\u00e0ria \u201cimposada i sense di\u00e0leg\u201d - Federaci\u00f3 Socialista d&#039;Eivissa<\/title>\n<meta name=\"robots\" content=\"index, follow, max-snippet:-1, max-image-preview:large, max-video-preview:-1\" \/>\n<link rel=\"canonical\" href=\"https:\/\/www.psib-psoe.org\/eivissa\/el-psoe-denuncia-una-carrera-professional-de-lajuntament-de-santa-eularia-imposada-i-sense-dialeg\/\" \/>\n<meta property=\"og:locale\" content=\"ca_ES\" \/>\n<meta property=\"og:type\" content=\"article\" \/>\n<meta property=\"og:title\" content=\"El PSOE denuncia una carrera professional de l\u2019Ajuntament de Santa Eul\u00e0ria \u201cimposada i sense di\u00e0leg\u201d - Federaci\u00f3 Socialista d&#039;Eivissa\" \/>\n<meta property=\"og:description\" content=\"El Grup Municipal Socialista de Santa Eul\u00e0ria des Riu expressa el seu ferm rebuig a la carrera professional impulsada per l\u2019equip de govern del Partit Popular de Carmen Ferrer, una proposta \u201cimposada\u201d, \u201cmal dissenyada\u201d i \u201ccontr\u00e0ria als principis b\u00e0sics del di\u00e0leg social\u201d, explica la regidora socialista Beatriz Fern\u00e1ndez. La iniciativa neix sense cap consens, ja&hellip;\" \/>\n<meta property=\"og:url\" content=\"https:\/\/www.psib-psoe.org\/eivissa\/el-psoe-denuncia-una-carrera-professional-de-lajuntament-de-santa-eularia-imposada-i-sense-dialeg\/\" \/>\n<meta property=\"og:site_name\" content=\"Federaci\u00f3 Socialista d&#039;Eivissa\" \/>\n<meta property=\"article:published_time\" content=\"2025-12-04T11:16:24+00:00\" \/>\n<meta property=\"og:image\" content=\"https:\/\/www.psib-psoe.org\/eivissa\/wp-content\/uploads\/Ajuntament-Santa-Eularia-1024x768-1.jpeg\" \/>\n\t<meta property=\"og:image:width\" content=\"1024\" \/>\n\t<meta property=\"og:image:height\" content=\"768\" \/>\n\t<meta property=\"og:image:type\" content=\"image\/jpeg\" \/>\n<meta name=\"author\" content=\"adminpsib\" \/>\n<meta name=\"twitter:card\" content=\"summary_large_image\" \/>\n<meta name=\"twitter:label1\" content=\"Escrit per\" \/>\n\t<meta name=\"twitter:data1\" content=\"adminpsib\" \/>\n\t<meta name=\"twitter:label2\" content=\"Temps estimat de lectura\" \/>\n\t<meta name=\"twitter:data2\" content=\"2 minuts\" \/>\n<script type=\"application\/ld+json\" class=\"yoast-schema-graph\">{\"@context\":\"https:\/\/schema.org\",\"@graph\":[{\"@type\":[\"Article\",\"BlogPosting\"],\"@id\":\"https:\/\/www.psib-psoe.org\/eivissa\/el-psoe-denuncia-una-carrera-professional-de-lajuntament-de-santa-eularia-imposada-i-sense-dialeg\/#article\",\"isPartOf\":{\"@id\":\"https:\/\/www.psib-psoe.org\/eivissa\/el-psoe-denuncia-una-carrera-professional-de-lajuntament-de-santa-eularia-imposada-i-sense-dialeg\/\"},\"author\":{\"name\":\"adminpsib\",\"@id\":\"https:\/\/www.psib-psoe.org\/eivissa\/#\/schema\/person\/099ab3ef73a3645a1d7f303518e6ce24\"},\"headline\":\"El PSOE denuncia una carrera professional de l\u2019Ajuntament de Santa Eul\u00e0ria \u201cimposada i sense di\u00e0leg\u201d\",\"datePublished\":\"2025-12-04T11:16:24+00:00\",\"mainEntityOfPage\":{\"@id\":\"https:\/\/www.psib-psoe.org\/eivissa\/el-psoe-denuncia-una-carrera-professional-de-lajuntament-de-santa-eularia-imposada-i-sense-dialeg\/\"},\"wordCount\":452,\"publisher\":{\"@id\":\"https:\/\/www.psib-psoe.org\/eivissa\/#organization\"},\"image\":{\"@id\":\"https:\/\/www.psib-psoe.org\/eivissa\/el-psoe-denuncia-una-carrera-professional-de-lajuntament-de-santa-eularia-imposada-i-sense-dialeg\/#primaryimage\"},\"thumbnailUrl\":\"https:\/\/www.psib-psoe.org\/eivissa\/wp-content\/uploads\/Ajuntament-Santa-Eularia-1024x768-1.jpeg\",\"articleSection\":[\"Federaci\u00f3 d'Eivissa - Portada\",\"Municipis\",\"Santa Eul\u00e0ria des Riu\"],\"inLanguage\":\"ca\"},{\"@type\":\"WebPage\",\"@id\":\"https:\/\/www.psib-psoe.org\/eivissa\/el-psoe-denuncia-una-carrera-professional-de-lajuntament-de-santa-eularia-imposada-i-sense-dialeg\/\",\"url\":\"https:\/\/www.psib-psoe.org\/eivissa\/el-psoe-denuncia-una-carrera-professional-de-lajuntament-de-santa-eularia-imposada-i-sense-dialeg\/\",\"name\":\"El PSOE denuncia una carrera professional de l\u2019Ajuntament de Santa Eul\u00e0ria \u201cimposada i sense di\u00e0leg\u201d - Federaci\u00f3 Socialista d&#039;Eivissa\",\"isPartOf\":{\"@id\":\"https:\/\/www.psib-psoe.org\/eivissa\/#website\"},\"primaryImageOfPage\":{\"@id\":\"https:\/\/www.psib-psoe.org\/eivissa\/el-psoe-denuncia-una-carrera-professional-de-lajuntament-de-santa-eularia-imposada-i-sense-dialeg\/#primaryimage\"},\"image\":{\"@id\":\"https:\/\/www.psib-psoe.org\/eivissa\/el-psoe-denuncia-una-carrera-professional-de-lajuntament-de-santa-eularia-imposada-i-sense-dialeg\/#primaryimage\"},\"thumbnailUrl\":\"https:\/\/www.psib-psoe.org\/eivissa\/wp-content\/uploads\/Ajuntament-Santa-Eularia-1024x768-1.jpeg\",\"datePublished\":\"2025-12-04T11:16:24+00:00\",\"breadcrumb\":{\"@id\":\"https:\/\/www.psib-psoe.org\/eivissa\/el-psoe-denuncia-una-carrera-professional-de-lajuntament-de-santa-eularia-imposada-i-sense-dialeg\/#breadcrumb\"},\"inLanguage\":\"ca\",\"potentialAction\":[{\"@type\":\"ReadAction\",\"target\":[\"https:\/\/www.psib-psoe.org\/eivissa\/el-psoe-denuncia-una-carrera-professional-de-lajuntament-de-santa-eularia-imposada-i-sense-dialeg\/\"]}]},{\"@type\":\"ImageObject\",\"inLanguage\":\"ca\",\"@id\":\"https:\/\/www.psib-psoe.org\/eivissa\/el-psoe-denuncia-una-carrera-professional-de-lajuntament-de-santa-eularia-imposada-i-sense-dialeg\/#primaryimage\",\"url\":\"https:\/\/www.psib-psoe.org\/eivissa\/wp-content\/uploads\/Ajuntament-Santa-Eularia-1024x768-1.jpeg\",\"contentUrl\":\"https:\/\/www.psib-psoe.org\/eivissa\/wp-content\/uploads\/Ajuntament-Santa-Eularia-1024x768-1.jpeg\",\"width\":1024,\"height\":768},{\"@type\":\"BreadcrumbList\",\"@id\":\"https:\/\/www.psib-psoe.org\/eivissa\/el-psoe-denuncia-una-carrera-professional-de-lajuntament-de-santa-eularia-imposada-i-sense-dialeg\/#breadcrumb\",\"itemListElement\":[{\"@type\":\"ListItem\",\"position\":1,\"name\":\"Inici\",\"item\":\"https:\/\/www.psib-psoe.org\/eivissa\/\"},{\"@type\":\"ListItem\",\"position\":2,\"name\":\"El PSOE denuncia una carrera professional de l\u2019Ajuntament de Santa Eul\u00e0ria \u201cimposada i sense di\u00e0leg\u201d\"}]},{\"@type\":\"WebSite\",\"@id\":\"https:\/\/www.psib-psoe.org\/eivissa\/#website\",\"url\":\"https:\/\/www.psib-psoe.org\/eivissa\/\",\"name\":\"Federaci\u00f3 Socialista d'Eivissa\",\"description\":\"Socialistes d&#039;Eivissa\",\"publisher\":{\"@id\":\"https:\/\/www.psib-psoe.org\/eivissa\/#organization\"},\"potentialAction\":[{\"@type\":\"SearchAction\",\"target\":{\"@type\":\"EntryPoint\",\"urlTemplate\":\"https:\/\/www.psib-psoe.org\/eivissa\/?s={search_term_string}\"},\"query-input\":{\"@type\":\"PropertyValueSpecification\",\"valueRequired\":true,\"valueName\":\"search_term_string\"}}],\"inLanguage\":\"ca\"},{\"@type\":\"Organization\",\"@id\":\"https:\/\/www.psib-psoe.org\/eivissa\/#organization\",\"name\":\"Federaci\u00f3 Socialista d'Eivissa\",\"url\":\"https:\/\/www.psib-psoe.org\/eivissa\/\",\"logo\":{\"@type\":\"ImageObject\",\"inLanguage\":\"ca\",\"@id\":\"https:\/\/www.psib-psoe.org\/eivissa\/#\/schema\/logo\/image\/\",\"url\":\"https:\/\/www.psib-psoe.org\/eivissa\/wp-content\/uploads\/LOGO-FSE-SOCIALISTA-DEIVISSA-HORI.png\",\"contentUrl\":\"https:\/\/www.psib-psoe.org\/eivissa\/wp-content\/uploads\/LOGO-FSE-SOCIALISTA-DEIVISSA-HORI.png\",\"width\":6000,\"height\":3104,\"caption\":\"Federaci\u00f3 Socialista d'Eivissa\"},\"image\":{\"@id\":\"https:\/\/www.psib-psoe.org\/eivissa\/#\/schema\/logo\/image\/\"}},{\"@type\":\"Person\",\"@id\":\"https:\/\/www.psib-psoe.org\/eivissa\/#\/schema\/person\/099ab3ef73a3645a1d7f303518e6ce24\",\"name\":\"adminpsib\",\"url\":\"https:\/\/www.psib-psoe.org\/eivissa\/author\/adminpsib\/\"}]}<\/script>\n<!-- \/ Yoast SEO plugin. -->","yoast_head_json":{"title":"El PSOE denuncia una carrera professional de l\u2019Ajuntament de Santa Eul\u00e0ria \u201cimposada i sense di\u00e0leg\u201d - Federaci\u00f3 Socialista d&#039;Eivissa","robots":{"index":"index","follow":"follow","max-snippet":"max-snippet:-1","max-image-preview":"max-image-preview:large","max-video-preview":"max-video-preview:-1"},"canonical":"https:\/\/www.psib-psoe.org\/eivissa\/el-psoe-denuncia-una-carrera-professional-de-lajuntament-de-santa-eularia-imposada-i-sense-dialeg\/","og_locale":"ca_ES","og_type":"article","og_title":"El PSOE denuncia una carrera professional de l\u2019Ajuntament de Santa Eul\u00e0ria \u201cimposada i sense di\u00e0leg\u201d - Federaci\u00f3 Socialista d&#039;Eivissa","og_description":"El Grup Municipal Socialista de Santa Eul\u00e0ria des Riu expressa el seu ferm rebuig a la carrera professional impulsada per l\u2019equip de govern del Partit Popular de Carmen Ferrer, una proposta \u201cimposada\u201d, \u201cmal dissenyada\u201d i \u201ccontr\u00e0ria als principis b\u00e0sics del di\u00e0leg social\u201d, explica la regidora socialista Beatriz Fern\u00e1ndez. La iniciativa neix sense cap consens, ja&hellip;","og_url":"https:\/\/www.psib-psoe.org\/eivissa\/el-psoe-denuncia-una-carrera-professional-de-lajuntament-de-santa-eularia-imposada-i-sense-dialeg\/","og_site_name":"Federaci\u00f3 Socialista d&#039;Eivissa","article_published_time":"2025-12-04T11:16:24+00:00","og_image":[{"width":1024,"height":768,"url":"https:\/\/www.psib-psoe.org\/eivissa\/wp-content\/uploads\/Ajuntament-Santa-Eularia-1024x768-1.jpeg","type":"image\/jpeg"}],"author":"adminpsib","twitter_card":"summary_large_image","twitter_misc":{"Escrit per":"adminpsib","Temps estimat de lectura":"2 minuts"},"schema":{"@context":"https:\/\/schema.org","@graph":[{"@type":["Article","BlogPosting"],"@id":"https:\/\/www.psib-psoe.org\/eivissa\/el-psoe-denuncia-una-carrera-professional-de-lajuntament-de-santa-eularia-imposada-i-sense-dialeg\/#article","isPartOf":{"@id":"https:\/\/www.psib-psoe.org\/eivissa\/el-psoe-denuncia-una-carrera-professional-de-lajuntament-de-santa-eularia-imposada-i-sense-dialeg\/"},"author":{"name":"adminpsib","@id":"https:\/\/www.psib-psoe.org\/eivissa\/#\/schema\/person\/099ab3ef73a3645a1d7f303518e6ce24"},"headline":"El PSOE denuncia una carrera professional de l\u2019Ajuntament de Santa Eul\u00e0ria \u201cimposada i sense di\u00e0leg\u201d","datePublished":"2025-12-04T11:16:24+00:00","mainEntityOfPage":{"@id":"https:\/\/www.psib-psoe.org\/eivissa\/el-psoe-denuncia-una-carrera-professional-de-lajuntament-de-santa-eularia-imposada-i-sense-dialeg\/"},"wordCount":452,"publisher":{"@id":"https:\/\/www.psib-psoe.org\/eivissa\/#organization"},"image":{"@id":"https:\/\/www.psib-psoe.org\/eivissa\/el-psoe-denuncia-una-carrera-professional-de-lajuntament-de-santa-eularia-imposada-i-sense-dialeg\/#primaryimage"},"thumbnailUrl":"https:\/\/www.psib-psoe.org\/eivissa\/wp-content\/uploads\/Ajuntament-Santa-Eularia-1024x768-1.jpeg","articleSection":["Federaci\u00f3 d'Eivissa - Portada","Municipis","Santa Eul\u00e0ria des Riu"],"inLanguage":"ca"},{"@type":"WebPage","@id":"https:\/\/www.psib-psoe.org\/eivissa\/el-psoe-denuncia-una-carrera-professional-de-lajuntament-de-santa-eularia-imposada-i-sense-dialeg\/","url":"https:\/\/www.psib-psoe.org\/eivissa\/el-psoe-denuncia-una-carrera-professional-de-lajuntament-de-santa-eularia-imposada-i-sense-dialeg\/","name":"El PSOE denuncia una carrera professional de l\u2019Ajuntament de Santa Eul\u00e0ria \u201cimposada i sense di\u00e0leg\u201d - Federaci\u00f3 Socialista d&#039;Eivissa","isPartOf":{"@id":"https:\/\/www.psib-psoe.org\/eivissa\/#website"},"primaryImageOfPage":{"@id":"https:\/\/www.psib-psoe.org\/eivissa\/el-psoe-denuncia-una-carrera-professional-de-lajuntament-de-santa-eularia-imposada-i-sense-dialeg\/#primaryimage"},"image":{"@id":"https:\/\/www.psib-psoe.org\/eivissa\/el-psoe-denuncia-una-carrera-professional-de-lajuntament-de-santa-eularia-imposada-i-sense-dialeg\/#primaryimage"},"thumbnailUrl":"https:\/\/www.psib-psoe.org\/eivissa\/wp-content\/uploads\/Ajuntament-Santa-Eularia-1024x768-1.jpeg","datePublished":"2025-12-04T11:16:24+00:00","breadcrumb":{"@id":"https:\/\/www.psib-psoe.org\/eivissa\/el-psoe-denuncia-una-carrera-professional-de-lajuntament-de-santa-eularia-imposada-i-sense-dialeg\/#breadcrumb"},"inLanguage":"ca","potentialAction":[{"@type":"ReadAction","target":["https:\/\/www.psib-psoe.org\/eivissa\/el-psoe-denuncia-una-carrera-professional-de-lajuntament-de-santa-eularia-imposada-i-sense-dialeg\/"]}]},{"@type":"ImageObject","inLanguage":"ca","@id":"https:\/\/www.psib-psoe.org\/eivissa\/el-psoe-denuncia-una-carrera-professional-de-lajuntament-de-santa-eularia-imposada-i-sense-dialeg\/#primaryimage","url":"https:\/\/www.psib-psoe.org\/eivissa\/wp-content\/uploads\/Ajuntament-Santa-Eularia-1024x768-1.jpeg","contentUrl":"https:\/\/www.psib-psoe.org\/eivissa\/wp-content\/uploads\/Ajuntament-Santa-Eularia-1024x768-1.jpeg","width":1024,"height":768},{"@type":"BreadcrumbList","@id":"https:\/\/www.psib-psoe.org\/eivissa\/el-psoe-denuncia-una-carrera-professional-de-lajuntament-de-santa-eularia-imposada-i-sense-dialeg\/#breadcrumb","itemListElement":[{"@type":"ListItem","position":1,"name":"Inici","item":"https:\/\/www.psib-psoe.org\/eivissa\/"},{"@type":"ListItem","position":2,"name":"El PSOE denuncia una carrera professional de l\u2019Ajuntament de Santa Eul\u00e0ria \u201cimposada i sense di\u00e0leg\u201d"}]},{"@type":"WebSite","@id":"https:\/\/www.psib-psoe.org\/eivissa\/#website","url":"https:\/\/www.psib-psoe.org\/eivissa\/","name":"Federaci\u00f3 Socialista d'Eivissa","description":"Socialistes d&#039;Eivissa","publisher":{"@id":"https:\/\/www.psib-psoe.org\/eivissa\/#organization"},"potentialAction":[{"@type":"SearchAction","target":{"@type":"EntryPoint","urlTemplate":"https:\/\/www.psib-psoe.org\/eivissa\/?s={search_term_string}"},"query-input":{"@type":"PropertyValueSpecification","valueRequired":true,"valueName":"search_term_string"}}],"inLanguage":"ca"},{"@type":"Organization","@id":"https:\/\/www.psib-psoe.org\/eivissa\/#organization","name":"Federaci\u00f3 Socialista d'Eivissa","url":"https:\/\/www.psib-psoe.org\/eivissa\/","logo":{"@type":"ImageObject","inLanguage":"ca","@id":"https:\/\/www.psib-psoe.org\/eivissa\/#\/schema\/logo\/image\/","url":"https:\/\/www.psib-psoe.org\/eivissa\/wp-content\/uploads\/LOGO-FSE-SOCIALISTA-DEIVISSA-HORI.png","contentUrl":"https:\/\/www.psib-psoe.org\/eivissa\/wp-content\/uploads\/LOGO-FSE-SOCIALISTA-DEIVISSA-HORI.png","width":6000,"height":3104,"caption":"Federaci\u00f3 Socialista d'Eivissa"},"image":{"@id":"https:\/\/www.psib-psoe.org\/eivissa\/#\/schema\/logo\/image\/"}},{"@type":"Person","@id":"https:\/\/www.psib-psoe.org\/eivissa\/#\/schema\/person\/099ab3ef73a3645a1d7f303518e6ce24","name":"adminpsib","url":"https:\/\/www.psib-psoe.org\/eivissa\/author\/adminpsib\/"}]}},"_links":{"self":[{"href":"https:\/\/www.psib-psoe.org\/eivissa\/wp-json\/wp\/v2\/posts\/41619","targetHints":{"allow":["GET"]}}],"collection":[{"href":"https:\/\/www.psib-psoe.org\/eivissa\/wp-json\/wp\/v2\/posts"}],"about":[{"href":"https:\/\/www.psib-psoe.org\/eivissa\/wp-json\/wp\/v2\/types\/post"}],"author":[{"embeddable":true,"href":"https:\/\/www.psib-psoe.org\/eivissa\/wp-json\/wp\/v2\/users\/1"}],"replies":[{"embeddable":true,"href":"https:\/\/www.psib-psoe.org\/eivissa\/wp-json\/wp\/v2\/comments?post=41619"}],"version-history":[{"count":1,"href":"https:\/\/www.psib-psoe.org\/eivissa\/wp-json\/wp\/v2\/posts\/41619\/revisions"}],"predecessor-version":[{"id":41620,"href":"https:\/\/www.psib-psoe.org\/eivissa\/wp-json\/wp\/v2\/posts\/41619\/revisions\/41620"}],"wp:featuredmedia":[{"embeddable":true,"href":"https:\/\/www.psib-psoe.org\/eivissa\/wp-json\/wp\/v2\/media\/38552"}],"wp:attachment":[{"href":"https:\/\/www.psib-psoe.org\/eivissa\/wp-json\/wp\/v2\/media?parent=41619"}],"wp:term":[{"taxonomy":"category","embeddable":true,"href":"https:\/\/www.psib-psoe.org\/eivissa\/wp-json\/wp\/v2\/categories?post=41619"},{"taxonomy":"post_tag","embeddable":true,"href":"https:\/\/www.psib-psoe.org\/eivissa\/wp-json\/wp\/v2\/tags?post=41619"}],"curies":[{"name":"wp","href":"https:\/\/api.w.org\/{rel}","templated":true}]}}