{"id":41621,"date":"2025-12-04T14:57:40","date_gmt":"2025-12-04T12:57:40","guid":{"rendered":"https:\/\/www.psib-psoe.org\/eivissa\/?p=41621"},"modified":"2025-12-04T14:57:40","modified_gmt":"2025-12-04T12:57:40","slug":"vicent-mari-duplica-la-despesa-del-consell-insular-en-autobombo-arribant-als-850-000-euros-es-una-vergonya-declara-elena-lopez-bonet","status":"publish","type":"post","link":"https:\/\/www.psib-psoe.org\/eivissa\/vicent-mari-duplica-la-despesa-del-consell-insular-en-autobombo-arribant-als-850-000-euros-es-una-vergonya-declara-elena-lopez-bonet\/","title":{"rendered":"Vicent Mar\u00ed duplica la despesa del Consell Insular en \u201cautobombo\u201d, arribant als 850.000 euros. \u201c\u00c9s una vergonya\u201d, declara Elena L\u00f3pez Bonet"},"content":{"rendered":"\n<p>La portaveu del Grup Socialista al Consell d\u2019Eivissa, Elena L\u00f3pez Bonet, ha denunciat avui que l\u2019equip de govern de Vicent Mar\u00ed ha duplicat la despesa en publicitat institucional fins a arribar als 850.000 euros, una xifra que contrasta amb els 430.000 euros de l\u2019any 2019. \u201cEn nom\u00e9s uns anys, Vicent Mar\u00ed ha convertit la comunicaci\u00f3 institucional en una maquin\u00e0ria d\u2019autopromoci\u00f3\u201d, ha criticat Elena L\u00f3pez Bonet.<\/p>\n\n\n\n<p>A m\u00e9s de l\u2019augment pressupostari, la portaveu socialista ha assenyalat que el Consell Insular ha passat de 2 a 6 treballadors dedicats exclusivament a funcions de comunicaci\u00f3 i propaganda institucional. \u201cHan triplicat el personal dedicat a fer propaganda, en lloc de refor\u00e7ar els serveis p\u00fablics que realment necessita la nostra illa\u201d, ha criticat la portaveu socialista.<\/p>\n\n\n\n<p>Elena L\u00f3pez Bonet denuncia que aquest increment de recursos, tant econ\u00f2mics com humans, respon \u00fanicament a l\u2019objectiu de sostenir la propaganda de Vicent Mar\u00ed i \u201ctapar la seua par\u00e0lisi i falta d\u2019actuaci\u00f3 per resoldre els problemes de la nostra illa\u201d.<\/p>\n\n\n\n<p>\u201cEns pareix una vergonya, perqu\u00e8 a m\u00e9s, si mires cap a on van aquestos sous, es veu clarament que m\u00e9s de la meitat es dirigeixen a un determinat grup de comunicaci\u00f3 que, al cap i a la fi, \u00e9s qui li fa tota aquesta propaganda, tot aquest autobombo, tota aquesta parafern\u00e0lia. Ens pareix una aut\u00e8ntica vergonya, perqu\u00e8 els sous p\u00fablics s\u2019han d\u2019utilitzar per fer funcionar la instituci\u00f3, no per al seu propi benefici personal i del Partit Popular\u201d, ha denunciat la portaveu del PSOE.<\/p>\n","protected":false},"excerpt":{"rendered":"<p>La portaveu del Grup Socialista al Consell d\u2019Eivissa, Elena L\u00f3pez Bonet, ha denunciat avui que l\u2019equip de govern de Vicent Mar\u00ed ha duplicat la despesa en publicitat institucional fins a arribar als 850.000 euros, una xifra que contrasta amb els 430.000 euros de l\u2019any 2019. \u201cEn nom\u00e9s uns anys, Vicent Mar\u00ed ha convertit la comunicaci\u00f3&hellip;<\/p>\n","protected":false},"author":1,"featured_media":31714,"comment_status":"closed","ping_status":"closed","sticky":false,"template":"","format":"standard","meta":{"footnotes":""},"categories":[192,1],"tags":[],"class_list":["post-41621","post","type-post","status-publish","format-standard","has-post-thumbnail","hentry","category-consell-deivissa","category-federacio-de-eivissa-portada"],"yoast_head":"<!-- This site is optimized with the Yoast SEO plugin v26.9 - https:\/\/yoast.com\/product\/yoast-seo-wordpress\/ -->\n<title>Vicent Mar\u00ed duplica la despesa del Consell Insular en \u201cautobombo\u201d, arribant als 850.000 euros. \u201c\u00c9s una vergonya\u201d, declara Elena L\u00f3pez Bonet - Federaci\u00f3 Socialista d&#039;Eivissa<\/title>\n<meta name=\"robots\" content=\"index, follow, max-snippet:-1, max-image-preview:large, max-video-preview:-1\" \/>\n<link rel=\"canonical\" href=\"https:\/\/www.psib-psoe.org\/eivissa\/vicent-mari-duplica-la-despesa-del-consell-insular-en-autobombo-arribant-als-850-000-euros-es-una-vergonya-declara-elena-lopez-bonet\/\" \/>\n<meta property=\"og:locale\" content=\"ca_ES\" \/>\n<meta property=\"og:type\" content=\"article\" \/>\n<meta property=\"og:title\" content=\"Vicent Mar\u00ed duplica la despesa del Consell Insular en \u201cautobombo\u201d, arribant als 850.000 euros. \u201c\u00c9s una vergonya\u201d, declara Elena L\u00f3pez Bonet - Federaci\u00f3 Socialista d&#039;Eivissa\" \/>\n<meta property=\"og:description\" content=\"La portaveu del Grup Socialista al Consell d\u2019Eivissa, Elena L\u00f3pez Bonet, ha denunciat avui que l\u2019equip de govern de Vicent Mar\u00ed ha duplicat la despesa en publicitat institucional fins a arribar als 850.000 euros, una xifra que contrasta amb els 430.000 euros de l\u2019any 2019. \u201cEn nom\u00e9s uns anys, Vicent Mar\u00ed ha convertit la comunicaci\u00f3&hellip;\" \/>\n<meta property=\"og:url\" content=\"https:\/\/www.psib-psoe.org\/eivissa\/vicent-mari-duplica-la-despesa-del-consell-insular-en-autobombo-arribant-als-850-000-euros-es-una-vergonya-declara-elena-lopez-bonet\/\" \/>\n<meta property=\"og:site_name\" content=\"Federaci\u00f3 Socialista d&#039;Eivissa\" \/>\n<meta property=\"article:published_time\" content=\"2025-12-04T12:57:40+00:00\" \/>\n<meta property=\"og:image\" content=\"https:\/\/www.psib-psoe.org\/eivissa\/wp-content\/uploads\/foto-edifici-consell-transparencia.jpg\" \/>\n\t<meta property=\"og:image:width\" content=\"746\" \/>\n\t<meta property=\"og:image:height\" content=\"381\" \/>\n\t<meta property=\"og:image:type\" content=\"image\/jpeg\" \/>\n<meta name=\"author\" content=\"adminpsib\" \/>\n<meta name=\"twitter:card\" content=\"summary_large_image\" \/>\n<meta name=\"twitter:label1\" content=\"Escrit per\" \/>\n\t<meta name=\"twitter:data1\" content=\"adminpsib\" \/>\n\t<meta name=\"twitter:label2\" content=\"Temps estimat de lectura\" \/>\n\t<meta name=\"twitter:data2\" content=\"1 minut\" \/>\n<script type=\"application\/ld+json\" class=\"yoast-schema-graph\">{\"@context\":\"https:\/\/schema.org\",\"@graph\":[{\"@type\":[\"Article\",\"BlogPosting\"],\"@id\":\"https:\/\/www.psib-psoe.org\/eivissa\/vicent-mari-duplica-la-despesa-del-consell-insular-en-autobombo-arribant-als-850-000-euros-es-una-vergonya-declara-elena-lopez-bonet\/#article\",\"isPartOf\":{\"@id\":\"https:\/\/www.psib-psoe.org\/eivissa\/vicent-mari-duplica-la-despesa-del-consell-insular-en-autobombo-arribant-als-850-000-euros-es-una-vergonya-declara-elena-lopez-bonet\/\"},\"author\":{\"name\":\"adminpsib\",\"@id\":\"https:\/\/www.psib-psoe.org\/eivissa\/#\/schema\/person\/099ab3ef73a3645a1d7f303518e6ce24\"},\"headline\":\"Vicent Mar\u00ed duplica la despesa del Consell Insular en \u201cautobombo\u201d, arribant als 850.000 euros. \u201c\u00c9s una vergonya\u201d, declara Elena L\u00f3pez Bonet\",\"datePublished\":\"2025-12-04T12:57:40+00:00\",\"mainEntityOfPage\":{\"@id\":\"https:\/\/www.psib-psoe.org\/eivissa\/vicent-mari-duplica-la-despesa-del-consell-insular-en-autobombo-arribant-als-850-000-euros-es-una-vergonya-declara-elena-lopez-bonet\/\"},\"wordCount\":285,\"publisher\":{\"@id\":\"https:\/\/www.psib-psoe.org\/eivissa\/#organization\"},\"image\":{\"@id\":\"https:\/\/www.psib-psoe.org\/eivissa\/vicent-mari-duplica-la-despesa-del-consell-insular-en-autobombo-arribant-als-850-000-euros-es-una-vergonya-declara-elena-lopez-bonet\/#primaryimage\"},\"thumbnailUrl\":\"https:\/\/www.psib-psoe.org\/eivissa\/wp-content\/uploads\/foto-edifici-consell-transparencia.jpg\",\"articleSection\":[\"Consell d'Eivissa\",\"Federaci\u00f3 d'Eivissa - Portada\"],\"inLanguage\":\"ca\"},{\"@type\":\"WebPage\",\"@id\":\"https:\/\/www.psib-psoe.org\/eivissa\/vicent-mari-duplica-la-despesa-del-consell-insular-en-autobombo-arribant-als-850-000-euros-es-una-vergonya-declara-elena-lopez-bonet\/\",\"url\":\"https:\/\/www.psib-psoe.org\/eivissa\/vicent-mari-duplica-la-despesa-del-consell-insular-en-autobombo-arribant-als-850-000-euros-es-una-vergonya-declara-elena-lopez-bonet\/\",\"name\":\"Vicent Mar\u00ed duplica la despesa del Consell Insular en \u201cautobombo\u201d, arribant als 850.000 euros. \u201c\u00c9s una vergonya\u201d, declara Elena L\u00f3pez Bonet - Federaci\u00f3 Socialista d&#039;Eivissa\",\"isPartOf\":{\"@id\":\"https:\/\/www.psib-psoe.org\/eivissa\/#website\"},\"primaryImageOfPage\":{\"@id\":\"https:\/\/www.psib-psoe.org\/eivissa\/vicent-mari-duplica-la-despesa-del-consell-insular-en-autobombo-arribant-als-850-000-euros-es-una-vergonya-declara-elena-lopez-bonet\/#primaryimage\"},\"image\":{\"@id\":\"https:\/\/www.psib-psoe.org\/eivissa\/vicent-mari-duplica-la-despesa-del-consell-insular-en-autobombo-arribant-als-850-000-euros-es-una-vergonya-declara-elena-lopez-bonet\/#primaryimage\"},\"thumbnailUrl\":\"https:\/\/www.psib-psoe.org\/eivissa\/wp-content\/uploads\/foto-edifici-consell-transparencia.jpg\",\"datePublished\":\"2025-12-04T12:57:40+00:00\",\"breadcrumb\":{\"@id\":\"https:\/\/www.psib-psoe.org\/eivissa\/vicent-mari-duplica-la-despesa-del-consell-insular-en-autobombo-arribant-als-850-000-euros-es-una-vergonya-declara-elena-lopez-bonet\/#breadcrumb\"},\"inLanguage\":\"ca\",\"potentialAction\":[{\"@type\":\"ReadAction\",\"target\":[\"https:\/\/www.psib-psoe.org\/eivissa\/vicent-mari-duplica-la-despesa-del-consell-insular-en-autobombo-arribant-als-850-000-euros-es-una-vergonya-declara-elena-lopez-bonet\/\"]}]},{\"@type\":\"ImageObject\",\"inLanguage\":\"ca\",\"@id\":\"https:\/\/www.psib-psoe.org\/eivissa\/vicent-mari-duplica-la-despesa-del-consell-insular-en-autobombo-arribant-als-850-000-euros-es-una-vergonya-declara-elena-lopez-bonet\/#primaryimage\",\"url\":\"https:\/\/www.psib-psoe.org\/eivissa\/wp-content\/uploads\/foto-edifici-consell-transparencia.jpg\",\"contentUrl\":\"https:\/\/www.psib-psoe.org\/eivissa\/wp-content\/uploads\/foto-edifici-consell-transparencia.jpg\",\"width\":746,\"height\":381},{\"@type\":\"BreadcrumbList\",\"@id\":\"https:\/\/www.psib-psoe.org\/eivissa\/vicent-mari-duplica-la-despesa-del-consell-insular-en-autobombo-arribant-als-850-000-euros-es-una-vergonya-declara-elena-lopez-bonet\/#breadcrumb\",\"itemListElement\":[{\"@type\":\"ListItem\",\"position\":1,\"name\":\"Inici\",\"item\":\"https:\/\/www.psib-psoe.org\/eivissa\/\"},{\"@type\":\"ListItem\",\"position\":2,\"name\":\"Vicent Mar\u00ed duplica la despesa del Consell Insular en \u201cautobombo\u201d, arribant als 850.000 euros. \u201c\u00c9s una vergonya\u201d, declara Elena L\u00f3pez Bonet\"}]},{\"@type\":\"WebSite\",\"@id\":\"https:\/\/www.psib-psoe.org\/eivissa\/#website\",\"url\":\"https:\/\/www.psib-psoe.org\/eivissa\/\",\"name\":\"Federaci\u00f3 Socialista d'Eivissa\",\"description\":\"Socialistes d&#039;Eivissa\",\"publisher\":{\"@id\":\"https:\/\/www.psib-psoe.org\/eivissa\/#organization\"},\"potentialAction\":[{\"@type\":\"SearchAction\",\"target\":{\"@type\":\"EntryPoint\",\"urlTemplate\":\"https:\/\/www.psib-psoe.org\/eivissa\/?s={search_term_string}\"},\"query-input\":{\"@type\":\"PropertyValueSpecification\",\"valueRequired\":true,\"valueName\":\"search_term_string\"}}],\"inLanguage\":\"ca\"},{\"@type\":\"Organization\",\"@id\":\"https:\/\/www.psib-psoe.org\/eivissa\/#organization\",\"name\":\"Federaci\u00f3 Socialista d'Eivissa\",\"url\":\"https:\/\/www.psib-psoe.org\/eivissa\/\",\"logo\":{\"@type\":\"ImageObject\",\"inLanguage\":\"ca\",\"@id\":\"https:\/\/www.psib-psoe.org\/eivissa\/#\/schema\/logo\/image\/\",\"url\":\"https:\/\/www.psib-psoe.org\/eivissa\/wp-content\/uploads\/LOGO-FSE-SOCIALISTA-DEIVISSA-HORI.png\",\"contentUrl\":\"https:\/\/www.psib-psoe.org\/eivissa\/wp-content\/uploads\/LOGO-FSE-SOCIALISTA-DEIVISSA-HORI.png\",\"width\":6000,\"height\":3104,\"caption\":\"Federaci\u00f3 Socialista d'Eivissa\"},\"image\":{\"@id\":\"https:\/\/www.psib-psoe.org\/eivissa\/#\/schema\/logo\/image\/\"}},{\"@type\":\"Person\",\"@id\":\"https:\/\/www.psib-psoe.org\/eivissa\/#\/schema\/person\/099ab3ef73a3645a1d7f303518e6ce24\",\"name\":\"adminpsib\",\"url\":\"https:\/\/www.psib-psoe.org\/eivissa\/author\/adminpsib\/\"}]}<\/script>\n<!-- \/ Yoast SEO plugin. -->","yoast_head_json":{"title":"Vicent Mar\u00ed duplica la despesa del Consell Insular en \u201cautobombo\u201d, arribant als 850.000 euros. \u201c\u00c9s una vergonya\u201d, declara Elena L\u00f3pez Bonet - Federaci\u00f3 Socialista d&#039;Eivissa","robots":{"index":"index","follow":"follow","max-snippet":"max-snippet:-1","max-image-preview":"max-image-preview:large","max-video-preview":"max-video-preview:-1"},"canonical":"https:\/\/www.psib-psoe.org\/eivissa\/vicent-mari-duplica-la-despesa-del-consell-insular-en-autobombo-arribant-als-850-000-euros-es-una-vergonya-declara-elena-lopez-bonet\/","og_locale":"ca_ES","og_type":"article","og_title":"Vicent Mar\u00ed duplica la despesa del Consell Insular en \u201cautobombo\u201d, arribant als 850.000 euros. \u201c\u00c9s una vergonya\u201d, declara Elena L\u00f3pez Bonet - Federaci\u00f3 Socialista d&#039;Eivissa","og_description":"La portaveu del Grup Socialista al Consell d\u2019Eivissa, Elena L\u00f3pez Bonet, ha denunciat avui que l\u2019equip de govern de Vicent Mar\u00ed ha duplicat la despesa en publicitat institucional fins a arribar als 850.000 euros, una xifra que contrasta amb els 430.000 euros de l\u2019any 2019. \u201cEn nom\u00e9s uns anys, Vicent Mar\u00ed ha convertit la comunicaci\u00f3&hellip;","og_url":"https:\/\/www.psib-psoe.org\/eivissa\/vicent-mari-duplica-la-despesa-del-consell-insular-en-autobombo-arribant-als-850-000-euros-es-una-vergonya-declara-elena-lopez-bonet\/","og_site_name":"Federaci\u00f3 Socialista d&#039;Eivissa","article_published_time":"2025-12-04T12:57:40+00:00","og_image":[{"width":746,"height":381,"url":"https:\/\/www.psib-psoe.org\/eivissa\/wp-content\/uploads\/foto-edifici-consell-transparencia.jpg","type":"image\/jpeg"}],"author":"adminpsib","twitter_card":"summary_large_image","twitter_misc":{"Escrit per":"adminpsib","Temps estimat de lectura":"1 minut"},"schema":{"@context":"https:\/\/schema.org","@graph":[{"@type":["Article","BlogPosting"],"@id":"https:\/\/www.psib-psoe.org\/eivissa\/vicent-mari-duplica-la-despesa-del-consell-insular-en-autobombo-arribant-als-850-000-euros-es-una-vergonya-declara-elena-lopez-bonet\/#article","isPartOf":{"@id":"https:\/\/www.psib-psoe.org\/eivissa\/vicent-mari-duplica-la-despesa-del-consell-insular-en-autobombo-arribant-als-850-000-euros-es-una-vergonya-declara-elena-lopez-bonet\/"},"author":{"name":"adminpsib","@id":"https:\/\/www.psib-psoe.org\/eivissa\/#\/schema\/person\/099ab3ef73a3645a1d7f303518e6ce24"},"headline":"Vicent Mar\u00ed duplica la despesa del Consell Insular en \u201cautobombo\u201d, arribant als 850.000 euros. \u201c\u00c9s una vergonya\u201d, declara Elena L\u00f3pez Bonet","datePublished":"2025-12-04T12:57:40+00:00","mainEntityOfPage":{"@id":"https:\/\/www.psib-psoe.org\/eivissa\/vicent-mari-duplica-la-despesa-del-consell-insular-en-autobombo-arribant-als-850-000-euros-es-una-vergonya-declara-elena-lopez-bonet\/"},"wordCount":285,"publisher":{"@id":"https:\/\/www.psib-psoe.org\/eivissa\/#organization"},"image":{"@id":"https:\/\/www.psib-psoe.org\/eivissa\/vicent-mari-duplica-la-despesa-del-consell-insular-en-autobombo-arribant-als-850-000-euros-es-una-vergonya-declara-elena-lopez-bonet\/#primaryimage"},"thumbnailUrl":"https:\/\/www.psib-psoe.org\/eivissa\/wp-content\/uploads\/foto-edifici-consell-transparencia.jpg","articleSection":["Consell d'Eivissa","Federaci\u00f3 d'Eivissa - Portada"],"inLanguage":"ca"},{"@type":"WebPage","@id":"https:\/\/www.psib-psoe.org\/eivissa\/vicent-mari-duplica-la-despesa-del-consell-insular-en-autobombo-arribant-als-850-000-euros-es-una-vergonya-declara-elena-lopez-bonet\/","url":"https:\/\/www.psib-psoe.org\/eivissa\/vicent-mari-duplica-la-despesa-del-consell-insular-en-autobombo-arribant-als-850-000-euros-es-una-vergonya-declara-elena-lopez-bonet\/","name":"Vicent Mar\u00ed duplica la despesa del Consell Insular en \u201cautobombo\u201d, arribant als 850.000 euros. \u201c\u00c9s una vergonya\u201d, declara Elena L\u00f3pez Bonet - Federaci\u00f3 Socialista d&#039;Eivissa","isPartOf":{"@id":"https:\/\/www.psib-psoe.org\/eivissa\/#website"},"primaryImageOfPage":{"@id":"https:\/\/www.psib-psoe.org\/eivissa\/vicent-mari-duplica-la-despesa-del-consell-insular-en-autobombo-arribant-als-850-000-euros-es-una-vergonya-declara-elena-lopez-bonet\/#primaryimage"},"image":{"@id":"https:\/\/www.psib-psoe.org\/eivissa\/vicent-mari-duplica-la-despesa-del-consell-insular-en-autobombo-arribant-als-850-000-euros-es-una-vergonya-declara-elena-lopez-bonet\/#primaryimage"},"thumbnailUrl":"https:\/\/www.psib-psoe.org\/eivissa\/wp-content\/uploads\/foto-edifici-consell-transparencia.jpg","datePublished":"2025-12-04T12:57:40+00:00","breadcrumb":{"@id":"https:\/\/www.psib-psoe.org\/eivissa\/vicent-mari-duplica-la-despesa-del-consell-insular-en-autobombo-arribant-als-850-000-euros-es-una-vergonya-declara-elena-lopez-bonet\/#breadcrumb"},"inLanguage":"ca","potentialAction":[{"@type":"ReadAction","target":["https:\/\/www.psib-psoe.org\/eivissa\/vicent-mari-duplica-la-despesa-del-consell-insular-en-autobombo-arribant-als-850-000-euros-es-una-vergonya-declara-elena-lopez-bonet\/"]}]},{"@type":"ImageObject","inLanguage":"ca","@id":"https:\/\/www.psib-psoe.org\/eivissa\/vicent-mari-duplica-la-despesa-del-consell-insular-en-autobombo-arribant-als-850-000-euros-es-una-vergonya-declara-elena-lopez-bonet\/#primaryimage","url":"https:\/\/www.psib-psoe.org\/eivissa\/wp-content\/uploads\/foto-edifici-consell-transparencia.jpg","contentUrl":"https:\/\/www.psib-psoe.org\/eivissa\/wp-content\/uploads\/foto-edifici-consell-transparencia.jpg","width":746,"height":381},{"@type":"BreadcrumbList","@id":"https:\/\/www.psib-psoe.org\/eivissa\/vicent-mari-duplica-la-despesa-del-consell-insular-en-autobombo-arribant-als-850-000-euros-es-una-vergonya-declara-elena-lopez-bonet\/#breadcrumb","itemListElement":[{"@type":"ListItem","position":1,"name":"Inici","item":"https:\/\/www.psib-psoe.org\/eivissa\/"},{"@type":"ListItem","position":2,"name":"Vicent Mar\u00ed duplica la despesa del Consell Insular en \u201cautobombo\u201d, arribant als 850.000 euros. \u201c\u00c9s una vergonya\u201d, declara Elena L\u00f3pez Bonet"}]},{"@type":"WebSite","@id":"https:\/\/www.psib-psoe.org\/eivissa\/#website","url":"https:\/\/www.psib-psoe.org\/eivissa\/","name":"Federaci\u00f3 Socialista d'Eivissa","description":"Socialistes d&#039;Eivissa","publisher":{"@id":"https:\/\/www.psib-psoe.org\/eivissa\/#organization"},"potentialAction":[{"@type":"SearchAction","target":{"@type":"EntryPoint","urlTemplate":"https:\/\/www.psib-psoe.org\/eivissa\/?s={search_term_string}"},"query-input":{"@type":"PropertyValueSpecification","valueRequired":true,"valueName":"search_term_string"}}],"inLanguage":"ca"},{"@type":"Organization","@id":"https:\/\/www.psib-psoe.org\/eivissa\/#organization","name":"Federaci\u00f3 Socialista d'Eivissa","url":"https:\/\/www.psib-psoe.org\/eivissa\/","logo":{"@type":"ImageObject","inLanguage":"ca","@id":"https:\/\/www.psib-psoe.org\/eivissa\/#\/schema\/logo\/image\/","url":"https:\/\/www.psib-psoe.org\/eivissa\/wp-content\/uploads\/LOGO-FSE-SOCIALISTA-DEIVISSA-HORI.png","contentUrl":"https:\/\/www.psib-psoe.org\/eivissa\/wp-content\/uploads\/LOGO-FSE-SOCIALISTA-DEIVISSA-HORI.png","width":6000,"height":3104,"caption":"Federaci\u00f3 Socialista d'Eivissa"},"image":{"@id":"https:\/\/www.psib-psoe.org\/eivissa\/#\/schema\/logo\/image\/"}},{"@type":"Person","@id":"https:\/\/www.psib-psoe.org\/eivissa\/#\/schema\/person\/099ab3ef73a3645a1d7f303518e6ce24","name":"adminpsib","url":"https:\/\/www.psib-psoe.org\/eivissa\/author\/adminpsib\/"}]}},"_links":{"self":[{"href":"https:\/\/www.psib-psoe.org\/eivissa\/wp-json\/wp\/v2\/posts\/41621","targetHints":{"allow":["GET"]}}],"collection":[{"href":"https:\/\/www.psib-psoe.org\/eivissa\/wp-json\/wp\/v2\/posts"}],"about":[{"href":"https:\/\/www.psib-psoe.org\/eivissa\/wp-json\/wp\/v2\/types\/post"}],"author":[{"embeddable":true,"href":"https:\/\/www.psib-psoe.org\/eivissa\/wp-json\/wp\/v2\/users\/1"}],"replies":[{"embeddable":true,"href":"https:\/\/www.psib-psoe.org\/eivissa\/wp-json\/wp\/v2\/comments?post=41621"}],"version-history":[{"count":1,"href":"https:\/\/www.psib-psoe.org\/eivissa\/wp-json\/wp\/v2\/posts\/41621\/revisions"}],"predecessor-version":[{"id":41622,"href":"https:\/\/www.psib-psoe.org\/eivissa\/wp-json\/wp\/v2\/posts\/41621\/revisions\/41622"}],"wp:featuredmedia":[{"embeddable":true,"href":"https:\/\/www.psib-psoe.org\/eivissa\/wp-json\/wp\/v2\/media\/31714"}],"wp:attachment":[{"href":"https:\/\/www.psib-psoe.org\/eivissa\/wp-json\/wp\/v2\/media?parent=41621"}],"wp:term":[{"taxonomy":"category","embeddable":true,"href":"https:\/\/www.psib-psoe.org\/eivissa\/wp-json\/wp\/v2\/categories?post=41621"},{"taxonomy":"post_tag","embeddable":true,"href":"https:\/\/www.psib-psoe.org\/eivissa\/wp-json\/wp\/v2\/tags?post=41621"}],"curies":[{"name":"wp","href":"https:\/\/api.w.org\/{rel}","templated":true}]}}