{"id":41623,"date":"2025-12-05T14:21:37","date_gmt":"2025-12-05T12:21:37","guid":{"rendered":"https:\/\/www.psib-psoe.org\/eivissa\/?p=41623"},"modified":"2025-12-05T14:21:37","modified_gmt":"2025-12-05T12:21:37","slug":"el-psoe-denuncia-la-inaccio-de-vicent-mari-davant-el-caos-permanent-de-la-itv","status":"publish","type":"post","link":"https:\/\/www.psib-psoe.org\/eivissa\/el-psoe-denuncia-la-inaccio-de-vicent-mari-davant-el-caos-permanent-de-la-itv\/","title":{"rendered":"El PSOE denuncia la inacci\u00f3 de Vicent Mar\u00ed davant el caos permanent de la ITV"},"content":{"rendered":"<p>El Grup PSOE del Consell Insular d\u2019Eivissa ha denunciat avui que, quatre mesos despr\u00e9s de destapar-se la trama de manipulaci\u00f3 del sistema de cites de la ITV, la situaci\u00f3 continua exactament igual i sense que el govern de Vicent Mar\u00ed hagi adoptat mesures efectives per posar-hi fi. El PSOE exigeix que el Consell Insular d\u2019Eivissa expliqui quines accions ha adoptat durant aquests quatre mesos i activi un pla urgent per acabar amb la manipulaci\u00f3 del sistema de cites i garantir l\u2019acc\u00e9s equitatiu a la ITV per a tota la ciutadania.<\/p>\n<p>Al setembre es va fer p\u00fablic que un \u201caconseguidor\u201d estava bloquejant cites per despr\u00e9s revendre-les a 150 euros, permetent passar la revisi\u00f3 en nom\u00e9s 48 hores. Mentrestant, els usuaris que intenten obtenir cita de manera legal es veuen for\u00e7ats a esperar m\u00e9s de quatre mesos i mig. Segons dades conegudes durant aquest per\u00edode, hi ha hagut prop de 700 cites bloquejades.<\/p>\n<p>El conseller socialista V\u00edctor Torres ha criticat la falta d\u2019actuaci\u00f3 del Consell Insular de Vicent Mar\u00ed: \u201cFa quatre mesos que el Consell va prometre mesures contundents, per\u00f2 el problema no nom\u00e9s no s\u2019ha resolt, sin\u00f3 que s\u2019ha agreujat. Les llistes continuen creixent i l\u2019\u2018aconseguidor\u2019 continua fent negoci a costa dels usuaris. \u00c9s una situaci\u00f3 intolerable i una mostra clara de descontrol i deixadesa\u201d.<\/p>\n<p>Torres ha recordat que, des que el Partit Popular governa el Consell des de fa gaireb\u00e9 set anys, el caos a la ITV continua sense una resposta efectiva, mentre que l\u2019equip de Vicent Mar\u00ed \u201cha triat la via de l\u2019externalitzaci\u00f3 i la privatitzaci\u00f3 en lloc d\u2019assumir la responsabilitat de garantir un servei p\u00fablic eficient\u201d.<\/p>\n<p>\u201cEls ciutadans i ciutadanes d\u2019Eivissa mereixen de servei p\u00fablic, de qualitat, sense llistes d\u2019espera interminables i sense haver de pagar 150 euros per aconseguir una cita.&#8221; <\/p>\n<p>\u201cEn Vicent Mar\u00ed i el seu conseller de Mobilitat, Mariano Juan, han de deixar d\u2019amagar-se rere excuses i afrontar d\u2019una vegada per totes aquesta situaci\u00f3. Cal que despleguin tots els recursos i adoptin totes les mesures necess\u00e0ries per erradicar definitivament la trama de cites il\u00b7legals, posar fi a les interminables llistes d\u2019espera i iniciar, tal com van prometre el 2019, la construcci\u00f3 de la segona ITV fixa\u201d, ha concl\u00f2s Torres.<\/p>\n","protected":false},"excerpt":{"rendered":"<p>El Grup PSOE del Consell Insular d\u2019Eivissa ha denunciat avui que, quatre mesos despr\u00e9s de destapar-se la trama de manipulaci\u00f3 del sistema de cites de la ITV, la situaci\u00f3 continua exactament igual i sense que el govern de Vicent Mar\u00ed hagi adoptat mesures efectives per posar-hi fi. El PSOE exigeix que el Consell Insular d\u2019Eivissa&hellip;<\/p>\n","protected":false},"author":1,"featured_media":41221,"comment_status":"closed","ping_status":"closed","sticky":false,"template":"","format":"standard","meta":{"footnotes":""},"categories":[192,1],"tags":[],"class_list":["post-41623","post","type-post","status-publish","format-standard","has-post-thumbnail","hentry","category-consell-deivissa","category-federacio-de-eivissa-portada"],"yoast_head":"<!-- This site is optimized with the Yoast SEO plugin v26.9 - https:\/\/yoast.com\/product\/yoast-seo-wordpress\/ -->\n<title>El PSOE denuncia la inacci\u00f3 de Vicent Mar\u00ed davant el caos permanent de la ITV - Federaci\u00f3 Socialista d&#039;Eivissa<\/title>\n<meta name=\"robots\" content=\"index, follow, max-snippet:-1, max-image-preview:large, max-video-preview:-1\" \/>\n<link rel=\"canonical\" href=\"https:\/\/www.psib-psoe.org\/eivissa\/el-psoe-denuncia-la-inaccio-de-vicent-mari-davant-el-caos-permanent-de-la-itv\/\" \/>\n<meta property=\"og:locale\" content=\"ca_ES\" \/>\n<meta property=\"og:type\" content=\"article\" \/>\n<meta property=\"og:title\" content=\"El PSOE denuncia la inacci\u00f3 de Vicent Mar\u00ed davant el caos permanent de la ITV - Federaci\u00f3 Socialista d&#039;Eivissa\" \/>\n<meta property=\"og:description\" content=\"El Grup PSOE del Consell Insular d\u2019Eivissa ha denunciat avui que, quatre mesos despr\u00e9s de destapar-se la trama de manipulaci\u00f3 del sistema de cites de la ITV, la situaci\u00f3 continua exactament igual i sense que el govern de Vicent Mar\u00ed hagi adoptat mesures efectives per posar-hi fi. El PSOE exigeix que el Consell Insular d\u2019Eivissa&hellip;\" \/>\n<meta property=\"og:url\" content=\"https:\/\/www.psib-psoe.org\/eivissa\/el-psoe-denuncia-la-inaccio-de-vicent-mari-davant-el-caos-permanent-de-la-itv\/\" \/>\n<meta property=\"og:site_name\" content=\"Federaci\u00f3 Socialista d&#039;Eivissa\" \/>\n<meta property=\"article:published_time\" content=\"2025-12-05T12:21:37+00:00\" \/>\n<meta property=\"og:image\" content=\"https:\/\/www.psib-psoe.org\/eivissa\/wp-content\/uploads\/ITV-mobil-scaled.jpg\" \/>\n\t<meta property=\"og:image:width\" content=\"2560\" \/>\n\t<meta property=\"og:image:height\" content=\"1547\" \/>\n\t<meta property=\"og:image:type\" content=\"image\/jpeg\" \/>\n<meta name=\"author\" content=\"adminpsib\" \/>\n<meta name=\"twitter:card\" content=\"summary_large_image\" \/>\n<meta name=\"twitter:label1\" content=\"Escrit per\" \/>\n\t<meta name=\"twitter:data1\" content=\"adminpsib\" \/>\n\t<meta name=\"twitter:label2\" content=\"Temps estimat de lectura\" \/>\n\t<meta name=\"twitter:data2\" content=\"2 minuts\" \/>\n<script type=\"application\/ld+json\" class=\"yoast-schema-graph\">{\"@context\":\"https:\/\/schema.org\",\"@graph\":[{\"@type\":[\"Article\",\"BlogPosting\"],\"@id\":\"https:\/\/www.psib-psoe.org\/eivissa\/el-psoe-denuncia-la-inaccio-de-vicent-mari-davant-el-caos-permanent-de-la-itv\/#article\",\"isPartOf\":{\"@id\":\"https:\/\/www.psib-psoe.org\/eivissa\/el-psoe-denuncia-la-inaccio-de-vicent-mari-davant-el-caos-permanent-de-la-itv\/\"},\"author\":{\"name\":\"adminpsib\",\"@id\":\"https:\/\/www.psib-psoe.org\/eivissa\/#\/schema\/person\/099ab3ef73a3645a1d7f303518e6ce24\"},\"headline\":\"El PSOE denuncia la inacci\u00f3 de Vicent Mar\u00ed davant el caos permanent de la ITV\",\"datePublished\":\"2025-12-05T12:21:37+00:00\",\"mainEntityOfPage\":{\"@id\":\"https:\/\/www.psib-psoe.org\/eivissa\/el-psoe-denuncia-la-inaccio-de-vicent-mari-davant-el-caos-permanent-de-la-itv\/\"},\"wordCount\":404,\"publisher\":{\"@id\":\"https:\/\/www.psib-psoe.org\/eivissa\/#organization\"},\"image\":{\"@id\":\"https:\/\/www.psib-psoe.org\/eivissa\/el-psoe-denuncia-la-inaccio-de-vicent-mari-davant-el-caos-permanent-de-la-itv\/#primaryimage\"},\"thumbnailUrl\":\"https:\/\/www.psib-psoe.org\/eivissa\/wp-content\/uploads\/ITV-mobil-scaled.jpg\",\"articleSection\":[\"Consell d'Eivissa\",\"Federaci\u00f3 d'Eivissa - Portada\"],\"inLanguage\":\"ca\"},{\"@type\":\"WebPage\",\"@id\":\"https:\/\/www.psib-psoe.org\/eivissa\/el-psoe-denuncia-la-inaccio-de-vicent-mari-davant-el-caos-permanent-de-la-itv\/\",\"url\":\"https:\/\/www.psib-psoe.org\/eivissa\/el-psoe-denuncia-la-inaccio-de-vicent-mari-davant-el-caos-permanent-de-la-itv\/\",\"name\":\"El PSOE denuncia la inacci\u00f3 de Vicent Mar\u00ed davant el caos permanent de la ITV - Federaci\u00f3 Socialista d&#039;Eivissa\",\"isPartOf\":{\"@id\":\"https:\/\/www.psib-psoe.org\/eivissa\/#website\"},\"primaryImageOfPage\":{\"@id\":\"https:\/\/www.psib-psoe.org\/eivissa\/el-psoe-denuncia-la-inaccio-de-vicent-mari-davant-el-caos-permanent-de-la-itv\/#primaryimage\"},\"image\":{\"@id\":\"https:\/\/www.psib-psoe.org\/eivissa\/el-psoe-denuncia-la-inaccio-de-vicent-mari-davant-el-caos-permanent-de-la-itv\/#primaryimage\"},\"thumbnailUrl\":\"https:\/\/www.psib-psoe.org\/eivissa\/wp-content\/uploads\/ITV-mobil-scaled.jpg\",\"datePublished\":\"2025-12-05T12:21:37+00:00\",\"breadcrumb\":{\"@id\":\"https:\/\/www.psib-psoe.org\/eivissa\/el-psoe-denuncia-la-inaccio-de-vicent-mari-davant-el-caos-permanent-de-la-itv\/#breadcrumb\"},\"inLanguage\":\"ca\",\"potentialAction\":[{\"@type\":\"ReadAction\",\"target\":[\"https:\/\/www.psib-psoe.org\/eivissa\/el-psoe-denuncia-la-inaccio-de-vicent-mari-davant-el-caos-permanent-de-la-itv\/\"]}]},{\"@type\":\"ImageObject\",\"inLanguage\":\"ca\",\"@id\":\"https:\/\/www.psib-psoe.org\/eivissa\/el-psoe-denuncia-la-inaccio-de-vicent-mari-davant-el-caos-permanent-de-la-itv\/#primaryimage\",\"url\":\"https:\/\/www.psib-psoe.org\/eivissa\/wp-content\/uploads\/ITV-mobil-scaled.jpg\",\"contentUrl\":\"https:\/\/www.psib-psoe.org\/eivissa\/wp-content\/uploads\/ITV-mobil-scaled.jpg\",\"width\":2560,\"height\":1547},{\"@type\":\"BreadcrumbList\",\"@id\":\"https:\/\/www.psib-psoe.org\/eivissa\/el-psoe-denuncia-la-inaccio-de-vicent-mari-davant-el-caos-permanent-de-la-itv\/#breadcrumb\",\"itemListElement\":[{\"@type\":\"ListItem\",\"position\":1,\"name\":\"Inici\",\"item\":\"https:\/\/www.psib-psoe.org\/eivissa\/\"},{\"@type\":\"ListItem\",\"position\":2,\"name\":\"El PSOE denuncia la inacci\u00f3 de Vicent Mar\u00ed davant el caos permanent de la ITV\"}]},{\"@type\":\"WebSite\",\"@id\":\"https:\/\/www.psib-psoe.org\/eivissa\/#website\",\"url\":\"https:\/\/www.psib-psoe.org\/eivissa\/\",\"name\":\"Federaci\u00f3 Socialista d'Eivissa\",\"description\":\"Socialistes d&#039;Eivissa\",\"publisher\":{\"@id\":\"https:\/\/www.psib-psoe.org\/eivissa\/#organization\"},\"potentialAction\":[{\"@type\":\"SearchAction\",\"target\":{\"@type\":\"EntryPoint\",\"urlTemplate\":\"https:\/\/www.psib-psoe.org\/eivissa\/?s={search_term_string}\"},\"query-input\":{\"@type\":\"PropertyValueSpecification\",\"valueRequired\":true,\"valueName\":\"search_term_string\"}}],\"inLanguage\":\"ca\"},{\"@type\":\"Organization\",\"@id\":\"https:\/\/www.psib-psoe.org\/eivissa\/#organization\",\"name\":\"Federaci\u00f3 Socialista d'Eivissa\",\"url\":\"https:\/\/www.psib-psoe.org\/eivissa\/\",\"logo\":{\"@type\":\"ImageObject\",\"inLanguage\":\"ca\",\"@id\":\"https:\/\/www.psib-psoe.org\/eivissa\/#\/schema\/logo\/image\/\",\"url\":\"https:\/\/www.psib-psoe.org\/eivissa\/wp-content\/uploads\/LOGO-FSE-SOCIALISTA-DEIVISSA-HORI.png\",\"contentUrl\":\"https:\/\/www.psib-psoe.org\/eivissa\/wp-content\/uploads\/LOGO-FSE-SOCIALISTA-DEIVISSA-HORI.png\",\"width\":6000,\"height\":3104,\"caption\":\"Federaci\u00f3 Socialista d'Eivissa\"},\"image\":{\"@id\":\"https:\/\/www.psib-psoe.org\/eivissa\/#\/schema\/logo\/image\/\"}},{\"@type\":\"Person\",\"@id\":\"https:\/\/www.psib-psoe.org\/eivissa\/#\/schema\/person\/099ab3ef73a3645a1d7f303518e6ce24\",\"name\":\"adminpsib\",\"url\":\"https:\/\/www.psib-psoe.org\/eivissa\/author\/adminpsib\/\"}]}<\/script>\n<!-- \/ Yoast SEO plugin. -->","yoast_head_json":{"title":"El PSOE denuncia la inacci\u00f3 de Vicent Mar\u00ed davant el caos permanent de la ITV - Federaci\u00f3 Socialista d&#039;Eivissa","robots":{"index":"index","follow":"follow","max-snippet":"max-snippet:-1","max-image-preview":"max-image-preview:large","max-video-preview":"max-video-preview:-1"},"canonical":"https:\/\/www.psib-psoe.org\/eivissa\/el-psoe-denuncia-la-inaccio-de-vicent-mari-davant-el-caos-permanent-de-la-itv\/","og_locale":"ca_ES","og_type":"article","og_title":"El PSOE denuncia la inacci\u00f3 de Vicent Mar\u00ed davant el caos permanent de la ITV - Federaci\u00f3 Socialista d&#039;Eivissa","og_description":"El Grup PSOE del Consell Insular d\u2019Eivissa ha denunciat avui que, quatre mesos despr\u00e9s de destapar-se la trama de manipulaci\u00f3 del sistema de cites de la ITV, la situaci\u00f3 continua exactament igual i sense que el govern de Vicent Mar\u00ed hagi adoptat mesures efectives per posar-hi fi. El PSOE exigeix que el Consell Insular d\u2019Eivissa&hellip;","og_url":"https:\/\/www.psib-psoe.org\/eivissa\/el-psoe-denuncia-la-inaccio-de-vicent-mari-davant-el-caos-permanent-de-la-itv\/","og_site_name":"Federaci\u00f3 Socialista d&#039;Eivissa","article_published_time":"2025-12-05T12:21:37+00:00","og_image":[{"width":2560,"height":1547,"url":"https:\/\/www.psib-psoe.org\/eivissa\/wp-content\/uploads\/ITV-mobil-scaled.jpg","type":"image\/jpeg"}],"author":"adminpsib","twitter_card":"summary_large_image","twitter_misc":{"Escrit per":"adminpsib","Temps estimat de lectura":"2 minuts"},"schema":{"@context":"https:\/\/schema.org","@graph":[{"@type":["Article","BlogPosting"],"@id":"https:\/\/www.psib-psoe.org\/eivissa\/el-psoe-denuncia-la-inaccio-de-vicent-mari-davant-el-caos-permanent-de-la-itv\/#article","isPartOf":{"@id":"https:\/\/www.psib-psoe.org\/eivissa\/el-psoe-denuncia-la-inaccio-de-vicent-mari-davant-el-caos-permanent-de-la-itv\/"},"author":{"name":"adminpsib","@id":"https:\/\/www.psib-psoe.org\/eivissa\/#\/schema\/person\/099ab3ef73a3645a1d7f303518e6ce24"},"headline":"El PSOE denuncia la inacci\u00f3 de Vicent Mar\u00ed davant el caos permanent de la ITV","datePublished":"2025-12-05T12:21:37+00:00","mainEntityOfPage":{"@id":"https:\/\/www.psib-psoe.org\/eivissa\/el-psoe-denuncia-la-inaccio-de-vicent-mari-davant-el-caos-permanent-de-la-itv\/"},"wordCount":404,"publisher":{"@id":"https:\/\/www.psib-psoe.org\/eivissa\/#organization"},"image":{"@id":"https:\/\/www.psib-psoe.org\/eivissa\/el-psoe-denuncia-la-inaccio-de-vicent-mari-davant-el-caos-permanent-de-la-itv\/#primaryimage"},"thumbnailUrl":"https:\/\/www.psib-psoe.org\/eivissa\/wp-content\/uploads\/ITV-mobil-scaled.jpg","articleSection":["Consell d'Eivissa","Federaci\u00f3 d'Eivissa - Portada"],"inLanguage":"ca"},{"@type":"WebPage","@id":"https:\/\/www.psib-psoe.org\/eivissa\/el-psoe-denuncia-la-inaccio-de-vicent-mari-davant-el-caos-permanent-de-la-itv\/","url":"https:\/\/www.psib-psoe.org\/eivissa\/el-psoe-denuncia-la-inaccio-de-vicent-mari-davant-el-caos-permanent-de-la-itv\/","name":"El PSOE denuncia la inacci\u00f3 de Vicent Mar\u00ed davant el caos permanent de la ITV - Federaci\u00f3 Socialista d&#039;Eivissa","isPartOf":{"@id":"https:\/\/www.psib-psoe.org\/eivissa\/#website"},"primaryImageOfPage":{"@id":"https:\/\/www.psib-psoe.org\/eivissa\/el-psoe-denuncia-la-inaccio-de-vicent-mari-davant-el-caos-permanent-de-la-itv\/#primaryimage"},"image":{"@id":"https:\/\/www.psib-psoe.org\/eivissa\/el-psoe-denuncia-la-inaccio-de-vicent-mari-davant-el-caos-permanent-de-la-itv\/#primaryimage"},"thumbnailUrl":"https:\/\/www.psib-psoe.org\/eivissa\/wp-content\/uploads\/ITV-mobil-scaled.jpg","datePublished":"2025-12-05T12:21:37+00:00","breadcrumb":{"@id":"https:\/\/www.psib-psoe.org\/eivissa\/el-psoe-denuncia-la-inaccio-de-vicent-mari-davant-el-caos-permanent-de-la-itv\/#breadcrumb"},"inLanguage":"ca","potentialAction":[{"@type":"ReadAction","target":["https:\/\/www.psib-psoe.org\/eivissa\/el-psoe-denuncia-la-inaccio-de-vicent-mari-davant-el-caos-permanent-de-la-itv\/"]}]},{"@type":"ImageObject","inLanguage":"ca","@id":"https:\/\/www.psib-psoe.org\/eivissa\/el-psoe-denuncia-la-inaccio-de-vicent-mari-davant-el-caos-permanent-de-la-itv\/#primaryimage","url":"https:\/\/www.psib-psoe.org\/eivissa\/wp-content\/uploads\/ITV-mobil-scaled.jpg","contentUrl":"https:\/\/www.psib-psoe.org\/eivissa\/wp-content\/uploads\/ITV-mobil-scaled.jpg","width":2560,"height":1547},{"@type":"BreadcrumbList","@id":"https:\/\/www.psib-psoe.org\/eivissa\/el-psoe-denuncia-la-inaccio-de-vicent-mari-davant-el-caos-permanent-de-la-itv\/#breadcrumb","itemListElement":[{"@type":"ListItem","position":1,"name":"Inici","item":"https:\/\/www.psib-psoe.org\/eivissa\/"},{"@type":"ListItem","position":2,"name":"El PSOE denuncia la inacci\u00f3 de Vicent Mar\u00ed davant el caos permanent de la ITV"}]},{"@type":"WebSite","@id":"https:\/\/www.psib-psoe.org\/eivissa\/#website","url":"https:\/\/www.psib-psoe.org\/eivissa\/","name":"Federaci\u00f3 Socialista d'Eivissa","description":"Socialistes d&#039;Eivissa","publisher":{"@id":"https:\/\/www.psib-psoe.org\/eivissa\/#organization"},"potentialAction":[{"@type":"SearchAction","target":{"@type":"EntryPoint","urlTemplate":"https:\/\/www.psib-psoe.org\/eivissa\/?s={search_term_string}"},"query-input":{"@type":"PropertyValueSpecification","valueRequired":true,"valueName":"search_term_string"}}],"inLanguage":"ca"},{"@type":"Organization","@id":"https:\/\/www.psib-psoe.org\/eivissa\/#organization","name":"Federaci\u00f3 Socialista d'Eivissa","url":"https:\/\/www.psib-psoe.org\/eivissa\/","logo":{"@type":"ImageObject","inLanguage":"ca","@id":"https:\/\/www.psib-psoe.org\/eivissa\/#\/schema\/logo\/image\/","url":"https:\/\/www.psib-psoe.org\/eivissa\/wp-content\/uploads\/LOGO-FSE-SOCIALISTA-DEIVISSA-HORI.png","contentUrl":"https:\/\/www.psib-psoe.org\/eivissa\/wp-content\/uploads\/LOGO-FSE-SOCIALISTA-DEIVISSA-HORI.png","width":6000,"height":3104,"caption":"Federaci\u00f3 Socialista d'Eivissa"},"image":{"@id":"https:\/\/www.psib-psoe.org\/eivissa\/#\/schema\/logo\/image\/"}},{"@type":"Person","@id":"https:\/\/www.psib-psoe.org\/eivissa\/#\/schema\/person\/099ab3ef73a3645a1d7f303518e6ce24","name":"adminpsib","url":"https:\/\/www.psib-psoe.org\/eivissa\/author\/adminpsib\/"}]}},"_links":{"self":[{"href":"https:\/\/www.psib-psoe.org\/eivissa\/wp-json\/wp\/v2\/posts\/41623","targetHints":{"allow":["GET"]}}],"collection":[{"href":"https:\/\/www.psib-psoe.org\/eivissa\/wp-json\/wp\/v2\/posts"}],"about":[{"href":"https:\/\/www.psib-psoe.org\/eivissa\/wp-json\/wp\/v2\/types\/post"}],"author":[{"embeddable":true,"href":"https:\/\/www.psib-psoe.org\/eivissa\/wp-json\/wp\/v2\/users\/1"}],"replies":[{"embeddable":true,"href":"https:\/\/www.psib-psoe.org\/eivissa\/wp-json\/wp\/v2\/comments?post=41623"}],"version-history":[{"count":1,"href":"https:\/\/www.psib-psoe.org\/eivissa\/wp-json\/wp\/v2\/posts\/41623\/revisions"}],"predecessor-version":[{"id":41624,"href":"https:\/\/www.psib-psoe.org\/eivissa\/wp-json\/wp\/v2\/posts\/41623\/revisions\/41624"}],"wp:featuredmedia":[{"embeddable":true,"href":"https:\/\/www.psib-psoe.org\/eivissa\/wp-json\/wp\/v2\/media\/41221"}],"wp:attachment":[{"href":"https:\/\/www.psib-psoe.org\/eivissa\/wp-json\/wp\/v2\/media?parent=41623"}],"wp:term":[{"taxonomy":"category","embeddable":true,"href":"https:\/\/www.psib-psoe.org\/eivissa\/wp-json\/wp\/v2\/categories?post=41623"},{"taxonomy":"post_tag","embeddable":true,"href":"https:\/\/www.psib-psoe.org\/eivissa\/wp-json\/wp\/v2\/tags?post=41623"}],"curies":[{"name":"wp","href":"https:\/\/api.w.org\/{rel}","templated":true}]}}